{"id":18275,"date":"2025-08-25T10:25:02","date_gmt":"2025-08-25T08:25:02","guid":{"rendered":"https:\/\/radiolitoral.com\/?p=18275"},"modified":"2025-08-25T10:38:18","modified_gmt":"2025-08-25T08:38:18","slug":"veronica-martinez-el-moscatell-per-a-teulada-moraira-es-la-tradicio-cultura-i-historia-que-marquen-la-nostra-identitat","status":"publish","type":"post","link":"https:\/\/radiolitoral.com\/ca\/2025\/08\/veronica-martinez-el-moscatel-para-teulada-moraira-es-la-tradicion-cultura-e-historia-que-marcan-nuestra-identidad\/","title":{"rendered":"Ver\u00f3nica Mart\u00ednez: \u00abEl moscatell per a Teulada Moraira \u00e9s la tradici\u00f3, cultura i hist\u00f2ria que marquen la nostra identitat\u00bb"},"content":{"rendered":"<p>Aquest mat\u00ed, l&#039;aroma del caf\u00e8 es va barrejar amb la dol\u00e7or d&#039;un ra\u00efm de moscatell, el fruit daurat per excel\u00b7l\u00e8ncia, s\u00edmbol d&#039;identitat i orgull a Teulada Moraira. Aix\u00ed hem comen\u00e7at el dia, brindant amb gust i cultura per l\u00b4inici d\u00b4una celebraci\u00f3 molt especial: la <em>Festa del Moscatell<\/em> i la desena edici\u00f3 de <em>Curts del Moscatell<\/em>.<\/p>\n<p>En els nostres estudis hem tingut el plaer de rebre la regidora de Cultura i Turisme, <strong>Ver\u00f3nica Mart\u00ednez<\/strong>, ia l&#039;alcalde <strong>Ra\u00fal Llobell<\/strong>, els qui ens han compartit els detalls d&#039;aquesta edici\u00f3 tan significativa. Per primera vegada, l&#039;Ajuntament organitza directament la mostra, que es consolida com a festival qualificador oficial per als premis Goya.<\/p>\n<p><em>Curts del Moscatell<\/em>, que se celebra del 25 al 29 d&#039;agost, reuneix projeccions de curtmetratges, taules rodones amb cineastes de renom, i una esperada masterclass de l&#039;actor <strong>Fernando Cayo<\/strong>, qui tamb\u00e9 ser\u00e0 homenatjat a la gala de cloenda. I avui la inauguraci\u00f3 del festival comptar\u00e0 amb l&#039;actriu Vanesa Romero qui presentar\u00e0 el seu curt Sexe als 70<\/p>\n<p>El colof\u00f3 final el posar\u00e0 la <em>Festa del Moscatell<\/em>, una jornada que ret homenatge al ra\u00efm.<\/p>\n<p>Aquest dissabte des de primera hora del mat\u00ed, els ve\u00efns i visitants podran participar a la <strong>recollida de ra\u00efm<\/strong>, una activitat que connecta amb les arrels agr\u00edcoles de la comarca i d\u00f3na inici a un dia ple de propostes per a tots els p\u00fablics.<\/p>\n<p><strong>L&#039;Avinguda Las Palmas<\/strong> ser\u00e0 el cor de la festa, on es desplegar\u00e0 la <strong>Cavalcada del Moscatell<\/strong>, una desfilada plena de color, m\u00fasica i tradici\u00f3. Al llarg del dia, hi haur\u00e0 <strong>degustacions de vi<\/strong>, <strong>tapes t\u00edpiques<\/strong>, <strong>m\u00fasica en viu<\/strong>, <strong>tallers infantils<\/strong> i una animada <strong>fira<\/strong>.<\/p>\n<p>Una cita imprescindible per als que volen assaborir all\u00f2 aut\u00e8ntic.<\/p>\n<audio class=\"wp-audio-shortcode\" id=\"audio-18275-1\" preload=\"none\" style=\"width: 100%;\" controls=\"controls\"><source type=\"audio\/mpeg\" src=\"https:\/\/media.radiolitoral.com\/wp-content\/uploads\/2025\/08\/25102600\/CAFE_mezcla-8.mp3?_=1\" \/><a href=\"https:\/\/media.radiolitoral.com\/wp-content\/uploads\/2025\/08\/25102600\/CAFE_mezcla-8.mp3\">https:\/\/media.radiolitoral.com\/wp-content\/uploads\/2025\/08\/25102600\/CAFE_mezcla-8.mp3<\/a><\/audio>","protected":false},"excerpt":{"rendered":"<p>Esta ma\u00f1ana, el aroma del caf\u00e9 se mezcl\u00f3 con el dulzor de un racimo de uva moscatel, el fruto dorado por excelencia, s\u00edmbolo de identidad y orgullo en Teulada Moraira. As\u00ed hemos comenzado el d\u00eda, brindando con sabor y cultura por el inicio de una celebraci\u00f3n muy especial: la Fiesta del Moscatell y la d\u00e9cima [&#8230;]<\/p>\n<p><a class=\"btn btn-secondary understrap-read-more-link\" href=\"https:\/\/radiolitoral.com\/ca\/2025\/08\/veronica-martinez-el-moscatel-para-teulada-moraira-es-la-tradicion-cultura-e-historia-que-marcan-nuestra-identidad\/\">Continua llegint&#8230;<span class=\"screen-reader-text\"> from Ver\u00f3nica Mart\u00ednez: \u00abEl moscatel para Teulada Moraira es la tradici\u00f3n, cultura e historia que marcan nuestra identidad\u00bb<\/span><\/a><\/p>\n","protected":false},"author":13,"featured_media":18283,"comment_status":"open","ping_status":"closed","sticky":false,"template":"","format":"standard","meta":{"_acf_changed":false,"inline_featured_image":false,"footnotes":""},"categories":[55,2753],"tags":[4273,4878,4877,1282,146,2518],"class_list":["post-18275","post","type-post","status-publish","format-standard","has-post-thumbnail","hentry","category-cultura","category-entrevistas","tag-cortos","tag-curts-del-moscatell","tag-moscatel","tag-raul-llobell","tag-teulada","tag-veronica-martinez","cobertura-teulada-moraira"],"acf":[],"yoast_head":"<!-- This site is optimized with the Yoast SEO plugin v27.5 - https:\/\/yoast.com\/product\/yoast-seo-wordpress\/ -->\n<title>Ver\u00f3nica Mart\u00ednez: &quot;El moscatel para Teulada Moraira es la tradici\u00f3n, cultura e historia que marcan nuestra identidad&quot; | R\u00e0dio Litoral<\/title>\n<meta name=\"description\" content=\"La Fiesta del Moscatel y la d\u00e9cima edici\u00f3n de Curts del Moscatell homenajean el fruto teuladino Teulada Moraira para celebrar el fruto dorado: el moscatel con su festival de cortos y su fiesta donde, como cada a\u00f1o, es protagonista\" \/>\n<meta name=\"robots\" content=\"index, follow, max-snippet:-1, max-image-preview:large, max-video-preview:-1\" \/>\n<link rel=\"canonical\" href=\"https:\/\/radiolitoral.com\/ca\/2025\/08\/veronica-martinez-el-moscatell-per-a-teulada-moraira-es-la-tradicio-cultura-i-historia-que-marquen-la-nostra-identitat\/\" \/>\n<meta property=\"og:locale\" content=\"ca_ES\" \/>\n<meta property=\"og:type\" content=\"article\" \/>\n<meta property=\"og:title\" content=\"Ver\u00f3nica Mart\u00ednez: &quot;El moscatel para Teulada Moraira es la tradici\u00f3n, cultura e historia que marcan nuestra identidad&quot; | R\u00e0dio Litoral\" \/>\n<meta property=\"og:description\" content=\"La Fiesta del Moscatel y la d\u00e9cima edici\u00f3n de Curts del Moscatell homenajean el fruto teuladino Teulada Moraira para celebrar el fruto dorado: el moscatel con su festival de cortos y su fiesta donde, como cada a\u00f1o, es protagonista\" \/>\n<meta property=\"og:url\" content=\"https:\/\/radiolitoral.com\/ca\/2025\/08\/veronica-martinez-el-moscatell-per-a-teulada-moraira-es-la-tradicio-cultura-i-historia-que-marquen-la-nostra-identitat\/\" \/>\n<meta property=\"og:site_name\" content=\"R\u00e0dio Litoral\" \/>\n<meta property=\"article:publisher\" content=\"https:\/\/www.facebook.com\/Laradiolitoral\/\" \/>\n<meta property=\"article:published_time\" content=\"2025-08-25T08:25:02+00:00\" \/>\n<meta property=\"article:modified_time\" content=\"2025-08-25T08:38:18+00:00\" \/>\n<meta property=\"og:image\" content=\"https:\/\/media.radiolitoral.com\/wp-content\/uploads\/2025\/08\/25102844\/IMG_0187-scaled.jpg\" \/>\n\t<meta property=\"og:image:width\" content=\"2560\" \/>\n\t<meta property=\"og:image:height\" content=\"1920\" \/>\n\t<meta property=\"og:image:type\" content=\"image\/jpeg\" \/>\n<meta name=\"author\" content=\"Redacci\u00f3n\" \/>\n<meta name=\"twitter:card\" content=\"summary_large_image\" \/>\n<meta name=\"twitter:label1\" content=\"Escrit per\" \/>\n\t<meta name=\"twitter:data1\" content=\"Redacci\u00f3n\" \/>\n\t<meta name=\"twitter:label2\" content=\"Temps estimat de lectura\" \/>\n\t<meta name=\"twitter:data2\" content=\"2 minuts\" \/>\n<script type=\"application\/ld+json\" class=\"yoast-schema-graph\">{\"@context\":\"https:\\\/\\\/schema.org\",\"@graph\":[{\"@type\":\"NewsArticle\",\"@id\":\"https:\\\/\\\/radiolitoral.com\\\/2025\\\/08\\\/veronica-martinez-el-moscatel-para-teulada-moraira-es-la-tradicion-cultura-e-historia-que-marcan-nuestra-identidad\\\/#article\",\"isPartOf\":{\"@id\":\"https:\\\/\\\/radiolitoral.com\\\/2025\\\/08\\\/veronica-martinez-el-moscatel-para-teulada-moraira-es-la-tradicion-cultura-e-historia-que-marcan-nuestra-identidad\\\/\"},\"author\":{\"name\":\"Redacci\u00f3n\",\"@id\":\"https:\\\/\\\/radiolitoral.com\\\/#\\\/schema\\\/person\\\/f2b2343c49b5d721857cc1002bfdb151\"},\"headline\":\"Ver\u00f3nica Mart\u00ednez: \u00abEl moscatel para Teulada Moraira es la tradici\u00f3n, cultura e historia que marcan nuestra identidad\u00bb\",\"datePublished\":\"2025-08-25T08:25:02+00:00\",\"dateModified\":\"2025-08-25T08:38:18+00:00\",\"mainEntityOfPage\":{\"@id\":\"https:\\\/\\\/radiolitoral.com\\\/2025\\\/08\\\/veronica-martinez-el-moscatel-para-teulada-moraira-es-la-tradicion-cultura-e-historia-que-marcan-nuestra-identidad\\\/\"},\"wordCount\":342,\"commentCount\":0,\"publisher\":{\"@id\":\"https:\\\/\\\/radiolitoral.com\\\/#organization\"},\"image\":{\"@id\":\"https:\\\/\\\/radiolitoral.com\\\/2025\\\/08\\\/veronica-martinez-el-moscatel-para-teulada-moraira-es-la-tradicion-cultura-e-historia-que-marcan-nuestra-identidad\\\/#primaryimage\"},\"thumbnailUrl\":\"https:\\\/\\\/media.radiolitoral.com\\\/wp-content\\\/uploads\\\/2025\\\/08\\\/25102844\\\/IMG_0187-scaled.jpg\",\"keywords\":[\"cortos\",\"curts del moscatell\",\"moscatel\",\"Ra\u00fal Llobell\",\"Teulada\",\"Ver\u00f3nica Mart\u00ednez\"],\"articleSection\":[\"Cultura\",\"Entrevistas\"],\"inLanguage\":\"ca\",\"potentialAction\":[{\"@type\":\"CommentAction\",\"name\":\"Comment\",\"target\":[\"https:\\\/\\\/radiolitoral.com\\\/2025\\\/08\\\/veronica-martinez-el-moscatel-para-teulada-moraira-es-la-tradicion-cultura-e-historia-que-marcan-nuestra-identidad\\\/#respond\"]}]},{\"@type\":[\"WebPage\",\"ItemPage\"],\"@id\":\"https:\\\/\\\/radiolitoral.com\\\/2025\\\/08\\\/veronica-martinez-el-moscatel-para-teulada-moraira-es-la-tradicion-cultura-e-historia-que-marcan-nuestra-identidad\\\/\",\"url\":\"https:\\\/\\\/radiolitoral.com\\\/2025\\\/08\\\/veronica-martinez-el-moscatel-para-teulada-moraira-es-la-tradicion-cultura-e-historia-que-marcan-nuestra-identidad\\\/\",\"name\":\"Ver\u00f3nica Mart\u00ednez: \\\"El moscatel para Teulada Moraira es la tradici\u00f3n, cultura e historia que marcan nuestra identidad\\\" | R\u00e0dio Litoral\",\"isPartOf\":{\"@id\":\"https:\\\/\\\/radiolitoral.com\\\/#website\"},\"primaryImageOfPage\":{\"@id\":\"https:\\\/\\\/radiolitoral.com\\\/2025\\\/08\\\/veronica-martinez-el-moscatel-para-teulada-moraira-es-la-tradicion-cultura-e-historia-que-marcan-nuestra-identidad\\\/#primaryimage\"},\"image\":{\"@id\":\"https:\\\/\\\/radiolitoral.com\\\/2025\\\/08\\\/veronica-martinez-el-moscatel-para-teulada-moraira-es-la-tradicion-cultura-e-historia-que-marcan-nuestra-identidad\\\/#primaryimage\"},\"thumbnailUrl\":\"https:\\\/\\\/media.radiolitoral.com\\\/wp-content\\\/uploads\\\/2025\\\/08\\\/25102844\\\/IMG_0187-scaled.jpg\",\"datePublished\":\"2025-08-25T08:25:02+00:00\",\"dateModified\":\"2025-08-25T08:38:18+00:00\",\"description\":\"La Fiesta del Moscatel y la d\u00e9cima edici\u00f3n de Curts del Moscatell homenajean el fruto teuladino Teulada Moraira para celebrar el fruto dorado: el moscatel con su festival de cortos y su fiesta donde, como cada a\u00f1o, es protagonista\",\"breadcrumb\":{\"@id\":\"https:\\\/\\\/radiolitoral.com\\\/2025\\\/08\\\/veronica-martinez-el-moscatel-para-teulada-moraira-es-la-tradicion-cultura-e-historia-que-marcan-nuestra-identidad\\\/#breadcrumb\"},\"inLanguage\":\"ca\",\"potentialAction\":[{\"@type\":\"ReadAction\",\"target\":[\"https:\\\/\\\/radiolitoral.com\\\/2025\\\/08\\\/veronica-martinez-el-moscatel-para-teulada-moraira-es-la-tradicion-cultura-e-historia-que-marcan-nuestra-identidad\\\/\"]}]},{\"@type\":\"ImageObject\",\"inLanguage\":\"ca\",\"@id\":\"https:\\\/\\\/radiolitoral.com\\\/2025\\\/08\\\/veronica-martinez-el-moscatel-para-teulada-moraira-es-la-tradicion-cultura-e-historia-que-marcan-nuestra-identidad\\\/#primaryimage\",\"url\":\"https:\\\/\\\/media.radiolitoral.com\\\/wp-content\\\/uploads\\\/2025\\\/08\\\/25102844\\\/IMG_0187-scaled.jpg\",\"contentUrl\":\"https:\\\/\\\/media.radiolitoral.com\\\/wp-content\\\/uploads\\\/2025\\\/08\\\/25102844\\\/IMG_0187-scaled.jpg\",\"width\":2560,\"height\":1920},{\"@type\":\"BreadcrumbList\",\"@id\":\"https:\\\/\\\/radiolitoral.com\\\/2025\\\/08\\\/veronica-martinez-el-moscatel-para-teulada-moraira-es-la-tradicion-cultura-e-historia-que-marcan-nuestra-identidad\\\/#breadcrumb\",\"itemListElement\":[{\"@type\":\"ListItem\",\"position\":1,\"name\":\"Portada\",\"item\":\"https:\\\/\\\/radiolitoral.com\\\/\"},{\"@type\":\"ListItem\",\"position\":2,\"name\":\"Ver\u00f3nica Mart\u00ednez: \u00abEl moscatel para Teulada Moraira es la tradici\u00f3n, cultura e historia que marcan nuestra identidad\u00bb\"}]},{\"@type\":\"WebSite\",\"@id\":\"https:\\\/\\\/radiolitoral.com\\\/#website\",\"url\":\"https:\\\/\\\/radiolitoral.com\\\/\",\"name\":\"Radio Litoral\",\"description\":\"La radio local de la Marina Alta\",\"publisher\":{\"@id\":\"https:\\\/\\\/radiolitoral.com\\\/#organization\"},\"alternateName\":\"Litoral FM\",\"potentialAction\":[{\"@type\":\"SearchAction\",\"target\":{\"@type\":\"EntryPoint\",\"urlTemplate\":\"https:\\\/\\\/radiolitoral.com\\\/?s={search_term_string}\"},\"query-input\":{\"@type\":\"PropertyValueSpecification\",\"valueRequired\":true,\"valueName\":\"search_term_string\"}}],\"inLanguage\":\"ca\"},{\"@type\":\"Organization\",\"@id\":\"https:\\\/\\\/radiolitoral.com\\\/#organization\",\"name\":\"Radio Litoral\",\"url\":\"https:\\\/\\\/radiolitoral.com\\\/\",\"logo\":{\"@type\":\"ImageObject\",\"inLanguage\":\"ca\",\"@id\":\"https:\\\/\\\/radiolitoral.com\\\/#\\\/schema\\\/logo\\\/image\\\/\",\"url\":\"https:\\\/\\\/media.radiolitoral.com\\\/wp-content\\\/uploads\\\/2023\\\/02\\\/24143238\\\/CL-V-RadioLitoral696.png\",\"contentUrl\":\"https:\\\/\\\/media.radiolitoral.com\\\/wp-content\\\/uploads\\\/2023\\\/02\\\/24143238\\\/CL-V-RadioLitoral696.png\",\"width\":696,\"height\":696,\"caption\":\"Radio Litoral\"},\"image\":{\"@id\":\"https:\\\/\\\/radiolitoral.com\\\/#\\\/schema\\\/logo\\\/image\\\/\"},\"sameAs\":[\"https:\\\/\\\/www.facebook.com\\\/Laradiolitoral\\\/\"]},{\"@type\":\"Person\",\"@id\":\"https:\\\/\\\/radiolitoral.com\\\/#\\\/schema\\\/person\\\/f2b2343c49b5d721857cc1002bfdb151\",\"name\":\"Redacci\u00f3n\",\"image\":{\"@type\":\"ImageObject\",\"inLanguage\":\"ca\",\"@id\":\"https:\\\/\\\/secure.gravatar.com\\\/avatar\\\/f771d896c203ad8b3382d7905cfcce5a5c9b008b84b3cd9114e9b9f4cb63f789?s=96&d=mm&r=g\",\"url\":\"https:\\\/\\\/secure.gravatar.com\\\/avatar\\\/f771d896c203ad8b3382d7905cfcce5a5c9b008b84b3cd9114e9b9f4cb63f789?s=96&d=mm&r=g\",\"contentUrl\":\"https:\\\/\\\/secure.gravatar.com\\\/avatar\\\/f771d896c203ad8b3382d7905cfcce5a5c9b008b84b3cd9114e9b9f4cb63f789?s=96&d=mm&r=g\",\"caption\":\"Redacci\u00f3n\"},\"url\":\"https:\\\/\\\/radiolitoral.com\\\/ca\\\/author\\\/miriam-pagan\\\/\"}]}<\/script>\n<!-- \/ Yoast SEO plugin. -->","yoast_head_json":{"title":"Ver\u00f3nica Mart\u00ednez: &quot;El moscatell per a Teulada Moraira \u00e9s la tradici\u00f3, cultura i hist\u00f2ria que marquen la nostra identitat&quot; | R\u00e0dio Litoral","description":"La Festa del Moscatell i la desena edici\u00f3 de Curts del Moscatell homenatgen el fruit telad\u00ed Teulada Moraira per celebrar el fruit daurat: el moscatell amb el seu festival de curts i la seva festa on, com cada any, \u00e9s protagonista","robots":{"index":"index","follow":"follow","max-snippet":"max-snippet:-1","max-image-preview":"max-image-preview:large","max-video-preview":"max-video-preview:-1"},"canonical":"https:\/\/radiolitoral.com\/ca\/2025\/08\/veronica-martinez-el-moscatell-per-a-teulada-moraira-es-la-tradicio-cultura-i-historia-que-marquen-la-nostra-identitat\/","og_locale":"ca_ES","og_type":"article","og_title":"Ver\u00f3nica Mart\u00ednez: \"El moscatel para Teulada Moraira es la tradici\u00f3n, cultura e historia que marcan nuestra identidad\" | R\u00e0dio Litoral","og_description":"La Fiesta del Moscatel y la d\u00e9cima edici\u00f3n de Curts del Moscatell homenajean el fruto teuladino Teulada Moraira para celebrar el fruto dorado: el moscatel con su festival de cortos y su fiesta donde, como cada a\u00f1o, es protagonista","og_url":"https:\/\/radiolitoral.com\/ca\/2025\/08\/veronica-martinez-el-moscatell-per-a-teulada-moraira-es-la-tradicio-cultura-i-historia-que-marquen-la-nostra-identitat\/","og_site_name":"R\u00e0dio Litoral","article_publisher":"https:\/\/www.facebook.com\/Laradiolitoral\/","article_published_time":"2025-08-25T08:25:02+00:00","article_modified_time":"2025-08-25T08:38:18+00:00","og_image":[{"width":2560,"height":1920,"url":"https:\/\/media.radiolitoral.com\/wp-content\/uploads\/2025\/08\/25102844\/IMG_0187-scaled.jpg","type":"image\/jpeg"}],"author":"Redacci\u00f3n","twitter_card":"summary_large_image","twitter_misc":{"Escrit per":"Redacci\u00f3n","Temps estimat de lectura":"2 minuts"},"schema":{"@context":"https:\/\/schema.org","@graph":[{"@type":"NewsArticle","@id":"https:\/\/radiolitoral.com\/2025\/08\/veronica-martinez-el-moscatel-para-teulada-moraira-es-la-tradicion-cultura-e-historia-que-marcan-nuestra-identidad\/#article","isPartOf":{"@id":"https:\/\/radiolitoral.com\/2025\/08\/veronica-martinez-el-moscatel-para-teulada-moraira-es-la-tradicion-cultura-e-historia-que-marcan-nuestra-identidad\/"},"author":{"name":"Redacci\u00f3n","@id":"https:\/\/radiolitoral.com\/#\/schema\/person\/f2b2343c49b5d721857cc1002bfdb151"},"headline":"Ver\u00f3nica Mart\u00ednez: \u00abEl moscatel para Teulada Moraira es la tradici\u00f3n, cultura e historia que marcan nuestra identidad\u00bb","datePublished":"2025-08-25T08:25:02+00:00","dateModified":"2025-08-25T08:38:18+00:00","mainEntityOfPage":{"@id":"https:\/\/radiolitoral.com\/2025\/08\/veronica-martinez-el-moscatel-para-teulada-moraira-es-la-tradicion-cultura-e-historia-que-marcan-nuestra-identidad\/"},"wordCount":342,"commentCount":0,"publisher":{"@id":"https:\/\/radiolitoral.com\/#organization"},"image":{"@id":"https:\/\/radiolitoral.com\/2025\/08\/veronica-martinez-el-moscatel-para-teulada-moraira-es-la-tradicion-cultura-e-historia-que-marcan-nuestra-identidad\/#primaryimage"},"thumbnailUrl":"https:\/\/media.radiolitoral.com\/wp-content\/uploads\/2025\/08\/25102844\/IMG_0187-scaled.jpg","keywords":["cortos","curts del moscatell","moscatel","Ra\u00fal Llobell","Teulada","Ver\u00f3nica Mart\u00ednez"],"articleSection":["Cultura","Entrevistas"],"inLanguage":"ca","potentialAction":[{"@type":"CommentAction","name":"Comment","target":["https:\/\/radiolitoral.com\/2025\/08\/veronica-martinez-el-moscatel-para-teulada-moraira-es-la-tradicion-cultura-e-historia-que-marcan-nuestra-identidad\/#respond"]}]},{"@type":["WebPage","ItemPage"],"@id":"https:\/\/radiolitoral.com\/2025\/08\/veronica-martinez-el-moscatel-para-teulada-moraira-es-la-tradicion-cultura-e-historia-que-marcan-nuestra-identidad\/","url":"https:\/\/radiolitoral.com\/2025\/08\/veronica-martinez-el-moscatel-para-teulada-moraira-es-la-tradicion-cultura-e-historia-que-marcan-nuestra-identidad\/","name":"Ver\u00f3nica Mart\u00ednez: &quot;El moscatell per a Teulada Moraira \u00e9s la tradici\u00f3, cultura i hist\u00f2ria que marquen la nostra identitat&quot; | R\u00e0dio Litoral","isPartOf":{"@id":"https:\/\/radiolitoral.com\/#website"},"primaryImageOfPage":{"@id":"https:\/\/radiolitoral.com\/2025\/08\/veronica-martinez-el-moscatel-para-teulada-moraira-es-la-tradicion-cultura-e-historia-que-marcan-nuestra-identidad\/#primaryimage"},"image":{"@id":"https:\/\/radiolitoral.com\/2025\/08\/veronica-martinez-el-moscatel-para-teulada-moraira-es-la-tradicion-cultura-e-historia-que-marcan-nuestra-identidad\/#primaryimage"},"thumbnailUrl":"https:\/\/media.radiolitoral.com\/wp-content\/uploads\/2025\/08\/25102844\/IMG_0187-scaled.jpg","datePublished":"2025-08-25T08:25:02+00:00","dateModified":"2025-08-25T08:38:18+00:00","description":"La Festa del Moscatell i la desena edici\u00f3 de Curts del Moscatell homenatgen el fruit telad\u00ed Teulada Moraira per celebrar el fruit daurat: el moscatell amb el seu festival de curts i la seva festa on, com cada any, \u00e9s protagonista","breadcrumb":{"@id":"https:\/\/radiolitoral.com\/2025\/08\/veronica-martinez-el-moscatel-para-teulada-moraira-es-la-tradicion-cultura-e-historia-que-marcan-nuestra-identidad\/#breadcrumb"},"inLanguage":"ca","potentialAction":[{"@type":"ReadAction","target":["https:\/\/radiolitoral.com\/2025\/08\/veronica-martinez-el-moscatel-para-teulada-moraira-es-la-tradicion-cultura-e-historia-que-marcan-nuestra-identidad\/"]}]},{"@type":"ImageObject","inLanguage":"ca","@id":"https:\/\/radiolitoral.com\/2025\/08\/veronica-martinez-el-moscatel-para-teulada-moraira-es-la-tradicion-cultura-e-historia-que-marcan-nuestra-identidad\/#primaryimage","url":"https:\/\/media.radiolitoral.com\/wp-content\/uploads\/2025\/08\/25102844\/IMG_0187-scaled.jpg","contentUrl":"https:\/\/media.radiolitoral.com\/wp-content\/uploads\/2025\/08\/25102844\/IMG_0187-scaled.jpg","width":2560,"height":1920},{"@type":"BreadcrumbList","@id":"https:\/\/radiolitoral.com\/2025\/08\/veronica-martinez-el-moscatel-para-teulada-moraira-es-la-tradicion-cultura-e-historia-que-marcan-nuestra-identidad\/#breadcrumb","itemListElement":[{"@type":"ListItem","position":1,"name":"Portada","item":"https:\/\/radiolitoral.com\/"},{"@type":"ListItem","position":2,"name":"Ver\u00f3nica Mart\u00ednez: \u00abEl moscatel para Teulada Moraira es la tradici\u00f3n, cultura e historia que marcan nuestra identidad\u00bb"}]},{"@type":"WebSite","@id":"https:\/\/radiolitoral.com\/#website","url":"https:\/\/radiolitoral.com\/","name":"R\u00e0dio Litoral","description":"La r\u00e0dio local de la Marina Alta","publisher":{"@id":"https:\/\/radiolitoral.com\/#organization"},"alternateName":"Litoral FM","potentialAction":[{"@type":"SearchAction","target":{"@type":"EntryPoint","urlTemplate":"https:\/\/radiolitoral.com\/?s={search_term_string}"},"query-input":{"@type":"PropertyValueSpecification","valueRequired":true,"valueName":"search_term_string"}}],"inLanguage":"ca"},{"@type":"Organization","@id":"https:\/\/radiolitoral.com\/#organization","name":"R\u00e0dio Litoral","url":"https:\/\/radiolitoral.com\/","logo":{"@type":"ImageObject","inLanguage":"ca","@id":"https:\/\/radiolitoral.com\/#\/schema\/logo\/image\/","url":"https:\/\/media.radiolitoral.com\/wp-content\/uploads\/2023\/02\/24143238\/CL-V-RadioLitoral696.png","contentUrl":"https:\/\/media.radiolitoral.com\/wp-content\/uploads\/2023\/02\/24143238\/CL-V-RadioLitoral696.png","width":696,"height":696,"caption":"Radio Litoral"},"image":{"@id":"https:\/\/radiolitoral.com\/#\/schema\/logo\/image\/"},"sameAs":["https:\/\/www.facebook.com\/Laradiolitoral\/"]},{"@type":"Person","@id":"https:\/\/radiolitoral.com\/#\/schema\/person\/f2b2343c49b5d721857cc1002bfdb151","name":"Redacci\u00f3","image":{"@type":"ImageObject","inLanguage":"ca","@id":"https:\/\/secure.gravatar.com\/avatar\/f771d896c203ad8b3382d7905cfcce5a5c9b008b84b3cd9114e9b9f4cb63f789?s=96&d=mm&r=g","url":"https:\/\/secure.gravatar.com\/avatar\/f771d896c203ad8b3382d7905cfcce5a5c9b008b84b3cd9114e9b9f4cb63f789?s=96&d=mm&r=g","contentUrl":"https:\/\/secure.gravatar.com\/avatar\/f771d896c203ad8b3382d7905cfcce5a5c9b008b84b3cd9114e9b9f4cb63f789?s=96&d=mm&r=g","caption":"Redacci\u00f3n"},"url":"https:\/\/radiolitoral.com\/ca\/author\/miriam-pagan\/"}]}},"_links":{"self":[{"href":"https:\/\/radiolitoral.com\/ca\/wp-json\/wp\/v2\/posts\/18275","targetHints":{"allow":["GET"]}}],"collection":[{"href":"https:\/\/radiolitoral.com\/ca\/wp-json\/wp\/v2\/posts"}],"about":[{"href":"https:\/\/radiolitoral.com\/ca\/wp-json\/wp\/v2\/types\/post"}],"author":[{"embeddable":true,"href":"https:\/\/radiolitoral.com\/ca\/wp-json\/wp\/v2\/users\/13"}],"replies":[{"embeddable":true,"href":"https:\/\/radiolitoral.com\/ca\/wp-json\/wp\/v2\/comments?post=18275"}],"version-history":[{"count":6,"href":"https:\/\/radiolitoral.com\/ca\/wp-json\/wp\/v2\/posts\/18275\/revisions"}],"predecessor-version":[{"id":18286,"href":"https:\/\/radiolitoral.com\/ca\/wp-json\/wp\/v2\/posts\/18275\/revisions\/18286"}],"wp:featuredmedia":[{"embeddable":true,"href":"https:\/\/radiolitoral.com\/ca\/wp-json\/wp\/v2\/media\/18283"}],"wp:attachment":[{"href":"https:\/\/radiolitoral.com\/ca\/wp-json\/wp\/v2\/media?parent=18275"}],"wp:term":[{"taxonomy":"category","embeddable":true,"href":"https:\/\/radiolitoral.com\/ca\/wp-json\/wp\/v2\/categories?post=18275"},{"taxonomy":"post_tag","embeddable":true,"href":"https:\/\/radiolitoral.com\/ca\/wp-json\/wp\/v2\/tags?post=18275"}],"curies":[{"name":"wp","href":"https:\/\/api.w.org\/{rel}","templated":true}]}}