{"id":1825,"date":"2023-03-30T15:17:11","date_gmt":"2023-03-30T13:17:11","guid":{"rendered":"https:\/\/radiolitoral.com\/?p=1825"},"modified":"2023-03-30T15:20:12","modified_gmt":"2023-03-30T13:20:12","slug":"ampliar-el-centre-dalzheimer-i-eliminar-limpost-de-successions-les-promeses-del-president-del-pp-per-a-teulada","status":"publish","type":"post","link":"https:\/\/radiolitoral.com\/ca\/2023\/03\/ampliar-el-centro-de-alzheimer-y-eliminar-el-impuesto-de-sucesiones-las-promesas-del-presidente-del-pp-para-teulada\/","title":{"rendered":"Ampliar el centre Alzheimer i eliminar l&#039;impost successions, promeses del president PP per a Teulada"},"content":{"rendered":"<p>Ahir a la tarda el <strong>president del PPCV i candidat a la Generalitat, Carlos Maz\u00f3n, va mantenir una trobada amb els m\u00e9s grans de Teulada<\/strong>. All\u00ed, el l\u00edder popular, s&#039;ha comprom\u00e8s a <strong>ampliar i millorar el centre d&#039;Alzheimer<\/strong> de la localitat si aconseguix la presid\u00e8ncia del Consell.<\/p>\n<p>L&#039;alcalde de Teulada i candidat popular a revalidar aquest c\u00e0rrec, Ra\u00fal Llobell, va acompanyar Maz\u00f3n durant aquesta trobada amb gent gran. Una convocat\u00f2ria en qu\u00e8, el tamb\u00e9 president de la Diputaci\u00f3, va assegurar que des de la Generalitat <strong>eliminar\u00e0 l&#039;impost de successions<\/strong>, executar\u00e0 el projecte pendent per a la reparaci\u00f3 de la coberta del CEIP Cap d&#039;Or i construir\u00e0 la canalitzaci\u00f3 del barranc al nucli urb\u00e0 de Moraira.<\/p>\n<p><strong>President del PPCV i candidat a la Generalitat, Carlos Maz\u00f3n:<\/strong><\/p>\n<audio class=\"wp-audio-shortcode\" id=\"audio-1825-1\" preload=\"none\" style=\"width: 100%;\" controls=\"controls\"><source type=\"audio\/mpeg\" src=\"https:\/\/media.radiolitoral.com\/wp-content\/uploads\/2023\/03\/30151245\/Carlos-Mazon-1.mp3?_=1\" \/><a href=\"https:\/\/media.radiolitoral.com\/wp-content\/uploads\/2023\/03\/30151245\/Carlos-Mazon-1.mp3\">https:\/\/media.radiolitoral.com\/wp-content\/uploads\/2023\/03\/30151245\/Carlos-Mazon-1.mp3<\/a><\/audio>","protected":false},"excerpt":{"rendered":"<p>En la tarde de ayer el presidente del PPCV y candidato a la Generalitat, Carlos Maz\u00f3n, mantuvo un encuentro con los m\u00e1s mayores de Teulada. All\u00ed, el l\u00edder popular, se ha comprometido a ampliar y mejorar el centro de Alzheimer de la localidad si alcanza la presidencia del Consell. El alcalde de Teulada y candidato [&#8230;]<\/p>\n<p><a class=\"btn btn-secondary understrap-read-more-link\" href=\"https:\/\/radiolitoral.com\/ca\/2023\/03\/ampliar-el-centro-de-alzheimer-y-eliminar-el-impuesto-de-sucesiones-las-promesas-del-presidente-del-pp-para-teulada\/\">Continua llegint&#8230;<span class=\"screen-reader-text\"> from Ampliar el centro Alzheimer y eliminar el impuesto sucesiones, promesas del presidente PP para Teulada<\/span><\/a><\/p>\n","protected":false},"author":13,"featured_media":1827,"comment_status":"open","ping_status":"closed","sticky":false,"template":"","format":"standard","meta":{"_acf_changed":false,"inline_featured_image":false,"footnotes":""},"categories":[13],"tags":[161,390,387,389,388],"class_list":["post-1825","post","type-post","status-publish","format-standard","has-post-thumbnail","hentry","category-politica","tag-elecciones-2023","tag-impuesto-sucesiones","tag-pp-teulada","tag-presidente-pp","tag-proyectos-teulada","cobertura-teulada-moraira"],"acf":[],"yoast_head":"<!-- This site is optimized with the Yoast SEO plugin v27.5 - https:\/\/yoast.com\/product\/yoast-seo-wordpress\/ -->\n<title>Ampliar el centro Alzheimer y eliminar el impuesto sucesiones, promesas del presidente PP para Teulada | R\u00e0dio Litoral<\/title>\n<meta name=\"description\" content=\"Ayer, en su visita a Teulada, se reuni\u00f3 con el alcalde y los mayores\" \/>\n<meta name=\"robots\" content=\"index, follow, max-snippet:-1, max-image-preview:large, max-video-preview:-1\" \/>\n<link rel=\"canonical\" href=\"https:\/\/radiolitoral.com\/ca\/2023\/03\/ampliar-el-centre-dalzheimer-i-eliminar-limpost-de-successions-les-promeses-del-president-del-pp-per-a-teulada\/\" \/>\n<meta property=\"og:locale\" content=\"ca_ES\" \/>\n<meta property=\"og:type\" content=\"article\" \/>\n<meta property=\"og:title\" content=\"Ampliar el centro Alzheimer y eliminar el impuesto sucesiones, promesas del presidente PP para Teulada | R\u00e0dio Litoral\" \/>\n<meta property=\"og:description\" content=\"Ayer, en su visita a Teulada, se reuni\u00f3 con el alcalde y los mayores\" \/>\n<meta property=\"og:url\" content=\"https:\/\/radiolitoral.com\/ca\/2023\/03\/ampliar-el-centre-dalzheimer-i-eliminar-limpost-de-successions-les-promeses-del-president-del-pp-per-a-teulada\/\" \/>\n<meta property=\"og:site_name\" content=\"R\u00e0dio Litoral\" \/>\n<meta property=\"article:publisher\" content=\"https:\/\/www.facebook.com\/Laradiolitoral\/\" \/>\n<meta property=\"article:published_time\" content=\"2023-03-30T13:17:11+00:00\" \/>\n<meta property=\"article:modified_time\" content=\"2023-03-30T13:20:12+00:00\" \/>\n<meta property=\"og:image\" content=\"https:\/\/media.radiolitoral.com\/wp-content\/uploads\/2023\/03\/30151705\/Foto-1-1-647x490-1.jpeg\" \/>\n\t<meta property=\"og:image:width\" content=\"647\" \/>\n\t<meta property=\"og:image:height\" content=\"490\" \/>\n\t<meta property=\"og:image:type\" content=\"image\/jpeg\" \/>\n<meta name=\"author\" content=\"Redacci\u00f3n\" \/>\n<meta name=\"twitter:card\" content=\"summary_large_image\" \/>\n<meta name=\"twitter:label1\" content=\"Escrit per\" \/>\n\t<meta name=\"twitter:data1\" content=\"Redacci\u00f3n\" \/>\n\t<meta name=\"twitter:label2\" content=\"Temps estimat de lectura\" \/>\n\t<meta name=\"twitter:data2\" content=\"1 minut\" \/>\n<script type=\"application\/ld+json\" class=\"yoast-schema-graph\">{\"@context\":\"https:\\\/\\\/schema.org\",\"@graph\":[{\"@type\":\"NewsArticle\",\"@id\":\"https:\\\/\\\/radiolitoral.com\\\/2023\\\/03\\\/ampliar-el-centro-de-alzheimer-y-eliminar-el-impuesto-de-sucesiones-las-promesas-del-presidente-del-pp-para-teulada\\\/#article\",\"isPartOf\":{\"@id\":\"https:\\\/\\\/radiolitoral.com\\\/2023\\\/03\\\/ampliar-el-centro-de-alzheimer-y-eliminar-el-impuesto-de-sucesiones-las-promesas-del-presidente-del-pp-para-teulada\\\/\"},\"author\":{\"name\":\"Redacci\u00f3n\",\"@id\":\"https:\\\/\\\/radiolitoral.com\\\/#\\\/schema\\\/person\\\/f2b2343c49b5d721857cc1002bfdb151\"},\"headline\":\"Ampliar el centro Alzheimer y eliminar el impuesto sucesiones, promesas del presidente PP para Teulada\",\"datePublished\":\"2023-03-30T13:17:11+00:00\",\"dateModified\":\"2023-03-30T13:20:12+00:00\",\"mainEntityOfPage\":{\"@id\":\"https:\\\/\\\/radiolitoral.com\\\/2023\\\/03\\\/ampliar-el-centro-de-alzheimer-y-eliminar-el-impuesto-de-sucesiones-las-promesas-del-presidente-del-pp-para-teulada\\\/\"},\"wordCount\":162,\"commentCount\":0,\"publisher\":{\"@id\":\"https:\\\/\\\/radiolitoral.com\\\/#organization\"},\"image\":{\"@id\":\"https:\\\/\\\/radiolitoral.com\\\/2023\\\/03\\\/ampliar-el-centro-de-alzheimer-y-eliminar-el-impuesto-de-sucesiones-las-promesas-del-presidente-del-pp-para-teulada\\\/#primaryimage\"},\"thumbnailUrl\":\"https:\\\/\\\/media.radiolitoral.com\\\/wp-content\\\/uploads\\\/2023\\\/03\\\/30151705\\\/Foto-1-1-647x490-1.jpeg\",\"keywords\":[\"elecciones 2023\",\"impuesto sucesiones\",\"PP Teulada\",\"Presidente PP\",\"proyectos Teulada\"],\"articleSection\":[\"Pol\u00edtica\"],\"inLanguage\":\"ca\",\"potentialAction\":[{\"@type\":\"CommentAction\",\"name\":\"Comment\",\"target\":[\"https:\\\/\\\/radiolitoral.com\\\/2023\\\/03\\\/ampliar-el-centro-de-alzheimer-y-eliminar-el-impuesto-de-sucesiones-las-promesas-del-presidente-del-pp-para-teulada\\\/#respond\"]}]},{\"@type\":[\"WebPage\",\"ItemPage\"],\"@id\":\"https:\\\/\\\/radiolitoral.com\\\/2023\\\/03\\\/ampliar-el-centro-de-alzheimer-y-eliminar-el-impuesto-de-sucesiones-las-promesas-del-presidente-del-pp-para-teulada\\\/\",\"url\":\"https:\\\/\\\/radiolitoral.com\\\/2023\\\/03\\\/ampliar-el-centro-de-alzheimer-y-eliminar-el-impuesto-de-sucesiones-las-promesas-del-presidente-del-pp-para-teulada\\\/\",\"name\":\"Ampliar el centro Alzheimer y eliminar el impuesto sucesiones, promesas del presidente PP para Teulada | R\u00e0dio Litoral\",\"isPartOf\":{\"@id\":\"https:\\\/\\\/radiolitoral.com\\\/#website\"},\"primaryImageOfPage\":{\"@id\":\"https:\\\/\\\/radiolitoral.com\\\/2023\\\/03\\\/ampliar-el-centro-de-alzheimer-y-eliminar-el-impuesto-de-sucesiones-las-promesas-del-presidente-del-pp-para-teulada\\\/#primaryimage\"},\"image\":{\"@id\":\"https:\\\/\\\/radiolitoral.com\\\/2023\\\/03\\\/ampliar-el-centro-de-alzheimer-y-eliminar-el-impuesto-de-sucesiones-las-promesas-del-presidente-del-pp-para-teulada\\\/#primaryimage\"},\"thumbnailUrl\":\"https:\\\/\\\/media.radiolitoral.com\\\/wp-content\\\/uploads\\\/2023\\\/03\\\/30151705\\\/Foto-1-1-647x490-1.jpeg\",\"datePublished\":\"2023-03-30T13:17:11+00:00\",\"dateModified\":\"2023-03-30T13:20:12+00:00\",\"description\":\"Ayer, en su visita a Teulada, se reuni\u00f3 con el alcalde y los mayores\",\"breadcrumb\":{\"@id\":\"https:\\\/\\\/radiolitoral.com\\\/2023\\\/03\\\/ampliar-el-centro-de-alzheimer-y-eliminar-el-impuesto-de-sucesiones-las-promesas-del-presidente-del-pp-para-teulada\\\/#breadcrumb\"},\"inLanguage\":\"ca\",\"potentialAction\":[{\"@type\":\"ReadAction\",\"target\":[\"https:\\\/\\\/radiolitoral.com\\\/2023\\\/03\\\/ampliar-el-centro-de-alzheimer-y-eliminar-el-impuesto-de-sucesiones-las-promesas-del-presidente-del-pp-para-teulada\\\/\"]}]},{\"@type\":\"ImageObject\",\"inLanguage\":\"ca\",\"@id\":\"https:\\\/\\\/radiolitoral.com\\\/2023\\\/03\\\/ampliar-el-centro-de-alzheimer-y-eliminar-el-impuesto-de-sucesiones-las-promesas-del-presidente-del-pp-para-teulada\\\/#primaryimage\",\"url\":\"https:\\\/\\\/media.radiolitoral.com\\\/wp-content\\\/uploads\\\/2023\\\/03\\\/30151705\\\/Foto-1-1-647x490-1.jpeg\",\"contentUrl\":\"https:\\\/\\\/media.radiolitoral.com\\\/wp-content\\\/uploads\\\/2023\\\/03\\\/30151705\\\/Foto-1-1-647x490-1.jpeg\",\"width\":647,\"height\":490},{\"@type\":\"BreadcrumbList\",\"@id\":\"https:\\\/\\\/radiolitoral.com\\\/2023\\\/03\\\/ampliar-el-centro-de-alzheimer-y-eliminar-el-impuesto-de-sucesiones-las-promesas-del-presidente-del-pp-para-teulada\\\/#breadcrumb\",\"itemListElement\":[{\"@type\":\"ListItem\",\"position\":1,\"name\":\"Portada\",\"item\":\"https:\\\/\\\/radiolitoral.com\\\/\"},{\"@type\":\"ListItem\",\"position\":2,\"name\":\"Ampliar el centro Alzheimer y eliminar el impuesto sucesiones, promesas del presidente PP para Teulada\"}]},{\"@type\":\"WebSite\",\"@id\":\"https:\\\/\\\/radiolitoral.com\\\/#website\",\"url\":\"https:\\\/\\\/radiolitoral.com\\\/\",\"name\":\"Radio Litoral\",\"description\":\"La radio local de la Marina Alta\",\"publisher\":{\"@id\":\"https:\\\/\\\/radiolitoral.com\\\/#organization\"},\"alternateName\":\"Litoral FM\",\"potentialAction\":[{\"@type\":\"SearchAction\",\"target\":{\"@type\":\"EntryPoint\",\"urlTemplate\":\"https:\\\/\\\/radiolitoral.com\\\/?s={search_term_string}\"},\"query-input\":{\"@type\":\"PropertyValueSpecification\",\"valueRequired\":true,\"valueName\":\"search_term_string\"}}],\"inLanguage\":\"ca\"},{\"@type\":\"Organization\",\"@id\":\"https:\\\/\\\/radiolitoral.com\\\/#organization\",\"name\":\"Radio Litoral\",\"url\":\"https:\\\/\\\/radiolitoral.com\\\/\",\"logo\":{\"@type\":\"ImageObject\",\"inLanguage\":\"ca\",\"@id\":\"https:\\\/\\\/radiolitoral.com\\\/#\\\/schema\\\/logo\\\/image\\\/\",\"url\":\"https:\\\/\\\/media.radiolitoral.com\\\/wp-content\\\/uploads\\\/2023\\\/02\\\/24143238\\\/CL-V-RadioLitoral696.png\",\"contentUrl\":\"https:\\\/\\\/media.radiolitoral.com\\\/wp-content\\\/uploads\\\/2023\\\/02\\\/24143238\\\/CL-V-RadioLitoral696.png\",\"width\":696,\"height\":696,\"caption\":\"Radio Litoral\"},\"image\":{\"@id\":\"https:\\\/\\\/radiolitoral.com\\\/#\\\/schema\\\/logo\\\/image\\\/\"},\"sameAs\":[\"https:\\\/\\\/www.facebook.com\\\/Laradiolitoral\\\/\"]},{\"@type\":\"Person\",\"@id\":\"https:\\\/\\\/radiolitoral.com\\\/#\\\/schema\\\/person\\\/f2b2343c49b5d721857cc1002bfdb151\",\"name\":\"Redacci\u00f3n\",\"image\":{\"@type\":\"ImageObject\",\"inLanguage\":\"ca\",\"@id\":\"https:\\\/\\\/secure.gravatar.com\\\/avatar\\\/f771d896c203ad8b3382d7905cfcce5a5c9b008b84b3cd9114e9b9f4cb63f789?s=96&d=mm&r=g\",\"url\":\"https:\\\/\\\/secure.gravatar.com\\\/avatar\\\/f771d896c203ad8b3382d7905cfcce5a5c9b008b84b3cd9114e9b9f4cb63f789?s=96&d=mm&r=g\",\"contentUrl\":\"https:\\\/\\\/secure.gravatar.com\\\/avatar\\\/f771d896c203ad8b3382d7905cfcce5a5c9b008b84b3cd9114e9b9f4cb63f789?s=96&d=mm&r=g\",\"caption\":\"Redacci\u00f3n\"},\"url\":\"https:\\\/\\\/radiolitoral.com\\\/ca\\\/author\\\/miriam-pagan\\\/\"}]}<\/script>\n<!-- \/ Yoast SEO plugin. -->","yoast_head_json":{"title":"Ampliar el centre Alzheimer i eliminar l&#039;impost de successions, promeses del president PP per a Teulada | R\u00e0dio Litoral","description":"Ahir, en la visita a Teulada, es va reunir amb l&#039;alcalde i els grans","robots":{"index":"index","follow":"follow","max-snippet":"max-snippet:-1","max-image-preview":"max-image-preview:large","max-video-preview":"max-video-preview:-1"},"canonical":"https:\/\/radiolitoral.com\/ca\/2023\/03\/ampliar-el-centre-dalzheimer-i-eliminar-limpost-de-successions-les-promeses-del-president-del-pp-per-a-teulada\/","og_locale":"ca_ES","og_type":"article","og_title":"Ampliar el centro Alzheimer y eliminar el impuesto sucesiones, promesas del presidente PP para Teulada | R\u00e0dio Litoral","og_description":"Ayer, en su visita a Teulada, se reuni\u00f3 con el alcalde y los mayores","og_url":"https:\/\/radiolitoral.com\/ca\/2023\/03\/ampliar-el-centre-dalzheimer-i-eliminar-limpost-de-successions-les-promeses-del-president-del-pp-per-a-teulada\/","og_site_name":"R\u00e0dio Litoral","article_publisher":"https:\/\/www.facebook.com\/Laradiolitoral\/","article_published_time":"2023-03-30T13:17:11+00:00","article_modified_time":"2023-03-30T13:20:12+00:00","og_image":[{"width":647,"height":490,"url":"https:\/\/media.radiolitoral.com\/wp-content\/uploads\/2023\/03\/30151705\/Foto-1-1-647x490-1.jpeg","type":"image\/jpeg"}],"author":"Redacci\u00f3n","twitter_card":"summary_large_image","twitter_misc":{"Escrit per":"Redacci\u00f3n","Temps estimat de lectura":"1 minut"},"schema":{"@context":"https:\/\/schema.org","@graph":[{"@type":"NewsArticle","@id":"https:\/\/radiolitoral.com\/2023\/03\/ampliar-el-centro-de-alzheimer-y-eliminar-el-impuesto-de-sucesiones-las-promesas-del-presidente-del-pp-para-teulada\/#article","isPartOf":{"@id":"https:\/\/radiolitoral.com\/2023\/03\/ampliar-el-centro-de-alzheimer-y-eliminar-el-impuesto-de-sucesiones-las-promesas-del-presidente-del-pp-para-teulada\/"},"author":{"name":"Redacci\u00f3n","@id":"https:\/\/radiolitoral.com\/#\/schema\/person\/f2b2343c49b5d721857cc1002bfdb151"},"headline":"Ampliar el centro Alzheimer y eliminar el impuesto sucesiones, promesas del presidente PP para Teulada","datePublished":"2023-03-30T13:17:11+00:00","dateModified":"2023-03-30T13:20:12+00:00","mainEntityOfPage":{"@id":"https:\/\/radiolitoral.com\/2023\/03\/ampliar-el-centro-de-alzheimer-y-eliminar-el-impuesto-de-sucesiones-las-promesas-del-presidente-del-pp-para-teulada\/"},"wordCount":162,"commentCount":0,"publisher":{"@id":"https:\/\/radiolitoral.com\/#organization"},"image":{"@id":"https:\/\/radiolitoral.com\/2023\/03\/ampliar-el-centro-de-alzheimer-y-eliminar-el-impuesto-de-sucesiones-las-promesas-del-presidente-del-pp-para-teulada\/#primaryimage"},"thumbnailUrl":"https:\/\/media.radiolitoral.com\/wp-content\/uploads\/2023\/03\/30151705\/Foto-1-1-647x490-1.jpeg","keywords":["elecciones 2023","impuesto sucesiones","PP Teulada","Presidente PP","proyectos Teulada"],"articleSection":["Pol\u00edtica"],"inLanguage":"ca","potentialAction":[{"@type":"CommentAction","name":"Comment","target":["https:\/\/radiolitoral.com\/2023\/03\/ampliar-el-centro-de-alzheimer-y-eliminar-el-impuesto-de-sucesiones-las-promesas-del-presidente-del-pp-para-teulada\/#respond"]}]},{"@type":["WebPage","ItemPage"],"@id":"https:\/\/radiolitoral.com\/2023\/03\/ampliar-el-centro-de-alzheimer-y-eliminar-el-impuesto-de-sucesiones-las-promesas-del-presidente-del-pp-para-teulada\/","url":"https:\/\/radiolitoral.com\/2023\/03\/ampliar-el-centro-de-alzheimer-y-eliminar-el-impuesto-de-sucesiones-las-promesas-del-presidente-del-pp-para-teulada\/","name":"Ampliar el centre Alzheimer i eliminar l&#039;impost de successions, promeses del president PP per a Teulada | R\u00e0dio Litoral","isPartOf":{"@id":"https:\/\/radiolitoral.com\/#website"},"primaryImageOfPage":{"@id":"https:\/\/radiolitoral.com\/2023\/03\/ampliar-el-centro-de-alzheimer-y-eliminar-el-impuesto-de-sucesiones-las-promesas-del-presidente-del-pp-para-teulada\/#primaryimage"},"image":{"@id":"https:\/\/radiolitoral.com\/2023\/03\/ampliar-el-centro-de-alzheimer-y-eliminar-el-impuesto-de-sucesiones-las-promesas-del-presidente-del-pp-para-teulada\/#primaryimage"},"thumbnailUrl":"https:\/\/media.radiolitoral.com\/wp-content\/uploads\/2023\/03\/30151705\/Foto-1-1-647x490-1.jpeg","datePublished":"2023-03-30T13:17:11+00:00","dateModified":"2023-03-30T13:20:12+00:00","description":"Ahir, en la visita a Teulada, es va reunir amb l&#039;alcalde i els grans","breadcrumb":{"@id":"https:\/\/radiolitoral.com\/2023\/03\/ampliar-el-centro-de-alzheimer-y-eliminar-el-impuesto-de-sucesiones-las-promesas-del-presidente-del-pp-para-teulada\/#breadcrumb"},"inLanguage":"ca","potentialAction":[{"@type":"ReadAction","target":["https:\/\/radiolitoral.com\/2023\/03\/ampliar-el-centro-de-alzheimer-y-eliminar-el-impuesto-de-sucesiones-las-promesas-del-presidente-del-pp-para-teulada\/"]}]},{"@type":"ImageObject","inLanguage":"ca","@id":"https:\/\/radiolitoral.com\/2023\/03\/ampliar-el-centro-de-alzheimer-y-eliminar-el-impuesto-de-sucesiones-las-promesas-del-presidente-del-pp-para-teulada\/#primaryimage","url":"https:\/\/media.radiolitoral.com\/wp-content\/uploads\/2023\/03\/30151705\/Foto-1-1-647x490-1.jpeg","contentUrl":"https:\/\/media.radiolitoral.com\/wp-content\/uploads\/2023\/03\/30151705\/Foto-1-1-647x490-1.jpeg","width":647,"height":490},{"@type":"BreadcrumbList","@id":"https:\/\/radiolitoral.com\/2023\/03\/ampliar-el-centro-de-alzheimer-y-eliminar-el-impuesto-de-sucesiones-las-promesas-del-presidente-del-pp-para-teulada\/#breadcrumb","itemListElement":[{"@type":"ListItem","position":1,"name":"Portada","item":"https:\/\/radiolitoral.com\/"},{"@type":"ListItem","position":2,"name":"Ampliar el centro Alzheimer y eliminar el impuesto sucesiones, promesas del presidente PP para Teulada"}]},{"@type":"WebSite","@id":"https:\/\/radiolitoral.com\/#website","url":"https:\/\/radiolitoral.com\/","name":"R\u00e0dio Litoral","description":"La r\u00e0dio local de la Marina Alta","publisher":{"@id":"https:\/\/radiolitoral.com\/#organization"},"alternateName":"Litoral FM","potentialAction":[{"@type":"SearchAction","target":{"@type":"EntryPoint","urlTemplate":"https:\/\/radiolitoral.com\/?s={search_term_string}"},"query-input":{"@type":"PropertyValueSpecification","valueRequired":true,"valueName":"search_term_string"}}],"inLanguage":"ca"},{"@type":"Organization","@id":"https:\/\/radiolitoral.com\/#organization","name":"R\u00e0dio Litoral","url":"https:\/\/radiolitoral.com\/","logo":{"@type":"ImageObject","inLanguage":"ca","@id":"https:\/\/radiolitoral.com\/#\/schema\/logo\/image\/","url":"https:\/\/media.radiolitoral.com\/wp-content\/uploads\/2023\/02\/24143238\/CL-V-RadioLitoral696.png","contentUrl":"https:\/\/media.radiolitoral.com\/wp-content\/uploads\/2023\/02\/24143238\/CL-V-RadioLitoral696.png","width":696,"height":696,"caption":"Radio Litoral"},"image":{"@id":"https:\/\/radiolitoral.com\/#\/schema\/logo\/image\/"},"sameAs":["https:\/\/www.facebook.com\/Laradiolitoral\/"]},{"@type":"Person","@id":"https:\/\/radiolitoral.com\/#\/schema\/person\/f2b2343c49b5d721857cc1002bfdb151","name":"Redacci\u00f3","image":{"@type":"ImageObject","inLanguage":"ca","@id":"https:\/\/secure.gravatar.com\/avatar\/f771d896c203ad8b3382d7905cfcce5a5c9b008b84b3cd9114e9b9f4cb63f789?s=96&d=mm&r=g","url":"https:\/\/secure.gravatar.com\/avatar\/f771d896c203ad8b3382d7905cfcce5a5c9b008b84b3cd9114e9b9f4cb63f789?s=96&d=mm&r=g","contentUrl":"https:\/\/secure.gravatar.com\/avatar\/f771d896c203ad8b3382d7905cfcce5a5c9b008b84b3cd9114e9b9f4cb63f789?s=96&d=mm&r=g","caption":"Redacci\u00f3n"},"url":"https:\/\/radiolitoral.com\/ca\/author\/miriam-pagan\/"}]}},"_links":{"self":[{"href":"https:\/\/radiolitoral.com\/ca\/wp-json\/wp\/v2\/posts\/1825","targetHints":{"allow":["GET"]}}],"collection":[{"href":"https:\/\/radiolitoral.com\/ca\/wp-json\/wp\/v2\/posts"}],"about":[{"href":"https:\/\/radiolitoral.com\/ca\/wp-json\/wp\/v2\/types\/post"}],"author":[{"embeddable":true,"href":"https:\/\/radiolitoral.com\/ca\/wp-json\/wp\/v2\/users\/13"}],"replies":[{"embeddable":true,"href":"https:\/\/radiolitoral.com\/ca\/wp-json\/wp\/v2\/comments?post=1825"}],"version-history":[{"count":3,"href":"https:\/\/radiolitoral.com\/ca\/wp-json\/wp\/v2\/posts\/1825\/revisions"}],"predecessor-version":[{"id":1831,"href":"https:\/\/radiolitoral.com\/ca\/wp-json\/wp\/v2\/posts\/1825\/revisions\/1831"}],"wp:featuredmedia":[{"embeddable":true,"href":"https:\/\/radiolitoral.com\/ca\/wp-json\/wp\/v2\/media\/1827"}],"wp:attachment":[{"href":"https:\/\/radiolitoral.com\/ca\/wp-json\/wp\/v2\/media?parent=1825"}],"wp:term":[{"taxonomy":"category","embeddable":true,"href":"https:\/\/radiolitoral.com\/ca\/wp-json\/wp\/v2\/categories?post=1825"},{"taxonomy":"post_tag","embeddable":true,"href":"https:\/\/radiolitoral.com\/ca\/wp-json\/wp\/v2\/tags?post=1825"}],"curies":[{"name":"wp","href":"https:\/\/api.w.org\/{rel}","templated":true}]}}