{"id":18177,"date":"2025-08-18T10:18:32","date_gmt":"2025-08-18T08:18:32","guid":{"rendered":"https:\/\/radiolitoral.com\/?p=18177"},"modified":"2025-08-18T10:18:32","modified_gmt":"2025-08-18T08:18:32","slug":"el-cd-javea-cayo-davant-el-cf-gandia-0-2","status":"publish","type":"post","link":"https:\/\/radiolitoral.com\/ca\/2025\/08\/el-cd-javea-cayo-ante-el-cf-gandia-0-2\/","title":{"rendered":"El CD X\u00e0bia va caure davant el CF Gandia (0-2)"},"content":{"rendered":"<p>El <strong>CD X\u00e0bia<\/strong> va collir la seva primera derrota de la pretemporada en caure davant el <strong>CF Gandia<\/strong> per <strong>0 a 2<\/strong>. El partit disputat al <strong>camp municipal de X\u00e0bia<\/strong> va estar marcada per la calor que va fer complicat que els jugadors poguessin jugar a un ritme alt.<\/p>\n<p>Els visitants van saber mantenir una bona l\u00ednia defensiva que va contenir els atacs locals. La formaci\u00f3 que dirigeix <strong>Juliol Ivorra<\/strong> va donar un bon tracte a la pilota buscant combinar i sobretot obrint el joc a bandes. Li va faltar encert a la rematada sobre la porteria rival. Qui es va mostrar m\u00e9s encertat va ser el CF Gandia que va aconseguir l&#039;1 a 0 amb un gol de Talens.<\/p>\n<p>A la segona meitat els dos t\u00e8cnics van optar per donar aire fresc als seus equips, el CD X\u00e0bia va continuar manant en el joc per\u00f2 sense marcar. Van ser els visitants els que a la recta final del xoc van marcar per mediaci\u00f3 d&#039;Omar el 0 a 2 definitiu.<\/p>\n<p>El seg\u00fcent partit de preparaci\u00f3 per als blanc-i-vermells es jugar\u00e0 aquest dijous al camp municipal de X\u00e0bia, a les 20 hores davant el<strong> FB Teulada-Moraira<\/strong>.<\/p>\n<p><script src=\"chrome-extension:\/\/flbolonkboilcbnohjlchlfgdalomdpl\/iFrame.js\" type=\"text\/javascript\"><\/script><\/p>","protected":false},"excerpt":{"rendered":"<p>El CD J\u00e1vea cosech\u00f3 su primera derrota de la pretemporada al caer ante el CF Gand\u00eda por 0 a 2. El partido disputado en el campo municipal de X\u00e0bia estuvo marcado por el calor que hizo complicado que los jugadores pudiesen jugar a un ritmo alto. Los visitantes supieron mantener una buena l\u00ednea defensiva que [&#8230;]<\/p>\n<p><a class=\"btn btn-secondary understrap-read-more-link\" href=\"https:\/\/radiolitoral.com\/ca\/2025\/08\/el-cd-javea-cayo-ante-el-cf-gandia-0-2\/\">Continua llegint&#8230;<span class=\"screen-reader-text\"> from El CD J\u00e1vea cay\u00f3 ante el CF Gand\u00eda (0-2)<\/span><\/a><\/p>\n","protected":false},"author":12,"featured_media":18178,"comment_status":"open","ping_status":"closed","sticky":false,"template":"","format":"standard","meta":{"_acf_changed":false,"inline_featured_image":false,"footnotes":""},"categories":[5],"tags":[4859,1332,2003,6,1098,1503],"class_list":["post-18177","post","type-post","status-publish","format-standard","has-post-thumbnail","hentry","category-deportes","tag-campo-municipal-de-xabia","tag-cd-javea","tag-cf-gandia","tag-deportes","tag-fb-teulada-moraira","tag-julio-ivorra","cobertura-xabia"],"acf":[],"yoast_head":"<!-- This site is optimized with the Yoast SEO plugin v27.5 - https:\/\/yoast.com\/product\/yoast-seo-wordpress\/ -->\n<title>El CD J\u00e1vea cay\u00f3 ante el CF Gand\u00eda (0-2) | R\u00e0dio Litoral<\/title>\n<meta name=\"description\" content=\"El equipo rojiblanco manejo el ritmo del partido sin estar acertado en el remateEl equipo rojiblanco manejo el ritmo del partido sin estar acertado en el remate\" \/>\n<meta name=\"robots\" content=\"index, follow, max-snippet:-1, max-image-preview:large, max-video-preview:-1\" \/>\n<link rel=\"canonical\" href=\"https:\/\/radiolitoral.com\/ca\/2025\/08\/el-cd-javea-cayo-davant-el-cf-gandia-0-2\/\" \/>\n<meta property=\"og:locale\" content=\"ca_ES\" \/>\n<meta property=\"og:type\" content=\"article\" \/>\n<meta property=\"og:title\" content=\"El CD J\u00e1vea cay\u00f3 ante el CF Gand\u00eda (0-2) | R\u00e0dio Litoral\" \/>\n<meta property=\"og:description\" content=\"El equipo rojiblanco manejo el ritmo del partido sin estar acertado en el remateEl equipo rojiblanco manejo el ritmo del partido sin estar acertado en el remate\" \/>\n<meta property=\"og:url\" content=\"https:\/\/radiolitoral.com\/ca\/2025\/08\/el-cd-javea-cayo-davant-el-cf-gandia-0-2\/\" \/>\n<meta property=\"og:site_name\" content=\"R\u00e0dio Litoral\" \/>\n<meta property=\"article:publisher\" content=\"https:\/\/www.facebook.com\/Laradiolitoral\/\" \/>\n<meta property=\"article:published_time\" content=\"2025-08-18T08:18:32+00:00\" \/>\n<meta property=\"og:image\" content=\"https:\/\/media.radiolitoral.com\/wp-content\/uploads\/2025\/08\/18101804\/Javea-Gandia.jpg\" \/>\n\t<meta property=\"og:image:width\" content=\"1037\" \/>\n\t<meta property=\"og:image:height\" content=\"716\" \/>\n\t<meta property=\"og:image:type\" content=\"image\/jpeg\" \/>\n<meta name=\"author\" content=\"Javier Zamora\" \/>\n<meta name=\"twitter:card\" content=\"summary_large_image\" \/>\n<meta name=\"twitter:label1\" content=\"Escrit per\" \/>\n\t<meta name=\"twitter:data1\" content=\"Javier Zamora\" \/>\n\t<meta name=\"twitter:label2\" content=\"Temps estimat de lectura\" \/>\n\t<meta name=\"twitter:data2\" content=\"2 minuts\" \/>\n<script type=\"application\/ld+json\" class=\"yoast-schema-graph\">{\"@context\":\"https:\\\/\\\/schema.org\",\"@graph\":[{\"@type\":\"NewsArticle\",\"@id\":\"https:\\\/\\\/radiolitoral.com\\\/2025\\\/08\\\/el-cd-javea-cayo-ante-el-cf-gandia-0-2\\\/#article\",\"isPartOf\":{\"@id\":\"https:\\\/\\\/radiolitoral.com\\\/2025\\\/08\\\/el-cd-javea-cayo-ante-el-cf-gandia-0-2\\\/\"},\"author\":{\"name\":\"Javier Zamora\",\"@id\":\"https:\\\/\\\/radiolitoral.com\\\/#\\\/schema\\\/person\\\/7b1480b5caeb5acdd4ec6379caf62b22\"},\"headline\":\"El CD J\u00e1vea cay\u00f3 ante el CF Gand\u00eda (0-2)\",\"datePublished\":\"2025-08-18T08:18:32+00:00\",\"mainEntityOfPage\":{\"@id\":\"https:\\\/\\\/radiolitoral.com\\\/2025\\\/08\\\/el-cd-javea-cayo-ante-el-cf-gandia-0-2\\\/\"},\"wordCount\":200,\"commentCount\":0,\"publisher\":{\"@id\":\"https:\\\/\\\/radiolitoral.com\\\/#organization\"},\"image\":{\"@id\":\"https:\\\/\\\/radiolitoral.com\\\/2025\\\/08\\\/el-cd-javea-cayo-ante-el-cf-gandia-0-2\\\/#primaryimage\"},\"thumbnailUrl\":\"https:\\\/\\\/media.radiolitoral.com\\\/wp-content\\\/uploads\\\/2025\\\/08\\\/18101804\\\/Javea-Gandia.jpg\",\"keywords\":[\"campo municipal de X\u00e0bia\",\"CD J\u00e1vea\",\"CF Gand\u00eda\",\"deportes\",\"FB Teulada-Moraira\",\"Julio Ivorra\"],\"articleSection\":[\"Deportes\"],\"inLanguage\":\"ca\",\"potentialAction\":[{\"@type\":\"CommentAction\",\"name\":\"Comment\",\"target\":[\"https:\\\/\\\/radiolitoral.com\\\/2025\\\/08\\\/el-cd-javea-cayo-ante-el-cf-gandia-0-2\\\/#respond\"]}]},{\"@type\":[\"WebPage\",\"ItemPage\"],\"@id\":\"https:\\\/\\\/radiolitoral.com\\\/2025\\\/08\\\/el-cd-javea-cayo-ante-el-cf-gandia-0-2\\\/\",\"url\":\"https:\\\/\\\/radiolitoral.com\\\/2025\\\/08\\\/el-cd-javea-cayo-ante-el-cf-gandia-0-2\\\/\",\"name\":\"El CD J\u00e1vea cay\u00f3 ante el CF Gand\u00eda (0-2) | R\u00e0dio Litoral\",\"isPartOf\":{\"@id\":\"https:\\\/\\\/radiolitoral.com\\\/#website\"},\"primaryImageOfPage\":{\"@id\":\"https:\\\/\\\/radiolitoral.com\\\/2025\\\/08\\\/el-cd-javea-cayo-ante-el-cf-gandia-0-2\\\/#primaryimage\"},\"image\":{\"@id\":\"https:\\\/\\\/radiolitoral.com\\\/2025\\\/08\\\/el-cd-javea-cayo-ante-el-cf-gandia-0-2\\\/#primaryimage\"},\"thumbnailUrl\":\"https:\\\/\\\/media.radiolitoral.com\\\/wp-content\\\/uploads\\\/2025\\\/08\\\/18101804\\\/Javea-Gandia.jpg\",\"datePublished\":\"2025-08-18T08:18:32+00:00\",\"description\":\"El equipo rojiblanco manejo el ritmo del partido sin estar acertado en el remateEl equipo rojiblanco manejo el ritmo del partido sin estar acertado en el remate\",\"breadcrumb\":{\"@id\":\"https:\\\/\\\/radiolitoral.com\\\/2025\\\/08\\\/el-cd-javea-cayo-ante-el-cf-gandia-0-2\\\/#breadcrumb\"},\"inLanguage\":\"ca\",\"potentialAction\":[{\"@type\":\"ReadAction\",\"target\":[\"https:\\\/\\\/radiolitoral.com\\\/2025\\\/08\\\/el-cd-javea-cayo-ante-el-cf-gandia-0-2\\\/\"]}]},{\"@type\":\"ImageObject\",\"inLanguage\":\"ca\",\"@id\":\"https:\\\/\\\/radiolitoral.com\\\/2025\\\/08\\\/el-cd-javea-cayo-ante-el-cf-gandia-0-2\\\/#primaryimage\",\"url\":\"https:\\\/\\\/media.radiolitoral.com\\\/wp-content\\\/uploads\\\/2025\\\/08\\\/18101804\\\/Javea-Gandia.jpg\",\"contentUrl\":\"https:\\\/\\\/media.radiolitoral.com\\\/wp-content\\\/uploads\\\/2025\\\/08\\\/18101804\\\/Javea-Gandia.jpg\",\"width\":1037,\"height\":716},{\"@type\":\"BreadcrumbList\",\"@id\":\"https:\\\/\\\/radiolitoral.com\\\/2025\\\/08\\\/el-cd-javea-cayo-ante-el-cf-gandia-0-2\\\/#breadcrumb\",\"itemListElement\":[{\"@type\":\"ListItem\",\"position\":1,\"name\":\"Portada\",\"item\":\"https:\\\/\\\/radiolitoral.com\\\/\"},{\"@type\":\"ListItem\",\"position\":2,\"name\":\"El CD J\u00e1vea cay\u00f3 ante el CF Gand\u00eda (0-2)\"}]},{\"@type\":\"WebSite\",\"@id\":\"https:\\\/\\\/radiolitoral.com\\\/#website\",\"url\":\"https:\\\/\\\/radiolitoral.com\\\/\",\"name\":\"Radio Litoral\",\"description\":\"La radio local de la Marina Alta\",\"publisher\":{\"@id\":\"https:\\\/\\\/radiolitoral.com\\\/#organization\"},\"alternateName\":\"Litoral FM\",\"potentialAction\":[{\"@type\":\"SearchAction\",\"target\":{\"@type\":\"EntryPoint\",\"urlTemplate\":\"https:\\\/\\\/radiolitoral.com\\\/?s={search_term_string}\"},\"query-input\":{\"@type\":\"PropertyValueSpecification\",\"valueRequired\":true,\"valueName\":\"search_term_string\"}}],\"inLanguage\":\"ca\"},{\"@type\":\"Organization\",\"@id\":\"https:\\\/\\\/radiolitoral.com\\\/#organization\",\"name\":\"Radio Litoral\",\"url\":\"https:\\\/\\\/radiolitoral.com\\\/\",\"logo\":{\"@type\":\"ImageObject\",\"inLanguage\":\"ca\",\"@id\":\"https:\\\/\\\/radiolitoral.com\\\/#\\\/schema\\\/logo\\\/image\\\/\",\"url\":\"https:\\\/\\\/media.radiolitoral.com\\\/wp-content\\\/uploads\\\/2023\\\/02\\\/24143238\\\/CL-V-RadioLitoral696.png\",\"contentUrl\":\"https:\\\/\\\/media.radiolitoral.com\\\/wp-content\\\/uploads\\\/2023\\\/02\\\/24143238\\\/CL-V-RadioLitoral696.png\",\"width\":696,\"height\":696,\"caption\":\"Radio Litoral\"},\"image\":{\"@id\":\"https:\\\/\\\/radiolitoral.com\\\/#\\\/schema\\\/logo\\\/image\\\/\"},\"sameAs\":[\"https:\\\/\\\/www.facebook.com\\\/Laradiolitoral\\\/\"]},{\"@type\":\"Person\",\"@id\":\"https:\\\/\\\/radiolitoral.com\\\/#\\\/schema\\\/person\\\/7b1480b5caeb5acdd4ec6379caf62b22\",\"name\":\"Javier Zamora\",\"image\":{\"@type\":\"ImageObject\",\"inLanguage\":\"ca\",\"@id\":\"https:\\\/\\\/secure.gravatar.com\\\/avatar\\\/467a11f6918c7d619c4043fc6fa2d3853053107973f05b6e9c04ea6c4e3a7b3f?s=96&d=mm&r=g\",\"url\":\"https:\\\/\\\/secure.gravatar.com\\\/avatar\\\/467a11f6918c7d619c4043fc6fa2d3853053107973f05b6e9c04ea6c4e3a7b3f?s=96&d=mm&r=g\",\"contentUrl\":\"https:\\\/\\\/secure.gravatar.com\\\/avatar\\\/467a11f6918c7d619c4043fc6fa2d3853053107973f05b6e9c04ea6c4e3a7b3f?s=96&d=mm&r=g\",\"caption\":\"Javier Zamora\"},\"url\":\"https:\\\/\\\/radiolitoral.com\\\/ca\\\/author\\\/javier-zamora\\\/\"}]}<\/script>\n<!-- \/ Yoast SEO plugin. -->","yoast_head_json":{"title":"El CD X\u00e0bia va caure davant el CF Gandia (0-2) | R\u00e0dio Litoral","description":"L&#039;equip blanc-i-vermell maneig el ritme del partit sense estar encertat a la rematadaL&#039;equip blanc-i-vermell maneig el ritme del partit sense estar encertat a la rematada","robots":{"index":"index","follow":"follow","max-snippet":"max-snippet:-1","max-image-preview":"max-image-preview:large","max-video-preview":"max-video-preview:-1"},"canonical":"https:\/\/radiolitoral.com\/ca\/2025\/08\/el-cd-javea-cayo-davant-el-cf-gandia-0-2\/","og_locale":"ca_ES","og_type":"article","og_title":"El CD J\u00e1vea cay\u00f3 ante el CF Gand\u00eda (0-2) | R\u00e0dio Litoral","og_description":"El equipo rojiblanco manejo el ritmo del partido sin estar acertado en el remateEl equipo rojiblanco manejo el ritmo del partido sin estar acertado en el remate","og_url":"https:\/\/radiolitoral.com\/ca\/2025\/08\/el-cd-javea-cayo-davant-el-cf-gandia-0-2\/","og_site_name":"R\u00e0dio Litoral","article_publisher":"https:\/\/www.facebook.com\/Laradiolitoral\/","article_published_time":"2025-08-18T08:18:32+00:00","og_image":[{"width":1037,"height":716,"url":"https:\/\/media.radiolitoral.com\/wp-content\/uploads\/2025\/08\/18101804\/Javea-Gandia.jpg","type":"image\/jpeg"}],"author":"Javier Zamora","twitter_card":"summary_large_image","twitter_misc":{"Escrit per":"Javier Zamora","Temps estimat de lectura":"2 minuts"},"schema":{"@context":"https:\/\/schema.org","@graph":[{"@type":"NewsArticle","@id":"https:\/\/radiolitoral.com\/2025\/08\/el-cd-javea-cayo-ante-el-cf-gandia-0-2\/#article","isPartOf":{"@id":"https:\/\/radiolitoral.com\/2025\/08\/el-cd-javea-cayo-ante-el-cf-gandia-0-2\/"},"author":{"name":"Javier Zamora","@id":"https:\/\/radiolitoral.com\/#\/schema\/person\/7b1480b5caeb5acdd4ec6379caf62b22"},"headline":"El CD J\u00e1vea cay\u00f3 ante el CF Gand\u00eda (0-2)","datePublished":"2025-08-18T08:18:32+00:00","mainEntityOfPage":{"@id":"https:\/\/radiolitoral.com\/2025\/08\/el-cd-javea-cayo-ante-el-cf-gandia-0-2\/"},"wordCount":200,"commentCount":0,"publisher":{"@id":"https:\/\/radiolitoral.com\/#organization"},"image":{"@id":"https:\/\/radiolitoral.com\/2025\/08\/el-cd-javea-cayo-ante-el-cf-gandia-0-2\/#primaryimage"},"thumbnailUrl":"https:\/\/media.radiolitoral.com\/wp-content\/uploads\/2025\/08\/18101804\/Javea-Gandia.jpg","keywords":["campo municipal de X\u00e0bia","CD J\u00e1vea","CF Gand\u00eda","deportes","FB Teulada-Moraira","Julio Ivorra"],"articleSection":["Deportes"],"inLanguage":"ca","potentialAction":[{"@type":"CommentAction","name":"Comment","target":["https:\/\/radiolitoral.com\/2025\/08\/el-cd-javea-cayo-ante-el-cf-gandia-0-2\/#respond"]}]},{"@type":["WebPage","ItemPage"],"@id":"https:\/\/radiolitoral.com\/2025\/08\/el-cd-javea-cayo-ante-el-cf-gandia-0-2\/","url":"https:\/\/radiolitoral.com\/2025\/08\/el-cd-javea-cayo-ante-el-cf-gandia-0-2\/","name":"El CD X\u00e0bia va caure davant el CF Gandia (0-2) | R\u00e0dio Litoral","isPartOf":{"@id":"https:\/\/radiolitoral.com\/#website"},"primaryImageOfPage":{"@id":"https:\/\/radiolitoral.com\/2025\/08\/el-cd-javea-cayo-ante-el-cf-gandia-0-2\/#primaryimage"},"image":{"@id":"https:\/\/radiolitoral.com\/2025\/08\/el-cd-javea-cayo-ante-el-cf-gandia-0-2\/#primaryimage"},"thumbnailUrl":"https:\/\/media.radiolitoral.com\/wp-content\/uploads\/2025\/08\/18101804\/Javea-Gandia.jpg","datePublished":"2025-08-18T08:18:32+00:00","description":"L&#039;equip blanc-i-vermell maneig el ritme del partit sense estar encertat a la rematadaL&#039;equip blanc-i-vermell maneig el ritme del partit sense estar encertat a la rematada","breadcrumb":{"@id":"https:\/\/radiolitoral.com\/2025\/08\/el-cd-javea-cayo-ante-el-cf-gandia-0-2\/#breadcrumb"},"inLanguage":"ca","potentialAction":[{"@type":"ReadAction","target":["https:\/\/radiolitoral.com\/2025\/08\/el-cd-javea-cayo-ante-el-cf-gandia-0-2\/"]}]},{"@type":"ImageObject","inLanguage":"ca","@id":"https:\/\/radiolitoral.com\/2025\/08\/el-cd-javea-cayo-ante-el-cf-gandia-0-2\/#primaryimage","url":"https:\/\/media.radiolitoral.com\/wp-content\/uploads\/2025\/08\/18101804\/Javea-Gandia.jpg","contentUrl":"https:\/\/media.radiolitoral.com\/wp-content\/uploads\/2025\/08\/18101804\/Javea-Gandia.jpg","width":1037,"height":716},{"@type":"BreadcrumbList","@id":"https:\/\/radiolitoral.com\/2025\/08\/el-cd-javea-cayo-ante-el-cf-gandia-0-2\/#breadcrumb","itemListElement":[{"@type":"ListItem","position":1,"name":"Portada","item":"https:\/\/radiolitoral.com\/"},{"@type":"ListItem","position":2,"name":"El CD J\u00e1vea cay\u00f3 ante el CF Gand\u00eda (0-2)"}]},{"@type":"WebSite","@id":"https:\/\/radiolitoral.com\/#website","url":"https:\/\/radiolitoral.com\/","name":"R\u00e0dio Litoral","description":"La r\u00e0dio local de la Marina Alta","publisher":{"@id":"https:\/\/radiolitoral.com\/#organization"},"alternateName":"Litoral FM","potentialAction":[{"@type":"SearchAction","target":{"@type":"EntryPoint","urlTemplate":"https:\/\/radiolitoral.com\/?s={search_term_string}"},"query-input":{"@type":"PropertyValueSpecification","valueRequired":true,"valueName":"search_term_string"}}],"inLanguage":"ca"},{"@type":"Organization","@id":"https:\/\/radiolitoral.com\/#organization","name":"R\u00e0dio Litoral","url":"https:\/\/radiolitoral.com\/","logo":{"@type":"ImageObject","inLanguage":"ca","@id":"https:\/\/radiolitoral.com\/#\/schema\/logo\/image\/","url":"https:\/\/media.radiolitoral.com\/wp-content\/uploads\/2023\/02\/24143238\/CL-V-RadioLitoral696.png","contentUrl":"https:\/\/media.radiolitoral.com\/wp-content\/uploads\/2023\/02\/24143238\/CL-V-RadioLitoral696.png","width":696,"height":696,"caption":"Radio Litoral"},"image":{"@id":"https:\/\/radiolitoral.com\/#\/schema\/logo\/image\/"},"sameAs":["https:\/\/www.facebook.com\/Laradiolitoral\/"]},{"@type":"Person","@id":"https:\/\/radiolitoral.com\/#\/schema\/person\/7b1480b5caeb5acdd4ec6379caf62b22","name":"Javier Zamora","image":{"@type":"ImageObject","inLanguage":"ca","@id":"https:\/\/secure.gravatar.com\/avatar\/467a11f6918c7d619c4043fc6fa2d3853053107973f05b6e9c04ea6c4e3a7b3f?s=96&d=mm&r=g","url":"https:\/\/secure.gravatar.com\/avatar\/467a11f6918c7d619c4043fc6fa2d3853053107973f05b6e9c04ea6c4e3a7b3f?s=96&d=mm&r=g","contentUrl":"https:\/\/secure.gravatar.com\/avatar\/467a11f6918c7d619c4043fc6fa2d3853053107973f05b6e9c04ea6c4e3a7b3f?s=96&d=mm&r=g","caption":"Javier Zamora"},"url":"https:\/\/radiolitoral.com\/ca\/author\/javier-zamora\/"}]}},"_links":{"self":[{"href":"https:\/\/radiolitoral.com\/ca\/wp-json\/wp\/v2\/posts\/18177","targetHints":{"allow":["GET"]}}],"collection":[{"href":"https:\/\/radiolitoral.com\/ca\/wp-json\/wp\/v2\/posts"}],"about":[{"href":"https:\/\/radiolitoral.com\/ca\/wp-json\/wp\/v2\/types\/post"}],"author":[{"embeddable":true,"href":"https:\/\/radiolitoral.com\/ca\/wp-json\/wp\/v2\/users\/12"}],"replies":[{"embeddable":true,"href":"https:\/\/radiolitoral.com\/ca\/wp-json\/wp\/v2\/comments?post=18177"}],"version-history":[{"count":2,"href":"https:\/\/radiolitoral.com\/ca\/wp-json\/wp\/v2\/posts\/18177\/revisions"}],"predecessor-version":[{"id":18181,"href":"https:\/\/radiolitoral.com\/ca\/wp-json\/wp\/v2\/posts\/18177\/revisions\/18181"}],"wp:featuredmedia":[{"embeddable":true,"href":"https:\/\/radiolitoral.com\/ca\/wp-json\/wp\/v2\/media\/18178"}],"wp:attachment":[{"href":"https:\/\/radiolitoral.com\/ca\/wp-json\/wp\/v2\/media?parent=18177"}],"wp:term":[{"taxonomy":"category","embeddable":true,"href":"https:\/\/radiolitoral.com\/ca\/wp-json\/wp\/v2\/categories?post=18177"},{"taxonomy":"post_tag","embeddable":true,"href":"https:\/\/radiolitoral.com\/ca\/wp-json\/wp\/v2\/tags?post=18177"}],"curies":[{"name":"wp","href":"https:\/\/api.w.org\/{rel}","templated":true}]}}