{"id":18146,"date":"2025-08-13T11:36:47","date_gmt":"2025-08-13T09:36:47","guid":{"rendered":"https:\/\/radiolitoral.com\/?p=18146"},"modified":"2025-08-13T11:36:47","modified_gmt":"2025-08-13T09:36:47","slug":"sense-gols-al-cd-javea-gorgos-cf","status":"publish","type":"post","link":"https:\/\/radiolitoral.com\/ca\/2025\/08\/sin-goles-en-el-cd-javea-gorgos-cf\/","title":{"rendered":"Sense gols al CD J\u00e1vea-Gorgos CF"},"content":{"rendered":"<p>El <strong>CD X\u00e0bia<\/strong> va disputar un partit amist\u00f3s contra el <strong>Gorgos CF<\/strong> al <strong>camp municipal de X\u00e0bia<\/strong>, que va acabar amb un <strong>empat a zero<\/strong> al marcador. El matx va estar marcat per l&#039;intens calor i pel debut de Maxi Hernan, l&#039;\u00faltim fitxatge de la formaci\u00f3 blanc-i-vermella. Tot i la igualtat al marcador, el partit va servir com una bona oportunitat perqu\u00e8 els jugadors afinessin la seva preparaci\u00f3 de cara al comen\u00e7ament de la temporada.<\/p>\n<p>El t\u00e8cnic del CD X\u00e0bia<strong>,<\/strong> <strong>Juliol Ivorra<\/strong>, va alinear a la primera part diversos dels jugadors nous, pensant en el comprom\u00eds d&#039;aquest dimecres contra el CF Gandia, un enfrontament de m\u00e9s exig\u00e8ncia. Pel que fa al desenvolupament del joc, els locals van tenir un parell d&#039;ocasions clares, primer amb <strong>Cap<\/strong> i despr\u00e9s amb <strong>Adri\u00e0<\/strong>, per\u00f2 en totes dues situacions el porter visitant va intervenir de forma destacada, evitant que l&#039;equip de X\u00e0bia es pos\u00e9s per davant.<\/p>\n<h4>Disminuci\u00f3 del ritme de joc<\/h4>\n<p>A la segona part, tots dos equips van realitzar diversos canvis, per\u00f2 el domini va ser principalment del CD X\u00e0bia, que va generar algunes jugades de perill. <strong>Joan<\/strong> va tenir l&#039;oportunitat de marcar despr\u00e9s d&#039;una bona jugada col\u00b7lectiva, per\u00f2 la seva rematada va ser ben resolta pel porter del Gorgos CF. Tot i el control local m\u00e9s gran en aquesta part, l&#039;equip va trobar a faltar la pres\u00e8ncia del seu davanter <strong>Aliou<\/strong>, qui no va poder ser present a causa de problemes de treball. La seva capacitat per definir davant de la porteria contr\u00e0ria \u00e9s molt apreciada a l&#039;equip, i la seva abs\u00e8ncia va ser notable en aquesta ocasi\u00f3.<\/p>\n<p>Tot i els esfor\u00e7os ofensius, el CD X\u00e0bia no va aconseguir marcar i el partit va acabar sense gols, encara que amb bones sensacions pel que fa a l&#039;actitud i el treball col\u00b7lectiu dels jugadors.<\/p>\n<p><script src=\"chrome-extension:\/\/flbolonkboilcbnohjlchlfgdalomdpl\/iFrame.js\" type=\"text\/javascript\"><\/script><\/p>","protected":false},"excerpt":{"rendered":"<p>El CD J\u00e1vea disput\u00f3 un partido amistoso contra el Gorgos CF en el campo municipal de X\u00e0bia, que acab\u00f3 con un empate a cero en el marcador. El encuentro estuvo marcado por el intenso calor y por el debut de Maxi Hernan, el \u00faltimo fichaje de la formaci\u00f3n rojiblanca. A pesar de la igualdad en [&#8230;]<\/p>\n<p><a class=\"btn btn-secondary understrap-read-more-link\" href=\"https:\/\/radiolitoral.com\/ca\/2025\/08\/sin-goles-en-el-cd-javea-gorgos-cf\/\">Continua llegint&#8230;<span class=\"screen-reader-text\"> from Sin goles en el CD J\u00e1vea-Gorgos CF<\/span><\/a><\/p>\n","protected":false},"author":12,"featured_media":18147,"comment_status":"open","ping_status":"closed","sticky":false,"template":"","format":"standard","meta":{"_acf_changed":false,"inline_featured_image":false,"footnotes":""},"categories":[5],"tags":[4859,1332,6,1096,1503],"class_list":["post-18146","post","type-post","status-publish","format-standard","has-post-thumbnail","hentry","category-deportes","tag-campo-municipal-de-xabia","tag-cd-javea","tag-deportes","tag-gorgos-cf","tag-julio-ivorra","cobertura-xabia"],"acf":[],"yoast_head":"<!-- This site is optimized with the Yoast SEO plugin v27.5 - https:\/\/yoast.com\/product\/yoast-seo-wordpress\/ -->\n<title>Sin goles en el CD J\u00e1vea-Gorgos CF | R\u00e0dio Litoral<\/title>\n<meta name=\"description\" content=\"El choque acabo sin goles gracias a las buenas paradas del meta visitanteEl choque acabo sin goles gracias a las buenas paradas del meta visitante\" \/>\n<meta name=\"robots\" content=\"index, follow, max-snippet:-1, max-image-preview:large, max-video-preview:-1\" \/>\n<link rel=\"canonical\" href=\"https:\/\/radiolitoral.com\/ca\/2025\/08\/sense-gols-al-cd-javea-gorgos-cf\/\" \/>\n<meta property=\"og:locale\" content=\"ca_ES\" \/>\n<meta property=\"og:type\" content=\"article\" \/>\n<meta property=\"og:title\" content=\"Sin goles en el CD J\u00e1vea-Gorgos CF | R\u00e0dio Litoral\" \/>\n<meta property=\"og:description\" content=\"El choque acabo sin goles gracias a las buenas paradas del meta visitanteEl choque acabo sin goles gracias a las buenas paradas del meta visitante\" \/>\n<meta property=\"og:url\" content=\"https:\/\/radiolitoral.com\/ca\/2025\/08\/sense-gols-al-cd-javea-gorgos-cf\/\" \/>\n<meta property=\"og:site_name\" content=\"R\u00e0dio Litoral\" \/>\n<meta property=\"article:publisher\" content=\"https:\/\/www.facebook.com\/Laradiolitoral\/\" \/>\n<meta property=\"article:published_time\" content=\"2025-08-13T09:36:47+00:00\" \/>\n<meta property=\"og:image\" content=\"https:\/\/media.radiolitoral.com\/wp-content\/uploads\/2025\/08\/13113505\/Destefano-jugando-un-balon.jpg\" \/>\n\t<meta property=\"og:image:width\" content=\"1600\" \/>\n\t<meta property=\"og:image:height\" content=\"1085\" \/>\n\t<meta property=\"og:image:type\" content=\"image\/jpeg\" \/>\n<meta name=\"author\" content=\"Javier Zamora\" \/>\n<meta name=\"twitter:card\" content=\"summary_large_image\" \/>\n<meta name=\"twitter:label1\" content=\"Escrit per\" \/>\n\t<meta name=\"twitter:data1\" content=\"Javier Zamora\" \/>\n\t<meta name=\"twitter:label2\" content=\"Temps estimat de lectura\" \/>\n\t<meta name=\"twitter:data2\" content=\"2 minuts\" \/>\n<script type=\"application\/ld+json\" class=\"yoast-schema-graph\">{\"@context\":\"https:\\\/\\\/schema.org\",\"@graph\":[{\"@type\":\"NewsArticle\",\"@id\":\"https:\\\/\\\/radiolitoral.com\\\/2025\\\/08\\\/sin-goles-en-el-cd-javea-gorgos-cf\\\/#article\",\"isPartOf\":{\"@id\":\"https:\\\/\\\/radiolitoral.com\\\/2025\\\/08\\\/sin-goles-en-el-cd-javea-gorgos-cf\\\/\"},\"author\":{\"name\":\"Javier Zamora\",\"@id\":\"https:\\\/\\\/radiolitoral.com\\\/#\\\/schema\\\/person\\\/7b1480b5caeb5acdd4ec6379caf62b22\"},\"headline\":\"Sin goles en el CD J\u00e1vea-Gorgos CF\",\"datePublished\":\"2025-08-13T09:36:47+00:00\",\"mainEntityOfPage\":{\"@id\":\"https:\\\/\\\/radiolitoral.com\\\/2025\\\/08\\\/sin-goles-en-el-cd-javea-gorgos-cf\\\/\"},\"wordCount\":315,\"commentCount\":0,\"publisher\":{\"@id\":\"https:\\\/\\\/radiolitoral.com\\\/#organization\"},\"image\":{\"@id\":\"https:\\\/\\\/radiolitoral.com\\\/2025\\\/08\\\/sin-goles-en-el-cd-javea-gorgos-cf\\\/#primaryimage\"},\"thumbnailUrl\":\"https:\\\/\\\/media.radiolitoral.com\\\/wp-content\\\/uploads\\\/2025\\\/08\\\/13113505\\\/Destefano-jugando-un-balon.jpg\",\"keywords\":[\"campo municipal de X\u00e0bia\",\"CD J\u00e1vea\",\"deportes\",\"Gorgos CF\",\"Julio Ivorra\"],\"articleSection\":[\"Deportes\"],\"inLanguage\":\"ca\",\"potentialAction\":[{\"@type\":\"CommentAction\",\"name\":\"Comment\",\"target\":[\"https:\\\/\\\/radiolitoral.com\\\/2025\\\/08\\\/sin-goles-en-el-cd-javea-gorgos-cf\\\/#respond\"]}]},{\"@type\":[\"WebPage\",\"ItemPage\"],\"@id\":\"https:\\\/\\\/radiolitoral.com\\\/2025\\\/08\\\/sin-goles-en-el-cd-javea-gorgos-cf\\\/\",\"url\":\"https:\\\/\\\/radiolitoral.com\\\/2025\\\/08\\\/sin-goles-en-el-cd-javea-gorgos-cf\\\/\",\"name\":\"Sin goles en el CD J\u00e1vea-Gorgos CF | R\u00e0dio Litoral\",\"isPartOf\":{\"@id\":\"https:\\\/\\\/radiolitoral.com\\\/#website\"},\"primaryImageOfPage\":{\"@id\":\"https:\\\/\\\/radiolitoral.com\\\/2025\\\/08\\\/sin-goles-en-el-cd-javea-gorgos-cf\\\/#primaryimage\"},\"image\":{\"@id\":\"https:\\\/\\\/radiolitoral.com\\\/2025\\\/08\\\/sin-goles-en-el-cd-javea-gorgos-cf\\\/#primaryimage\"},\"thumbnailUrl\":\"https:\\\/\\\/media.radiolitoral.com\\\/wp-content\\\/uploads\\\/2025\\\/08\\\/13113505\\\/Destefano-jugando-un-balon.jpg\",\"datePublished\":\"2025-08-13T09:36:47+00:00\",\"description\":\"El choque acabo sin goles gracias a las buenas paradas del meta visitanteEl choque acabo sin goles gracias a las buenas paradas del meta visitante\",\"breadcrumb\":{\"@id\":\"https:\\\/\\\/radiolitoral.com\\\/2025\\\/08\\\/sin-goles-en-el-cd-javea-gorgos-cf\\\/#breadcrumb\"},\"inLanguage\":\"ca\",\"potentialAction\":[{\"@type\":\"ReadAction\",\"target\":[\"https:\\\/\\\/radiolitoral.com\\\/2025\\\/08\\\/sin-goles-en-el-cd-javea-gorgos-cf\\\/\"]}]},{\"@type\":\"ImageObject\",\"inLanguage\":\"ca\",\"@id\":\"https:\\\/\\\/radiolitoral.com\\\/2025\\\/08\\\/sin-goles-en-el-cd-javea-gorgos-cf\\\/#primaryimage\",\"url\":\"https:\\\/\\\/media.radiolitoral.com\\\/wp-content\\\/uploads\\\/2025\\\/08\\\/13113505\\\/Destefano-jugando-un-balon.jpg\",\"contentUrl\":\"https:\\\/\\\/media.radiolitoral.com\\\/wp-content\\\/uploads\\\/2025\\\/08\\\/13113505\\\/Destefano-jugando-un-balon.jpg\",\"width\":1600,\"height\":1085},{\"@type\":\"BreadcrumbList\",\"@id\":\"https:\\\/\\\/radiolitoral.com\\\/2025\\\/08\\\/sin-goles-en-el-cd-javea-gorgos-cf\\\/#breadcrumb\",\"itemListElement\":[{\"@type\":\"ListItem\",\"position\":1,\"name\":\"Portada\",\"item\":\"https:\\\/\\\/radiolitoral.com\\\/\"},{\"@type\":\"ListItem\",\"position\":2,\"name\":\"Sin goles en el CD J\u00e1vea-Gorgos CF\"}]},{\"@type\":\"WebSite\",\"@id\":\"https:\\\/\\\/radiolitoral.com\\\/#website\",\"url\":\"https:\\\/\\\/radiolitoral.com\\\/\",\"name\":\"Radio Litoral\",\"description\":\"La radio local de la Marina Alta\",\"publisher\":{\"@id\":\"https:\\\/\\\/radiolitoral.com\\\/#organization\"},\"alternateName\":\"Litoral FM\",\"potentialAction\":[{\"@type\":\"SearchAction\",\"target\":{\"@type\":\"EntryPoint\",\"urlTemplate\":\"https:\\\/\\\/radiolitoral.com\\\/?s={search_term_string}\"},\"query-input\":{\"@type\":\"PropertyValueSpecification\",\"valueRequired\":true,\"valueName\":\"search_term_string\"}}],\"inLanguage\":\"ca\"},{\"@type\":\"Organization\",\"@id\":\"https:\\\/\\\/radiolitoral.com\\\/#organization\",\"name\":\"Radio Litoral\",\"url\":\"https:\\\/\\\/radiolitoral.com\\\/\",\"logo\":{\"@type\":\"ImageObject\",\"inLanguage\":\"ca\",\"@id\":\"https:\\\/\\\/radiolitoral.com\\\/#\\\/schema\\\/logo\\\/image\\\/\",\"url\":\"https:\\\/\\\/media.radiolitoral.com\\\/wp-content\\\/uploads\\\/2023\\\/02\\\/24143238\\\/CL-V-RadioLitoral696.png\",\"contentUrl\":\"https:\\\/\\\/media.radiolitoral.com\\\/wp-content\\\/uploads\\\/2023\\\/02\\\/24143238\\\/CL-V-RadioLitoral696.png\",\"width\":696,\"height\":696,\"caption\":\"Radio Litoral\"},\"image\":{\"@id\":\"https:\\\/\\\/radiolitoral.com\\\/#\\\/schema\\\/logo\\\/image\\\/\"},\"sameAs\":[\"https:\\\/\\\/www.facebook.com\\\/Laradiolitoral\\\/\"]},{\"@type\":\"Person\",\"@id\":\"https:\\\/\\\/radiolitoral.com\\\/#\\\/schema\\\/person\\\/7b1480b5caeb5acdd4ec6379caf62b22\",\"name\":\"Javier Zamora\",\"image\":{\"@type\":\"ImageObject\",\"inLanguage\":\"ca\",\"@id\":\"https:\\\/\\\/secure.gravatar.com\\\/avatar\\\/467a11f6918c7d619c4043fc6fa2d3853053107973f05b6e9c04ea6c4e3a7b3f?s=96&d=mm&r=g\",\"url\":\"https:\\\/\\\/secure.gravatar.com\\\/avatar\\\/467a11f6918c7d619c4043fc6fa2d3853053107973f05b6e9c04ea6c4e3a7b3f?s=96&d=mm&r=g\",\"contentUrl\":\"https:\\\/\\\/secure.gravatar.com\\\/avatar\\\/467a11f6918c7d619c4043fc6fa2d3853053107973f05b6e9c04ea6c4e3a7b3f?s=96&d=mm&r=g\",\"caption\":\"Javier Zamora\"},\"url\":\"https:\\\/\\\/radiolitoral.com\\\/ca\\\/author\\\/javier-zamora\\\/\"}]}<\/script>\n<!-- \/ Yoast SEO plugin. -->","yoast_head_json":{"title":"Sense gols al CD J\u00e1vea-Gorgos CF | R\u00e0dio Litoral","description":"El xoc acabo sense gols gr\u00e0cies a les bones parades del meta visitantEl xoc acabo sense gols gr\u00e0cies a les bones parades del meta visitant","robots":{"index":"index","follow":"follow","max-snippet":"max-snippet:-1","max-image-preview":"max-image-preview:large","max-video-preview":"max-video-preview:-1"},"canonical":"https:\/\/radiolitoral.com\/ca\/2025\/08\/sense-gols-al-cd-javea-gorgos-cf\/","og_locale":"ca_ES","og_type":"article","og_title":"Sin goles en el CD J\u00e1vea-Gorgos CF | R\u00e0dio Litoral","og_description":"El choque acabo sin goles gracias a las buenas paradas del meta visitanteEl choque acabo sin goles gracias a las buenas paradas del meta visitante","og_url":"https:\/\/radiolitoral.com\/ca\/2025\/08\/sense-gols-al-cd-javea-gorgos-cf\/","og_site_name":"R\u00e0dio Litoral","article_publisher":"https:\/\/www.facebook.com\/Laradiolitoral\/","article_published_time":"2025-08-13T09:36:47+00:00","og_image":[{"width":1600,"height":1085,"url":"https:\/\/media.radiolitoral.com\/wp-content\/uploads\/2025\/08\/13113505\/Destefano-jugando-un-balon.jpg","type":"image\/jpeg"}],"author":"Javier Zamora","twitter_card":"summary_large_image","twitter_misc":{"Escrit per":"Javier Zamora","Temps estimat de lectura":"2 minuts"},"schema":{"@context":"https:\/\/schema.org","@graph":[{"@type":"NewsArticle","@id":"https:\/\/radiolitoral.com\/2025\/08\/sin-goles-en-el-cd-javea-gorgos-cf\/#article","isPartOf":{"@id":"https:\/\/radiolitoral.com\/2025\/08\/sin-goles-en-el-cd-javea-gorgos-cf\/"},"author":{"name":"Javier Zamora","@id":"https:\/\/radiolitoral.com\/#\/schema\/person\/7b1480b5caeb5acdd4ec6379caf62b22"},"headline":"Sin goles en el CD J\u00e1vea-Gorgos CF","datePublished":"2025-08-13T09:36:47+00:00","mainEntityOfPage":{"@id":"https:\/\/radiolitoral.com\/2025\/08\/sin-goles-en-el-cd-javea-gorgos-cf\/"},"wordCount":315,"commentCount":0,"publisher":{"@id":"https:\/\/radiolitoral.com\/#organization"},"image":{"@id":"https:\/\/radiolitoral.com\/2025\/08\/sin-goles-en-el-cd-javea-gorgos-cf\/#primaryimage"},"thumbnailUrl":"https:\/\/media.radiolitoral.com\/wp-content\/uploads\/2025\/08\/13113505\/Destefano-jugando-un-balon.jpg","keywords":["campo municipal de X\u00e0bia","CD J\u00e1vea","deportes","Gorgos CF","Julio Ivorra"],"articleSection":["Deportes"],"inLanguage":"ca","potentialAction":[{"@type":"CommentAction","name":"Comment","target":["https:\/\/radiolitoral.com\/2025\/08\/sin-goles-en-el-cd-javea-gorgos-cf\/#respond"]}]},{"@type":["WebPage","ItemPage"],"@id":"https:\/\/radiolitoral.com\/2025\/08\/sin-goles-en-el-cd-javea-gorgos-cf\/","url":"https:\/\/radiolitoral.com\/2025\/08\/sin-goles-en-el-cd-javea-gorgos-cf\/","name":"Sense gols al CD J\u00e1vea-Gorgos CF | R\u00e0dio Litoral","isPartOf":{"@id":"https:\/\/radiolitoral.com\/#website"},"primaryImageOfPage":{"@id":"https:\/\/radiolitoral.com\/2025\/08\/sin-goles-en-el-cd-javea-gorgos-cf\/#primaryimage"},"image":{"@id":"https:\/\/radiolitoral.com\/2025\/08\/sin-goles-en-el-cd-javea-gorgos-cf\/#primaryimage"},"thumbnailUrl":"https:\/\/media.radiolitoral.com\/wp-content\/uploads\/2025\/08\/13113505\/Destefano-jugando-un-balon.jpg","datePublished":"2025-08-13T09:36:47+00:00","description":"El xoc acabo sense gols gr\u00e0cies a les bones parades del meta visitantEl xoc acabo sense gols gr\u00e0cies a les bones parades del meta visitant","breadcrumb":{"@id":"https:\/\/radiolitoral.com\/2025\/08\/sin-goles-en-el-cd-javea-gorgos-cf\/#breadcrumb"},"inLanguage":"ca","potentialAction":[{"@type":"ReadAction","target":["https:\/\/radiolitoral.com\/2025\/08\/sin-goles-en-el-cd-javea-gorgos-cf\/"]}]},{"@type":"ImageObject","inLanguage":"ca","@id":"https:\/\/radiolitoral.com\/2025\/08\/sin-goles-en-el-cd-javea-gorgos-cf\/#primaryimage","url":"https:\/\/media.radiolitoral.com\/wp-content\/uploads\/2025\/08\/13113505\/Destefano-jugando-un-balon.jpg","contentUrl":"https:\/\/media.radiolitoral.com\/wp-content\/uploads\/2025\/08\/13113505\/Destefano-jugando-un-balon.jpg","width":1600,"height":1085},{"@type":"BreadcrumbList","@id":"https:\/\/radiolitoral.com\/2025\/08\/sin-goles-en-el-cd-javea-gorgos-cf\/#breadcrumb","itemListElement":[{"@type":"ListItem","position":1,"name":"Portada","item":"https:\/\/radiolitoral.com\/"},{"@type":"ListItem","position":2,"name":"Sin goles en el CD J\u00e1vea-Gorgos CF"}]},{"@type":"WebSite","@id":"https:\/\/radiolitoral.com\/#website","url":"https:\/\/radiolitoral.com\/","name":"R\u00e0dio Litoral","description":"La r\u00e0dio local de la Marina Alta","publisher":{"@id":"https:\/\/radiolitoral.com\/#organization"},"alternateName":"Litoral FM","potentialAction":[{"@type":"SearchAction","target":{"@type":"EntryPoint","urlTemplate":"https:\/\/radiolitoral.com\/?s={search_term_string}"},"query-input":{"@type":"PropertyValueSpecification","valueRequired":true,"valueName":"search_term_string"}}],"inLanguage":"ca"},{"@type":"Organization","@id":"https:\/\/radiolitoral.com\/#organization","name":"R\u00e0dio Litoral","url":"https:\/\/radiolitoral.com\/","logo":{"@type":"ImageObject","inLanguage":"ca","@id":"https:\/\/radiolitoral.com\/#\/schema\/logo\/image\/","url":"https:\/\/media.radiolitoral.com\/wp-content\/uploads\/2023\/02\/24143238\/CL-V-RadioLitoral696.png","contentUrl":"https:\/\/media.radiolitoral.com\/wp-content\/uploads\/2023\/02\/24143238\/CL-V-RadioLitoral696.png","width":696,"height":696,"caption":"Radio Litoral"},"image":{"@id":"https:\/\/radiolitoral.com\/#\/schema\/logo\/image\/"},"sameAs":["https:\/\/www.facebook.com\/Laradiolitoral\/"]},{"@type":"Person","@id":"https:\/\/radiolitoral.com\/#\/schema\/person\/7b1480b5caeb5acdd4ec6379caf62b22","name":"Javier Zamora","image":{"@type":"ImageObject","inLanguage":"ca","@id":"https:\/\/secure.gravatar.com\/avatar\/467a11f6918c7d619c4043fc6fa2d3853053107973f05b6e9c04ea6c4e3a7b3f?s=96&d=mm&r=g","url":"https:\/\/secure.gravatar.com\/avatar\/467a11f6918c7d619c4043fc6fa2d3853053107973f05b6e9c04ea6c4e3a7b3f?s=96&d=mm&r=g","contentUrl":"https:\/\/secure.gravatar.com\/avatar\/467a11f6918c7d619c4043fc6fa2d3853053107973f05b6e9c04ea6c4e3a7b3f?s=96&d=mm&r=g","caption":"Javier Zamora"},"url":"https:\/\/radiolitoral.com\/ca\/author\/javier-zamora\/"}]}},"_links":{"self":[{"href":"https:\/\/radiolitoral.com\/ca\/wp-json\/wp\/v2\/posts\/18146","targetHints":{"allow":["GET"]}}],"collection":[{"href":"https:\/\/radiolitoral.com\/ca\/wp-json\/wp\/v2\/posts"}],"about":[{"href":"https:\/\/radiolitoral.com\/ca\/wp-json\/wp\/v2\/types\/post"}],"author":[{"embeddable":true,"href":"https:\/\/radiolitoral.com\/ca\/wp-json\/wp\/v2\/users\/12"}],"replies":[{"embeddable":true,"href":"https:\/\/radiolitoral.com\/ca\/wp-json\/wp\/v2\/comments?post=18146"}],"version-history":[{"count":1,"href":"https:\/\/radiolitoral.com\/ca\/wp-json\/wp\/v2\/posts\/18146\/revisions"}],"predecessor-version":[{"id":18148,"href":"https:\/\/radiolitoral.com\/ca\/wp-json\/wp\/v2\/posts\/18146\/revisions\/18148"}],"wp:featuredmedia":[{"embeddable":true,"href":"https:\/\/radiolitoral.com\/ca\/wp-json\/wp\/v2\/media\/18147"}],"wp:attachment":[{"href":"https:\/\/radiolitoral.com\/ca\/wp-json\/wp\/v2\/media?parent=18146"}],"wp:term":[{"taxonomy":"category","embeddable":true,"href":"https:\/\/radiolitoral.com\/ca\/wp-json\/wp\/v2\/categories?post=18146"},{"taxonomy":"post_tag","embeddable":true,"href":"https:\/\/radiolitoral.com\/ca\/wp-json\/wp\/v2\/tags?post=18146"}],"curies":[{"name":"wp","href":"https:\/\/api.w.org\/{rel}","templated":true}]}}