{"id":17922,"date":"2025-07-30T10:30:57","date_gmt":"2025-07-30T08:30:57","guid":{"rendered":"https:\/\/radiolitoral.com\/?p=17922"},"modified":"2025-07-30T10:34:43","modified_gmt":"2025-07-30T08:34:43","slug":"veronica-martinez-considerem-que-es-fonamental-promoure-el-patrimoni-immaterial-de-teulada-moraira-amb-una-perspectiva-diferent","status":"publish","type":"post","link":"https:\/\/radiolitoral.com\/ca\/2025\/07\/veronica-martinez-consideramos-que-es-fundamental-promover-el-patrimonio-inmaterial-de-teulada-moraira-con-una-perspectiva-diferente\/","title":{"rendered":"Ver\u00f3nica Mart\u00ednez: \u201cConsiderem que \u00e9s fonamental promoure el patrimoni immaterial de Teulada Moraira, amb una perspectiva diferent\u201d"},"content":{"rendered":"<p>Aquest mat\u00ed al <strong>Primer Caf\u00e8<\/strong> hem pogut con\u00e8ixer una iniciativa que ens convida durant el mes dagost a donar <strong>un passeig per la hist\u00f2ria de Teulada<\/strong>, a rec\u00f3rrer els carrers empedrats del nucli hist\u00f2ric telad\u00ed i centre de Moraira mentre personatges de segles passats cobren vida davant dels nostres ulls. Es tracta d&#039;un cicle de visites que ens permeten viatjar en el temps i con\u00e8ixer les arrels de Teulada de manera propera, divertida i sorprenent. Una invitaci\u00f3 apta per a tots els p\u00fablics promoguda per <strong>l&#039;Ajuntament de Teulada.<\/strong> Avui hem conversat amb la <strong>regidora de Turisme, Ver\u00f3nica Mart\u00ednez<\/strong>, i la <strong>t\u00e8cnica d&#039;aquest departament,<\/strong> <strong>Luc\u00eda Ortol\u00e0,<\/strong> sobre les <strong>visites teatralitzades gratu\u00eftes<\/strong> que transformen els dos cascos del municipi en un escenari viu, en qu\u00e8 diversos personatges ens transporten alhora pret\u00e8rit, descobrint-nos secrets, llegendes i emocions vinculades amb el passat de la localitat.<\/p>\n<p>Una experi\u00e8ncia que barreja patrimoni, teatre, turisme i emoci\u00f3. I que t\u00e9 la propera cita aquest divendres, 1 d&#039;agost, amb un recorregut pel centre hist\u00f2ric de Teulada amb el lema \u00abUn il\u00b7lustrat a la Teulada del segle XIX\u00bb. Una experi\u00e8ncia que es repetir\u00e0 els divendres 15 i 22 d&#039;agost, amb sortida des de la Pla\u00e7a de la Constituci\u00f3, davant de l&#039;edifici consistorial.<\/p>\n<p>La setmana que ve, el dijous 7, i els 21 i 28 d&#039;agost seg\u00fcents, una miliciana i una cors\u00e0ria cobraran vida per compartir amb els assistents la hist\u00f2ria de Moraira lligada a antics atacs i defensa del litoral. En aquestes visites teatralitzades el punt de trobada \u00e9s la Pla\u00e7a de la Sort.<\/p>\n<p>Una iniciativa que es fa des de fa uns anys i que desperta l&#039;inter\u00e8s de turistes, per\u00f2 tamb\u00e9 el de ve\u00efns i ve\u00efnes de la localitat.<\/p>\n<p>Les rutes teatralitzades es desenvoluparan en espanyol, amb un llenguatge proper i algun moment c\u00f2mic. Requereixen inscripci\u00f3 pr\u00e8via i obligat\u00f2ria, i estan subjectes a un m\u00ednim de cinc participants per grup per poder-se desenvolupar. Les persones interessades a assistir-hi poden formalitzar la seva inscripci\u00f3 a trav\u00e9s del web <strong><a href=\"http:\/\/www.turismoteuladamoraira.com\">www.turismoteuladamoraira.com<\/a><\/strong><\/p>\n<p>Podeu tornar a escoltar l&#039;entrevista completa aqu\u00ed.<\/p>\n<audio class=\"wp-audio-shortcode\" id=\"audio-17922-1\" preload=\"none\" style=\"width: 100%;\" controls=\"controls\"><source type=\"audio\/mpeg\" src=\"https:\/\/media.radiolitoral.com\/wp-content\/uploads\/2025\/07\/30102544\/Primer-Cafe-Visites-Teatralitzades-Teulada.mp3?_=1\" \/><a href=\"https:\/\/media.radiolitoral.com\/wp-content\/uploads\/2025\/07\/30102544\/Primer-Cafe-Visites-Teatralitzades-Teulada.mp3\">https:\/\/media.radiolitoral.com\/wp-content\/uploads\/2025\/07\/30102544\/Primer-Cafe-Visites-Teatralitzades-Teulada.mp3<\/a><\/audio>","protected":false},"excerpt":{"rendered":"<p>Esta ma\u00f1ana en el Primer Caf\u00e9 hemos podido conocer una iniciativa que nos invita durante el mes de agosto a dar un paseo por la historia de Teulada, a recorrer las calles empedradas del casco hist\u00f3rico teuladino y centro de Moraira mientras personajes de siglos pasados cobran vida ante nuestros ojos. Se trata de un [&#8230;]<\/p>\n<p><a class=\"btn btn-secondary understrap-read-more-link\" href=\"https:\/\/radiolitoral.com\/ca\/2025\/07\/veronica-martinez-consideramos-que-es-fundamental-promover-el-patrimonio-inmaterial-de-teulada-moraira-con-una-perspectiva-diferente\/\">Continua llegint&#8230;<span class=\"screen-reader-text\"> from Ver\u00f3nica Mart\u00ednez: \u201cConsideramos que es fundamental promover el patrimonio inmaterial de Teulada Moraira, con una perspectiva diferente\u201d<\/span><\/a><\/p>\n","protected":false},"author":13,"featured_media":17924,"comment_status":"open","ping_status":"closed","sticky":false,"template":"","format":"standard","meta":{"_acf_changed":false,"inline_featured_image":false,"footnotes":""},"categories":[2753,144],"tags":[4776,4775,370,2312,2518,780,4774],"class_list":["post-17922","post","type-post","status-publish","format-standard","has-post-thumbnail","hentry","category-entrevistas","category-turismo","tag-agosto","tag-lucia-ortola","tag-patrimonio-historico","tag-primer-cafe","tag-veronica-martinez","tag-visitas-guiadas","tag-visitas-teatralizadas","cobertura-marina-alta","cobertura-teulada-moraira"],"acf":[],"yoast_head":"<!-- This site is optimized with the Yoast SEO plugin v27.5 - https:\/\/yoast.com\/product\/yoast-seo-wordpress\/ -->\n<title>Ver\u00f3nica Mart\u00ednez: \u201cConsideramos que es fundamental promover el patrimonio inmaterial de Teulada Moraira, con una perspectiva diferente\u201d | R\u00e0dio Litoral<\/title>\n<meta name=\"description\" content=\"Teulada nos invita a recorrer su patrimonio hist\u00f3rico con un ciclo de rutas teatralizadas durante el mes de agosto\" \/>\n<meta name=\"robots\" content=\"index, follow, max-snippet:-1, max-image-preview:large, max-video-preview:-1\" \/>\n<link rel=\"canonical\" href=\"https:\/\/radiolitoral.com\/ca\/2025\/07\/veronica-martinez-considerem-que-es-fonamental-promoure-el-patrimoni-immaterial-de-teulada-moraira-amb-una-perspectiva-diferent\/\" \/>\n<meta property=\"og:locale\" content=\"ca_ES\" \/>\n<meta property=\"og:type\" content=\"article\" \/>\n<meta property=\"og:title\" content=\"Ver\u00f3nica Mart\u00ednez: \u201cConsideramos que es fundamental promover el patrimonio inmaterial de Teulada Moraira, con una perspectiva diferente\u201d | R\u00e0dio Litoral\" \/>\n<meta property=\"og:description\" content=\"Teulada nos invita a recorrer su patrimonio hist\u00f3rico con un ciclo de rutas teatralizadas durante el mes de agosto\" \/>\n<meta property=\"og:url\" content=\"https:\/\/radiolitoral.com\/ca\/2025\/07\/veronica-martinez-considerem-que-es-fonamental-promoure-el-patrimoni-immaterial-de-teulada-moraira-amb-una-perspectiva-diferent\/\" \/>\n<meta property=\"og:site_name\" content=\"R\u00e0dio Litoral\" \/>\n<meta property=\"article:publisher\" content=\"https:\/\/www.facebook.com\/Laradiolitoral\/\" \/>\n<meta property=\"article:published_time\" content=\"2025-07-30T08:30:57+00:00\" \/>\n<meta property=\"article:modified_time\" content=\"2025-07-30T08:34:43+00:00\" \/>\n<meta property=\"og:image\" content=\"https:\/\/media.radiolitoral.com\/wp-content\/uploads\/2025\/07\/30102732\/Lucia-Ortola-y-Veronica-Martinez-Primer-Cafe.jpg\" \/>\n\t<meta property=\"og:image:width\" content=\"2000\" \/>\n\t<meta property=\"og:image:height\" content=\"1500\" \/>\n\t<meta property=\"og:image:type\" content=\"image\/jpeg\" \/>\n<meta name=\"author\" content=\"Redacci\u00f3n\" \/>\n<meta name=\"twitter:card\" content=\"summary_large_image\" \/>\n<meta name=\"twitter:label1\" content=\"Escrit per\" \/>\n\t<meta name=\"twitter:data1\" content=\"Redacci\u00f3n\" \/>\n\t<meta name=\"twitter:label2\" content=\"Temps estimat de lectura\" \/>\n\t<meta name=\"twitter:data2\" content=\"3 minuts\" \/>\n<script type=\"application\/ld+json\" class=\"yoast-schema-graph\">{\"@context\":\"https:\\\/\\\/schema.org\",\"@graph\":[{\"@type\":\"NewsArticle\",\"@id\":\"https:\\\/\\\/radiolitoral.com\\\/2025\\\/07\\\/veronica-martinez-consideramos-que-es-fundamental-promover-el-patrimonio-inmaterial-de-teulada-moraira-con-una-perspectiva-diferente\\\/#article\",\"isPartOf\":{\"@id\":\"https:\\\/\\\/radiolitoral.com\\\/2025\\\/07\\\/veronica-martinez-consideramos-que-es-fundamental-promover-el-patrimonio-inmaterial-de-teulada-moraira-con-una-perspectiva-diferente\\\/\"},\"author\":{\"name\":\"Redacci\u00f3n\",\"@id\":\"https:\\\/\\\/radiolitoral.com\\\/#\\\/schema\\\/person\\\/f2b2343c49b5d721857cc1002bfdb151\"},\"headline\":\"Ver\u00f3nica Mart\u00ednez: \u201cConsideramos que es fundamental promover el patrimonio inmaterial de Teulada Moraira, con una perspectiva diferente\u201d\",\"datePublished\":\"2025-07-30T08:30:57+00:00\",\"dateModified\":\"2025-07-30T08:34:43+00:00\",\"mainEntityOfPage\":{\"@id\":\"https:\\\/\\\/radiolitoral.com\\\/2025\\\/07\\\/veronica-martinez-consideramos-que-es-fundamental-promover-el-patrimonio-inmaterial-de-teulada-moraira-con-una-perspectiva-diferente\\\/\"},\"wordCount\":431,\"commentCount\":0,\"publisher\":{\"@id\":\"https:\\\/\\\/radiolitoral.com\\\/#organization\"},\"image\":{\"@id\":\"https:\\\/\\\/radiolitoral.com\\\/2025\\\/07\\\/veronica-martinez-consideramos-que-es-fundamental-promover-el-patrimonio-inmaterial-de-teulada-moraira-con-una-perspectiva-diferente\\\/#primaryimage\"},\"thumbnailUrl\":\"https:\\\/\\\/media.radiolitoral.com\\\/wp-content\\\/uploads\\\/2025\\\/07\\\/30102732\\\/Lucia-Ortola-y-Veronica-Martinez-Primer-Cafe.jpg\",\"keywords\":[\"Agosto\",\"Luc\u00eda Ortol\u00e0\",\"patrimonio hist\u00f3rico\",\"Primer Caf\u00e9\",\"Ver\u00f3nica Mart\u00ednez\",\"visitas guiadas\",\"Visitas Teatralizadas\"],\"articleSection\":[\"Entrevistas\",\"Turismo\"],\"inLanguage\":\"ca\",\"potentialAction\":[{\"@type\":\"CommentAction\",\"name\":\"Comment\",\"target\":[\"https:\\\/\\\/radiolitoral.com\\\/2025\\\/07\\\/veronica-martinez-consideramos-que-es-fundamental-promover-el-patrimonio-inmaterial-de-teulada-moraira-con-una-perspectiva-diferente\\\/#respond\"]}]},{\"@type\":[\"WebPage\",\"ItemPage\"],\"@id\":\"https:\\\/\\\/radiolitoral.com\\\/2025\\\/07\\\/veronica-martinez-consideramos-que-es-fundamental-promover-el-patrimonio-inmaterial-de-teulada-moraira-con-una-perspectiva-diferente\\\/\",\"url\":\"https:\\\/\\\/radiolitoral.com\\\/2025\\\/07\\\/veronica-martinez-consideramos-que-es-fundamental-promover-el-patrimonio-inmaterial-de-teulada-moraira-con-una-perspectiva-diferente\\\/\",\"name\":\"Ver\u00f3nica Mart\u00ednez: \u201cConsideramos que es fundamental promover el patrimonio inmaterial de Teulada Moraira, con una perspectiva diferente\u201d | R\u00e0dio Litoral\",\"isPartOf\":{\"@id\":\"https:\\\/\\\/radiolitoral.com\\\/#website\"},\"primaryImageOfPage\":{\"@id\":\"https:\\\/\\\/radiolitoral.com\\\/2025\\\/07\\\/veronica-martinez-consideramos-que-es-fundamental-promover-el-patrimonio-inmaterial-de-teulada-moraira-con-una-perspectiva-diferente\\\/#primaryimage\"},\"image\":{\"@id\":\"https:\\\/\\\/radiolitoral.com\\\/2025\\\/07\\\/veronica-martinez-consideramos-que-es-fundamental-promover-el-patrimonio-inmaterial-de-teulada-moraira-con-una-perspectiva-diferente\\\/#primaryimage\"},\"thumbnailUrl\":\"https:\\\/\\\/media.radiolitoral.com\\\/wp-content\\\/uploads\\\/2025\\\/07\\\/30102732\\\/Lucia-Ortola-y-Veronica-Martinez-Primer-Cafe.jpg\",\"datePublished\":\"2025-07-30T08:30:57+00:00\",\"dateModified\":\"2025-07-30T08:34:43+00:00\",\"description\":\"Teulada nos invita a recorrer su patrimonio hist\u00f3rico con un ciclo de rutas teatralizadas durante el mes de agosto\",\"breadcrumb\":{\"@id\":\"https:\\\/\\\/radiolitoral.com\\\/2025\\\/07\\\/veronica-martinez-consideramos-que-es-fundamental-promover-el-patrimonio-inmaterial-de-teulada-moraira-con-una-perspectiva-diferente\\\/#breadcrumb\"},\"inLanguage\":\"ca\",\"potentialAction\":[{\"@type\":\"ReadAction\",\"target\":[\"https:\\\/\\\/radiolitoral.com\\\/2025\\\/07\\\/veronica-martinez-consideramos-que-es-fundamental-promover-el-patrimonio-inmaterial-de-teulada-moraira-con-una-perspectiva-diferente\\\/\"]}]},{\"@type\":\"ImageObject\",\"inLanguage\":\"ca\",\"@id\":\"https:\\\/\\\/radiolitoral.com\\\/2025\\\/07\\\/veronica-martinez-consideramos-que-es-fundamental-promover-el-patrimonio-inmaterial-de-teulada-moraira-con-una-perspectiva-diferente\\\/#primaryimage\",\"url\":\"https:\\\/\\\/media.radiolitoral.com\\\/wp-content\\\/uploads\\\/2025\\\/07\\\/30102732\\\/Lucia-Ortola-y-Veronica-Martinez-Primer-Cafe.jpg\",\"contentUrl\":\"https:\\\/\\\/media.radiolitoral.com\\\/wp-content\\\/uploads\\\/2025\\\/07\\\/30102732\\\/Lucia-Ortola-y-Veronica-Martinez-Primer-Cafe.jpg\",\"width\":2000,\"height\":1500},{\"@type\":\"BreadcrumbList\",\"@id\":\"https:\\\/\\\/radiolitoral.com\\\/2025\\\/07\\\/veronica-martinez-consideramos-que-es-fundamental-promover-el-patrimonio-inmaterial-de-teulada-moraira-con-una-perspectiva-diferente\\\/#breadcrumb\",\"itemListElement\":[{\"@type\":\"ListItem\",\"position\":1,\"name\":\"Portada\",\"item\":\"https:\\\/\\\/radiolitoral.com\\\/\"},{\"@type\":\"ListItem\",\"position\":2,\"name\":\"Ver\u00f3nica Mart\u00ednez: \u201cConsideramos que es fundamental promover el patrimonio inmaterial de Teulada Moraira, con una perspectiva diferente\u201d\"}]},{\"@type\":\"WebSite\",\"@id\":\"https:\\\/\\\/radiolitoral.com\\\/#website\",\"url\":\"https:\\\/\\\/radiolitoral.com\\\/\",\"name\":\"Radio Litoral\",\"description\":\"La radio local de la Marina Alta\",\"publisher\":{\"@id\":\"https:\\\/\\\/radiolitoral.com\\\/#organization\"},\"alternateName\":\"Litoral FM\",\"potentialAction\":[{\"@type\":\"SearchAction\",\"target\":{\"@type\":\"EntryPoint\",\"urlTemplate\":\"https:\\\/\\\/radiolitoral.com\\\/?s={search_term_string}\"},\"query-input\":{\"@type\":\"PropertyValueSpecification\",\"valueRequired\":true,\"valueName\":\"search_term_string\"}}],\"inLanguage\":\"ca\"},{\"@type\":\"Organization\",\"@id\":\"https:\\\/\\\/radiolitoral.com\\\/#organization\",\"name\":\"Radio Litoral\",\"url\":\"https:\\\/\\\/radiolitoral.com\\\/\",\"logo\":{\"@type\":\"ImageObject\",\"inLanguage\":\"ca\",\"@id\":\"https:\\\/\\\/radiolitoral.com\\\/#\\\/schema\\\/logo\\\/image\\\/\",\"url\":\"https:\\\/\\\/media.radiolitoral.com\\\/wp-content\\\/uploads\\\/2023\\\/02\\\/24143238\\\/CL-V-RadioLitoral696.png\",\"contentUrl\":\"https:\\\/\\\/media.radiolitoral.com\\\/wp-content\\\/uploads\\\/2023\\\/02\\\/24143238\\\/CL-V-RadioLitoral696.png\",\"width\":696,\"height\":696,\"caption\":\"Radio Litoral\"},\"image\":{\"@id\":\"https:\\\/\\\/radiolitoral.com\\\/#\\\/schema\\\/logo\\\/image\\\/\"},\"sameAs\":[\"https:\\\/\\\/www.facebook.com\\\/Laradiolitoral\\\/\"]},{\"@type\":\"Person\",\"@id\":\"https:\\\/\\\/radiolitoral.com\\\/#\\\/schema\\\/person\\\/f2b2343c49b5d721857cc1002bfdb151\",\"name\":\"Redacci\u00f3n\",\"image\":{\"@type\":\"ImageObject\",\"inLanguage\":\"ca\",\"@id\":\"https:\\\/\\\/secure.gravatar.com\\\/avatar\\\/f771d896c203ad8b3382d7905cfcce5a5c9b008b84b3cd9114e9b9f4cb63f789?s=96&d=mm&r=g\",\"url\":\"https:\\\/\\\/secure.gravatar.com\\\/avatar\\\/f771d896c203ad8b3382d7905cfcce5a5c9b008b84b3cd9114e9b9f4cb63f789?s=96&d=mm&r=g\",\"contentUrl\":\"https:\\\/\\\/secure.gravatar.com\\\/avatar\\\/f771d896c203ad8b3382d7905cfcce5a5c9b008b84b3cd9114e9b9f4cb63f789?s=96&d=mm&r=g\",\"caption\":\"Redacci\u00f3n\"},\"url\":\"https:\\\/\\\/radiolitoral.com\\\/ca\\\/author\\\/miriam-pagan\\\/\"}]}<\/script>\n<!-- \/ Yoast SEO plugin. -->","yoast_head_json":{"title":"Ver\u00f3nica Mart\u00ednez: \u201cConsiderem que \u00e9s fonamental promoure el patrimoni immaterial de Teulada Moraira, amb una perspectiva diferent\u201d | R\u00e0dio Litoral","description":"Teulada ens convida a rec\u00f3rrer el patrimoni hist\u00f2ric amb un cicle de rutes teatralitzades durant el mes d&#039;agost","robots":{"index":"index","follow":"follow","max-snippet":"max-snippet:-1","max-image-preview":"max-image-preview:large","max-video-preview":"max-video-preview:-1"},"canonical":"https:\/\/radiolitoral.com\/ca\/2025\/07\/veronica-martinez-considerem-que-es-fonamental-promoure-el-patrimoni-immaterial-de-teulada-moraira-amb-una-perspectiva-diferent\/","og_locale":"ca_ES","og_type":"article","og_title":"Ver\u00f3nica Mart\u00ednez: \u201cConsideramos que es fundamental promover el patrimonio inmaterial de Teulada Moraira, con una perspectiva diferente\u201d | R\u00e0dio Litoral","og_description":"Teulada nos invita a recorrer su patrimonio hist\u00f3rico con un ciclo de rutas teatralizadas durante el mes de agosto","og_url":"https:\/\/radiolitoral.com\/ca\/2025\/07\/veronica-martinez-considerem-que-es-fonamental-promoure-el-patrimoni-immaterial-de-teulada-moraira-amb-una-perspectiva-diferent\/","og_site_name":"R\u00e0dio Litoral","article_publisher":"https:\/\/www.facebook.com\/Laradiolitoral\/","article_published_time":"2025-07-30T08:30:57+00:00","article_modified_time":"2025-07-30T08:34:43+00:00","og_image":[{"width":2000,"height":1500,"url":"https:\/\/media.radiolitoral.com\/wp-content\/uploads\/2025\/07\/30102732\/Lucia-Ortola-y-Veronica-Martinez-Primer-Cafe.jpg","type":"image\/jpeg"}],"author":"Redacci\u00f3n","twitter_card":"summary_large_image","twitter_misc":{"Escrit per":"Redacci\u00f3n","Temps estimat de lectura":"3 minuts"},"schema":{"@context":"https:\/\/schema.org","@graph":[{"@type":"NewsArticle","@id":"https:\/\/radiolitoral.com\/2025\/07\/veronica-martinez-consideramos-que-es-fundamental-promover-el-patrimonio-inmaterial-de-teulada-moraira-con-una-perspectiva-diferente\/#article","isPartOf":{"@id":"https:\/\/radiolitoral.com\/2025\/07\/veronica-martinez-consideramos-que-es-fundamental-promover-el-patrimonio-inmaterial-de-teulada-moraira-con-una-perspectiva-diferente\/"},"author":{"name":"Redacci\u00f3n","@id":"https:\/\/radiolitoral.com\/#\/schema\/person\/f2b2343c49b5d721857cc1002bfdb151"},"headline":"Ver\u00f3nica Mart\u00ednez: \u201cConsideramos que es fundamental promover el patrimonio inmaterial de Teulada Moraira, con una perspectiva diferente\u201d","datePublished":"2025-07-30T08:30:57+00:00","dateModified":"2025-07-30T08:34:43+00:00","mainEntityOfPage":{"@id":"https:\/\/radiolitoral.com\/2025\/07\/veronica-martinez-consideramos-que-es-fundamental-promover-el-patrimonio-inmaterial-de-teulada-moraira-con-una-perspectiva-diferente\/"},"wordCount":431,"commentCount":0,"publisher":{"@id":"https:\/\/radiolitoral.com\/#organization"},"image":{"@id":"https:\/\/radiolitoral.com\/2025\/07\/veronica-martinez-consideramos-que-es-fundamental-promover-el-patrimonio-inmaterial-de-teulada-moraira-con-una-perspectiva-diferente\/#primaryimage"},"thumbnailUrl":"https:\/\/media.radiolitoral.com\/wp-content\/uploads\/2025\/07\/30102732\/Lucia-Ortola-y-Veronica-Martinez-Primer-Cafe.jpg","keywords":["Agosto","Luc\u00eda Ortol\u00e0","patrimonio hist\u00f3rico","Primer Caf\u00e9","Ver\u00f3nica Mart\u00ednez","visitas guiadas","Visitas Teatralizadas"],"articleSection":["Entrevistas","Turismo"],"inLanguage":"ca","potentialAction":[{"@type":"CommentAction","name":"Comment","target":["https:\/\/radiolitoral.com\/2025\/07\/veronica-martinez-consideramos-que-es-fundamental-promover-el-patrimonio-inmaterial-de-teulada-moraira-con-una-perspectiva-diferente\/#respond"]}]},{"@type":["WebPage","ItemPage"],"@id":"https:\/\/radiolitoral.com\/2025\/07\/veronica-martinez-consideramos-que-es-fundamental-promover-el-patrimonio-inmaterial-de-teulada-moraira-con-una-perspectiva-diferente\/","url":"https:\/\/radiolitoral.com\/2025\/07\/veronica-martinez-consideramos-que-es-fundamental-promover-el-patrimonio-inmaterial-de-teulada-moraira-con-una-perspectiva-diferente\/","name":"Ver\u00f3nica Mart\u00ednez: \u201cConsiderem que \u00e9s fonamental promoure el patrimoni immaterial de Teulada Moraira, amb una perspectiva diferent\u201d | R\u00e0dio Litoral","isPartOf":{"@id":"https:\/\/radiolitoral.com\/#website"},"primaryImageOfPage":{"@id":"https:\/\/radiolitoral.com\/2025\/07\/veronica-martinez-consideramos-que-es-fundamental-promover-el-patrimonio-inmaterial-de-teulada-moraira-con-una-perspectiva-diferente\/#primaryimage"},"image":{"@id":"https:\/\/radiolitoral.com\/2025\/07\/veronica-martinez-consideramos-que-es-fundamental-promover-el-patrimonio-inmaterial-de-teulada-moraira-con-una-perspectiva-diferente\/#primaryimage"},"thumbnailUrl":"https:\/\/media.radiolitoral.com\/wp-content\/uploads\/2025\/07\/30102732\/Lucia-Ortola-y-Veronica-Martinez-Primer-Cafe.jpg","datePublished":"2025-07-30T08:30:57+00:00","dateModified":"2025-07-30T08:34:43+00:00","description":"Teulada ens convida a rec\u00f3rrer el patrimoni hist\u00f2ric amb un cicle de rutes teatralitzades durant el mes d&#039;agost","breadcrumb":{"@id":"https:\/\/radiolitoral.com\/2025\/07\/veronica-martinez-consideramos-que-es-fundamental-promover-el-patrimonio-inmaterial-de-teulada-moraira-con-una-perspectiva-diferente\/#breadcrumb"},"inLanguage":"ca","potentialAction":[{"@type":"ReadAction","target":["https:\/\/radiolitoral.com\/2025\/07\/veronica-martinez-consideramos-que-es-fundamental-promover-el-patrimonio-inmaterial-de-teulada-moraira-con-una-perspectiva-diferente\/"]}]},{"@type":"ImageObject","inLanguage":"ca","@id":"https:\/\/radiolitoral.com\/2025\/07\/veronica-martinez-consideramos-que-es-fundamental-promover-el-patrimonio-inmaterial-de-teulada-moraira-con-una-perspectiva-diferente\/#primaryimage","url":"https:\/\/media.radiolitoral.com\/wp-content\/uploads\/2025\/07\/30102732\/Lucia-Ortola-y-Veronica-Martinez-Primer-Cafe.jpg","contentUrl":"https:\/\/media.radiolitoral.com\/wp-content\/uploads\/2025\/07\/30102732\/Lucia-Ortola-y-Veronica-Martinez-Primer-Cafe.jpg","width":2000,"height":1500},{"@type":"BreadcrumbList","@id":"https:\/\/radiolitoral.com\/2025\/07\/veronica-martinez-consideramos-que-es-fundamental-promover-el-patrimonio-inmaterial-de-teulada-moraira-con-una-perspectiva-diferente\/#breadcrumb","itemListElement":[{"@type":"ListItem","position":1,"name":"Portada","item":"https:\/\/radiolitoral.com\/"},{"@type":"ListItem","position":2,"name":"Ver\u00f3nica Mart\u00ednez: \u201cConsideramos que es fundamental promover el patrimonio inmaterial de Teulada Moraira, con una perspectiva diferente\u201d"}]},{"@type":"WebSite","@id":"https:\/\/radiolitoral.com\/#website","url":"https:\/\/radiolitoral.com\/","name":"R\u00e0dio Litoral","description":"La r\u00e0dio local de la Marina Alta","publisher":{"@id":"https:\/\/radiolitoral.com\/#organization"},"alternateName":"Litoral FM","potentialAction":[{"@type":"SearchAction","target":{"@type":"EntryPoint","urlTemplate":"https:\/\/radiolitoral.com\/?s={search_term_string}"},"query-input":{"@type":"PropertyValueSpecification","valueRequired":true,"valueName":"search_term_string"}}],"inLanguage":"ca"},{"@type":"Organization","@id":"https:\/\/radiolitoral.com\/#organization","name":"R\u00e0dio Litoral","url":"https:\/\/radiolitoral.com\/","logo":{"@type":"ImageObject","inLanguage":"ca","@id":"https:\/\/radiolitoral.com\/#\/schema\/logo\/image\/","url":"https:\/\/media.radiolitoral.com\/wp-content\/uploads\/2023\/02\/24143238\/CL-V-RadioLitoral696.png","contentUrl":"https:\/\/media.radiolitoral.com\/wp-content\/uploads\/2023\/02\/24143238\/CL-V-RadioLitoral696.png","width":696,"height":696,"caption":"Radio Litoral"},"image":{"@id":"https:\/\/radiolitoral.com\/#\/schema\/logo\/image\/"},"sameAs":["https:\/\/www.facebook.com\/Laradiolitoral\/"]},{"@type":"Person","@id":"https:\/\/radiolitoral.com\/#\/schema\/person\/f2b2343c49b5d721857cc1002bfdb151","name":"Redacci\u00f3","image":{"@type":"ImageObject","inLanguage":"ca","@id":"https:\/\/secure.gravatar.com\/avatar\/f771d896c203ad8b3382d7905cfcce5a5c9b008b84b3cd9114e9b9f4cb63f789?s=96&d=mm&r=g","url":"https:\/\/secure.gravatar.com\/avatar\/f771d896c203ad8b3382d7905cfcce5a5c9b008b84b3cd9114e9b9f4cb63f789?s=96&d=mm&r=g","contentUrl":"https:\/\/secure.gravatar.com\/avatar\/f771d896c203ad8b3382d7905cfcce5a5c9b008b84b3cd9114e9b9f4cb63f789?s=96&d=mm&r=g","caption":"Redacci\u00f3n"},"url":"https:\/\/radiolitoral.com\/ca\/author\/miriam-pagan\/"}]}},"_links":{"self":[{"href":"https:\/\/radiolitoral.com\/ca\/wp-json\/wp\/v2\/posts\/17922","targetHints":{"allow":["GET"]}}],"collection":[{"href":"https:\/\/radiolitoral.com\/ca\/wp-json\/wp\/v2\/posts"}],"about":[{"href":"https:\/\/radiolitoral.com\/ca\/wp-json\/wp\/v2\/types\/post"}],"author":[{"embeddable":true,"href":"https:\/\/radiolitoral.com\/ca\/wp-json\/wp\/v2\/users\/13"}],"replies":[{"embeddable":true,"href":"https:\/\/radiolitoral.com\/ca\/wp-json\/wp\/v2\/comments?post=17922"}],"version-history":[{"count":3,"href":"https:\/\/radiolitoral.com\/ca\/wp-json\/wp\/v2\/posts\/17922\/revisions"}],"predecessor-version":[{"id":17928,"href":"https:\/\/radiolitoral.com\/ca\/wp-json\/wp\/v2\/posts\/17922\/revisions\/17928"}],"wp:featuredmedia":[{"embeddable":true,"href":"https:\/\/radiolitoral.com\/ca\/wp-json\/wp\/v2\/media\/17924"}],"wp:attachment":[{"href":"https:\/\/radiolitoral.com\/ca\/wp-json\/wp\/v2\/media?parent=17922"}],"wp:term":[{"taxonomy":"category","embeddable":true,"href":"https:\/\/radiolitoral.com\/ca\/wp-json\/wp\/v2\/categories?post=17922"},{"taxonomy":"post_tag","embeddable":true,"href":"https:\/\/radiolitoral.com\/ca\/wp-json\/wp\/v2\/tags?post=17922"}],"curies":[{"name":"wp","href":"https:\/\/api.w.org\/{rel}","templated":true}]}}