{"id":17898,"date":"2025-07-29T18:18:54","date_gmt":"2025-07-29T16:18:54","guid":{"rendered":"https:\/\/radiolitoral.com\/?p=17898"},"modified":"2025-07-29T18:18:54","modified_gmt":"2025-07-29T16:18:54","slug":"benitatxell-reclama-mesures-urgents-per-assegurar-el-transit-a-les-carreteres-provincials","status":"publish","type":"post","link":"https:\/\/radiolitoral.com\/ca\/2025\/07\/benitatxell-reclama-medidas-urgentes-para-asegurar-el-trafico-en-las-carreteras-provinciales\/","title":{"rendered":"Benitatxell reclama mesures urgents per assegurar el tr\u00e0nsit a les carreteres provincials"},"content":{"rendered":"<p data-start=\"367\" data-end=\"859\">El centre urb\u00e0 de\u00a0<strong data-start=\"387\" data-end=\"418\">El Poble Nou de Benitatxell<\/strong>\u00a0viu una situaci\u00f3 l\u00edmit per la pressi\u00f3 del tr\u00e0nsit rodat. M\u00e9s de\u00a0<strong data-start=\"487\" data-end=\"507\">32.000 vehicles<\/strong>\u00a0circulen cada dia per les\u00a0<strong data-start=\"534\" data-end=\"577\">carreteres provincials CV-740 i CV-737<\/strong>, travessant un entramat de carrers pensat per a un altre temps i una altra escala de mobilitat. Les xifres parlen per si soles: entre el\u00a0<strong data-start=\"708\" data-end=\"740\">12 de juny i el 13 de juliol<\/strong>, es van registrar de mitjana\u00a0<strong data-start=\"766\" data-end=\"807\">15.000 vehicles procedents de X\u00e0bia<\/strong>,\u00a0<strong data-start=\"809\" data-end=\"832\">9.000 des de Moraira<\/strong>\u00a0i\u00a0<strong data-start=\"835\" data-end=\"858\">8.000 des de Teulada<\/strong>.<\/p>\n<p data-start=\"861\" data-end=\"1258\">Aquest volum de tr\u00e0nsit, molt per sobre del que \u00e9s assumible per vies urbanes, converteix Benitatxell en un\u00a0<strong data-start=\"965\" data-end=\"990\">punt de pas for\u00e7at<\/strong>, amb carrers que no van ser dissenyats per suportar semblant intensitat. La manca de variants o desviaments alternatius ha canalitzat durant anys un flux de tr\u00e0nsit que no t\u00e9 com a destinaci\u00f3 el municipi, col\u00b7lapsant-ne l&#039;entramat urb\u00e0 i deteriorant-ne la funcionalitat.<\/p>\n<p data-start=\"861\" data-end=\"1258\"><img loading=\"lazy\" decoding=\"async\" class=\"size-large wp-image-75453 aligncenter\" src=\"https:\/\/media.marinaalta.es\/wp-content\/uploads\/2025\/07\/29174117\/WhatsApp-Image-2025-07-29-at-13.42.42-1024x682.jpeg\" sizes=\"auto, (max-width: 640px) 100vw, 640px\" srcset=\"https:\/\/media.marinaalta.es\/wp-content\/uploads\/2025\/07\/29174117\/WhatsApp-Image-2025-07-29-at-13.42.42-1024x682.jpeg 1024w, https:\/\/media.marinaalta.es\/wp-content\/uploads\/2025\/07\/29174117\/WhatsApp-Image-2025-07-29-at-13.42.42-300x200.jpeg 300w, https:\/\/media.marinaalta.es\/wp-content\/uploads\/2025\/07\/29174117\/WhatsApp-Image-2025-07-29-at-13.42.42-768x512.jpeg 768w, https:\/\/media.marinaalta.es\/wp-content\/uploads\/2025\/07\/29174117\/WhatsApp-Image-2025-07-29-at-13.42.42-735x490.jpeg 735w, https:\/\/media.marinaalta.es\/wp-content\/uploads\/2025\/07\/29174117\/WhatsApp-Image-2025-07-29-at-13.42.42.jpeg 1480w\" alt=\"\" width=\"640\" height=\"426\" \/><\/p>\n<p data-start=\"861\" data-end=\"1258\">\n<h3 data-section-id=\"o4nv2e\" data-start=\"1265\" data-end=\"1340\"><strong data-start=\"1269\" data-end=\"1340\">Perill al carrer Pare Pl\u00e0cid: una via sense espai ni seguretat<\/strong><\/h3>\n<p>&nbsp;<\/p>\n<p data-start=\"1342\" data-end=\"1776\">Una de les zones m\u00e9s conflictives \u00e9s la\u00a0<strong data-start=\"1382\" data-end=\"1405\">carrer Pare Pl\u00e0cid<\/strong>, on la cal\u00e7ada amb prou feines arriba\u00a0<strong data-start=\"1439\" data-end=\"1462\">4,5 metres d&#039;amplada<\/strong>, una dimensi\u00f3 insuficient per allotjar amb seguretat vehicles en doble sentit, vianants i, moltes vegades,\u00a0<strong data-start=\"1580\" data-end=\"1601\">vehicles pesants<\/strong>. A aix\u00f2 se sumen\u00a0<strong data-start=\"1619\" data-end=\"1653\">voreres de menys de 0,75 metres<\/strong>, una amplada que\u00a0<strong data-start=\"1671\" data-end=\"1704\">no compleix els m\u00ednims legals<\/strong>\u00a0i que impossibilita laccessibilitat de persones amb mobilitat redu\u00efda.<\/p>\n<p data-start=\"1778\" data-end=\"2052\">Aquest tram cr\u00edtic passa a escassos metres del\u00a0<strong data-start=\"1823\" data-end=\"1853\">CEIP Santa Maria Magdalena<\/strong>, el que impossibilita que sigui considerat un\u00a0<strong data-start=\"1898\" data-end=\"1927\">itinerari escolar segur<\/strong>.Les fam\u00edlies es veuen obligades a buscar rutes alternatives, m\u00e9s llargues, per\u00f2 almenys m\u00ednimament protegides per als seus fills.<\/p>\n<p data-start=\"2054\" data-end=\"2330\">Un recent incident captat per c\u00e0meres de seguretat evidencia la gravetat de la situaci\u00f3:\u00a0<strong data-start=\"2148\" data-end=\"2253\">un vehicle va col\u00b7lidir contra una fa\u00e7ana segons despr\u00e9s que un vianant creu\u00e9s pel mateix punt<\/strong>. La trag\u00e8dia no va passar per atzar, no per condicions de seguretat adequades.<\/p>\n<div style=\"width: 640px;\" class=\"wp-video\"><video class=\"wp-video-shortcode\" id=\"video-17898-1\" width=\"640\" height=\"364\" preload=\"metadata\" controls=\"controls\"><source type=\"video\/mp4\" src=\"https:\/\/media.radiolitoral.com\/wp-content\/uploads\/2025\/07\/29181745\/video-accidentOK2.mp4?_=1\" \/><a href=\"https:\/\/media.radiolitoral.com\/wp-content\/uploads\/2025\/07\/29181745\/video-accidentOK2.mp4\">https:\/\/media.radiolitoral.com\/wp-content\/uploads\/2025\/07\/29181745\/video-accidentOK2.mp4<\/a><\/video><\/div>\n<div class=\"wp-video\"><\/div>\n<h3 data-section-id=\"1piufps\" data-start=\"2337\" data-end=\"2395\"><strong data-start=\"2341\" data-end=\"2395\">Emerg\u00e8ncies bloquejades i qualitat de vida en risc<\/strong><\/h3>\n<p data-start=\"2397\" data-end=\"2717\">Els embussos tamb\u00e9 afecten els\u00a0<strong data-start=\"2431\" data-end=\"2458\">serveis d&#039;emerg\u00e8ncia<\/strong>. Ambul\u00e0ncies, bombers i patrulles policials han patit\u00a0<strong data-start=\"2517\" data-end=\"2538\">retards cr\u00edtics<\/strong>\u00a0en intervencions urgents a causa del col\u00b7lapse circulatori. En situacions de risc vital, cada minut compta, i la situaci\u00f3 vi\u00e0ria actual compromet aquesta capacitat de resposta.<\/p>\n<p data-start=\"2719\" data-end=\"3000\">A m\u00e9s a m\u00e9s de l&#039;impacte funcional, els ve\u00efns suporten\u00a0<strong data-start=\"2770\" data-end=\"2812\">alts nivells de soroll i contaminaci\u00f3<\/strong>, incompatibles amb un entorn residencial saludable. Aquesta pressi\u00f3 ambiental xoca amb els esfor\u00e7os municipals per promoure&#039;n una\u00a0<strong data-start=\"2943\" data-end=\"2999\">mobilitat sostenible i un espai p\u00fablic m\u00e9s amable<\/strong>.<\/p>\n<p data-start=\"2719\" data-end=\"3000\"><img loading=\"lazy\" decoding=\"async\" class=\"size-full wp-image-75454 aligncenter\" src=\"https:\/\/media.marinaalta.es\/wp-content\/uploads\/2025\/07\/29174120\/WhatsApp-Image-2025-07-29-at-13.42.43-2.jpeg\" sizes=\"auto, (max-width: 1007px) 100vw, 1007px\" srcset=\"https:\/\/media.marinaalta.es\/wp-content\/uploads\/2025\/07\/29174120\/WhatsApp-Image-2025-07-29-at-13.42.43-2.jpeg 1007w, https:\/\/media.marinaalta.es\/wp-content\/uploads\/2025\/07\/29174120\/WhatsApp-Image-2025-07-29-at-13.42.43-2-300x200.jpeg 300w, https:\/\/media.marinaalta.es\/wp-content\/uploads\/2025\/07\/29174120\/WhatsApp-Image-2025-07-29-at-13.42.43-2-768x512.jpeg 768w, https:\/\/media.marinaalta.es\/wp-content\/uploads\/2025\/07\/29174120\/WhatsApp-Image-2025-07-29-at-13.42.43-2-735x490.jpeg 735w\" alt=\"\" width=\"1007\" height=\"671\" \/><\/p>\n<h3 data-section-id=\"1kensv1\" data-start=\"3007\" data-end=\"3067\"><strong data-start=\"3011\" data-end=\"3067\">Mesures insuficients i una soluci\u00f3 a l&#039;horitz\u00f3<\/strong><\/h3>\n<p data-start=\"3069\" data-end=\"3354\">L&#039;Ajuntament, juntament amb la\u00a0<strong data-start=\"3099\" data-end=\"3125\">Diputaci\u00f3 d&#039;Alacant<\/strong>, ha adoptat en els darrers anys accions pal\u00b7liatives: instal\u00b7laci\u00f3 de sem\u00e0fors, baranes, guals, repintat de la senyalitzaci\u00f3 o ampliaci\u00f3 puntual de voreres.\u00a0<strong data-start=\"3315\" data-end=\"3353\">no ha millorat de forma substancial<\/strong>.<\/p>\n<p data-start=\"3356\" data-end=\"3728\">L&#039;\u00fanica soluci\u00f3 estructural viable \u00e9s la\u00a0<strong data-start=\"3399\" data-end=\"3437\">construcci\u00f3 d&#039;una circumval\u00b7laci\u00f3<\/strong>\u00a0que desvie el tr\u00e0nsit del nucli urb\u00e0. L&#039;Ajuntament treballa des de fa m\u00e9s de dos anys amb el Departament de Carreteres en un projecte\u00a0<strong data-start=\"3582\" data-end=\"3630\">ja compta amb tra\u00e7at i valoraci\u00f3 econ\u00f2mica<\/strong>. El consistori ha assumit els treballs previs i espera el suport definitiu de la Diputaci\u00f3.<\/p>\n<p data-start=\"3356\" data-end=\"3728\"><img loading=\"lazy\" decoding=\"async\" class=\"size-large wp-image-75455 aligncenter\" src=\"https:\/\/media.marinaalta.es\/wp-content\/uploads\/2025\/07\/29174123\/WhatsApp-Image-2025-07-29-at-13.42.43-5-1024x576.jpeg\" sizes=\"auto, (max-width: 640px) 100vw, 640px\" srcset=\"https:\/\/media.marinaalta.es\/wp-content\/uploads\/2025\/07\/29174123\/WhatsApp-Image-2025-07-29-at-13.42.43-5-1024x576.jpeg 1024w, https:\/\/media.marinaalta.es\/wp-content\/uploads\/2025\/07\/29174123\/WhatsApp-Image-2025-07-29-at-13.42.43-5-300x169.jpeg 300w, https:\/\/media.marinaalta.es\/wp-content\/uploads\/2025\/07\/29174123\/WhatsApp-Image-2025-07-29-at-13.42.43-5-768x432.jpeg 768w, https:\/\/media.marinaalta.es\/wp-content\/uploads\/2025\/07\/29174123\/WhatsApp-Image-2025-07-29-at-13.42.43-5-870x490.jpeg 870w, https:\/\/media.marinaalta.es\/wp-content\/uploads\/2025\/07\/29174123\/WhatsApp-Image-2025-07-29-at-13.42.43-5.jpeg 1415w\" alt=\"\" width=\"640\" height=\"360\" \/><\/p>\n<h3 data-section-id=\"1dtcdy1\" data-start=\"3735\" data-end=\"3781\"><strong data-start=\"3739\" data-end=\"3781\">Una demanda clara des del consistori<\/strong><\/h3>\n<p data-start=\"3783\" data-end=\"4387\">L&#039;alcalde,\u00a0<strong data-start=\"3795\" data-end=\"3818\">Miquel \u00c0ngel Garc\u00eda<\/strong>, ha reiterat la urg\u00e8ncia d&#039;executar la infraestructura: &quot;Sabem que aquest projecte figura com la prioritat n\u00famero u a tota la prov\u00edncia. Agra\u00efm sincerament la predisposici\u00f3 tant del diputat responsable com de l&#039;equip t\u00e8cnic de la Diputaci\u00f3, per\u00f2 cal un impuls definitiu perqu\u00e8 passi de ser una proposta a una realitat tangible en el menor termini possible&quot;. En paraules del primer regidor: &quot;La gravetat del problema ha arribat massa lluny. \u00c9s necessari actuar amb urg\u00e8ncia per evitar que es produeixin conseq\u00fc\u00e8ncies irreversibles&quot;.<\/p>\n<p data-start=\"4389\" data-end=\"4735\">Garc\u00eda ha instat que es doti el projecte de\u00a0<strong data-start=\"4436\" data-end=\"4462\">finan\u00e7ament immediat<\/strong>\u00a0i es converteixi en una obra tangible: &quot;Confiem plenament que la Diputaci\u00f3 d&#039;Alacant sabr\u00e0 estar a l&#039;al\u00e7ada d&#039;aquesta demanda i far\u00e0 el pas que permeti executar una infraestructura absolutament necess\u00e0ria per a Benitatxell. L&#039;actuaci\u00f3 no es pot postergar m\u00e9s&quot;.<\/p>","protected":false},"excerpt":{"rendered":"<p>El centro urbano de\u00a0El Poble Nou de Benitatxell\u00a0vive una situaci\u00f3n l\u00edmite por la presi\u00f3n del tr\u00e1fico rodado. M\u00e1s de\u00a032.000 veh\u00edculos\u00a0circulan cada d\u00eda por las\u00a0carreteras provinciales CV-740 y CV-737, atravesando un entramado de calles pensado para otro tiempo y otra escala de movilidad. Las cifras hablan por s\u00ed solas: entre el\u00a012 de junio y el 13 [&#8230;]<\/p>\n<p><a class=\"btn btn-secondary understrap-read-more-link\" href=\"https:\/\/radiolitoral.com\/ca\/2025\/07\/benitatxell-reclama-medidas-urgentes-para-asegurar-el-trafico-en-las-carreteras-provinciales\/\">Continua llegint&#8230;<span class=\"screen-reader-text\"> from Benitatxell reclama medidas urgentes para asegurar el tr\u00e1fico en las carreteras provinciales<\/span><\/a><\/p>\n","protected":false},"author":14,"featured_media":17903,"comment_status":"open","ping_status":"closed","sticky":false,"template":"","format":"standard","meta":{"_acf_changed":false,"inline_featured_image":false,"footnotes":""},"categories":[4034],"tags":[4769,4770,777],"class_list":["post-17898","post","type-post","status-publish","format-standard","has-post-thumbnail","hentry","category-trafico","tag-carretera-benitatxell","tag-seguridad-vial","tag-trafico","cobertura-poble-nou-de-benitatxell"],"acf":[],"yoast_head":"<!-- This site is optimized with the Yoast SEO plugin v27.5 - https:\/\/yoast.com\/product\/yoast-seo-wordpress\/ -->\n<title>Benitatxell reclama medidas urgentes para asegurar el tr\u00e1fico en las carreteras provinciales | R\u00e0dio Litoral<\/title>\n<meta name=\"description\" content=\"El Ayuntamiento denuncia el colapso diario del vial, que atraviesa calles estrechas, con un flujo de m\u00e1s de 32.000 veh\u00edculos diarios\" \/>\n<meta name=\"robots\" content=\"index, follow, max-snippet:-1, max-image-preview:large, max-video-preview:-1\" \/>\n<link rel=\"canonical\" href=\"https:\/\/radiolitoral.com\/ca\/2025\/07\/benitatxell-reclama-mesures-urgents-per-assegurar-el-transit-a-les-carreteres-provincials\/\" \/>\n<meta property=\"og:locale\" content=\"ca_ES\" \/>\n<meta property=\"og:type\" content=\"article\" \/>\n<meta property=\"og:title\" content=\"Benitatxell reclama medidas urgentes para asegurar el tr\u00e1fico en las carreteras provinciales | R\u00e0dio Litoral\" \/>\n<meta property=\"og:description\" content=\"El Ayuntamiento denuncia el colapso diario del vial, que atraviesa calles estrechas, con un flujo de m\u00e1s de 32.000 veh\u00edculos diarios\" \/>\n<meta property=\"og:url\" content=\"https:\/\/radiolitoral.com\/ca\/2025\/07\/benitatxell-reclama-mesures-urgents-per-assegurar-el-transit-a-les-carreteres-provincials\/\" \/>\n<meta property=\"og:site_name\" content=\"R\u00e0dio Litoral\" \/>\n<meta property=\"article:publisher\" content=\"https:\/\/www.facebook.com\/Laradiolitoral\/\" \/>\n<meta property=\"article:published_time\" content=\"2025-07-29T16:18:54+00:00\" \/>\n<meta property=\"og:image\" content=\"https:\/\/media.radiolitoral.com\/wp-content\/uploads\/2025\/07\/29181834\/WhatsApp-Image-2025-07-29-at-13.42.45-2.jpeg\" \/>\n\t<meta property=\"og:image:width\" content=\"1157\" \/>\n\t<meta property=\"og:image:height\" content=\"771\" \/>\n\t<meta property=\"og:image:type\" content=\"image\/jpeg\" \/>\n<meta name=\"author\" content=\"Redacci\u00f3n\" \/>\n<meta name=\"twitter:card\" content=\"summary_large_image\" \/>\n<meta name=\"twitter:label1\" content=\"Escrit per\" \/>\n\t<meta name=\"twitter:data1\" content=\"Redacci\u00f3n\" \/>\n\t<meta name=\"twitter:label2\" content=\"Temps estimat de lectura\" \/>\n\t<meta name=\"twitter:data2\" content=\"4 minuts\" \/>\n<script type=\"application\/ld+json\" class=\"yoast-schema-graph\">{\"@context\":\"https:\\\/\\\/schema.org\",\"@graph\":[{\"@type\":\"NewsArticle\",\"@id\":\"https:\\\/\\\/radiolitoral.com\\\/2025\\\/07\\\/benitatxell-reclama-medidas-urgentes-para-asegurar-el-trafico-en-las-carreteras-provinciales\\\/#article\",\"isPartOf\":{\"@id\":\"https:\\\/\\\/radiolitoral.com\\\/2025\\\/07\\\/benitatxell-reclama-medidas-urgentes-para-asegurar-el-trafico-en-las-carreteras-provinciales\\\/\"},\"author\":{\"name\":\"Redacci\u00f3n\",\"@id\":\"https:\\\/\\\/radiolitoral.com\\\/#\\\/schema\\\/person\\\/96b739642eb3bedb532aac3812d23307\"},\"headline\":\"Benitatxell reclama medidas urgentes para asegurar el tr\u00e1fico en las carreteras provinciales\",\"datePublished\":\"2025-07-29T16:18:54+00:00\",\"mainEntityOfPage\":{\"@id\":\"https:\\\/\\\/radiolitoral.com\\\/2025\\\/07\\\/benitatxell-reclama-medidas-urgentes-para-asegurar-el-trafico-en-las-carreteras-provinciales\\\/\"},\"wordCount\":734,\"commentCount\":0,\"publisher\":{\"@id\":\"https:\\\/\\\/radiolitoral.com\\\/#organization\"},\"image\":{\"@id\":\"https:\\\/\\\/radiolitoral.com\\\/2025\\\/07\\\/benitatxell-reclama-medidas-urgentes-para-asegurar-el-trafico-en-las-carreteras-provinciales\\\/#primaryimage\"},\"thumbnailUrl\":\"https:\\\/\\\/media.radiolitoral.com\\\/wp-content\\\/uploads\\\/2025\\\/07\\\/29181834\\\/WhatsApp-Image-2025-07-29-at-13.42.45-2.jpeg\",\"keywords\":[\"carretera Benitatxell\",\"seguridad vial\",\"tr\u00e1fico\"],\"articleSection\":[\"Tr\u00e1fico\"],\"inLanguage\":\"ca\",\"potentialAction\":[{\"@type\":\"CommentAction\",\"name\":\"Comment\",\"target\":[\"https:\\\/\\\/radiolitoral.com\\\/2025\\\/07\\\/benitatxell-reclama-medidas-urgentes-para-asegurar-el-trafico-en-las-carreteras-provinciales\\\/#respond\"]}]},{\"@type\":[\"WebPage\",\"ItemPage\"],\"@id\":\"https:\\\/\\\/radiolitoral.com\\\/2025\\\/07\\\/benitatxell-reclama-medidas-urgentes-para-asegurar-el-trafico-en-las-carreteras-provinciales\\\/\",\"url\":\"https:\\\/\\\/radiolitoral.com\\\/2025\\\/07\\\/benitatxell-reclama-medidas-urgentes-para-asegurar-el-trafico-en-las-carreteras-provinciales\\\/\",\"name\":\"Benitatxell reclama medidas urgentes para asegurar el tr\u00e1fico en las carreteras provinciales | R\u00e0dio Litoral\",\"isPartOf\":{\"@id\":\"https:\\\/\\\/radiolitoral.com\\\/#website\"},\"primaryImageOfPage\":{\"@id\":\"https:\\\/\\\/radiolitoral.com\\\/2025\\\/07\\\/benitatxell-reclama-medidas-urgentes-para-asegurar-el-trafico-en-las-carreteras-provinciales\\\/#primaryimage\"},\"image\":{\"@id\":\"https:\\\/\\\/radiolitoral.com\\\/2025\\\/07\\\/benitatxell-reclama-medidas-urgentes-para-asegurar-el-trafico-en-las-carreteras-provinciales\\\/#primaryimage\"},\"thumbnailUrl\":\"https:\\\/\\\/media.radiolitoral.com\\\/wp-content\\\/uploads\\\/2025\\\/07\\\/29181834\\\/WhatsApp-Image-2025-07-29-at-13.42.45-2.jpeg\",\"datePublished\":\"2025-07-29T16:18:54+00:00\",\"description\":\"El Ayuntamiento denuncia el colapso diario del vial, que atraviesa calles estrechas, con un flujo de m\u00e1s de 32.000 veh\u00edculos diarios\",\"breadcrumb\":{\"@id\":\"https:\\\/\\\/radiolitoral.com\\\/2025\\\/07\\\/benitatxell-reclama-medidas-urgentes-para-asegurar-el-trafico-en-las-carreteras-provinciales\\\/#breadcrumb\"},\"inLanguage\":\"ca\",\"potentialAction\":[{\"@type\":\"ReadAction\",\"target\":[\"https:\\\/\\\/radiolitoral.com\\\/2025\\\/07\\\/benitatxell-reclama-medidas-urgentes-para-asegurar-el-trafico-en-las-carreteras-provinciales\\\/\"]}]},{\"@type\":\"ImageObject\",\"inLanguage\":\"ca\",\"@id\":\"https:\\\/\\\/radiolitoral.com\\\/2025\\\/07\\\/benitatxell-reclama-medidas-urgentes-para-asegurar-el-trafico-en-las-carreteras-provinciales\\\/#primaryimage\",\"url\":\"https:\\\/\\\/media.radiolitoral.com\\\/wp-content\\\/uploads\\\/2025\\\/07\\\/29181834\\\/WhatsApp-Image-2025-07-29-at-13.42.45-2.jpeg\",\"contentUrl\":\"https:\\\/\\\/media.radiolitoral.com\\\/wp-content\\\/uploads\\\/2025\\\/07\\\/29181834\\\/WhatsApp-Image-2025-07-29-at-13.42.45-2.jpeg\",\"width\":1157,\"height\":771},{\"@type\":\"BreadcrumbList\",\"@id\":\"https:\\\/\\\/radiolitoral.com\\\/2025\\\/07\\\/benitatxell-reclama-medidas-urgentes-para-asegurar-el-trafico-en-las-carreteras-provinciales\\\/#breadcrumb\",\"itemListElement\":[{\"@type\":\"ListItem\",\"position\":1,\"name\":\"Portada\",\"item\":\"https:\\\/\\\/radiolitoral.com\\\/\"},{\"@type\":\"ListItem\",\"position\":2,\"name\":\"Benitatxell reclama medidas urgentes para asegurar el tr\u00e1fico en las carreteras provinciales\"}]},{\"@type\":\"WebSite\",\"@id\":\"https:\\\/\\\/radiolitoral.com\\\/#website\",\"url\":\"https:\\\/\\\/radiolitoral.com\\\/\",\"name\":\"Radio Litoral\",\"description\":\"La radio local de la Marina Alta\",\"publisher\":{\"@id\":\"https:\\\/\\\/radiolitoral.com\\\/#organization\"},\"alternateName\":\"Litoral FM\",\"potentialAction\":[{\"@type\":\"SearchAction\",\"target\":{\"@type\":\"EntryPoint\",\"urlTemplate\":\"https:\\\/\\\/radiolitoral.com\\\/?s={search_term_string}\"},\"query-input\":{\"@type\":\"PropertyValueSpecification\",\"valueRequired\":true,\"valueName\":\"search_term_string\"}}],\"inLanguage\":\"ca\"},{\"@type\":\"Organization\",\"@id\":\"https:\\\/\\\/radiolitoral.com\\\/#organization\",\"name\":\"Radio Litoral\",\"url\":\"https:\\\/\\\/radiolitoral.com\\\/\",\"logo\":{\"@type\":\"ImageObject\",\"inLanguage\":\"ca\",\"@id\":\"https:\\\/\\\/radiolitoral.com\\\/#\\\/schema\\\/logo\\\/image\\\/\",\"url\":\"https:\\\/\\\/media.radiolitoral.com\\\/wp-content\\\/uploads\\\/2023\\\/02\\\/24143238\\\/CL-V-RadioLitoral696.png\",\"contentUrl\":\"https:\\\/\\\/media.radiolitoral.com\\\/wp-content\\\/uploads\\\/2023\\\/02\\\/24143238\\\/CL-V-RadioLitoral696.png\",\"width\":696,\"height\":696,\"caption\":\"Radio Litoral\"},\"image\":{\"@id\":\"https:\\\/\\\/radiolitoral.com\\\/#\\\/schema\\\/logo\\\/image\\\/\"},\"sameAs\":[\"https:\\\/\\\/www.facebook.com\\\/Laradiolitoral\\\/\"]},{\"@type\":\"Person\",\"@id\":\"https:\\\/\\\/radiolitoral.com\\\/#\\\/schema\\\/person\\\/96b739642eb3bedb532aac3812d23307\",\"name\":\"Redacci\u00f3n\",\"image\":{\"@type\":\"ImageObject\",\"inLanguage\":\"ca\",\"@id\":\"https:\\\/\\\/secure.gravatar.com\\\/avatar\\\/30cd06129ee90411dd9c7cbdcf17464181d1a3c7b072e92070ea75a25cf0097e?s=96&d=mm&r=g\",\"url\":\"https:\\\/\\\/secure.gravatar.com\\\/avatar\\\/30cd06129ee90411dd9c7cbdcf17464181d1a3c7b072e92070ea75a25cf0097e?s=96&d=mm&r=g\",\"contentUrl\":\"https:\\\/\\\/secure.gravatar.com\\\/avatar\\\/30cd06129ee90411dd9c7cbdcf17464181d1a3c7b072e92070ea75a25cf0097e?s=96&d=mm&r=g\",\"caption\":\"Redacci\u00f3n\"},\"url\":\"https:\\\/\\\/radiolitoral.com\\\/ca\\\/author\\\/kevin-carrio\\\/\"}]}<\/script>\n<!-- \/ Yoast SEO plugin. -->","yoast_head_json":{"title":"Benitatxell reclama mesures urgents per assegurar el tr\u00e0nsit a les carreteres provincials | R\u00e0dio Litoral","description":"L&#039;Ajuntament denuncia el col\u00b7lapse diari del vial, que travessa carrers estrets, amb un flux de m\u00e9s de 32.000 vehicles diaris","robots":{"index":"index","follow":"follow","max-snippet":"max-snippet:-1","max-image-preview":"max-image-preview:large","max-video-preview":"max-video-preview:-1"},"canonical":"https:\/\/radiolitoral.com\/ca\/2025\/07\/benitatxell-reclama-mesures-urgents-per-assegurar-el-transit-a-les-carreteres-provincials\/","og_locale":"ca_ES","og_type":"article","og_title":"Benitatxell reclama medidas urgentes para asegurar el tr\u00e1fico en las carreteras provinciales | R\u00e0dio Litoral","og_description":"El Ayuntamiento denuncia el colapso diario del vial, que atraviesa calles estrechas, con un flujo de m\u00e1s de 32.000 veh\u00edculos diarios","og_url":"https:\/\/radiolitoral.com\/ca\/2025\/07\/benitatxell-reclama-mesures-urgents-per-assegurar-el-transit-a-les-carreteres-provincials\/","og_site_name":"R\u00e0dio Litoral","article_publisher":"https:\/\/www.facebook.com\/Laradiolitoral\/","article_published_time":"2025-07-29T16:18:54+00:00","og_image":[{"width":1157,"height":771,"url":"https:\/\/media.radiolitoral.com\/wp-content\/uploads\/2025\/07\/29181834\/WhatsApp-Image-2025-07-29-at-13.42.45-2.jpeg","type":"image\/jpeg"}],"author":"Redacci\u00f3n","twitter_card":"summary_large_image","twitter_misc":{"Escrit per":"Redacci\u00f3n","Temps estimat de lectura":"4 minuts"},"schema":{"@context":"https:\/\/schema.org","@graph":[{"@type":"NewsArticle","@id":"https:\/\/radiolitoral.com\/2025\/07\/benitatxell-reclama-medidas-urgentes-para-asegurar-el-trafico-en-las-carreteras-provinciales\/#article","isPartOf":{"@id":"https:\/\/radiolitoral.com\/2025\/07\/benitatxell-reclama-medidas-urgentes-para-asegurar-el-trafico-en-las-carreteras-provinciales\/"},"author":{"name":"Redacci\u00f3n","@id":"https:\/\/radiolitoral.com\/#\/schema\/person\/96b739642eb3bedb532aac3812d23307"},"headline":"Benitatxell reclama medidas urgentes para asegurar el tr\u00e1fico en las carreteras provinciales","datePublished":"2025-07-29T16:18:54+00:00","mainEntityOfPage":{"@id":"https:\/\/radiolitoral.com\/2025\/07\/benitatxell-reclama-medidas-urgentes-para-asegurar-el-trafico-en-las-carreteras-provinciales\/"},"wordCount":734,"commentCount":0,"publisher":{"@id":"https:\/\/radiolitoral.com\/#organization"},"image":{"@id":"https:\/\/radiolitoral.com\/2025\/07\/benitatxell-reclama-medidas-urgentes-para-asegurar-el-trafico-en-las-carreteras-provinciales\/#primaryimage"},"thumbnailUrl":"https:\/\/media.radiolitoral.com\/wp-content\/uploads\/2025\/07\/29181834\/WhatsApp-Image-2025-07-29-at-13.42.45-2.jpeg","keywords":["carretera Benitatxell","seguridad vial","tr\u00e1fico"],"articleSection":["Tr\u00e1fico"],"inLanguage":"ca","potentialAction":[{"@type":"CommentAction","name":"Comment","target":["https:\/\/radiolitoral.com\/2025\/07\/benitatxell-reclama-medidas-urgentes-para-asegurar-el-trafico-en-las-carreteras-provinciales\/#respond"]}]},{"@type":["WebPage","ItemPage"],"@id":"https:\/\/radiolitoral.com\/2025\/07\/benitatxell-reclama-medidas-urgentes-para-asegurar-el-trafico-en-las-carreteras-provinciales\/","url":"https:\/\/radiolitoral.com\/2025\/07\/benitatxell-reclama-medidas-urgentes-para-asegurar-el-trafico-en-las-carreteras-provinciales\/","name":"Benitatxell reclama mesures urgents per assegurar el tr\u00e0nsit a les carreteres provincials | R\u00e0dio Litoral","isPartOf":{"@id":"https:\/\/radiolitoral.com\/#website"},"primaryImageOfPage":{"@id":"https:\/\/radiolitoral.com\/2025\/07\/benitatxell-reclama-medidas-urgentes-para-asegurar-el-trafico-en-las-carreteras-provinciales\/#primaryimage"},"image":{"@id":"https:\/\/radiolitoral.com\/2025\/07\/benitatxell-reclama-medidas-urgentes-para-asegurar-el-trafico-en-las-carreteras-provinciales\/#primaryimage"},"thumbnailUrl":"https:\/\/media.radiolitoral.com\/wp-content\/uploads\/2025\/07\/29181834\/WhatsApp-Image-2025-07-29-at-13.42.45-2.jpeg","datePublished":"2025-07-29T16:18:54+00:00","description":"L&#039;Ajuntament denuncia el col\u00b7lapse diari del vial, que travessa carrers estrets, amb un flux de m\u00e9s de 32.000 vehicles diaris","breadcrumb":{"@id":"https:\/\/radiolitoral.com\/2025\/07\/benitatxell-reclama-medidas-urgentes-para-asegurar-el-trafico-en-las-carreteras-provinciales\/#breadcrumb"},"inLanguage":"ca","potentialAction":[{"@type":"ReadAction","target":["https:\/\/radiolitoral.com\/2025\/07\/benitatxell-reclama-medidas-urgentes-para-asegurar-el-trafico-en-las-carreteras-provinciales\/"]}]},{"@type":"ImageObject","inLanguage":"ca","@id":"https:\/\/radiolitoral.com\/2025\/07\/benitatxell-reclama-medidas-urgentes-para-asegurar-el-trafico-en-las-carreteras-provinciales\/#primaryimage","url":"https:\/\/media.radiolitoral.com\/wp-content\/uploads\/2025\/07\/29181834\/WhatsApp-Image-2025-07-29-at-13.42.45-2.jpeg","contentUrl":"https:\/\/media.radiolitoral.com\/wp-content\/uploads\/2025\/07\/29181834\/WhatsApp-Image-2025-07-29-at-13.42.45-2.jpeg","width":1157,"height":771},{"@type":"BreadcrumbList","@id":"https:\/\/radiolitoral.com\/2025\/07\/benitatxell-reclama-medidas-urgentes-para-asegurar-el-trafico-en-las-carreteras-provinciales\/#breadcrumb","itemListElement":[{"@type":"ListItem","position":1,"name":"Portada","item":"https:\/\/radiolitoral.com\/"},{"@type":"ListItem","position":2,"name":"Benitatxell reclama medidas urgentes para asegurar el tr\u00e1fico en las carreteras provinciales"}]},{"@type":"WebSite","@id":"https:\/\/radiolitoral.com\/#website","url":"https:\/\/radiolitoral.com\/","name":"R\u00e0dio Litoral","description":"La r\u00e0dio local de la Marina Alta","publisher":{"@id":"https:\/\/radiolitoral.com\/#organization"},"alternateName":"Litoral FM","potentialAction":[{"@type":"SearchAction","target":{"@type":"EntryPoint","urlTemplate":"https:\/\/radiolitoral.com\/?s={search_term_string}"},"query-input":{"@type":"PropertyValueSpecification","valueRequired":true,"valueName":"search_term_string"}}],"inLanguage":"ca"},{"@type":"Organization","@id":"https:\/\/radiolitoral.com\/#organization","name":"R\u00e0dio Litoral","url":"https:\/\/radiolitoral.com\/","logo":{"@type":"ImageObject","inLanguage":"ca","@id":"https:\/\/radiolitoral.com\/#\/schema\/logo\/image\/","url":"https:\/\/media.radiolitoral.com\/wp-content\/uploads\/2023\/02\/24143238\/CL-V-RadioLitoral696.png","contentUrl":"https:\/\/media.radiolitoral.com\/wp-content\/uploads\/2023\/02\/24143238\/CL-V-RadioLitoral696.png","width":696,"height":696,"caption":"Radio Litoral"},"image":{"@id":"https:\/\/radiolitoral.com\/#\/schema\/logo\/image\/"},"sameAs":["https:\/\/www.facebook.com\/Laradiolitoral\/"]},{"@type":"Person","@id":"https:\/\/radiolitoral.com\/#\/schema\/person\/96b739642eb3bedb532aac3812d23307","name":"Redacci\u00f3","image":{"@type":"ImageObject","inLanguage":"ca","@id":"https:\/\/secure.gravatar.com\/avatar\/30cd06129ee90411dd9c7cbdcf17464181d1a3c7b072e92070ea75a25cf0097e?s=96&d=mm&r=g","url":"https:\/\/secure.gravatar.com\/avatar\/30cd06129ee90411dd9c7cbdcf17464181d1a3c7b072e92070ea75a25cf0097e?s=96&d=mm&r=g","contentUrl":"https:\/\/secure.gravatar.com\/avatar\/30cd06129ee90411dd9c7cbdcf17464181d1a3c7b072e92070ea75a25cf0097e?s=96&d=mm&r=g","caption":"Redacci\u00f3n"},"url":"https:\/\/radiolitoral.com\/ca\/author\/kevin-carrio\/"}]}},"_links":{"self":[{"href":"https:\/\/radiolitoral.com\/ca\/wp-json\/wp\/v2\/posts\/17898","targetHints":{"allow":["GET"]}}],"collection":[{"href":"https:\/\/radiolitoral.com\/ca\/wp-json\/wp\/v2\/posts"}],"about":[{"href":"https:\/\/radiolitoral.com\/ca\/wp-json\/wp\/v2\/types\/post"}],"author":[{"embeddable":true,"href":"https:\/\/radiolitoral.com\/ca\/wp-json\/wp\/v2\/users\/14"}],"replies":[{"embeddable":true,"href":"https:\/\/radiolitoral.com\/ca\/wp-json\/wp\/v2\/comments?post=17898"}],"version-history":[{"count":1,"href":"https:\/\/radiolitoral.com\/ca\/wp-json\/wp\/v2\/posts\/17898\/revisions"}],"predecessor-version":[{"id":17908,"href":"https:\/\/radiolitoral.com\/ca\/wp-json\/wp\/v2\/posts\/17898\/revisions\/17908"}],"wp:featuredmedia":[{"embeddable":true,"href":"https:\/\/radiolitoral.com\/ca\/wp-json\/wp\/v2\/media\/17903"}],"wp:attachment":[{"href":"https:\/\/radiolitoral.com\/ca\/wp-json\/wp\/v2\/media?parent=17898"}],"wp:term":[{"taxonomy":"category","embeddable":true,"href":"https:\/\/radiolitoral.com\/ca\/wp-json\/wp\/v2\/categories?post=17898"},{"taxonomy":"post_tag","embeddable":true,"href":"https:\/\/radiolitoral.com\/ca\/wp-json\/wp\/v2\/tags?post=17898"}],"curies":[{"name":"wp","href":"https:\/\/api.w.org\/{rel}","templated":true}]}}