{"id":1784,"date":"2023-03-29T16:24:29","date_gmt":"2023-03-29T14:24:29","guid":{"rendered":"https:\/\/radiolitoral.com\/?p=1784"},"modified":"2023-03-29T16:24:51","modified_gmt":"2023-03-29T14:24:51","slug":"arriba-fira-benestar-a-lauditori-teulada","status":"publish","type":"post","link":"https:\/\/radiolitoral.com\/ca\/2023\/03\/llega-feria-bienestar-al-auditori-teulada\/","title":{"rendered":"Arriba Fira Benestar a l&#039;Auditori Teulada"},"content":{"rendered":"<p>Avui ha arrencat a Teulada la primera <strong>Fira del Benestar<\/strong>, un esdeveniment sota el lema <strong>&#039;Teulada Moraira \u00e9s salut&#039;<\/strong> que es desenvolupar\u00e0 des d&#039;avui dimecres, 29 de mar\u00e7 i fins al 5 d&#039;abril. Una trobada que acollir\u00e0 en moltes de les seves propostes el <strong>Auditori TM<\/strong>.<\/p>\n<p>L&#039;objectiu d&#039;aquesta proposta \u00e9s donar a con\u00e8ixer tots els \u00e0mbits de la salut del municipi, tant els <strong>serveis professionals que s&#039;ofereixen a la localitat, com el que aporta l&#039;entorn d&#039;un poble banyat pel sol i el mar, i la relaci\u00f3 amb la salut i el benestar<\/strong>.<\/p>\n<p>Durant els dies de la fira, podreu gaudir d&#039;algunes experi\u00e8ncies saludables com <strong>rutes, xerrades amb professionals, tallers, etc<\/strong>. A m\u00e9s, hi haur\u00e0 una gran mostra dels serveis i activitats que s&#039;ofereixen a Teulada Moraira.<\/p>\n<p>La programaci\u00f3 arrenca amb una visita escolar al mercat municipal guiada per una nutricionista.<\/p>\n<p>Aquesta setmana tamb\u00e9 s&#039;ha previst un circuit etnobot\u00e0nic pel Barranc de la Xurra. I l&#039;acte inaugural de la I Fira de Benestar per part de l&#039;alcalde, Ra\u00fal Llobell, i la regidora de Sanitat, Susanne Katzgrau. A la qual seguir\u00e0 una pon\u00e8ncia interactiva amb el t\u00edtol Fitness Revolucionari. Pel cap de setmana s&#039;ha programat una classe de Fitness. Es podran, tamb\u00e9, visitar els estands i el \u201cRac\u00f3 Saludable\u201d que es muntar\u00e0 a l&#039;Auditori TM i participar dels diferents tallers i pon\u00e8ncies programades.<\/p>\n<p><strong>La regidora de Sanitat Katzgrau:<\/strong><\/p>\n<audio class=\"wp-audio-shortcode\" id=\"audio-1784-1\" preload=\"none\" style=\"width: 100%;\" controls=\"controls\"><source type=\"audio\/mpeg\" src=\"https:\/\/media.radiolitoral.com\/wp-content\/uploads\/2023\/03\/29160733\/Susanne-Katzgrau.mp3?_=1\" \/><a href=\"https:\/\/media.radiolitoral.com\/wp-content\/uploads\/2023\/03\/29160733\/Susanne-Katzgrau.mp3\">https:\/\/media.radiolitoral.com\/wp-content\/uploads\/2023\/03\/29160733\/Susanne-Katzgrau.mp3<\/a><\/audio>\n<p>&nbsp;<\/p>","protected":false},"excerpt":{"rendered":"<p>Hoy ha arrancado en Teulada la primera Feria del Bienestar, un evento bajo el lema \u2018Teulada Moraira es salud\u2019 que se desarrollar\u00e1 desde hoy mi\u00e9rcoles, 29 de marzo, y hasta el 5 de abril. Un encuentro que acoger\u00e1 en muchas de sus propuestas el Auditori TM. El objetivo de esta propuesta es dar a conocer [&#8230;]<\/p>\n<p><a class=\"btn btn-secondary understrap-read-more-link\" href=\"https:\/\/radiolitoral.com\/ca\/2023\/03\/llega-feria-bienestar-al-auditori-teulada\/\">Continua llegint&#8230;<span class=\"screen-reader-text\"> from Llega Feria Bienestar al Auditori Teulada<\/span><\/a><\/p>\n","protected":false},"author":13,"featured_media":1787,"comment_status":"open","ping_status":"closed","sticky":false,"template":"","format":"standard","meta":{"_acf_changed":false,"inline_featured_image":false,"footnotes":""},"categories":[46],"tags":[379,318,378,347,377,195],"class_list":["post-1784","post","type-post","status-publish","format-standard","has-post-thumbnail","hentry","category-sociedad","tag-actividades-teulada","tag-agenda-teulada","tag-auditori-teulada","tag-feria-bienestar","tag-feria-teulada","tag-teulada-moraira","cobertura-teulada-moraira"],"acf":[],"yoast_head":"<!-- This site is optimized with the Yoast SEO plugin v27.5 - https:\/\/yoast.com\/product\/yoast-seo-wordpress\/ -->\n<title>Llega Feria Bienestar al Auditori Teulada | R\u00e0dio Litoral<\/title>\n<meta name=\"description\" content=\"Contar\u00e1 con actividades como rutas, charlas con profesionales o talleres hasta el 5 de abril\" \/>\n<meta name=\"robots\" content=\"index, follow, max-snippet:-1, max-image-preview:large, max-video-preview:-1\" \/>\n<link rel=\"canonical\" href=\"https:\/\/radiolitoral.com\/ca\/2023\/03\/arriba-fira-benestar-a-lauditori-teulada\/\" \/>\n<meta property=\"og:locale\" content=\"ca_ES\" \/>\n<meta property=\"og:type\" content=\"article\" \/>\n<meta property=\"og:title\" content=\"Llega Feria Bienestar al Auditori Teulada | R\u00e0dio Litoral\" \/>\n<meta property=\"og:description\" content=\"Contar\u00e1 con actividades como rutas, charlas con profesionales o talleres hasta el 5 de abril\" \/>\n<meta property=\"og:url\" content=\"https:\/\/radiolitoral.com\/ca\/2023\/03\/arriba-fira-benestar-a-lauditori-teulada\/\" \/>\n<meta property=\"og:site_name\" content=\"R\u00e0dio Litoral\" \/>\n<meta property=\"article:publisher\" content=\"https:\/\/www.facebook.com\/Laradiolitoral\/\" \/>\n<meta property=\"article:published_time\" content=\"2023-03-29T14:24:29+00:00\" \/>\n<meta property=\"article:modified_time\" content=\"2023-03-29T14:24:51+00:00\" \/>\n<meta property=\"og:image\" content=\"https:\/\/media.radiolitoral.com\/wp-content\/uploads\/2023\/03\/29162424\/336891384_5280222585414333_8245788270973396435_n-392x490-1.jpg\" \/>\n\t<meta property=\"og:image:width\" content=\"392\" \/>\n\t<meta property=\"og:image:height\" content=\"490\" \/>\n\t<meta property=\"og:image:type\" content=\"image\/jpeg\" \/>\n<meta name=\"author\" content=\"Redacci\u00f3n\" \/>\n<meta name=\"twitter:card\" content=\"summary_large_image\" \/>\n<meta name=\"twitter:label1\" content=\"Escrit per\" \/>\n\t<meta name=\"twitter:data1\" content=\"Redacci\u00f3n\" \/>\n\t<meta name=\"twitter:label2\" content=\"Temps estimat de lectura\" \/>\n\t<meta name=\"twitter:data2\" content=\"2 minuts\" \/>\n<script type=\"application\/ld+json\" class=\"yoast-schema-graph\">{\"@context\":\"https:\\\/\\\/schema.org\",\"@graph\":[{\"@type\":\"NewsArticle\",\"@id\":\"https:\\\/\\\/radiolitoral.com\\\/2023\\\/03\\\/llega-feria-bienestar-al-auditori-teulada\\\/#article\",\"isPartOf\":{\"@id\":\"https:\\\/\\\/radiolitoral.com\\\/2023\\\/03\\\/llega-feria-bienestar-al-auditori-teulada\\\/\"},\"author\":{\"name\":\"Redacci\u00f3n\",\"@id\":\"https:\\\/\\\/radiolitoral.com\\\/#\\\/schema\\\/person\\\/f2b2343c49b5d721857cc1002bfdb151\"},\"headline\":\"Llega Feria Bienestar al Auditori Teulada\",\"datePublished\":\"2023-03-29T14:24:29+00:00\",\"dateModified\":\"2023-03-29T14:24:51+00:00\",\"mainEntityOfPage\":{\"@id\":\"https:\\\/\\\/radiolitoral.com\\\/2023\\\/03\\\/llega-feria-bienestar-al-auditori-teulada\\\/\"},\"wordCount\":271,\"commentCount\":0,\"publisher\":{\"@id\":\"https:\\\/\\\/radiolitoral.com\\\/#organization\"},\"image\":{\"@id\":\"https:\\\/\\\/radiolitoral.com\\\/2023\\\/03\\\/llega-feria-bienestar-al-auditori-teulada\\\/#primaryimage\"},\"thumbnailUrl\":\"https:\\\/\\\/media.radiolitoral.com\\\/wp-content\\\/uploads\\\/2023\\\/03\\\/29162424\\\/336891384_5280222585414333_8245788270973396435_n-392x490-1.jpg\",\"keywords\":[\"actividades Teulada\",\"agenda Teulada\",\"Auditori Teulada\",\"feria bienestar\",\"Feria Teulada\",\"Teulada-Moraira\"],\"articleSection\":[\"Sociedad\"],\"inLanguage\":\"ca\",\"potentialAction\":[{\"@type\":\"CommentAction\",\"name\":\"Comment\",\"target\":[\"https:\\\/\\\/radiolitoral.com\\\/2023\\\/03\\\/llega-feria-bienestar-al-auditori-teulada\\\/#respond\"]}]},{\"@type\":[\"WebPage\",\"ItemPage\"],\"@id\":\"https:\\\/\\\/radiolitoral.com\\\/2023\\\/03\\\/llega-feria-bienestar-al-auditori-teulada\\\/\",\"url\":\"https:\\\/\\\/radiolitoral.com\\\/2023\\\/03\\\/llega-feria-bienestar-al-auditori-teulada\\\/\",\"name\":\"Llega Feria Bienestar al Auditori Teulada | R\u00e0dio Litoral\",\"isPartOf\":{\"@id\":\"https:\\\/\\\/radiolitoral.com\\\/#website\"},\"primaryImageOfPage\":{\"@id\":\"https:\\\/\\\/radiolitoral.com\\\/2023\\\/03\\\/llega-feria-bienestar-al-auditori-teulada\\\/#primaryimage\"},\"image\":{\"@id\":\"https:\\\/\\\/radiolitoral.com\\\/2023\\\/03\\\/llega-feria-bienestar-al-auditori-teulada\\\/#primaryimage\"},\"thumbnailUrl\":\"https:\\\/\\\/media.radiolitoral.com\\\/wp-content\\\/uploads\\\/2023\\\/03\\\/29162424\\\/336891384_5280222585414333_8245788270973396435_n-392x490-1.jpg\",\"datePublished\":\"2023-03-29T14:24:29+00:00\",\"dateModified\":\"2023-03-29T14:24:51+00:00\",\"description\":\"Contar\u00e1 con actividades como rutas, charlas con profesionales o talleres hasta el 5 de abril\",\"breadcrumb\":{\"@id\":\"https:\\\/\\\/radiolitoral.com\\\/2023\\\/03\\\/llega-feria-bienestar-al-auditori-teulada\\\/#breadcrumb\"},\"inLanguage\":\"ca\",\"potentialAction\":[{\"@type\":\"ReadAction\",\"target\":[\"https:\\\/\\\/radiolitoral.com\\\/2023\\\/03\\\/llega-feria-bienestar-al-auditori-teulada\\\/\"]}]},{\"@type\":\"ImageObject\",\"inLanguage\":\"ca\",\"@id\":\"https:\\\/\\\/radiolitoral.com\\\/2023\\\/03\\\/llega-feria-bienestar-al-auditori-teulada\\\/#primaryimage\",\"url\":\"https:\\\/\\\/media.radiolitoral.com\\\/wp-content\\\/uploads\\\/2023\\\/03\\\/29162424\\\/336891384_5280222585414333_8245788270973396435_n-392x490-1.jpg\",\"contentUrl\":\"https:\\\/\\\/media.radiolitoral.com\\\/wp-content\\\/uploads\\\/2023\\\/03\\\/29162424\\\/336891384_5280222585414333_8245788270973396435_n-392x490-1.jpg\",\"width\":392,\"height\":490},{\"@type\":\"BreadcrumbList\",\"@id\":\"https:\\\/\\\/radiolitoral.com\\\/2023\\\/03\\\/llega-feria-bienestar-al-auditori-teulada\\\/#breadcrumb\",\"itemListElement\":[{\"@type\":\"ListItem\",\"position\":1,\"name\":\"Portada\",\"item\":\"https:\\\/\\\/radiolitoral.com\\\/\"},{\"@type\":\"ListItem\",\"position\":2,\"name\":\"Llega Feria Bienestar al Auditori Teulada\"}]},{\"@type\":\"WebSite\",\"@id\":\"https:\\\/\\\/radiolitoral.com\\\/#website\",\"url\":\"https:\\\/\\\/radiolitoral.com\\\/\",\"name\":\"Radio Litoral\",\"description\":\"La radio local de la Marina Alta\",\"publisher\":{\"@id\":\"https:\\\/\\\/radiolitoral.com\\\/#organization\"},\"alternateName\":\"Litoral FM\",\"potentialAction\":[{\"@type\":\"SearchAction\",\"target\":{\"@type\":\"EntryPoint\",\"urlTemplate\":\"https:\\\/\\\/radiolitoral.com\\\/?s={search_term_string}\"},\"query-input\":{\"@type\":\"PropertyValueSpecification\",\"valueRequired\":true,\"valueName\":\"search_term_string\"}}],\"inLanguage\":\"ca\"},{\"@type\":\"Organization\",\"@id\":\"https:\\\/\\\/radiolitoral.com\\\/#organization\",\"name\":\"Radio Litoral\",\"url\":\"https:\\\/\\\/radiolitoral.com\\\/\",\"logo\":{\"@type\":\"ImageObject\",\"inLanguage\":\"ca\",\"@id\":\"https:\\\/\\\/radiolitoral.com\\\/#\\\/schema\\\/logo\\\/image\\\/\",\"url\":\"https:\\\/\\\/media.radiolitoral.com\\\/wp-content\\\/uploads\\\/2023\\\/02\\\/24143238\\\/CL-V-RadioLitoral696.png\",\"contentUrl\":\"https:\\\/\\\/media.radiolitoral.com\\\/wp-content\\\/uploads\\\/2023\\\/02\\\/24143238\\\/CL-V-RadioLitoral696.png\",\"width\":696,\"height\":696,\"caption\":\"Radio Litoral\"},\"image\":{\"@id\":\"https:\\\/\\\/radiolitoral.com\\\/#\\\/schema\\\/logo\\\/image\\\/\"},\"sameAs\":[\"https:\\\/\\\/www.facebook.com\\\/Laradiolitoral\\\/\"]},{\"@type\":\"Person\",\"@id\":\"https:\\\/\\\/radiolitoral.com\\\/#\\\/schema\\\/person\\\/f2b2343c49b5d721857cc1002bfdb151\",\"name\":\"Redacci\u00f3n\",\"image\":{\"@type\":\"ImageObject\",\"inLanguage\":\"ca\",\"@id\":\"https:\\\/\\\/secure.gravatar.com\\\/avatar\\\/f771d896c203ad8b3382d7905cfcce5a5c9b008b84b3cd9114e9b9f4cb63f789?s=96&d=mm&r=g\",\"url\":\"https:\\\/\\\/secure.gravatar.com\\\/avatar\\\/f771d896c203ad8b3382d7905cfcce5a5c9b008b84b3cd9114e9b9f4cb63f789?s=96&d=mm&r=g\",\"contentUrl\":\"https:\\\/\\\/secure.gravatar.com\\\/avatar\\\/f771d896c203ad8b3382d7905cfcce5a5c9b008b84b3cd9114e9b9f4cb63f789?s=96&d=mm&r=g\",\"caption\":\"Redacci\u00f3n\"},\"url\":\"https:\\\/\\\/radiolitoral.com\\\/ca\\\/author\\\/miriam-pagan\\\/\"}]}<\/script>\n<!-- \/ Yoast SEO plugin. -->","yoast_head_json":{"title":"Arriba Fira Benestar a l&#039;Auditori Teulada | R\u00e0dio Litoral","description":"Comptar\u00e0 amb activitats com rutes, xerrades amb professionals o tallers fins al 5 d&#039;abril","robots":{"index":"index","follow":"follow","max-snippet":"max-snippet:-1","max-image-preview":"max-image-preview:large","max-video-preview":"max-video-preview:-1"},"canonical":"https:\/\/radiolitoral.com\/ca\/2023\/03\/arriba-fira-benestar-a-lauditori-teulada\/","og_locale":"ca_ES","og_type":"article","og_title":"Llega Feria Bienestar al Auditori Teulada | R\u00e0dio Litoral","og_description":"Contar\u00e1 con actividades como rutas, charlas con profesionales o talleres hasta el 5 de abril","og_url":"https:\/\/radiolitoral.com\/ca\/2023\/03\/arriba-fira-benestar-a-lauditori-teulada\/","og_site_name":"R\u00e0dio Litoral","article_publisher":"https:\/\/www.facebook.com\/Laradiolitoral\/","article_published_time":"2023-03-29T14:24:29+00:00","article_modified_time":"2023-03-29T14:24:51+00:00","og_image":[{"width":392,"height":490,"url":"https:\/\/media.radiolitoral.com\/wp-content\/uploads\/2023\/03\/29162424\/336891384_5280222585414333_8245788270973396435_n-392x490-1.jpg","type":"image\/jpeg"}],"author":"Redacci\u00f3n","twitter_card":"summary_large_image","twitter_misc":{"Escrit per":"Redacci\u00f3n","Temps estimat de lectura":"2 minuts"},"schema":{"@context":"https:\/\/schema.org","@graph":[{"@type":"NewsArticle","@id":"https:\/\/radiolitoral.com\/2023\/03\/llega-feria-bienestar-al-auditori-teulada\/#article","isPartOf":{"@id":"https:\/\/radiolitoral.com\/2023\/03\/llega-feria-bienestar-al-auditori-teulada\/"},"author":{"name":"Redacci\u00f3n","@id":"https:\/\/radiolitoral.com\/#\/schema\/person\/f2b2343c49b5d721857cc1002bfdb151"},"headline":"Llega Feria Bienestar al Auditori Teulada","datePublished":"2023-03-29T14:24:29+00:00","dateModified":"2023-03-29T14:24:51+00:00","mainEntityOfPage":{"@id":"https:\/\/radiolitoral.com\/2023\/03\/llega-feria-bienestar-al-auditori-teulada\/"},"wordCount":271,"commentCount":0,"publisher":{"@id":"https:\/\/radiolitoral.com\/#organization"},"image":{"@id":"https:\/\/radiolitoral.com\/2023\/03\/llega-feria-bienestar-al-auditori-teulada\/#primaryimage"},"thumbnailUrl":"https:\/\/media.radiolitoral.com\/wp-content\/uploads\/2023\/03\/29162424\/336891384_5280222585414333_8245788270973396435_n-392x490-1.jpg","keywords":["actividades Teulada","agenda Teulada","Auditori Teulada","feria bienestar","Feria Teulada","Teulada-Moraira"],"articleSection":["Sociedad"],"inLanguage":"ca","potentialAction":[{"@type":"CommentAction","name":"Comment","target":["https:\/\/radiolitoral.com\/2023\/03\/llega-feria-bienestar-al-auditori-teulada\/#respond"]}]},{"@type":["WebPage","ItemPage"],"@id":"https:\/\/radiolitoral.com\/2023\/03\/llega-feria-bienestar-al-auditori-teulada\/","url":"https:\/\/radiolitoral.com\/2023\/03\/llega-feria-bienestar-al-auditori-teulada\/","name":"Arriba Fira Benestar a l&#039;Auditori Teulada | R\u00e0dio Litoral","isPartOf":{"@id":"https:\/\/radiolitoral.com\/#website"},"primaryImageOfPage":{"@id":"https:\/\/radiolitoral.com\/2023\/03\/llega-feria-bienestar-al-auditori-teulada\/#primaryimage"},"image":{"@id":"https:\/\/radiolitoral.com\/2023\/03\/llega-feria-bienestar-al-auditori-teulada\/#primaryimage"},"thumbnailUrl":"https:\/\/media.radiolitoral.com\/wp-content\/uploads\/2023\/03\/29162424\/336891384_5280222585414333_8245788270973396435_n-392x490-1.jpg","datePublished":"2023-03-29T14:24:29+00:00","dateModified":"2023-03-29T14:24:51+00:00","description":"Comptar\u00e0 amb activitats com rutes, xerrades amb professionals o tallers fins al 5 d&#039;abril","breadcrumb":{"@id":"https:\/\/radiolitoral.com\/2023\/03\/llega-feria-bienestar-al-auditori-teulada\/#breadcrumb"},"inLanguage":"ca","potentialAction":[{"@type":"ReadAction","target":["https:\/\/radiolitoral.com\/2023\/03\/llega-feria-bienestar-al-auditori-teulada\/"]}]},{"@type":"ImageObject","inLanguage":"ca","@id":"https:\/\/radiolitoral.com\/2023\/03\/llega-feria-bienestar-al-auditori-teulada\/#primaryimage","url":"https:\/\/media.radiolitoral.com\/wp-content\/uploads\/2023\/03\/29162424\/336891384_5280222585414333_8245788270973396435_n-392x490-1.jpg","contentUrl":"https:\/\/media.radiolitoral.com\/wp-content\/uploads\/2023\/03\/29162424\/336891384_5280222585414333_8245788270973396435_n-392x490-1.jpg","width":392,"height":490},{"@type":"BreadcrumbList","@id":"https:\/\/radiolitoral.com\/2023\/03\/llega-feria-bienestar-al-auditori-teulada\/#breadcrumb","itemListElement":[{"@type":"ListItem","position":1,"name":"Portada","item":"https:\/\/radiolitoral.com\/"},{"@type":"ListItem","position":2,"name":"Llega Feria Bienestar al Auditori Teulada"}]},{"@type":"WebSite","@id":"https:\/\/radiolitoral.com\/#website","url":"https:\/\/radiolitoral.com\/","name":"R\u00e0dio Litoral","description":"La r\u00e0dio local de la Marina Alta","publisher":{"@id":"https:\/\/radiolitoral.com\/#organization"},"alternateName":"Litoral FM","potentialAction":[{"@type":"SearchAction","target":{"@type":"EntryPoint","urlTemplate":"https:\/\/radiolitoral.com\/?s={search_term_string}"},"query-input":{"@type":"PropertyValueSpecification","valueRequired":true,"valueName":"search_term_string"}}],"inLanguage":"ca"},{"@type":"Organization","@id":"https:\/\/radiolitoral.com\/#organization","name":"R\u00e0dio Litoral","url":"https:\/\/radiolitoral.com\/","logo":{"@type":"ImageObject","inLanguage":"ca","@id":"https:\/\/radiolitoral.com\/#\/schema\/logo\/image\/","url":"https:\/\/media.radiolitoral.com\/wp-content\/uploads\/2023\/02\/24143238\/CL-V-RadioLitoral696.png","contentUrl":"https:\/\/media.radiolitoral.com\/wp-content\/uploads\/2023\/02\/24143238\/CL-V-RadioLitoral696.png","width":696,"height":696,"caption":"Radio Litoral"},"image":{"@id":"https:\/\/radiolitoral.com\/#\/schema\/logo\/image\/"},"sameAs":["https:\/\/www.facebook.com\/Laradiolitoral\/"]},{"@type":"Person","@id":"https:\/\/radiolitoral.com\/#\/schema\/person\/f2b2343c49b5d721857cc1002bfdb151","name":"Redacci\u00f3","image":{"@type":"ImageObject","inLanguage":"ca","@id":"https:\/\/secure.gravatar.com\/avatar\/f771d896c203ad8b3382d7905cfcce5a5c9b008b84b3cd9114e9b9f4cb63f789?s=96&d=mm&r=g","url":"https:\/\/secure.gravatar.com\/avatar\/f771d896c203ad8b3382d7905cfcce5a5c9b008b84b3cd9114e9b9f4cb63f789?s=96&d=mm&r=g","contentUrl":"https:\/\/secure.gravatar.com\/avatar\/f771d896c203ad8b3382d7905cfcce5a5c9b008b84b3cd9114e9b9f4cb63f789?s=96&d=mm&r=g","caption":"Redacci\u00f3n"},"url":"https:\/\/radiolitoral.com\/ca\/author\/miriam-pagan\/"}]}},"_links":{"self":[{"href":"https:\/\/radiolitoral.com\/ca\/wp-json\/wp\/v2\/posts\/1784","targetHints":{"allow":["GET"]}}],"collection":[{"href":"https:\/\/radiolitoral.com\/ca\/wp-json\/wp\/v2\/posts"}],"about":[{"href":"https:\/\/radiolitoral.com\/ca\/wp-json\/wp\/v2\/types\/post"}],"author":[{"embeddable":true,"href":"https:\/\/radiolitoral.com\/ca\/wp-json\/wp\/v2\/users\/13"}],"replies":[{"embeddable":true,"href":"https:\/\/radiolitoral.com\/ca\/wp-json\/wp\/v2\/comments?post=1784"}],"version-history":[{"count":2,"href":"https:\/\/radiolitoral.com\/ca\/wp-json\/wp\/v2\/posts\/1784\/revisions"}],"predecessor-version":[{"id":1788,"href":"https:\/\/radiolitoral.com\/ca\/wp-json\/wp\/v2\/posts\/1784\/revisions\/1788"}],"wp:featuredmedia":[{"embeddable":true,"href":"https:\/\/radiolitoral.com\/ca\/wp-json\/wp\/v2\/media\/1787"}],"wp:attachment":[{"href":"https:\/\/radiolitoral.com\/ca\/wp-json\/wp\/v2\/media?parent=1784"}],"wp:term":[{"taxonomy":"category","embeddable":true,"href":"https:\/\/radiolitoral.com\/ca\/wp-json\/wp\/v2\/categories?post=1784"},{"taxonomy":"post_tag","embeddable":true,"href":"https:\/\/radiolitoral.com\/ca\/wp-json\/wp\/v2\/tags?post=1784"}],"curies":[{"name":"wp","href":"https:\/\/api.w.org\/{rel}","templated":true}]}}