{"id":17835,"date":"2025-07-24T10:38:01","date_gmt":"2025-07-24T08:38:01","guid":{"rendered":"https:\/\/radiolitoral.com\/?p=17835"},"modified":"2025-07-24T10:38:01","modified_gmt":"2025-07-24T08:38:01","slug":"assemblea-al-futbol-sala-de-la-marina-alta","status":"publish","type":"post","link":"https:\/\/radiolitoral.com\/ca\/2025\/07\/asamblea-en-el-futbol-sala-de-la-marina-alta\/","title":{"rendered":"Assemblea al futbol sala de la Marina Alta"},"content":{"rendered":"<p data-start=\"361\" data-end=\"792\">La <strong data-start=\"364\" data-end=\"419\">Associaci\u00f3 Cultura i Esportiva Marina Alta (ACYDMA)<\/strong> ha enviat als seus socis la convocat\u00f2ria per a la <strong data-start=\"472\" data-end=\"502\">Assemblea General Ordin\u00e0ria<\/strong>, que se celebrar\u00e0 el dijous 7 d&#039;agost a la seva seu, ubicada a l&#039;Avinguda d&#039;Alcoi. La primera convocat\u00f2ria ser\u00e0 a les <strong data-start=\"630\" data-end=\"645\">19:00 hores<\/strong> i la segona convocat\u00f2ria a les <strong data-start=\"678\" data-end=\"693\">19:30 hores<\/strong>. A l&#039;assemblea, es tractaran temes clau relacionats amb la gesti\u00f3 de l&#039;associaci\u00f3 i el futur.<\/p>\n<p data-start=\"794\" data-end=\"873\">El <strong data-start=\"797\" data-end=\"814\">ordre del dia<\/strong> de l&#039;assemblea inclour\u00e0 els punts importants seg\u00fcents:<\/p>\n<p data-start=\"876\" data-end=\"923\"><strong data-start=\"876\" data-end=\"900\">Lectura i aprovaci\u00f3<\/strong> <strong>del<\/strong> <strong data-start=\"905\" data-end=\"922\">acta anterior<\/strong>.<\/p>\n<p data-start=\"926\" data-end=\"970\"><strong data-start=\"926\" data-end=\"947\">Estat de comptes<\/strong> d<strong>l&#039;exercici 2024\/25.<\/strong> <strong data-start=\"973\" data-end=\"992\">Balan\u00e7 General<\/strong> .<\/p>\n<p data-start=\"1026\" data-end=\"1085\"><strong data-start=\"1026\" data-end=\"1061\">Data d&#039;inscripci\u00f3 d&#039;equips<\/strong> <strong>per a les competicions<\/strong>.<\/p>\n<p data-start=\"1088\" data-end=\"1145\"><strong data-start=\"1088\" data-end=\"1110\">Precs i preguntes<\/strong>.<\/p>\n<h2 data-start=\"1088\" data-end=\"1145\">Torneig d&#039;agost<\/h2>\n<p data-start=\"1147\" data-end=\"1697\">A m\u00e9s, ACYDMA ha obert el <strong data-start=\"1180\" data-end=\"1206\">termini d&#039;inscripcions<\/strong> per als equips que vulguin participar al <strong data-start=\"1252\" data-end=\"1272\">Torneig d&#039;agost<\/strong>, un esdeveniment esportiu molt esperat pels aficionats i participants locals. Les inscripcions estaran obertes fins al <strong data-start=\"1396\" data-end=\"1418\">dijous 31 de juliol<\/strong>, i els equips interessats han d&#039;enviar la seva inscripci\u00f3 a l&#039;adre\u00e7a de <strong data-start=\"1492\" data-end=\"1524\">correu electr\u00f2nic d&#039;ACYDMA<\/strong>. Els partits del torneig es jugaran al llarg del mes d&#039;agost, cosa que promet ser una <strong data-start=\"1614\" data-end=\"1678\">gran oportunitat per gaudir de l&#039;esport i la competici\u00f3<\/strong> a la Marina Alta.<\/p>\n<p data-start=\"1699\" data-end=\"1985\" data-is-last-node=\"\" data-is-only-node=\"\">La <strong data-start=\"1702\" data-end=\"1732\">Assemblea General Ordin\u00e0ria<\/strong> i el <strong data-start=\"1738\" data-end=\"1758\">Torneig d&#039;agost<\/strong> s\u00f3n dos dels esdeveniments m\u00e9s importants per <strong data-start=\"1803\" data-end=\"1813\">ACYDMA<\/strong>, que segueix promovent el <strong data-start=\"1840\" data-end=\"1864\">esport i la cultura<\/strong> a la comarca, contribuint al desenvolupament de les activitats esportives i al foment de la participaci\u00f3 dels socis.<\/p>\n<p>&nbsp;<\/p>\n<p><script src=\"chrome-extension:\/\/flbolonkboilcbnohjlchlfgdalomdpl\/iFrame.js\" type=\"text\/javascript\"><\/script><\/p>","protected":false},"excerpt":{"rendered":"<p>La Asociaci\u00f3n Cultura y Deportiva Marina Alta (ACYDMA) ha enviado a sus socios la convocatoria para la Asamblea General Ordinaria, que se celebrar\u00e1 el jueves 7 de agosto en su sede, ubicada en la Avenida de Alcoy. La primera convocatoria ser\u00e1 a las 19:00 horas y la segunda convocatoria a las 19:30 horas. En la [&#8230;]<\/p>\n<p><a class=\"btn btn-secondary understrap-read-more-link\" href=\"https:\/\/radiolitoral.com\/ca\/2025\/07\/asamblea-en-el-futbol-sala-de-la-marina-alta\/\">Continua llegint&#8230;<span class=\"screen-reader-text\"> from Asamblea en el futbol sala de la Marina Alta<\/span><\/a><\/p>\n","protected":false},"author":12,"featured_media":17836,"comment_status":"open","ping_status":"closed","sticky":false,"template":"","format":"standard","meta":{"_acf_changed":false,"inline_featured_image":false,"footnotes":""},"categories":[5],"tags":[1508,4739,6],"class_list":["post-17835","post","type-post","status-publish","format-standard","has-post-thumbnail","hentry","category-deportes","tag-acydma","tag-asociacion-cultura-y-deportiva-marina-alta","tag-deportes","cobertura-denia"],"acf":[],"yoast_head":"<!-- This site is optimized with the Yoast SEO plugin v27.5 - https:\/\/yoast.com\/product\/yoast-seo-wordpress\/ -->\n<title>Asamblea en el futbol sala de la Marina Alta | R\u00e0dio Litoral<\/title>\n<meta name=\"description\" content=\"ACYDMA convoca a sus socios para el jueves 7 de agosto en su sede para planificar la pr\u00f3xima temporadaACYDMA convoca a sus socios para el jueves 7 de agosto en su sede para planificar la pr\u00f3xima temporada\" \/>\n<meta name=\"robots\" content=\"index, follow, max-snippet:-1, max-image-preview:large, max-video-preview:-1\" \/>\n<link rel=\"canonical\" href=\"https:\/\/radiolitoral.com\/ca\/2025\/07\/assemblea-al-futbol-sala-de-la-marina-alta\/\" \/>\n<meta property=\"og:locale\" content=\"ca_ES\" \/>\n<meta property=\"og:type\" content=\"article\" \/>\n<meta property=\"og:title\" content=\"Asamblea en el futbol sala de la Marina Alta | R\u00e0dio Litoral\" \/>\n<meta property=\"og:description\" content=\"ACYDMA convoca a sus socios para el jueves 7 de agosto en su sede para planificar la pr\u00f3xima temporadaACYDMA convoca a sus socios para el jueves 7 de agosto en su sede para planificar la pr\u00f3xima temporada\" \/>\n<meta property=\"og:url\" content=\"https:\/\/radiolitoral.com\/ca\/2025\/07\/assemblea-al-futbol-sala-de-la-marina-alta\/\" \/>\n<meta property=\"og:site_name\" content=\"R\u00e0dio Litoral\" \/>\n<meta property=\"article:publisher\" content=\"https:\/\/www.facebook.com\/Laradiolitoral\/\" \/>\n<meta property=\"article:published_time\" content=\"2025-07-24T08:38:01+00:00\" \/>\n<meta property=\"og:image\" content=\"https:\/\/media.radiolitoral.com\/wp-content\/uploads\/2025\/07\/24102859\/asociados-de-acydma.jpg\" \/>\n\t<meta property=\"og:image:width\" content=\"1024\" \/>\n\t<meta property=\"og:image:height\" content=\"678\" \/>\n\t<meta property=\"og:image:type\" content=\"image\/jpeg\" \/>\n<meta name=\"author\" content=\"Javier Zamora\" \/>\n<meta name=\"twitter:card\" content=\"summary_large_image\" \/>\n<meta name=\"twitter:label1\" content=\"Escrit per\" \/>\n\t<meta name=\"twitter:data1\" content=\"Javier Zamora\" \/>\n\t<meta name=\"twitter:label2\" content=\"Temps estimat de lectura\" \/>\n\t<meta name=\"twitter:data2\" content=\"2 minuts\" \/>\n<script type=\"application\/ld+json\" class=\"yoast-schema-graph\">{\"@context\":\"https:\\\/\\\/schema.org\",\"@graph\":[{\"@type\":\"NewsArticle\",\"@id\":\"https:\\\/\\\/radiolitoral.com\\\/2025\\\/07\\\/asamblea-en-el-futbol-sala-de-la-marina-alta\\\/#article\",\"isPartOf\":{\"@id\":\"https:\\\/\\\/radiolitoral.com\\\/2025\\\/07\\\/asamblea-en-el-futbol-sala-de-la-marina-alta\\\/\"},\"author\":{\"name\":\"Javier Zamora\",\"@id\":\"https:\\\/\\\/radiolitoral.com\\\/#\\\/schema\\\/person\\\/7b1480b5caeb5acdd4ec6379caf62b22\"},\"headline\":\"Asamblea en el futbol sala de la Marina Alta\",\"datePublished\":\"2025-07-24T08:38:01+00:00\",\"mainEntityOfPage\":{\"@id\":\"https:\\\/\\\/radiolitoral.com\\\/2025\\\/07\\\/asamblea-en-el-futbol-sala-de-la-marina-alta\\\/\"},\"wordCount\":263,\"commentCount\":0,\"publisher\":{\"@id\":\"https:\\\/\\\/radiolitoral.com\\\/#organization\"},\"image\":{\"@id\":\"https:\\\/\\\/radiolitoral.com\\\/2025\\\/07\\\/asamblea-en-el-futbol-sala-de-la-marina-alta\\\/#primaryimage\"},\"thumbnailUrl\":\"https:\\\/\\\/media.radiolitoral.com\\\/wp-content\\\/uploads\\\/2025\\\/07\\\/24102859\\\/asociados-de-acydma.jpg\",\"keywords\":[\"Acydma\",\"Asociaci\u00f3n Cultura y Deportiva Marina Alta\",\"deportes\"],\"articleSection\":[\"Deportes\"],\"inLanguage\":\"ca\",\"potentialAction\":[{\"@type\":\"CommentAction\",\"name\":\"Comment\",\"target\":[\"https:\\\/\\\/radiolitoral.com\\\/2025\\\/07\\\/asamblea-en-el-futbol-sala-de-la-marina-alta\\\/#respond\"]}]},{\"@type\":[\"WebPage\",\"ItemPage\"],\"@id\":\"https:\\\/\\\/radiolitoral.com\\\/2025\\\/07\\\/asamblea-en-el-futbol-sala-de-la-marina-alta\\\/\",\"url\":\"https:\\\/\\\/radiolitoral.com\\\/2025\\\/07\\\/asamblea-en-el-futbol-sala-de-la-marina-alta\\\/\",\"name\":\"Asamblea en el futbol sala de la Marina Alta | R\u00e0dio Litoral\",\"isPartOf\":{\"@id\":\"https:\\\/\\\/radiolitoral.com\\\/#website\"},\"primaryImageOfPage\":{\"@id\":\"https:\\\/\\\/radiolitoral.com\\\/2025\\\/07\\\/asamblea-en-el-futbol-sala-de-la-marina-alta\\\/#primaryimage\"},\"image\":{\"@id\":\"https:\\\/\\\/radiolitoral.com\\\/2025\\\/07\\\/asamblea-en-el-futbol-sala-de-la-marina-alta\\\/#primaryimage\"},\"thumbnailUrl\":\"https:\\\/\\\/media.radiolitoral.com\\\/wp-content\\\/uploads\\\/2025\\\/07\\\/24102859\\\/asociados-de-acydma.jpg\",\"datePublished\":\"2025-07-24T08:38:01+00:00\",\"description\":\"ACYDMA convoca a sus socios para el jueves 7 de agosto en su sede para planificar la pr\u00f3xima temporadaACYDMA convoca a sus socios para el jueves 7 de agosto en su sede para planificar la pr\u00f3xima temporada\",\"breadcrumb\":{\"@id\":\"https:\\\/\\\/radiolitoral.com\\\/2025\\\/07\\\/asamblea-en-el-futbol-sala-de-la-marina-alta\\\/#breadcrumb\"},\"inLanguage\":\"ca\",\"potentialAction\":[{\"@type\":\"ReadAction\",\"target\":[\"https:\\\/\\\/radiolitoral.com\\\/2025\\\/07\\\/asamblea-en-el-futbol-sala-de-la-marina-alta\\\/\"]}]},{\"@type\":\"ImageObject\",\"inLanguage\":\"ca\",\"@id\":\"https:\\\/\\\/radiolitoral.com\\\/2025\\\/07\\\/asamblea-en-el-futbol-sala-de-la-marina-alta\\\/#primaryimage\",\"url\":\"https:\\\/\\\/media.radiolitoral.com\\\/wp-content\\\/uploads\\\/2025\\\/07\\\/24102859\\\/asociados-de-acydma.jpg\",\"contentUrl\":\"https:\\\/\\\/media.radiolitoral.com\\\/wp-content\\\/uploads\\\/2025\\\/07\\\/24102859\\\/asociados-de-acydma.jpg\",\"width\":1024,\"height\":678},{\"@type\":\"BreadcrumbList\",\"@id\":\"https:\\\/\\\/radiolitoral.com\\\/2025\\\/07\\\/asamblea-en-el-futbol-sala-de-la-marina-alta\\\/#breadcrumb\",\"itemListElement\":[{\"@type\":\"ListItem\",\"position\":1,\"name\":\"Portada\",\"item\":\"https:\\\/\\\/radiolitoral.com\\\/\"},{\"@type\":\"ListItem\",\"position\":2,\"name\":\"Asamblea en el futbol sala de la Marina Alta\"}]},{\"@type\":\"WebSite\",\"@id\":\"https:\\\/\\\/radiolitoral.com\\\/#website\",\"url\":\"https:\\\/\\\/radiolitoral.com\\\/\",\"name\":\"Radio Litoral\",\"description\":\"La radio local de la Marina Alta\",\"publisher\":{\"@id\":\"https:\\\/\\\/radiolitoral.com\\\/#organization\"},\"alternateName\":\"Litoral FM\",\"potentialAction\":[{\"@type\":\"SearchAction\",\"target\":{\"@type\":\"EntryPoint\",\"urlTemplate\":\"https:\\\/\\\/radiolitoral.com\\\/?s={search_term_string}\"},\"query-input\":{\"@type\":\"PropertyValueSpecification\",\"valueRequired\":true,\"valueName\":\"search_term_string\"}}],\"inLanguage\":\"ca\"},{\"@type\":\"Organization\",\"@id\":\"https:\\\/\\\/radiolitoral.com\\\/#organization\",\"name\":\"Radio Litoral\",\"url\":\"https:\\\/\\\/radiolitoral.com\\\/\",\"logo\":{\"@type\":\"ImageObject\",\"inLanguage\":\"ca\",\"@id\":\"https:\\\/\\\/radiolitoral.com\\\/#\\\/schema\\\/logo\\\/image\\\/\",\"url\":\"https:\\\/\\\/media.radiolitoral.com\\\/wp-content\\\/uploads\\\/2023\\\/02\\\/24143238\\\/CL-V-RadioLitoral696.png\",\"contentUrl\":\"https:\\\/\\\/media.radiolitoral.com\\\/wp-content\\\/uploads\\\/2023\\\/02\\\/24143238\\\/CL-V-RadioLitoral696.png\",\"width\":696,\"height\":696,\"caption\":\"Radio Litoral\"},\"image\":{\"@id\":\"https:\\\/\\\/radiolitoral.com\\\/#\\\/schema\\\/logo\\\/image\\\/\"},\"sameAs\":[\"https:\\\/\\\/www.facebook.com\\\/Laradiolitoral\\\/\"]},{\"@type\":\"Person\",\"@id\":\"https:\\\/\\\/radiolitoral.com\\\/#\\\/schema\\\/person\\\/7b1480b5caeb5acdd4ec6379caf62b22\",\"name\":\"Javier Zamora\",\"image\":{\"@type\":\"ImageObject\",\"inLanguage\":\"ca\",\"@id\":\"https:\\\/\\\/secure.gravatar.com\\\/avatar\\\/467a11f6918c7d619c4043fc6fa2d3853053107973f05b6e9c04ea6c4e3a7b3f?s=96&d=mm&r=g\",\"url\":\"https:\\\/\\\/secure.gravatar.com\\\/avatar\\\/467a11f6918c7d619c4043fc6fa2d3853053107973f05b6e9c04ea6c4e3a7b3f?s=96&d=mm&r=g\",\"contentUrl\":\"https:\\\/\\\/secure.gravatar.com\\\/avatar\\\/467a11f6918c7d619c4043fc6fa2d3853053107973f05b6e9c04ea6c4e3a7b3f?s=96&d=mm&r=g\",\"caption\":\"Javier Zamora\"},\"url\":\"https:\\\/\\\/radiolitoral.com\\\/ca\\\/author\\\/javier-zamora\\\/\"}]}<\/script>\n<!-- \/ Yoast SEO plugin. -->","yoast_head_json":{"title":"Assemblea al futbol sala de la Marina Alta | R\u00e0dio Litoral","description":"ACYDMA convoca els seus socis per al dijous 7 d&#039;agost a la seu per planificar la temporada que ve ACIDMA convoca els seus socis per al dijous 7 d&#039;agost a la seu per planificar la temporada que ve","robots":{"index":"index","follow":"follow","max-snippet":"max-snippet:-1","max-image-preview":"max-image-preview:large","max-video-preview":"max-video-preview:-1"},"canonical":"https:\/\/radiolitoral.com\/ca\/2025\/07\/assemblea-al-futbol-sala-de-la-marina-alta\/","og_locale":"ca_ES","og_type":"article","og_title":"Asamblea en el futbol sala de la Marina Alta | R\u00e0dio Litoral","og_description":"ACYDMA convoca a sus socios para el jueves 7 de agosto en su sede para planificar la pr\u00f3xima temporadaACYDMA convoca a sus socios para el jueves 7 de agosto en su sede para planificar la pr\u00f3xima temporada","og_url":"https:\/\/radiolitoral.com\/ca\/2025\/07\/assemblea-al-futbol-sala-de-la-marina-alta\/","og_site_name":"R\u00e0dio Litoral","article_publisher":"https:\/\/www.facebook.com\/Laradiolitoral\/","article_published_time":"2025-07-24T08:38:01+00:00","og_image":[{"width":1024,"height":678,"url":"https:\/\/media.radiolitoral.com\/wp-content\/uploads\/2025\/07\/24102859\/asociados-de-acydma.jpg","type":"image\/jpeg"}],"author":"Javier Zamora","twitter_card":"summary_large_image","twitter_misc":{"Escrit per":"Javier Zamora","Temps estimat de lectura":"2 minuts"},"schema":{"@context":"https:\/\/schema.org","@graph":[{"@type":"NewsArticle","@id":"https:\/\/radiolitoral.com\/2025\/07\/asamblea-en-el-futbol-sala-de-la-marina-alta\/#article","isPartOf":{"@id":"https:\/\/radiolitoral.com\/2025\/07\/asamblea-en-el-futbol-sala-de-la-marina-alta\/"},"author":{"name":"Javier Zamora","@id":"https:\/\/radiolitoral.com\/#\/schema\/person\/7b1480b5caeb5acdd4ec6379caf62b22"},"headline":"Asamblea en el futbol sala de la Marina Alta","datePublished":"2025-07-24T08:38:01+00:00","mainEntityOfPage":{"@id":"https:\/\/radiolitoral.com\/2025\/07\/asamblea-en-el-futbol-sala-de-la-marina-alta\/"},"wordCount":263,"commentCount":0,"publisher":{"@id":"https:\/\/radiolitoral.com\/#organization"},"image":{"@id":"https:\/\/radiolitoral.com\/2025\/07\/asamblea-en-el-futbol-sala-de-la-marina-alta\/#primaryimage"},"thumbnailUrl":"https:\/\/media.radiolitoral.com\/wp-content\/uploads\/2025\/07\/24102859\/asociados-de-acydma.jpg","keywords":["Acydma","Asociaci\u00f3n Cultura y Deportiva Marina Alta","deportes"],"articleSection":["Deportes"],"inLanguage":"ca","potentialAction":[{"@type":"CommentAction","name":"Comment","target":["https:\/\/radiolitoral.com\/2025\/07\/asamblea-en-el-futbol-sala-de-la-marina-alta\/#respond"]}]},{"@type":["WebPage","ItemPage"],"@id":"https:\/\/radiolitoral.com\/2025\/07\/asamblea-en-el-futbol-sala-de-la-marina-alta\/","url":"https:\/\/radiolitoral.com\/2025\/07\/asamblea-en-el-futbol-sala-de-la-marina-alta\/","name":"Assemblea al futbol sala de la Marina Alta | R\u00e0dio Litoral","isPartOf":{"@id":"https:\/\/radiolitoral.com\/#website"},"primaryImageOfPage":{"@id":"https:\/\/radiolitoral.com\/2025\/07\/asamblea-en-el-futbol-sala-de-la-marina-alta\/#primaryimage"},"image":{"@id":"https:\/\/radiolitoral.com\/2025\/07\/asamblea-en-el-futbol-sala-de-la-marina-alta\/#primaryimage"},"thumbnailUrl":"https:\/\/media.radiolitoral.com\/wp-content\/uploads\/2025\/07\/24102859\/asociados-de-acydma.jpg","datePublished":"2025-07-24T08:38:01+00:00","description":"ACYDMA convoca els seus socis per al dijous 7 d&#039;agost a la seu per planificar la temporada que ve ACIDMA convoca els seus socis per al dijous 7 d&#039;agost a la seu per planificar la temporada que ve","breadcrumb":{"@id":"https:\/\/radiolitoral.com\/2025\/07\/asamblea-en-el-futbol-sala-de-la-marina-alta\/#breadcrumb"},"inLanguage":"ca","potentialAction":[{"@type":"ReadAction","target":["https:\/\/radiolitoral.com\/2025\/07\/asamblea-en-el-futbol-sala-de-la-marina-alta\/"]}]},{"@type":"ImageObject","inLanguage":"ca","@id":"https:\/\/radiolitoral.com\/2025\/07\/asamblea-en-el-futbol-sala-de-la-marina-alta\/#primaryimage","url":"https:\/\/media.radiolitoral.com\/wp-content\/uploads\/2025\/07\/24102859\/asociados-de-acydma.jpg","contentUrl":"https:\/\/media.radiolitoral.com\/wp-content\/uploads\/2025\/07\/24102859\/asociados-de-acydma.jpg","width":1024,"height":678},{"@type":"BreadcrumbList","@id":"https:\/\/radiolitoral.com\/2025\/07\/asamblea-en-el-futbol-sala-de-la-marina-alta\/#breadcrumb","itemListElement":[{"@type":"ListItem","position":1,"name":"Portada","item":"https:\/\/radiolitoral.com\/"},{"@type":"ListItem","position":2,"name":"Asamblea en el futbol sala de la Marina Alta"}]},{"@type":"WebSite","@id":"https:\/\/radiolitoral.com\/#website","url":"https:\/\/radiolitoral.com\/","name":"R\u00e0dio Litoral","description":"La r\u00e0dio local de la Marina Alta","publisher":{"@id":"https:\/\/radiolitoral.com\/#organization"},"alternateName":"Litoral FM","potentialAction":[{"@type":"SearchAction","target":{"@type":"EntryPoint","urlTemplate":"https:\/\/radiolitoral.com\/?s={search_term_string}"},"query-input":{"@type":"PropertyValueSpecification","valueRequired":true,"valueName":"search_term_string"}}],"inLanguage":"ca"},{"@type":"Organization","@id":"https:\/\/radiolitoral.com\/#organization","name":"R\u00e0dio Litoral","url":"https:\/\/radiolitoral.com\/","logo":{"@type":"ImageObject","inLanguage":"ca","@id":"https:\/\/radiolitoral.com\/#\/schema\/logo\/image\/","url":"https:\/\/media.radiolitoral.com\/wp-content\/uploads\/2023\/02\/24143238\/CL-V-RadioLitoral696.png","contentUrl":"https:\/\/media.radiolitoral.com\/wp-content\/uploads\/2023\/02\/24143238\/CL-V-RadioLitoral696.png","width":696,"height":696,"caption":"Radio Litoral"},"image":{"@id":"https:\/\/radiolitoral.com\/#\/schema\/logo\/image\/"},"sameAs":["https:\/\/www.facebook.com\/Laradiolitoral\/"]},{"@type":"Person","@id":"https:\/\/radiolitoral.com\/#\/schema\/person\/7b1480b5caeb5acdd4ec6379caf62b22","name":"Javier Zamora","image":{"@type":"ImageObject","inLanguage":"ca","@id":"https:\/\/secure.gravatar.com\/avatar\/467a11f6918c7d619c4043fc6fa2d3853053107973f05b6e9c04ea6c4e3a7b3f?s=96&d=mm&r=g","url":"https:\/\/secure.gravatar.com\/avatar\/467a11f6918c7d619c4043fc6fa2d3853053107973f05b6e9c04ea6c4e3a7b3f?s=96&d=mm&r=g","contentUrl":"https:\/\/secure.gravatar.com\/avatar\/467a11f6918c7d619c4043fc6fa2d3853053107973f05b6e9c04ea6c4e3a7b3f?s=96&d=mm&r=g","caption":"Javier Zamora"},"url":"https:\/\/radiolitoral.com\/ca\/author\/javier-zamora\/"}]}},"_links":{"self":[{"href":"https:\/\/radiolitoral.com\/ca\/wp-json\/wp\/v2\/posts\/17835","targetHints":{"allow":["GET"]}}],"collection":[{"href":"https:\/\/radiolitoral.com\/ca\/wp-json\/wp\/v2\/posts"}],"about":[{"href":"https:\/\/radiolitoral.com\/ca\/wp-json\/wp\/v2\/types\/post"}],"author":[{"embeddable":true,"href":"https:\/\/radiolitoral.com\/ca\/wp-json\/wp\/v2\/users\/12"}],"replies":[{"embeddable":true,"href":"https:\/\/radiolitoral.com\/ca\/wp-json\/wp\/v2\/comments?post=17835"}],"version-history":[{"count":2,"href":"https:\/\/radiolitoral.com\/ca\/wp-json\/wp\/v2\/posts\/17835\/revisions"}],"predecessor-version":[{"id":17838,"href":"https:\/\/radiolitoral.com\/ca\/wp-json\/wp\/v2\/posts\/17835\/revisions\/17838"}],"wp:featuredmedia":[{"embeddable":true,"href":"https:\/\/radiolitoral.com\/ca\/wp-json\/wp\/v2\/media\/17836"}],"wp:attachment":[{"href":"https:\/\/radiolitoral.com\/ca\/wp-json\/wp\/v2\/media?parent=17835"}],"wp:term":[{"taxonomy":"category","embeddable":true,"href":"https:\/\/radiolitoral.com\/ca\/wp-json\/wp\/v2\/categories?post=17835"},{"taxonomy":"post_tag","embeddable":true,"href":"https:\/\/radiolitoral.com\/ca\/wp-json\/wp\/v2\/tags?post=17835"}],"curies":[{"name":"wp","href":"https:\/\/api.w.org\/{rel}","templated":true}]}}