{"id":17814,"date":"2025-07-23T10:18:00","date_gmt":"2025-07-23T08:18:00","guid":{"rendered":"https:\/\/radiolitoral.com\/?p=17814"},"modified":"2025-07-23T11:50:20","modified_gmt":"2025-07-23T09:50:20","slug":"xabi-bolufer-del-cb-joventut-xabia-a-la-seleccion-nacional","status":"publish","type":"post","link":"https:\/\/radiolitoral.com\/ca\/2025\/07\/xabi-bolufer-del-cb-joventut-xabia-a-la-seleccion-nacional\/","title":{"rendered":"Xabi Bolufer del CB Joventut X\u00e0bia a la Selecci\u00f3 Nacional"},"content":{"rendered":"<p data-start=\"287\" data-end=\"786\">El jove <strong data-start=\"296\" data-end=\"312\">Xabi Bolufer<\/strong>, jugador del <strong data-start=\"326\" data-end=\"349\">Club B\u00e0squet Joventut X\u00e0bia<\/strong>, ha estat <strong data-start=\"406\" data-end=\"466\">\u00a0Selecci\u00f3 Espanyola de b\u00e0squet U13<\/strong>. Un nou reconeixement al seu talent i treball, que el col\u00b7loca entre els millors joves jugadors de b\u00e0squet del pa\u00eds. La concentraci\u00f3 tindr\u00e0 lloc del <strong data-start=\"624\" data-end=\"645\">27 al 31 de juliol<\/strong> a la localitat de Siscar, Valladolid, un lloc habitual per als entrenaments dels equips nacionals a les categories inferiors.<\/p>\n<p data-start=\"788\" data-end=\"1234\">Xabi Bolufer ser\u00e0 un dels 29 jugadors seleccionats, juntament amb companys de diferents clubs de tot el pa\u00eds, per treballar sota la direcci\u00f3 del cos t\u00e8cnic de la selecci\u00f3. Els jugadors nascuts el 2012 que han estat convocats en aquesta concentraci\u00f3 tenen l&#039;objectiu de seguir demostrant la seva progressi\u00f3 i habilitats, amb l&#039;esperan\u00e7a de conv\u00e8ncer els entrenadors i fer un pas m\u00e9s en el seu desenvolupament esportiu.<\/p>\n<p data-start=\"1236\" data-end=\"1707\">Aquest \u00e8xit de Xabi Bolufer \u00e9s el resultat del seu treball incansable, la seva actitud positiva, el seu sacrifici, i, com ell mateix ha esmentat diverses vegades, el seu amor pel seu poble i pel <strong data-start=\"1444\" data-end=\"1465\">CB Joventut X\u00e0bia<\/strong>. Amb nom\u00e9s 13 anys, Xabi segueix evolucionant com a jugador i obrint-se cam\u00ed cap a un futur prometedor, mentre aprofita al m\u00e0xim les grans experi\u00e8ncies que li proporciona compartir pista amb altres jugadors d&#039;alt nivell.<\/p>\n<p><script src=\"chrome-extension:\/\/flbolonkboilcbnohjlchlfgdalomdpl\/iFrame.js\" type=\"text\/javascript\"><\/script><\/p>\n<p><script src=\"chrome-extension:\/\/flbolonkboilcbnohjlchlfgdalomdpl\/iFrame.js\" type=\"text\/javascript\"><\/script><\/p>","protected":false},"excerpt":{"rendered":"<p>El joven Xabi Bolufer, jugador del Club Baloncesto Joventut X\u00e0bia, ha sido \u00a0Selecci\u00f3n Espa\u00f1ola de baloncesto U13. Un nuevo reconocimiento a su talento y trabajo, que lo coloca entre los mejores j\u00f3venes jugadores de baloncesto del pa\u00eds. La concentraci\u00f3n tendr\u00e1 lugar del 27 al 31 de julio en la localidad de Siscar, Valladolid, un sitio [&#8230;]<\/p>\n<p><a class=\"btn btn-secondary understrap-read-more-link\" href=\"https:\/\/radiolitoral.com\/ca\/2025\/07\/xabi-bolufer-del-cb-joventut-xabia-a-la-seleccion-nacional\/\">Continua llegint&#8230;<span class=\"screen-reader-text\"> from Xabi Bolufer del CB Joventut X\u00e0bia a la Selecci\u00f3n Nacional<\/span><\/a><\/p>\n","protected":false},"author":12,"featured_media":17815,"comment_status":"open","ping_status":"closed","sticky":false,"template":"","format":"standard","meta":{"_acf_changed":false,"inline_featured_image":false,"footnotes":""},"categories":[5],"tags":[1702,4730,6,4729],"class_list":["post-17814","post","type-post","status-publish","format-standard","has-post-thumbnail","hentry","category-deportes","tag-cb-joventut-xabia","tag-club-baloncesto-joventut-xabia","tag-deportes","tag-xabi-bolufer","cobertura-xabia"],"acf":[],"yoast_head":"<!-- This site is optimized with the Yoast SEO plugin v27.5 - https:\/\/yoast.com\/product\/yoast-seo-wordpress\/ -->\n<title>Xabi Bolufer del CB Joventut X\u00e0bia a la Selecci\u00f3n Nacional | R\u00e0dio Litoral<\/title>\n<meta name=\"description\" content=\"El joven jugador de X\u00e0bia vuelve a la convocatoria del equipo nacional de categor\u00eda U13 El joven jugador de X\u00e0bia vuelve a la convocatoria del equipo nacional de categor\u00eda U13\" \/>\n<meta name=\"robots\" content=\"index, follow, max-snippet:-1, max-image-preview:large, max-video-preview:-1\" \/>\n<link rel=\"canonical\" href=\"https:\/\/radiolitoral.com\/ca\/2025\/07\/xabi-bolufer-del-cb-joventut-xabia-a-la-seleccion-nacional\/\" \/>\n<meta property=\"og:locale\" content=\"ca_ES\" \/>\n<meta property=\"og:type\" content=\"article\" \/>\n<meta property=\"og:title\" content=\"Xabi Bolufer del CB Joventut X\u00e0bia a la Selecci\u00f3n Nacional | R\u00e0dio Litoral\" \/>\n<meta property=\"og:description\" content=\"El joven jugador de X\u00e0bia vuelve a la convocatoria del equipo nacional de categor\u00eda U13 El joven jugador de X\u00e0bia vuelve a la convocatoria del equipo nacional de categor\u00eda U13\" \/>\n<meta property=\"og:url\" content=\"https:\/\/radiolitoral.com\/ca\/2025\/07\/xabi-bolufer-del-cb-joventut-xabia-a-la-seleccion-nacional\/\" \/>\n<meta property=\"og:site_name\" content=\"R\u00e0dio Litoral\" \/>\n<meta property=\"article:publisher\" content=\"https:\/\/www.facebook.com\/Laradiolitoral\/\" \/>\n<meta property=\"article:published_time\" content=\"2025-07-23T08:18:00+00:00\" \/>\n<meta property=\"article:modified_time\" content=\"2025-07-23T09:50:20+00:00\" \/>\n<meta property=\"og:image\" content=\"https:\/\/media.radiolitoral.com\/wp-content\/uploads\/2025\/07\/23101704\/Xavi-Bolufer.jpg\" \/>\n\t<meta property=\"og:image:width\" content=\"1100\" \/>\n\t<meta property=\"og:image:height\" content=\"675\" \/>\n\t<meta property=\"og:image:type\" content=\"image\/jpeg\" \/>\n<meta name=\"author\" content=\"Javier Zamora\" \/>\n<meta name=\"twitter:card\" content=\"summary_large_image\" \/>\n<meta name=\"twitter:label1\" content=\"Escrit per\" \/>\n\t<meta name=\"twitter:data1\" content=\"Javier Zamora\" \/>\n\t<meta name=\"twitter:label2\" content=\"Temps estimat de lectura\" \/>\n\t<meta name=\"twitter:data2\" content=\"2 minuts\" \/>\n<script type=\"application\/ld+json\" class=\"yoast-schema-graph\">{\"@context\":\"https:\\\/\\\/schema.org\",\"@graph\":[{\"@type\":\"NewsArticle\",\"@id\":\"https:\\\/\\\/radiolitoral.com\\\/2025\\\/07\\\/xabi-bolufer-del-cb-joventut-xabia-a-la-seleccion-nacional\\\/#article\",\"isPartOf\":{\"@id\":\"https:\\\/\\\/radiolitoral.com\\\/2025\\\/07\\\/xabi-bolufer-del-cb-joventut-xabia-a-la-seleccion-nacional\\\/\"},\"author\":{\"name\":\"Javier Zamora\",\"@id\":\"https:\\\/\\\/radiolitoral.com\\\/#\\\/schema\\\/person\\\/7b1480b5caeb5acdd4ec6379caf62b22\"},\"headline\":\"Xabi Bolufer del CB Joventut X\u00e0bia a la Selecci\u00f3n Nacional\",\"datePublished\":\"2025-07-23T08:18:00+00:00\",\"dateModified\":\"2025-07-23T09:50:20+00:00\",\"mainEntityOfPage\":{\"@id\":\"https:\\\/\\\/radiolitoral.com\\\/2025\\\/07\\\/xabi-bolufer-del-cb-joventut-xabia-a-la-seleccion-nacional\\\/\"},\"wordCount\":234,\"commentCount\":0,\"publisher\":{\"@id\":\"https:\\\/\\\/radiolitoral.com\\\/#organization\"},\"image\":{\"@id\":\"https:\\\/\\\/radiolitoral.com\\\/2025\\\/07\\\/xabi-bolufer-del-cb-joventut-xabia-a-la-seleccion-nacional\\\/#primaryimage\"},\"thumbnailUrl\":\"https:\\\/\\\/media.radiolitoral.com\\\/wp-content\\\/uploads\\\/2025\\\/07\\\/23101704\\\/Xavi-Bolufer.jpg\",\"keywords\":[\"CB Joventut X\u00e0bia\",\"Club Baloncesto Joventut X\u00e0bia\",\"deportes\",\"Xabi Bolufer\"],\"articleSection\":[\"Deportes\"],\"inLanguage\":\"ca\",\"potentialAction\":[{\"@type\":\"CommentAction\",\"name\":\"Comment\",\"target\":[\"https:\\\/\\\/radiolitoral.com\\\/2025\\\/07\\\/xabi-bolufer-del-cb-joventut-xabia-a-la-seleccion-nacional\\\/#respond\"]}]},{\"@type\":[\"WebPage\",\"ItemPage\"],\"@id\":\"https:\\\/\\\/radiolitoral.com\\\/2025\\\/07\\\/xabi-bolufer-del-cb-joventut-xabia-a-la-seleccion-nacional\\\/\",\"url\":\"https:\\\/\\\/radiolitoral.com\\\/2025\\\/07\\\/xabi-bolufer-del-cb-joventut-xabia-a-la-seleccion-nacional\\\/\",\"name\":\"Xabi Bolufer del CB Joventut X\u00e0bia a la Selecci\u00f3n Nacional | R\u00e0dio Litoral\",\"isPartOf\":{\"@id\":\"https:\\\/\\\/radiolitoral.com\\\/#website\"},\"primaryImageOfPage\":{\"@id\":\"https:\\\/\\\/radiolitoral.com\\\/2025\\\/07\\\/xabi-bolufer-del-cb-joventut-xabia-a-la-seleccion-nacional\\\/#primaryimage\"},\"image\":{\"@id\":\"https:\\\/\\\/radiolitoral.com\\\/2025\\\/07\\\/xabi-bolufer-del-cb-joventut-xabia-a-la-seleccion-nacional\\\/#primaryimage\"},\"thumbnailUrl\":\"https:\\\/\\\/media.radiolitoral.com\\\/wp-content\\\/uploads\\\/2025\\\/07\\\/23101704\\\/Xavi-Bolufer.jpg\",\"datePublished\":\"2025-07-23T08:18:00+00:00\",\"dateModified\":\"2025-07-23T09:50:20+00:00\",\"description\":\"El joven jugador de X\u00e0bia vuelve a la convocatoria del equipo nacional de categor\u00eda U13 El joven jugador de X\u00e0bia vuelve a la convocatoria del equipo nacional de categor\u00eda U13\",\"breadcrumb\":{\"@id\":\"https:\\\/\\\/radiolitoral.com\\\/2025\\\/07\\\/xabi-bolufer-del-cb-joventut-xabia-a-la-seleccion-nacional\\\/#breadcrumb\"},\"inLanguage\":\"ca\",\"potentialAction\":[{\"@type\":\"ReadAction\",\"target\":[\"https:\\\/\\\/radiolitoral.com\\\/2025\\\/07\\\/xabi-bolufer-del-cb-joventut-xabia-a-la-seleccion-nacional\\\/\"]}]},{\"@type\":\"ImageObject\",\"inLanguage\":\"ca\",\"@id\":\"https:\\\/\\\/radiolitoral.com\\\/2025\\\/07\\\/xabi-bolufer-del-cb-joventut-xabia-a-la-seleccion-nacional\\\/#primaryimage\",\"url\":\"https:\\\/\\\/media.radiolitoral.com\\\/wp-content\\\/uploads\\\/2025\\\/07\\\/23101704\\\/Xavi-Bolufer.jpg\",\"contentUrl\":\"https:\\\/\\\/media.radiolitoral.com\\\/wp-content\\\/uploads\\\/2025\\\/07\\\/23101704\\\/Xavi-Bolufer.jpg\",\"width\":1100,\"height\":675},{\"@type\":\"BreadcrumbList\",\"@id\":\"https:\\\/\\\/radiolitoral.com\\\/2025\\\/07\\\/xabi-bolufer-del-cb-joventut-xabia-a-la-seleccion-nacional\\\/#breadcrumb\",\"itemListElement\":[{\"@type\":\"ListItem\",\"position\":1,\"name\":\"Portada\",\"item\":\"https:\\\/\\\/radiolitoral.com\\\/\"},{\"@type\":\"ListItem\",\"position\":2,\"name\":\"Xabi Bolufer del CB Joventut X\u00e0bia a la Selecci\u00f3n Nacional\"}]},{\"@type\":\"WebSite\",\"@id\":\"https:\\\/\\\/radiolitoral.com\\\/#website\",\"url\":\"https:\\\/\\\/radiolitoral.com\\\/\",\"name\":\"Radio Litoral\",\"description\":\"La radio local de la Marina Alta\",\"publisher\":{\"@id\":\"https:\\\/\\\/radiolitoral.com\\\/#organization\"},\"alternateName\":\"Litoral FM\",\"potentialAction\":[{\"@type\":\"SearchAction\",\"target\":{\"@type\":\"EntryPoint\",\"urlTemplate\":\"https:\\\/\\\/radiolitoral.com\\\/?s={search_term_string}\"},\"query-input\":{\"@type\":\"PropertyValueSpecification\",\"valueRequired\":true,\"valueName\":\"search_term_string\"}}],\"inLanguage\":\"ca\"},{\"@type\":\"Organization\",\"@id\":\"https:\\\/\\\/radiolitoral.com\\\/#organization\",\"name\":\"Radio Litoral\",\"url\":\"https:\\\/\\\/radiolitoral.com\\\/\",\"logo\":{\"@type\":\"ImageObject\",\"inLanguage\":\"ca\",\"@id\":\"https:\\\/\\\/radiolitoral.com\\\/#\\\/schema\\\/logo\\\/image\\\/\",\"url\":\"https:\\\/\\\/media.radiolitoral.com\\\/wp-content\\\/uploads\\\/2023\\\/02\\\/24143238\\\/CL-V-RadioLitoral696.png\",\"contentUrl\":\"https:\\\/\\\/media.radiolitoral.com\\\/wp-content\\\/uploads\\\/2023\\\/02\\\/24143238\\\/CL-V-RadioLitoral696.png\",\"width\":696,\"height\":696,\"caption\":\"Radio Litoral\"},\"image\":{\"@id\":\"https:\\\/\\\/radiolitoral.com\\\/#\\\/schema\\\/logo\\\/image\\\/\"},\"sameAs\":[\"https:\\\/\\\/www.facebook.com\\\/Laradiolitoral\\\/\"]},{\"@type\":\"Person\",\"@id\":\"https:\\\/\\\/radiolitoral.com\\\/#\\\/schema\\\/person\\\/7b1480b5caeb5acdd4ec6379caf62b22\",\"name\":\"Javier Zamora\",\"image\":{\"@type\":\"ImageObject\",\"inLanguage\":\"ca\",\"@id\":\"https:\\\/\\\/secure.gravatar.com\\\/avatar\\\/467a11f6918c7d619c4043fc6fa2d3853053107973f05b6e9c04ea6c4e3a7b3f?s=96&d=mm&r=g\",\"url\":\"https:\\\/\\\/secure.gravatar.com\\\/avatar\\\/467a11f6918c7d619c4043fc6fa2d3853053107973f05b6e9c04ea6c4e3a7b3f?s=96&d=mm&r=g\",\"contentUrl\":\"https:\\\/\\\/secure.gravatar.com\\\/avatar\\\/467a11f6918c7d619c4043fc6fa2d3853053107973f05b6e9c04ea6c4e3a7b3f?s=96&d=mm&r=g\",\"caption\":\"Javier Zamora\"},\"url\":\"https:\\\/\\\/radiolitoral.com\\\/ca\\\/author\\\/javier-zamora\\\/\"}]}<\/script>\n<!-- \/ Yoast SEO plugin. -->","yoast_head_json":{"title":"Xabi Bolufer del CB Joventut X\u00e0bia a la Selecci\u00f3 Nacional |","description":"El jove jugador de X\u00e0bia torna a la convocat\u00f2ria de l&#039;equip nacional de categoria U13 El jove jugador de X\u00e0bia torna a la convocat\u00f2ria de l&#039;equip nacional de categoria U13","robots":{"index":"index","follow":"follow","max-snippet":"max-snippet:-1","max-image-preview":"max-image-preview:large","max-video-preview":"max-video-preview:-1"},"canonical":"https:\/\/radiolitoral.com\/ca\/2025\/07\/xabi-bolufer-del-cb-joventut-xabia-a-la-seleccion-nacional\/","og_locale":"ca_ES","og_type":"article","og_title":"Xabi Bolufer del CB Joventut X\u00e0bia a la Selecci\u00f3n Nacional | R\u00e0dio Litoral","og_description":"El joven jugador de X\u00e0bia vuelve a la convocatoria del equipo nacional de categor\u00eda U13 El joven jugador de X\u00e0bia vuelve a la convocatoria del equipo nacional de categor\u00eda U13","og_url":"https:\/\/radiolitoral.com\/ca\/2025\/07\/xabi-bolufer-del-cb-joventut-xabia-a-la-seleccion-nacional\/","og_site_name":"R\u00e0dio Litoral","article_publisher":"https:\/\/www.facebook.com\/Laradiolitoral\/","article_published_time":"2025-07-23T08:18:00+00:00","article_modified_time":"2025-07-23T09:50:20+00:00","og_image":[{"width":1100,"height":675,"url":"https:\/\/media.radiolitoral.com\/wp-content\/uploads\/2025\/07\/23101704\/Xavi-Bolufer.jpg","type":"image\/jpeg"}],"author":"Javier Zamora","twitter_card":"summary_large_image","twitter_misc":{"Escrit per":"Javier Zamora","Temps estimat de lectura":"2 minuts"},"schema":{"@context":"https:\/\/schema.org","@graph":[{"@type":"NewsArticle","@id":"https:\/\/radiolitoral.com\/2025\/07\/xabi-bolufer-del-cb-joventut-xabia-a-la-seleccion-nacional\/#article","isPartOf":{"@id":"https:\/\/radiolitoral.com\/2025\/07\/xabi-bolufer-del-cb-joventut-xabia-a-la-seleccion-nacional\/"},"author":{"name":"Javier Zamora","@id":"https:\/\/radiolitoral.com\/#\/schema\/person\/7b1480b5caeb5acdd4ec6379caf62b22"},"headline":"Xabi Bolufer del CB Joventut X\u00e0bia a la Selecci\u00f3n Nacional","datePublished":"2025-07-23T08:18:00+00:00","dateModified":"2025-07-23T09:50:20+00:00","mainEntityOfPage":{"@id":"https:\/\/radiolitoral.com\/2025\/07\/xabi-bolufer-del-cb-joventut-xabia-a-la-seleccion-nacional\/"},"wordCount":234,"commentCount":0,"publisher":{"@id":"https:\/\/radiolitoral.com\/#organization"},"image":{"@id":"https:\/\/radiolitoral.com\/2025\/07\/xabi-bolufer-del-cb-joventut-xabia-a-la-seleccion-nacional\/#primaryimage"},"thumbnailUrl":"https:\/\/media.radiolitoral.com\/wp-content\/uploads\/2025\/07\/23101704\/Xavi-Bolufer.jpg","keywords":["CB Joventut X\u00e0bia","Club Baloncesto Joventut X\u00e0bia","deportes","Xabi Bolufer"],"articleSection":["Deportes"],"inLanguage":"ca","potentialAction":[{"@type":"CommentAction","name":"Comment","target":["https:\/\/radiolitoral.com\/2025\/07\/xabi-bolufer-del-cb-joventut-xabia-a-la-seleccion-nacional\/#respond"]}]},{"@type":["WebPage","ItemPage"],"@id":"https:\/\/radiolitoral.com\/2025\/07\/xabi-bolufer-del-cb-joventut-xabia-a-la-seleccion-nacional\/","url":"https:\/\/radiolitoral.com\/2025\/07\/xabi-bolufer-del-cb-joventut-xabia-a-la-seleccion-nacional\/","name":"Xabi Bolufer del CB Joventut X\u00e0bia a la Selecci\u00f3 Nacional |","isPartOf":{"@id":"https:\/\/radiolitoral.com\/#website"},"primaryImageOfPage":{"@id":"https:\/\/radiolitoral.com\/2025\/07\/xabi-bolufer-del-cb-joventut-xabia-a-la-seleccion-nacional\/#primaryimage"},"image":{"@id":"https:\/\/radiolitoral.com\/2025\/07\/xabi-bolufer-del-cb-joventut-xabia-a-la-seleccion-nacional\/#primaryimage"},"thumbnailUrl":"https:\/\/media.radiolitoral.com\/wp-content\/uploads\/2025\/07\/23101704\/Xavi-Bolufer.jpg","datePublished":"2025-07-23T08:18:00+00:00","dateModified":"2025-07-23T09:50:20+00:00","description":"El jove jugador de X\u00e0bia torna a la convocat\u00f2ria de l&#039;equip nacional de categoria U13 El jove jugador de X\u00e0bia torna a la convocat\u00f2ria de l&#039;equip nacional de categoria U13","breadcrumb":{"@id":"https:\/\/radiolitoral.com\/2025\/07\/xabi-bolufer-del-cb-joventut-xabia-a-la-seleccion-nacional\/#breadcrumb"},"inLanguage":"ca","potentialAction":[{"@type":"ReadAction","target":["https:\/\/radiolitoral.com\/2025\/07\/xabi-bolufer-del-cb-joventut-xabia-a-la-seleccion-nacional\/"]}]},{"@type":"ImageObject","inLanguage":"ca","@id":"https:\/\/radiolitoral.com\/2025\/07\/xabi-bolufer-del-cb-joventut-xabia-a-la-seleccion-nacional\/#primaryimage","url":"https:\/\/media.radiolitoral.com\/wp-content\/uploads\/2025\/07\/23101704\/Xavi-Bolufer.jpg","contentUrl":"https:\/\/media.radiolitoral.com\/wp-content\/uploads\/2025\/07\/23101704\/Xavi-Bolufer.jpg","width":1100,"height":675},{"@type":"BreadcrumbList","@id":"https:\/\/radiolitoral.com\/2025\/07\/xabi-bolufer-del-cb-joventut-xabia-a-la-seleccion-nacional\/#breadcrumb","itemListElement":[{"@type":"ListItem","position":1,"name":"Portada","item":"https:\/\/radiolitoral.com\/"},{"@type":"ListItem","position":2,"name":"Xabi Bolufer del CB Joventut X\u00e0bia a la Selecci\u00f3n Nacional"}]},{"@type":"WebSite","@id":"https:\/\/radiolitoral.com\/#website","url":"https:\/\/radiolitoral.com\/","name":"R\u00e0dio Litoral","description":"La r\u00e0dio local de la Marina Alta","publisher":{"@id":"https:\/\/radiolitoral.com\/#organization"},"alternateName":"Litoral FM","potentialAction":[{"@type":"SearchAction","target":{"@type":"EntryPoint","urlTemplate":"https:\/\/radiolitoral.com\/?s={search_term_string}"},"query-input":{"@type":"PropertyValueSpecification","valueRequired":true,"valueName":"search_term_string"}}],"inLanguage":"ca"},{"@type":"Organization","@id":"https:\/\/radiolitoral.com\/#organization","name":"R\u00e0dio Litoral","url":"https:\/\/radiolitoral.com\/","logo":{"@type":"ImageObject","inLanguage":"ca","@id":"https:\/\/radiolitoral.com\/#\/schema\/logo\/image\/","url":"https:\/\/media.radiolitoral.com\/wp-content\/uploads\/2023\/02\/24143238\/CL-V-RadioLitoral696.png","contentUrl":"https:\/\/media.radiolitoral.com\/wp-content\/uploads\/2023\/02\/24143238\/CL-V-RadioLitoral696.png","width":696,"height":696,"caption":"Radio Litoral"},"image":{"@id":"https:\/\/radiolitoral.com\/#\/schema\/logo\/image\/"},"sameAs":["https:\/\/www.facebook.com\/Laradiolitoral\/"]},{"@type":"Person","@id":"https:\/\/radiolitoral.com\/#\/schema\/person\/7b1480b5caeb5acdd4ec6379caf62b22","name":"Javier Zamora","image":{"@type":"ImageObject","inLanguage":"ca","@id":"https:\/\/secure.gravatar.com\/avatar\/467a11f6918c7d619c4043fc6fa2d3853053107973f05b6e9c04ea6c4e3a7b3f?s=96&d=mm&r=g","url":"https:\/\/secure.gravatar.com\/avatar\/467a11f6918c7d619c4043fc6fa2d3853053107973f05b6e9c04ea6c4e3a7b3f?s=96&d=mm&r=g","contentUrl":"https:\/\/secure.gravatar.com\/avatar\/467a11f6918c7d619c4043fc6fa2d3853053107973f05b6e9c04ea6c4e3a7b3f?s=96&d=mm&r=g","caption":"Javier Zamora"},"url":"https:\/\/radiolitoral.com\/ca\/author\/javier-zamora\/"}]}},"_links":{"self":[{"href":"https:\/\/radiolitoral.com\/ca\/wp-json\/wp\/v2\/posts\/17814","targetHints":{"allow":["GET"]}}],"collection":[{"href":"https:\/\/radiolitoral.com\/ca\/wp-json\/wp\/v2\/posts"}],"about":[{"href":"https:\/\/radiolitoral.com\/ca\/wp-json\/wp\/v2\/types\/post"}],"author":[{"embeddable":true,"href":"https:\/\/radiolitoral.com\/ca\/wp-json\/wp\/v2\/users\/12"}],"replies":[{"embeddable":true,"href":"https:\/\/radiolitoral.com\/ca\/wp-json\/wp\/v2\/comments?post=17814"}],"version-history":[{"count":2,"href":"https:\/\/radiolitoral.com\/ca\/wp-json\/wp\/v2\/posts\/17814\/revisions"}],"predecessor-version":[{"id":17819,"href":"https:\/\/radiolitoral.com\/ca\/wp-json\/wp\/v2\/posts\/17814\/revisions\/17819"}],"wp:featuredmedia":[{"embeddable":true,"href":"https:\/\/radiolitoral.com\/ca\/wp-json\/wp\/v2\/media\/17815"}],"wp:attachment":[{"href":"https:\/\/radiolitoral.com\/ca\/wp-json\/wp\/v2\/media?parent=17814"}],"wp:term":[{"taxonomy":"category","embeddable":true,"href":"https:\/\/radiolitoral.com\/ca\/wp-json\/wp\/v2\/categories?post=17814"},{"taxonomy":"post_tag","embeddable":true,"href":"https:\/\/radiolitoral.com\/ca\/wp-json\/wp\/v2\/tags?post=17814"}],"curies":[{"name":"wp","href":"https:\/\/api.w.org\/{rel}","templated":true}]}}