{"id":17810,"date":"2025-07-22T17:20:09","date_gmt":"2025-07-22T15:20:09","guid":{"rendered":"https:\/\/radiolitoral.com\/?p=17810"},"modified":"2025-07-22T17:20:09","modified_gmt":"2025-07-22T15:20:09","slug":"20-000-euros-en-subvencions-per-als-estudiants-de-teulada","status":"publish","type":"post","link":"https:\/\/radiolitoral.com\/ca\/2025\/07\/20-000-euros-en-subvenciones-para-los-estudiantes-de-teulada\/","title":{"rendered":"20.000 euros en subvencions per als estudiants de Teulada"},"content":{"rendered":"<p data-start=\"271\" data-end=\"633\">La regidoria d&#039;Educaci\u00f3 i Joventut de l&#039;Ajuntament de Teulada ha activat dos programes d&#039;ajuts econ\u00f2mics que sumen un total de\u00a0<strong data-start=\"406\" data-end=\"422\">20.000 euros<\/strong>, destinats a alleujar les despeses escolars dels joves del municipi. Cadascuna de les l\u00ednies compta amb un pressupost de\u00a0<strong data-start=\"548\" data-end=\"564\">10.000 euros<\/strong>\u00a0i s&#039;adre\u00e7a a diferents \u00e0mbits de l&#039;\u00e0mbit educatiu no obligatori.<\/p>\n<p data-start=\"635\" data-end=\"1018\">La primera d&#039;aquestes iniciatives s&#039;adre\u00e7a a estudiants menors de 30 anys, empadronats a Teulada, que hagin cursat durant el curs\u00a0<strong data-start=\"775\" data-end=\"788\">2024-2025<\/strong>\u00a0estudis que no es poden realitzar dins del municipi, com s\u00f3n ensenyaments\u00a0<strong data-start=\"865\" data-end=\"920\">universit\u00e0ries, de batxillerat o cicles formatius<\/strong>. L&#039;ajut contempla les despeses associades al transport per despla\u00e7ar-se als centres educatius.<\/p>\n<p data-start=\"1020\" data-end=\"1190\">Les persones interessades a sol\u00b7licitar aquesta subvenci\u00f3 poden fer-ho ja a trav\u00e9s de la\u00a0<strong data-start=\"1107\" data-end=\"1137\">seu electr\u00f2nica municipal<\/strong>\u00a0i tenen de termini fins al\u00a0<strong data-start=\"1165\" data-end=\"1189\">21 d&#039;agost del 2025<\/strong>.<\/p>\n<h2 data-start=\"1192\" data-end=\"1241\"><strong data-start=\"1192\" data-end=\"1241\">Material escolar i llibres per al nou curs<\/strong><\/h2>\n<p data-start=\"1243\" data-end=\"1725\">La segona convocat\u00f2ria, que s&#039;obrir\u00e0 entre el\u00a0<strong data-start=\"1291\" data-end=\"1332\">23 de juliol i el 22 d&#039;agost del 2025<\/strong>, est\u00e0 destinada a sufragar despeses de\u00a0<strong data-start=\"1370\" data-end=\"1408\">llibres de text i material escolar<\/strong>\u00a0d&#039;estudiants de\u00a0<strong data-start=\"1427\" data-end=\"1457\">ensenyaments no obligatoris<\/strong>: batxillerat, cicles formatius de grau mitj\u00e0 i superior, ensenyaments art\u00edstics o esportius superiors, i estudis universitaris de grau o m\u00e0ster. En aquest cas, els sol\u00b7licitants han d&#039;estar empadronats al municipi i matriculats per al curs\u00a0<strong data-start=\"1711\" data-end=\"1724\">2025-2026<\/strong>.<\/p>\n<p data-start=\"1727\" data-end=\"1937\">Ambdues subvencions es poden tramitar des del portal oficial:\u00a0<a class=\"\" href=\"https:\/\/teuladamoraira.sedelectronica.es\/info.0\" target=\"_new\" rel=\"noopener\" data-start=\"1789\" data-end=\"1836\">https:\/\/teuladamoraira.sedelectronica.es\/info.0<\/a>. Per resoldre dubtes, tamb\u00e9 est\u00e0 habilitat el correu electr\u00f2nic\u00a0<strong data-start=\"1905\" data-end=\"1936\"><a class=\"cursor-pointer\" rel=\"noopener\" data-start=\"1907\" data-end=\"1934\">juventud@teuladamoraira.org<\/a><\/strong>.<\/p>\n<p data-start=\"1984\" data-end=\"2239\">La regidora dEducaci\u00f3,\u00a0<strong data-start=\"2011\" data-end=\"2030\">Rosana Caselles<\/strong>, ha manifestat que &quot;des de l\u00b4\u00e0rea d\u00b4Educaci\u00f3 volem facilitar l\u00b4acc\u00e9s als estudis, eliminant barreres econ\u00f2miques que puguin afectar el rendiment o la continu\u00eftat acad\u00e8mica del nostre alumnat&quot;.<\/p>\n<p data-start=\"2241\" data-end=\"2512\">Per la seva banda, el regidor de Joventut,\u00a0<strong data-start=\"2280\" data-end=\"2295\">Josep Ivars<\/strong>, ha afirmat que &quot;aquestes ajudes representen una inversi\u00f3 directa en els nostres joves, en el seu talent i en la seva projecci\u00f3 de futur, perqu\u00e8 donar suport a la seva formaci\u00f3 \u00e9s tamb\u00e9 impulsar el desenvolupament de tota la comunitat&quot;.<\/p>","protected":false},"excerpt":{"rendered":"<p>La concejal\u00eda de Educaci\u00f3n y Juventud del Ayuntamiento de Teulada ha activado dos programas de ayudas econ\u00f3micas que suman un total de\u00a020.000 euros, destinados a aliviar los gastos escolares de los j\u00f3venes del municipio. Cada una de las l\u00edneas cuenta con un presupuesto de\u00a010.000 euros\u00a0y se dirige a distintos \u00e1mbitos del \u00e1mbito educativo no obligatorio. [&#8230;]<\/p>\n<p><a class=\"btn btn-secondary understrap-read-more-link\" href=\"https:\/\/radiolitoral.com\/ca\/2025\/07\/20-000-euros-en-subvenciones-para-los-estudiantes-de-teulada\/\">Continua llegint&#8230;<span class=\"screen-reader-text\"> from 20.000 euros en subvenciones para los estudiantes de Teulada<\/span><\/a><\/p>\n","protected":false},"author":14,"featured_media":17811,"comment_status":"open","ping_status":"closed","sticky":false,"template":"","format":"standard","meta":{"_acf_changed":false,"inline_featured_image":false,"footnotes":""},"categories":[46],"tags":[4727,4728,4399,146],"class_list":["post-17810","post","type-post","status-publish","format-standard","has-post-thumbnail","hentry","category-sociedad","tag-ayuda-estudiantes","tag-ayudas-teulada","tag-estudiantes","tag-teulada","cobertura-teulada-moraira"],"acf":[],"yoast_head":"<!-- This site is optimized with the Yoast SEO plugin v27.5 - https:\/\/yoast.com\/product\/yoast-seo-wordpress\/ -->\n<title>20.000 euros en subvenciones para los estudiantes de Teulada | R\u00e0dio Litoral<\/title>\n<meta name=\"description\" content=\"La primera de estas iniciativas est\u00e1 dirigida a estudiantes menores de 30 a\u00f1os\" \/>\n<meta name=\"robots\" content=\"index, follow, max-snippet:-1, max-image-preview:large, max-video-preview:-1\" \/>\n<link rel=\"canonical\" href=\"https:\/\/radiolitoral.com\/ca\/2025\/07\/20-000-euros-en-subvencions-per-als-estudiants-de-teulada\/\" \/>\n<meta property=\"og:locale\" content=\"ca_ES\" \/>\n<meta property=\"og:type\" content=\"article\" \/>\n<meta property=\"og:title\" content=\"20.000 euros en subvenciones para los estudiantes de Teulada | R\u00e0dio Litoral\" \/>\n<meta property=\"og:description\" content=\"La primera de estas iniciativas est\u00e1 dirigida a estudiantes menores de 30 a\u00f1os\" \/>\n<meta property=\"og:url\" content=\"https:\/\/radiolitoral.com\/ca\/2025\/07\/20-000-euros-en-subvencions-per-als-estudiants-de-teulada\/\" \/>\n<meta property=\"og:site_name\" content=\"R\u00e0dio Litoral\" \/>\n<meta property=\"article:publisher\" content=\"https:\/\/www.facebook.com\/Laradiolitoral\/\" \/>\n<meta property=\"article:published_time\" content=\"2025-07-22T15:20:09+00:00\" \/>\n<meta property=\"og:image\" content=\"https:\/\/media.radiolitoral.com\/wp-content\/uploads\/2025\/07\/22171958\/DESTACADA-WEB-DIFUMINADO-79-1024x622.png\" \/>\n\t<meta property=\"og:image:width\" content=\"1024\" \/>\n\t<meta property=\"og:image:height\" content=\"622\" \/>\n\t<meta property=\"og:image:type\" content=\"image\/png\" \/>\n<meta name=\"author\" content=\"Redacci\u00f3n\" \/>\n<meta name=\"twitter:card\" content=\"summary_large_image\" \/>\n<meta name=\"twitter:label1\" content=\"Escrit per\" \/>\n\t<meta name=\"twitter:data1\" content=\"Redacci\u00f3n\" \/>\n\t<meta name=\"twitter:label2\" content=\"Temps estimat de lectura\" \/>\n\t<meta name=\"twitter:data2\" content=\"2 minuts\" \/>\n<script type=\"application\/ld+json\" class=\"yoast-schema-graph\">{\"@context\":\"https:\\\/\\\/schema.org\",\"@graph\":[{\"@type\":\"NewsArticle\",\"@id\":\"https:\\\/\\\/radiolitoral.com\\\/2025\\\/07\\\/20-000-euros-en-subvenciones-para-los-estudiantes-de-teulada\\\/#article\",\"isPartOf\":{\"@id\":\"https:\\\/\\\/radiolitoral.com\\\/2025\\\/07\\\/20-000-euros-en-subvenciones-para-los-estudiantes-de-teulada\\\/\"},\"author\":{\"name\":\"Redacci\u00f3n\",\"@id\":\"https:\\\/\\\/radiolitoral.com\\\/#\\\/schema\\\/person\\\/96b739642eb3bedb532aac3812d23307\"},\"headline\":\"20.000 euros en subvenciones para los estudiantes de Teulada\",\"datePublished\":\"2025-07-22T15:20:09+00:00\",\"mainEntityOfPage\":{\"@id\":\"https:\\\/\\\/radiolitoral.com\\\/2025\\\/07\\\/20-000-euros-en-subvenciones-para-los-estudiantes-de-teulada\\\/\"},\"wordCount\":351,\"commentCount\":0,\"publisher\":{\"@id\":\"https:\\\/\\\/radiolitoral.com\\\/#organization\"},\"image\":{\"@id\":\"https:\\\/\\\/radiolitoral.com\\\/2025\\\/07\\\/20-000-euros-en-subvenciones-para-los-estudiantes-de-teulada\\\/#primaryimage\"},\"thumbnailUrl\":\"https:\\\/\\\/media.radiolitoral.com\\\/wp-content\\\/uploads\\\/2025\\\/07\\\/22171958\\\/DESTACADA-WEB-DIFUMINADO-79.png\",\"keywords\":[\"ayuda estudiantes\",\"ayudas teulada\",\"Estudiantes\",\"Teulada\"],\"articleSection\":[\"Sociedad\"],\"inLanguage\":\"ca\",\"potentialAction\":[{\"@type\":\"CommentAction\",\"name\":\"Comment\",\"target\":[\"https:\\\/\\\/radiolitoral.com\\\/2025\\\/07\\\/20-000-euros-en-subvenciones-para-los-estudiantes-de-teulada\\\/#respond\"]}]},{\"@type\":[\"WebPage\",\"ItemPage\"],\"@id\":\"https:\\\/\\\/radiolitoral.com\\\/2025\\\/07\\\/20-000-euros-en-subvenciones-para-los-estudiantes-de-teulada\\\/\",\"url\":\"https:\\\/\\\/radiolitoral.com\\\/2025\\\/07\\\/20-000-euros-en-subvenciones-para-los-estudiantes-de-teulada\\\/\",\"name\":\"20.000 euros en subvenciones para los estudiantes de Teulada | R\u00e0dio Litoral\",\"isPartOf\":{\"@id\":\"https:\\\/\\\/radiolitoral.com\\\/#website\"},\"primaryImageOfPage\":{\"@id\":\"https:\\\/\\\/radiolitoral.com\\\/2025\\\/07\\\/20-000-euros-en-subvenciones-para-los-estudiantes-de-teulada\\\/#primaryimage\"},\"image\":{\"@id\":\"https:\\\/\\\/radiolitoral.com\\\/2025\\\/07\\\/20-000-euros-en-subvenciones-para-los-estudiantes-de-teulada\\\/#primaryimage\"},\"thumbnailUrl\":\"https:\\\/\\\/media.radiolitoral.com\\\/wp-content\\\/uploads\\\/2025\\\/07\\\/22171958\\\/DESTACADA-WEB-DIFUMINADO-79.png\",\"datePublished\":\"2025-07-22T15:20:09+00:00\",\"description\":\"La primera de estas iniciativas est\u00e1 dirigida a estudiantes menores de 30 a\u00f1os\",\"breadcrumb\":{\"@id\":\"https:\\\/\\\/radiolitoral.com\\\/2025\\\/07\\\/20-000-euros-en-subvenciones-para-los-estudiantes-de-teulada\\\/#breadcrumb\"},\"inLanguage\":\"ca\",\"potentialAction\":[{\"@type\":\"ReadAction\",\"target\":[\"https:\\\/\\\/radiolitoral.com\\\/2025\\\/07\\\/20-000-euros-en-subvenciones-para-los-estudiantes-de-teulada\\\/\"]}]},{\"@type\":\"ImageObject\",\"inLanguage\":\"ca\",\"@id\":\"https:\\\/\\\/radiolitoral.com\\\/2025\\\/07\\\/20-000-euros-en-subvenciones-para-los-estudiantes-de-teulada\\\/#primaryimage\",\"url\":\"https:\\\/\\\/media.radiolitoral.com\\\/wp-content\\\/uploads\\\/2025\\\/07\\\/22171958\\\/DESTACADA-WEB-DIFUMINADO-79.png\",\"contentUrl\":\"https:\\\/\\\/media.radiolitoral.com\\\/wp-content\\\/uploads\\\/2025\\\/07\\\/22171958\\\/DESTACADA-WEB-DIFUMINADO-79.png\",\"width\":1920,\"height\":1166},{\"@type\":\"BreadcrumbList\",\"@id\":\"https:\\\/\\\/radiolitoral.com\\\/2025\\\/07\\\/20-000-euros-en-subvenciones-para-los-estudiantes-de-teulada\\\/#breadcrumb\",\"itemListElement\":[{\"@type\":\"ListItem\",\"position\":1,\"name\":\"Portada\",\"item\":\"https:\\\/\\\/radiolitoral.com\\\/\"},{\"@type\":\"ListItem\",\"position\":2,\"name\":\"20.000 euros en subvenciones para los estudiantes de Teulada\"}]},{\"@type\":\"WebSite\",\"@id\":\"https:\\\/\\\/radiolitoral.com\\\/#website\",\"url\":\"https:\\\/\\\/radiolitoral.com\\\/\",\"name\":\"Radio Litoral\",\"description\":\"La radio local de la Marina Alta\",\"publisher\":{\"@id\":\"https:\\\/\\\/radiolitoral.com\\\/#organization\"},\"alternateName\":\"Litoral FM\",\"potentialAction\":[{\"@type\":\"SearchAction\",\"target\":{\"@type\":\"EntryPoint\",\"urlTemplate\":\"https:\\\/\\\/radiolitoral.com\\\/?s={search_term_string}\"},\"query-input\":{\"@type\":\"PropertyValueSpecification\",\"valueRequired\":true,\"valueName\":\"search_term_string\"}}],\"inLanguage\":\"ca\"},{\"@type\":\"Organization\",\"@id\":\"https:\\\/\\\/radiolitoral.com\\\/#organization\",\"name\":\"Radio Litoral\",\"url\":\"https:\\\/\\\/radiolitoral.com\\\/\",\"logo\":{\"@type\":\"ImageObject\",\"inLanguage\":\"ca\",\"@id\":\"https:\\\/\\\/radiolitoral.com\\\/#\\\/schema\\\/logo\\\/image\\\/\",\"url\":\"https:\\\/\\\/media.radiolitoral.com\\\/wp-content\\\/uploads\\\/2023\\\/02\\\/24143238\\\/CL-V-RadioLitoral696.png\",\"contentUrl\":\"https:\\\/\\\/media.radiolitoral.com\\\/wp-content\\\/uploads\\\/2023\\\/02\\\/24143238\\\/CL-V-RadioLitoral696.png\",\"width\":696,\"height\":696,\"caption\":\"Radio Litoral\"},\"image\":{\"@id\":\"https:\\\/\\\/radiolitoral.com\\\/#\\\/schema\\\/logo\\\/image\\\/\"},\"sameAs\":[\"https:\\\/\\\/www.facebook.com\\\/Laradiolitoral\\\/\"]},{\"@type\":\"Person\",\"@id\":\"https:\\\/\\\/radiolitoral.com\\\/#\\\/schema\\\/person\\\/96b739642eb3bedb532aac3812d23307\",\"name\":\"Redacci\u00f3n\",\"image\":{\"@type\":\"ImageObject\",\"inLanguage\":\"ca\",\"@id\":\"https:\\\/\\\/secure.gravatar.com\\\/avatar\\\/30cd06129ee90411dd9c7cbdcf17464181d1a3c7b072e92070ea75a25cf0097e?s=96&d=mm&r=g\",\"url\":\"https:\\\/\\\/secure.gravatar.com\\\/avatar\\\/30cd06129ee90411dd9c7cbdcf17464181d1a3c7b072e92070ea75a25cf0097e?s=96&d=mm&r=g\",\"contentUrl\":\"https:\\\/\\\/secure.gravatar.com\\\/avatar\\\/30cd06129ee90411dd9c7cbdcf17464181d1a3c7b072e92070ea75a25cf0097e?s=96&d=mm&r=g\",\"caption\":\"Redacci\u00f3n\"},\"url\":\"https:\\\/\\\/radiolitoral.com\\\/ca\\\/author\\\/kevin-carrio\\\/\"}]}<\/script>\n<!-- \/ Yoast SEO plugin. -->","yoast_head_json":{"title":"20.000 euros en subvencions per als estudiants de Teulada | R\u00e0dio Litoral","description":"La primera iniciativa est\u00e0 dirigida a estudiants menors de 30 anys","robots":{"index":"index","follow":"follow","max-snippet":"max-snippet:-1","max-image-preview":"max-image-preview:large","max-video-preview":"max-video-preview:-1"},"canonical":"https:\/\/radiolitoral.com\/ca\/2025\/07\/20-000-euros-en-subvencions-per-als-estudiants-de-teulada\/","og_locale":"ca_ES","og_type":"article","og_title":"20.000 euros en subvenciones para los estudiantes de Teulada | R\u00e0dio Litoral","og_description":"La primera de estas iniciativas est\u00e1 dirigida a estudiantes menores de 30 a\u00f1os","og_url":"https:\/\/radiolitoral.com\/ca\/2025\/07\/20-000-euros-en-subvencions-per-als-estudiants-de-teulada\/","og_site_name":"R\u00e0dio Litoral","article_publisher":"https:\/\/www.facebook.com\/Laradiolitoral\/","article_published_time":"2025-07-22T15:20:09+00:00","og_image":[{"width":1024,"height":622,"url":"https:\/\/media.radiolitoral.com\/wp-content\/uploads\/2025\/07\/22171958\/DESTACADA-WEB-DIFUMINADO-79-1024x622.png","type":"image\/png"}],"author":"Redacci\u00f3n","twitter_card":"summary_large_image","twitter_misc":{"Escrit per":"Redacci\u00f3n","Temps estimat de lectura":"2 minuts"},"schema":{"@context":"https:\/\/schema.org","@graph":[{"@type":"NewsArticle","@id":"https:\/\/radiolitoral.com\/2025\/07\/20-000-euros-en-subvenciones-para-los-estudiantes-de-teulada\/#article","isPartOf":{"@id":"https:\/\/radiolitoral.com\/2025\/07\/20-000-euros-en-subvenciones-para-los-estudiantes-de-teulada\/"},"author":{"name":"Redacci\u00f3n","@id":"https:\/\/radiolitoral.com\/#\/schema\/person\/96b739642eb3bedb532aac3812d23307"},"headline":"20.000 euros en subvenciones para los estudiantes de Teulada","datePublished":"2025-07-22T15:20:09+00:00","mainEntityOfPage":{"@id":"https:\/\/radiolitoral.com\/2025\/07\/20-000-euros-en-subvenciones-para-los-estudiantes-de-teulada\/"},"wordCount":351,"commentCount":0,"publisher":{"@id":"https:\/\/radiolitoral.com\/#organization"},"image":{"@id":"https:\/\/radiolitoral.com\/2025\/07\/20-000-euros-en-subvenciones-para-los-estudiantes-de-teulada\/#primaryimage"},"thumbnailUrl":"https:\/\/media.radiolitoral.com\/wp-content\/uploads\/2025\/07\/22171958\/DESTACADA-WEB-DIFUMINADO-79.png","keywords":["ayuda estudiantes","ayudas teulada","Estudiantes","Teulada"],"articleSection":["Sociedad"],"inLanguage":"ca","potentialAction":[{"@type":"CommentAction","name":"Comment","target":["https:\/\/radiolitoral.com\/2025\/07\/20-000-euros-en-subvenciones-para-los-estudiantes-de-teulada\/#respond"]}]},{"@type":["WebPage","ItemPage"],"@id":"https:\/\/radiolitoral.com\/2025\/07\/20-000-euros-en-subvenciones-para-los-estudiantes-de-teulada\/","url":"https:\/\/radiolitoral.com\/2025\/07\/20-000-euros-en-subvenciones-para-los-estudiantes-de-teulada\/","name":"20.000 euros en subvencions per als estudiants de Teulada | R\u00e0dio Litoral","isPartOf":{"@id":"https:\/\/radiolitoral.com\/#website"},"primaryImageOfPage":{"@id":"https:\/\/radiolitoral.com\/2025\/07\/20-000-euros-en-subvenciones-para-los-estudiantes-de-teulada\/#primaryimage"},"image":{"@id":"https:\/\/radiolitoral.com\/2025\/07\/20-000-euros-en-subvenciones-para-los-estudiantes-de-teulada\/#primaryimage"},"thumbnailUrl":"https:\/\/media.radiolitoral.com\/wp-content\/uploads\/2025\/07\/22171958\/DESTACADA-WEB-DIFUMINADO-79.png","datePublished":"2025-07-22T15:20:09+00:00","description":"La primera iniciativa est\u00e0 dirigida a estudiants menors de 30 anys","breadcrumb":{"@id":"https:\/\/radiolitoral.com\/2025\/07\/20-000-euros-en-subvenciones-para-los-estudiantes-de-teulada\/#breadcrumb"},"inLanguage":"ca","potentialAction":[{"@type":"ReadAction","target":["https:\/\/radiolitoral.com\/2025\/07\/20-000-euros-en-subvenciones-para-los-estudiantes-de-teulada\/"]}]},{"@type":"ImageObject","inLanguage":"ca","@id":"https:\/\/radiolitoral.com\/2025\/07\/20-000-euros-en-subvenciones-para-los-estudiantes-de-teulada\/#primaryimage","url":"https:\/\/media.radiolitoral.com\/wp-content\/uploads\/2025\/07\/22171958\/DESTACADA-WEB-DIFUMINADO-79.png","contentUrl":"https:\/\/media.radiolitoral.com\/wp-content\/uploads\/2025\/07\/22171958\/DESTACADA-WEB-DIFUMINADO-79.png","width":1920,"height":1166},{"@type":"BreadcrumbList","@id":"https:\/\/radiolitoral.com\/2025\/07\/20-000-euros-en-subvenciones-para-los-estudiantes-de-teulada\/#breadcrumb","itemListElement":[{"@type":"ListItem","position":1,"name":"Portada","item":"https:\/\/radiolitoral.com\/"},{"@type":"ListItem","position":2,"name":"20.000 euros en subvenciones para los estudiantes de Teulada"}]},{"@type":"WebSite","@id":"https:\/\/radiolitoral.com\/#website","url":"https:\/\/radiolitoral.com\/","name":"R\u00e0dio Litoral","description":"La r\u00e0dio local de la Marina Alta","publisher":{"@id":"https:\/\/radiolitoral.com\/#organization"},"alternateName":"Litoral FM","potentialAction":[{"@type":"SearchAction","target":{"@type":"EntryPoint","urlTemplate":"https:\/\/radiolitoral.com\/?s={search_term_string}"},"query-input":{"@type":"PropertyValueSpecification","valueRequired":true,"valueName":"search_term_string"}}],"inLanguage":"ca"},{"@type":"Organization","@id":"https:\/\/radiolitoral.com\/#organization","name":"R\u00e0dio Litoral","url":"https:\/\/radiolitoral.com\/","logo":{"@type":"ImageObject","inLanguage":"ca","@id":"https:\/\/radiolitoral.com\/#\/schema\/logo\/image\/","url":"https:\/\/media.radiolitoral.com\/wp-content\/uploads\/2023\/02\/24143238\/CL-V-RadioLitoral696.png","contentUrl":"https:\/\/media.radiolitoral.com\/wp-content\/uploads\/2023\/02\/24143238\/CL-V-RadioLitoral696.png","width":696,"height":696,"caption":"Radio Litoral"},"image":{"@id":"https:\/\/radiolitoral.com\/#\/schema\/logo\/image\/"},"sameAs":["https:\/\/www.facebook.com\/Laradiolitoral\/"]},{"@type":"Person","@id":"https:\/\/radiolitoral.com\/#\/schema\/person\/96b739642eb3bedb532aac3812d23307","name":"Redacci\u00f3","image":{"@type":"ImageObject","inLanguage":"ca","@id":"https:\/\/secure.gravatar.com\/avatar\/30cd06129ee90411dd9c7cbdcf17464181d1a3c7b072e92070ea75a25cf0097e?s=96&d=mm&r=g","url":"https:\/\/secure.gravatar.com\/avatar\/30cd06129ee90411dd9c7cbdcf17464181d1a3c7b072e92070ea75a25cf0097e?s=96&d=mm&r=g","contentUrl":"https:\/\/secure.gravatar.com\/avatar\/30cd06129ee90411dd9c7cbdcf17464181d1a3c7b072e92070ea75a25cf0097e?s=96&d=mm&r=g","caption":"Redacci\u00f3n"},"url":"https:\/\/radiolitoral.com\/ca\/author\/kevin-carrio\/"}]}},"_links":{"self":[{"href":"https:\/\/radiolitoral.com\/ca\/wp-json\/wp\/v2\/posts\/17810","targetHints":{"allow":["GET"]}}],"collection":[{"href":"https:\/\/radiolitoral.com\/ca\/wp-json\/wp\/v2\/posts"}],"about":[{"href":"https:\/\/radiolitoral.com\/ca\/wp-json\/wp\/v2\/types\/post"}],"author":[{"embeddable":true,"href":"https:\/\/radiolitoral.com\/ca\/wp-json\/wp\/v2\/users\/14"}],"replies":[{"embeddable":true,"href":"https:\/\/radiolitoral.com\/ca\/wp-json\/wp\/v2\/comments?post=17810"}],"version-history":[{"count":1,"href":"https:\/\/radiolitoral.com\/ca\/wp-json\/wp\/v2\/posts\/17810\/revisions"}],"predecessor-version":[{"id":17812,"href":"https:\/\/radiolitoral.com\/ca\/wp-json\/wp\/v2\/posts\/17810\/revisions\/17812"}],"wp:featuredmedia":[{"embeddable":true,"href":"https:\/\/radiolitoral.com\/ca\/wp-json\/wp\/v2\/media\/17811"}],"wp:attachment":[{"href":"https:\/\/radiolitoral.com\/ca\/wp-json\/wp\/v2\/media?parent=17810"}],"wp:term":[{"taxonomy":"category","embeddable":true,"href":"https:\/\/radiolitoral.com\/ca\/wp-json\/wp\/v2\/categories?post=17810"},{"taxonomy":"post_tag","embeddable":true,"href":"https:\/\/radiolitoral.com\/ca\/wp-json\/wp\/v2\/tags?post=17810"}],"curies":[{"name":"wp","href":"https:\/\/api.w.org\/{rel}","templated":true}]}}