{"id":17800,"date":"2025-07-22T13:07:10","date_gmt":"2025-07-22T11:07:10","guid":{"rendered":"https:\/\/radiolitoral.com\/?p=17800"},"modified":"2025-07-22T13:07:10","modified_gmt":"2025-07-22T11:07:10","slug":"la-guardia-civil-atura-en-calp-dues-persones-per-una-desena-de-robatoris-en-vehicles-al-costat-de-la-platja","status":"publish","type":"post","link":"https:\/\/radiolitoral.com\/ca\/2025\/07\/la-guardia-civil-detiene-en-calp-a-dos-personas-por-una-decena-de-robos-en-vehiculos-junto-a-la-playa\/","title":{"rendered":"La Gu\u00e0rdia Civil det\u00e9 a Calp dues persones per una desena de robatoris en vehicles al costat de la platja"},"content":{"rendered":"<p>La <strong>Gu\u00e0rdia Civil ha detingut a Calp<\/strong> dos homes com <strong>presumptes autors de deu robatoris amb for\u00e7a comesos en vehicles<\/strong> estacionats<strong> en aparcaments propers a zones de platja, tant de la Vila del Penyal, com de\u00a0<\/strong><strong>Moraira i X\u00e0bia<\/strong>.<\/p>\n<p>Despr\u00e9s d&#039;identificar els detinguts, es va comprovar que tots dos estaven reclamats mitjan\u00e7ant<strong> ordres europees de detenci\u00f3 per les autoritats judicials de Fran\u00e7a.<\/strong><\/p>\n<p>La investigaci\u00f3, iniciada per l&#039;\u00c0rea de Recerca del Lloc de Calp, va comen\u00e7ar el mes de maig davant el notable increment de robatoris ocorreguts en vehicles que estaven estacionats en aparcaments de les rodalies de les zones de platja, freq\u00fcentats per turistes.<\/p>\n<p>El modus operandi era clar: els autors es despla\u00e7aven fins als voltants de platges molt concorregudes, localitzaven vehicles estacionats en aparcaments de terra sense vigilar i, despr\u00e9s d&#039;assegurar-se que els propietaris no hi eren,<strong> for\u00e7aven portes o finestretes per accedir a l&#039;interior.<\/strong> Sostreien efectes de valor, especialment joies, diners o dispositius electr\u00f2nics.<\/p>\n<p>Durant un dels <strong>dispositius de vigil\u00e0ncia discreta,<\/strong> els investigadors van observar un vehicle ocupat per dos homes que van aixecar sospites. Despr\u00e9s d&#039;analitzar la seva activitat, els agents van comprovar com un es desfeia d&#039;una motxilla en un contenidor. <strong>identificaci\u00f3<\/strong>, comprovant que es trobaven relacionats directament amb dos robatoris previs comesos a la comarca.<\/p>\n<p>Al<strong> registre del vehicle<\/strong> es van trobar nombrosos objectes presumptament sostrets: c\u00e0mera esportiva, tr\u00edpode, pal selfie, bateria externa, joies, perfums de gamma alta i 1.500 euros en efectiu. Tamb\u00e9 es van localitzar eines per for\u00e7ar vehicles. La motxilla recuperada al contenidor va ser reconeguda per una turista estrangera com a seva, igual que la resta del material fotogr\u00e0fic que contenia.<\/p>\n<p>Despr\u00e9s de les detencions, es va comprovar que tots dos individus estaven <strong>reclamats per les autoritats judicials de Fran\u00e7a<\/strong> mitjan\u00e7ant ordres europees de detenci\u00f3, constant-ne a un la imputaci\u00f3 d&#039;un suposat delicte d&#039;homicidi, a m\u00e9s d&#039;una requisit\u00f2ria a Espanya per robatori amb viol\u00e8ncia. L&#039;altre detingut havia fugit d&#039;una pres\u00f3 francesa on complia condemna per presumptes delictes de robatori, estafa, extorsi\u00f3 i frau.<\/p>\n<p>Els detinguts, dos homes de 42 i 31 anys, van ser posats <strong>a disposici\u00f3 del Jutjat d&#039;Instrucci\u00f3 de gu\u00e0rdia de D\u00e9nia<\/strong> pels presumptes delictes de robatori amb for\u00e7a, sent posteriorment <strong>traslladats a disposici\u00f3 de l&#039;Audi\u00e8ncia Nacional<\/strong> per les ordres europees dextradici\u00f3.<\/p>\n<div id='gallery-1' class='gallery galleryid-17800 gallery-columns-2 gallery-size-full'><figure class='gallery-item'>\n\t\t\t<div class='gallery-icon landscape'>\n\t\t\t\t<a href='https:\/\/radiolitoral.com\/ca\/2025\/07\/la-guardia-civil-detiene-en-calp-a-dos-personas-por-una-decena-de-robos-en-vehiculos-junto-a-la-playa\/objetos-y-dinero\/'><img loading=\"lazy\" decoding=\"async\" width=\"960\" height=\"720\" src=\"https:\/\/media.radiolitoral.com\/wp-content\/uploads\/2025\/07\/22130602\/objetos-y-dinero.jpg\" class=\"attachment-full size-full\" alt=\"\" srcset=\"https:\/\/media.radiolitoral.com\/wp-content\/uploads\/2025\/07\/22130602\/objetos-y-dinero.jpg 960w, https:\/\/media.radiolitoral.com\/wp-content\/uploads\/2025\/07\/22130602\/objetos-y-dinero-300x225.jpg 300w, https:\/\/media.radiolitoral.com\/wp-content\/uploads\/2025\/07\/22130602\/objetos-y-dinero-768x576.jpg 768w, https:\/\/media.radiolitoral.com\/wp-content\/uploads\/2025\/07\/22130602\/objetos-y-dinero-16x12.jpg 16w, https:\/\/media.radiolitoral.com\/wp-content\/uploads\/2025\/07\/22130602\/objetos-y-dinero-100x75.jpg 100w, https:\/\/media.radiolitoral.com\/wp-content\/uploads\/2025\/07\/22130602\/objetos-y-dinero-200x150.jpg 200w\" sizes=\"auto, (max-width: 960px) 100vw, 960px\" \/><\/a>\n\t\t\t<\/div><\/figure><figure class='gallery-item'>\n\t\t\t<div class='gallery-icon landscape'>\n\t\t\t\t<a href='https:\/\/radiolitoral.com\/ca\/2025\/07\/la-guardia-civil-detiene-en-calp-a-dos-personas-por-una-decena-de-robos-en-vehiculos-junto-a-la-playa\/detenido-calpe-1\/'><img loading=\"lazy\" decoding=\"async\" width=\"960\" height=\"720\" src=\"https:\/\/media.radiolitoral.com\/wp-content\/uploads\/2025\/07\/22130616\/detenido-Calpe-1.jpg\" class=\"attachment-full size-full\" alt=\"\" srcset=\"https:\/\/media.radiolitoral.com\/wp-content\/uploads\/2025\/07\/22130616\/detenido-Calpe-1.jpg 960w, https:\/\/media.radiolitoral.com\/wp-content\/uploads\/2025\/07\/22130616\/detenido-Calpe-1-300x225.jpg 300w, https:\/\/media.radiolitoral.com\/wp-content\/uploads\/2025\/07\/22130616\/detenido-Calpe-1-768x576.jpg 768w, https:\/\/media.radiolitoral.com\/wp-content\/uploads\/2025\/07\/22130616\/detenido-Calpe-1-16x12.jpg 16w, https:\/\/media.radiolitoral.com\/wp-content\/uploads\/2025\/07\/22130616\/detenido-Calpe-1-100x75.jpg 100w, https:\/\/media.radiolitoral.com\/wp-content\/uploads\/2025\/07\/22130616\/detenido-Calpe-1-200x150.jpg 200w\" sizes=\"auto, (max-width: 960px) 100vw, 960px\" \/><\/a>\n\t\t\t<\/div><\/figure>\n\t\t<\/div>","protected":false},"excerpt":{"rendered":"<p>La Guardia Civil ha detenido en Calp a dos hombres como presuntos autores de diez robos con fuerza cometidos en veh\u00edculos estacionados en aparcamientos pr\u00f3ximos a zonas de playa, tanto de la Villa del Pe\u00f1\u00f3n, como de\u00a0Moraira y X\u00e0bia. Tras identificar a los detenidos, se comprob\u00f3 que ambos estaban reclamados mediante \u00f3rdenes europeas de detenci\u00f3n [&#8230;]<\/p>\n<p><a class=\"btn btn-secondary understrap-read-more-link\" href=\"https:\/\/radiolitoral.com\/ca\/2025\/07\/la-guardia-civil-detiene-en-calp-a-dos-personas-por-una-decena-de-robos-en-vehiculos-junto-a-la-playa\/\">Continua llegint&#8230;<span class=\"screen-reader-text\"> from La Guardia Civil detiene en Calp a dos personas por una decena de robos en veh\u00edculos junto a la playa<\/span><\/a><\/p>\n","protected":false},"author":13,"featured_media":17803,"comment_status":"open","ping_status":"closed","sticky":false,"template":"","format":"standard","meta":{"_acf_changed":false,"inline_featured_image":false,"footnotes":""},"categories":[8],"tags":[122,11,3971,1023,363],"class_list":["post-17800","post","type-post","status-publish","format-standard","has-post-thumbnail","hentry","category-sucesos","tag-calp","tag-guardia-civil","tag-guardia-civil-calp","tag-sucesos","tag-sucesos-calp","cobertura-calp"],"acf":[],"yoast_head":"<!-- This site is optimized with the Yoast SEO plugin v27.5 - https:\/\/yoast.com\/product\/yoast-seo-wordpress\/ -->\n<title>La Guardia Civil detiene en Calp a dos personas por una decena de robos en veh\u00edculos junto a la playa | R\u00e0dio Litoral<\/title>\n<meta name=\"description\" content=\"Ambos estaban reclamados mediante \u00f3rdenes europeas de detenci\u00f3n por las autoridades judiciales de Francia Ambos estaban reclamados mediante \u00f3rdenes europeas de detenci\u00f3n por las autoridades judiciales de Francia\" \/>\n<meta name=\"robots\" content=\"index, follow, max-snippet:-1, max-image-preview:large, max-video-preview:-1\" \/>\n<link rel=\"canonical\" href=\"https:\/\/radiolitoral.com\/ca\/2025\/07\/la-guardia-civil-atura-en-calp-dues-persones-per-una-desena-de-robatoris-en-vehicles-al-costat-de-la-platja\/\" \/>\n<meta property=\"og:locale\" content=\"ca_ES\" \/>\n<meta property=\"og:type\" content=\"article\" \/>\n<meta property=\"og:title\" content=\"La Guardia Civil detiene en Calp a dos personas por una decena de robos en veh\u00edculos junto a la playa | R\u00e0dio Litoral\" \/>\n<meta property=\"og:description\" content=\"Ambos estaban reclamados mediante \u00f3rdenes europeas de detenci\u00f3n por las autoridades judiciales de Francia Ambos estaban reclamados mediante \u00f3rdenes europeas de detenci\u00f3n por las autoridades judiciales de Francia\" \/>\n<meta property=\"og:url\" content=\"https:\/\/radiolitoral.com\/ca\/2025\/07\/la-guardia-civil-atura-en-calp-dues-persones-per-una-desena-de-robatoris-en-vehicles-al-costat-de-la-platja\/\" \/>\n<meta property=\"og:site_name\" content=\"R\u00e0dio Litoral\" \/>\n<meta property=\"article:publisher\" content=\"https:\/\/www.facebook.com\/Laradiolitoral\/\" \/>\n<meta property=\"article:published_time\" content=\"2025-07-22T11:07:10+00:00\" \/>\n<meta property=\"og:image\" content=\"https:\/\/media.radiolitoral.com\/wp-content\/uploads\/2025\/07\/22130633\/detenido-Calpe-2.jpg\" \/>\n\t<meta property=\"og:image:width\" content=\"960\" \/>\n\t<meta property=\"og:image:height\" content=\"720\" \/>\n\t<meta property=\"og:image:type\" content=\"image\/jpeg\" \/>\n<meta name=\"author\" content=\"Redacci\u00f3n\" \/>\n<meta name=\"twitter:card\" content=\"summary_large_image\" \/>\n<meta name=\"twitter:label1\" content=\"Escrit per\" \/>\n\t<meta name=\"twitter:data1\" content=\"Redacci\u00f3n\" \/>\n\t<meta name=\"twitter:label2\" content=\"Temps estimat de lectura\" \/>\n\t<meta name=\"twitter:data2\" content=\"3 minuts\" \/>\n<script type=\"application\/ld+json\" class=\"yoast-schema-graph\">{\"@context\":\"https:\\\/\\\/schema.org\",\"@graph\":[{\"@type\":\"NewsArticle\",\"@id\":\"https:\\\/\\\/radiolitoral.com\\\/2025\\\/07\\\/la-guardia-civil-detiene-en-calp-a-dos-personas-por-una-decena-de-robos-en-vehiculos-junto-a-la-playa\\\/#article\",\"isPartOf\":{\"@id\":\"https:\\\/\\\/radiolitoral.com\\\/2025\\\/07\\\/la-guardia-civil-detiene-en-calp-a-dos-personas-por-una-decena-de-robos-en-vehiculos-junto-a-la-playa\\\/\"},\"author\":{\"name\":\"Redacci\u00f3n\",\"@id\":\"https:\\\/\\\/radiolitoral.com\\\/#\\\/schema\\\/person\\\/f2b2343c49b5d721857cc1002bfdb151\"},\"headline\":\"La Guardia Civil detiene en Calp a dos personas por una decena de robos en veh\u00edculos junto a la playa\",\"datePublished\":\"2025-07-22T11:07:10+00:00\",\"mainEntityOfPage\":{\"@id\":\"https:\\\/\\\/radiolitoral.com\\\/2025\\\/07\\\/la-guardia-civil-detiene-en-calp-a-dos-personas-por-una-decena-de-robos-en-vehiculos-junto-a-la-playa\\\/\"},\"wordCount\":454,\"commentCount\":0,\"publisher\":{\"@id\":\"https:\\\/\\\/radiolitoral.com\\\/#organization\"},\"image\":{\"@id\":\"https:\\\/\\\/radiolitoral.com\\\/2025\\\/07\\\/la-guardia-civil-detiene-en-calp-a-dos-personas-por-una-decena-de-robos-en-vehiculos-junto-a-la-playa\\\/#primaryimage\"},\"thumbnailUrl\":\"https:\\\/\\\/media.radiolitoral.com\\\/wp-content\\\/uploads\\\/2025\\\/07\\\/22130633\\\/detenido-Calpe-2.jpg\",\"keywords\":[\"Calp\",\"Guardia Civil\",\"Guardia Civil Calp\",\"sucesos\",\"sucesos Calp\"],\"articleSection\":[\"Sucesos\"],\"inLanguage\":\"ca\",\"potentialAction\":[{\"@type\":\"CommentAction\",\"name\":\"Comment\",\"target\":[\"https:\\\/\\\/radiolitoral.com\\\/2025\\\/07\\\/la-guardia-civil-detiene-en-calp-a-dos-personas-por-una-decena-de-robos-en-vehiculos-junto-a-la-playa\\\/#respond\"]}]},{\"@type\":[\"WebPage\",\"ItemPage\"],\"@id\":\"https:\\\/\\\/radiolitoral.com\\\/2025\\\/07\\\/la-guardia-civil-detiene-en-calp-a-dos-personas-por-una-decena-de-robos-en-vehiculos-junto-a-la-playa\\\/\",\"url\":\"https:\\\/\\\/radiolitoral.com\\\/2025\\\/07\\\/la-guardia-civil-detiene-en-calp-a-dos-personas-por-una-decena-de-robos-en-vehiculos-junto-a-la-playa\\\/\",\"name\":\"La Guardia Civil detiene en Calp a dos personas por una decena de robos en veh\u00edculos junto a la playa | R\u00e0dio Litoral\",\"isPartOf\":{\"@id\":\"https:\\\/\\\/radiolitoral.com\\\/#website\"},\"primaryImageOfPage\":{\"@id\":\"https:\\\/\\\/radiolitoral.com\\\/2025\\\/07\\\/la-guardia-civil-detiene-en-calp-a-dos-personas-por-una-decena-de-robos-en-vehiculos-junto-a-la-playa\\\/#primaryimage\"},\"image\":{\"@id\":\"https:\\\/\\\/radiolitoral.com\\\/2025\\\/07\\\/la-guardia-civil-detiene-en-calp-a-dos-personas-por-una-decena-de-robos-en-vehiculos-junto-a-la-playa\\\/#primaryimage\"},\"thumbnailUrl\":\"https:\\\/\\\/media.radiolitoral.com\\\/wp-content\\\/uploads\\\/2025\\\/07\\\/22130633\\\/detenido-Calpe-2.jpg\",\"datePublished\":\"2025-07-22T11:07:10+00:00\",\"description\":\"Ambos estaban reclamados mediante \u00f3rdenes europeas de detenci\u00f3n por las autoridades judiciales de Francia Ambos estaban reclamados mediante \u00f3rdenes europeas de detenci\u00f3n por las autoridades judiciales de Francia\",\"breadcrumb\":{\"@id\":\"https:\\\/\\\/radiolitoral.com\\\/2025\\\/07\\\/la-guardia-civil-detiene-en-calp-a-dos-personas-por-una-decena-de-robos-en-vehiculos-junto-a-la-playa\\\/#breadcrumb\"},\"inLanguage\":\"ca\",\"potentialAction\":[{\"@type\":\"ReadAction\",\"target\":[\"https:\\\/\\\/radiolitoral.com\\\/2025\\\/07\\\/la-guardia-civil-detiene-en-calp-a-dos-personas-por-una-decena-de-robos-en-vehiculos-junto-a-la-playa\\\/\"]}]},{\"@type\":\"ImageObject\",\"inLanguage\":\"ca\",\"@id\":\"https:\\\/\\\/radiolitoral.com\\\/2025\\\/07\\\/la-guardia-civil-detiene-en-calp-a-dos-personas-por-una-decena-de-robos-en-vehiculos-junto-a-la-playa\\\/#primaryimage\",\"url\":\"https:\\\/\\\/media.radiolitoral.com\\\/wp-content\\\/uploads\\\/2025\\\/07\\\/22130633\\\/detenido-Calpe-2.jpg\",\"contentUrl\":\"https:\\\/\\\/media.radiolitoral.com\\\/wp-content\\\/uploads\\\/2025\\\/07\\\/22130633\\\/detenido-Calpe-2.jpg\",\"width\":960,\"height\":720},{\"@type\":\"BreadcrumbList\",\"@id\":\"https:\\\/\\\/radiolitoral.com\\\/2025\\\/07\\\/la-guardia-civil-detiene-en-calp-a-dos-personas-por-una-decena-de-robos-en-vehiculos-junto-a-la-playa\\\/#breadcrumb\",\"itemListElement\":[{\"@type\":\"ListItem\",\"position\":1,\"name\":\"Portada\",\"item\":\"https:\\\/\\\/radiolitoral.com\\\/\"},{\"@type\":\"ListItem\",\"position\":2,\"name\":\"La Guardia Civil detiene en Calp a dos personas por una decena de robos en veh\u00edculos junto a la playa\"}]},{\"@type\":\"WebSite\",\"@id\":\"https:\\\/\\\/radiolitoral.com\\\/#website\",\"url\":\"https:\\\/\\\/radiolitoral.com\\\/\",\"name\":\"Radio Litoral\",\"description\":\"La radio local de la Marina Alta\",\"publisher\":{\"@id\":\"https:\\\/\\\/radiolitoral.com\\\/#organization\"},\"alternateName\":\"Litoral FM\",\"potentialAction\":[{\"@type\":\"SearchAction\",\"target\":{\"@type\":\"EntryPoint\",\"urlTemplate\":\"https:\\\/\\\/radiolitoral.com\\\/?s={search_term_string}\"},\"query-input\":{\"@type\":\"PropertyValueSpecification\",\"valueRequired\":true,\"valueName\":\"search_term_string\"}}],\"inLanguage\":\"ca\"},{\"@type\":\"Organization\",\"@id\":\"https:\\\/\\\/radiolitoral.com\\\/#organization\",\"name\":\"Radio Litoral\",\"url\":\"https:\\\/\\\/radiolitoral.com\\\/\",\"logo\":{\"@type\":\"ImageObject\",\"inLanguage\":\"ca\",\"@id\":\"https:\\\/\\\/radiolitoral.com\\\/#\\\/schema\\\/logo\\\/image\\\/\",\"url\":\"https:\\\/\\\/media.radiolitoral.com\\\/wp-content\\\/uploads\\\/2023\\\/02\\\/24143238\\\/CL-V-RadioLitoral696.png\",\"contentUrl\":\"https:\\\/\\\/media.radiolitoral.com\\\/wp-content\\\/uploads\\\/2023\\\/02\\\/24143238\\\/CL-V-RadioLitoral696.png\",\"width\":696,\"height\":696,\"caption\":\"Radio Litoral\"},\"image\":{\"@id\":\"https:\\\/\\\/radiolitoral.com\\\/#\\\/schema\\\/logo\\\/image\\\/\"},\"sameAs\":[\"https:\\\/\\\/www.facebook.com\\\/Laradiolitoral\\\/\"]},{\"@type\":\"Person\",\"@id\":\"https:\\\/\\\/radiolitoral.com\\\/#\\\/schema\\\/person\\\/f2b2343c49b5d721857cc1002bfdb151\",\"name\":\"Redacci\u00f3n\",\"image\":{\"@type\":\"ImageObject\",\"inLanguage\":\"ca\",\"@id\":\"https:\\\/\\\/secure.gravatar.com\\\/avatar\\\/f771d896c203ad8b3382d7905cfcce5a5c9b008b84b3cd9114e9b9f4cb63f789?s=96&d=mm&r=g\",\"url\":\"https:\\\/\\\/secure.gravatar.com\\\/avatar\\\/f771d896c203ad8b3382d7905cfcce5a5c9b008b84b3cd9114e9b9f4cb63f789?s=96&d=mm&r=g\",\"contentUrl\":\"https:\\\/\\\/secure.gravatar.com\\\/avatar\\\/f771d896c203ad8b3382d7905cfcce5a5c9b008b84b3cd9114e9b9f4cb63f789?s=96&d=mm&r=g\",\"caption\":\"Redacci\u00f3n\"},\"url\":\"https:\\\/\\\/radiolitoral.com\\\/ca\\\/author\\\/miriam-pagan\\\/\"}]}<\/script>\n<!-- \/ Yoast SEO plugin. -->","yoast_head_json":{"title":"La Gu\u00e0rdia Civil det\u00e9 a Calp dues persones per una desena de robatoris en vehicles al costat de la platja | R\u00e0dio Litoral","description":"Tots dos estaven reclamats mitjan\u00e7ant ordres europees de detenci\u00f3 per les autoritats judicials de Fran\u00e7a Tots dos estaven reclamats mitjan\u00e7ant ordres europees de detenci\u00f3 per les autoritats judicials de Fran\u00e7a","robots":{"index":"index","follow":"follow","max-snippet":"max-snippet:-1","max-image-preview":"max-image-preview:large","max-video-preview":"max-video-preview:-1"},"canonical":"https:\/\/radiolitoral.com\/ca\/2025\/07\/la-guardia-civil-atura-en-calp-dues-persones-per-una-desena-de-robatoris-en-vehicles-al-costat-de-la-platja\/","og_locale":"ca_ES","og_type":"article","og_title":"La Guardia Civil detiene en Calp a dos personas por una decena de robos en veh\u00edculos junto a la playa | R\u00e0dio Litoral","og_description":"Ambos estaban reclamados mediante \u00f3rdenes europeas de detenci\u00f3n por las autoridades judiciales de Francia Ambos estaban reclamados mediante \u00f3rdenes europeas de detenci\u00f3n por las autoridades judiciales de Francia","og_url":"https:\/\/radiolitoral.com\/ca\/2025\/07\/la-guardia-civil-atura-en-calp-dues-persones-per-una-desena-de-robatoris-en-vehicles-al-costat-de-la-platja\/","og_site_name":"R\u00e0dio Litoral","article_publisher":"https:\/\/www.facebook.com\/Laradiolitoral\/","article_published_time":"2025-07-22T11:07:10+00:00","og_image":[{"width":960,"height":720,"url":"https:\/\/media.radiolitoral.com\/wp-content\/uploads\/2025\/07\/22130633\/detenido-Calpe-2.jpg","type":"image\/jpeg"}],"author":"Redacci\u00f3n","twitter_card":"summary_large_image","twitter_misc":{"Escrit per":"Redacci\u00f3n","Temps estimat de lectura":"3 minuts"},"schema":{"@context":"https:\/\/schema.org","@graph":[{"@type":"NewsArticle","@id":"https:\/\/radiolitoral.com\/2025\/07\/la-guardia-civil-detiene-en-calp-a-dos-personas-por-una-decena-de-robos-en-vehiculos-junto-a-la-playa\/#article","isPartOf":{"@id":"https:\/\/radiolitoral.com\/2025\/07\/la-guardia-civil-detiene-en-calp-a-dos-personas-por-una-decena-de-robos-en-vehiculos-junto-a-la-playa\/"},"author":{"name":"Redacci\u00f3n","@id":"https:\/\/radiolitoral.com\/#\/schema\/person\/f2b2343c49b5d721857cc1002bfdb151"},"headline":"La Guardia Civil detiene en Calp a dos personas por una decena de robos en veh\u00edculos junto a la playa","datePublished":"2025-07-22T11:07:10+00:00","mainEntityOfPage":{"@id":"https:\/\/radiolitoral.com\/2025\/07\/la-guardia-civil-detiene-en-calp-a-dos-personas-por-una-decena-de-robos-en-vehiculos-junto-a-la-playa\/"},"wordCount":454,"commentCount":0,"publisher":{"@id":"https:\/\/radiolitoral.com\/#organization"},"image":{"@id":"https:\/\/radiolitoral.com\/2025\/07\/la-guardia-civil-detiene-en-calp-a-dos-personas-por-una-decena-de-robos-en-vehiculos-junto-a-la-playa\/#primaryimage"},"thumbnailUrl":"https:\/\/media.radiolitoral.com\/wp-content\/uploads\/2025\/07\/22130633\/detenido-Calpe-2.jpg","keywords":["Calp","Guardia Civil","Guardia Civil Calp","sucesos","sucesos Calp"],"articleSection":["Sucesos"],"inLanguage":"ca","potentialAction":[{"@type":"CommentAction","name":"Comment","target":["https:\/\/radiolitoral.com\/2025\/07\/la-guardia-civil-detiene-en-calp-a-dos-personas-por-una-decena-de-robos-en-vehiculos-junto-a-la-playa\/#respond"]}]},{"@type":["WebPage","ItemPage"],"@id":"https:\/\/radiolitoral.com\/2025\/07\/la-guardia-civil-detiene-en-calp-a-dos-personas-por-una-decena-de-robos-en-vehiculos-junto-a-la-playa\/","url":"https:\/\/radiolitoral.com\/2025\/07\/la-guardia-civil-detiene-en-calp-a-dos-personas-por-una-decena-de-robos-en-vehiculos-junto-a-la-playa\/","name":"La Gu\u00e0rdia Civil det\u00e9 a Calp dues persones per una desena de robatoris en vehicles al costat de la platja | R\u00e0dio Litoral","isPartOf":{"@id":"https:\/\/radiolitoral.com\/#website"},"primaryImageOfPage":{"@id":"https:\/\/radiolitoral.com\/2025\/07\/la-guardia-civil-detiene-en-calp-a-dos-personas-por-una-decena-de-robos-en-vehiculos-junto-a-la-playa\/#primaryimage"},"image":{"@id":"https:\/\/radiolitoral.com\/2025\/07\/la-guardia-civil-detiene-en-calp-a-dos-personas-por-una-decena-de-robos-en-vehiculos-junto-a-la-playa\/#primaryimage"},"thumbnailUrl":"https:\/\/media.radiolitoral.com\/wp-content\/uploads\/2025\/07\/22130633\/detenido-Calpe-2.jpg","datePublished":"2025-07-22T11:07:10+00:00","description":"Tots dos estaven reclamats mitjan\u00e7ant ordres europees de detenci\u00f3 per les autoritats judicials de Fran\u00e7a Tots dos estaven reclamats mitjan\u00e7ant ordres europees de detenci\u00f3 per les autoritats judicials de Fran\u00e7a","breadcrumb":{"@id":"https:\/\/radiolitoral.com\/2025\/07\/la-guardia-civil-detiene-en-calp-a-dos-personas-por-una-decena-de-robos-en-vehiculos-junto-a-la-playa\/#breadcrumb"},"inLanguage":"ca","potentialAction":[{"@type":"ReadAction","target":["https:\/\/radiolitoral.com\/2025\/07\/la-guardia-civil-detiene-en-calp-a-dos-personas-por-una-decena-de-robos-en-vehiculos-junto-a-la-playa\/"]}]},{"@type":"ImageObject","inLanguage":"ca","@id":"https:\/\/radiolitoral.com\/2025\/07\/la-guardia-civil-detiene-en-calp-a-dos-personas-por-una-decena-de-robos-en-vehiculos-junto-a-la-playa\/#primaryimage","url":"https:\/\/media.radiolitoral.com\/wp-content\/uploads\/2025\/07\/22130633\/detenido-Calpe-2.jpg","contentUrl":"https:\/\/media.radiolitoral.com\/wp-content\/uploads\/2025\/07\/22130633\/detenido-Calpe-2.jpg","width":960,"height":720},{"@type":"BreadcrumbList","@id":"https:\/\/radiolitoral.com\/2025\/07\/la-guardia-civil-detiene-en-calp-a-dos-personas-por-una-decena-de-robos-en-vehiculos-junto-a-la-playa\/#breadcrumb","itemListElement":[{"@type":"ListItem","position":1,"name":"Portada","item":"https:\/\/radiolitoral.com\/"},{"@type":"ListItem","position":2,"name":"La Guardia Civil detiene en Calp a dos personas por una decena de robos en veh\u00edculos junto a la playa"}]},{"@type":"WebSite","@id":"https:\/\/radiolitoral.com\/#website","url":"https:\/\/radiolitoral.com\/","name":"R\u00e0dio Litoral","description":"La r\u00e0dio local de la Marina Alta","publisher":{"@id":"https:\/\/radiolitoral.com\/#organization"},"alternateName":"Litoral FM","potentialAction":[{"@type":"SearchAction","target":{"@type":"EntryPoint","urlTemplate":"https:\/\/radiolitoral.com\/?s={search_term_string}"},"query-input":{"@type":"PropertyValueSpecification","valueRequired":true,"valueName":"search_term_string"}}],"inLanguage":"ca"},{"@type":"Organization","@id":"https:\/\/radiolitoral.com\/#organization","name":"R\u00e0dio Litoral","url":"https:\/\/radiolitoral.com\/","logo":{"@type":"ImageObject","inLanguage":"ca","@id":"https:\/\/radiolitoral.com\/#\/schema\/logo\/image\/","url":"https:\/\/media.radiolitoral.com\/wp-content\/uploads\/2023\/02\/24143238\/CL-V-RadioLitoral696.png","contentUrl":"https:\/\/media.radiolitoral.com\/wp-content\/uploads\/2023\/02\/24143238\/CL-V-RadioLitoral696.png","width":696,"height":696,"caption":"Radio Litoral"},"image":{"@id":"https:\/\/radiolitoral.com\/#\/schema\/logo\/image\/"},"sameAs":["https:\/\/www.facebook.com\/Laradiolitoral\/"]},{"@type":"Person","@id":"https:\/\/radiolitoral.com\/#\/schema\/person\/f2b2343c49b5d721857cc1002bfdb151","name":"Redacci\u00f3","image":{"@type":"ImageObject","inLanguage":"ca","@id":"https:\/\/secure.gravatar.com\/avatar\/f771d896c203ad8b3382d7905cfcce5a5c9b008b84b3cd9114e9b9f4cb63f789?s=96&d=mm&r=g","url":"https:\/\/secure.gravatar.com\/avatar\/f771d896c203ad8b3382d7905cfcce5a5c9b008b84b3cd9114e9b9f4cb63f789?s=96&d=mm&r=g","contentUrl":"https:\/\/secure.gravatar.com\/avatar\/f771d896c203ad8b3382d7905cfcce5a5c9b008b84b3cd9114e9b9f4cb63f789?s=96&d=mm&r=g","caption":"Redacci\u00f3n"},"url":"https:\/\/radiolitoral.com\/ca\/author\/miriam-pagan\/"}]}},"_links":{"self":[{"href":"https:\/\/radiolitoral.com\/ca\/wp-json\/wp\/v2\/posts\/17800","targetHints":{"allow":["GET"]}}],"collection":[{"href":"https:\/\/radiolitoral.com\/ca\/wp-json\/wp\/v2\/posts"}],"about":[{"href":"https:\/\/radiolitoral.com\/ca\/wp-json\/wp\/v2\/types\/post"}],"author":[{"embeddable":true,"href":"https:\/\/radiolitoral.com\/ca\/wp-json\/wp\/v2\/users\/13"}],"replies":[{"embeddable":true,"href":"https:\/\/radiolitoral.com\/ca\/wp-json\/wp\/v2\/comments?post=17800"}],"version-history":[{"count":1,"href":"https:\/\/radiolitoral.com\/ca\/wp-json\/wp\/v2\/posts\/17800\/revisions"}],"predecessor-version":[{"id":17804,"href":"https:\/\/radiolitoral.com\/ca\/wp-json\/wp\/v2\/posts\/17800\/revisions\/17804"}],"wp:featuredmedia":[{"embeddable":true,"href":"https:\/\/radiolitoral.com\/ca\/wp-json\/wp\/v2\/media\/17803"}],"wp:attachment":[{"href":"https:\/\/radiolitoral.com\/ca\/wp-json\/wp\/v2\/media?parent=17800"}],"wp:term":[{"taxonomy":"category","embeddable":true,"href":"https:\/\/radiolitoral.com\/ca\/wp-json\/wp\/v2\/categories?post=17800"},{"taxonomy":"post_tag","embeddable":true,"href":"https:\/\/radiolitoral.com\/ca\/wp-json\/wp\/v2\/tags?post=17800"}],"curies":[{"name":"wp","href":"https:\/\/api.w.org\/{rel}","templated":true}]}}