{"id":17766,"date":"2025-07-21T18:33:52","date_gmt":"2025-07-21T16:33:52","guid":{"rendered":"https:\/\/radiolitoral.com\/?p=17766"},"modified":"2025-07-21T18:33:52","modified_gmt":"2025-07-21T16:33:52","slug":"teulada-moraira-reforca-lombra-urbana-amb-tendals-sostenibles-en-espais-publics","status":"publish","type":"post","link":"https:\/\/radiolitoral.com\/ca\/2025\/07\/teulada-moraira-refuerza-la-sombra-urbana-con-toldos-sostenibles-en-espacios-publicos\/","title":{"rendered":"Teulada Moraira refor\u00e7a l&#039;ombra urbana amb tendals sostenibles en espais p\u00fablics"},"content":{"rendered":"<p data-start=\"219\" data-end=\"683\">La calor de l&#039;estiu ja t\u00e9 un nou adversari a <strong>Teulada Moraira<\/strong>. Des d&#039;aquest dilluns, 21 de juliol de 2025, l&#039;Ajuntament ha comen\u00e7at a <strong>instal\u00b7lar tendals<\/strong> en diferents punts del municipi com a mesura per fer front a les altes temperatures. Aquesta intervenci\u00f3, que es presenta com una soluci\u00f3 \u00absimple i sostenible\u00bb, est\u00e0 finan\u00e7ada amb fons europeus i cerca millorar la qualitat ambiental i l&#039;habitabilitat de zones molt transitades per residents i turistes.<\/p>\n<p data-start=\"685\" data-end=\"1025\">L&#039;actuaci\u00f3 forma part del Pla de Sostenibilitat Tur\u00edstica a Destinaci\u00f3 2023, sota el lema \u201cTeulada Moraira, destinaci\u00f3 sostenible, diversificada i intel\u00b7ligent\u201d. Les tasques s&#039;emmarquen dins del desenvolupament d&#039;itineraris urbans sostenibles i contemplen la instal\u00b7laci\u00f3 d&#039;espelmes tensades, una soluci\u00f3 passiva i efica\u00e7 davant de la calor extrema.<\/p>\n<p data-start=\"1027\" data-end=\"1065\"><strong data-start=\"1027\" data-end=\"1065\">Zones beneficiades i planificaci\u00f3<\/strong><\/p>\n<p data-start=\"1067\" data-end=\"1538\">Els primers tendals s&#039;estan instal\u00b7lant a les \u00e0rees de jocs infantils de <strong>Les Platgetes<\/strong>, <strong>Tresmall<\/strong> i la <strong>pla\u00e7a Palangre<\/strong>. A continuaci\u00f3, els treballs es traslladaran a la pla\u00e7a VI\u00e9 Centenari \u2014tant a l&#039;\u00e0rea l\u00fadica com a la zona del quiosc\u2014 i la pla\u00e7a de la Biblioteca Municipal. Tamb\u00e9 s&#039;hi contemplen millores a Font Santa, abastant la zona recreativa, l&#039;entorn de l&#039;ermita i els jocs. El pla es completar\u00e0 amb la col\u00b7locaci\u00f3 de tendals vela a la Pla\u00e7a Porches.<\/p>\n<p data-start=\"1540\" data-end=\"1768\">El projecte, adjudicat a l&#039;empresa Grup Costa Blanca HTS SL per un import de 205.000 euros (IVA incl\u00f2s), s&#039;executar\u00e0 en un termini aproximat de dos mesos i inclou tant la redacci\u00f3 t\u00e8cnica com la realitzaci\u00f3 de l&#039;obra.<\/p>\n<p data-start=\"1770\" data-end=\"1820\"><strong data-start=\"1770\" data-end=\"1820\">Comprom\u00eds amb el clima i finan\u00e7ament europeu<\/strong><\/p>\n<p data-start=\"1822\" data-end=\"2095\">Aquesta iniciativa s&#039;integra al Pla de Recuperaci\u00f3, Transformaci\u00f3 i Resili\u00e8ncia, finan\u00e7at en la seva totalitat pels fons NextGenerationEU. Est\u00e0 identificada amb l&#039;etiqueta clim\u00e0tica 037, que certifica la seva contribuci\u00f3 plena a l&#039;adaptaci\u00f3 davant del canvi clim\u00e0tic.<\/p>\n<p data-start=\"2097\" data-end=\"2418\">La regidora de Fons Europeus, Susanne Katzgrau, ha destacat que &quot;aquesta actuaci\u00f3 reflecteix el ferm comprom\u00eds de l\u00b4Ajuntament amb la sostenibilitat, la millora de l\u00b4entorn urb\u00e0 i l\u00b4adaptaci\u00f3 clim\u00e0tica, sempre pensant en el benestar de la ciutadania i en un model tur\u00edstic m\u00e9s respectu\u00f3s amb el medi ambient&quot;.<\/p>","protected":false},"excerpt":{"rendered":"<p>El calor del verano ya tiene un nuevo adversario en Teulada Moraira. Desde este lunes, 21 de julio de 2025, el Ayuntamiento ha comenzado a instalar toldos en distintos puntos del municipio como medida para hacer frente a las altas temperaturas. Esta intervenci\u00f3n, que se presenta como una soluci\u00f3n \u00absimple y sostenible\u00bb, est\u00e1 financiada con [&#8230;]<\/p>\n<p><a class=\"btn btn-secondary understrap-read-more-link\" href=\"https:\/\/radiolitoral.com\/ca\/2025\/07\/teulada-moraira-refuerza-la-sombra-urbana-con-toldos-sostenibles-en-espacios-publicos\/\">Continua llegint&#8230;<span class=\"screen-reader-text\"> from Teulada Moraira refuerza la sombra urbana con toldos sostenibles en espacios p\u00fablicos<\/span><\/a><\/p>\n","protected":false},"author":14,"featured_media":17768,"comment_status":"open","ping_status":"closed","sticky":false,"template":"","format":"standard","meta":{"_acf_changed":false,"inline_featured_image":false,"footnotes":""},"categories":[46],"tags":[195,4712],"class_list":["post-17766","post","type-post","status-publish","format-standard","has-post-thumbnail","hentry","category-sociedad","tag-teulada-moraira","tag-toldos","cobertura-teulada-moraira"],"acf":[],"yoast_head":"<!-- This site is optimized with the Yoast SEO plugin v27.5 - https:\/\/yoast.com\/product\/yoast-seo-wordpress\/ -->\n<title>Teulada Moraira refuerza la sombra urbana con toldos sostenibles en espacios p\u00fablicos | R\u00e0dio Litoral<\/title>\n<meta name=\"description\" content=\"La instalaci\u00f3n comenzar\u00e1 en los espacios de juegos de Les Platgetes y Tresmall\" \/>\n<meta name=\"robots\" content=\"index, follow, max-snippet:-1, max-image-preview:large, max-video-preview:-1\" \/>\n<link rel=\"canonical\" href=\"https:\/\/radiolitoral.com\/ca\/2025\/07\/teulada-moraira-reforca-lombra-urbana-amb-tendals-sostenibles-en-espais-publics\/\" \/>\n<meta property=\"og:locale\" content=\"ca_ES\" \/>\n<meta property=\"og:type\" content=\"article\" \/>\n<meta property=\"og:title\" content=\"Teulada Moraira refuerza la sombra urbana con toldos sostenibles en espacios p\u00fablicos | R\u00e0dio Litoral\" \/>\n<meta property=\"og:description\" content=\"La instalaci\u00f3n comenzar\u00e1 en los espacios de juegos de Les Platgetes y Tresmall\" \/>\n<meta property=\"og:url\" content=\"https:\/\/radiolitoral.com\/ca\/2025\/07\/teulada-moraira-reforca-lombra-urbana-amb-tendals-sostenibles-en-espais-publics\/\" \/>\n<meta property=\"og:site_name\" content=\"R\u00e0dio Litoral\" \/>\n<meta property=\"article:publisher\" content=\"https:\/\/www.facebook.com\/Laradiolitoral\/\" \/>\n<meta property=\"article:published_time\" content=\"2025-07-21T16:33:52+00:00\" \/>\n<meta property=\"og:image\" content=\"https:\/\/media.radiolitoral.com\/wp-content\/uploads\/2025\/07\/21183345\/NOTA-DE-PRENSA-Teulada-Moraira-inicia-la-instalacion-de-toldos-en-espacios-publicos-para-adaptarse-al-cambio-climatico.png\" \/>\n\t<meta property=\"og:image:width\" content=\"940\" \/>\n\t<meta property=\"og:image:height\" content=\"788\" \/>\n\t<meta property=\"og:image:type\" content=\"image\/png\" \/>\n<meta name=\"author\" content=\"Redacci\u00f3n\" \/>\n<meta name=\"twitter:card\" content=\"summary_large_image\" \/>\n<meta name=\"twitter:label1\" content=\"Escrit per\" \/>\n\t<meta name=\"twitter:data1\" content=\"Redacci\u00f3n\" \/>\n\t<meta name=\"twitter:label2\" content=\"Temps estimat de lectura\" \/>\n\t<meta name=\"twitter:data2\" content=\"2 minuts\" \/>\n<script type=\"application\/ld+json\" class=\"yoast-schema-graph\">{\"@context\":\"https:\\\/\\\/schema.org\",\"@graph\":[{\"@type\":\"NewsArticle\",\"@id\":\"https:\\\/\\\/radiolitoral.com\\\/2025\\\/07\\\/teulada-moraira-refuerza-la-sombra-urbana-con-toldos-sostenibles-en-espacios-publicos\\\/#article\",\"isPartOf\":{\"@id\":\"https:\\\/\\\/radiolitoral.com\\\/2025\\\/07\\\/teulada-moraira-refuerza-la-sombra-urbana-con-toldos-sostenibles-en-espacios-publicos\\\/\"},\"author\":{\"name\":\"Redacci\u00f3n\",\"@id\":\"https:\\\/\\\/radiolitoral.com\\\/#\\\/schema\\\/person\\\/96b739642eb3bedb532aac3812d23307\"},\"headline\":\"Teulada Moraira refuerza la sombra urbana con toldos sostenibles en espacios p\u00fablicos\",\"datePublished\":\"2025-07-21T16:33:52+00:00\",\"mainEntityOfPage\":{\"@id\":\"https:\\\/\\\/radiolitoral.com\\\/2025\\\/07\\\/teulada-moraira-refuerza-la-sombra-urbana-con-toldos-sostenibles-en-espacios-publicos\\\/\"},\"wordCount\":381,\"commentCount\":0,\"publisher\":{\"@id\":\"https:\\\/\\\/radiolitoral.com\\\/#organization\"},\"image\":{\"@id\":\"https:\\\/\\\/radiolitoral.com\\\/2025\\\/07\\\/teulada-moraira-refuerza-la-sombra-urbana-con-toldos-sostenibles-en-espacios-publicos\\\/#primaryimage\"},\"thumbnailUrl\":\"https:\\\/\\\/media.radiolitoral.com\\\/wp-content\\\/uploads\\\/2025\\\/07\\\/21183345\\\/NOTA-DE-PRENSA-Teulada-Moraira-inicia-la-instalacion-de-toldos-en-espacios-publicos-para-adaptarse-al-cambio-climatico.png\",\"keywords\":[\"Teulada-Moraira\",\"toldos\"],\"articleSection\":[\"Sociedad\"],\"inLanguage\":\"ca\",\"potentialAction\":[{\"@type\":\"CommentAction\",\"name\":\"Comment\",\"target\":[\"https:\\\/\\\/radiolitoral.com\\\/2025\\\/07\\\/teulada-moraira-refuerza-la-sombra-urbana-con-toldos-sostenibles-en-espacios-publicos\\\/#respond\"]}]},{\"@type\":[\"WebPage\",\"ItemPage\"],\"@id\":\"https:\\\/\\\/radiolitoral.com\\\/2025\\\/07\\\/teulada-moraira-refuerza-la-sombra-urbana-con-toldos-sostenibles-en-espacios-publicos\\\/\",\"url\":\"https:\\\/\\\/radiolitoral.com\\\/2025\\\/07\\\/teulada-moraira-refuerza-la-sombra-urbana-con-toldos-sostenibles-en-espacios-publicos\\\/\",\"name\":\"Teulada Moraira refuerza la sombra urbana con toldos sostenibles en espacios p\u00fablicos | R\u00e0dio Litoral\",\"isPartOf\":{\"@id\":\"https:\\\/\\\/radiolitoral.com\\\/#website\"},\"primaryImageOfPage\":{\"@id\":\"https:\\\/\\\/radiolitoral.com\\\/2025\\\/07\\\/teulada-moraira-refuerza-la-sombra-urbana-con-toldos-sostenibles-en-espacios-publicos\\\/#primaryimage\"},\"image\":{\"@id\":\"https:\\\/\\\/radiolitoral.com\\\/2025\\\/07\\\/teulada-moraira-refuerza-la-sombra-urbana-con-toldos-sostenibles-en-espacios-publicos\\\/#primaryimage\"},\"thumbnailUrl\":\"https:\\\/\\\/media.radiolitoral.com\\\/wp-content\\\/uploads\\\/2025\\\/07\\\/21183345\\\/NOTA-DE-PRENSA-Teulada-Moraira-inicia-la-instalacion-de-toldos-en-espacios-publicos-para-adaptarse-al-cambio-climatico.png\",\"datePublished\":\"2025-07-21T16:33:52+00:00\",\"description\":\"La instalaci\u00f3n comenzar\u00e1 en los espacios de juegos de Les Platgetes y Tresmall\",\"breadcrumb\":{\"@id\":\"https:\\\/\\\/radiolitoral.com\\\/2025\\\/07\\\/teulada-moraira-refuerza-la-sombra-urbana-con-toldos-sostenibles-en-espacios-publicos\\\/#breadcrumb\"},\"inLanguage\":\"ca\",\"potentialAction\":[{\"@type\":\"ReadAction\",\"target\":[\"https:\\\/\\\/radiolitoral.com\\\/2025\\\/07\\\/teulada-moraira-refuerza-la-sombra-urbana-con-toldos-sostenibles-en-espacios-publicos\\\/\"]}]},{\"@type\":\"ImageObject\",\"inLanguage\":\"ca\",\"@id\":\"https:\\\/\\\/radiolitoral.com\\\/2025\\\/07\\\/teulada-moraira-refuerza-la-sombra-urbana-con-toldos-sostenibles-en-espacios-publicos\\\/#primaryimage\",\"url\":\"https:\\\/\\\/media.radiolitoral.com\\\/wp-content\\\/uploads\\\/2025\\\/07\\\/21183345\\\/NOTA-DE-PRENSA-Teulada-Moraira-inicia-la-instalacion-de-toldos-en-espacios-publicos-para-adaptarse-al-cambio-climatico.png\",\"contentUrl\":\"https:\\\/\\\/media.radiolitoral.com\\\/wp-content\\\/uploads\\\/2025\\\/07\\\/21183345\\\/NOTA-DE-PRENSA-Teulada-Moraira-inicia-la-instalacion-de-toldos-en-espacios-publicos-para-adaptarse-al-cambio-climatico.png\",\"width\":940,\"height\":788},{\"@type\":\"BreadcrumbList\",\"@id\":\"https:\\\/\\\/radiolitoral.com\\\/2025\\\/07\\\/teulada-moraira-refuerza-la-sombra-urbana-con-toldos-sostenibles-en-espacios-publicos\\\/#breadcrumb\",\"itemListElement\":[{\"@type\":\"ListItem\",\"position\":1,\"name\":\"Portada\",\"item\":\"https:\\\/\\\/radiolitoral.com\\\/\"},{\"@type\":\"ListItem\",\"position\":2,\"name\":\"Teulada Moraira refuerza la sombra urbana con toldos sostenibles en espacios p\u00fablicos\"}]},{\"@type\":\"WebSite\",\"@id\":\"https:\\\/\\\/radiolitoral.com\\\/#website\",\"url\":\"https:\\\/\\\/radiolitoral.com\\\/\",\"name\":\"Radio Litoral\",\"description\":\"La radio local de la Marina Alta\",\"publisher\":{\"@id\":\"https:\\\/\\\/radiolitoral.com\\\/#organization\"},\"alternateName\":\"Litoral FM\",\"potentialAction\":[{\"@type\":\"SearchAction\",\"target\":{\"@type\":\"EntryPoint\",\"urlTemplate\":\"https:\\\/\\\/radiolitoral.com\\\/?s={search_term_string}\"},\"query-input\":{\"@type\":\"PropertyValueSpecification\",\"valueRequired\":true,\"valueName\":\"search_term_string\"}}],\"inLanguage\":\"ca\"},{\"@type\":\"Organization\",\"@id\":\"https:\\\/\\\/radiolitoral.com\\\/#organization\",\"name\":\"Radio Litoral\",\"url\":\"https:\\\/\\\/radiolitoral.com\\\/\",\"logo\":{\"@type\":\"ImageObject\",\"inLanguage\":\"ca\",\"@id\":\"https:\\\/\\\/radiolitoral.com\\\/#\\\/schema\\\/logo\\\/image\\\/\",\"url\":\"https:\\\/\\\/media.radiolitoral.com\\\/wp-content\\\/uploads\\\/2023\\\/02\\\/24143238\\\/CL-V-RadioLitoral696.png\",\"contentUrl\":\"https:\\\/\\\/media.radiolitoral.com\\\/wp-content\\\/uploads\\\/2023\\\/02\\\/24143238\\\/CL-V-RadioLitoral696.png\",\"width\":696,\"height\":696,\"caption\":\"Radio Litoral\"},\"image\":{\"@id\":\"https:\\\/\\\/radiolitoral.com\\\/#\\\/schema\\\/logo\\\/image\\\/\"},\"sameAs\":[\"https:\\\/\\\/www.facebook.com\\\/Laradiolitoral\\\/\"]},{\"@type\":\"Person\",\"@id\":\"https:\\\/\\\/radiolitoral.com\\\/#\\\/schema\\\/person\\\/96b739642eb3bedb532aac3812d23307\",\"name\":\"Redacci\u00f3n\",\"image\":{\"@type\":\"ImageObject\",\"inLanguage\":\"ca\",\"@id\":\"https:\\\/\\\/secure.gravatar.com\\\/avatar\\\/30cd06129ee90411dd9c7cbdcf17464181d1a3c7b072e92070ea75a25cf0097e?s=96&d=mm&r=g\",\"url\":\"https:\\\/\\\/secure.gravatar.com\\\/avatar\\\/30cd06129ee90411dd9c7cbdcf17464181d1a3c7b072e92070ea75a25cf0097e?s=96&d=mm&r=g\",\"contentUrl\":\"https:\\\/\\\/secure.gravatar.com\\\/avatar\\\/30cd06129ee90411dd9c7cbdcf17464181d1a3c7b072e92070ea75a25cf0097e?s=96&d=mm&r=g\",\"caption\":\"Redacci\u00f3n\"},\"url\":\"https:\\\/\\\/radiolitoral.com\\\/ca\\\/author\\\/kevin-carrio\\\/\"}]}<\/script>\n<!-- \/ Yoast SEO plugin. -->","yoast_head_json":{"title":"Teulada Moraira refor\u00e7a l&#039;ombra urbana amb tendals sostenibles a espais p\u00fablics | R\u00e0dio Litoral","description":"La instal\u00b7laci\u00f3 comen\u00e7ar\u00e0 als espais de jocs de Les Platgetes i Tresmall","robots":{"index":"index","follow":"follow","max-snippet":"max-snippet:-1","max-image-preview":"max-image-preview:large","max-video-preview":"max-video-preview:-1"},"canonical":"https:\/\/radiolitoral.com\/ca\/2025\/07\/teulada-moraira-reforca-lombra-urbana-amb-tendals-sostenibles-en-espais-publics\/","og_locale":"ca_ES","og_type":"article","og_title":"Teulada Moraira refuerza la sombra urbana con toldos sostenibles en espacios p\u00fablicos | R\u00e0dio Litoral","og_description":"La instalaci\u00f3n comenzar\u00e1 en los espacios de juegos de Les Platgetes y Tresmall","og_url":"https:\/\/radiolitoral.com\/ca\/2025\/07\/teulada-moraira-reforca-lombra-urbana-amb-tendals-sostenibles-en-espais-publics\/","og_site_name":"R\u00e0dio Litoral","article_publisher":"https:\/\/www.facebook.com\/Laradiolitoral\/","article_published_time":"2025-07-21T16:33:52+00:00","og_image":[{"width":940,"height":788,"url":"https:\/\/media.radiolitoral.com\/wp-content\/uploads\/2025\/07\/21183345\/NOTA-DE-PRENSA-Teulada-Moraira-inicia-la-instalacion-de-toldos-en-espacios-publicos-para-adaptarse-al-cambio-climatico.png","type":"image\/png"}],"author":"Redacci\u00f3n","twitter_card":"summary_large_image","twitter_misc":{"Escrit per":"Redacci\u00f3n","Temps estimat de lectura":"2 minuts"},"schema":{"@context":"https:\/\/schema.org","@graph":[{"@type":"NewsArticle","@id":"https:\/\/radiolitoral.com\/2025\/07\/teulada-moraira-refuerza-la-sombra-urbana-con-toldos-sostenibles-en-espacios-publicos\/#article","isPartOf":{"@id":"https:\/\/radiolitoral.com\/2025\/07\/teulada-moraira-refuerza-la-sombra-urbana-con-toldos-sostenibles-en-espacios-publicos\/"},"author":{"name":"Redacci\u00f3n","@id":"https:\/\/radiolitoral.com\/#\/schema\/person\/96b739642eb3bedb532aac3812d23307"},"headline":"Teulada Moraira refuerza la sombra urbana con toldos sostenibles en espacios p\u00fablicos","datePublished":"2025-07-21T16:33:52+00:00","mainEntityOfPage":{"@id":"https:\/\/radiolitoral.com\/2025\/07\/teulada-moraira-refuerza-la-sombra-urbana-con-toldos-sostenibles-en-espacios-publicos\/"},"wordCount":381,"commentCount":0,"publisher":{"@id":"https:\/\/radiolitoral.com\/#organization"},"image":{"@id":"https:\/\/radiolitoral.com\/2025\/07\/teulada-moraira-refuerza-la-sombra-urbana-con-toldos-sostenibles-en-espacios-publicos\/#primaryimage"},"thumbnailUrl":"https:\/\/media.radiolitoral.com\/wp-content\/uploads\/2025\/07\/21183345\/NOTA-DE-PRENSA-Teulada-Moraira-inicia-la-instalacion-de-toldos-en-espacios-publicos-para-adaptarse-al-cambio-climatico.png","keywords":["Teulada-Moraira","toldos"],"articleSection":["Sociedad"],"inLanguage":"ca","potentialAction":[{"@type":"CommentAction","name":"Comment","target":["https:\/\/radiolitoral.com\/2025\/07\/teulada-moraira-refuerza-la-sombra-urbana-con-toldos-sostenibles-en-espacios-publicos\/#respond"]}]},{"@type":["WebPage","ItemPage"],"@id":"https:\/\/radiolitoral.com\/2025\/07\/teulada-moraira-refuerza-la-sombra-urbana-con-toldos-sostenibles-en-espacios-publicos\/","url":"https:\/\/radiolitoral.com\/2025\/07\/teulada-moraira-refuerza-la-sombra-urbana-con-toldos-sostenibles-en-espacios-publicos\/","name":"Teulada Moraira refor\u00e7a l&#039;ombra urbana amb tendals sostenibles a espais p\u00fablics | R\u00e0dio Litoral","isPartOf":{"@id":"https:\/\/radiolitoral.com\/#website"},"primaryImageOfPage":{"@id":"https:\/\/radiolitoral.com\/2025\/07\/teulada-moraira-refuerza-la-sombra-urbana-con-toldos-sostenibles-en-espacios-publicos\/#primaryimage"},"image":{"@id":"https:\/\/radiolitoral.com\/2025\/07\/teulada-moraira-refuerza-la-sombra-urbana-con-toldos-sostenibles-en-espacios-publicos\/#primaryimage"},"thumbnailUrl":"https:\/\/media.radiolitoral.com\/wp-content\/uploads\/2025\/07\/21183345\/NOTA-DE-PRENSA-Teulada-Moraira-inicia-la-instalacion-de-toldos-en-espacios-publicos-para-adaptarse-al-cambio-climatico.png","datePublished":"2025-07-21T16:33:52+00:00","description":"La instal\u00b7laci\u00f3 comen\u00e7ar\u00e0 als espais de jocs de Les Platgetes i Tresmall","breadcrumb":{"@id":"https:\/\/radiolitoral.com\/2025\/07\/teulada-moraira-refuerza-la-sombra-urbana-con-toldos-sostenibles-en-espacios-publicos\/#breadcrumb"},"inLanguage":"ca","potentialAction":[{"@type":"ReadAction","target":["https:\/\/radiolitoral.com\/2025\/07\/teulada-moraira-refuerza-la-sombra-urbana-con-toldos-sostenibles-en-espacios-publicos\/"]}]},{"@type":"ImageObject","inLanguage":"ca","@id":"https:\/\/radiolitoral.com\/2025\/07\/teulada-moraira-refuerza-la-sombra-urbana-con-toldos-sostenibles-en-espacios-publicos\/#primaryimage","url":"https:\/\/media.radiolitoral.com\/wp-content\/uploads\/2025\/07\/21183345\/NOTA-DE-PRENSA-Teulada-Moraira-inicia-la-instalacion-de-toldos-en-espacios-publicos-para-adaptarse-al-cambio-climatico.png","contentUrl":"https:\/\/media.radiolitoral.com\/wp-content\/uploads\/2025\/07\/21183345\/NOTA-DE-PRENSA-Teulada-Moraira-inicia-la-instalacion-de-toldos-en-espacios-publicos-para-adaptarse-al-cambio-climatico.png","width":940,"height":788},{"@type":"BreadcrumbList","@id":"https:\/\/radiolitoral.com\/2025\/07\/teulada-moraira-refuerza-la-sombra-urbana-con-toldos-sostenibles-en-espacios-publicos\/#breadcrumb","itemListElement":[{"@type":"ListItem","position":1,"name":"Portada","item":"https:\/\/radiolitoral.com\/"},{"@type":"ListItem","position":2,"name":"Teulada Moraira refuerza la sombra urbana con toldos sostenibles en espacios p\u00fablicos"}]},{"@type":"WebSite","@id":"https:\/\/radiolitoral.com\/#website","url":"https:\/\/radiolitoral.com\/","name":"R\u00e0dio Litoral","description":"La r\u00e0dio local de la Marina Alta","publisher":{"@id":"https:\/\/radiolitoral.com\/#organization"},"alternateName":"Litoral FM","potentialAction":[{"@type":"SearchAction","target":{"@type":"EntryPoint","urlTemplate":"https:\/\/radiolitoral.com\/?s={search_term_string}"},"query-input":{"@type":"PropertyValueSpecification","valueRequired":true,"valueName":"search_term_string"}}],"inLanguage":"ca"},{"@type":"Organization","@id":"https:\/\/radiolitoral.com\/#organization","name":"R\u00e0dio Litoral","url":"https:\/\/radiolitoral.com\/","logo":{"@type":"ImageObject","inLanguage":"ca","@id":"https:\/\/radiolitoral.com\/#\/schema\/logo\/image\/","url":"https:\/\/media.radiolitoral.com\/wp-content\/uploads\/2023\/02\/24143238\/CL-V-RadioLitoral696.png","contentUrl":"https:\/\/media.radiolitoral.com\/wp-content\/uploads\/2023\/02\/24143238\/CL-V-RadioLitoral696.png","width":696,"height":696,"caption":"Radio Litoral"},"image":{"@id":"https:\/\/radiolitoral.com\/#\/schema\/logo\/image\/"},"sameAs":["https:\/\/www.facebook.com\/Laradiolitoral\/"]},{"@type":"Person","@id":"https:\/\/radiolitoral.com\/#\/schema\/person\/96b739642eb3bedb532aac3812d23307","name":"Redacci\u00f3","image":{"@type":"ImageObject","inLanguage":"ca","@id":"https:\/\/secure.gravatar.com\/avatar\/30cd06129ee90411dd9c7cbdcf17464181d1a3c7b072e92070ea75a25cf0097e?s=96&d=mm&r=g","url":"https:\/\/secure.gravatar.com\/avatar\/30cd06129ee90411dd9c7cbdcf17464181d1a3c7b072e92070ea75a25cf0097e?s=96&d=mm&r=g","contentUrl":"https:\/\/secure.gravatar.com\/avatar\/30cd06129ee90411dd9c7cbdcf17464181d1a3c7b072e92070ea75a25cf0097e?s=96&d=mm&r=g","caption":"Redacci\u00f3n"},"url":"https:\/\/radiolitoral.com\/ca\/author\/kevin-carrio\/"}]}},"_links":{"self":[{"href":"https:\/\/radiolitoral.com\/ca\/wp-json\/wp\/v2\/posts\/17766","targetHints":{"allow":["GET"]}}],"collection":[{"href":"https:\/\/radiolitoral.com\/ca\/wp-json\/wp\/v2\/posts"}],"about":[{"href":"https:\/\/radiolitoral.com\/ca\/wp-json\/wp\/v2\/types\/post"}],"author":[{"embeddable":true,"href":"https:\/\/radiolitoral.com\/ca\/wp-json\/wp\/v2\/users\/14"}],"replies":[{"embeddable":true,"href":"https:\/\/radiolitoral.com\/ca\/wp-json\/wp\/v2\/comments?post=17766"}],"version-history":[{"count":2,"href":"https:\/\/radiolitoral.com\/ca\/wp-json\/wp\/v2\/posts\/17766\/revisions"}],"predecessor-version":[{"id":17769,"href":"https:\/\/radiolitoral.com\/ca\/wp-json\/wp\/v2\/posts\/17766\/revisions\/17769"}],"wp:featuredmedia":[{"embeddable":true,"href":"https:\/\/radiolitoral.com\/ca\/wp-json\/wp\/v2\/media\/17768"}],"wp:attachment":[{"href":"https:\/\/radiolitoral.com\/ca\/wp-json\/wp\/v2\/media?parent=17766"}],"wp:term":[{"taxonomy":"category","embeddable":true,"href":"https:\/\/radiolitoral.com\/ca\/wp-json\/wp\/v2\/categories?post=17766"},{"taxonomy":"post_tag","embeddable":true,"href":"https:\/\/radiolitoral.com\/ca\/wp-json\/wp\/v2\/tags?post=17766"}],"curies":[{"name":"wp","href":"https:\/\/api.w.org\/{rel}","templated":true}]}}