{"id":17730,"date":"2025-07-18T14:27:44","date_gmt":"2025-07-18T12:27:44","guid":{"rendered":"https:\/\/radiolitoral.com\/?p=17730"},"modified":"2025-07-18T14:27:44","modified_gmt":"2025-07-18T12:27:44","slug":"arrenca-la-inscripcio-per-a-lescola-destiu-dagost-a-teulada","status":"publish","type":"post","link":"https:\/\/radiolitoral.com\/ca\/2025\/07\/arranca-la-inscripcion-para-la-escuela-de-verano-de-agosto-en-teulada\/","title":{"rendered":"Arranca la inscripci\u00f3 per a l&#039;Escola d&#039;Estiu d&#039;agost a Teulada"},"content":{"rendered":"<p data-start=\"124\" data-end=\"423\"><strong>L&#039;Ajuntament de Teulada<\/strong> obre el per\u00edode d&#039;inscripci\u00f3 per a l&#039;Escola d&#039;Estiu d&#039;agost 2025, que es desenvolupar\u00e0 de dilluns a divendres en horari de 08.30 a 15.30 hores. L&#039;activitat tindr\u00e0 lloc a dos centres educatius, <strong>el CEIP Sant Vicent Ferrer de Teulada<\/strong> i el <strong>CEIP Cap d&#039;Or de Moraira.<\/strong><\/p>\n<p data-start=\"425\" data-end=\"761\">El termini per inscriure&#039;s estar\u00e0 disponible des del<strong> dilluns 21 de juliol fins divendres 25 de juliol, a les 14:00 h.<\/strong> Les inscripcions podran realitzar-se de manera presencial tant a <strong>el Servei d&#039;Informaci\u00f3 i Tramitaci\u00f3 (SIT) de l&#039;Ajuntament de Teulada<\/strong> com al del <strong>Espai La Senieta de Moraira,<\/strong> en tots dos casos de 9:00 a 14:00 h. Tamb\u00e9 s&#039;oferir\u00e0 la possibilitat de completar el proc\u00e9s per via telem\u00e0tica,<strong> a trav\u00e9s de la Seu Electr\u00f2nica municipal.<\/strong> \u00c9s important tenir en compte que es donar\u00e0 prioritat als menors empadronats a Teulada, mentre que aquells que no estiguin registrats al municipi nom\u00e9s hi podran accedir si queden places lliures una vegada tancat el per\u00edode d&#039;inscripci\u00f3.<\/p>\n<p data-start=\"127\" data-end=\"434\"><strong data-start=\"127\" data-end=\"226\">La tarifa p\u00fablica \u00e9s de 70 euros per nen o nena <\/strong>per al mes complet (sense incloure el menjador)<strong data-start=\"127\" data-end=\"226\">.<\/strong> No obstant aix\u00f2, les fam\u00edlies que ho desitgin podran contractar el <strong>servei de menjador abonant un suplement addicional<\/strong>. Tamb\u00e9 es contempla l&#039;opci\u00f3 que cada menor porti la seva pr\u00f2pia <strong>menjar preparat des de casa. <\/strong>Per a qualsevol dubte o informaci\u00f3 addicional, podeu contactar amb l&#039;\u00e0rea de Joventut a trav\u00e9s del correu electr\u00f2nic juventud@teuladamoraira.org o trucant al n\u00famero de tel\u00e8fon 608 24 33 26.<\/p>\n<p data-start=\"640\" data-end=\"989\">La regidora dEducaci\u00f3, <strong data-start=\"667\" data-end=\"686\">Rosana Caselles<\/strong>, ha subratllat que &quot;l\u00b4Escola d\u00b4Estiu continua durant el mes d\u00b4agost com una ferma aposta per oferir a la inf\u00e0ncia del municipi un estiu ple d\u00b4activitats divertides i educatives, alhora que facilitem a les fam\u00edlies la conciliaci\u00f3 entre el treball i la cura dels seus fills i filles&quot;.<\/p>\n<p data-start=\"640\" data-end=\"989\"><img loading=\"lazy\" decoding=\"async\" class=\"alignnone wp-image-17733 size-full\" src=\"https:\/\/media.radiolitoral.com\/wp-content\/uploads\/2025\/07\/18142158\/NOTA-DE-PRENSA-El-Ayuntamiento-de-Teulada-abre-inscripciones-para-la-Escuela-de-Verano-de-agosto.png\" alt=\"\" width=\"1080\" height=\"1350\" srcset=\"https:\/\/media.radiolitoral.com\/wp-content\/uploads\/2025\/07\/18142158\/NOTA-DE-PRENSA-El-Ayuntamiento-de-Teulada-abre-inscripciones-para-la-Escuela-de-Verano-de-agosto.png 1080w, https:\/\/media.radiolitoral.com\/wp-content\/uploads\/2025\/07\/18142158\/NOTA-DE-PRENSA-El-Ayuntamiento-de-Teulada-abre-inscripciones-para-la-Escuela-de-Verano-de-agosto-240x300.png 240w, https:\/\/media.radiolitoral.com\/wp-content\/uploads\/2025\/07\/18142158\/NOTA-DE-PRENSA-El-Ayuntamiento-de-Teulada-abre-inscripciones-para-la-Escuela-de-Verano-de-agosto-819x1024.png 819w, https:\/\/media.radiolitoral.com\/wp-content\/uploads\/2025\/07\/18142158\/NOTA-DE-PRENSA-El-Ayuntamiento-de-Teulada-abre-inscripciones-para-la-Escuela-de-Verano-de-agosto-768x960.png 768w, https:\/\/media.radiolitoral.com\/wp-content\/uploads\/2025\/07\/18142158\/NOTA-DE-PRENSA-El-Ayuntamiento-de-Teulada-abre-inscripciones-para-la-Escuela-de-Verano-de-agosto-10x12.png 10w, https:\/\/media.radiolitoral.com\/wp-content\/uploads\/2025\/07\/18142158\/NOTA-DE-PRENSA-El-Ayuntamiento-de-Teulada-abre-inscripciones-para-la-Escuela-de-Verano-de-agosto-800x1000.png 800w, https:\/\/media.radiolitoral.com\/wp-content\/uploads\/2025\/07\/18142158\/NOTA-DE-PRENSA-El-Ayuntamiento-de-Teulada-abre-inscripciones-para-la-Escuela-de-Verano-de-agosto-80x100.png 80w, https:\/\/media.radiolitoral.com\/wp-content\/uploads\/2025\/07\/18142158\/NOTA-DE-PRENSA-El-Ayuntamiento-de-Teulada-abre-inscripciones-para-la-Escuela-de-Verano-de-agosto-160x200.png 160w\" sizes=\"auto, (max-width: 1080px) 100vw, 1080px\" \/><\/p>","protected":false},"excerpt":{"rendered":"<p>El Ayuntamiento de Teulada abre el periodo de inscripci\u00f3n para la Escuela de Verano de agosto 2025, que se desarrollar\u00e1 de lunes a viernes en horario de 08:30 a 15:30 horas. La actividad tendr\u00e1 lugar en dos centros educativos, el CEIP Sant Vicent Ferrer de Teulada y el CEIP Cap d\u2019Or de Moraira. El plazo [&#8230;]<\/p>\n<p><a class=\"btn btn-secondary understrap-read-more-link\" href=\"https:\/\/radiolitoral.com\/ca\/2025\/07\/arranca-la-inscripcion-para-la-escuela-de-verano-de-agosto-en-teulada\/\">Continua llegint&#8230;<span class=\"screen-reader-text\"> from Arranca la inscripci\u00f3n para la Escuela de Verano de agosto en Teulada<\/span><\/a><\/p>\n","protected":false},"author":13,"featured_media":3427,"comment_status":"open","ping_status":"closed","sticky":false,"template":"","format":"standard","meta":{"_acf_changed":false,"inline_featured_image":false,"footnotes":""},"categories":[46],"tags":[4699,684,146],"class_list":["post-17730","post","type-post","status-publish","format-standard","has-post-thumbnail","hentry","category-sociedad","tag-4699","tag-escuela-de-verano","tag-teulada","cobertura-teulada-moraira"],"acf":[],"yoast_head":"<!-- This site is optimized with the Yoast SEO plugin v27.5 - https:\/\/yoast.com\/product\/yoast-seo-wordpress\/ -->\n<title>Arranca la inscripci\u00f3n para la Escuela de Verano de agosto en Teulada | R\u00e0dio Litoral<\/title>\n<meta name=\"description\" content=\"Las matr\u00edculas estar\u00e1n disponibles del 21 al 25 de julio por un coste de 70 euros por ni\u00f1o o ni\u00f1a\" \/>\n<meta name=\"robots\" content=\"index, follow, max-snippet:-1, max-image-preview:large, max-video-preview:-1\" \/>\n<link rel=\"canonical\" href=\"https:\/\/radiolitoral.com\/ca\/2025\/07\/arrenca-la-inscripcio-per-a-lescola-destiu-dagost-a-teulada\/\" \/>\n<meta property=\"og:locale\" content=\"ca_ES\" \/>\n<meta property=\"og:type\" content=\"article\" \/>\n<meta property=\"og:title\" content=\"Arranca la inscripci\u00f3n para la Escuela de Verano de agosto en Teulada | R\u00e0dio Litoral\" \/>\n<meta property=\"og:description\" content=\"Las matr\u00edculas estar\u00e1n disponibles del 21 al 25 de julio por un coste de 70 euros por ni\u00f1o o ni\u00f1a\" \/>\n<meta property=\"og:url\" content=\"https:\/\/radiolitoral.com\/ca\/2025\/07\/arrenca-la-inscripcio-per-a-lescola-destiu-dagost-a-teulada\/\" \/>\n<meta property=\"og:site_name\" content=\"R\u00e0dio Litoral\" \/>\n<meta property=\"article:publisher\" content=\"https:\/\/www.facebook.com\/Laradiolitoral\/\" \/>\n<meta property=\"article:published_time\" content=\"2025-07-18T12:27:44+00:00\" \/>\n<meta property=\"og:image\" content=\"https:\/\/media.radiolitoral.com\/wp-content\/uploads\/2023\/05\/25180850\/escuela.jpg\" \/>\n\t<meta property=\"og:image:width\" content=\"480\" \/>\n\t<meta property=\"og:image:height\" content=\"320\" \/>\n\t<meta property=\"og:image:type\" content=\"image\/jpeg\" \/>\n<meta name=\"author\" content=\"Redacci\u00f3n\" \/>\n<meta name=\"twitter:card\" content=\"summary_large_image\" \/>\n<meta name=\"twitter:label1\" content=\"Escrit per\" \/>\n\t<meta name=\"twitter:data1\" content=\"Redacci\u00f3n\" \/>\n\t<meta name=\"twitter:label2\" content=\"Temps estimat de lectura\" \/>\n\t<meta name=\"twitter:data2\" content=\"2 minuts\" \/>\n<script type=\"application\/ld+json\" class=\"yoast-schema-graph\">{\"@context\":\"https:\\\/\\\/schema.org\",\"@graph\":[{\"@type\":\"NewsArticle\",\"@id\":\"https:\\\/\\\/radiolitoral.com\\\/2025\\\/07\\\/arranca-la-inscripcion-para-la-escuela-de-verano-de-agosto-en-teulada\\\/#article\",\"isPartOf\":{\"@id\":\"https:\\\/\\\/radiolitoral.com\\\/2025\\\/07\\\/arranca-la-inscripcion-para-la-escuela-de-verano-de-agosto-en-teulada\\\/\"},\"author\":{\"name\":\"Redacci\u00f3n\",\"@id\":\"https:\\\/\\\/radiolitoral.com\\\/#\\\/schema\\\/person\\\/f2b2343c49b5d721857cc1002bfdb151\"},\"headline\":\"Arranca la inscripci\u00f3n para la Escuela de Verano de agosto en Teulada\",\"datePublished\":\"2025-07-18T12:27:44+00:00\",\"mainEntityOfPage\":{\"@id\":\"https:\\\/\\\/radiolitoral.com\\\/2025\\\/07\\\/arranca-la-inscripcion-para-la-escuela-de-verano-de-agosto-en-teulada\\\/\"},\"wordCount\":339,\"commentCount\":0,\"publisher\":{\"@id\":\"https:\\\/\\\/radiolitoral.com\\\/#organization\"},\"image\":{\"@id\":\"https:\\\/\\\/radiolitoral.com\\\/2025\\\/07\\\/arranca-la-inscripcion-para-la-escuela-de-verano-de-agosto-en-teulada\\\/#primaryimage\"},\"thumbnailUrl\":\"https:\\\/\\\/media.radiolitoral.com\\\/wp-content\\\/uploads\\\/2023\\\/05\\\/25180850\\\/escuela.jpg\",\"keywords\":[\"2025\",\"escuela de verano\",\"Teulada\"],\"articleSection\":[\"Sociedad\"],\"inLanguage\":\"ca\",\"potentialAction\":[{\"@type\":\"CommentAction\",\"name\":\"Comment\",\"target\":[\"https:\\\/\\\/radiolitoral.com\\\/2025\\\/07\\\/arranca-la-inscripcion-para-la-escuela-de-verano-de-agosto-en-teulada\\\/#respond\"]}]},{\"@type\":[\"WebPage\",\"ItemPage\"],\"@id\":\"https:\\\/\\\/radiolitoral.com\\\/2025\\\/07\\\/arranca-la-inscripcion-para-la-escuela-de-verano-de-agosto-en-teulada\\\/\",\"url\":\"https:\\\/\\\/radiolitoral.com\\\/2025\\\/07\\\/arranca-la-inscripcion-para-la-escuela-de-verano-de-agosto-en-teulada\\\/\",\"name\":\"Arranca la inscripci\u00f3n para la Escuela de Verano de agosto en Teulada | R\u00e0dio Litoral\",\"isPartOf\":{\"@id\":\"https:\\\/\\\/radiolitoral.com\\\/#website\"},\"primaryImageOfPage\":{\"@id\":\"https:\\\/\\\/radiolitoral.com\\\/2025\\\/07\\\/arranca-la-inscripcion-para-la-escuela-de-verano-de-agosto-en-teulada\\\/#primaryimage\"},\"image\":{\"@id\":\"https:\\\/\\\/radiolitoral.com\\\/2025\\\/07\\\/arranca-la-inscripcion-para-la-escuela-de-verano-de-agosto-en-teulada\\\/#primaryimage\"},\"thumbnailUrl\":\"https:\\\/\\\/media.radiolitoral.com\\\/wp-content\\\/uploads\\\/2023\\\/05\\\/25180850\\\/escuela.jpg\",\"datePublished\":\"2025-07-18T12:27:44+00:00\",\"description\":\"Las matr\u00edculas estar\u00e1n disponibles del 21 al 25 de julio por un coste de 70 euros por ni\u00f1o o ni\u00f1a\",\"breadcrumb\":{\"@id\":\"https:\\\/\\\/radiolitoral.com\\\/2025\\\/07\\\/arranca-la-inscripcion-para-la-escuela-de-verano-de-agosto-en-teulada\\\/#breadcrumb\"},\"inLanguage\":\"ca\",\"potentialAction\":[{\"@type\":\"ReadAction\",\"target\":[\"https:\\\/\\\/radiolitoral.com\\\/2025\\\/07\\\/arranca-la-inscripcion-para-la-escuela-de-verano-de-agosto-en-teulada\\\/\"]}]},{\"@type\":\"ImageObject\",\"inLanguage\":\"ca\",\"@id\":\"https:\\\/\\\/radiolitoral.com\\\/2025\\\/07\\\/arranca-la-inscripcion-para-la-escuela-de-verano-de-agosto-en-teulada\\\/#primaryimage\",\"url\":\"https:\\\/\\\/media.radiolitoral.com\\\/wp-content\\\/uploads\\\/2023\\\/05\\\/25180850\\\/escuela.jpg\",\"contentUrl\":\"https:\\\/\\\/media.radiolitoral.com\\\/wp-content\\\/uploads\\\/2023\\\/05\\\/25180850\\\/escuela.jpg\",\"width\":480,\"height\":320},{\"@type\":\"BreadcrumbList\",\"@id\":\"https:\\\/\\\/radiolitoral.com\\\/2025\\\/07\\\/arranca-la-inscripcion-para-la-escuela-de-verano-de-agosto-en-teulada\\\/#breadcrumb\",\"itemListElement\":[{\"@type\":\"ListItem\",\"position\":1,\"name\":\"Portada\",\"item\":\"https:\\\/\\\/radiolitoral.com\\\/\"},{\"@type\":\"ListItem\",\"position\":2,\"name\":\"Arranca la inscripci\u00f3n para la Escuela de Verano de agosto en Teulada\"}]},{\"@type\":\"WebSite\",\"@id\":\"https:\\\/\\\/radiolitoral.com\\\/#website\",\"url\":\"https:\\\/\\\/radiolitoral.com\\\/\",\"name\":\"Radio Litoral\",\"description\":\"La radio local de la Marina Alta\",\"publisher\":{\"@id\":\"https:\\\/\\\/radiolitoral.com\\\/#organization\"},\"alternateName\":\"Litoral FM\",\"potentialAction\":[{\"@type\":\"SearchAction\",\"target\":{\"@type\":\"EntryPoint\",\"urlTemplate\":\"https:\\\/\\\/radiolitoral.com\\\/?s={search_term_string}\"},\"query-input\":{\"@type\":\"PropertyValueSpecification\",\"valueRequired\":true,\"valueName\":\"search_term_string\"}}],\"inLanguage\":\"ca\"},{\"@type\":\"Organization\",\"@id\":\"https:\\\/\\\/radiolitoral.com\\\/#organization\",\"name\":\"Radio Litoral\",\"url\":\"https:\\\/\\\/radiolitoral.com\\\/\",\"logo\":{\"@type\":\"ImageObject\",\"inLanguage\":\"ca\",\"@id\":\"https:\\\/\\\/radiolitoral.com\\\/#\\\/schema\\\/logo\\\/image\\\/\",\"url\":\"https:\\\/\\\/media.radiolitoral.com\\\/wp-content\\\/uploads\\\/2023\\\/02\\\/24143238\\\/CL-V-RadioLitoral696.png\",\"contentUrl\":\"https:\\\/\\\/media.radiolitoral.com\\\/wp-content\\\/uploads\\\/2023\\\/02\\\/24143238\\\/CL-V-RadioLitoral696.png\",\"width\":696,\"height\":696,\"caption\":\"Radio Litoral\"},\"image\":{\"@id\":\"https:\\\/\\\/radiolitoral.com\\\/#\\\/schema\\\/logo\\\/image\\\/\"},\"sameAs\":[\"https:\\\/\\\/www.facebook.com\\\/Laradiolitoral\\\/\"]},{\"@type\":\"Person\",\"@id\":\"https:\\\/\\\/radiolitoral.com\\\/#\\\/schema\\\/person\\\/f2b2343c49b5d721857cc1002bfdb151\",\"name\":\"Redacci\u00f3n\",\"image\":{\"@type\":\"ImageObject\",\"inLanguage\":\"ca\",\"@id\":\"https:\\\/\\\/secure.gravatar.com\\\/avatar\\\/f771d896c203ad8b3382d7905cfcce5a5c9b008b84b3cd9114e9b9f4cb63f789?s=96&d=mm&r=g\",\"url\":\"https:\\\/\\\/secure.gravatar.com\\\/avatar\\\/f771d896c203ad8b3382d7905cfcce5a5c9b008b84b3cd9114e9b9f4cb63f789?s=96&d=mm&r=g\",\"contentUrl\":\"https:\\\/\\\/secure.gravatar.com\\\/avatar\\\/f771d896c203ad8b3382d7905cfcce5a5c9b008b84b3cd9114e9b9f4cb63f789?s=96&d=mm&r=g\",\"caption\":\"Redacci\u00f3n\"},\"url\":\"https:\\\/\\\/radiolitoral.com\\\/ca\\\/author\\\/miriam-pagan\\\/\"}]}<\/script>\n<!-- \/ Yoast SEO plugin. -->","yoast_head_json":{"title":"Comen\u00e7a la inscripci\u00f3 per a l&#039;Escola d&#039;Estiu d&#039;agost a Teulada | R\u00e0dio Litoral","description":"Les matr\u00edcules estaran disponibles del 21 al 25 de juliol per un cost de 70 euros per nen o nena","robots":{"index":"index","follow":"follow","max-snippet":"max-snippet:-1","max-image-preview":"max-image-preview:large","max-video-preview":"max-video-preview:-1"},"canonical":"https:\/\/radiolitoral.com\/ca\/2025\/07\/arrenca-la-inscripcio-per-a-lescola-destiu-dagost-a-teulada\/","og_locale":"ca_ES","og_type":"article","og_title":"Arranca la inscripci\u00f3n para la Escuela de Verano de agosto en Teulada | R\u00e0dio Litoral","og_description":"Las matr\u00edculas estar\u00e1n disponibles del 21 al 25 de julio por un coste de 70 euros por ni\u00f1o o ni\u00f1a","og_url":"https:\/\/radiolitoral.com\/ca\/2025\/07\/arrenca-la-inscripcio-per-a-lescola-destiu-dagost-a-teulada\/","og_site_name":"R\u00e0dio Litoral","article_publisher":"https:\/\/www.facebook.com\/Laradiolitoral\/","article_published_time":"2025-07-18T12:27:44+00:00","og_image":[{"width":480,"height":320,"url":"https:\/\/media.radiolitoral.com\/wp-content\/uploads\/2023\/05\/25180850\/escuela.jpg","type":"image\/jpeg"}],"author":"Redacci\u00f3n","twitter_card":"summary_large_image","twitter_misc":{"Escrit per":"Redacci\u00f3n","Temps estimat de lectura":"2 minuts"},"schema":{"@context":"https:\/\/schema.org","@graph":[{"@type":"NewsArticle","@id":"https:\/\/radiolitoral.com\/2025\/07\/arranca-la-inscripcion-para-la-escuela-de-verano-de-agosto-en-teulada\/#article","isPartOf":{"@id":"https:\/\/radiolitoral.com\/2025\/07\/arranca-la-inscripcion-para-la-escuela-de-verano-de-agosto-en-teulada\/"},"author":{"name":"Redacci\u00f3n","@id":"https:\/\/radiolitoral.com\/#\/schema\/person\/f2b2343c49b5d721857cc1002bfdb151"},"headline":"Arranca la inscripci\u00f3n para la Escuela de Verano de agosto en Teulada","datePublished":"2025-07-18T12:27:44+00:00","mainEntityOfPage":{"@id":"https:\/\/radiolitoral.com\/2025\/07\/arranca-la-inscripcion-para-la-escuela-de-verano-de-agosto-en-teulada\/"},"wordCount":339,"commentCount":0,"publisher":{"@id":"https:\/\/radiolitoral.com\/#organization"},"image":{"@id":"https:\/\/radiolitoral.com\/2025\/07\/arranca-la-inscripcion-para-la-escuela-de-verano-de-agosto-en-teulada\/#primaryimage"},"thumbnailUrl":"https:\/\/media.radiolitoral.com\/wp-content\/uploads\/2023\/05\/25180850\/escuela.jpg","keywords":["2025","escuela de verano","Teulada"],"articleSection":["Sociedad"],"inLanguage":"ca","potentialAction":[{"@type":"CommentAction","name":"Comment","target":["https:\/\/radiolitoral.com\/2025\/07\/arranca-la-inscripcion-para-la-escuela-de-verano-de-agosto-en-teulada\/#respond"]}]},{"@type":["WebPage","ItemPage"],"@id":"https:\/\/radiolitoral.com\/2025\/07\/arranca-la-inscripcion-para-la-escuela-de-verano-de-agosto-en-teulada\/","url":"https:\/\/radiolitoral.com\/2025\/07\/arranca-la-inscripcion-para-la-escuela-de-verano-de-agosto-en-teulada\/","name":"Comen\u00e7a la inscripci\u00f3 per a l&#039;Escola d&#039;Estiu d&#039;agost a Teulada | R\u00e0dio Litoral","isPartOf":{"@id":"https:\/\/radiolitoral.com\/#website"},"primaryImageOfPage":{"@id":"https:\/\/radiolitoral.com\/2025\/07\/arranca-la-inscripcion-para-la-escuela-de-verano-de-agosto-en-teulada\/#primaryimage"},"image":{"@id":"https:\/\/radiolitoral.com\/2025\/07\/arranca-la-inscripcion-para-la-escuela-de-verano-de-agosto-en-teulada\/#primaryimage"},"thumbnailUrl":"https:\/\/media.radiolitoral.com\/wp-content\/uploads\/2023\/05\/25180850\/escuela.jpg","datePublished":"2025-07-18T12:27:44+00:00","description":"Les matr\u00edcules estaran disponibles del 21 al 25 de juliol per un cost de 70 euros per nen o nena","breadcrumb":{"@id":"https:\/\/radiolitoral.com\/2025\/07\/arranca-la-inscripcion-para-la-escuela-de-verano-de-agosto-en-teulada\/#breadcrumb"},"inLanguage":"ca","potentialAction":[{"@type":"ReadAction","target":["https:\/\/radiolitoral.com\/2025\/07\/arranca-la-inscripcion-para-la-escuela-de-verano-de-agosto-en-teulada\/"]}]},{"@type":"ImageObject","inLanguage":"ca","@id":"https:\/\/radiolitoral.com\/2025\/07\/arranca-la-inscripcion-para-la-escuela-de-verano-de-agosto-en-teulada\/#primaryimage","url":"https:\/\/media.radiolitoral.com\/wp-content\/uploads\/2023\/05\/25180850\/escuela.jpg","contentUrl":"https:\/\/media.radiolitoral.com\/wp-content\/uploads\/2023\/05\/25180850\/escuela.jpg","width":480,"height":320},{"@type":"BreadcrumbList","@id":"https:\/\/radiolitoral.com\/2025\/07\/arranca-la-inscripcion-para-la-escuela-de-verano-de-agosto-en-teulada\/#breadcrumb","itemListElement":[{"@type":"ListItem","position":1,"name":"Portada","item":"https:\/\/radiolitoral.com\/"},{"@type":"ListItem","position":2,"name":"Arranca la inscripci\u00f3n para la Escuela de Verano de agosto en Teulada"}]},{"@type":"WebSite","@id":"https:\/\/radiolitoral.com\/#website","url":"https:\/\/radiolitoral.com\/","name":"R\u00e0dio Litoral","description":"La r\u00e0dio local de la Marina Alta","publisher":{"@id":"https:\/\/radiolitoral.com\/#organization"},"alternateName":"Litoral FM","potentialAction":[{"@type":"SearchAction","target":{"@type":"EntryPoint","urlTemplate":"https:\/\/radiolitoral.com\/?s={search_term_string}"},"query-input":{"@type":"PropertyValueSpecification","valueRequired":true,"valueName":"search_term_string"}}],"inLanguage":"ca"},{"@type":"Organization","@id":"https:\/\/radiolitoral.com\/#organization","name":"R\u00e0dio Litoral","url":"https:\/\/radiolitoral.com\/","logo":{"@type":"ImageObject","inLanguage":"ca","@id":"https:\/\/radiolitoral.com\/#\/schema\/logo\/image\/","url":"https:\/\/media.radiolitoral.com\/wp-content\/uploads\/2023\/02\/24143238\/CL-V-RadioLitoral696.png","contentUrl":"https:\/\/media.radiolitoral.com\/wp-content\/uploads\/2023\/02\/24143238\/CL-V-RadioLitoral696.png","width":696,"height":696,"caption":"Radio Litoral"},"image":{"@id":"https:\/\/radiolitoral.com\/#\/schema\/logo\/image\/"},"sameAs":["https:\/\/www.facebook.com\/Laradiolitoral\/"]},{"@type":"Person","@id":"https:\/\/radiolitoral.com\/#\/schema\/person\/f2b2343c49b5d721857cc1002bfdb151","name":"Redacci\u00f3","image":{"@type":"ImageObject","inLanguage":"ca","@id":"https:\/\/secure.gravatar.com\/avatar\/f771d896c203ad8b3382d7905cfcce5a5c9b008b84b3cd9114e9b9f4cb63f789?s=96&d=mm&r=g","url":"https:\/\/secure.gravatar.com\/avatar\/f771d896c203ad8b3382d7905cfcce5a5c9b008b84b3cd9114e9b9f4cb63f789?s=96&d=mm&r=g","contentUrl":"https:\/\/secure.gravatar.com\/avatar\/f771d896c203ad8b3382d7905cfcce5a5c9b008b84b3cd9114e9b9f4cb63f789?s=96&d=mm&r=g","caption":"Redacci\u00f3n"},"url":"https:\/\/radiolitoral.com\/ca\/author\/miriam-pagan\/"}]}},"_links":{"self":[{"href":"https:\/\/radiolitoral.com\/ca\/wp-json\/wp\/v2\/posts\/17730","targetHints":{"allow":["GET"]}}],"collection":[{"href":"https:\/\/radiolitoral.com\/ca\/wp-json\/wp\/v2\/posts"}],"about":[{"href":"https:\/\/radiolitoral.com\/ca\/wp-json\/wp\/v2\/types\/post"}],"author":[{"embeddable":true,"href":"https:\/\/radiolitoral.com\/ca\/wp-json\/wp\/v2\/users\/13"}],"replies":[{"embeddable":true,"href":"https:\/\/radiolitoral.com\/ca\/wp-json\/wp\/v2\/comments?post=17730"}],"version-history":[{"count":2,"href":"https:\/\/radiolitoral.com\/ca\/wp-json\/wp\/v2\/posts\/17730\/revisions"}],"predecessor-version":[{"id":17734,"href":"https:\/\/radiolitoral.com\/ca\/wp-json\/wp\/v2\/posts\/17730\/revisions\/17734"}],"wp:featuredmedia":[{"embeddable":true,"href":"https:\/\/radiolitoral.com\/ca\/wp-json\/wp\/v2\/media\/3427"}],"wp:attachment":[{"href":"https:\/\/radiolitoral.com\/ca\/wp-json\/wp\/v2\/media?parent=17730"}],"wp:term":[{"taxonomy":"category","embeddable":true,"href":"https:\/\/radiolitoral.com\/ca\/wp-json\/wp\/v2\/categories?post=17730"},{"taxonomy":"post_tag","embeddable":true,"href":"https:\/\/radiolitoral.com\/ca\/wp-json\/wp\/v2\/tags?post=17730"}],"curies":[{"name":"wp","href":"https:\/\/api.w.org\/{rel}","templated":true}]}}