{"id":1769,"date":"2023-03-29T15:44:09","date_gmt":"2023-03-29T13:44:09","guid":{"rendered":"https:\/\/radiolitoral.com\/?p=1769"},"modified":"2023-03-29T15:44:29","modified_gmt":"2023-03-29T13:44:29","slug":"diputacion-injecta-9-milions-per-rehabilitar-el-patrimoni-historic","status":"publish","type":"post","link":"https:\/\/radiolitoral.com\/ca\/2023\/03\/diputacion-inyecta-9-millones-para-rehabilitar-el-patrimonio-historico\/","title":{"rendered":"Diputaci\u00f3 injecta 9 milions per rehabilitar el patrimoni hist\u00f2ric"},"content":{"rendered":"<p><strong>Diputaci\u00f3 injecta nou milions d&#039;euros per rehabilitar el patrimoni hist\u00f2ric de 30 municipis de la prov\u00edncia<\/strong>, entre ells alguns de la comarca, on s&#039;ha previst una inversi\u00f3 que suma 1&#039;6 milions d&#039;euros.<\/p>\n<p>D&#039;aquest muntant total, el projecte per recuperar la <strong>Casa-Torre del Tros de les Calcides, de Benissa<\/strong>, rebr\u00e0 448.669 euros. Mentre que el <strong>Castellet d&#039;Orba<\/strong> comptar\u00e0 amb una subvenci\u00f3 de 70.264 euros, la <strong>&#039;Casa Gabriel Mir\u00f3&#039; de Parcent<\/strong> percebr\u00e0 500.000 euros, el <strong>Castell de l&#039;Ocaive de Pedreguer<\/strong> 150.373 euros, el projecte del <strong>Cap d&#039;Or de Teulada<\/strong> aconsegueix 374.210 euros i el <strong>Mol\u00ed Giner de Xal\u00f3<\/strong> rep 125.271 euros.<\/p>\n<p>Aquesta \u00e9s la segona convocat\u00f2ria del Pla Provincial per a la rehabilitaci\u00f3 i la posada en valor del patrimoni hist\u00f2ric i titularitat municipal, llan\u00e7ada per la Diputaci\u00f3 d&#039;Alacant.<\/p>\n<p>El <strong>president de la instituci\u00f3, Carlos Maz\u00f3n<\/strong>, ha explicat que aquesta convocat\u00f2ria de <strong>ajudes d\u00f3na suport a<\/strong> <strong>projectes<\/strong> de reforma, restauraci\u00f3, rehabilitaci\u00f3 o gran reparaci\u00f3 dels edificis, construccions i restes arquitect\u00f2niques de titularitat municipal que <strong>tenen la consideraci\u00f3 de B\u00e9 d&#039;Inter\u00e8s Cultural<\/strong> (BIC), B\u00e9 de Rellev\u00e0ncia Local (BRL) o s\u00f3n de reconegut inter\u00e8s hist\u00f2ric.<\/p>\n<p>&nbsp;<\/p>\n<audio class=\"wp-audio-shortcode\" id=\"audio-1769-1\" preload=\"none\" style=\"width: 100%;\" controls=\"controls\"><source type=\"audio\/mpeg\" src=\"https:\/\/media.radiolitoral.com\/wp-content\/uploads\/2023\/03\/29151949\/Carlos-Mazon.mp3?_=1\" \/><a href=\"https:\/\/media.radiolitoral.com\/wp-content\/uploads\/2023\/03\/29151949\/Carlos-Mazon.mp3\">https:\/\/media.radiolitoral.com\/wp-content\/uploads\/2023\/03\/29151949\/Carlos-Mazon.mp3<\/a><\/audio>\n<p>Maz\u00f3n remarca que aquesta l\u00ednia d&#039;ajuts \u00e9s una mostra de suport de la instituci\u00f3 provincial per salvaguardar les nostres dades d&#039;identitat i d&#039;hist\u00f2ria.<\/p>\n<p><strong>\u00a0<\/strong><\/p>","protected":false},"excerpt":{"rendered":"<p>Diputaci\u00f3n inyecta nueve millones de euros para rehabilitar el patrimonio hist\u00f3rico de 30 municipios de la provincia, entre ellos algunos de la comarca, donde se ha previsto una inversi\u00f3n que suma 1\u20196 millones de euros. De este montante total, el proyecto para recuperar la Casa-Torre del Tros de les Calcides, de Benissa, recibir\u00e1 448.669 euros. [&#8230;]<\/p>\n<p><a class=\"btn btn-secondary understrap-read-more-link\" href=\"https:\/\/radiolitoral.com\/ca\/2023\/03\/diputacion-inyecta-9-millones-para-rehabilitar-el-patrimonio-historico\/\">Continua llegint&#8230;<span class=\"screen-reader-text\"> from Diputaci\u00f3n inyecta 9 millones para rehabilitar el patrimonio hist\u00f3rico<\/span><\/a><\/p>\n","protected":false},"author":13,"featured_media":1775,"comment_status":"open","ping_status":"closed","sticky":false,"template":"","format":"standard","meta":{"_acf_changed":false,"inline_featured_image":false,"footnotes":""},"categories":[100],"tags":[318,126,369,372,373,370,371,146,133],"class_list":["post-1769","post","type-post","status-publish","format-standard","has-post-thumbnail","hentry","category-obras","tag-agenda-teulada","tag-benissa","tag-bic","tag-orba","tag-parcent","tag-patrimonio-historico","tag-patrimonio-historico-marina-alta","tag-teulada","tag-xalo"],"acf":[],"yoast_head":"<!-- This site is optimized with the Yoast SEO plugin v27.5 - https:\/\/yoast.com\/product\/yoast-seo-wordpress\/ -->\n<title>Diputaci\u00f3n inyecta 9 millones para rehabilitar el patrimonio hist\u00f3rico | R\u00e0dio Litoral<\/title>\n<meta name=\"description\" content=\"Ayudas para Casa-Torre Tros de les Calcides de Benissa, Castellet de Orba, Casa Gabriel Mir\u00f3 de Parcent o Castell de l\u2019Ocaive de Pedreguer\" \/>\n<meta name=\"robots\" content=\"index, follow, max-snippet:-1, max-image-preview:large, max-video-preview:-1\" \/>\n<link rel=\"canonical\" href=\"https:\/\/radiolitoral.com\/ca\/2023\/03\/diputacion-injecta-9-milions-per-rehabilitar-el-patrimoni-historic\/\" \/>\n<meta property=\"og:locale\" content=\"ca_ES\" \/>\n<meta property=\"og:type\" content=\"article\" \/>\n<meta property=\"og:title\" content=\"Diputaci\u00f3n inyecta 9 millones para rehabilitar el patrimonio hist\u00f3rico | R\u00e0dio Litoral\" \/>\n<meta property=\"og:description\" content=\"Ayudas para Casa-Torre Tros de les Calcides de Benissa, Castellet de Orba, Casa Gabriel Mir\u00f3 de Parcent o Castell de l\u2019Ocaive de Pedreguer\" \/>\n<meta property=\"og:url\" content=\"https:\/\/radiolitoral.com\/ca\/2023\/03\/diputacion-injecta-9-milions-per-rehabilitar-el-patrimoni-historic\/\" \/>\n<meta property=\"og:site_name\" content=\"R\u00e0dio Litoral\" \/>\n<meta property=\"article:publisher\" content=\"https:\/\/www.facebook.com\/Laradiolitoral\/\" \/>\n<meta property=\"article:published_time\" content=\"2023-03-29T13:44:09+00:00\" \/>\n<meta property=\"article:modified_time\" content=\"2023-03-29T13:44:29+00:00\" \/>\n<meta property=\"og:image\" content=\"https:\/\/media.radiolitoral.com\/wp-content\/uploads\/2023\/03\/29154220\/orba.jpg\" \/>\n\t<meta property=\"og:image:width\" content=\"700\" \/>\n\t<meta property=\"og:image:height\" content=\"525\" \/>\n\t<meta property=\"og:image:type\" content=\"image\/jpeg\" \/>\n<meta name=\"author\" content=\"Redacci\u00f3n\" \/>\n<meta name=\"twitter:card\" content=\"summary_large_image\" \/>\n<meta name=\"twitter:label1\" content=\"Escrit per\" \/>\n\t<meta name=\"twitter:data1\" content=\"Redacci\u00f3n\" \/>\n\t<meta name=\"twitter:label2\" content=\"Temps estimat de lectura\" \/>\n\t<meta name=\"twitter:data2\" content=\"1 minut\" \/>\n<script type=\"application\/ld+json\" class=\"yoast-schema-graph\">{\"@context\":\"https:\\\/\\\/schema.org\",\"@graph\":[{\"@type\":\"NewsArticle\",\"@id\":\"https:\\\/\\\/radiolitoral.com\\\/2023\\\/03\\\/diputacion-inyecta-9-millones-para-rehabilitar-el-patrimonio-historico\\\/#article\",\"isPartOf\":{\"@id\":\"https:\\\/\\\/radiolitoral.com\\\/2023\\\/03\\\/diputacion-inyecta-9-millones-para-rehabilitar-el-patrimonio-historico\\\/\"},\"author\":{\"name\":\"Redacci\u00f3n\",\"@id\":\"https:\\\/\\\/radiolitoral.com\\\/#\\\/schema\\\/person\\\/f2b2343c49b5d721857cc1002bfdb151\"},\"headline\":\"Diputaci\u00f3n inyecta 9 millones para rehabilitar el patrimonio hist\u00f3rico\",\"datePublished\":\"2023-03-29T13:44:09+00:00\",\"dateModified\":\"2023-03-29T13:44:29+00:00\",\"mainEntityOfPage\":{\"@id\":\"https:\\\/\\\/radiolitoral.com\\\/2023\\\/03\\\/diputacion-inyecta-9-millones-para-rehabilitar-el-patrimonio-historico\\\/\"},\"wordCount\":248,\"commentCount\":0,\"publisher\":{\"@id\":\"https:\\\/\\\/radiolitoral.com\\\/#organization\"},\"image\":{\"@id\":\"https:\\\/\\\/radiolitoral.com\\\/2023\\\/03\\\/diputacion-inyecta-9-millones-para-rehabilitar-el-patrimonio-historico\\\/#primaryimage\"},\"thumbnailUrl\":\"https:\\\/\\\/media.radiolitoral.com\\\/wp-content\\\/uploads\\\/2023\\\/03\\\/29154220\\\/orba.jpg\",\"keywords\":[\"agenda Teulada\",\"Benissa\",\"BIC\",\"Orba\",\"Parcent\",\"patrimonio hist\u00f3rico\",\"patrimonio hist\u00f3rico Marina Alta\",\"Teulada\",\"Xal\u00f3\"],\"articleSection\":[\"Obras\"],\"inLanguage\":\"ca\",\"potentialAction\":[{\"@type\":\"CommentAction\",\"name\":\"Comment\",\"target\":[\"https:\\\/\\\/radiolitoral.com\\\/2023\\\/03\\\/diputacion-inyecta-9-millones-para-rehabilitar-el-patrimonio-historico\\\/#respond\"]}]},{\"@type\":[\"WebPage\",\"ItemPage\"],\"@id\":\"https:\\\/\\\/radiolitoral.com\\\/2023\\\/03\\\/diputacion-inyecta-9-millones-para-rehabilitar-el-patrimonio-historico\\\/\",\"url\":\"https:\\\/\\\/radiolitoral.com\\\/2023\\\/03\\\/diputacion-inyecta-9-millones-para-rehabilitar-el-patrimonio-historico\\\/\",\"name\":\"Diputaci\u00f3n inyecta 9 millones para rehabilitar el patrimonio hist\u00f3rico | R\u00e0dio Litoral\",\"isPartOf\":{\"@id\":\"https:\\\/\\\/radiolitoral.com\\\/#website\"},\"primaryImageOfPage\":{\"@id\":\"https:\\\/\\\/radiolitoral.com\\\/2023\\\/03\\\/diputacion-inyecta-9-millones-para-rehabilitar-el-patrimonio-historico\\\/#primaryimage\"},\"image\":{\"@id\":\"https:\\\/\\\/radiolitoral.com\\\/2023\\\/03\\\/diputacion-inyecta-9-millones-para-rehabilitar-el-patrimonio-historico\\\/#primaryimage\"},\"thumbnailUrl\":\"https:\\\/\\\/media.radiolitoral.com\\\/wp-content\\\/uploads\\\/2023\\\/03\\\/29154220\\\/orba.jpg\",\"datePublished\":\"2023-03-29T13:44:09+00:00\",\"dateModified\":\"2023-03-29T13:44:29+00:00\",\"description\":\"Ayudas para Casa-Torre Tros de les Calcides de Benissa, Castellet de Orba, Casa Gabriel Mir\u00f3 de Parcent o Castell de l\u2019Ocaive de Pedreguer\",\"breadcrumb\":{\"@id\":\"https:\\\/\\\/radiolitoral.com\\\/2023\\\/03\\\/diputacion-inyecta-9-millones-para-rehabilitar-el-patrimonio-historico\\\/#breadcrumb\"},\"inLanguage\":\"ca\",\"potentialAction\":[{\"@type\":\"ReadAction\",\"target\":[\"https:\\\/\\\/radiolitoral.com\\\/2023\\\/03\\\/diputacion-inyecta-9-millones-para-rehabilitar-el-patrimonio-historico\\\/\"]}]},{\"@type\":\"ImageObject\",\"inLanguage\":\"ca\",\"@id\":\"https:\\\/\\\/radiolitoral.com\\\/2023\\\/03\\\/diputacion-inyecta-9-millones-para-rehabilitar-el-patrimonio-historico\\\/#primaryimage\",\"url\":\"https:\\\/\\\/media.radiolitoral.com\\\/wp-content\\\/uploads\\\/2023\\\/03\\\/29154220\\\/orba.jpg\",\"contentUrl\":\"https:\\\/\\\/media.radiolitoral.com\\\/wp-content\\\/uploads\\\/2023\\\/03\\\/29154220\\\/orba.jpg\",\"width\":700,\"height\":525},{\"@type\":\"BreadcrumbList\",\"@id\":\"https:\\\/\\\/radiolitoral.com\\\/2023\\\/03\\\/diputacion-inyecta-9-millones-para-rehabilitar-el-patrimonio-historico\\\/#breadcrumb\",\"itemListElement\":[{\"@type\":\"ListItem\",\"position\":1,\"name\":\"Portada\",\"item\":\"https:\\\/\\\/radiolitoral.com\\\/\"},{\"@type\":\"ListItem\",\"position\":2,\"name\":\"Diputaci\u00f3n inyecta 9 millones para rehabilitar el patrimonio hist\u00f3rico\"}]},{\"@type\":\"WebSite\",\"@id\":\"https:\\\/\\\/radiolitoral.com\\\/#website\",\"url\":\"https:\\\/\\\/radiolitoral.com\\\/\",\"name\":\"Radio Litoral\",\"description\":\"La radio local de la Marina Alta\",\"publisher\":{\"@id\":\"https:\\\/\\\/radiolitoral.com\\\/#organization\"},\"alternateName\":\"Litoral FM\",\"potentialAction\":[{\"@type\":\"SearchAction\",\"target\":{\"@type\":\"EntryPoint\",\"urlTemplate\":\"https:\\\/\\\/radiolitoral.com\\\/?s={search_term_string}\"},\"query-input\":{\"@type\":\"PropertyValueSpecification\",\"valueRequired\":true,\"valueName\":\"search_term_string\"}}],\"inLanguage\":\"ca\"},{\"@type\":\"Organization\",\"@id\":\"https:\\\/\\\/radiolitoral.com\\\/#organization\",\"name\":\"Radio Litoral\",\"url\":\"https:\\\/\\\/radiolitoral.com\\\/\",\"logo\":{\"@type\":\"ImageObject\",\"inLanguage\":\"ca\",\"@id\":\"https:\\\/\\\/radiolitoral.com\\\/#\\\/schema\\\/logo\\\/image\\\/\",\"url\":\"https:\\\/\\\/media.radiolitoral.com\\\/wp-content\\\/uploads\\\/2023\\\/02\\\/24143238\\\/CL-V-RadioLitoral696.png\",\"contentUrl\":\"https:\\\/\\\/media.radiolitoral.com\\\/wp-content\\\/uploads\\\/2023\\\/02\\\/24143238\\\/CL-V-RadioLitoral696.png\",\"width\":696,\"height\":696,\"caption\":\"Radio Litoral\"},\"image\":{\"@id\":\"https:\\\/\\\/radiolitoral.com\\\/#\\\/schema\\\/logo\\\/image\\\/\"},\"sameAs\":[\"https:\\\/\\\/www.facebook.com\\\/Laradiolitoral\\\/\"]},{\"@type\":\"Person\",\"@id\":\"https:\\\/\\\/radiolitoral.com\\\/#\\\/schema\\\/person\\\/f2b2343c49b5d721857cc1002bfdb151\",\"name\":\"Redacci\u00f3n\",\"image\":{\"@type\":\"ImageObject\",\"inLanguage\":\"ca\",\"@id\":\"https:\\\/\\\/secure.gravatar.com\\\/avatar\\\/f771d896c203ad8b3382d7905cfcce5a5c9b008b84b3cd9114e9b9f4cb63f789?s=96&d=mm&r=g\",\"url\":\"https:\\\/\\\/secure.gravatar.com\\\/avatar\\\/f771d896c203ad8b3382d7905cfcce5a5c9b008b84b3cd9114e9b9f4cb63f789?s=96&d=mm&r=g\",\"contentUrl\":\"https:\\\/\\\/secure.gravatar.com\\\/avatar\\\/f771d896c203ad8b3382d7905cfcce5a5c9b008b84b3cd9114e9b9f4cb63f789?s=96&d=mm&r=g\",\"caption\":\"Redacci\u00f3n\"},\"url\":\"https:\\\/\\\/radiolitoral.com\\\/ca\\\/author\\\/miriam-pagan\\\/\"}]}<\/script>\n<!-- \/ Yoast SEO plugin. -->","yoast_head_json":{"title":"Diputaci\u00f3 injecta 9 milions per rehabilitar el patrimoni hist\u00f2ric | R\u00e0dio Litoral","description":"Ajuts per a Casa-Torre Tros de Calcides de Benissa, Castellet d&#039;Orba, Casa Gabriel Mir\u00f3 de Parcent o Castell de l&#039;Ocaive de Pedreguer","robots":{"index":"index","follow":"follow","max-snippet":"max-snippet:-1","max-image-preview":"max-image-preview:large","max-video-preview":"max-video-preview:-1"},"canonical":"https:\/\/radiolitoral.com\/ca\/2023\/03\/diputacion-injecta-9-milions-per-rehabilitar-el-patrimoni-historic\/","og_locale":"ca_ES","og_type":"article","og_title":"Diputaci\u00f3n inyecta 9 millones para rehabilitar el patrimonio hist\u00f3rico | R\u00e0dio Litoral","og_description":"Ayudas para Casa-Torre Tros de les Calcides de Benissa, Castellet de Orba, Casa Gabriel Mir\u00f3 de Parcent o Castell de l\u2019Ocaive de Pedreguer","og_url":"https:\/\/radiolitoral.com\/ca\/2023\/03\/diputacion-injecta-9-milions-per-rehabilitar-el-patrimoni-historic\/","og_site_name":"R\u00e0dio Litoral","article_publisher":"https:\/\/www.facebook.com\/Laradiolitoral\/","article_published_time":"2023-03-29T13:44:09+00:00","article_modified_time":"2023-03-29T13:44:29+00:00","og_image":[{"width":700,"height":525,"url":"https:\/\/media.radiolitoral.com\/wp-content\/uploads\/2023\/03\/29154220\/orba.jpg","type":"image\/jpeg"}],"author":"Redacci\u00f3n","twitter_card":"summary_large_image","twitter_misc":{"Escrit per":"Redacci\u00f3n","Temps estimat de lectura":"1 minut"},"schema":{"@context":"https:\/\/schema.org","@graph":[{"@type":"NewsArticle","@id":"https:\/\/radiolitoral.com\/2023\/03\/diputacion-inyecta-9-millones-para-rehabilitar-el-patrimonio-historico\/#article","isPartOf":{"@id":"https:\/\/radiolitoral.com\/2023\/03\/diputacion-inyecta-9-millones-para-rehabilitar-el-patrimonio-historico\/"},"author":{"name":"Redacci\u00f3n","@id":"https:\/\/radiolitoral.com\/#\/schema\/person\/f2b2343c49b5d721857cc1002bfdb151"},"headline":"Diputaci\u00f3n inyecta 9 millones para rehabilitar el patrimonio hist\u00f3rico","datePublished":"2023-03-29T13:44:09+00:00","dateModified":"2023-03-29T13:44:29+00:00","mainEntityOfPage":{"@id":"https:\/\/radiolitoral.com\/2023\/03\/diputacion-inyecta-9-millones-para-rehabilitar-el-patrimonio-historico\/"},"wordCount":248,"commentCount":0,"publisher":{"@id":"https:\/\/radiolitoral.com\/#organization"},"image":{"@id":"https:\/\/radiolitoral.com\/2023\/03\/diputacion-inyecta-9-millones-para-rehabilitar-el-patrimonio-historico\/#primaryimage"},"thumbnailUrl":"https:\/\/media.radiolitoral.com\/wp-content\/uploads\/2023\/03\/29154220\/orba.jpg","keywords":["agenda Teulada","Benissa","BIC","Orba","Parcent","patrimonio hist\u00f3rico","patrimonio hist\u00f3rico Marina Alta","Teulada","Xal\u00f3"],"articleSection":["Obras"],"inLanguage":"ca","potentialAction":[{"@type":"CommentAction","name":"Comment","target":["https:\/\/radiolitoral.com\/2023\/03\/diputacion-inyecta-9-millones-para-rehabilitar-el-patrimonio-historico\/#respond"]}]},{"@type":["WebPage","ItemPage"],"@id":"https:\/\/radiolitoral.com\/2023\/03\/diputacion-inyecta-9-millones-para-rehabilitar-el-patrimonio-historico\/","url":"https:\/\/radiolitoral.com\/2023\/03\/diputacion-inyecta-9-millones-para-rehabilitar-el-patrimonio-historico\/","name":"Diputaci\u00f3 injecta 9 milions per rehabilitar el patrimoni hist\u00f2ric | R\u00e0dio Litoral","isPartOf":{"@id":"https:\/\/radiolitoral.com\/#website"},"primaryImageOfPage":{"@id":"https:\/\/radiolitoral.com\/2023\/03\/diputacion-inyecta-9-millones-para-rehabilitar-el-patrimonio-historico\/#primaryimage"},"image":{"@id":"https:\/\/radiolitoral.com\/2023\/03\/diputacion-inyecta-9-millones-para-rehabilitar-el-patrimonio-historico\/#primaryimage"},"thumbnailUrl":"https:\/\/media.radiolitoral.com\/wp-content\/uploads\/2023\/03\/29154220\/orba.jpg","datePublished":"2023-03-29T13:44:09+00:00","dateModified":"2023-03-29T13:44:29+00:00","description":"Ajuts per a Casa-Torre Tros de Calcides de Benissa, Castellet d&#039;Orba, Casa Gabriel Mir\u00f3 de Parcent o Castell de l&#039;Ocaive de Pedreguer","breadcrumb":{"@id":"https:\/\/radiolitoral.com\/2023\/03\/diputacion-inyecta-9-millones-para-rehabilitar-el-patrimonio-historico\/#breadcrumb"},"inLanguage":"ca","potentialAction":[{"@type":"ReadAction","target":["https:\/\/radiolitoral.com\/2023\/03\/diputacion-inyecta-9-millones-para-rehabilitar-el-patrimonio-historico\/"]}]},{"@type":"ImageObject","inLanguage":"ca","@id":"https:\/\/radiolitoral.com\/2023\/03\/diputacion-inyecta-9-millones-para-rehabilitar-el-patrimonio-historico\/#primaryimage","url":"https:\/\/media.radiolitoral.com\/wp-content\/uploads\/2023\/03\/29154220\/orba.jpg","contentUrl":"https:\/\/media.radiolitoral.com\/wp-content\/uploads\/2023\/03\/29154220\/orba.jpg","width":700,"height":525},{"@type":"BreadcrumbList","@id":"https:\/\/radiolitoral.com\/2023\/03\/diputacion-inyecta-9-millones-para-rehabilitar-el-patrimonio-historico\/#breadcrumb","itemListElement":[{"@type":"ListItem","position":1,"name":"Portada","item":"https:\/\/radiolitoral.com\/"},{"@type":"ListItem","position":2,"name":"Diputaci\u00f3n inyecta 9 millones para rehabilitar el patrimonio hist\u00f3rico"}]},{"@type":"WebSite","@id":"https:\/\/radiolitoral.com\/#website","url":"https:\/\/radiolitoral.com\/","name":"R\u00e0dio Litoral","description":"La r\u00e0dio local de la Marina Alta","publisher":{"@id":"https:\/\/radiolitoral.com\/#organization"},"alternateName":"Litoral FM","potentialAction":[{"@type":"SearchAction","target":{"@type":"EntryPoint","urlTemplate":"https:\/\/radiolitoral.com\/?s={search_term_string}"},"query-input":{"@type":"PropertyValueSpecification","valueRequired":true,"valueName":"search_term_string"}}],"inLanguage":"ca"},{"@type":"Organization","@id":"https:\/\/radiolitoral.com\/#organization","name":"R\u00e0dio Litoral","url":"https:\/\/radiolitoral.com\/","logo":{"@type":"ImageObject","inLanguage":"ca","@id":"https:\/\/radiolitoral.com\/#\/schema\/logo\/image\/","url":"https:\/\/media.radiolitoral.com\/wp-content\/uploads\/2023\/02\/24143238\/CL-V-RadioLitoral696.png","contentUrl":"https:\/\/media.radiolitoral.com\/wp-content\/uploads\/2023\/02\/24143238\/CL-V-RadioLitoral696.png","width":696,"height":696,"caption":"Radio Litoral"},"image":{"@id":"https:\/\/radiolitoral.com\/#\/schema\/logo\/image\/"},"sameAs":["https:\/\/www.facebook.com\/Laradiolitoral\/"]},{"@type":"Person","@id":"https:\/\/radiolitoral.com\/#\/schema\/person\/f2b2343c49b5d721857cc1002bfdb151","name":"Redacci\u00f3","image":{"@type":"ImageObject","inLanguage":"ca","@id":"https:\/\/secure.gravatar.com\/avatar\/f771d896c203ad8b3382d7905cfcce5a5c9b008b84b3cd9114e9b9f4cb63f789?s=96&d=mm&r=g","url":"https:\/\/secure.gravatar.com\/avatar\/f771d896c203ad8b3382d7905cfcce5a5c9b008b84b3cd9114e9b9f4cb63f789?s=96&d=mm&r=g","contentUrl":"https:\/\/secure.gravatar.com\/avatar\/f771d896c203ad8b3382d7905cfcce5a5c9b008b84b3cd9114e9b9f4cb63f789?s=96&d=mm&r=g","caption":"Redacci\u00f3n"},"url":"https:\/\/radiolitoral.com\/ca\/author\/miriam-pagan\/"}]}},"_links":{"self":[{"href":"https:\/\/radiolitoral.com\/ca\/wp-json\/wp\/v2\/posts\/1769","targetHints":{"allow":["GET"]}}],"collection":[{"href":"https:\/\/radiolitoral.com\/ca\/wp-json\/wp\/v2\/posts"}],"about":[{"href":"https:\/\/radiolitoral.com\/ca\/wp-json\/wp\/v2\/types\/post"}],"author":[{"embeddable":true,"href":"https:\/\/radiolitoral.com\/ca\/wp-json\/wp\/v2\/users\/13"}],"replies":[{"embeddable":true,"href":"https:\/\/radiolitoral.com\/ca\/wp-json\/wp\/v2\/comments?post=1769"}],"version-history":[{"count":1,"href":"https:\/\/radiolitoral.com\/ca\/wp-json\/wp\/v2\/posts\/1769\/revisions"}],"predecessor-version":[{"id":1776,"href":"https:\/\/radiolitoral.com\/ca\/wp-json\/wp\/v2\/posts\/1769\/revisions\/1776"}],"wp:featuredmedia":[{"embeddable":true,"href":"https:\/\/radiolitoral.com\/ca\/wp-json\/wp\/v2\/media\/1775"}],"wp:attachment":[{"href":"https:\/\/radiolitoral.com\/ca\/wp-json\/wp\/v2\/media?parent=1769"}],"wp:term":[{"taxonomy":"category","embeddable":true,"href":"https:\/\/radiolitoral.com\/ca\/wp-json\/wp\/v2\/categories?post=1769"},{"taxonomy":"post_tag","embeddable":true,"href":"https:\/\/radiolitoral.com\/ca\/wp-json\/wp\/v2\/tags?post=1769"}],"curies":[{"name":"wp","href":"https:\/\/api.w.org\/{rel}","templated":true}]}}