{"id":17673,"date":"2025-07-16T11:13:18","date_gmt":"2025-07-16T09:13:18","guid":{"rendered":"https:\/\/radiolitoral.com\/?p=17673"},"modified":"2025-07-16T11:13:18","modified_gmt":"2025-07-16T09:13:18","slug":"importants-exits-autonomics-i-provincials-per-al-cg-les-marines","status":"publish","type":"post","link":"https:\/\/radiolitoral.com\/ca\/2025\/07\/importantes-exitos-autonomicos-y-provinciales-para-el-cg-les-marines\/","title":{"rendered":"Importants \u00e8xits auton\u00f2mics i provincials per al CG Les Marines"},"content":{"rendered":"<p data-start=\"341\" data-end=\"890\">Les gimnastes del <strong data-start=\"359\" data-end=\"388\">Club Gimn\u00e0stica Les Marines<\/strong> de <strong data-start=\"392\" data-end=\"400\">Calp<\/strong> han viscut unes setmanes de molt \u00e8xit al <strong data-start=\"446\" data-end=\"494\">Trofeu Federaci\u00f3 de la Comunitat Valenciana<\/strong>, en disputar les seves fases provincials i auton\u00f2miques amb una actuaci\u00f3 destacada. En total, el club calp\u00ed va estar representat per set gimnastes a les fases provincials i per quatre a la fase auton\u00f2mica disputada a <strong data-start=\"730\" data-end=\"740\">Ll\u00edria<\/strong> a principis de juliol. Els resultats van ser excepcionals, aconseguint un t\u00edtol de campiones provincials i un altre de campiones auton\u00f2miques.<\/p>\n<p data-start=\"892\" data-end=\"1294\">El duet format per <strong data-start=\"915\" data-end=\"922\">Llegiu<\/strong> i <strong data-start=\"925\" data-end=\"935\">Ainhoa<\/strong> va ser el primer a posar-se en acci\u00f3, despla\u00e7ant-se a Alacant per disputar el seu primer provincial a nivell Federaci\u00f3. Les joves gimnastes van realitzar una magn\u00edfica competici\u00f3, quedant-se a menys de mig punt d&#039;aconseguir la classificaci\u00f3 per a la fase auton\u00f2mica, fet que demostra el seu gran nivell competitiu i la projecci\u00f3 que tenen al davant.<\/p>\n<figure id=\"attachment_17675\" aria-describedby=\"caption-attachment-17675\" style=\"width: 2271px\" class=\"wp-caption alignnone\"><img loading=\"lazy\" decoding=\"async\" class=\"wp-image-17675 size-full\" src=\"https:\/\/media.radiolitoral.com\/wp-content\/uploads\/2025\/07\/16111233\/POLINA-Y-EMMA.jpg\" alt=\"\" width=\"2271\" height=\"1335\" srcset=\"https:\/\/media.radiolitoral.com\/wp-content\/uploads\/2025\/07\/16111233\/POLINA-Y-EMMA.jpg 2271w, https:\/\/media.radiolitoral.com\/wp-content\/uploads\/2025\/07\/16111233\/POLINA-Y-EMMA-300x176.jpg 300w, https:\/\/media.radiolitoral.com\/wp-content\/uploads\/2025\/07\/16111233\/POLINA-Y-EMMA-1024x602.jpg 1024w, https:\/\/media.radiolitoral.com\/wp-content\/uploads\/2025\/07\/16111233\/POLINA-Y-EMMA-768x451.jpg 768w, https:\/\/media.radiolitoral.com\/wp-content\/uploads\/2025\/07\/16111233\/POLINA-Y-EMMA-1536x903.jpg 1536w, https:\/\/media.radiolitoral.com\/wp-content\/uploads\/2025\/07\/16111233\/POLINA-Y-EMMA-2048x1204.jpg 2048w, https:\/\/media.radiolitoral.com\/wp-content\/uploads\/2025\/07\/16111233\/POLINA-Y-EMMA-18x12.jpg 18w, https:\/\/media.radiolitoral.com\/wp-content\/uploads\/2025\/07\/16111233\/POLINA-Y-EMMA-1000x588.jpg 1000w, https:\/\/media.radiolitoral.com\/wp-content\/uploads\/2025\/07\/16111233\/POLINA-Y-EMMA-100x59.jpg 100w, https:\/\/media.radiolitoral.com\/wp-content\/uploads\/2025\/07\/16111233\/POLINA-Y-EMMA-200x118.jpg 200w\" sizes=\"auto, (max-width: 2271px) 100vw, 2271px\" \/><figcaption id=\"caption-attachment-17675\" class=\"wp-caption-text\">Polina i Emma | CG Les Marines<\/figcaption><\/figure>\n<h2 data-start=\"892\" data-end=\"1294\">Campiones Provincials<\/h2>\n<p data-start=\"1296\" data-end=\"1778\">Una setmana m\u00e9s tard, a <strong data-start=\"1321\" data-end=\"1336\">Sant Vicen\u00e7<\/strong>, va ser el torn de les gimnastes individuals: <strong data-start=\"1382\" data-end=\"1398\">Carla Ivorra<\/strong>, <strong data-start=\"1400\" data-end=\"1417\">Clara Soriano<\/strong>, <strong data-start=\"1419\" data-end=\"1437\">Polina Zhukova<\/strong>, <strong data-start=\"1439\" data-end=\"1453\">Emma Blaha<\/strong> i <strong data-start=\"1456\" data-end=\"1476\">Anjelina Mavrova<\/strong>. Cadascuna lluitava per una de les cobejades places per a l&#039;auton\u00f2mic, i totes van fer un gran esfor\u00e7, destacant especialment el t\u00edtol de <strong data-start=\"1632\" data-end=\"1658\">campiones provincials<\/strong> aconseguit per l&#039;equip de <strong data-start=\"1687\" data-end=\"1704\">Polina i Emma<\/strong>, els qui van demostrar una gran compenetraci\u00f3 i habilitat en el seu exercici.<\/p>\n<p data-start=\"1296\" data-end=\"1778\">A la <strong data-start=\"1786\" data-end=\"1805\">fase auton\u00f2mica<\/strong>, <strong data-start=\"1807\" data-end=\"1824\">Clara Soriano<\/strong> va aconseguir un meritori quart lloc a la categoria cadet mitj\u00e0, una actuaci\u00f3 destacada en un nivell molt competitiu. <strong data-start=\"1982\" data-end=\"2002\">Anjelina Mavrova<\/strong> va fer un exercici excel\u00b7lent que li va valer per ser desena en una categoria amb un alt\u00edssim nivell de compet\u00e8ncia. Per\u00f2 la gran joia de la jornada va tornar a arribar de la m\u00e0 de l&#039;equip infantil avan\u00e7at de <strong data-start=\"2217\" data-end=\"2227\">Polina<\/strong> i <strong data-start=\"2230\" data-end=\"2238\">Emma<\/strong>, els qui es van al\u00e7ar amb el t\u00edtol de campiones auton\u00f2miques despr\u00e9s d&#039;una competici\u00f3 impecable.<\/p>\n<div class=\"mceTemp\"><\/div>\n<p><script src=\"chrome-extension:\/\/flbolonkboilcbnohjlchlfgdalomdpl\/iFrame.js\" type=\"text\/javascript\"><\/script><\/p>","protected":false},"excerpt":{"rendered":"<p>Las gimnastas del Club Gimnasia Les Marines de Calp han vivido unas semanas de mucho \u00e9xito en el Trofeo Federaci\u00f3n de la Comunidad Valenciana, al disputar sus fases provinciales y auton\u00f3micas con una actuaci\u00f3n destacada. En total, el club calpino estuvo representado por siete gimnastas en las fases provinciales y por cuatro en la fase [&#8230;]<\/p>\n<p><a class=\"btn btn-secondary understrap-read-more-link\" href=\"https:\/\/radiolitoral.com\/ca\/2025\/07\/importantes-exitos-autonomicos-y-provinciales-para-el-cg-les-marines\/\">Continua llegint&#8230;<span class=\"screen-reader-text\"> from Importantes \u00e9xitos auton\u00f3micos y provinciales para el CG Les Marines<\/span><\/a><\/p>\n","protected":false},"author":12,"featured_media":17674,"comment_status":"open","ping_status":"closed","sticky":false,"template":"","format":"standard","meta":{"_acf_changed":false,"inline_featured_image":false,"footnotes":""},"categories":[5],"tags":[1363,4677,876,4678,6,4679,996,4676],"class_list":["post-17673","post","type-post","status-publish","format-standard","has-post-thumbnail","hentry","category-deportes","tag-anjelina-mavrova","tag-carla-ivorra","tag-cg-les-marines","tag-clara-soriano","tag-deportes","tag-emma-blaha","tag-polina-zhukova","tag-trofeo-federacion-de-la-comunidad-valenciana","cobertura-calp"],"acf":[],"yoast_head":"<!-- This site is optimized with the Yoast SEO plugin v27.5 - https:\/\/yoast.com\/product\/yoast-seo-wordpress\/ -->\n<title>Importantes \u00e9xitos auton\u00f3micos y provinciales para el CG Les Marines | R\u00e0dio Litoral<\/title>\n<meta name=\"description\" content=\"Polina Zhukova y Emma Blaha fueron campeonas auton\u00f3micas infantiles tras una competici\u00f3n impecablePolina Zhukova y Emma Blaha fueron campeonas auton\u00f3micas infantiles tras una competici\u00f3n impecable\" \/>\n<meta name=\"robots\" content=\"index, follow, max-snippet:-1, max-image-preview:large, max-video-preview:-1\" \/>\n<link rel=\"canonical\" href=\"https:\/\/radiolitoral.com\/ca\/2025\/07\/importants-exits-autonomics-i-provincials-per-al-cg-les-marines\/\" \/>\n<meta property=\"og:locale\" content=\"ca_ES\" \/>\n<meta property=\"og:type\" content=\"article\" \/>\n<meta property=\"og:title\" content=\"Importantes \u00e9xitos auton\u00f3micos y provinciales para el CG Les Marines | R\u00e0dio Litoral\" \/>\n<meta property=\"og:description\" content=\"Polina Zhukova y Emma Blaha fueron campeonas auton\u00f3micas infantiles tras una competici\u00f3n impecablePolina Zhukova y Emma Blaha fueron campeonas auton\u00f3micas infantiles tras una competici\u00f3n impecable\" \/>\n<meta property=\"og:url\" content=\"https:\/\/radiolitoral.com\/ca\/2025\/07\/importants-exits-autonomics-i-provincials-per-al-cg-les-marines\/\" \/>\n<meta property=\"og:site_name\" content=\"R\u00e0dio Litoral\" \/>\n<meta property=\"article:publisher\" content=\"https:\/\/www.facebook.com\/Laradiolitoral\/\" \/>\n<meta property=\"article:published_time\" content=\"2025-07-16T09:13:18+00:00\" \/>\n<meta property=\"og:image\" content=\"https:\/\/media.radiolitoral.com\/wp-content\/uploads\/2025\/07\/16111204\/CLARA-SORIANO.jpg\" \/>\n\t<meta property=\"og:image:width\" content=\"1042\" \/>\n\t<meta property=\"og:image:height\" content=\"662\" \/>\n\t<meta property=\"og:image:type\" content=\"image\/jpeg\" \/>\n<meta name=\"author\" content=\"Javier Zamora\" \/>\n<meta name=\"twitter:card\" content=\"summary_large_image\" \/>\n<meta name=\"twitter:label1\" content=\"Escrit per\" \/>\n\t<meta name=\"twitter:data1\" content=\"Javier Zamora\" \/>\n\t<meta name=\"twitter:label2\" content=\"Temps estimat de lectura\" \/>\n\t<meta name=\"twitter:data2\" content=\"2 minuts\" \/>\n<script type=\"application\/ld+json\" class=\"yoast-schema-graph\">{\"@context\":\"https:\\\/\\\/schema.org\",\"@graph\":[{\"@type\":\"NewsArticle\",\"@id\":\"https:\\\/\\\/radiolitoral.com\\\/2025\\\/07\\\/importantes-exitos-autonomicos-y-provinciales-para-el-cg-les-marines\\\/#article\",\"isPartOf\":{\"@id\":\"https:\\\/\\\/radiolitoral.com\\\/2025\\\/07\\\/importantes-exitos-autonomicos-y-provinciales-para-el-cg-les-marines\\\/\"},\"author\":{\"name\":\"Javier Zamora\",\"@id\":\"https:\\\/\\\/radiolitoral.com\\\/#\\\/schema\\\/person\\\/7b1480b5caeb5acdd4ec6379caf62b22\"},\"headline\":\"Importantes \u00e9xitos auton\u00f3micos y provinciales para el CG Les Marines\",\"datePublished\":\"2025-07-16T09:13:18+00:00\",\"mainEntityOfPage\":{\"@id\":\"https:\\\/\\\/radiolitoral.com\\\/2025\\\/07\\\/importantes-exitos-autonomicos-y-provinciales-para-el-cg-les-marines\\\/\"},\"wordCount\":351,\"commentCount\":0,\"publisher\":{\"@id\":\"https:\\\/\\\/radiolitoral.com\\\/#organization\"},\"image\":{\"@id\":\"https:\\\/\\\/radiolitoral.com\\\/2025\\\/07\\\/importantes-exitos-autonomicos-y-provinciales-para-el-cg-les-marines\\\/#primaryimage\"},\"thumbnailUrl\":\"https:\\\/\\\/media.radiolitoral.com\\\/wp-content\\\/uploads\\\/2025\\\/07\\\/16111204\\\/CLARA-SORIANO.jpg\",\"keywords\":[\"Anjelina Mavrova\",\"Carla Ivorra\",\"CG Les Marines\",\"Clara Soriano\",\"deportes\",\"Emma Blaha\",\"Polina Zhukova\",\"Trofeo Federaci\u00f3n de la Comunidad Valenciana\"],\"articleSection\":[\"Deportes\"],\"inLanguage\":\"ca\",\"potentialAction\":[{\"@type\":\"CommentAction\",\"name\":\"Comment\",\"target\":[\"https:\\\/\\\/radiolitoral.com\\\/2025\\\/07\\\/importantes-exitos-autonomicos-y-provinciales-para-el-cg-les-marines\\\/#respond\"]}]},{\"@type\":[\"WebPage\",\"ItemPage\"],\"@id\":\"https:\\\/\\\/radiolitoral.com\\\/2025\\\/07\\\/importantes-exitos-autonomicos-y-provinciales-para-el-cg-les-marines\\\/\",\"url\":\"https:\\\/\\\/radiolitoral.com\\\/2025\\\/07\\\/importantes-exitos-autonomicos-y-provinciales-para-el-cg-les-marines\\\/\",\"name\":\"Importantes \u00e9xitos auton\u00f3micos y provinciales para el CG Les Marines | R\u00e0dio Litoral\",\"isPartOf\":{\"@id\":\"https:\\\/\\\/radiolitoral.com\\\/#website\"},\"primaryImageOfPage\":{\"@id\":\"https:\\\/\\\/radiolitoral.com\\\/2025\\\/07\\\/importantes-exitos-autonomicos-y-provinciales-para-el-cg-les-marines\\\/#primaryimage\"},\"image\":{\"@id\":\"https:\\\/\\\/radiolitoral.com\\\/2025\\\/07\\\/importantes-exitos-autonomicos-y-provinciales-para-el-cg-les-marines\\\/#primaryimage\"},\"thumbnailUrl\":\"https:\\\/\\\/media.radiolitoral.com\\\/wp-content\\\/uploads\\\/2025\\\/07\\\/16111204\\\/CLARA-SORIANO.jpg\",\"datePublished\":\"2025-07-16T09:13:18+00:00\",\"description\":\"Polina Zhukova y Emma Blaha fueron campeonas auton\u00f3micas infantiles tras una competici\u00f3n impecablePolina Zhukova y Emma Blaha fueron campeonas auton\u00f3micas infantiles tras una competici\u00f3n impecable\",\"breadcrumb\":{\"@id\":\"https:\\\/\\\/radiolitoral.com\\\/2025\\\/07\\\/importantes-exitos-autonomicos-y-provinciales-para-el-cg-les-marines\\\/#breadcrumb\"},\"inLanguage\":\"ca\",\"potentialAction\":[{\"@type\":\"ReadAction\",\"target\":[\"https:\\\/\\\/radiolitoral.com\\\/2025\\\/07\\\/importantes-exitos-autonomicos-y-provinciales-para-el-cg-les-marines\\\/\"]}]},{\"@type\":\"ImageObject\",\"inLanguage\":\"ca\",\"@id\":\"https:\\\/\\\/radiolitoral.com\\\/2025\\\/07\\\/importantes-exitos-autonomicos-y-provinciales-para-el-cg-les-marines\\\/#primaryimage\",\"url\":\"https:\\\/\\\/media.radiolitoral.com\\\/wp-content\\\/uploads\\\/2025\\\/07\\\/16111204\\\/CLARA-SORIANO.jpg\",\"contentUrl\":\"https:\\\/\\\/media.radiolitoral.com\\\/wp-content\\\/uploads\\\/2025\\\/07\\\/16111204\\\/CLARA-SORIANO.jpg\",\"width\":1042,\"height\":662},{\"@type\":\"BreadcrumbList\",\"@id\":\"https:\\\/\\\/radiolitoral.com\\\/2025\\\/07\\\/importantes-exitos-autonomicos-y-provinciales-para-el-cg-les-marines\\\/#breadcrumb\",\"itemListElement\":[{\"@type\":\"ListItem\",\"position\":1,\"name\":\"Portada\",\"item\":\"https:\\\/\\\/radiolitoral.com\\\/\"},{\"@type\":\"ListItem\",\"position\":2,\"name\":\"Importantes \u00e9xitos auton\u00f3micos y provinciales para el CG Les Marines\"}]},{\"@type\":\"WebSite\",\"@id\":\"https:\\\/\\\/radiolitoral.com\\\/#website\",\"url\":\"https:\\\/\\\/radiolitoral.com\\\/\",\"name\":\"Radio Litoral\",\"description\":\"La radio local de la Marina Alta\",\"publisher\":{\"@id\":\"https:\\\/\\\/radiolitoral.com\\\/#organization\"},\"alternateName\":\"Litoral FM\",\"potentialAction\":[{\"@type\":\"SearchAction\",\"target\":{\"@type\":\"EntryPoint\",\"urlTemplate\":\"https:\\\/\\\/radiolitoral.com\\\/?s={search_term_string}\"},\"query-input\":{\"@type\":\"PropertyValueSpecification\",\"valueRequired\":true,\"valueName\":\"search_term_string\"}}],\"inLanguage\":\"ca\"},{\"@type\":\"Organization\",\"@id\":\"https:\\\/\\\/radiolitoral.com\\\/#organization\",\"name\":\"Radio Litoral\",\"url\":\"https:\\\/\\\/radiolitoral.com\\\/\",\"logo\":{\"@type\":\"ImageObject\",\"inLanguage\":\"ca\",\"@id\":\"https:\\\/\\\/radiolitoral.com\\\/#\\\/schema\\\/logo\\\/image\\\/\",\"url\":\"https:\\\/\\\/media.radiolitoral.com\\\/wp-content\\\/uploads\\\/2023\\\/02\\\/24143238\\\/CL-V-RadioLitoral696.png\",\"contentUrl\":\"https:\\\/\\\/media.radiolitoral.com\\\/wp-content\\\/uploads\\\/2023\\\/02\\\/24143238\\\/CL-V-RadioLitoral696.png\",\"width\":696,\"height\":696,\"caption\":\"Radio Litoral\"},\"image\":{\"@id\":\"https:\\\/\\\/radiolitoral.com\\\/#\\\/schema\\\/logo\\\/image\\\/\"},\"sameAs\":[\"https:\\\/\\\/www.facebook.com\\\/Laradiolitoral\\\/\"]},{\"@type\":\"Person\",\"@id\":\"https:\\\/\\\/radiolitoral.com\\\/#\\\/schema\\\/person\\\/7b1480b5caeb5acdd4ec6379caf62b22\",\"name\":\"Javier Zamora\",\"image\":{\"@type\":\"ImageObject\",\"inLanguage\":\"ca\",\"@id\":\"https:\\\/\\\/secure.gravatar.com\\\/avatar\\\/467a11f6918c7d619c4043fc6fa2d3853053107973f05b6e9c04ea6c4e3a7b3f?s=96&d=mm&r=g\",\"url\":\"https:\\\/\\\/secure.gravatar.com\\\/avatar\\\/467a11f6918c7d619c4043fc6fa2d3853053107973f05b6e9c04ea6c4e3a7b3f?s=96&d=mm&r=g\",\"contentUrl\":\"https:\\\/\\\/secure.gravatar.com\\\/avatar\\\/467a11f6918c7d619c4043fc6fa2d3853053107973f05b6e9c04ea6c4e3a7b3f?s=96&d=mm&r=g\",\"caption\":\"Javier Zamora\"},\"url\":\"https:\\\/\\\/radiolitoral.com\\\/ca\\\/author\\\/javier-zamora\\\/\"}]}<\/script>\n<!-- \/ Yoast SEO plugin. -->","yoast_head_json":{"title":"Importants \u00e8xits auton\u00f2mics i provincials per al CG Les Marines |","description":"Polina Zhukova i Emma Blaha van ser campiones auton\u00f2miques infantils despr\u00e9s d&#039;una competici\u00f3 impecablePolina Zhukova i Emma Blaha van ser campiones auton\u00f2miques infantils despr\u00e9s d&#039;una competici\u00f3 impecable","robots":{"index":"index","follow":"follow","max-snippet":"max-snippet:-1","max-image-preview":"max-image-preview:large","max-video-preview":"max-video-preview:-1"},"canonical":"https:\/\/radiolitoral.com\/ca\/2025\/07\/importants-exits-autonomics-i-provincials-per-al-cg-les-marines\/","og_locale":"ca_ES","og_type":"article","og_title":"Importantes \u00e9xitos auton\u00f3micos y provinciales para el CG Les Marines | R\u00e0dio Litoral","og_description":"Polina Zhukova y Emma Blaha fueron campeonas auton\u00f3micas infantiles tras una competici\u00f3n impecablePolina Zhukova y Emma Blaha fueron campeonas auton\u00f3micas infantiles tras una competici\u00f3n impecable","og_url":"https:\/\/radiolitoral.com\/ca\/2025\/07\/importants-exits-autonomics-i-provincials-per-al-cg-les-marines\/","og_site_name":"R\u00e0dio Litoral","article_publisher":"https:\/\/www.facebook.com\/Laradiolitoral\/","article_published_time":"2025-07-16T09:13:18+00:00","og_image":[{"width":1042,"height":662,"url":"https:\/\/media.radiolitoral.com\/wp-content\/uploads\/2025\/07\/16111204\/CLARA-SORIANO.jpg","type":"image\/jpeg"}],"author":"Javier Zamora","twitter_card":"summary_large_image","twitter_misc":{"Escrit per":"Javier Zamora","Temps estimat de lectura":"2 minuts"},"schema":{"@context":"https:\/\/schema.org","@graph":[{"@type":"NewsArticle","@id":"https:\/\/radiolitoral.com\/2025\/07\/importantes-exitos-autonomicos-y-provinciales-para-el-cg-les-marines\/#article","isPartOf":{"@id":"https:\/\/radiolitoral.com\/2025\/07\/importantes-exitos-autonomicos-y-provinciales-para-el-cg-les-marines\/"},"author":{"name":"Javier Zamora","@id":"https:\/\/radiolitoral.com\/#\/schema\/person\/7b1480b5caeb5acdd4ec6379caf62b22"},"headline":"Importantes \u00e9xitos auton\u00f3micos y provinciales para el CG Les Marines","datePublished":"2025-07-16T09:13:18+00:00","mainEntityOfPage":{"@id":"https:\/\/radiolitoral.com\/2025\/07\/importantes-exitos-autonomicos-y-provinciales-para-el-cg-les-marines\/"},"wordCount":351,"commentCount":0,"publisher":{"@id":"https:\/\/radiolitoral.com\/#organization"},"image":{"@id":"https:\/\/radiolitoral.com\/2025\/07\/importantes-exitos-autonomicos-y-provinciales-para-el-cg-les-marines\/#primaryimage"},"thumbnailUrl":"https:\/\/media.radiolitoral.com\/wp-content\/uploads\/2025\/07\/16111204\/CLARA-SORIANO.jpg","keywords":["Anjelina Mavrova","Carla Ivorra","CG Les Marines","Clara Soriano","deportes","Emma Blaha","Polina Zhukova","Trofeo Federaci\u00f3n de la Comunidad Valenciana"],"articleSection":["Deportes"],"inLanguage":"ca","potentialAction":[{"@type":"CommentAction","name":"Comment","target":["https:\/\/radiolitoral.com\/2025\/07\/importantes-exitos-autonomicos-y-provinciales-para-el-cg-les-marines\/#respond"]}]},{"@type":["WebPage","ItemPage"],"@id":"https:\/\/radiolitoral.com\/2025\/07\/importantes-exitos-autonomicos-y-provinciales-para-el-cg-les-marines\/","url":"https:\/\/radiolitoral.com\/2025\/07\/importantes-exitos-autonomicos-y-provinciales-para-el-cg-les-marines\/","name":"Importants \u00e8xits auton\u00f2mics i provincials per al CG Les Marines |","isPartOf":{"@id":"https:\/\/radiolitoral.com\/#website"},"primaryImageOfPage":{"@id":"https:\/\/radiolitoral.com\/2025\/07\/importantes-exitos-autonomicos-y-provinciales-para-el-cg-les-marines\/#primaryimage"},"image":{"@id":"https:\/\/radiolitoral.com\/2025\/07\/importantes-exitos-autonomicos-y-provinciales-para-el-cg-les-marines\/#primaryimage"},"thumbnailUrl":"https:\/\/media.radiolitoral.com\/wp-content\/uploads\/2025\/07\/16111204\/CLARA-SORIANO.jpg","datePublished":"2025-07-16T09:13:18+00:00","description":"Polina Zhukova i Emma Blaha van ser campiones auton\u00f2miques infantils despr\u00e9s d&#039;una competici\u00f3 impecablePolina Zhukova i Emma Blaha van ser campiones auton\u00f2miques infantils despr\u00e9s d&#039;una competici\u00f3 impecable","breadcrumb":{"@id":"https:\/\/radiolitoral.com\/2025\/07\/importantes-exitos-autonomicos-y-provinciales-para-el-cg-les-marines\/#breadcrumb"},"inLanguage":"ca","potentialAction":[{"@type":"ReadAction","target":["https:\/\/radiolitoral.com\/2025\/07\/importantes-exitos-autonomicos-y-provinciales-para-el-cg-les-marines\/"]}]},{"@type":"ImageObject","inLanguage":"ca","@id":"https:\/\/radiolitoral.com\/2025\/07\/importantes-exitos-autonomicos-y-provinciales-para-el-cg-les-marines\/#primaryimage","url":"https:\/\/media.radiolitoral.com\/wp-content\/uploads\/2025\/07\/16111204\/CLARA-SORIANO.jpg","contentUrl":"https:\/\/media.radiolitoral.com\/wp-content\/uploads\/2025\/07\/16111204\/CLARA-SORIANO.jpg","width":1042,"height":662},{"@type":"BreadcrumbList","@id":"https:\/\/radiolitoral.com\/2025\/07\/importantes-exitos-autonomicos-y-provinciales-para-el-cg-les-marines\/#breadcrumb","itemListElement":[{"@type":"ListItem","position":1,"name":"Portada","item":"https:\/\/radiolitoral.com\/"},{"@type":"ListItem","position":2,"name":"Importantes \u00e9xitos auton\u00f3micos y provinciales para el CG Les Marines"}]},{"@type":"WebSite","@id":"https:\/\/radiolitoral.com\/#website","url":"https:\/\/radiolitoral.com\/","name":"R\u00e0dio Litoral","description":"La r\u00e0dio local de la Marina Alta","publisher":{"@id":"https:\/\/radiolitoral.com\/#organization"},"alternateName":"Litoral FM","potentialAction":[{"@type":"SearchAction","target":{"@type":"EntryPoint","urlTemplate":"https:\/\/radiolitoral.com\/?s={search_term_string}"},"query-input":{"@type":"PropertyValueSpecification","valueRequired":true,"valueName":"search_term_string"}}],"inLanguage":"ca"},{"@type":"Organization","@id":"https:\/\/radiolitoral.com\/#organization","name":"R\u00e0dio Litoral","url":"https:\/\/radiolitoral.com\/","logo":{"@type":"ImageObject","inLanguage":"ca","@id":"https:\/\/radiolitoral.com\/#\/schema\/logo\/image\/","url":"https:\/\/media.radiolitoral.com\/wp-content\/uploads\/2023\/02\/24143238\/CL-V-RadioLitoral696.png","contentUrl":"https:\/\/media.radiolitoral.com\/wp-content\/uploads\/2023\/02\/24143238\/CL-V-RadioLitoral696.png","width":696,"height":696,"caption":"Radio Litoral"},"image":{"@id":"https:\/\/radiolitoral.com\/#\/schema\/logo\/image\/"},"sameAs":["https:\/\/www.facebook.com\/Laradiolitoral\/"]},{"@type":"Person","@id":"https:\/\/radiolitoral.com\/#\/schema\/person\/7b1480b5caeb5acdd4ec6379caf62b22","name":"Javier Zamora","image":{"@type":"ImageObject","inLanguage":"ca","@id":"https:\/\/secure.gravatar.com\/avatar\/467a11f6918c7d619c4043fc6fa2d3853053107973f05b6e9c04ea6c4e3a7b3f?s=96&d=mm&r=g","url":"https:\/\/secure.gravatar.com\/avatar\/467a11f6918c7d619c4043fc6fa2d3853053107973f05b6e9c04ea6c4e3a7b3f?s=96&d=mm&r=g","contentUrl":"https:\/\/secure.gravatar.com\/avatar\/467a11f6918c7d619c4043fc6fa2d3853053107973f05b6e9c04ea6c4e3a7b3f?s=96&d=mm&r=g","caption":"Javier Zamora"},"url":"https:\/\/radiolitoral.com\/ca\/author\/javier-zamora\/"}]}},"_links":{"self":[{"href":"https:\/\/radiolitoral.com\/ca\/wp-json\/wp\/v2\/posts\/17673","targetHints":{"allow":["GET"]}}],"collection":[{"href":"https:\/\/radiolitoral.com\/ca\/wp-json\/wp\/v2\/posts"}],"about":[{"href":"https:\/\/radiolitoral.com\/ca\/wp-json\/wp\/v2\/types\/post"}],"author":[{"embeddable":true,"href":"https:\/\/radiolitoral.com\/ca\/wp-json\/wp\/v2\/users\/12"}],"replies":[{"embeddable":true,"href":"https:\/\/radiolitoral.com\/ca\/wp-json\/wp\/v2\/comments?post=17673"}],"version-history":[{"count":2,"href":"https:\/\/radiolitoral.com\/ca\/wp-json\/wp\/v2\/posts\/17673\/revisions"}],"predecessor-version":[{"id":17677,"href":"https:\/\/radiolitoral.com\/ca\/wp-json\/wp\/v2\/posts\/17673\/revisions\/17677"}],"wp:featuredmedia":[{"embeddable":true,"href":"https:\/\/radiolitoral.com\/ca\/wp-json\/wp\/v2\/media\/17674"}],"wp:attachment":[{"href":"https:\/\/radiolitoral.com\/ca\/wp-json\/wp\/v2\/media?parent=17673"}],"wp:term":[{"taxonomy":"category","embeddable":true,"href":"https:\/\/radiolitoral.com\/ca\/wp-json\/wp\/v2\/categories?post=17673"},{"taxonomy":"post_tag","embeddable":true,"href":"https:\/\/radiolitoral.com\/ca\/wp-json\/wp\/v2\/tags?post=17673"}],"curies":[{"name":"wp","href":"https:\/\/api.w.org\/{rel}","templated":true}]}}