{"id":1764,"date":"2023-03-29T15:11:58","date_gmt":"2023-03-29T13:11:58","guid":{"rendered":"https:\/\/radiolitoral.com\/?p=1764"},"modified":"2023-03-29T15:12:17","modified_gmt":"2023-03-29T13:12:17","slug":"benitatxell-posa-en-marxa-brigades-de-neteja-de-les-zones-verdes","status":"publish","type":"post","link":"https:\/\/radiolitoral.com\/ca\/2023\/03\/benitatxell-pone-en-marcha-brigadas-de-limpieza-de-las-zonas-verdes\/","title":{"rendered":"Benitatxell posa en marxa brigades de neteja de les zones verdes"},"content":{"rendered":"<p>L&#039;Ajuntament de <strong>El Poble Nou de Benitatxell<\/strong> ha posat ordre a un dels serveis municipals m\u00e9s durs de rosegar: <strong>la neteja de les herbes i les zones verdes<\/strong> municipals. I ho ha fet amb la creaci\u00f3 de dues brigades verdes espec\u00edfiques amb quatre operaris i amb una minuciosa planificaci\u00f3, segons expliquen fonts municipals.<\/p>\n<p>A trav\u00e9s de l&#039;empresa p\u00fablica municipal <strong>Poble Net SL<\/strong>, s&#039;han creat dues brigades diferenciades, i cadascuna segueix un <em>planning <\/em>mensual peri\u00f2dic. La Brigada 1 est\u00e0 dedicada a la zona urbana i partides rurals, i actua de manera c\u00edclica. La Brigada 2, realitza treballs nom\u00e9s a Cimera del Sol.<\/p>\n<p>Aquestes brigades tamb\u00e9 s&#039;encarreguen de la neteja de les zones verdes, algunes molt degradades i recuperades recentment pel mateix ajuntament.<\/p>\n<p>Des del consistori s&#039;explica que aquesta planificaci\u00f3 es va implantar a principis d&#039;any, i el que es pret\u00e9n \u00e9s realitzar un <strong>manteniment continuat per evitar que l&#039;herba s&#039;acumuli<\/strong> o creixi m\u00e9s del compte. Ara es neteja sobre net, cosa que facilita for\u00e7a els treballs als operaris i evita les queixes. A m\u00e9s, paral\u00b7lelament, a trav\u00e9s de diferents l\u00ednies de subvencions, gaireb\u00e9 tots els camins rurals del terme municipal seran asfaltats i reparats properament, segons anuncien fonts municipals.<\/p>\n<p>A la dotaci\u00f3 de personal i la millora de la planificaci\u00f3 s&#039;hi ha de sumar l&#039;adquisici\u00f3 de nova maquin\u00e0ria. Ara el servei disposa de 5 m\u00e0quines desbrossadores per a quatre operaris.<\/p>","protected":false},"excerpt":{"rendered":"<p>El Ayuntamiento de El Poble Nou de Benitatxell ha puesto orden a uno de los servicios municipales m\u00e1s duros de roer: la limpieza de las hierbas y las zonas verdes municipales. Y lo ha hecho con la creaci\u00f3n de dos brigadas verdes espec\u00edficas con cuatro operarios y a una minuciosa planificaci\u00f3n, seg\u00fan explican fuentes municipales. [&#8230;]<\/p>\n<p><a class=\"btn btn-secondary understrap-read-more-link\" href=\"https:\/\/radiolitoral.com\/ca\/2023\/03\/benitatxell-pone-en-marcha-brigadas-de-limpieza-de-las-zonas-verdes\/\">Continua llegint&#8230;<span class=\"screen-reader-text\"> from Benitatxell pone en marcha brigadas de limpieza de las zonas verdes<\/span><\/a><\/p>\n","protected":false},"author":21,"featured_media":1766,"comment_status":"open","ping_status":"closed","sticky":false,"template":"","format":"standard","meta":{"_acf_changed":false,"inline_featured_image":false,"footnotes":""},"categories":[85],"tags":[184,367,368],"class_list":["post-1764","post","type-post","status-publish","format-standard","has-post-thumbnail","hentry","category-servicios-publicos","tag-benitatxell","tag-limpieza-benitatxell","tag-poble-net","cobertura-poble-nou-de-benitatxell"],"acf":[],"yoast_head":"<!-- This site is optimized with the Yoast SEO plugin v27.5 - https:\/\/yoast.com\/product\/yoast-seo-wordpress\/ -->\n<title>Benitatxell pone en marcha brigadas de limpieza de las zonas verdes | R\u00e0dio Litoral<\/title>\n<meta name=\"description\" content=\"Dos brigadas tienen delimitados sus trabajos en la urbe y el diseminado\" \/>\n<meta name=\"robots\" content=\"index, follow, max-snippet:-1, max-image-preview:large, max-video-preview:-1\" \/>\n<link rel=\"canonical\" href=\"https:\/\/radiolitoral.com\/ca\/2023\/03\/benitatxell-posa-en-marxa-brigades-de-neteja-de-les-zones-verdes\/\" \/>\n<meta property=\"og:locale\" content=\"ca_ES\" \/>\n<meta property=\"og:type\" content=\"article\" \/>\n<meta property=\"og:title\" content=\"Benitatxell pone en marcha brigadas de limpieza de las zonas verdes | R\u00e0dio Litoral\" \/>\n<meta property=\"og:description\" content=\"Dos brigadas tienen delimitados sus trabajos en la urbe y el diseminado\" \/>\n<meta property=\"og:url\" content=\"https:\/\/radiolitoral.com\/ca\/2023\/03\/benitatxell-posa-en-marxa-brigades-de-neteja-de-les-zones-verdes\/\" \/>\n<meta property=\"og:site_name\" content=\"R\u00e0dio Litoral\" \/>\n<meta property=\"article:publisher\" content=\"https:\/\/www.facebook.com\/Laradiolitoral\/\" \/>\n<meta property=\"article:published_time\" content=\"2023-03-29T13:11:58+00:00\" \/>\n<meta property=\"article:modified_time\" content=\"2023-03-29T13:12:17+00:00\" \/>\n<meta property=\"og:image\" content=\"https:\/\/media.radiolitoral.com\/wp-content\/uploads\/2023\/03\/29151150\/brossa.png\" \/>\n\t<meta property=\"og:image:width\" content=\"550\" \/>\n\t<meta property=\"og:image:height\" content=\"500\" \/>\n\t<meta property=\"og:image:type\" content=\"image\/png\" \/>\n<meta name=\"author\" content=\"Mel Pescuezo\" \/>\n<meta name=\"twitter:card\" content=\"summary_large_image\" \/>\n<meta name=\"twitter:label1\" content=\"Escrit per\" \/>\n\t<meta name=\"twitter:data1\" content=\"Mel Pescuezo\" \/>\n\t<meta name=\"twitter:label2\" content=\"Temps estimat de lectura\" \/>\n\t<meta name=\"twitter:data2\" content=\"2 minuts\" \/>\n<script type=\"application\/ld+json\" class=\"yoast-schema-graph\">{\"@context\":\"https:\\\/\\\/schema.org\",\"@graph\":[{\"@type\":\"NewsArticle\",\"@id\":\"https:\\\/\\\/radiolitoral.com\\\/2023\\\/03\\\/benitatxell-pone-en-marcha-brigadas-de-limpieza-de-las-zonas-verdes\\\/#article\",\"isPartOf\":{\"@id\":\"https:\\\/\\\/radiolitoral.com\\\/2023\\\/03\\\/benitatxell-pone-en-marcha-brigadas-de-limpieza-de-las-zonas-verdes\\\/\"},\"author\":{\"name\":\"Mel Pescuezo\",\"@id\":\"https:\\\/\\\/radiolitoral.com\\\/#\\\/schema\\\/person\\\/aad4f72efa404f85b68e832d24cac059\"},\"headline\":\"Benitatxell pone en marcha brigadas de limpieza de las zonas verdes\",\"datePublished\":\"2023-03-29T13:11:58+00:00\",\"dateModified\":\"2023-03-29T13:12:17+00:00\",\"mainEntityOfPage\":{\"@id\":\"https:\\\/\\\/radiolitoral.com\\\/2023\\\/03\\\/benitatxell-pone-en-marcha-brigadas-de-limpieza-de-las-zonas-verdes\\\/\"},\"wordCount\":281,\"commentCount\":0,\"publisher\":{\"@id\":\"https:\\\/\\\/radiolitoral.com\\\/#organization\"},\"image\":{\"@id\":\"https:\\\/\\\/radiolitoral.com\\\/2023\\\/03\\\/benitatxell-pone-en-marcha-brigadas-de-limpieza-de-las-zonas-verdes\\\/#primaryimage\"},\"thumbnailUrl\":\"https:\\\/\\\/media.radiolitoral.com\\\/wp-content\\\/uploads\\\/2023\\\/03\\\/29151150\\\/brossa.png\",\"keywords\":[\"Benitatxell\",\"limpieza Benitatxell\",\"Poble Net\"],\"articleSection\":[\"Servicios P\u00fablicos\"],\"inLanguage\":\"ca\",\"potentialAction\":[{\"@type\":\"CommentAction\",\"name\":\"Comment\",\"target\":[\"https:\\\/\\\/radiolitoral.com\\\/2023\\\/03\\\/benitatxell-pone-en-marcha-brigadas-de-limpieza-de-las-zonas-verdes\\\/#respond\"]}]},{\"@type\":[\"WebPage\",\"ItemPage\"],\"@id\":\"https:\\\/\\\/radiolitoral.com\\\/2023\\\/03\\\/benitatxell-pone-en-marcha-brigadas-de-limpieza-de-las-zonas-verdes\\\/\",\"url\":\"https:\\\/\\\/radiolitoral.com\\\/2023\\\/03\\\/benitatxell-pone-en-marcha-brigadas-de-limpieza-de-las-zonas-verdes\\\/\",\"name\":\"Benitatxell pone en marcha brigadas de limpieza de las zonas verdes | R\u00e0dio Litoral\",\"isPartOf\":{\"@id\":\"https:\\\/\\\/radiolitoral.com\\\/#website\"},\"primaryImageOfPage\":{\"@id\":\"https:\\\/\\\/radiolitoral.com\\\/2023\\\/03\\\/benitatxell-pone-en-marcha-brigadas-de-limpieza-de-las-zonas-verdes\\\/#primaryimage\"},\"image\":{\"@id\":\"https:\\\/\\\/radiolitoral.com\\\/2023\\\/03\\\/benitatxell-pone-en-marcha-brigadas-de-limpieza-de-las-zonas-verdes\\\/#primaryimage\"},\"thumbnailUrl\":\"https:\\\/\\\/media.radiolitoral.com\\\/wp-content\\\/uploads\\\/2023\\\/03\\\/29151150\\\/brossa.png\",\"datePublished\":\"2023-03-29T13:11:58+00:00\",\"dateModified\":\"2023-03-29T13:12:17+00:00\",\"description\":\"Dos brigadas tienen delimitados sus trabajos en la urbe y el diseminado\",\"breadcrumb\":{\"@id\":\"https:\\\/\\\/radiolitoral.com\\\/2023\\\/03\\\/benitatxell-pone-en-marcha-brigadas-de-limpieza-de-las-zonas-verdes\\\/#breadcrumb\"},\"inLanguage\":\"ca\",\"potentialAction\":[{\"@type\":\"ReadAction\",\"target\":[\"https:\\\/\\\/radiolitoral.com\\\/2023\\\/03\\\/benitatxell-pone-en-marcha-brigadas-de-limpieza-de-las-zonas-verdes\\\/\"]}]},{\"@type\":\"ImageObject\",\"inLanguage\":\"ca\",\"@id\":\"https:\\\/\\\/radiolitoral.com\\\/2023\\\/03\\\/benitatxell-pone-en-marcha-brigadas-de-limpieza-de-las-zonas-verdes\\\/#primaryimage\",\"url\":\"https:\\\/\\\/media.radiolitoral.com\\\/wp-content\\\/uploads\\\/2023\\\/03\\\/29151150\\\/brossa.png\",\"contentUrl\":\"https:\\\/\\\/media.radiolitoral.com\\\/wp-content\\\/uploads\\\/2023\\\/03\\\/29151150\\\/brossa.png\",\"width\":550,\"height\":500},{\"@type\":\"BreadcrumbList\",\"@id\":\"https:\\\/\\\/radiolitoral.com\\\/2023\\\/03\\\/benitatxell-pone-en-marcha-brigadas-de-limpieza-de-las-zonas-verdes\\\/#breadcrumb\",\"itemListElement\":[{\"@type\":\"ListItem\",\"position\":1,\"name\":\"Portada\",\"item\":\"https:\\\/\\\/radiolitoral.com\\\/\"},{\"@type\":\"ListItem\",\"position\":2,\"name\":\"Benitatxell pone en marcha brigadas de limpieza de las zonas verdes\"}]},{\"@type\":\"WebSite\",\"@id\":\"https:\\\/\\\/radiolitoral.com\\\/#website\",\"url\":\"https:\\\/\\\/radiolitoral.com\\\/\",\"name\":\"Radio Litoral\",\"description\":\"La radio local de la Marina Alta\",\"publisher\":{\"@id\":\"https:\\\/\\\/radiolitoral.com\\\/#organization\"},\"alternateName\":\"Litoral FM\",\"potentialAction\":[{\"@type\":\"SearchAction\",\"target\":{\"@type\":\"EntryPoint\",\"urlTemplate\":\"https:\\\/\\\/radiolitoral.com\\\/?s={search_term_string}\"},\"query-input\":{\"@type\":\"PropertyValueSpecification\",\"valueRequired\":true,\"valueName\":\"search_term_string\"}}],\"inLanguage\":\"ca\"},{\"@type\":\"Organization\",\"@id\":\"https:\\\/\\\/radiolitoral.com\\\/#organization\",\"name\":\"Radio Litoral\",\"url\":\"https:\\\/\\\/radiolitoral.com\\\/\",\"logo\":{\"@type\":\"ImageObject\",\"inLanguage\":\"ca\",\"@id\":\"https:\\\/\\\/radiolitoral.com\\\/#\\\/schema\\\/logo\\\/image\\\/\",\"url\":\"https:\\\/\\\/media.radiolitoral.com\\\/wp-content\\\/uploads\\\/2023\\\/02\\\/24143238\\\/CL-V-RadioLitoral696.png\",\"contentUrl\":\"https:\\\/\\\/media.radiolitoral.com\\\/wp-content\\\/uploads\\\/2023\\\/02\\\/24143238\\\/CL-V-RadioLitoral696.png\",\"width\":696,\"height\":696,\"caption\":\"Radio Litoral\"},\"image\":{\"@id\":\"https:\\\/\\\/radiolitoral.com\\\/#\\\/schema\\\/logo\\\/image\\\/\"},\"sameAs\":[\"https:\\\/\\\/www.facebook.com\\\/Laradiolitoral\\\/\"]},{\"@type\":\"Person\",\"@id\":\"https:\\\/\\\/radiolitoral.com\\\/#\\\/schema\\\/person\\\/aad4f72efa404f85b68e832d24cac059\",\"name\":\"Mel Pescuezo\",\"image\":{\"@type\":\"ImageObject\",\"inLanguage\":\"ca\",\"@id\":\"https:\\\/\\\/secure.gravatar.com\\\/avatar\\\/993975ae489c70cb0dd9bfa9413a082f0bd276582dac13661af7b33f161e7eea?s=96&d=mm&r=g\",\"url\":\"https:\\\/\\\/secure.gravatar.com\\\/avatar\\\/993975ae489c70cb0dd9bfa9413a082f0bd276582dac13661af7b33f161e7eea?s=96&d=mm&r=g\",\"contentUrl\":\"https:\\\/\\\/secure.gravatar.com\\\/avatar\\\/993975ae489c70cb0dd9bfa9413a082f0bd276582dac13661af7b33f161e7eea?s=96&d=mm&r=g\",\"caption\":\"Mel Pescuezo\"},\"url\":\"https:\\\/\\\/radiolitoral.com\\\/ca\\\/author\\\/serviciospararadios\\\/\"}]}<\/script>\n<!-- \/ Yoast SEO plugin. -->","yoast_head_json":{"title":"Benitatxell engega brigades de neteja de les zones verdes | R\u00e0dio Litoral","description":"Dues brigades tenen delimitats els seus treballs a l&#039;urbs i el disseminat","robots":{"index":"index","follow":"follow","max-snippet":"max-snippet:-1","max-image-preview":"max-image-preview:large","max-video-preview":"max-video-preview:-1"},"canonical":"https:\/\/radiolitoral.com\/ca\/2023\/03\/benitatxell-posa-en-marxa-brigades-de-neteja-de-les-zones-verdes\/","og_locale":"ca_ES","og_type":"article","og_title":"Benitatxell pone en marcha brigadas de limpieza de las zonas verdes | R\u00e0dio Litoral","og_description":"Dos brigadas tienen delimitados sus trabajos en la urbe y el diseminado","og_url":"https:\/\/radiolitoral.com\/ca\/2023\/03\/benitatxell-posa-en-marxa-brigades-de-neteja-de-les-zones-verdes\/","og_site_name":"R\u00e0dio Litoral","article_publisher":"https:\/\/www.facebook.com\/Laradiolitoral\/","article_published_time":"2023-03-29T13:11:58+00:00","article_modified_time":"2023-03-29T13:12:17+00:00","og_image":[{"width":550,"height":500,"url":"https:\/\/media.radiolitoral.com\/wp-content\/uploads\/2023\/03\/29151150\/brossa.png","type":"image\/png"}],"author":"Mel Pescuezo","twitter_card":"summary_large_image","twitter_misc":{"Escrit per":"Mel Pescuezo","Temps estimat de lectura":"2 minuts"},"schema":{"@context":"https:\/\/schema.org","@graph":[{"@type":"NewsArticle","@id":"https:\/\/radiolitoral.com\/2023\/03\/benitatxell-pone-en-marcha-brigadas-de-limpieza-de-las-zonas-verdes\/#article","isPartOf":{"@id":"https:\/\/radiolitoral.com\/2023\/03\/benitatxell-pone-en-marcha-brigadas-de-limpieza-de-las-zonas-verdes\/"},"author":{"name":"Mel Pescuezo","@id":"https:\/\/radiolitoral.com\/#\/schema\/person\/aad4f72efa404f85b68e832d24cac059"},"headline":"Benitatxell pone en marcha brigadas de limpieza de las zonas verdes","datePublished":"2023-03-29T13:11:58+00:00","dateModified":"2023-03-29T13:12:17+00:00","mainEntityOfPage":{"@id":"https:\/\/radiolitoral.com\/2023\/03\/benitatxell-pone-en-marcha-brigadas-de-limpieza-de-las-zonas-verdes\/"},"wordCount":281,"commentCount":0,"publisher":{"@id":"https:\/\/radiolitoral.com\/#organization"},"image":{"@id":"https:\/\/radiolitoral.com\/2023\/03\/benitatxell-pone-en-marcha-brigadas-de-limpieza-de-las-zonas-verdes\/#primaryimage"},"thumbnailUrl":"https:\/\/media.radiolitoral.com\/wp-content\/uploads\/2023\/03\/29151150\/brossa.png","keywords":["Benitatxell","limpieza Benitatxell","Poble Net"],"articleSection":["Servicios P\u00fablicos"],"inLanguage":"ca","potentialAction":[{"@type":"CommentAction","name":"Comment","target":["https:\/\/radiolitoral.com\/2023\/03\/benitatxell-pone-en-marcha-brigadas-de-limpieza-de-las-zonas-verdes\/#respond"]}]},{"@type":["WebPage","ItemPage"],"@id":"https:\/\/radiolitoral.com\/2023\/03\/benitatxell-pone-en-marcha-brigadas-de-limpieza-de-las-zonas-verdes\/","url":"https:\/\/radiolitoral.com\/2023\/03\/benitatxell-pone-en-marcha-brigadas-de-limpieza-de-las-zonas-verdes\/","name":"Benitatxell engega brigades de neteja de les zones verdes | R\u00e0dio Litoral","isPartOf":{"@id":"https:\/\/radiolitoral.com\/#website"},"primaryImageOfPage":{"@id":"https:\/\/radiolitoral.com\/2023\/03\/benitatxell-pone-en-marcha-brigadas-de-limpieza-de-las-zonas-verdes\/#primaryimage"},"image":{"@id":"https:\/\/radiolitoral.com\/2023\/03\/benitatxell-pone-en-marcha-brigadas-de-limpieza-de-las-zonas-verdes\/#primaryimage"},"thumbnailUrl":"https:\/\/media.radiolitoral.com\/wp-content\/uploads\/2023\/03\/29151150\/brossa.png","datePublished":"2023-03-29T13:11:58+00:00","dateModified":"2023-03-29T13:12:17+00:00","description":"Dues brigades tenen delimitats els seus treballs a l&#039;urbs i el disseminat","breadcrumb":{"@id":"https:\/\/radiolitoral.com\/2023\/03\/benitatxell-pone-en-marcha-brigadas-de-limpieza-de-las-zonas-verdes\/#breadcrumb"},"inLanguage":"ca","potentialAction":[{"@type":"ReadAction","target":["https:\/\/radiolitoral.com\/2023\/03\/benitatxell-pone-en-marcha-brigadas-de-limpieza-de-las-zonas-verdes\/"]}]},{"@type":"ImageObject","inLanguage":"ca","@id":"https:\/\/radiolitoral.com\/2023\/03\/benitatxell-pone-en-marcha-brigadas-de-limpieza-de-las-zonas-verdes\/#primaryimage","url":"https:\/\/media.radiolitoral.com\/wp-content\/uploads\/2023\/03\/29151150\/brossa.png","contentUrl":"https:\/\/media.radiolitoral.com\/wp-content\/uploads\/2023\/03\/29151150\/brossa.png","width":550,"height":500},{"@type":"BreadcrumbList","@id":"https:\/\/radiolitoral.com\/2023\/03\/benitatxell-pone-en-marcha-brigadas-de-limpieza-de-las-zonas-verdes\/#breadcrumb","itemListElement":[{"@type":"ListItem","position":1,"name":"Portada","item":"https:\/\/radiolitoral.com\/"},{"@type":"ListItem","position":2,"name":"Benitatxell pone en marcha brigadas de limpieza de las zonas verdes"}]},{"@type":"WebSite","@id":"https:\/\/radiolitoral.com\/#website","url":"https:\/\/radiolitoral.com\/","name":"R\u00e0dio Litoral","description":"La r\u00e0dio local de la Marina Alta","publisher":{"@id":"https:\/\/radiolitoral.com\/#organization"},"alternateName":"Litoral FM","potentialAction":[{"@type":"SearchAction","target":{"@type":"EntryPoint","urlTemplate":"https:\/\/radiolitoral.com\/?s={search_term_string}"},"query-input":{"@type":"PropertyValueSpecification","valueRequired":true,"valueName":"search_term_string"}}],"inLanguage":"ca"},{"@type":"Organization","@id":"https:\/\/radiolitoral.com\/#organization","name":"R\u00e0dio Litoral","url":"https:\/\/radiolitoral.com\/","logo":{"@type":"ImageObject","inLanguage":"ca","@id":"https:\/\/radiolitoral.com\/#\/schema\/logo\/image\/","url":"https:\/\/media.radiolitoral.com\/wp-content\/uploads\/2023\/02\/24143238\/CL-V-RadioLitoral696.png","contentUrl":"https:\/\/media.radiolitoral.com\/wp-content\/uploads\/2023\/02\/24143238\/CL-V-RadioLitoral696.png","width":696,"height":696,"caption":"Radio Litoral"},"image":{"@id":"https:\/\/radiolitoral.com\/#\/schema\/logo\/image\/"},"sameAs":["https:\/\/www.facebook.com\/Laradiolitoral\/"]},{"@type":"Person","@id":"https:\/\/radiolitoral.com\/#\/schema\/person\/aad4f72efa404f85b68e832d24cac059","name":"Mel Pescuezo","image":{"@type":"ImageObject","inLanguage":"ca","@id":"https:\/\/secure.gravatar.com\/avatar\/993975ae489c70cb0dd9bfa9413a082f0bd276582dac13661af7b33f161e7eea?s=96&d=mm&r=g","url":"https:\/\/secure.gravatar.com\/avatar\/993975ae489c70cb0dd9bfa9413a082f0bd276582dac13661af7b33f161e7eea?s=96&d=mm&r=g","contentUrl":"https:\/\/secure.gravatar.com\/avatar\/993975ae489c70cb0dd9bfa9413a082f0bd276582dac13661af7b33f161e7eea?s=96&d=mm&r=g","caption":"Mel Pescuezo"},"url":"https:\/\/radiolitoral.com\/ca\/author\/serviciospararadios\/"}]}},"_links":{"self":[{"href":"https:\/\/radiolitoral.com\/ca\/wp-json\/wp\/v2\/posts\/1764","targetHints":{"allow":["GET"]}}],"collection":[{"href":"https:\/\/radiolitoral.com\/ca\/wp-json\/wp\/v2\/posts"}],"about":[{"href":"https:\/\/radiolitoral.com\/ca\/wp-json\/wp\/v2\/types\/post"}],"author":[{"embeddable":true,"href":"https:\/\/radiolitoral.com\/ca\/wp-json\/wp\/v2\/users\/21"}],"replies":[{"embeddable":true,"href":"https:\/\/radiolitoral.com\/ca\/wp-json\/wp\/v2\/comments?post=1764"}],"version-history":[{"count":1,"href":"https:\/\/radiolitoral.com\/ca\/wp-json\/wp\/v2\/posts\/1764\/revisions"}],"predecessor-version":[{"id":1767,"href":"https:\/\/radiolitoral.com\/ca\/wp-json\/wp\/v2\/posts\/1764\/revisions\/1767"}],"wp:featuredmedia":[{"embeddable":true,"href":"https:\/\/radiolitoral.com\/ca\/wp-json\/wp\/v2\/media\/1766"}],"wp:attachment":[{"href":"https:\/\/radiolitoral.com\/ca\/wp-json\/wp\/v2\/media?parent=1764"}],"wp:term":[{"taxonomy":"category","embeddable":true,"href":"https:\/\/radiolitoral.com\/ca\/wp-json\/wp\/v2\/categories?post=1764"},{"taxonomy":"post_tag","embeddable":true,"href":"https:\/\/radiolitoral.com\/ca\/wp-json\/wp\/v2\/tags?post=1764"}],"curies":[{"name":"wp","href":"https:\/\/api.w.org\/{rel}","templated":true}]}}