{"id":17628,"date":"2025-07-14T13:18:24","date_gmt":"2025-07-14T11:18:24","guid":{"rendered":"https:\/\/radiolitoral.com\/?p=17628"},"modified":"2025-07-14T13:18:24","modified_gmt":"2025-07-14T11:18:24","slug":"el-cd-denia-te-perfilada-la-pretemporada","status":"publish","type":"post","link":"https:\/\/radiolitoral.com\/ca\/2025\/07\/el-cd-denia-tiene-perfilada-su-pretemporada\/","title":{"rendered":"El CD D\u00e9nia t\u00e9 perfilada la pretemporada"},"content":{"rendered":"<p>El\u00a0<strong data-start=\"307\" data-end=\"319\">CD D\u00e9nia<\/strong>\u00a0continua la seva planificaci\u00f3 per a la temporada 2025\/2026, amb l&#039;objectiu clar de tornar a la<strong data-start=\"382\" data-end=\"433\">\u00a0Lliga Comunitat<\/strong>. L&#039;equip, dirigit per\u00a0<strong data-start=\"459\" data-end=\"472\">Jos\u00e9 Cabe<\/strong>, comen\u00e7ar\u00e0 la pretemporada el divendres 1 d&#039;agost<strong data-start=\"503\" data-end=\"526\">.\u00a0<\/strong><\/p>\n<p data-start=\"751\" data-end=\"1189\">El primer partit de preparaci\u00f3 del CD D\u00e9nia ser\u00e0 el 8 d&#039;agost, al\u00a0<strong data-start=\"832\" data-end=\"852\">camp Diego Mena<\/strong>, on es mesurar\u00e0 a la\u00a0<strong data-start=\"875\" data-end=\"891\">UE Benifair\u00f3<\/strong>, equip de\u00a0<strong data-start=\"903\" data-end=\"923\">Segona Regional<\/strong>. Tot seguit, l&#039;11 d&#039;agost, l&#039;equip denier s&#039;enfrontar\u00e0 a la\u00a0<strong data-start=\"1000\" data-end=\"1012\">UD Calp<\/strong>, rival de la Lliga Comunitat, al\u00a0<strong data-start=\"1053\" data-end=\"1080\">camp municipal de Calp<\/strong>, cosa que promet ser un desafiament important per mesurar les forces de l&#039;equip en aquesta fase de la pretemporada.<\/p>\n<p data-start=\"1191\" data-end=\"1481\">El calendari d&#039;amistosos continua el 16 d&#039;agost amb una trobada al\u00a0<strong data-start=\"1270\" data-end=\"1298\">Poble Nou de Benitatxell<\/strong>\u00a0contra el\u00a0<strong data-start=\"1309\" data-end=\"1327\">CF Benitachell<\/strong>, equip de Segona Regional, i el 19 d&#039;agost, al\u00a0<strong data-start=\"1390\" data-end=\"1410\">camp Diego Mena<\/strong>, on s&#039;enfrontaran al\u00a0<strong data-start=\"1436\" data-end=\"1447\">CF Orba<\/strong>, tamb\u00e9 de Segona Regional.<\/p>\n<p data-start=\"1483\" data-end=\"1753\">El 22 d&#039;agost, el CD D\u00e9nia viatjar\u00e0 fins a Oliva, on s&#039;enfrontar\u00e0 a la\u00a0<strong data-start=\"1566\" data-end=\"1578\">UD Oliva<\/strong>\u00a0al\u00a0<strong data-start=\"1585\" data-end=\"1606\">camp \u201cEl Morell\u201d<\/strong>, un altre equip de Segona Regional, abans de jugar el 28 d&#039;agost al Diego Mena contra el\u00a0<strong data-start=\"1708\" data-end=\"1719\">Mur CF<\/strong>, equip de Primera Regional. La pretemporada es posar\u00e0 fi amb un partit programat per al 7 de setembre, el rival del qual encara est\u00e0 per confirmar.<\/p>\n<p><script src=\"chrome-extension:\/\/flbolonkboilcbnohjlchlfgdalomdpl\/iFrame.js\" type=\"text\/javascript\"><\/script><\/p>","protected":false},"excerpt":{"rendered":"<p>El\u00a0CD D\u00e9nia\u00a0contin\u00faa su planificaci\u00f3n para la temporada 2025\/2026, con el objetivo claro de regresar a la\u00a0Lliga Comunitat. El equipo, dirigido por\u00a0Jos\u00e9 Cabe, comenzar\u00e1 la pretemporada el viernes 1 de agosto.\u00a0 El primer partido de preparaci\u00f3n del CD D\u00e9nia ser\u00e1 el 8 de agosto, en el\u00a0campo Diego Mena, donde se medir\u00e1 a la\u00a0UE Benifair\u00f3, equipo de\u00a0Segunda [&#8230;]<\/p>\n<p><a class=\"btn btn-secondary understrap-read-more-link\" href=\"https:\/\/radiolitoral.com\/ca\/2025\/07\/el-cd-denia-tiene-perfilada-su-pretemporada\/\">Continua llegint&#8230;<span class=\"screen-reader-text\"> from El CD D\u00e9nia tiene perfilada su pretemporada<\/span><\/a><\/p>\n","protected":false},"author":12,"featured_media":17629,"comment_status":"open","ping_status":"closed","sticky":false,"template":"","format":"standard","meta":{"_acf_changed":false,"inline_featured_image":false,"footnotes":""},"categories":[5],"tags":[1327,893,1046,1985,6,4417,1071,4651,4650,889,1095,4649],"class_list":["post-17628","post","type-post","status-publish","format-standard","has-post-thumbnail","hentry","category-deportes","tag-campo-diego-mena","tag-cd-denia","tag-cf-benitachell","tag-cf-orba","tag-deportes","tag-jose-cabe","tag-lliga-comunitat","tag-muro-cf","tag-segunda-regional","tag-ud-calpe","tag-ud-oliva","tag-ue-benifairo","cobertura-denia"],"acf":[],"yoast_head":"<!-- This site is optimized with the Yoast SEO plugin v27.5 - https:\/\/yoast.com\/product\/yoast-seo-wordpress\/ -->\n<title>El CD D\u00e9nia tiene perfilada su pretemporada | R\u00e0dio Litoral<\/title>\n<meta name=\"description\" content=\"El conjunto groguet disputar\u00e1 siete partidos de preparaci\u00f3n, cuatro de ellos como local y tres como visitantes\" \/>\n<meta name=\"robots\" content=\"index, follow, max-snippet:-1, max-image-preview:large, max-video-preview:-1\" \/>\n<link rel=\"canonical\" href=\"https:\/\/radiolitoral.com\/ca\/2025\/07\/el-cd-denia-te-perfilada-la-pretemporada\/\" \/>\n<meta property=\"og:locale\" content=\"ca_ES\" \/>\n<meta property=\"og:type\" content=\"article\" \/>\n<meta property=\"og:title\" content=\"El CD D\u00e9nia tiene perfilada su pretemporada | R\u00e0dio Litoral\" \/>\n<meta property=\"og:description\" content=\"El conjunto groguet disputar\u00e1 siete partidos de preparaci\u00f3n, cuatro de ellos como local y tres como visitantes\" \/>\n<meta property=\"og:url\" content=\"https:\/\/radiolitoral.com\/ca\/2025\/07\/el-cd-denia-te-perfilada-la-pretemporada\/\" \/>\n<meta property=\"og:site_name\" content=\"R\u00e0dio Litoral\" \/>\n<meta property=\"article:publisher\" content=\"https:\/\/www.facebook.com\/Laradiolitoral\/\" \/>\n<meta property=\"article:published_time\" content=\"2025-07-14T11:18:24+00:00\" \/>\n<meta property=\"og:image\" content=\"https:\/\/media.radiolitoral.com\/wp-content\/uploads\/2025\/07\/14130909\/DSC_1131-scaled.jpg\" \/>\n\t<meta property=\"og:image:width\" content=\"2560\" \/>\n\t<meta property=\"og:image:height\" content=\"1707\" \/>\n\t<meta property=\"og:image:type\" content=\"image\/jpeg\" \/>\n<meta name=\"author\" content=\"Javier Zamora\" \/>\n<meta name=\"twitter:card\" content=\"summary_large_image\" \/>\n<meta name=\"twitter:label1\" content=\"Escrit per\" \/>\n\t<meta name=\"twitter:data1\" content=\"Javier Zamora\" \/>\n\t<meta name=\"twitter:label2\" content=\"Temps estimat de lectura\" \/>\n\t<meta name=\"twitter:data2\" content=\"2 minuts\" \/>\n<script type=\"application\/ld+json\" class=\"yoast-schema-graph\">{\"@context\":\"https:\\\/\\\/schema.org\",\"@graph\":[{\"@type\":\"NewsArticle\",\"@id\":\"https:\\\/\\\/radiolitoral.com\\\/2025\\\/07\\\/el-cd-denia-tiene-perfilada-su-pretemporada\\\/#article\",\"isPartOf\":{\"@id\":\"https:\\\/\\\/radiolitoral.com\\\/2025\\\/07\\\/el-cd-denia-tiene-perfilada-su-pretemporada\\\/\"},\"author\":{\"name\":\"Javier Zamora\",\"@id\":\"https:\\\/\\\/radiolitoral.com\\\/#\\\/schema\\\/person\\\/7b1480b5caeb5acdd4ec6379caf62b22\"},\"headline\":\"El CD D\u00e9nia tiene perfilada su pretemporada\",\"datePublished\":\"2025-07-14T11:18:24+00:00\",\"mainEntityOfPage\":{\"@id\":\"https:\\\/\\\/radiolitoral.com\\\/2025\\\/07\\\/el-cd-denia-tiene-perfilada-su-pretemporada\\\/\"},\"wordCount\":258,\"commentCount\":0,\"publisher\":{\"@id\":\"https:\\\/\\\/radiolitoral.com\\\/#organization\"},\"image\":{\"@id\":\"https:\\\/\\\/radiolitoral.com\\\/2025\\\/07\\\/el-cd-denia-tiene-perfilada-su-pretemporada\\\/#primaryimage\"},\"thumbnailUrl\":\"https:\\\/\\\/media.radiolitoral.com\\\/wp-content\\\/uploads\\\/2025\\\/07\\\/14130909\\\/DSC_1131-scaled.jpg\",\"keywords\":[\"campo Diego Mena\",\"CD D\u00e9nia\",\"CF Benitachell\",\"CF Orba\",\"deportes\",\"Jos\u00e9 Cabe\",\"Lliga Comunitat\",\"Muro CF\",\"Segunda Regional\",\"UD Calpe\",\"UD Oliva\",\"UE Benifair\u00f3\"],\"articleSection\":[\"Deportes\"],\"inLanguage\":\"ca\",\"potentialAction\":[{\"@type\":\"CommentAction\",\"name\":\"Comment\",\"target\":[\"https:\\\/\\\/radiolitoral.com\\\/2025\\\/07\\\/el-cd-denia-tiene-perfilada-su-pretemporada\\\/#respond\"]}]},{\"@type\":[\"WebPage\",\"ItemPage\"],\"@id\":\"https:\\\/\\\/radiolitoral.com\\\/2025\\\/07\\\/el-cd-denia-tiene-perfilada-su-pretemporada\\\/\",\"url\":\"https:\\\/\\\/radiolitoral.com\\\/2025\\\/07\\\/el-cd-denia-tiene-perfilada-su-pretemporada\\\/\",\"name\":\"El CD D\u00e9nia tiene perfilada su pretemporada | R\u00e0dio Litoral\",\"isPartOf\":{\"@id\":\"https:\\\/\\\/radiolitoral.com\\\/#website\"},\"primaryImageOfPage\":{\"@id\":\"https:\\\/\\\/radiolitoral.com\\\/2025\\\/07\\\/el-cd-denia-tiene-perfilada-su-pretemporada\\\/#primaryimage\"},\"image\":{\"@id\":\"https:\\\/\\\/radiolitoral.com\\\/2025\\\/07\\\/el-cd-denia-tiene-perfilada-su-pretemporada\\\/#primaryimage\"},\"thumbnailUrl\":\"https:\\\/\\\/media.radiolitoral.com\\\/wp-content\\\/uploads\\\/2025\\\/07\\\/14130909\\\/DSC_1131-scaled.jpg\",\"datePublished\":\"2025-07-14T11:18:24+00:00\",\"description\":\"El conjunto groguet disputar\u00e1 siete partidos de preparaci\u00f3n, cuatro de ellos como local y tres como visitantes\",\"breadcrumb\":{\"@id\":\"https:\\\/\\\/radiolitoral.com\\\/2025\\\/07\\\/el-cd-denia-tiene-perfilada-su-pretemporada\\\/#breadcrumb\"},\"inLanguage\":\"ca\",\"potentialAction\":[{\"@type\":\"ReadAction\",\"target\":[\"https:\\\/\\\/radiolitoral.com\\\/2025\\\/07\\\/el-cd-denia-tiene-perfilada-su-pretemporada\\\/\"]}]},{\"@type\":\"ImageObject\",\"inLanguage\":\"ca\",\"@id\":\"https:\\\/\\\/radiolitoral.com\\\/2025\\\/07\\\/el-cd-denia-tiene-perfilada-su-pretemporada\\\/#primaryimage\",\"url\":\"https:\\\/\\\/media.radiolitoral.com\\\/wp-content\\\/uploads\\\/2025\\\/07\\\/14130909\\\/DSC_1131-scaled.jpg\",\"contentUrl\":\"https:\\\/\\\/media.radiolitoral.com\\\/wp-content\\\/uploads\\\/2025\\\/07\\\/14130909\\\/DSC_1131-scaled.jpg\",\"width\":2560,\"height\":1707},{\"@type\":\"BreadcrumbList\",\"@id\":\"https:\\\/\\\/radiolitoral.com\\\/2025\\\/07\\\/el-cd-denia-tiene-perfilada-su-pretemporada\\\/#breadcrumb\",\"itemListElement\":[{\"@type\":\"ListItem\",\"position\":1,\"name\":\"Portada\",\"item\":\"https:\\\/\\\/radiolitoral.com\\\/\"},{\"@type\":\"ListItem\",\"position\":2,\"name\":\"El CD D\u00e9nia tiene perfilada su pretemporada\"}]},{\"@type\":\"WebSite\",\"@id\":\"https:\\\/\\\/radiolitoral.com\\\/#website\",\"url\":\"https:\\\/\\\/radiolitoral.com\\\/\",\"name\":\"Radio Litoral\",\"description\":\"La radio local de la Marina Alta\",\"publisher\":{\"@id\":\"https:\\\/\\\/radiolitoral.com\\\/#organization\"},\"alternateName\":\"Litoral FM\",\"potentialAction\":[{\"@type\":\"SearchAction\",\"target\":{\"@type\":\"EntryPoint\",\"urlTemplate\":\"https:\\\/\\\/radiolitoral.com\\\/?s={search_term_string}\"},\"query-input\":{\"@type\":\"PropertyValueSpecification\",\"valueRequired\":true,\"valueName\":\"search_term_string\"}}],\"inLanguage\":\"ca\"},{\"@type\":\"Organization\",\"@id\":\"https:\\\/\\\/radiolitoral.com\\\/#organization\",\"name\":\"Radio Litoral\",\"url\":\"https:\\\/\\\/radiolitoral.com\\\/\",\"logo\":{\"@type\":\"ImageObject\",\"inLanguage\":\"ca\",\"@id\":\"https:\\\/\\\/radiolitoral.com\\\/#\\\/schema\\\/logo\\\/image\\\/\",\"url\":\"https:\\\/\\\/media.radiolitoral.com\\\/wp-content\\\/uploads\\\/2023\\\/02\\\/24143238\\\/CL-V-RadioLitoral696.png\",\"contentUrl\":\"https:\\\/\\\/media.radiolitoral.com\\\/wp-content\\\/uploads\\\/2023\\\/02\\\/24143238\\\/CL-V-RadioLitoral696.png\",\"width\":696,\"height\":696,\"caption\":\"Radio Litoral\"},\"image\":{\"@id\":\"https:\\\/\\\/radiolitoral.com\\\/#\\\/schema\\\/logo\\\/image\\\/\"},\"sameAs\":[\"https:\\\/\\\/www.facebook.com\\\/Laradiolitoral\\\/\"]},{\"@type\":\"Person\",\"@id\":\"https:\\\/\\\/radiolitoral.com\\\/#\\\/schema\\\/person\\\/7b1480b5caeb5acdd4ec6379caf62b22\",\"name\":\"Javier Zamora\",\"image\":{\"@type\":\"ImageObject\",\"inLanguage\":\"ca\",\"@id\":\"https:\\\/\\\/secure.gravatar.com\\\/avatar\\\/467a11f6918c7d619c4043fc6fa2d3853053107973f05b6e9c04ea6c4e3a7b3f?s=96&d=mm&r=g\",\"url\":\"https:\\\/\\\/secure.gravatar.com\\\/avatar\\\/467a11f6918c7d619c4043fc6fa2d3853053107973f05b6e9c04ea6c4e3a7b3f?s=96&d=mm&r=g\",\"contentUrl\":\"https:\\\/\\\/secure.gravatar.com\\\/avatar\\\/467a11f6918c7d619c4043fc6fa2d3853053107973f05b6e9c04ea6c4e3a7b3f?s=96&d=mm&r=g\",\"caption\":\"Javier Zamora\"},\"url\":\"https:\\\/\\\/radiolitoral.com\\\/ca\\\/author\\\/javier-zamora\\\/\"}]}<\/script>\n<!-- \/ Yoast SEO plugin. -->","yoast_head_json":{"title":"El CD D\u00e9nia t\u00e9 perfilada la pretemporada | R\u00e0dio Litoral","description":"El conjunt groguet disputar\u00e0 set partits de preparaci\u00f3, quatre com a local i tres com a visitants","robots":{"index":"index","follow":"follow","max-snippet":"max-snippet:-1","max-image-preview":"max-image-preview:large","max-video-preview":"max-video-preview:-1"},"canonical":"https:\/\/radiolitoral.com\/ca\/2025\/07\/el-cd-denia-te-perfilada-la-pretemporada\/","og_locale":"ca_ES","og_type":"article","og_title":"El CD D\u00e9nia tiene perfilada su pretemporada | R\u00e0dio Litoral","og_description":"El conjunto groguet disputar\u00e1 siete partidos de preparaci\u00f3n, cuatro de ellos como local y tres como visitantes","og_url":"https:\/\/radiolitoral.com\/ca\/2025\/07\/el-cd-denia-te-perfilada-la-pretemporada\/","og_site_name":"R\u00e0dio Litoral","article_publisher":"https:\/\/www.facebook.com\/Laradiolitoral\/","article_published_time":"2025-07-14T11:18:24+00:00","og_image":[{"width":2560,"height":1707,"url":"https:\/\/media.radiolitoral.com\/wp-content\/uploads\/2025\/07\/14130909\/DSC_1131-scaled.jpg","type":"image\/jpeg"}],"author":"Javier Zamora","twitter_card":"summary_large_image","twitter_misc":{"Escrit per":"Javier Zamora","Temps estimat de lectura":"2 minuts"},"schema":{"@context":"https:\/\/schema.org","@graph":[{"@type":"NewsArticle","@id":"https:\/\/radiolitoral.com\/2025\/07\/el-cd-denia-tiene-perfilada-su-pretemporada\/#article","isPartOf":{"@id":"https:\/\/radiolitoral.com\/2025\/07\/el-cd-denia-tiene-perfilada-su-pretemporada\/"},"author":{"name":"Javier Zamora","@id":"https:\/\/radiolitoral.com\/#\/schema\/person\/7b1480b5caeb5acdd4ec6379caf62b22"},"headline":"El CD D\u00e9nia tiene perfilada su pretemporada","datePublished":"2025-07-14T11:18:24+00:00","mainEntityOfPage":{"@id":"https:\/\/radiolitoral.com\/2025\/07\/el-cd-denia-tiene-perfilada-su-pretemporada\/"},"wordCount":258,"commentCount":0,"publisher":{"@id":"https:\/\/radiolitoral.com\/#organization"},"image":{"@id":"https:\/\/radiolitoral.com\/2025\/07\/el-cd-denia-tiene-perfilada-su-pretemporada\/#primaryimage"},"thumbnailUrl":"https:\/\/media.radiolitoral.com\/wp-content\/uploads\/2025\/07\/14130909\/DSC_1131-scaled.jpg","keywords":["campo Diego Mena","CD D\u00e9nia","CF Benitachell","CF Orba","deportes","Jos\u00e9 Cabe","Lliga Comunitat","Muro CF","Segunda Regional","UD Calpe","UD Oliva","UE Benifair\u00f3"],"articleSection":["Deportes"],"inLanguage":"ca","potentialAction":[{"@type":"CommentAction","name":"Comment","target":["https:\/\/radiolitoral.com\/2025\/07\/el-cd-denia-tiene-perfilada-su-pretemporada\/#respond"]}]},{"@type":["WebPage","ItemPage"],"@id":"https:\/\/radiolitoral.com\/2025\/07\/el-cd-denia-tiene-perfilada-su-pretemporada\/","url":"https:\/\/radiolitoral.com\/2025\/07\/el-cd-denia-tiene-perfilada-su-pretemporada\/","name":"El CD D\u00e9nia t\u00e9 perfilada la pretemporada | R\u00e0dio Litoral","isPartOf":{"@id":"https:\/\/radiolitoral.com\/#website"},"primaryImageOfPage":{"@id":"https:\/\/radiolitoral.com\/2025\/07\/el-cd-denia-tiene-perfilada-su-pretemporada\/#primaryimage"},"image":{"@id":"https:\/\/radiolitoral.com\/2025\/07\/el-cd-denia-tiene-perfilada-su-pretemporada\/#primaryimage"},"thumbnailUrl":"https:\/\/media.radiolitoral.com\/wp-content\/uploads\/2025\/07\/14130909\/DSC_1131-scaled.jpg","datePublished":"2025-07-14T11:18:24+00:00","description":"El conjunt groguet disputar\u00e0 set partits de preparaci\u00f3, quatre com a local i tres com a visitants","breadcrumb":{"@id":"https:\/\/radiolitoral.com\/2025\/07\/el-cd-denia-tiene-perfilada-su-pretemporada\/#breadcrumb"},"inLanguage":"ca","potentialAction":[{"@type":"ReadAction","target":["https:\/\/radiolitoral.com\/2025\/07\/el-cd-denia-tiene-perfilada-su-pretemporada\/"]}]},{"@type":"ImageObject","inLanguage":"ca","@id":"https:\/\/radiolitoral.com\/2025\/07\/el-cd-denia-tiene-perfilada-su-pretemporada\/#primaryimage","url":"https:\/\/media.radiolitoral.com\/wp-content\/uploads\/2025\/07\/14130909\/DSC_1131-scaled.jpg","contentUrl":"https:\/\/media.radiolitoral.com\/wp-content\/uploads\/2025\/07\/14130909\/DSC_1131-scaled.jpg","width":2560,"height":1707},{"@type":"BreadcrumbList","@id":"https:\/\/radiolitoral.com\/2025\/07\/el-cd-denia-tiene-perfilada-su-pretemporada\/#breadcrumb","itemListElement":[{"@type":"ListItem","position":1,"name":"Portada","item":"https:\/\/radiolitoral.com\/"},{"@type":"ListItem","position":2,"name":"El CD D\u00e9nia tiene perfilada su pretemporada"}]},{"@type":"WebSite","@id":"https:\/\/radiolitoral.com\/#website","url":"https:\/\/radiolitoral.com\/","name":"R\u00e0dio Litoral","description":"La r\u00e0dio local de la Marina Alta","publisher":{"@id":"https:\/\/radiolitoral.com\/#organization"},"alternateName":"Litoral FM","potentialAction":[{"@type":"SearchAction","target":{"@type":"EntryPoint","urlTemplate":"https:\/\/radiolitoral.com\/?s={search_term_string}"},"query-input":{"@type":"PropertyValueSpecification","valueRequired":true,"valueName":"search_term_string"}}],"inLanguage":"ca"},{"@type":"Organization","@id":"https:\/\/radiolitoral.com\/#organization","name":"R\u00e0dio Litoral","url":"https:\/\/radiolitoral.com\/","logo":{"@type":"ImageObject","inLanguage":"ca","@id":"https:\/\/radiolitoral.com\/#\/schema\/logo\/image\/","url":"https:\/\/media.radiolitoral.com\/wp-content\/uploads\/2023\/02\/24143238\/CL-V-RadioLitoral696.png","contentUrl":"https:\/\/media.radiolitoral.com\/wp-content\/uploads\/2023\/02\/24143238\/CL-V-RadioLitoral696.png","width":696,"height":696,"caption":"Radio Litoral"},"image":{"@id":"https:\/\/radiolitoral.com\/#\/schema\/logo\/image\/"},"sameAs":["https:\/\/www.facebook.com\/Laradiolitoral\/"]},{"@type":"Person","@id":"https:\/\/radiolitoral.com\/#\/schema\/person\/7b1480b5caeb5acdd4ec6379caf62b22","name":"Javier Zamora","image":{"@type":"ImageObject","inLanguage":"ca","@id":"https:\/\/secure.gravatar.com\/avatar\/467a11f6918c7d619c4043fc6fa2d3853053107973f05b6e9c04ea6c4e3a7b3f?s=96&d=mm&r=g","url":"https:\/\/secure.gravatar.com\/avatar\/467a11f6918c7d619c4043fc6fa2d3853053107973f05b6e9c04ea6c4e3a7b3f?s=96&d=mm&r=g","contentUrl":"https:\/\/secure.gravatar.com\/avatar\/467a11f6918c7d619c4043fc6fa2d3853053107973f05b6e9c04ea6c4e3a7b3f?s=96&d=mm&r=g","caption":"Javier Zamora"},"url":"https:\/\/radiolitoral.com\/ca\/author\/javier-zamora\/"}]}},"_links":{"self":[{"href":"https:\/\/radiolitoral.com\/ca\/wp-json\/wp\/v2\/posts\/17628","targetHints":{"allow":["GET"]}}],"collection":[{"href":"https:\/\/radiolitoral.com\/ca\/wp-json\/wp\/v2\/posts"}],"about":[{"href":"https:\/\/radiolitoral.com\/ca\/wp-json\/wp\/v2\/types\/post"}],"author":[{"embeddable":true,"href":"https:\/\/radiolitoral.com\/ca\/wp-json\/wp\/v2\/users\/12"}],"replies":[{"embeddable":true,"href":"https:\/\/radiolitoral.com\/ca\/wp-json\/wp\/v2\/comments?post=17628"}],"version-history":[{"count":2,"href":"https:\/\/radiolitoral.com\/ca\/wp-json\/wp\/v2\/posts\/17628\/revisions"}],"predecessor-version":[{"id":17631,"href":"https:\/\/radiolitoral.com\/ca\/wp-json\/wp\/v2\/posts\/17628\/revisions\/17631"}],"wp:featuredmedia":[{"embeddable":true,"href":"https:\/\/radiolitoral.com\/ca\/wp-json\/wp\/v2\/media\/17629"}],"wp:attachment":[{"href":"https:\/\/radiolitoral.com\/ca\/wp-json\/wp\/v2\/media?parent=17628"}],"wp:term":[{"taxonomy":"category","embeddable":true,"href":"https:\/\/radiolitoral.com\/ca\/wp-json\/wp\/v2\/categories?post=17628"},{"taxonomy":"post_tag","embeddable":true,"href":"https:\/\/radiolitoral.com\/ca\/wp-json\/wp\/v2\/tags?post=17628"}],"curies":[{"name":"wp","href":"https:\/\/api.w.org\/{rel}","templated":true}]}}