{"id":17614,"date":"2025-07-14T09:20:26","date_gmt":"2025-07-14T07:20:26","guid":{"rendered":"https:\/\/radiolitoral.com\/?p=17614"},"modified":"2025-07-14T09:20:26","modified_gmt":"2025-07-14T07:20:26","slug":"benissa-en-curt-arriba-per-promocionar-el-sete-art-de-l1-al-6-de-setembre","status":"publish","type":"post","link":"https:\/\/radiolitoral.com\/ca\/2025\/07\/benissa-en-corto-llega-para-promocionar-el-septimo-arte-del-1-al-6-de-septiembre\/","title":{"rendered":"Benissa a Corto arriba per promocionar el set\u00e8 art de l&#039;1 al 6 de setembre"},"content":{"rendered":"<p data-start=\"370\" data-end=\"701\">El passat <strong data-start=\"380\" data-end=\"391\">divendres<\/strong>, la hist\u00f2rica <strong data-start=\"406\" data-end=\"428\">casa de Pere Bigot<\/strong> va ser el lloc escollit per presentar oficialment <strong data-start=\"479\" data-end=\"499\">Benissa a Curt<\/strong>, un nou <strong data-start=\"510\" data-end=\"539\">festival de curtmetratges<\/strong> que tindr\u00e0 lloc del <strong data-start=\"561\" data-end=\"585\">1 al 6 de setembre<\/strong>. La proposta neix amb vocaci\u00f3 de continu\u00eftat i amb el suport d&#039;una participaci\u00f3 s\u00f2lida des de la fase inicial.<\/p>\n<p data-start=\"703\" data-end=\"900\">&quot;Hem rebut 800 curts, dels quals n&#039;hem seleccionat 45 per competir que es podran visualitzar els primers dies del festival&quot;, va anunciar durant l&#039;acte <strong data-start=\"863\" data-end=\"876\">Pere Font<\/strong>, director del certamen.<\/p>\n<h4 data-start=\"907\" data-end=\"964\"><strong data-start=\"907\" data-end=\"964\">Antonia San Juan, padrina del festival<\/strong><\/h4>\n<p data-start=\"966\" data-end=\"1327\">Una de les not\u00edcies m\u00e9s celebrades va ser desvetllada per l&#039;actriu local <strong data-start=\"1035\" data-end=\"1048\">Maria Mas<\/strong>, qui va comunicar amb emoci\u00f3: \u201cPer mi \u00e9s un honor anunciar que la Madrina del festival ser\u00e0 la gran Ant\u00f2nia Sant Joan\u201d. Com a part del tribut, el <strong data-start=\"1195\" data-end=\"1222\">divendres 5 de setembre<\/strong> es projectar\u00e0 una de les seves pel\u00b7l\u00edcules m\u00e9s reconegudes en un escenari singular: <strong data-start=\"1300\" data-end=\"1326\">la platja de la Fustera<\/strong>.<\/p>\n<p data-start=\"1377\" data-end=\"1697\">El festival comptar\u00e0 amb un <strong data-start=\"1404\" data-end=\"1428\">jurat d&#039;alt nivell<\/strong>, integrat per l&#039;actor i guanyador d&#039;un Goya <strong data-start=\"1474\" data-end=\"1492\">Alberto Ammann<\/strong>, el director i guionista <strong data-start=\"1518\" data-end=\"1536\">Esteve Crespo<\/strong>, l&#039;actor <strong data-start=\"1547\" data-end=\"1566\">Ferran Corral<\/strong>, l&#039;actriu <strong data-start=\"1578\" data-end=\"1594\">Rosa Catal\u00e0<\/strong> i la presidenta de l&#039;Associaci\u00f3 d&#039;Actors i Actrius Professionals Valencians, <strong data-start=\"1677\" data-end=\"1696\">Maria Almud\u00e9ver<\/strong>.<\/p>\n<h5 data-start=\"1704\" data-end=\"1735\"><strong data-start=\"1704\" data-end=\"1735\">Premis amb sabor benisser<\/strong><\/h5>\n<p data-start=\"1737\" data-end=\"2152\">En homenatge al llegat art\u00edstic local, els guardons del certamen portaran el nom de <strong data-start=\"1826\" data-end=\"1840\">Pere Bigot<\/strong>. Aix\u00ed ho va explicar <strong data-start=\"1857\" data-end=\"1874\">Ra\u00fal Mart\u00ednez<\/strong>, qui tamb\u00e9 va avan\u00e7ar que es lliuraran <strong data-start=\"1917\" data-end=\"1934\">nou premis<\/strong> en una gala final que se celebrar\u00e0 al <strong data-start=\"1976\" data-end=\"1994\">Taller d&#039;Ivars<\/strong>. &quot;Tindrem catifa vermella, vindran grand\u00edssims artistes del nostre cinema i, com a final de festa, gaudirem d&#039;una revetlla popular&quot;, va afegir <strong data-start=\"2138\" data-end=\"2151\">Pere Font<\/strong>.<\/p>\n<p data-start=\"2209\" data-end=\"2424\">L&#039;acte de presentaci\u00f3 tamb\u00e9 va comptar amb la pres\u00e8ncia de l&#039;empresari <strong data-start=\"2279\" data-end=\"2294\">Ximo Crespo<\/strong>, gerent del <strong data-start=\"2308\" data-end=\"2328\">Restaurant Rall<\/strong>, qui va expressar la seva implicaci\u00f3 des dels inicis del projecte: \u201cVaig apostar des del primer moment\u201d.<\/p>\n<p data-start=\"2426\" data-end=\"2930\">El <strong data-start=\"2429\" data-end=\"2456\">Ajuntament de Benissa<\/strong>, coorganitzador del festival, va estar representat pel <strong data-start=\"2513\" data-end=\"2538\">alcalde Arturo Poquet<\/strong> i la <strong data-start=\"2544\" data-end=\"2583\">regidora de Cultura, Pepa Bertomeu<\/strong>. Aquesta darrera va destacar la necessitat d&#039;apostar per noves formes d&#039;expressi\u00f3 art\u00edstica: \u201cA Benissa tenim una gran traject\u00f2ria cultural, tant amb els premis literaris &#039;25 d&#039;Abril&#039; com amb el Certamen de Pintura &#039;Salvador Soria&#039;, per\u00f2 necessit\u00e0vem fer una aposta decidida pel set\u00e8 art i amb Benissa a Corto ha arribat el<\/p>\n<p data-start=\"2932\" data-end=\"3255\" data-is-last-node=\"\" data-is-only-node=\"\">Va tancar l&#039;acte <strong data-start=\"2946\" data-end=\"2956\">Poquet<\/strong>, subratllant l&#039;orgull que suposa per al municipi aquest nou pas: &quot;Molt orgull\u00f3s que fem aquest gran pas al m\u00f3n del cinema. Aquest mes de setembre Benissa no es vestir\u00e0 de llarg, sin\u00f3 de &#039;curt&#039; per rebre grans artistes i donar a con\u00e8ixer el nostre municipi dins del m\u00f3n del cinema&quot;.<\/p>","protected":false},"excerpt":{"rendered":"<p>El pasado viernes, la hist\u00f3rica casa de Pere Bigot fue el lugar escogido para presentar oficialmente Benissa en Corto, un nuevo festival de cortometrajes que tendr\u00e1 lugar del 1 al 6 de septiembre. La propuesta nace con vocaci\u00f3n de continuidad y con el respaldo de una s\u00f3lida participaci\u00f3n desde su fase inicial. \u201cHemos recibido 800 [&#8230;]<\/p>\n<p><a class=\"btn btn-secondary understrap-read-more-link\" href=\"https:\/\/radiolitoral.com\/ca\/2025\/07\/benissa-en-corto-llega-para-promocionar-el-septimo-arte-del-1-al-6-de-septiembre\/\">Continua llegint&#8230;<span class=\"screen-reader-text\"> from \u00abBenissa en Corto\u00bb llega para promocionar el s\u00e9ptimo arte del 1 al 6 de septiembre<\/span><\/a><\/p>\n","protected":false},"author":14,"featured_media":17615,"comment_status":"open","ping_status":"closed","sticky":false,"template":"","format":"standard","meta":{"_acf_changed":false,"inline_featured_image":false,"footnotes":""},"categories":[55],"tags":[126,3302,56,4648],"class_list":["post-17614","post","type-post","status-publish","format-standard","has-post-thumbnail","hentry","category-cultura","tag-benissa","tag-benissa-en-corto","tag-cine","tag-festival-de-cortos","cobertura-benissa"],"acf":[],"yoast_head":"<!-- This site is optimized with the Yoast SEO plugin v27.5 - https:\/\/yoast.com\/product\/yoast-seo-wordpress\/ -->\n<title>&quot;Benissa en Corto&quot; llega para promocionar el s\u00e9ptimo arte del 1 al 6 de septiembre | R\u00e0dio Litoral<\/title>\n<meta name=\"description\" content=\"La Madrina del festival ser\u00e1 la actriz Antonia San Juan\" \/>\n<meta name=\"robots\" content=\"index, follow, max-snippet:-1, max-image-preview:large, max-video-preview:-1\" \/>\n<link rel=\"canonical\" href=\"https:\/\/radiolitoral.com\/ca\/2025\/07\/benissa-en-curt-arriba-per-promocionar-el-sete-art-de-l1-al-6-de-setembre\/\" \/>\n<meta property=\"og:locale\" content=\"ca_ES\" \/>\n<meta property=\"og:type\" content=\"article\" \/>\n<meta property=\"og:title\" content=\"&quot;Benissa en Corto&quot; llega para promocionar el s\u00e9ptimo arte del 1 al 6 de septiembre | R\u00e0dio Litoral\" \/>\n<meta property=\"og:description\" content=\"La Madrina del festival ser\u00e1 la actriz Antonia San Juan\" \/>\n<meta property=\"og:url\" content=\"https:\/\/radiolitoral.com\/ca\/2025\/07\/benissa-en-curt-arriba-per-promocionar-el-sete-art-de-l1-al-6-de-setembre\/\" \/>\n<meta property=\"og:site_name\" content=\"R\u00e0dio Litoral\" \/>\n<meta property=\"article:publisher\" content=\"https:\/\/www.facebook.com\/Laradiolitoral\/\" \/>\n<meta property=\"article:published_time\" content=\"2025-07-14T07:20:26+00:00\" \/>\n<meta property=\"og:image\" content=\"https:\/\/media.radiolitoral.com\/wp-content\/uploads\/2025\/07\/14091901\/Foto-presentaicon-Benissa-en-Corto-scaled-e1752477569631.png\" \/>\n\t<meta property=\"og:image:width\" content=\"2240\" \/>\n\t<meta property=\"og:image:height\" content=\"1417\" \/>\n\t<meta property=\"og:image:type\" content=\"image\/png\" \/>\n<meta name=\"author\" content=\"Redacci\u00f3n\" \/>\n<meta name=\"twitter:card\" content=\"summary_large_image\" \/>\n<meta name=\"twitter:label1\" content=\"Escrit per\" \/>\n\t<meta name=\"twitter:data1\" content=\"Redacci\u00f3n\" \/>\n\t<meta name=\"twitter:label2\" content=\"Temps estimat de lectura\" \/>\n\t<meta name=\"twitter:data2\" content=\"3 minuts\" \/>\n<script type=\"application\/ld+json\" class=\"yoast-schema-graph\">{\"@context\":\"https:\\\/\\\/schema.org\",\"@graph\":[{\"@type\":\"NewsArticle\",\"@id\":\"https:\\\/\\\/radiolitoral.com\\\/2025\\\/07\\\/benissa-en-corto-llega-para-promocionar-el-septimo-arte-del-1-al-6-de-septiembre\\\/#article\",\"isPartOf\":{\"@id\":\"https:\\\/\\\/radiolitoral.com\\\/2025\\\/07\\\/benissa-en-corto-llega-para-promocionar-el-septimo-arte-del-1-al-6-de-septiembre\\\/\"},\"author\":{\"name\":\"Redacci\u00f3n\",\"@id\":\"https:\\\/\\\/radiolitoral.com\\\/#\\\/schema\\\/person\\\/96b739642eb3bedb532aac3812d23307\"},\"headline\":\"\u00abBenissa en Corto\u00bb llega para promocionar el s\u00e9ptimo arte del 1 al 6 de septiembre\",\"datePublished\":\"2025-07-14T07:20:26+00:00\",\"mainEntityOfPage\":{\"@id\":\"https:\\\/\\\/radiolitoral.com\\\/2025\\\/07\\\/benissa-en-corto-llega-para-promocionar-el-septimo-arte-del-1-al-6-de-septiembre\\\/\"},\"wordCount\":466,\"commentCount\":0,\"publisher\":{\"@id\":\"https:\\\/\\\/radiolitoral.com\\\/#organization\"},\"image\":{\"@id\":\"https:\\\/\\\/radiolitoral.com\\\/2025\\\/07\\\/benissa-en-corto-llega-para-promocionar-el-septimo-arte-del-1-al-6-de-septiembre\\\/#primaryimage\"},\"thumbnailUrl\":\"https:\\\/\\\/media.radiolitoral.com\\\/wp-content\\\/uploads\\\/2025\\\/07\\\/14091901\\\/Foto-presentaicon-Benissa-en-Corto-scaled-e1752477569631.png\",\"keywords\":[\"Benissa\",\"Benissa en Corto\",\"Cine\",\"festival de cortos\"],\"articleSection\":[\"Cultura\"],\"inLanguage\":\"ca\",\"potentialAction\":[{\"@type\":\"CommentAction\",\"name\":\"Comment\",\"target\":[\"https:\\\/\\\/radiolitoral.com\\\/2025\\\/07\\\/benissa-en-corto-llega-para-promocionar-el-septimo-arte-del-1-al-6-de-septiembre\\\/#respond\"]}]},{\"@type\":[\"WebPage\",\"ItemPage\"],\"@id\":\"https:\\\/\\\/radiolitoral.com\\\/2025\\\/07\\\/benissa-en-corto-llega-para-promocionar-el-septimo-arte-del-1-al-6-de-septiembre\\\/\",\"url\":\"https:\\\/\\\/radiolitoral.com\\\/2025\\\/07\\\/benissa-en-corto-llega-para-promocionar-el-septimo-arte-del-1-al-6-de-septiembre\\\/\",\"name\":\"\\\"Benissa en Corto\\\" llega para promocionar el s\u00e9ptimo arte del 1 al 6 de septiembre | R\u00e0dio Litoral\",\"isPartOf\":{\"@id\":\"https:\\\/\\\/radiolitoral.com\\\/#website\"},\"primaryImageOfPage\":{\"@id\":\"https:\\\/\\\/radiolitoral.com\\\/2025\\\/07\\\/benissa-en-corto-llega-para-promocionar-el-septimo-arte-del-1-al-6-de-septiembre\\\/#primaryimage\"},\"image\":{\"@id\":\"https:\\\/\\\/radiolitoral.com\\\/2025\\\/07\\\/benissa-en-corto-llega-para-promocionar-el-septimo-arte-del-1-al-6-de-septiembre\\\/#primaryimage\"},\"thumbnailUrl\":\"https:\\\/\\\/media.radiolitoral.com\\\/wp-content\\\/uploads\\\/2025\\\/07\\\/14091901\\\/Foto-presentaicon-Benissa-en-Corto-scaled-e1752477569631.png\",\"datePublished\":\"2025-07-14T07:20:26+00:00\",\"description\":\"La Madrina del festival ser\u00e1 la actriz Antonia San Juan\",\"breadcrumb\":{\"@id\":\"https:\\\/\\\/radiolitoral.com\\\/2025\\\/07\\\/benissa-en-corto-llega-para-promocionar-el-septimo-arte-del-1-al-6-de-septiembre\\\/#breadcrumb\"},\"inLanguage\":\"ca\",\"potentialAction\":[{\"@type\":\"ReadAction\",\"target\":[\"https:\\\/\\\/radiolitoral.com\\\/2025\\\/07\\\/benissa-en-corto-llega-para-promocionar-el-septimo-arte-del-1-al-6-de-septiembre\\\/\"]}]},{\"@type\":\"ImageObject\",\"inLanguage\":\"ca\",\"@id\":\"https:\\\/\\\/radiolitoral.com\\\/2025\\\/07\\\/benissa-en-corto-llega-para-promocionar-el-septimo-arte-del-1-al-6-de-septiembre\\\/#primaryimage\",\"url\":\"https:\\\/\\\/media.radiolitoral.com\\\/wp-content\\\/uploads\\\/2025\\\/07\\\/14091901\\\/Foto-presentaicon-Benissa-en-Corto-scaled-e1752477569631.png\",\"contentUrl\":\"https:\\\/\\\/media.radiolitoral.com\\\/wp-content\\\/uploads\\\/2025\\\/07\\\/14091901\\\/Foto-presentaicon-Benissa-en-Corto-scaled-e1752477569631.png\",\"width\":2240,\"height\":1417},{\"@type\":\"BreadcrumbList\",\"@id\":\"https:\\\/\\\/radiolitoral.com\\\/2025\\\/07\\\/benissa-en-corto-llega-para-promocionar-el-septimo-arte-del-1-al-6-de-septiembre\\\/#breadcrumb\",\"itemListElement\":[{\"@type\":\"ListItem\",\"position\":1,\"name\":\"Portada\",\"item\":\"https:\\\/\\\/radiolitoral.com\\\/\"},{\"@type\":\"ListItem\",\"position\":2,\"name\":\"\u00abBenissa en Corto\u00bb llega para promocionar el s\u00e9ptimo arte del 1 al 6 de septiembre\"}]},{\"@type\":\"WebSite\",\"@id\":\"https:\\\/\\\/radiolitoral.com\\\/#website\",\"url\":\"https:\\\/\\\/radiolitoral.com\\\/\",\"name\":\"Radio Litoral\",\"description\":\"La radio local de la Marina Alta\",\"publisher\":{\"@id\":\"https:\\\/\\\/radiolitoral.com\\\/#organization\"},\"alternateName\":\"Litoral FM\",\"potentialAction\":[{\"@type\":\"SearchAction\",\"target\":{\"@type\":\"EntryPoint\",\"urlTemplate\":\"https:\\\/\\\/radiolitoral.com\\\/?s={search_term_string}\"},\"query-input\":{\"@type\":\"PropertyValueSpecification\",\"valueRequired\":true,\"valueName\":\"search_term_string\"}}],\"inLanguage\":\"ca\"},{\"@type\":\"Organization\",\"@id\":\"https:\\\/\\\/radiolitoral.com\\\/#organization\",\"name\":\"Radio Litoral\",\"url\":\"https:\\\/\\\/radiolitoral.com\\\/\",\"logo\":{\"@type\":\"ImageObject\",\"inLanguage\":\"ca\",\"@id\":\"https:\\\/\\\/radiolitoral.com\\\/#\\\/schema\\\/logo\\\/image\\\/\",\"url\":\"https:\\\/\\\/media.radiolitoral.com\\\/wp-content\\\/uploads\\\/2023\\\/02\\\/24143238\\\/CL-V-RadioLitoral696.png\",\"contentUrl\":\"https:\\\/\\\/media.radiolitoral.com\\\/wp-content\\\/uploads\\\/2023\\\/02\\\/24143238\\\/CL-V-RadioLitoral696.png\",\"width\":696,\"height\":696,\"caption\":\"Radio Litoral\"},\"image\":{\"@id\":\"https:\\\/\\\/radiolitoral.com\\\/#\\\/schema\\\/logo\\\/image\\\/\"},\"sameAs\":[\"https:\\\/\\\/www.facebook.com\\\/Laradiolitoral\\\/\"]},{\"@type\":\"Person\",\"@id\":\"https:\\\/\\\/radiolitoral.com\\\/#\\\/schema\\\/person\\\/96b739642eb3bedb532aac3812d23307\",\"name\":\"Redacci\u00f3n\",\"image\":{\"@type\":\"ImageObject\",\"inLanguage\":\"ca\",\"@id\":\"https:\\\/\\\/secure.gravatar.com\\\/avatar\\\/30cd06129ee90411dd9c7cbdcf17464181d1a3c7b072e92070ea75a25cf0097e?s=96&d=mm&r=g\",\"url\":\"https:\\\/\\\/secure.gravatar.com\\\/avatar\\\/30cd06129ee90411dd9c7cbdcf17464181d1a3c7b072e92070ea75a25cf0097e?s=96&d=mm&r=g\",\"contentUrl\":\"https:\\\/\\\/secure.gravatar.com\\\/avatar\\\/30cd06129ee90411dd9c7cbdcf17464181d1a3c7b072e92070ea75a25cf0097e?s=96&d=mm&r=g\",\"caption\":\"Redacci\u00f3n\"},\"url\":\"https:\\\/\\\/radiolitoral.com\\\/ca\\\/author\\\/kevin-carrio\\\/\"}]}<\/script>\n<!-- \/ Yoast SEO plugin. -->","yoast_head_json":{"title":"Benissa a Corto arriba per promocionar el set\u00e8 art de l&#039;1 al 6 de setembre | R\u00e0dio Litoral","description":"La padrina del festival ser\u00e0 l&#039;actriu Antonia San Juan","robots":{"index":"index","follow":"follow","max-snippet":"max-snippet:-1","max-image-preview":"max-image-preview:large","max-video-preview":"max-video-preview:-1"},"canonical":"https:\/\/radiolitoral.com\/ca\/2025\/07\/benissa-en-curt-arriba-per-promocionar-el-sete-art-de-l1-al-6-de-setembre\/","og_locale":"ca_ES","og_type":"article","og_title":"\"Benissa en Corto\" llega para promocionar el s\u00e9ptimo arte del 1 al 6 de septiembre | R\u00e0dio Litoral","og_description":"La Madrina del festival ser\u00e1 la actriz Antonia San Juan","og_url":"https:\/\/radiolitoral.com\/ca\/2025\/07\/benissa-en-curt-arriba-per-promocionar-el-sete-art-de-l1-al-6-de-setembre\/","og_site_name":"R\u00e0dio Litoral","article_publisher":"https:\/\/www.facebook.com\/Laradiolitoral\/","article_published_time":"2025-07-14T07:20:26+00:00","og_image":[{"width":2240,"height":1417,"url":"https:\/\/media.radiolitoral.com\/wp-content\/uploads\/2025\/07\/14091901\/Foto-presentaicon-Benissa-en-Corto-scaled-e1752477569631.png","type":"image\/png"}],"author":"Redacci\u00f3n","twitter_card":"summary_large_image","twitter_misc":{"Escrit per":"Redacci\u00f3n","Temps estimat de lectura":"3 minuts"},"schema":{"@context":"https:\/\/schema.org","@graph":[{"@type":"NewsArticle","@id":"https:\/\/radiolitoral.com\/2025\/07\/benissa-en-corto-llega-para-promocionar-el-septimo-arte-del-1-al-6-de-septiembre\/#article","isPartOf":{"@id":"https:\/\/radiolitoral.com\/2025\/07\/benissa-en-corto-llega-para-promocionar-el-septimo-arte-del-1-al-6-de-septiembre\/"},"author":{"name":"Redacci\u00f3n","@id":"https:\/\/radiolitoral.com\/#\/schema\/person\/96b739642eb3bedb532aac3812d23307"},"headline":"\u00abBenissa en Corto\u00bb llega para promocionar el s\u00e9ptimo arte del 1 al 6 de septiembre","datePublished":"2025-07-14T07:20:26+00:00","mainEntityOfPage":{"@id":"https:\/\/radiolitoral.com\/2025\/07\/benissa-en-corto-llega-para-promocionar-el-septimo-arte-del-1-al-6-de-septiembre\/"},"wordCount":466,"commentCount":0,"publisher":{"@id":"https:\/\/radiolitoral.com\/#organization"},"image":{"@id":"https:\/\/radiolitoral.com\/2025\/07\/benissa-en-corto-llega-para-promocionar-el-septimo-arte-del-1-al-6-de-septiembre\/#primaryimage"},"thumbnailUrl":"https:\/\/media.radiolitoral.com\/wp-content\/uploads\/2025\/07\/14091901\/Foto-presentaicon-Benissa-en-Corto-scaled-e1752477569631.png","keywords":["Benissa","Benissa en Corto","Cine","festival de cortos"],"articleSection":["Cultura"],"inLanguage":"ca","potentialAction":[{"@type":"CommentAction","name":"Comment","target":["https:\/\/radiolitoral.com\/2025\/07\/benissa-en-corto-llega-para-promocionar-el-septimo-arte-del-1-al-6-de-septiembre\/#respond"]}]},{"@type":["WebPage","ItemPage"],"@id":"https:\/\/radiolitoral.com\/2025\/07\/benissa-en-corto-llega-para-promocionar-el-septimo-arte-del-1-al-6-de-septiembre\/","url":"https:\/\/radiolitoral.com\/2025\/07\/benissa-en-corto-llega-para-promocionar-el-septimo-arte-del-1-al-6-de-septiembre\/","name":"Benissa a Corto arriba per promocionar el set\u00e8 art de l&#039;1 al 6 de setembre | R\u00e0dio Litoral","isPartOf":{"@id":"https:\/\/radiolitoral.com\/#website"},"primaryImageOfPage":{"@id":"https:\/\/radiolitoral.com\/2025\/07\/benissa-en-corto-llega-para-promocionar-el-septimo-arte-del-1-al-6-de-septiembre\/#primaryimage"},"image":{"@id":"https:\/\/radiolitoral.com\/2025\/07\/benissa-en-corto-llega-para-promocionar-el-septimo-arte-del-1-al-6-de-septiembre\/#primaryimage"},"thumbnailUrl":"https:\/\/media.radiolitoral.com\/wp-content\/uploads\/2025\/07\/14091901\/Foto-presentaicon-Benissa-en-Corto-scaled-e1752477569631.png","datePublished":"2025-07-14T07:20:26+00:00","description":"La padrina del festival ser\u00e0 l&#039;actriu Antonia San Juan","breadcrumb":{"@id":"https:\/\/radiolitoral.com\/2025\/07\/benissa-en-corto-llega-para-promocionar-el-septimo-arte-del-1-al-6-de-septiembre\/#breadcrumb"},"inLanguage":"ca","potentialAction":[{"@type":"ReadAction","target":["https:\/\/radiolitoral.com\/2025\/07\/benissa-en-corto-llega-para-promocionar-el-septimo-arte-del-1-al-6-de-septiembre\/"]}]},{"@type":"ImageObject","inLanguage":"ca","@id":"https:\/\/radiolitoral.com\/2025\/07\/benissa-en-corto-llega-para-promocionar-el-septimo-arte-del-1-al-6-de-septiembre\/#primaryimage","url":"https:\/\/media.radiolitoral.com\/wp-content\/uploads\/2025\/07\/14091901\/Foto-presentaicon-Benissa-en-Corto-scaled-e1752477569631.png","contentUrl":"https:\/\/media.radiolitoral.com\/wp-content\/uploads\/2025\/07\/14091901\/Foto-presentaicon-Benissa-en-Corto-scaled-e1752477569631.png","width":2240,"height":1417},{"@type":"BreadcrumbList","@id":"https:\/\/radiolitoral.com\/2025\/07\/benissa-en-corto-llega-para-promocionar-el-septimo-arte-del-1-al-6-de-septiembre\/#breadcrumb","itemListElement":[{"@type":"ListItem","position":1,"name":"Portada","item":"https:\/\/radiolitoral.com\/"},{"@type":"ListItem","position":2,"name":"\u00abBenissa en Corto\u00bb llega para promocionar el s\u00e9ptimo arte del 1 al 6 de septiembre"}]},{"@type":"WebSite","@id":"https:\/\/radiolitoral.com\/#website","url":"https:\/\/radiolitoral.com\/","name":"R\u00e0dio Litoral","description":"La r\u00e0dio local de la Marina Alta","publisher":{"@id":"https:\/\/radiolitoral.com\/#organization"},"alternateName":"Litoral FM","potentialAction":[{"@type":"SearchAction","target":{"@type":"EntryPoint","urlTemplate":"https:\/\/radiolitoral.com\/?s={search_term_string}"},"query-input":{"@type":"PropertyValueSpecification","valueRequired":true,"valueName":"search_term_string"}}],"inLanguage":"ca"},{"@type":"Organization","@id":"https:\/\/radiolitoral.com\/#organization","name":"R\u00e0dio Litoral","url":"https:\/\/radiolitoral.com\/","logo":{"@type":"ImageObject","inLanguage":"ca","@id":"https:\/\/radiolitoral.com\/#\/schema\/logo\/image\/","url":"https:\/\/media.radiolitoral.com\/wp-content\/uploads\/2023\/02\/24143238\/CL-V-RadioLitoral696.png","contentUrl":"https:\/\/media.radiolitoral.com\/wp-content\/uploads\/2023\/02\/24143238\/CL-V-RadioLitoral696.png","width":696,"height":696,"caption":"Radio Litoral"},"image":{"@id":"https:\/\/radiolitoral.com\/#\/schema\/logo\/image\/"},"sameAs":["https:\/\/www.facebook.com\/Laradiolitoral\/"]},{"@type":"Person","@id":"https:\/\/radiolitoral.com\/#\/schema\/person\/96b739642eb3bedb532aac3812d23307","name":"Redacci\u00f3","image":{"@type":"ImageObject","inLanguage":"ca","@id":"https:\/\/secure.gravatar.com\/avatar\/30cd06129ee90411dd9c7cbdcf17464181d1a3c7b072e92070ea75a25cf0097e?s=96&d=mm&r=g","url":"https:\/\/secure.gravatar.com\/avatar\/30cd06129ee90411dd9c7cbdcf17464181d1a3c7b072e92070ea75a25cf0097e?s=96&d=mm&r=g","contentUrl":"https:\/\/secure.gravatar.com\/avatar\/30cd06129ee90411dd9c7cbdcf17464181d1a3c7b072e92070ea75a25cf0097e?s=96&d=mm&r=g","caption":"Redacci\u00f3n"},"url":"https:\/\/radiolitoral.com\/ca\/author\/kevin-carrio\/"}]}},"_links":{"self":[{"href":"https:\/\/radiolitoral.com\/ca\/wp-json\/wp\/v2\/posts\/17614","targetHints":{"allow":["GET"]}}],"collection":[{"href":"https:\/\/radiolitoral.com\/ca\/wp-json\/wp\/v2\/posts"}],"about":[{"href":"https:\/\/radiolitoral.com\/ca\/wp-json\/wp\/v2\/types\/post"}],"author":[{"embeddable":true,"href":"https:\/\/radiolitoral.com\/ca\/wp-json\/wp\/v2\/users\/14"}],"replies":[{"embeddable":true,"href":"https:\/\/radiolitoral.com\/ca\/wp-json\/wp\/v2\/comments?post=17614"}],"version-history":[{"count":1,"href":"https:\/\/radiolitoral.com\/ca\/wp-json\/wp\/v2\/posts\/17614\/revisions"}],"predecessor-version":[{"id":17616,"href":"https:\/\/radiolitoral.com\/ca\/wp-json\/wp\/v2\/posts\/17614\/revisions\/17616"}],"wp:featuredmedia":[{"embeddable":true,"href":"https:\/\/radiolitoral.com\/ca\/wp-json\/wp\/v2\/media\/17615"}],"wp:attachment":[{"href":"https:\/\/radiolitoral.com\/ca\/wp-json\/wp\/v2\/media?parent=17614"}],"wp:term":[{"taxonomy":"category","embeddable":true,"href":"https:\/\/radiolitoral.com\/ca\/wp-json\/wp\/v2\/categories?post=17614"},{"taxonomy":"post_tag","embeddable":true,"href":"https:\/\/radiolitoral.com\/ca\/wp-json\/wp\/v2\/tags?post=17614"}],"curies":[{"name":"wp","href":"https:\/\/api.w.org\/{rel}","templated":true}]}}