{"id":17575,"date":"2025-07-08T12:19:03","date_gmt":"2025-07-08T10:19:03","guid":{"rendered":"https:\/\/radiolitoral.com\/?p=17575"},"modified":"2025-07-10T12:21:00","modified_gmt":"2025-07-10T10:21:00","slug":"benitatxell-organitza-una-xerrada-amb-taller-practic-per-a-residents-internacionals","status":"publish","type":"post","link":"https:\/\/radiolitoral.com\/ca\/2025\/07\/benitatxell-organiza-una-charla-con-taller-practico-para-residentes-internacionales\/","title":{"rendered":"Benitatxell organitza una xerrada amb taller pr\u00e0ctic per a residents internacionals"},"content":{"rendered":"<p data-start=\"150\" data-end=\"426\">Dimecres que ve 9 de juliol, l&#039;Ajuntament de <strong data-start=\"206\" data-end=\"237\">El Poble Nou de Benitatxell<\/strong>, a trav\u00e9s de la Regidoria del Major, Salut i Serveis Socials, celebrar\u00e0 una <strong data-start=\"318\" data-end=\"361\">jornada informativa amb taller pr\u00e0ctic<\/strong> dirigida a la comunitat internacional resident al municipi.<\/p>\n<p data-start=\"428\" data-end=\"758\">L&#039;activitat, que es desenvolupar\u00e0 a partir de les <strong data-start=\"478\" data-end=\"512\">10:00 h a l&#039;Edifici El Puig<\/strong> (seu de Protecci\u00f3 Civil, davant del col\u00b7legi Lady Elizabeth), t\u00e9 com a objectiu facilitar l&#039;acc\u00e9s a informaci\u00f3 \u00fatil sobre els serveis municipals, especialment a les persones estrangeres que viuen a zones allunyades del nucli urb\u00e0.<\/p>\n<p data-start=\"760\" data-end=\"1015\">Sota el nom de <strong data-start=\"778\" data-end=\"806\">&#039;Connecta&#039;t al teu poble&#039;<\/strong>, aquesta iniciativa neix amb la voluntat de <strong data-start=\"848\" data-end=\"877\">reduir la bretxa digital<\/strong> que afecta tant persones grans com residents internacionals, fomentant aix\u00ed una major integraci\u00f3 i connexi\u00f3 amb la vida local.<\/p>\n<p data-start=\"760\" data-end=\"1015\"><img loading=\"lazy\" decoding=\"async\" class=\"alignnone wp-image-17580 size-full\" src=\"https:\/\/media.radiolitoral.com\/wp-content\/uploads\/2025\/07\/10121303\/Benitatxell.jpg\" alt=\"\" width=\"1414\" height=\"2000\" srcset=\"https:\/\/media.radiolitoral.com\/wp-content\/uploads\/2025\/07\/10121303\/Benitatxell.jpg 1414w, https:\/\/media.radiolitoral.com\/wp-content\/uploads\/2025\/07\/10121303\/Benitatxell-212x300.jpg 212w, https:\/\/media.radiolitoral.com\/wp-content\/uploads\/2025\/07\/10121303\/Benitatxell-724x1024.jpg 724w, https:\/\/media.radiolitoral.com\/wp-content\/uploads\/2025\/07\/10121303\/Benitatxell-768x1086.jpg 768w, https:\/\/media.radiolitoral.com\/wp-content\/uploads\/2025\/07\/10121303\/Benitatxell-1086x1536.jpg 1086w, https:\/\/media.radiolitoral.com\/wp-content\/uploads\/2025\/07\/10121303\/Benitatxell-8x12.jpg 8w, https:\/\/media.radiolitoral.com\/wp-content\/uploads\/2025\/07\/10121303\/Benitatxell-707x1000.jpg 707w, https:\/\/media.radiolitoral.com\/wp-content\/uploads\/2025\/07\/10121303\/Benitatxell-71x100.jpg 71w, https:\/\/media.radiolitoral.com\/wp-content\/uploads\/2025\/07\/10121303\/Benitatxell-141x200.jpg 141w\" sizes=\"auto, (max-width: 1414px) 100vw, 1414px\" \/><\/p>\n<p data-start=\"134\" data-end=\"522\">L&#039;Ajuntament posa a la disposici\u00f3 de la ciutadania un canal de WhatsApp que ofereix informaci\u00f3 rellevant del municipi, incloent not\u00edcies sobre el centre m\u00e8dic, activitats, alertes i molt m\u00e9s. Aquesta eina, que es pot configurar en valenci\u00e0, castell\u00e0 i angl\u00e8s, cerca no nom\u00e9s reduir la bretxa digital, sin\u00f3 tamb\u00e9 facilitar la comunicaci\u00f3 superant barreres idiom\u00e0tiques.<\/p>\n<p data-start=\"524\" data-end=\"666\">Actualment, <strong>el canal compta amb m\u00e9s de 1.500 usuaris registrats: 639 amb la configuraci\u00f3 en angl\u00e8s, 643 en castell\u00e0 i 233 en valenci\u00e0.<\/strong><\/p>\n<p data-start=\"668\" data-end=\"939\">Per ampliar l&#039;abast d&#039;aquest servei, les regidories implicades treballen amb el personal t\u00e8cnic dels departaments de Comunicaci\u00f3 i Inform\u00e0tica, a m\u00e9s de comptar amb el suport de voluntaris i volunt\u00e0ries de diverses urbanitzacions, com Margaret Hale.<\/p>\n<p data-start=\"941\" data-end=\"1321\">La regidora responsable, Isa Garrido, <strong>ha animat la comunitat a convidar persones grans o residents estrangers que encara no utilitzen el canal a participar al taller que es realitzar\u00e0 dimecres<\/strong>. Durant aquesta sessi\u00f3, els assistents aprendran a manejar l&#039;eina, configurar-la al vostre idioma preferit i aix\u00ed mantenir-se millor informats i connectats amb el municipi.<\/p>","protected":false},"excerpt":{"rendered":"<p>El pr\u00f3ximo mi\u00e9rcoles 9 de julio, el Ayuntamiento de El Poble Nou de Benitatxell, a trav\u00e9s de la Concejal\u00eda del Mayor, Salud y Servicios Sociales, celebrar\u00e1 una jornada informativa con taller pr\u00e1ctico dirigida a la comunidad internacional residente en el municipio. La actividad, que se desarrollar\u00e1 a partir de las 10:00 h en el Edificio [&#8230;]<\/p>\n<p><a class=\"btn btn-secondary understrap-read-more-link\" href=\"https:\/\/radiolitoral.com\/ca\/2025\/07\/benitatxell-organiza-una-charla-con-taller-practico-para-residentes-internacionales\/\">Continua llegint&#8230;<span class=\"screen-reader-text\"> from Benitatxell organiza una charla con taller pr\u00e1ctico para residentes internacionales<\/span><\/a><\/p>\n","protected":false},"author":13,"featured_media":10474,"comment_status":"open","ping_status":"closed","sticky":false,"template":"","format":"standard","meta":{"_acf_changed":false,"inline_featured_image":false,"footnotes":""},"categories":[46],"tags":[184,698,4638,4637],"class_list":["post-17575","post","type-post","status-publish","format-standard","has-post-thumbnail","hentry","category-sociedad","tag-benitatxell","tag-brecha-digital","tag-conectate-en-tu-pueblo","tag-residentes-extranjeros","cobertura-poble-nou-de-benitatxell"],"acf":[],"yoast_head":"<!-- This site is optimized with the Yoast SEO plugin v27.5 - https:\/\/yoast.com\/product\/yoast-seo-wordpress\/ -->\n<title>Benitatxell organiza una charla con taller pr\u00e1ctico para residentes internacionales | R\u00e0dio Litoral<\/title>\n<meta name=\"description\" content=\"La jornada se titula &quot;Con\u00e9ctate en tu pueblo&quot; y tiene como objetivo reducir la brecha digital\" \/>\n<meta name=\"robots\" content=\"index, follow, max-snippet:-1, max-image-preview:large, max-video-preview:-1\" \/>\n<link rel=\"canonical\" href=\"https:\/\/radiolitoral.com\/ca\/2025\/07\/benitatxell-organitza-una-xerrada-amb-taller-practic-per-a-residents-internacionals\/\" \/>\n<meta property=\"og:locale\" content=\"ca_ES\" \/>\n<meta property=\"og:type\" content=\"article\" \/>\n<meta property=\"og:title\" content=\"Benitatxell organiza una charla con taller pr\u00e1ctico para residentes internacionales | R\u00e0dio Litoral\" \/>\n<meta property=\"og:description\" content=\"La jornada se titula &quot;Con\u00e9ctate en tu pueblo&quot; y tiene como objetivo reducir la brecha digital\" \/>\n<meta property=\"og:url\" content=\"https:\/\/radiolitoral.com\/ca\/2025\/07\/benitatxell-organitza-una-xerrada-amb-taller-practic-per-a-residents-internacionals\/\" \/>\n<meta property=\"og:site_name\" content=\"R\u00e0dio Litoral\" \/>\n<meta property=\"article:publisher\" content=\"https:\/\/www.facebook.com\/Laradiolitoral\/\" \/>\n<meta property=\"article:published_time\" content=\"2025-07-08T10:19:03+00:00\" \/>\n<meta property=\"article:modified_time\" content=\"2025-07-10T10:21:00+00:00\" \/>\n<meta property=\"og:image\" content=\"https:\/\/media.radiolitoral.com\/wp-content\/uploads\/2024\/08\/01192025\/plaza-les-pesqueres-benitatxell.jpg\" \/>\n\t<meta property=\"og:image:width\" content=\"1024\" \/>\n\t<meta property=\"og:image:height\" content=\"702\" \/>\n\t<meta property=\"og:image:type\" content=\"image\/jpeg\" \/>\n<meta name=\"author\" content=\"Redacci\u00f3n\" \/>\n<meta name=\"twitter:card\" content=\"summary_large_image\" \/>\n<meta name=\"twitter:label1\" content=\"Escrit per\" \/>\n\t<meta name=\"twitter:data1\" content=\"Redacci\u00f3n\" \/>\n\t<meta name=\"twitter:label2\" content=\"Temps estimat de lectura\" \/>\n\t<meta name=\"twitter:data2\" content=\"2 minuts\" \/>\n<script type=\"application\/ld+json\" class=\"yoast-schema-graph\">{\"@context\":\"https:\\\/\\\/schema.org\",\"@graph\":[{\"@type\":\"NewsArticle\",\"@id\":\"https:\\\/\\\/radiolitoral.com\\\/2025\\\/07\\\/benitatxell-organiza-una-charla-con-taller-practico-para-residentes-internacionales\\\/#article\",\"isPartOf\":{\"@id\":\"https:\\\/\\\/radiolitoral.com\\\/2025\\\/07\\\/benitatxell-organiza-una-charla-con-taller-practico-para-residentes-internacionales\\\/\"},\"author\":{\"name\":\"Redacci\u00f3n\",\"@id\":\"https:\\\/\\\/radiolitoral.com\\\/#\\\/schema\\\/person\\\/f2b2343c49b5d721857cc1002bfdb151\"},\"headline\":\"Benitatxell organiza una charla con taller pr\u00e1ctico para residentes internacionales\",\"datePublished\":\"2025-07-08T10:19:03+00:00\",\"dateModified\":\"2025-07-10T10:21:00+00:00\",\"mainEntityOfPage\":{\"@id\":\"https:\\\/\\\/radiolitoral.com\\\/2025\\\/07\\\/benitatxell-organiza-una-charla-con-taller-practico-para-residentes-internacionales\\\/\"},\"wordCount\":348,\"commentCount\":0,\"publisher\":{\"@id\":\"https:\\\/\\\/radiolitoral.com\\\/#organization\"},\"image\":{\"@id\":\"https:\\\/\\\/radiolitoral.com\\\/2025\\\/07\\\/benitatxell-organiza-una-charla-con-taller-practico-para-residentes-internacionales\\\/#primaryimage\"},\"thumbnailUrl\":\"https:\\\/\\\/media.radiolitoral.com\\\/wp-content\\\/uploads\\\/2024\\\/08\\\/01192025\\\/plaza-les-pesqueres-benitatxell.jpg\",\"keywords\":[\"Benitatxell\",\"brecha digital\",\"Con\u00e9ctate en tu pueblo\",\"Residentes extranjeros\"],\"articleSection\":[\"Sociedad\"],\"inLanguage\":\"ca\",\"potentialAction\":[{\"@type\":\"CommentAction\",\"name\":\"Comment\",\"target\":[\"https:\\\/\\\/radiolitoral.com\\\/2025\\\/07\\\/benitatxell-organiza-una-charla-con-taller-practico-para-residentes-internacionales\\\/#respond\"]}]},{\"@type\":[\"WebPage\",\"ItemPage\"],\"@id\":\"https:\\\/\\\/radiolitoral.com\\\/2025\\\/07\\\/benitatxell-organiza-una-charla-con-taller-practico-para-residentes-internacionales\\\/\",\"url\":\"https:\\\/\\\/radiolitoral.com\\\/2025\\\/07\\\/benitatxell-organiza-una-charla-con-taller-practico-para-residentes-internacionales\\\/\",\"name\":\"Benitatxell organiza una charla con taller pr\u00e1ctico para residentes internacionales | R\u00e0dio Litoral\",\"isPartOf\":{\"@id\":\"https:\\\/\\\/radiolitoral.com\\\/#website\"},\"primaryImageOfPage\":{\"@id\":\"https:\\\/\\\/radiolitoral.com\\\/2025\\\/07\\\/benitatxell-organiza-una-charla-con-taller-practico-para-residentes-internacionales\\\/#primaryimage\"},\"image\":{\"@id\":\"https:\\\/\\\/radiolitoral.com\\\/2025\\\/07\\\/benitatxell-organiza-una-charla-con-taller-practico-para-residentes-internacionales\\\/#primaryimage\"},\"thumbnailUrl\":\"https:\\\/\\\/media.radiolitoral.com\\\/wp-content\\\/uploads\\\/2024\\\/08\\\/01192025\\\/plaza-les-pesqueres-benitatxell.jpg\",\"datePublished\":\"2025-07-08T10:19:03+00:00\",\"dateModified\":\"2025-07-10T10:21:00+00:00\",\"description\":\"La jornada se titula \\\"Con\u00e9ctate en tu pueblo\\\" y tiene como objetivo reducir la brecha digital\",\"breadcrumb\":{\"@id\":\"https:\\\/\\\/radiolitoral.com\\\/2025\\\/07\\\/benitatxell-organiza-una-charla-con-taller-practico-para-residentes-internacionales\\\/#breadcrumb\"},\"inLanguage\":\"ca\",\"potentialAction\":[{\"@type\":\"ReadAction\",\"target\":[\"https:\\\/\\\/radiolitoral.com\\\/2025\\\/07\\\/benitatxell-organiza-una-charla-con-taller-practico-para-residentes-internacionales\\\/\"]}]},{\"@type\":\"ImageObject\",\"inLanguage\":\"ca\",\"@id\":\"https:\\\/\\\/radiolitoral.com\\\/2025\\\/07\\\/benitatxell-organiza-una-charla-con-taller-practico-para-residentes-internacionales\\\/#primaryimage\",\"url\":\"https:\\\/\\\/media.radiolitoral.com\\\/wp-content\\\/uploads\\\/2024\\\/08\\\/01192025\\\/plaza-les-pesqueres-benitatxell.jpg\",\"contentUrl\":\"https:\\\/\\\/media.radiolitoral.com\\\/wp-content\\\/uploads\\\/2024\\\/08\\\/01192025\\\/plaza-les-pesqueres-benitatxell.jpg\",\"width\":1024,\"height\":702},{\"@type\":\"BreadcrumbList\",\"@id\":\"https:\\\/\\\/radiolitoral.com\\\/2025\\\/07\\\/benitatxell-organiza-una-charla-con-taller-practico-para-residentes-internacionales\\\/#breadcrumb\",\"itemListElement\":[{\"@type\":\"ListItem\",\"position\":1,\"name\":\"Portada\",\"item\":\"https:\\\/\\\/radiolitoral.com\\\/\"},{\"@type\":\"ListItem\",\"position\":2,\"name\":\"Benitatxell organiza una charla con taller pr\u00e1ctico para residentes internacionales\"}]},{\"@type\":\"WebSite\",\"@id\":\"https:\\\/\\\/radiolitoral.com\\\/#website\",\"url\":\"https:\\\/\\\/radiolitoral.com\\\/\",\"name\":\"Radio Litoral\",\"description\":\"La radio local de la Marina Alta\",\"publisher\":{\"@id\":\"https:\\\/\\\/radiolitoral.com\\\/#organization\"},\"alternateName\":\"Litoral FM\",\"potentialAction\":[{\"@type\":\"SearchAction\",\"target\":{\"@type\":\"EntryPoint\",\"urlTemplate\":\"https:\\\/\\\/radiolitoral.com\\\/?s={search_term_string}\"},\"query-input\":{\"@type\":\"PropertyValueSpecification\",\"valueRequired\":true,\"valueName\":\"search_term_string\"}}],\"inLanguage\":\"ca\"},{\"@type\":\"Organization\",\"@id\":\"https:\\\/\\\/radiolitoral.com\\\/#organization\",\"name\":\"Radio Litoral\",\"url\":\"https:\\\/\\\/radiolitoral.com\\\/\",\"logo\":{\"@type\":\"ImageObject\",\"inLanguage\":\"ca\",\"@id\":\"https:\\\/\\\/radiolitoral.com\\\/#\\\/schema\\\/logo\\\/image\\\/\",\"url\":\"https:\\\/\\\/media.radiolitoral.com\\\/wp-content\\\/uploads\\\/2023\\\/02\\\/24143238\\\/CL-V-RadioLitoral696.png\",\"contentUrl\":\"https:\\\/\\\/media.radiolitoral.com\\\/wp-content\\\/uploads\\\/2023\\\/02\\\/24143238\\\/CL-V-RadioLitoral696.png\",\"width\":696,\"height\":696,\"caption\":\"Radio Litoral\"},\"image\":{\"@id\":\"https:\\\/\\\/radiolitoral.com\\\/#\\\/schema\\\/logo\\\/image\\\/\"},\"sameAs\":[\"https:\\\/\\\/www.facebook.com\\\/Laradiolitoral\\\/\"]},{\"@type\":\"Person\",\"@id\":\"https:\\\/\\\/radiolitoral.com\\\/#\\\/schema\\\/person\\\/f2b2343c49b5d721857cc1002bfdb151\",\"name\":\"Redacci\u00f3n\",\"image\":{\"@type\":\"ImageObject\",\"inLanguage\":\"ca\",\"@id\":\"https:\\\/\\\/secure.gravatar.com\\\/avatar\\\/f771d896c203ad8b3382d7905cfcce5a5c9b008b84b3cd9114e9b9f4cb63f789?s=96&d=mm&r=g\",\"url\":\"https:\\\/\\\/secure.gravatar.com\\\/avatar\\\/f771d896c203ad8b3382d7905cfcce5a5c9b008b84b3cd9114e9b9f4cb63f789?s=96&d=mm&r=g\",\"contentUrl\":\"https:\\\/\\\/secure.gravatar.com\\\/avatar\\\/f771d896c203ad8b3382d7905cfcce5a5c9b008b84b3cd9114e9b9f4cb63f789?s=96&d=mm&r=g\",\"caption\":\"Redacci\u00f3n\"},\"url\":\"https:\\\/\\\/radiolitoral.com\\\/ca\\\/author\\\/miriam-pagan\\\/\"}]}<\/script>\n<!-- \/ Yoast SEO plugin. -->","yoast_head_json":{"title":"Benitatxell organitza una xerrada amb taller pr\u00e0ctic per a residents internacionals |","description":"La jornada es titula &quot;Connecta&#039;t al teu poble&quot; i t\u00e9 com a objectiu reduir la bretxa digital","robots":{"index":"index","follow":"follow","max-snippet":"max-snippet:-1","max-image-preview":"max-image-preview:large","max-video-preview":"max-video-preview:-1"},"canonical":"https:\/\/radiolitoral.com\/ca\/2025\/07\/benitatxell-organitza-una-xerrada-amb-taller-practic-per-a-residents-internacionals\/","og_locale":"ca_ES","og_type":"article","og_title":"Benitatxell organiza una charla con taller pr\u00e1ctico para residentes internacionales | R\u00e0dio Litoral","og_description":"La jornada se titula \"Con\u00e9ctate en tu pueblo\" y tiene como objetivo reducir la brecha digital","og_url":"https:\/\/radiolitoral.com\/ca\/2025\/07\/benitatxell-organitza-una-xerrada-amb-taller-practic-per-a-residents-internacionals\/","og_site_name":"R\u00e0dio Litoral","article_publisher":"https:\/\/www.facebook.com\/Laradiolitoral\/","article_published_time":"2025-07-08T10:19:03+00:00","article_modified_time":"2025-07-10T10:21:00+00:00","og_image":[{"width":1024,"height":702,"url":"https:\/\/media.radiolitoral.com\/wp-content\/uploads\/2024\/08\/01192025\/plaza-les-pesqueres-benitatxell.jpg","type":"image\/jpeg"}],"author":"Redacci\u00f3n","twitter_card":"summary_large_image","twitter_misc":{"Escrit per":"Redacci\u00f3n","Temps estimat de lectura":"2 minuts"},"schema":{"@context":"https:\/\/schema.org","@graph":[{"@type":"NewsArticle","@id":"https:\/\/radiolitoral.com\/2025\/07\/benitatxell-organiza-una-charla-con-taller-practico-para-residentes-internacionales\/#article","isPartOf":{"@id":"https:\/\/radiolitoral.com\/2025\/07\/benitatxell-organiza-una-charla-con-taller-practico-para-residentes-internacionales\/"},"author":{"name":"Redacci\u00f3n","@id":"https:\/\/radiolitoral.com\/#\/schema\/person\/f2b2343c49b5d721857cc1002bfdb151"},"headline":"Benitatxell organiza una charla con taller pr\u00e1ctico para residentes internacionales","datePublished":"2025-07-08T10:19:03+00:00","dateModified":"2025-07-10T10:21:00+00:00","mainEntityOfPage":{"@id":"https:\/\/radiolitoral.com\/2025\/07\/benitatxell-organiza-una-charla-con-taller-practico-para-residentes-internacionales\/"},"wordCount":348,"commentCount":0,"publisher":{"@id":"https:\/\/radiolitoral.com\/#organization"},"image":{"@id":"https:\/\/radiolitoral.com\/2025\/07\/benitatxell-organiza-una-charla-con-taller-practico-para-residentes-internacionales\/#primaryimage"},"thumbnailUrl":"https:\/\/media.radiolitoral.com\/wp-content\/uploads\/2024\/08\/01192025\/plaza-les-pesqueres-benitatxell.jpg","keywords":["Benitatxell","brecha digital","Con\u00e9ctate en tu pueblo","Residentes extranjeros"],"articleSection":["Sociedad"],"inLanguage":"ca","potentialAction":[{"@type":"CommentAction","name":"Comment","target":["https:\/\/radiolitoral.com\/2025\/07\/benitatxell-organiza-una-charla-con-taller-practico-para-residentes-internacionales\/#respond"]}]},{"@type":["WebPage","ItemPage"],"@id":"https:\/\/radiolitoral.com\/2025\/07\/benitatxell-organiza-una-charla-con-taller-practico-para-residentes-internacionales\/","url":"https:\/\/radiolitoral.com\/2025\/07\/benitatxell-organiza-una-charla-con-taller-practico-para-residentes-internacionales\/","name":"Benitatxell organitza una xerrada amb taller pr\u00e0ctic per a residents internacionals |","isPartOf":{"@id":"https:\/\/radiolitoral.com\/#website"},"primaryImageOfPage":{"@id":"https:\/\/radiolitoral.com\/2025\/07\/benitatxell-organiza-una-charla-con-taller-practico-para-residentes-internacionales\/#primaryimage"},"image":{"@id":"https:\/\/radiolitoral.com\/2025\/07\/benitatxell-organiza-una-charla-con-taller-practico-para-residentes-internacionales\/#primaryimage"},"thumbnailUrl":"https:\/\/media.radiolitoral.com\/wp-content\/uploads\/2024\/08\/01192025\/plaza-les-pesqueres-benitatxell.jpg","datePublished":"2025-07-08T10:19:03+00:00","dateModified":"2025-07-10T10:21:00+00:00","description":"La jornada es titula &quot;Connecta&#039;t al teu poble&quot; i t\u00e9 com a objectiu reduir la bretxa digital","breadcrumb":{"@id":"https:\/\/radiolitoral.com\/2025\/07\/benitatxell-organiza-una-charla-con-taller-practico-para-residentes-internacionales\/#breadcrumb"},"inLanguage":"ca","potentialAction":[{"@type":"ReadAction","target":["https:\/\/radiolitoral.com\/2025\/07\/benitatxell-organiza-una-charla-con-taller-practico-para-residentes-internacionales\/"]}]},{"@type":"ImageObject","inLanguage":"ca","@id":"https:\/\/radiolitoral.com\/2025\/07\/benitatxell-organiza-una-charla-con-taller-practico-para-residentes-internacionales\/#primaryimage","url":"https:\/\/media.radiolitoral.com\/wp-content\/uploads\/2024\/08\/01192025\/plaza-les-pesqueres-benitatxell.jpg","contentUrl":"https:\/\/media.radiolitoral.com\/wp-content\/uploads\/2024\/08\/01192025\/plaza-les-pesqueres-benitatxell.jpg","width":1024,"height":702},{"@type":"BreadcrumbList","@id":"https:\/\/radiolitoral.com\/2025\/07\/benitatxell-organiza-una-charla-con-taller-practico-para-residentes-internacionales\/#breadcrumb","itemListElement":[{"@type":"ListItem","position":1,"name":"Portada","item":"https:\/\/radiolitoral.com\/"},{"@type":"ListItem","position":2,"name":"Benitatxell organiza una charla con taller pr\u00e1ctico para residentes internacionales"}]},{"@type":"WebSite","@id":"https:\/\/radiolitoral.com\/#website","url":"https:\/\/radiolitoral.com\/","name":"R\u00e0dio Litoral","description":"La r\u00e0dio local de la Marina Alta","publisher":{"@id":"https:\/\/radiolitoral.com\/#organization"},"alternateName":"Litoral FM","potentialAction":[{"@type":"SearchAction","target":{"@type":"EntryPoint","urlTemplate":"https:\/\/radiolitoral.com\/?s={search_term_string}"},"query-input":{"@type":"PropertyValueSpecification","valueRequired":true,"valueName":"search_term_string"}}],"inLanguage":"ca"},{"@type":"Organization","@id":"https:\/\/radiolitoral.com\/#organization","name":"R\u00e0dio Litoral","url":"https:\/\/radiolitoral.com\/","logo":{"@type":"ImageObject","inLanguage":"ca","@id":"https:\/\/radiolitoral.com\/#\/schema\/logo\/image\/","url":"https:\/\/media.radiolitoral.com\/wp-content\/uploads\/2023\/02\/24143238\/CL-V-RadioLitoral696.png","contentUrl":"https:\/\/media.radiolitoral.com\/wp-content\/uploads\/2023\/02\/24143238\/CL-V-RadioLitoral696.png","width":696,"height":696,"caption":"Radio Litoral"},"image":{"@id":"https:\/\/radiolitoral.com\/#\/schema\/logo\/image\/"},"sameAs":["https:\/\/www.facebook.com\/Laradiolitoral\/"]},{"@type":"Person","@id":"https:\/\/radiolitoral.com\/#\/schema\/person\/f2b2343c49b5d721857cc1002bfdb151","name":"Redacci\u00f3","image":{"@type":"ImageObject","inLanguage":"ca","@id":"https:\/\/secure.gravatar.com\/avatar\/f771d896c203ad8b3382d7905cfcce5a5c9b008b84b3cd9114e9b9f4cb63f789?s=96&d=mm&r=g","url":"https:\/\/secure.gravatar.com\/avatar\/f771d896c203ad8b3382d7905cfcce5a5c9b008b84b3cd9114e9b9f4cb63f789?s=96&d=mm&r=g","contentUrl":"https:\/\/secure.gravatar.com\/avatar\/f771d896c203ad8b3382d7905cfcce5a5c9b008b84b3cd9114e9b9f4cb63f789?s=96&d=mm&r=g","caption":"Redacci\u00f3n"},"url":"https:\/\/radiolitoral.com\/ca\/author\/miriam-pagan\/"}]}},"_links":{"self":[{"href":"https:\/\/radiolitoral.com\/ca\/wp-json\/wp\/v2\/posts\/17575","targetHints":{"allow":["GET"]}}],"collection":[{"href":"https:\/\/radiolitoral.com\/ca\/wp-json\/wp\/v2\/posts"}],"about":[{"href":"https:\/\/radiolitoral.com\/ca\/wp-json\/wp\/v2\/types\/post"}],"author":[{"embeddable":true,"href":"https:\/\/radiolitoral.com\/ca\/wp-json\/wp\/v2\/users\/13"}],"replies":[{"embeddable":true,"href":"https:\/\/radiolitoral.com\/ca\/wp-json\/wp\/v2\/comments?post=17575"}],"version-history":[{"count":5,"href":"https:\/\/radiolitoral.com\/ca\/wp-json\/wp\/v2\/posts\/17575\/revisions"}],"predecessor-version":[{"id":17585,"href":"https:\/\/radiolitoral.com\/ca\/wp-json\/wp\/v2\/posts\/17575\/revisions\/17585"}],"wp:featuredmedia":[{"embeddable":true,"href":"https:\/\/radiolitoral.com\/ca\/wp-json\/wp\/v2\/media\/10474"}],"wp:attachment":[{"href":"https:\/\/radiolitoral.com\/ca\/wp-json\/wp\/v2\/media?parent=17575"}],"wp:term":[{"taxonomy":"category","embeddable":true,"href":"https:\/\/radiolitoral.com\/ca\/wp-json\/wp\/v2\/categories?post=17575"},{"taxonomy":"post_tag","embeddable":true,"href":"https:\/\/radiolitoral.com\/ca\/wp-json\/wp\/v2\/tags?post=17575"}],"curies":[{"name":"wp","href":"https:\/\/api.w.org\/{rel}","templated":true}]}}