{"id":17502,"date":"2025-07-04T10:21:04","date_gmt":"2025-07-04T08:21:04","guid":{"rendered":"https:\/\/radiolitoral.com\/?p=17502"},"modified":"2025-07-04T10:21:04","modified_gmt":"2025-07-04T08:21:04","slug":"obertes-les-inscripcions-per-als-cursos-esportius-a-benissa","status":"publish","type":"post","link":"https:\/\/radiolitoral.com\/ca\/2025\/07\/abiertas-las-inscripciones-para-los-cursos-deportivos-en-benissa\/","title":{"rendered":"Obertes les inscripcions per als Cursos Esportius a Benissa"},"content":{"rendered":"<p>El per\u00edode d&#039;inscripcions per als <strong>cursos esportius<\/strong> a <strong>Benissa<\/strong> s&#039;obrir\u00e0 properament, i la Regidoria d&#039;Esports ha dissenyat un sistema optimitzat perqu\u00e8 les fam\u00edlies puguin realitzar aquest tr\u00e0mit de manera m\u00e9s senzilla i eficient.<\/p>\n<p data-start=\"789\" data-end=\"1132\">El calendari d\u00b4inscripcions est\u00e0 estructurat de manera que les dues primeres setmanes estaran reservades exclusivament per a renovacions dels alumnes que ja han format part del programa. Posteriorment, s&#039;obrir\u00e0 el termini per a noves altes, i permetr\u00e0 que m\u00e9s ve\u00efns de Benissa puguin accedir als cursos esportius.<\/p>\n<p data-start=\"1134\" data-end=\"1571\">Per fer el proc\u00e9s encara m\u00e9s accessible, s&#039;habilitar\u00e0 un servei d&#039;atenci\u00f3 a les fam\u00edlies a dues franges hor\u00e0ries setmanals. Aquest servei estar\u00e0 disponible per resoldre dubtes i donar suport durant el proc\u00e9s dinscripci\u00f3. Els horaris espec\u00edfics daquest servei es comunicaran juntament amb la informaci\u00f3 sobre linici de les inscripcions, a fi de garantir que tots els interessats rebin latenci\u00f3 necess\u00e0ria.<\/p>\n<p data-start=\"1573\" data-end=\"2033\" data-is-last-node=\"\" data-is-only-node=\"\">Amb aquestes accions, la Regidoria dEsports reafirma el seu comprom\u00eds amb la modernitzaci\u00f3 i la millora cont\u00ednua dels serveis p\u00fablics, promovent una gesti\u00f3 m\u00e9s accessible i eficient per als ve\u00efns de Benissa. Aquesta iniciativa no nom\u00e9s facilitar\u00e0 la inscripci\u00f3 als cursos esportius, sin\u00f3 que tamb\u00e9 enfortir\u00e0 el vincle amb la comunitat, impulsant la participaci\u00f3 en activitats esportives i el benestar de tots els ciutadans.<\/p>\n<p><script src=\"chrome-extension:\/\/flbolonkboilcbnohjlchlfgdalomdpl\/iFrame.js\" type=\"text\/javascript\"><\/script><\/p>","protected":false},"excerpt":{"rendered":"<p>El per\u00edodo de inscripciones para los cursos deportivos en Benissa se abrir\u00e1 pr\u00f3ximamente, y la Concejal\u00eda de Deportes ha dise\u00f1ado un sistema optimizado para que las familias puedan realizar este tr\u00e1mite de manera m\u00e1s sencilla y eficiente. La fecha exacta de apertura se comunicar\u00e1 en breve, tanto a trav\u00e9s de SMS a las familias que [&#8230;]<\/p>\n<p><a class=\"btn btn-secondary understrap-read-more-link\" href=\"https:\/\/radiolitoral.com\/ca\/2025\/07\/abiertas-las-inscripciones-para-los-cursos-deportivos-en-benissa\/\">Continua llegint&#8230;<span class=\"screen-reader-text\"> from Abiertas las inscripciones para los Cursos Deportivos en Benissa<\/span><\/a><\/p>\n","protected":false},"author":12,"featured_media":17504,"comment_status":"open","ping_status":"closed","sticky":false,"template":"","format":"standard","meta":{"_acf_changed":false,"inline_featured_image":false,"footnotes":""},"categories":[5],"tags":[126,4605,6],"class_list":["post-17502","post","type-post","status-publish","format-standard","has-post-thumbnail","hentry","category-deportes","tag-benissa","tag-concejalia-de-deportes-de-benissa","tag-deportes","cobertura-benissa"],"acf":[],"yoast_head":"<!-- This site is optimized with the Yoast SEO plugin v27.5 - https:\/\/yoast.com\/product\/yoast-seo-wordpress\/ -->\n<title>Abiertas las inscripciones para los Cursos Deportivos en Benissa | R\u00e0dio Litoral<\/title>\n<meta name=\"description\" content=\"La Concejal\u00eda de Deportes facilita la inscripci\u00f3n con un sistema m\u00e1s accesible y un servicio de atenci\u00f3n a las familiasLa Concejal\u00eda de Deportes facilita la inscripci\u00f3n con un sistema m\u00e1s accesible y un servicio de atenci\u00f3n a las familias\" \/>\n<meta name=\"robots\" content=\"index, follow, max-snippet:-1, max-image-preview:large, max-video-preview:-1\" \/>\n<link rel=\"canonical\" href=\"https:\/\/radiolitoral.com\/ca\/2025\/07\/obertes-les-inscripcions-per-als-cursos-esportius-a-benissa\/\" \/>\n<meta property=\"og:locale\" content=\"ca_ES\" \/>\n<meta property=\"og:type\" content=\"article\" \/>\n<meta property=\"og:title\" content=\"Abiertas las inscripciones para los Cursos Deportivos en Benissa | R\u00e0dio Litoral\" \/>\n<meta property=\"og:description\" content=\"La Concejal\u00eda de Deportes facilita la inscripci\u00f3n con un sistema m\u00e1s accesible y un servicio de atenci\u00f3n a las familiasLa Concejal\u00eda de Deportes facilita la inscripci\u00f3n con un sistema m\u00e1s accesible y un servicio de atenci\u00f3n a las familias\" \/>\n<meta property=\"og:url\" content=\"https:\/\/radiolitoral.com\/ca\/2025\/07\/obertes-les-inscripcions-per-als-cursos-esportius-a-benissa\/\" \/>\n<meta property=\"og:site_name\" content=\"R\u00e0dio Litoral\" \/>\n<meta property=\"article:publisher\" content=\"https:\/\/www.facebook.com\/Laradiolitoral\/\" \/>\n<meta property=\"article:published_time\" content=\"2025-07-04T08:21:04+00:00\" \/>\n<meta property=\"og:image\" content=\"https:\/\/media.radiolitoral.com\/wp-content\/uploads\/2025\/07\/04101828\/Pabellon-Sant-Pere-de-Benissa.jpg\" \/>\n\t<meta property=\"og:image:width\" content=\"1024\" \/>\n\t<meta property=\"og:image:height\" content=\"680\" \/>\n\t<meta property=\"og:image:type\" content=\"image\/jpeg\" \/>\n<meta name=\"author\" content=\"Javier Zamora\" \/>\n<meta name=\"twitter:card\" content=\"summary_large_image\" \/>\n<meta name=\"twitter:label1\" content=\"Escrit per\" \/>\n\t<meta name=\"twitter:data1\" content=\"Javier Zamora\" \/>\n\t<meta name=\"twitter:label2\" content=\"Temps estimat de lectura\" \/>\n\t<meta name=\"twitter:data2\" content=\"2 minuts\" \/>\n<script type=\"application\/ld+json\" class=\"yoast-schema-graph\">{\"@context\":\"https:\\\/\\\/schema.org\",\"@graph\":[{\"@type\":\"NewsArticle\",\"@id\":\"https:\\\/\\\/radiolitoral.com\\\/2025\\\/07\\\/abiertas-las-inscripciones-para-los-cursos-deportivos-en-benissa\\\/#article\",\"isPartOf\":{\"@id\":\"https:\\\/\\\/radiolitoral.com\\\/2025\\\/07\\\/abiertas-las-inscripciones-para-los-cursos-deportivos-en-benissa\\\/\"},\"author\":{\"name\":\"Javier Zamora\",\"@id\":\"https:\\\/\\\/radiolitoral.com\\\/#\\\/schema\\\/person\\\/7b1480b5caeb5acdd4ec6379caf62b22\"},\"headline\":\"Abiertas las inscripciones para los Cursos Deportivos en Benissa\",\"datePublished\":\"2025-07-04T08:21:04+00:00\",\"mainEntityOfPage\":{\"@id\":\"https:\\\/\\\/radiolitoral.com\\\/2025\\\/07\\\/abiertas-las-inscripciones-para-los-cursos-deportivos-en-benissa\\\/\"},\"wordCount\":285,\"commentCount\":0,\"publisher\":{\"@id\":\"https:\\\/\\\/radiolitoral.com\\\/#organization\"},\"image\":{\"@id\":\"https:\\\/\\\/radiolitoral.com\\\/2025\\\/07\\\/abiertas-las-inscripciones-para-los-cursos-deportivos-en-benissa\\\/#primaryimage\"},\"thumbnailUrl\":\"https:\\\/\\\/media.radiolitoral.com\\\/wp-content\\\/uploads\\\/2025\\\/07\\\/04101828\\\/Pabellon-Sant-Pere-de-Benissa.jpg\",\"keywords\":[\"Benissa\",\"concejalia de deportes de Benissa\",\"deportes\"],\"articleSection\":[\"Deportes\"],\"inLanguage\":\"ca\",\"potentialAction\":[{\"@type\":\"CommentAction\",\"name\":\"Comment\",\"target\":[\"https:\\\/\\\/radiolitoral.com\\\/2025\\\/07\\\/abiertas-las-inscripciones-para-los-cursos-deportivos-en-benissa\\\/#respond\"]}]},{\"@type\":[\"WebPage\",\"ItemPage\"],\"@id\":\"https:\\\/\\\/radiolitoral.com\\\/2025\\\/07\\\/abiertas-las-inscripciones-para-los-cursos-deportivos-en-benissa\\\/\",\"url\":\"https:\\\/\\\/radiolitoral.com\\\/2025\\\/07\\\/abiertas-las-inscripciones-para-los-cursos-deportivos-en-benissa\\\/\",\"name\":\"Abiertas las inscripciones para los Cursos Deportivos en Benissa | R\u00e0dio Litoral\",\"isPartOf\":{\"@id\":\"https:\\\/\\\/radiolitoral.com\\\/#website\"},\"primaryImageOfPage\":{\"@id\":\"https:\\\/\\\/radiolitoral.com\\\/2025\\\/07\\\/abiertas-las-inscripciones-para-los-cursos-deportivos-en-benissa\\\/#primaryimage\"},\"image\":{\"@id\":\"https:\\\/\\\/radiolitoral.com\\\/2025\\\/07\\\/abiertas-las-inscripciones-para-los-cursos-deportivos-en-benissa\\\/#primaryimage\"},\"thumbnailUrl\":\"https:\\\/\\\/media.radiolitoral.com\\\/wp-content\\\/uploads\\\/2025\\\/07\\\/04101828\\\/Pabellon-Sant-Pere-de-Benissa.jpg\",\"datePublished\":\"2025-07-04T08:21:04+00:00\",\"description\":\"La Concejal\u00eda de Deportes facilita la inscripci\u00f3n con un sistema m\u00e1s accesible y un servicio de atenci\u00f3n a las familiasLa Concejal\u00eda de Deportes facilita la inscripci\u00f3n con un sistema m\u00e1s accesible y un servicio de atenci\u00f3n a las familias\",\"breadcrumb\":{\"@id\":\"https:\\\/\\\/radiolitoral.com\\\/2025\\\/07\\\/abiertas-las-inscripciones-para-los-cursos-deportivos-en-benissa\\\/#breadcrumb\"},\"inLanguage\":\"ca\",\"potentialAction\":[{\"@type\":\"ReadAction\",\"target\":[\"https:\\\/\\\/radiolitoral.com\\\/2025\\\/07\\\/abiertas-las-inscripciones-para-los-cursos-deportivos-en-benissa\\\/\"]}]},{\"@type\":\"ImageObject\",\"inLanguage\":\"ca\",\"@id\":\"https:\\\/\\\/radiolitoral.com\\\/2025\\\/07\\\/abiertas-las-inscripciones-para-los-cursos-deportivos-en-benissa\\\/#primaryimage\",\"url\":\"https:\\\/\\\/media.radiolitoral.com\\\/wp-content\\\/uploads\\\/2025\\\/07\\\/04101828\\\/Pabellon-Sant-Pere-de-Benissa.jpg\",\"contentUrl\":\"https:\\\/\\\/media.radiolitoral.com\\\/wp-content\\\/uploads\\\/2025\\\/07\\\/04101828\\\/Pabellon-Sant-Pere-de-Benissa.jpg\",\"width\":1024,\"height\":680,\"caption\":\"Robert Cabrera\"},{\"@type\":\"BreadcrumbList\",\"@id\":\"https:\\\/\\\/radiolitoral.com\\\/2025\\\/07\\\/abiertas-las-inscripciones-para-los-cursos-deportivos-en-benissa\\\/#breadcrumb\",\"itemListElement\":[{\"@type\":\"ListItem\",\"position\":1,\"name\":\"Portada\",\"item\":\"https:\\\/\\\/radiolitoral.com\\\/\"},{\"@type\":\"ListItem\",\"position\":2,\"name\":\"Abiertas las inscripciones para los Cursos Deportivos en Benissa\"}]},{\"@type\":\"WebSite\",\"@id\":\"https:\\\/\\\/radiolitoral.com\\\/#website\",\"url\":\"https:\\\/\\\/radiolitoral.com\\\/\",\"name\":\"Radio Litoral\",\"description\":\"La radio local de la Marina Alta\",\"publisher\":{\"@id\":\"https:\\\/\\\/radiolitoral.com\\\/#organization\"},\"alternateName\":\"Litoral FM\",\"potentialAction\":[{\"@type\":\"SearchAction\",\"target\":{\"@type\":\"EntryPoint\",\"urlTemplate\":\"https:\\\/\\\/radiolitoral.com\\\/?s={search_term_string}\"},\"query-input\":{\"@type\":\"PropertyValueSpecification\",\"valueRequired\":true,\"valueName\":\"search_term_string\"}}],\"inLanguage\":\"ca\"},{\"@type\":\"Organization\",\"@id\":\"https:\\\/\\\/radiolitoral.com\\\/#organization\",\"name\":\"Radio Litoral\",\"url\":\"https:\\\/\\\/radiolitoral.com\\\/\",\"logo\":{\"@type\":\"ImageObject\",\"inLanguage\":\"ca\",\"@id\":\"https:\\\/\\\/radiolitoral.com\\\/#\\\/schema\\\/logo\\\/image\\\/\",\"url\":\"https:\\\/\\\/media.radiolitoral.com\\\/wp-content\\\/uploads\\\/2023\\\/02\\\/24143238\\\/CL-V-RadioLitoral696.png\",\"contentUrl\":\"https:\\\/\\\/media.radiolitoral.com\\\/wp-content\\\/uploads\\\/2023\\\/02\\\/24143238\\\/CL-V-RadioLitoral696.png\",\"width\":696,\"height\":696,\"caption\":\"Radio Litoral\"},\"image\":{\"@id\":\"https:\\\/\\\/radiolitoral.com\\\/#\\\/schema\\\/logo\\\/image\\\/\"},\"sameAs\":[\"https:\\\/\\\/www.facebook.com\\\/Laradiolitoral\\\/\"]},{\"@type\":\"Person\",\"@id\":\"https:\\\/\\\/radiolitoral.com\\\/#\\\/schema\\\/person\\\/7b1480b5caeb5acdd4ec6379caf62b22\",\"name\":\"Javier Zamora\",\"image\":{\"@type\":\"ImageObject\",\"inLanguage\":\"ca\",\"@id\":\"https:\\\/\\\/secure.gravatar.com\\\/avatar\\\/467a11f6918c7d619c4043fc6fa2d3853053107973f05b6e9c04ea6c4e3a7b3f?s=96&d=mm&r=g\",\"url\":\"https:\\\/\\\/secure.gravatar.com\\\/avatar\\\/467a11f6918c7d619c4043fc6fa2d3853053107973f05b6e9c04ea6c4e3a7b3f?s=96&d=mm&r=g\",\"contentUrl\":\"https:\\\/\\\/secure.gravatar.com\\\/avatar\\\/467a11f6918c7d619c4043fc6fa2d3853053107973f05b6e9c04ea6c4e3a7b3f?s=96&d=mm&r=g\",\"caption\":\"Javier Zamora\"},\"url\":\"https:\\\/\\\/radiolitoral.com\\\/ca\\\/author\\\/javier-zamora\\\/\"}]}<\/script>\n<!-- \/ Yoast SEO plugin. -->","yoast_head_json":{"title":"Obertes les inscripcions per als Cursos Esportius a Benissa | R\u00e0dio Litoral","description":"La Regidoria dEsports facilita la inscripci\u00f3 amb un sistema m\u00e9s accessible i un servei datenci\u00f3 a les fam\u00edliesLa Regidoria dEsports facilita la inscripci\u00f3 amb un sistema m\u00e9s accessible i un servei datenci\u00f3 a les fam\u00edlies","robots":{"index":"index","follow":"follow","max-snippet":"max-snippet:-1","max-image-preview":"max-image-preview:large","max-video-preview":"max-video-preview:-1"},"canonical":"https:\/\/radiolitoral.com\/ca\/2025\/07\/obertes-les-inscripcions-per-als-cursos-esportius-a-benissa\/","og_locale":"ca_ES","og_type":"article","og_title":"Abiertas las inscripciones para los Cursos Deportivos en Benissa | R\u00e0dio Litoral","og_description":"La Concejal\u00eda de Deportes facilita la inscripci\u00f3n con un sistema m\u00e1s accesible y un servicio de atenci\u00f3n a las familiasLa Concejal\u00eda de Deportes facilita la inscripci\u00f3n con un sistema m\u00e1s accesible y un servicio de atenci\u00f3n a las familias","og_url":"https:\/\/radiolitoral.com\/ca\/2025\/07\/obertes-les-inscripcions-per-als-cursos-esportius-a-benissa\/","og_site_name":"R\u00e0dio Litoral","article_publisher":"https:\/\/www.facebook.com\/Laradiolitoral\/","article_published_time":"2025-07-04T08:21:04+00:00","og_image":[{"width":1024,"height":680,"url":"https:\/\/media.radiolitoral.com\/wp-content\/uploads\/2025\/07\/04101828\/Pabellon-Sant-Pere-de-Benissa.jpg","type":"image\/jpeg"}],"author":"Javier Zamora","twitter_card":"summary_large_image","twitter_misc":{"Escrit per":"Javier Zamora","Temps estimat de lectura":"2 minuts"},"schema":{"@context":"https:\/\/schema.org","@graph":[{"@type":"NewsArticle","@id":"https:\/\/radiolitoral.com\/2025\/07\/abiertas-las-inscripciones-para-los-cursos-deportivos-en-benissa\/#article","isPartOf":{"@id":"https:\/\/radiolitoral.com\/2025\/07\/abiertas-las-inscripciones-para-los-cursos-deportivos-en-benissa\/"},"author":{"name":"Javier Zamora","@id":"https:\/\/radiolitoral.com\/#\/schema\/person\/7b1480b5caeb5acdd4ec6379caf62b22"},"headline":"Abiertas las inscripciones para los Cursos Deportivos en Benissa","datePublished":"2025-07-04T08:21:04+00:00","mainEntityOfPage":{"@id":"https:\/\/radiolitoral.com\/2025\/07\/abiertas-las-inscripciones-para-los-cursos-deportivos-en-benissa\/"},"wordCount":285,"commentCount":0,"publisher":{"@id":"https:\/\/radiolitoral.com\/#organization"},"image":{"@id":"https:\/\/radiolitoral.com\/2025\/07\/abiertas-las-inscripciones-para-los-cursos-deportivos-en-benissa\/#primaryimage"},"thumbnailUrl":"https:\/\/media.radiolitoral.com\/wp-content\/uploads\/2025\/07\/04101828\/Pabellon-Sant-Pere-de-Benissa.jpg","keywords":["Benissa","concejalia de deportes de Benissa","deportes"],"articleSection":["Deportes"],"inLanguage":"ca","potentialAction":[{"@type":"CommentAction","name":"Comment","target":["https:\/\/radiolitoral.com\/2025\/07\/abiertas-las-inscripciones-para-los-cursos-deportivos-en-benissa\/#respond"]}]},{"@type":["WebPage","ItemPage"],"@id":"https:\/\/radiolitoral.com\/2025\/07\/abiertas-las-inscripciones-para-los-cursos-deportivos-en-benissa\/","url":"https:\/\/radiolitoral.com\/2025\/07\/abiertas-las-inscripciones-para-los-cursos-deportivos-en-benissa\/","name":"Obertes les inscripcions per als Cursos Esportius a Benissa | R\u00e0dio Litoral","isPartOf":{"@id":"https:\/\/radiolitoral.com\/#website"},"primaryImageOfPage":{"@id":"https:\/\/radiolitoral.com\/2025\/07\/abiertas-las-inscripciones-para-los-cursos-deportivos-en-benissa\/#primaryimage"},"image":{"@id":"https:\/\/radiolitoral.com\/2025\/07\/abiertas-las-inscripciones-para-los-cursos-deportivos-en-benissa\/#primaryimage"},"thumbnailUrl":"https:\/\/media.radiolitoral.com\/wp-content\/uploads\/2025\/07\/04101828\/Pabellon-Sant-Pere-de-Benissa.jpg","datePublished":"2025-07-04T08:21:04+00:00","description":"La Regidoria dEsports facilita la inscripci\u00f3 amb un sistema m\u00e9s accessible i un servei datenci\u00f3 a les fam\u00edliesLa Regidoria dEsports facilita la inscripci\u00f3 amb un sistema m\u00e9s accessible i un servei datenci\u00f3 a les fam\u00edlies","breadcrumb":{"@id":"https:\/\/radiolitoral.com\/2025\/07\/abiertas-las-inscripciones-para-los-cursos-deportivos-en-benissa\/#breadcrumb"},"inLanguage":"ca","potentialAction":[{"@type":"ReadAction","target":["https:\/\/radiolitoral.com\/2025\/07\/abiertas-las-inscripciones-para-los-cursos-deportivos-en-benissa\/"]}]},{"@type":"ImageObject","inLanguage":"ca","@id":"https:\/\/radiolitoral.com\/2025\/07\/abiertas-las-inscripciones-para-los-cursos-deportivos-en-benissa\/#primaryimage","url":"https:\/\/media.radiolitoral.com\/wp-content\/uploads\/2025\/07\/04101828\/Pabellon-Sant-Pere-de-Benissa.jpg","contentUrl":"https:\/\/media.radiolitoral.com\/wp-content\/uploads\/2025\/07\/04101828\/Pabellon-Sant-Pere-de-Benissa.jpg","width":1024,"height":680,"caption":"Robert Cabrera"},{"@type":"BreadcrumbList","@id":"https:\/\/radiolitoral.com\/2025\/07\/abiertas-las-inscripciones-para-los-cursos-deportivos-en-benissa\/#breadcrumb","itemListElement":[{"@type":"ListItem","position":1,"name":"Portada","item":"https:\/\/radiolitoral.com\/"},{"@type":"ListItem","position":2,"name":"Abiertas las inscripciones para los Cursos Deportivos en Benissa"}]},{"@type":"WebSite","@id":"https:\/\/radiolitoral.com\/#website","url":"https:\/\/radiolitoral.com\/","name":"R\u00e0dio Litoral","description":"La r\u00e0dio local de la Marina Alta","publisher":{"@id":"https:\/\/radiolitoral.com\/#organization"},"alternateName":"Litoral FM","potentialAction":[{"@type":"SearchAction","target":{"@type":"EntryPoint","urlTemplate":"https:\/\/radiolitoral.com\/?s={search_term_string}"},"query-input":{"@type":"PropertyValueSpecification","valueRequired":true,"valueName":"search_term_string"}}],"inLanguage":"ca"},{"@type":"Organization","@id":"https:\/\/radiolitoral.com\/#organization","name":"R\u00e0dio Litoral","url":"https:\/\/radiolitoral.com\/","logo":{"@type":"ImageObject","inLanguage":"ca","@id":"https:\/\/radiolitoral.com\/#\/schema\/logo\/image\/","url":"https:\/\/media.radiolitoral.com\/wp-content\/uploads\/2023\/02\/24143238\/CL-V-RadioLitoral696.png","contentUrl":"https:\/\/media.radiolitoral.com\/wp-content\/uploads\/2023\/02\/24143238\/CL-V-RadioLitoral696.png","width":696,"height":696,"caption":"Radio Litoral"},"image":{"@id":"https:\/\/radiolitoral.com\/#\/schema\/logo\/image\/"},"sameAs":["https:\/\/www.facebook.com\/Laradiolitoral\/"]},{"@type":"Person","@id":"https:\/\/radiolitoral.com\/#\/schema\/person\/7b1480b5caeb5acdd4ec6379caf62b22","name":"Javier Zamora","image":{"@type":"ImageObject","inLanguage":"ca","@id":"https:\/\/secure.gravatar.com\/avatar\/467a11f6918c7d619c4043fc6fa2d3853053107973f05b6e9c04ea6c4e3a7b3f?s=96&d=mm&r=g","url":"https:\/\/secure.gravatar.com\/avatar\/467a11f6918c7d619c4043fc6fa2d3853053107973f05b6e9c04ea6c4e3a7b3f?s=96&d=mm&r=g","contentUrl":"https:\/\/secure.gravatar.com\/avatar\/467a11f6918c7d619c4043fc6fa2d3853053107973f05b6e9c04ea6c4e3a7b3f?s=96&d=mm&r=g","caption":"Javier Zamora"},"url":"https:\/\/radiolitoral.com\/ca\/author\/javier-zamora\/"}]}},"_links":{"self":[{"href":"https:\/\/radiolitoral.com\/ca\/wp-json\/wp\/v2\/posts\/17502","targetHints":{"allow":["GET"]}}],"collection":[{"href":"https:\/\/radiolitoral.com\/ca\/wp-json\/wp\/v2\/posts"}],"about":[{"href":"https:\/\/radiolitoral.com\/ca\/wp-json\/wp\/v2\/types\/post"}],"author":[{"embeddable":true,"href":"https:\/\/radiolitoral.com\/ca\/wp-json\/wp\/v2\/users\/12"}],"replies":[{"embeddable":true,"href":"https:\/\/radiolitoral.com\/ca\/wp-json\/wp\/v2\/comments?post=17502"}],"version-history":[{"count":2,"href":"https:\/\/radiolitoral.com\/ca\/wp-json\/wp\/v2\/posts\/17502\/revisions"}],"predecessor-version":[{"id":17506,"href":"https:\/\/radiolitoral.com\/ca\/wp-json\/wp\/v2\/posts\/17502\/revisions\/17506"}],"wp:featuredmedia":[{"embeddable":true,"href":"https:\/\/radiolitoral.com\/ca\/wp-json\/wp\/v2\/media\/17504"}],"wp:attachment":[{"href":"https:\/\/radiolitoral.com\/ca\/wp-json\/wp\/v2\/media?parent=17502"}],"wp:term":[{"taxonomy":"category","embeddable":true,"href":"https:\/\/radiolitoral.com\/ca\/wp-json\/wp\/v2\/categories?post=17502"},{"taxonomy":"post_tag","embeddable":true,"href":"https:\/\/radiolitoral.com\/ca\/wp-json\/wp\/v2\/tags?post=17502"}],"curies":[{"name":"wp","href":"https:\/\/api.w.org\/{rel}","templated":true}]}}