{"id":17485,"date":"2025-07-04T08:44:41","date_gmt":"2025-07-04T06:44:41","guid":{"rendered":"https:\/\/radiolitoral.com\/?p=17485"},"modified":"2025-07-04T08:45:57","modified_gmt":"2025-07-04T06:45:57","slug":"el-poble-nou-de-benitatxell-en-reforca-la-seguretat-davant-demergencies","status":"publish","type":"post","link":"https:\/\/radiolitoral.com\/ca\/2025\/07\/el-poble-nou-de-benitatxell-refuerza-su-seguridad-ante-emergencias\/","title":{"rendered":"El Poble Nou de Benitatxell refor\u00e7a la seva seguretat davant d&#039;emerg\u00e8ncies"},"content":{"rendered":"<p data-start=\"404\" data-end=\"840\">El <strong>Poble Nou de Benitatxell<\/strong> ha fet un pas important en la millora de la seva infraestructura de <strong>seguretat<\/strong> i resposta davant d&#039;emerg\u00e8ncies, arran de l&#039;apagada nacional que va afectar gran part del pa\u00eds el 28 d&#039;abril passat. Tot i que el municipi no va experimentar incid\u00e8ncies directes, les autoritats locals consideren que l&#039;esdeveniment va posar en evid\u00e8ncia la necessitat d&#039;enfortir els protocols i els mitjans d&#039;actuaci\u00f3 en cas de situacions extremes.<\/p>\n<p data-start=\"842\" data-end=\"1160\">A la sessi\u00f3 plen\u00e0ria ordin\u00e0ria de juny, celebrada divendres passat, el ple va aprovar una modificaci\u00f3 de cr\u00e8dit que permetr\u00e0 destinar 26.500 euros a la compra de <strong>dos generadors<\/strong> i <strong>15 walkie-talkies<\/strong>. Aquesta inversi\u00f3 forma part d&#039;un paquet m\u00e9s ampli de mesures orientades a garantir la seguretat dels ciutadans.<\/p>\n<p data-start=\"1162\" data-end=\"1203\"><strong data-start=\"1162\" data-end=\"1203\">Plans d&#039;emerg\u00e8ncia i conscienciaci\u00f3<\/strong><\/p>\n<p data-start=\"1205\" data-end=\"1582\">Mar\u00eda Jos\u00e9 Ivars, regidora de Seguretat Ciutadana, va ressaltar la rellev\u00e0ncia d&#039;aquesta adquisici\u00f3, que es finan\u00e7ar\u00e0 amb romanents de tresoreria. &quot;Aquest pas refor\u00e7a la nostra capacitat de resposta en situacions cr\u00edtiques, i es complementa amb una campanya de conscienciaci\u00f3 destinada a informar la ciutadania sobre com actuar i on acudir en cas d&#039;emerg\u00e8ncia&quot;, va comentar Ivars.<\/p>\n<p data-start=\"1584\" data-end=\"1973\">A m\u00e9s d&#039;aquesta adquisici\u00f3, el municipi ha aprovat diversos plans d&#039;emerg\u00e8ncia, com ara el Pla Territorial Municipal d&#039;Emerg\u00e8ncies, el <strong>Pla d&#039;Actuaci\u00f3 Municipal davant del Risc S\u00edsmic<\/strong> i el Pla davant del Risc d&#039;Incendis Forestals. Actualment es treballa en el desenvolupament d&#039;un Pla d&#039;evacuaci\u00f3 per a la cala Moraig, que tamb\u00e9 forma part de l&#039;estrat\u00e8gia global de seguretat.<\/p>\n<p data-start=\"2023\" data-end=\"2381\">Com a part de la campanya de conscienciaci\u00f3, s&#039;organitzaran xerrades informatives adre\u00e7ades als barris i les urbanitzacions del municipi, amb la finalitat d&#039;instruir els ve\u00efns sobre els protocols d&#039;actuaci\u00f3 en situacions d&#039;emerg\u00e8ncia. Tamb\u00e9 es distribuiran fulletons educatius per assegurar que tota la comunitat estigui preparada davant de qualsevol imprevist.<\/p>\n<p data-start=\"2383\" data-end=\"2439\"><strong data-start=\"2383\" data-end=\"2439\">Un pressupost amb super\u00e0vit per a noves inversions<\/strong><\/p>\n<p data-start=\"2441\" data-end=\"2896\">A la mateixa sessi\u00f3 plen\u00e0ria, es va aprovar la liquidaci\u00f3 del <strong>Pressupost General de 2024<\/strong>, que mostra un super\u00e0vit de 1.103.175,27 euros i un romanent de tresoreria de 2.179.788,64 euros. Aquests estalvis seran destinats a diverses inversions, incloent-hi la compra de terrenys per a \u00fas dotacional (240.000 euros), la remodelaci\u00f3 d&#039;un marge de pedra a la zona dels Pous de l&#039;Abiar (15.000 euros) i la col\u00b7laboraci\u00f3 amb associacions locals (9.000 euros).<\/p>\n<p data-start=\"2943\" data-end=\"3396\">El ple tamb\u00e9 va abordar diverses modificacions a les normatives locals, com la revisi\u00f3 de l&#039;ordenan\u00e7a reguladora del preu p\u00fablic de les escoles i activitats esportives, i l&#039;adhesi\u00f3 al conveni marc amb Ecoembes per millorar el reciclatge i la sostenibilitat al municipi. A l&#039;\u00e0mbit judicial, es va ratificar el nomenament dels nous jutges de pau, Jos\u00e9 Antonio Vall\u00e9s Llopis com a titular i Josep Vicent Colomer Mart\u00ednez com a substitut.<\/p>\n<p data-start=\"3398\" data-end=\"3451\"><strong data-start=\"3398\" data-end=\"3451\">Reconeixement a la inf\u00e0ncia i calendari festiu<\/strong><\/p>\n<p data-start=\"3453\" data-end=\"3830\" data-is-last-node=\"\" data-is-only-node=\"\">Finalment, es va aprovar el II Pla Local d&#039;Inf\u00e0ncia i Adolesc\u00e8ncia, aix\u00ed com la candidatura per renovar el reconeixement com a Ciutat Amiga de la Inf\u00e0ncia. A m\u00e9s, es van establir els dies festius locals per al 2026, que seran el 22 de juliol (Santa Maria Magdalena) i el 24 de juliol (San Crist\u00f3bal), pel fet que el festiu habitual de Sant Jaume (25 de juliol) caur\u00e0 en dissabte.<\/p>","protected":false},"excerpt":{"rendered":"<p>El Poble Nou de Benitatxell ha dado un paso importante en la mejora de su infraestructura de seguridad y respuesta ante emergencias, a ra\u00edz del apag\u00f3n nacional que afect\u00f3 a gran parte del pa\u00eds el pasado 28 de abril. Aunque el municipio no experiment\u00f3 incidencias directas, las autoridades locales consideran que el evento puso en [&#8230;]<\/p>\n<p><a class=\"btn btn-secondary understrap-read-more-link\" href=\"https:\/\/radiolitoral.com\/ca\/2025\/07\/el-poble-nou-de-benitatxell-refuerza-su-seguridad-ante-emergencias\/\">Continua llegint&#8230;<span class=\"screen-reader-text\"> from El Poble Nou de Benitatxell refuerza su seguridad ante emergencias<\/span><\/a><\/p>\n","protected":false},"author":14,"featured_media":17488,"comment_status":"open","ping_status":"closed","sticky":false,"template":"","format":"standard","meta":{"_acf_changed":false,"inline_featured_image":false,"footnotes":""},"categories":[13],"tags":[184,428,4603,1647],"class_list":["post-17485","post","type-post","status-publish","format-standard","has-post-thumbnail","hentry","category-politica","tag-benitatxell","tag-inversiones","tag-presupuesto-benitatxell","tag-seguridad","cobertura-poble-nou-de-benitatxell"],"acf":[],"yoast_head":"<!-- This site is optimized with the Yoast SEO plugin v27.5 - https:\/\/yoast.com\/product\/yoast-seo-wordpress\/ -->\n<title>El Poble Nou de Benitatxell refuerza su seguridad ante emergencias | R\u00e0dio Litoral<\/title>\n<meta name=\"description\" content=\"El municipio destina m\u00e1s de 26.000 euros a la adquisici\u00f3n de generadores y equipos de comunicaci\u00f3n\" \/>\n<meta name=\"robots\" content=\"index, follow, max-snippet:-1, max-image-preview:large, max-video-preview:-1\" \/>\n<link rel=\"canonical\" href=\"https:\/\/radiolitoral.com\/ca\/2025\/07\/el-poble-nou-de-benitatxell-en-reforca-la-seguretat-davant-demergencies\/\" \/>\n<meta property=\"og:locale\" content=\"ca_ES\" \/>\n<meta property=\"og:type\" content=\"article\" \/>\n<meta property=\"og:title\" content=\"El Poble Nou de Benitatxell refuerza su seguridad ante emergencias | R\u00e0dio Litoral\" \/>\n<meta property=\"og:description\" content=\"El municipio destina m\u00e1s de 26.000 euros a la adquisici\u00f3n de generadores y equipos de comunicaci\u00f3n\" \/>\n<meta property=\"og:url\" content=\"https:\/\/radiolitoral.com\/ca\/2025\/07\/el-poble-nou-de-benitatxell-en-reforca-la-seguretat-davant-demergencies\/\" \/>\n<meta property=\"og:site_name\" content=\"R\u00e0dio Litoral\" \/>\n<meta property=\"article:publisher\" content=\"https:\/\/www.facebook.com\/Laradiolitoral\/\" \/>\n<meta property=\"article:published_time\" content=\"2025-07-04T06:44:41+00:00\" \/>\n<meta property=\"article:modified_time\" content=\"2025-07-04T06:45:57+00:00\" \/>\n<meta property=\"og:image\" content=\"https:\/\/media.radiolitoral.com\/wp-content\/uploads\/2025\/07\/04084546\/IMG_5957-1.jpg\" \/>\n\t<meta property=\"og:image:width\" content=\"2000\" \/>\n\t<meta property=\"og:image:height\" content=\"1500\" \/>\n\t<meta property=\"og:image:type\" content=\"image\/jpeg\" \/>\n<meta name=\"author\" content=\"Redacci\u00f3n\" \/>\n<meta name=\"twitter:card\" content=\"summary_large_image\" \/>\n<meta name=\"twitter:label1\" content=\"Escrit per\" \/>\n\t<meta name=\"twitter:data1\" content=\"Redacci\u00f3n\" \/>\n\t<meta name=\"twitter:label2\" content=\"Temps estimat de lectura\" \/>\n\t<meta name=\"twitter:data2\" content=\"3 minuts\" \/>\n<script type=\"application\/ld+json\" class=\"yoast-schema-graph\">{\"@context\":\"https:\\\/\\\/schema.org\",\"@graph\":[{\"@type\":\"NewsArticle\",\"@id\":\"https:\\\/\\\/radiolitoral.com\\\/2025\\\/07\\\/el-poble-nou-de-benitatxell-refuerza-su-seguridad-ante-emergencias\\\/#article\",\"isPartOf\":{\"@id\":\"https:\\\/\\\/radiolitoral.com\\\/2025\\\/07\\\/el-poble-nou-de-benitatxell-refuerza-su-seguridad-ante-emergencias\\\/\"},\"author\":{\"name\":\"Redacci\u00f3n\",\"@id\":\"https:\\\/\\\/radiolitoral.com\\\/#\\\/schema\\\/person\\\/96b739642eb3bedb532aac3812d23307\"},\"headline\":\"El Poble Nou de Benitatxell refuerza su seguridad ante emergencias\",\"datePublished\":\"2025-07-04T06:44:41+00:00\",\"dateModified\":\"2025-07-04T06:45:57+00:00\",\"mainEntityOfPage\":{\"@id\":\"https:\\\/\\\/radiolitoral.com\\\/2025\\\/07\\\/el-poble-nou-de-benitatxell-refuerza-su-seguridad-ante-emergencias\\\/\"},\"wordCount\":567,\"commentCount\":0,\"publisher\":{\"@id\":\"https:\\\/\\\/radiolitoral.com\\\/#organization\"},\"image\":{\"@id\":\"https:\\\/\\\/radiolitoral.com\\\/2025\\\/07\\\/el-poble-nou-de-benitatxell-refuerza-su-seguridad-ante-emergencias\\\/#primaryimage\"},\"thumbnailUrl\":\"https:\\\/\\\/media.radiolitoral.com\\\/wp-content\\\/uploads\\\/2025\\\/07\\\/04084546\\\/IMG_5957-1.jpg\",\"keywords\":[\"Benitatxell\",\"inversiones\",\"Presupuesto Benitatxell\",\"seguridad\"],\"articleSection\":[\"Pol\u00edtica\"],\"inLanguage\":\"ca\",\"potentialAction\":[{\"@type\":\"CommentAction\",\"name\":\"Comment\",\"target\":[\"https:\\\/\\\/radiolitoral.com\\\/2025\\\/07\\\/el-poble-nou-de-benitatxell-refuerza-su-seguridad-ante-emergencias\\\/#respond\"]}]},{\"@type\":[\"WebPage\",\"ItemPage\"],\"@id\":\"https:\\\/\\\/radiolitoral.com\\\/2025\\\/07\\\/el-poble-nou-de-benitatxell-refuerza-su-seguridad-ante-emergencias\\\/\",\"url\":\"https:\\\/\\\/radiolitoral.com\\\/2025\\\/07\\\/el-poble-nou-de-benitatxell-refuerza-su-seguridad-ante-emergencias\\\/\",\"name\":\"El Poble Nou de Benitatxell refuerza su seguridad ante emergencias | R\u00e0dio Litoral\",\"isPartOf\":{\"@id\":\"https:\\\/\\\/radiolitoral.com\\\/#website\"},\"primaryImageOfPage\":{\"@id\":\"https:\\\/\\\/radiolitoral.com\\\/2025\\\/07\\\/el-poble-nou-de-benitatxell-refuerza-su-seguridad-ante-emergencias\\\/#primaryimage\"},\"image\":{\"@id\":\"https:\\\/\\\/radiolitoral.com\\\/2025\\\/07\\\/el-poble-nou-de-benitatxell-refuerza-su-seguridad-ante-emergencias\\\/#primaryimage\"},\"thumbnailUrl\":\"https:\\\/\\\/media.radiolitoral.com\\\/wp-content\\\/uploads\\\/2025\\\/07\\\/04084546\\\/IMG_5957-1.jpg\",\"datePublished\":\"2025-07-04T06:44:41+00:00\",\"dateModified\":\"2025-07-04T06:45:57+00:00\",\"description\":\"El municipio destina m\u00e1s de 26.000 euros a la adquisici\u00f3n de generadores y equipos de comunicaci\u00f3n\",\"breadcrumb\":{\"@id\":\"https:\\\/\\\/radiolitoral.com\\\/2025\\\/07\\\/el-poble-nou-de-benitatxell-refuerza-su-seguridad-ante-emergencias\\\/#breadcrumb\"},\"inLanguage\":\"ca\",\"potentialAction\":[{\"@type\":\"ReadAction\",\"target\":[\"https:\\\/\\\/radiolitoral.com\\\/2025\\\/07\\\/el-poble-nou-de-benitatxell-refuerza-su-seguridad-ante-emergencias\\\/\"]}]},{\"@type\":\"ImageObject\",\"inLanguage\":\"ca\",\"@id\":\"https:\\\/\\\/radiolitoral.com\\\/2025\\\/07\\\/el-poble-nou-de-benitatxell-refuerza-su-seguridad-ante-emergencias\\\/#primaryimage\",\"url\":\"https:\\\/\\\/media.radiolitoral.com\\\/wp-content\\\/uploads\\\/2025\\\/07\\\/04084546\\\/IMG_5957-1.jpg\",\"contentUrl\":\"https:\\\/\\\/media.radiolitoral.com\\\/wp-content\\\/uploads\\\/2025\\\/07\\\/04084546\\\/IMG_5957-1.jpg\",\"width\":2000,\"height\":1500},{\"@type\":\"BreadcrumbList\",\"@id\":\"https:\\\/\\\/radiolitoral.com\\\/2025\\\/07\\\/el-poble-nou-de-benitatxell-refuerza-su-seguridad-ante-emergencias\\\/#breadcrumb\",\"itemListElement\":[{\"@type\":\"ListItem\",\"position\":1,\"name\":\"Portada\",\"item\":\"https:\\\/\\\/radiolitoral.com\\\/\"},{\"@type\":\"ListItem\",\"position\":2,\"name\":\"El Poble Nou de Benitatxell refuerza su seguridad ante emergencias\"}]},{\"@type\":\"WebSite\",\"@id\":\"https:\\\/\\\/radiolitoral.com\\\/#website\",\"url\":\"https:\\\/\\\/radiolitoral.com\\\/\",\"name\":\"Radio Litoral\",\"description\":\"La radio local de la Marina Alta\",\"publisher\":{\"@id\":\"https:\\\/\\\/radiolitoral.com\\\/#organization\"},\"alternateName\":\"Litoral FM\",\"potentialAction\":[{\"@type\":\"SearchAction\",\"target\":{\"@type\":\"EntryPoint\",\"urlTemplate\":\"https:\\\/\\\/radiolitoral.com\\\/?s={search_term_string}\"},\"query-input\":{\"@type\":\"PropertyValueSpecification\",\"valueRequired\":true,\"valueName\":\"search_term_string\"}}],\"inLanguage\":\"ca\"},{\"@type\":\"Organization\",\"@id\":\"https:\\\/\\\/radiolitoral.com\\\/#organization\",\"name\":\"Radio Litoral\",\"url\":\"https:\\\/\\\/radiolitoral.com\\\/\",\"logo\":{\"@type\":\"ImageObject\",\"inLanguage\":\"ca\",\"@id\":\"https:\\\/\\\/radiolitoral.com\\\/#\\\/schema\\\/logo\\\/image\\\/\",\"url\":\"https:\\\/\\\/media.radiolitoral.com\\\/wp-content\\\/uploads\\\/2023\\\/02\\\/24143238\\\/CL-V-RadioLitoral696.png\",\"contentUrl\":\"https:\\\/\\\/media.radiolitoral.com\\\/wp-content\\\/uploads\\\/2023\\\/02\\\/24143238\\\/CL-V-RadioLitoral696.png\",\"width\":696,\"height\":696,\"caption\":\"Radio Litoral\"},\"image\":{\"@id\":\"https:\\\/\\\/radiolitoral.com\\\/#\\\/schema\\\/logo\\\/image\\\/\"},\"sameAs\":[\"https:\\\/\\\/www.facebook.com\\\/Laradiolitoral\\\/\"]},{\"@type\":\"Person\",\"@id\":\"https:\\\/\\\/radiolitoral.com\\\/#\\\/schema\\\/person\\\/96b739642eb3bedb532aac3812d23307\",\"name\":\"Redacci\u00f3n\",\"image\":{\"@type\":\"ImageObject\",\"inLanguage\":\"ca\",\"@id\":\"https:\\\/\\\/secure.gravatar.com\\\/avatar\\\/30cd06129ee90411dd9c7cbdcf17464181d1a3c7b072e92070ea75a25cf0097e?s=96&d=mm&r=g\",\"url\":\"https:\\\/\\\/secure.gravatar.com\\\/avatar\\\/30cd06129ee90411dd9c7cbdcf17464181d1a3c7b072e92070ea75a25cf0097e?s=96&d=mm&r=g\",\"contentUrl\":\"https:\\\/\\\/secure.gravatar.com\\\/avatar\\\/30cd06129ee90411dd9c7cbdcf17464181d1a3c7b072e92070ea75a25cf0097e?s=96&d=mm&r=g\",\"caption\":\"Redacci\u00f3n\"},\"url\":\"https:\\\/\\\/radiolitoral.com\\\/ca\\\/author\\\/kevin-carrio\\\/\"}]}<\/script>\n<!-- \/ Yoast SEO plugin. -->","yoast_head_json":{"title":"El Poble Nou de Benitatxell refor\u00e7a la seguretat davant d&#039;emerg\u00e8ncies | R\u00e0dio Litoral","description":"El municipi destina m\u00e9s de 26.000 euros a adquirir generadors i equips de comunicaci\u00f3","robots":{"index":"index","follow":"follow","max-snippet":"max-snippet:-1","max-image-preview":"max-image-preview:large","max-video-preview":"max-video-preview:-1"},"canonical":"https:\/\/radiolitoral.com\/ca\/2025\/07\/el-poble-nou-de-benitatxell-en-reforca-la-seguretat-davant-demergencies\/","og_locale":"ca_ES","og_type":"article","og_title":"El Poble Nou de Benitatxell refuerza su seguridad ante emergencias | R\u00e0dio Litoral","og_description":"El municipio destina m\u00e1s de 26.000 euros a la adquisici\u00f3n de generadores y equipos de comunicaci\u00f3n","og_url":"https:\/\/radiolitoral.com\/ca\/2025\/07\/el-poble-nou-de-benitatxell-en-reforca-la-seguretat-davant-demergencies\/","og_site_name":"R\u00e0dio Litoral","article_publisher":"https:\/\/www.facebook.com\/Laradiolitoral\/","article_published_time":"2025-07-04T06:44:41+00:00","article_modified_time":"2025-07-04T06:45:57+00:00","og_image":[{"width":2000,"height":1500,"url":"https:\/\/media.radiolitoral.com\/wp-content\/uploads\/2025\/07\/04084546\/IMG_5957-1.jpg","type":"image\/jpeg"}],"author":"Redacci\u00f3n","twitter_card":"summary_large_image","twitter_misc":{"Escrit per":"Redacci\u00f3n","Temps estimat de lectura":"3 minuts"},"schema":{"@context":"https:\/\/schema.org","@graph":[{"@type":"NewsArticle","@id":"https:\/\/radiolitoral.com\/2025\/07\/el-poble-nou-de-benitatxell-refuerza-su-seguridad-ante-emergencias\/#article","isPartOf":{"@id":"https:\/\/radiolitoral.com\/2025\/07\/el-poble-nou-de-benitatxell-refuerza-su-seguridad-ante-emergencias\/"},"author":{"name":"Redacci\u00f3n","@id":"https:\/\/radiolitoral.com\/#\/schema\/person\/96b739642eb3bedb532aac3812d23307"},"headline":"El Poble Nou de Benitatxell refuerza su seguridad ante emergencias","datePublished":"2025-07-04T06:44:41+00:00","dateModified":"2025-07-04T06:45:57+00:00","mainEntityOfPage":{"@id":"https:\/\/radiolitoral.com\/2025\/07\/el-poble-nou-de-benitatxell-refuerza-su-seguridad-ante-emergencias\/"},"wordCount":567,"commentCount":0,"publisher":{"@id":"https:\/\/radiolitoral.com\/#organization"},"image":{"@id":"https:\/\/radiolitoral.com\/2025\/07\/el-poble-nou-de-benitatxell-refuerza-su-seguridad-ante-emergencias\/#primaryimage"},"thumbnailUrl":"https:\/\/media.radiolitoral.com\/wp-content\/uploads\/2025\/07\/04084546\/IMG_5957-1.jpg","keywords":["Benitatxell","inversiones","Presupuesto Benitatxell","seguridad"],"articleSection":["Pol\u00edtica"],"inLanguage":"ca","potentialAction":[{"@type":"CommentAction","name":"Comment","target":["https:\/\/radiolitoral.com\/2025\/07\/el-poble-nou-de-benitatxell-refuerza-su-seguridad-ante-emergencias\/#respond"]}]},{"@type":["WebPage","ItemPage"],"@id":"https:\/\/radiolitoral.com\/2025\/07\/el-poble-nou-de-benitatxell-refuerza-su-seguridad-ante-emergencias\/","url":"https:\/\/radiolitoral.com\/2025\/07\/el-poble-nou-de-benitatxell-refuerza-su-seguridad-ante-emergencias\/","name":"El Poble Nou de Benitatxell refor\u00e7a la seguretat davant d&#039;emerg\u00e8ncies | R\u00e0dio Litoral","isPartOf":{"@id":"https:\/\/radiolitoral.com\/#website"},"primaryImageOfPage":{"@id":"https:\/\/radiolitoral.com\/2025\/07\/el-poble-nou-de-benitatxell-refuerza-su-seguridad-ante-emergencias\/#primaryimage"},"image":{"@id":"https:\/\/radiolitoral.com\/2025\/07\/el-poble-nou-de-benitatxell-refuerza-su-seguridad-ante-emergencias\/#primaryimage"},"thumbnailUrl":"https:\/\/media.radiolitoral.com\/wp-content\/uploads\/2025\/07\/04084546\/IMG_5957-1.jpg","datePublished":"2025-07-04T06:44:41+00:00","dateModified":"2025-07-04T06:45:57+00:00","description":"El municipi destina m\u00e9s de 26.000 euros a adquirir generadors i equips de comunicaci\u00f3","breadcrumb":{"@id":"https:\/\/radiolitoral.com\/2025\/07\/el-poble-nou-de-benitatxell-refuerza-su-seguridad-ante-emergencias\/#breadcrumb"},"inLanguage":"ca","potentialAction":[{"@type":"ReadAction","target":["https:\/\/radiolitoral.com\/2025\/07\/el-poble-nou-de-benitatxell-refuerza-su-seguridad-ante-emergencias\/"]}]},{"@type":"ImageObject","inLanguage":"ca","@id":"https:\/\/radiolitoral.com\/2025\/07\/el-poble-nou-de-benitatxell-refuerza-su-seguridad-ante-emergencias\/#primaryimage","url":"https:\/\/media.radiolitoral.com\/wp-content\/uploads\/2025\/07\/04084546\/IMG_5957-1.jpg","contentUrl":"https:\/\/media.radiolitoral.com\/wp-content\/uploads\/2025\/07\/04084546\/IMG_5957-1.jpg","width":2000,"height":1500},{"@type":"BreadcrumbList","@id":"https:\/\/radiolitoral.com\/2025\/07\/el-poble-nou-de-benitatxell-refuerza-su-seguridad-ante-emergencias\/#breadcrumb","itemListElement":[{"@type":"ListItem","position":1,"name":"Portada","item":"https:\/\/radiolitoral.com\/"},{"@type":"ListItem","position":2,"name":"El Poble Nou de Benitatxell refuerza su seguridad ante emergencias"}]},{"@type":"WebSite","@id":"https:\/\/radiolitoral.com\/#website","url":"https:\/\/radiolitoral.com\/","name":"R\u00e0dio Litoral","description":"La r\u00e0dio local de la Marina Alta","publisher":{"@id":"https:\/\/radiolitoral.com\/#organization"},"alternateName":"Litoral FM","potentialAction":[{"@type":"SearchAction","target":{"@type":"EntryPoint","urlTemplate":"https:\/\/radiolitoral.com\/?s={search_term_string}"},"query-input":{"@type":"PropertyValueSpecification","valueRequired":true,"valueName":"search_term_string"}}],"inLanguage":"ca"},{"@type":"Organization","@id":"https:\/\/radiolitoral.com\/#organization","name":"R\u00e0dio Litoral","url":"https:\/\/radiolitoral.com\/","logo":{"@type":"ImageObject","inLanguage":"ca","@id":"https:\/\/radiolitoral.com\/#\/schema\/logo\/image\/","url":"https:\/\/media.radiolitoral.com\/wp-content\/uploads\/2023\/02\/24143238\/CL-V-RadioLitoral696.png","contentUrl":"https:\/\/media.radiolitoral.com\/wp-content\/uploads\/2023\/02\/24143238\/CL-V-RadioLitoral696.png","width":696,"height":696,"caption":"Radio Litoral"},"image":{"@id":"https:\/\/radiolitoral.com\/#\/schema\/logo\/image\/"},"sameAs":["https:\/\/www.facebook.com\/Laradiolitoral\/"]},{"@type":"Person","@id":"https:\/\/radiolitoral.com\/#\/schema\/person\/96b739642eb3bedb532aac3812d23307","name":"Redacci\u00f3","image":{"@type":"ImageObject","inLanguage":"ca","@id":"https:\/\/secure.gravatar.com\/avatar\/30cd06129ee90411dd9c7cbdcf17464181d1a3c7b072e92070ea75a25cf0097e?s=96&d=mm&r=g","url":"https:\/\/secure.gravatar.com\/avatar\/30cd06129ee90411dd9c7cbdcf17464181d1a3c7b072e92070ea75a25cf0097e?s=96&d=mm&r=g","contentUrl":"https:\/\/secure.gravatar.com\/avatar\/30cd06129ee90411dd9c7cbdcf17464181d1a3c7b072e92070ea75a25cf0097e?s=96&d=mm&r=g","caption":"Redacci\u00f3n"},"url":"https:\/\/radiolitoral.com\/ca\/author\/kevin-carrio\/"}]}},"_links":{"self":[{"href":"https:\/\/radiolitoral.com\/ca\/wp-json\/wp\/v2\/posts\/17485","targetHints":{"allow":["GET"]}}],"collection":[{"href":"https:\/\/radiolitoral.com\/ca\/wp-json\/wp\/v2\/posts"}],"about":[{"href":"https:\/\/radiolitoral.com\/ca\/wp-json\/wp\/v2\/types\/post"}],"author":[{"embeddable":true,"href":"https:\/\/radiolitoral.com\/ca\/wp-json\/wp\/v2\/users\/14"}],"replies":[{"embeddable":true,"href":"https:\/\/radiolitoral.com\/ca\/wp-json\/wp\/v2\/comments?post=17485"}],"version-history":[{"count":2,"href":"https:\/\/radiolitoral.com\/ca\/wp-json\/wp\/v2\/posts\/17485\/revisions"}],"predecessor-version":[{"id":17487,"href":"https:\/\/radiolitoral.com\/ca\/wp-json\/wp\/v2\/posts\/17485\/revisions\/17487"}],"wp:featuredmedia":[{"embeddable":true,"href":"https:\/\/radiolitoral.com\/ca\/wp-json\/wp\/v2\/media\/17488"}],"wp:attachment":[{"href":"https:\/\/radiolitoral.com\/ca\/wp-json\/wp\/v2\/media?parent=17485"}],"wp:term":[{"taxonomy":"category","embeddable":true,"href":"https:\/\/radiolitoral.com\/ca\/wp-json\/wp\/v2\/categories?post=17485"},{"taxonomy":"post_tag","embeddable":true,"href":"https:\/\/radiolitoral.com\/ca\/wp-json\/wp\/v2\/tags?post=17485"}],"curies":[{"name":"wp","href":"https:\/\/api.w.org\/{rel}","templated":true}]}}