{"id":17453,"date":"2025-07-02T11:26:31","date_gmt":"2025-07-02T09:26:31","guid":{"rendered":"https:\/\/radiolitoral.com\/?p=17453"},"modified":"2025-07-02T11:26:31","modified_gmt":"2025-07-02T09:26:31","slug":"virginia-perez-benissa-te-molt-a-oferir-pero-si-he-de-triar-seria-el-patrimoni-historic-la-tranquil%c2%b7litat-i-les-cales","status":"publish","type":"post","link":"https:\/\/radiolitoral.com\/ca\/2025\/07\/virginia-perez-benissa-tiene-mucho-que-ofrecer-pero-si-tengo-que-elegir-seria-el-patrimonio-historico-la-tranquilidad-y-las-calas\/","title":{"rendered":"Virginia P\u00e9rez: \u201cBenissa t\u00e9 molt a oferir, per\u00f2 si he de triar, seria el patrimoni hist\u00f2ric, la tranquil\u00b7litat i les cales\u201d"},"content":{"rendered":"<p>Acabem d&#039;estrenar el mes de juliol, mes de vacances per excel\u00b7l\u00e8ncia que ens convida a desconnectar, descobrir nous llocs, o retrobar-nos amb espais especials ja coneguts, i, sobretot, ens convida a gaudir del nostre temps lliure. Per aix\u00f2 hem dedicat el nostre <strong>Primer Caf\u00e8<\/strong> d?avui dimecres, 2 de juliol, a parlar de turisme. Ens hem quedat a <strong>Benissa<\/strong>, per con\u00e8ixer amb la <strong>regidora de l&#039;\u00e0rea, Virginia P\u00e9rez,<\/strong> i la <strong>t\u00e8cnica de Turisme, Loli Vicens,<\/strong> les propostes que s&#039;hi inclouen dins de l&#039;oferta tur\u00edstica de Benissa per a aquest estiu.<\/p>\n<p>Ens han guiat per l&#039;\u00e0mplia oferta de propostes que el departament de Turisme ha organitzat per als mesos estivals. Un programa que inclou un cicle de visites guiades, que promociona les cales i els espais naturals, com el Passeig Ecol\u00f2gic, que no oblida les propostes culturals, l\u00fadiques i festives de la programaci\u00f3 estival, aix\u00ed com l&#039;oferta gastron\u00f2mica de la localitat.<\/p>\n<p>Destaquem entre totes les possibilitats programades les <strong>visites guiades<\/strong> que just arrenquen dem\u00e0 dijous, 3 de juliol. Un programa de rutes que inclouen recorreguts al capvespre, en qu\u00e8 es promou el patrimoni cultural del municipi, i tamb\u00e9 visites guiades a la llum de la lluna pel Passeig Ecol\u00f2gic. S\u00f3n activitats gratu\u00eftes, per\u00f2 requereixen inscripci\u00f3 pr\u00e8via. El programa es prolongar\u00e0 fins a finals del mes dagost, i es realitzar\u00e0 en diversos idiomes.<\/p>\n<p>Com ens han explicat les nostres convidades, Benissa ha passat de ser una destinaci\u00f3 tradicional de sol i platja en temporades clau, a una destinaci\u00f3 sostenible i intel\u00b7ligent amb una oferta diversificada que atrau visitants durant tot l&#039;any. Seguint un cam\u00ed d&#039;innovaci\u00f3 tecnol\u00f2gica i gesti\u00f3 intel\u00b7ligent, que ajuda a millorar l&#039;oferta tur\u00edstica els 365 dies de l&#039;any.<\/p>\n<p>Per aquest estiu s&#039;espera una ocupaci\u00f3 superior al 90%. Una xifra que es valora de manera positiva pel departament de Turisme, ja que s&#039;ha convertit en un sector econ\u00f2mic clau de Benissa. Ser un municipi tur\u00edstic possibilita a la localitat aconseguir importants subvencions i ajuts que aporten beneficis a tota la poblaci\u00f3, com han remarcat les nostres convidades.<\/p>\n<p>Podeu tornar a escoltar l&#039;entrevista completa aqu\u00ed.<\/p>\n<audio class=\"wp-audio-shortcode\" id=\"audio-17453-1\" preload=\"none\" style=\"width: 100%;\" controls=\"controls\"><source type=\"audio\/mpeg\" src=\"https:\/\/media.radiolitoral.com\/wp-content\/uploads\/2025\/07\/02112106\/Primer-Cafe-Turisme-Benissa.mp3?_=1\" \/><a href=\"https:\/\/media.radiolitoral.com\/wp-content\/uploads\/2025\/07\/02112106\/Primer-Cafe-Turisme-Benissa.mp3\">https:\/\/media.radiolitoral.com\/wp-content\/uploads\/2025\/07\/02112106\/Primer-Cafe-Turisme-Benissa.mp3<\/a><\/audio>\n<p>&nbsp;<\/p>","protected":false},"excerpt":{"rendered":"<p>Acabamos de estrenar el mes de julio, mes vacacional por excelencia que nos invita a desconectar, descubrir nuevos lugares, o reencontrarnos con espacios especiales ya conocidos, y, sobre todo, nos invita a disfrutar de nuestro tiempo libre. Por eso hemos dedicado nuestro Primer Caf\u00e9 de hoy mi\u00e9rcoles, 2 de julio, a hablar de turismo.\u00a0Nos hemos [&#8230;]<\/p>\n<p><a class=\"btn btn-secondary understrap-read-more-link\" href=\"https:\/\/radiolitoral.com\/ca\/2025\/07\/virginia-perez-benissa-tiene-mucho-que-ofrecer-pero-si-tengo-que-elegir-seria-el-patrimonio-historico-la-tranquilidad-y-las-calas\/\">Continua llegint&#8230;<span class=\"screen-reader-text\"> from Virginia P\u00e9rez: \u201cBenissa tiene mucho que ofrecer, pero si tengo que elegir, ser\u00eda el patrimonio hist\u00f3rico, la tranquilidad y las calas\u201d<\/span><\/a><\/p>\n","protected":false},"author":13,"featured_media":17456,"comment_status":"open","ping_status":"closed","sticky":false,"template":"","format":"standard","meta":{"_acf_changed":false,"inline_featured_image":false,"footnotes":""},"categories":[2753,144],"tags":[1905,4551,4407,4592,4078,2312,2388,780],"class_list":["post-17453","post","type-post","status-publish","format-standard","has-post-thumbnail","hentry","category-entrevistas","category-turismo","tag-calas","tag-loli-vicens","tag-ocupacion-turistica","tag-oferta-turistica","tag-paseo-ecologico","tag-primer-cafe","tag-virginia-perez","tag-visitas-guiadas","cobertura-benissa"],"acf":[],"yoast_head":"<!-- This site is optimized with the Yoast SEO plugin v27.5 - https:\/\/yoast.com\/product\/yoast-seo-wordpress\/ -->\n<title>Virginia P\u00e9rez: \u201cBenissa tiene mucho que ofrecer, pero si tengo que elegir, ser\u00eda el patrimonio hist\u00f3rico, la tranquilidad y las calas\u201d | R\u00e0dio Litoral<\/title>\n<meta name=\"description\" content=\"Benissa espera superar el 90% de ocupaci\u00f3n tur\u00edstica este verano a partir de los sistemas predictivos puestos en marcha\" \/>\n<meta name=\"robots\" content=\"index, follow, max-snippet:-1, max-image-preview:large, max-video-preview:-1\" \/>\n<link rel=\"canonical\" href=\"https:\/\/radiolitoral.com\/ca\/2025\/07\/virginia-perez-benissa-te-molt-a-oferir-pero-si-he-de-triar-seria-el-patrimoni-historic-la-tranquil\u00b7litat-i-les-cales\/\" \/>\n<meta property=\"og:locale\" content=\"ca_ES\" \/>\n<meta property=\"og:type\" content=\"article\" \/>\n<meta property=\"og:title\" content=\"Virginia P\u00e9rez: \u201cBenissa tiene mucho que ofrecer, pero si tengo que elegir, ser\u00eda el patrimonio hist\u00f3rico, la tranquilidad y las calas\u201d | R\u00e0dio Litoral\" \/>\n<meta property=\"og:description\" content=\"Benissa espera superar el 90% de ocupaci\u00f3n tur\u00edstica este verano a partir de los sistemas predictivos puestos en marcha\" \/>\n<meta property=\"og:url\" content=\"https:\/\/radiolitoral.com\/ca\/2025\/07\/virginia-perez-benissa-te-molt-a-oferir-pero-si-he-de-triar-seria-el-patrimoni-historic-la-tranquil\u00b7litat-i-les-cales\/\" \/>\n<meta property=\"og:site_name\" content=\"R\u00e0dio Litoral\" \/>\n<meta property=\"article:publisher\" content=\"https:\/\/www.facebook.com\/Laradiolitoral\/\" \/>\n<meta property=\"article:published_time\" content=\"2025-07-02T09:26:31+00:00\" \/>\n<meta property=\"og:image\" content=\"https:\/\/media.radiolitoral.com\/wp-content\/uploads\/2025\/07\/02112328\/Virginia-i-Loli-Primer-Cafe-Turismo.jpg\" \/>\n\t<meta property=\"og:image:width\" content=\"2000\" \/>\n\t<meta property=\"og:image:height\" content=\"1500\" \/>\n\t<meta property=\"og:image:type\" content=\"image\/jpeg\" \/>\n<meta name=\"author\" content=\"Redacci\u00f3n\" \/>\n<meta name=\"twitter:card\" content=\"summary_large_image\" \/>\n<meta name=\"twitter:label1\" content=\"Escrit per\" \/>\n\t<meta name=\"twitter:data1\" content=\"Redacci\u00f3n\" \/>\n\t<meta name=\"twitter:label2\" content=\"Temps estimat de lectura\" \/>\n\t<meta name=\"twitter:data2\" content=\"2 minuts\" \/>\n<script type=\"application\/ld+json\" class=\"yoast-schema-graph\">{\"@context\":\"https:\\\/\\\/schema.org\",\"@graph\":[{\"@type\":\"NewsArticle\",\"@id\":\"https:\\\/\\\/radiolitoral.com\\\/2025\\\/07\\\/virginia-perez-benissa-tiene-mucho-que-ofrecer-pero-si-tengo-que-elegir-seria-el-patrimonio-historico-la-tranquilidad-y-las-calas\\\/#article\",\"isPartOf\":{\"@id\":\"https:\\\/\\\/radiolitoral.com\\\/2025\\\/07\\\/virginia-perez-benissa-tiene-mucho-que-ofrecer-pero-si-tengo-que-elegir-seria-el-patrimonio-historico-la-tranquilidad-y-las-calas\\\/\"},\"author\":{\"name\":\"Redacci\u00f3n\",\"@id\":\"https:\\\/\\\/radiolitoral.com\\\/#\\\/schema\\\/person\\\/f2b2343c49b5d721857cc1002bfdb151\"},\"headline\":\"Virginia P\u00e9rez: \u201cBenissa tiene mucho que ofrecer, pero si tengo que elegir, ser\u00eda el patrimonio hist\u00f3rico, la tranquilidad y las calas\u201d\",\"datePublished\":\"2025-07-02T09:26:31+00:00\",\"mainEntityOfPage\":{\"@id\":\"https:\\\/\\\/radiolitoral.com\\\/2025\\\/07\\\/virginia-perez-benissa-tiene-mucho-que-ofrecer-pero-si-tengo-que-elegir-seria-el-patrimonio-historico-la-tranquilidad-y-las-calas\\\/\"},\"wordCount\":411,\"commentCount\":0,\"publisher\":{\"@id\":\"https:\\\/\\\/radiolitoral.com\\\/#organization\"},\"image\":{\"@id\":\"https:\\\/\\\/radiolitoral.com\\\/2025\\\/07\\\/virginia-perez-benissa-tiene-mucho-que-ofrecer-pero-si-tengo-que-elegir-seria-el-patrimonio-historico-la-tranquilidad-y-las-calas\\\/#primaryimage\"},\"thumbnailUrl\":\"https:\\\/\\\/media.radiolitoral.com\\\/wp-content\\\/uploads\\\/2025\\\/07\\\/02112328\\\/Virginia-i-Loli-Primer-Cafe-Turismo.jpg\",\"keywords\":[\"calas\",\"Loli Vicens\",\"ocupaci\u00f3n tur\u00edstica\",\"Oferta tur\u00edstica\",\"paseo ecol\u00f3gico\",\"Primer Caf\u00e9\",\"Virginia P\u00e9rez\",\"visitas guiadas\"],\"articleSection\":[\"Entrevistas\",\"Turismo\"],\"inLanguage\":\"ca\",\"potentialAction\":[{\"@type\":\"CommentAction\",\"name\":\"Comment\",\"target\":[\"https:\\\/\\\/radiolitoral.com\\\/2025\\\/07\\\/virginia-perez-benissa-tiene-mucho-que-ofrecer-pero-si-tengo-que-elegir-seria-el-patrimonio-historico-la-tranquilidad-y-las-calas\\\/#respond\"]}]},{\"@type\":[\"WebPage\",\"ItemPage\"],\"@id\":\"https:\\\/\\\/radiolitoral.com\\\/2025\\\/07\\\/virginia-perez-benissa-tiene-mucho-que-ofrecer-pero-si-tengo-que-elegir-seria-el-patrimonio-historico-la-tranquilidad-y-las-calas\\\/\",\"url\":\"https:\\\/\\\/radiolitoral.com\\\/2025\\\/07\\\/virginia-perez-benissa-tiene-mucho-que-ofrecer-pero-si-tengo-que-elegir-seria-el-patrimonio-historico-la-tranquilidad-y-las-calas\\\/\",\"name\":\"Virginia P\u00e9rez: \u201cBenissa tiene mucho que ofrecer, pero si tengo que elegir, ser\u00eda el patrimonio hist\u00f3rico, la tranquilidad y las calas\u201d | R\u00e0dio Litoral\",\"isPartOf\":{\"@id\":\"https:\\\/\\\/radiolitoral.com\\\/#website\"},\"primaryImageOfPage\":{\"@id\":\"https:\\\/\\\/radiolitoral.com\\\/2025\\\/07\\\/virginia-perez-benissa-tiene-mucho-que-ofrecer-pero-si-tengo-que-elegir-seria-el-patrimonio-historico-la-tranquilidad-y-las-calas\\\/#primaryimage\"},\"image\":{\"@id\":\"https:\\\/\\\/radiolitoral.com\\\/2025\\\/07\\\/virginia-perez-benissa-tiene-mucho-que-ofrecer-pero-si-tengo-que-elegir-seria-el-patrimonio-historico-la-tranquilidad-y-las-calas\\\/#primaryimage\"},\"thumbnailUrl\":\"https:\\\/\\\/media.radiolitoral.com\\\/wp-content\\\/uploads\\\/2025\\\/07\\\/02112328\\\/Virginia-i-Loli-Primer-Cafe-Turismo.jpg\",\"datePublished\":\"2025-07-02T09:26:31+00:00\",\"description\":\"Benissa espera superar el 90% de ocupaci\u00f3n tur\u00edstica este verano a partir de los sistemas predictivos puestos en marcha\",\"breadcrumb\":{\"@id\":\"https:\\\/\\\/radiolitoral.com\\\/2025\\\/07\\\/virginia-perez-benissa-tiene-mucho-que-ofrecer-pero-si-tengo-que-elegir-seria-el-patrimonio-historico-la-tranquilidad-y-las-calas\\\/#breadcrumb\"},\"inLanguage\":\"ca\",\"potentialAction\":[{\"@type\":\"ReadAction\",\"target\":[\"https:\\\/\\\/radiolitoral.com\\\/2025\\\/07\\\/virginia-perez-benissa-tiene-mucho-que-ofrecer-pero-si-tengo-que-elegir-seria-el-patrimonio-historico-la-tranquilidad-y-las-calas\\\/\"]}]},{\"@type\":\"ImageObject\",\"inLanguage\":\"ca\",\"@id\":\"https:\\\/\\\/radiolitoral.com\\\/2025\\\/07\\\/virginia-perez-benissa-tiene-mucho-que-ofrecer-pero-si-tengo-que-elegir-seria-el-patrimonio-historico-la-tranquilidad-y-las-calas\\\/#primaryimage\",\"url\":\"https:\\\/\\\/media.radiolitoral.com\\\/wp-content\\\/uploads\\\/2025\\\/07\\\/02112328\\\/Virginia-i-Loli-Primer-Cafe-Turismo.jpg\",\"contentUrl\":\"https:\\\/\\\/media.radiolitoral.com\\\/wp-content\\\/uploads\\\/2025\\\/07\\\/02112328\\\/Virginia-i-Loli-Primer-Cafe-Turismo.jpg\",\"width\":2000,\"height\":1500},{\"@type\":\"BreadcrumbList\",\"@id\":\"https:\\\/\\\/radiolitoral.com\\\/2025\\\/07\\\/virginia-perez-benissa-tiene-mucho-que-ofrecer-pero-si-tengo-que-elegir-seria-el-patrimonio-historico-la-tranquilidad-y-las-calas\\\/#breadcrumb\",\"itemListElement\":[{\"@type\":\"ListItem\",\"position\":1,\"name\":\"Portada\",\"item\":\"https:\\\/\\\/radiolitoral.com\\\/\"},{\"@type\":\"ListItem\",\"position\":2,\"name\":\"Virginia P\u00e9rez: \u201cBenissa tiene mucho que ofrecer, pero si tengo que elegir, ser\u00eda el patrimonio hist\u00f3rico, la tranquilidad y las calas\u201d\"}]},{\"@type\":\"WebSite\",\"@id\":\"https:\\\/\\\/radiolitoral.com\\\/#website\",\"url\":\"https:\\\/\\\/radiolitoral.com\\\/\",\"name\":\"Radio Litoral\",\"description\":\"La radio local de la Marina Alta\",\"publisher\":{\"@id\":\"https:\\\/\\\/radiolitoral.com\\\/#organization\"},\"alternateName\":\"Litoral FM\",\"potentialAction\":[{\"@type\":\"SearchAction\",\"target\":{\"@type\":\"EntryPoint\",\"urlTemplate\":\"https:\\\/\\\/radiolitoral.com\\\/?s={search_term_string}\"},\"query-input\":{\"@type\":\"PropertyValueSpecification\",\"valueRequired\":true,\"valueName\":\"search_term_string\"}}],\"inLanguage\":\"ca\"},{\"@type\":\"Organization\",\"@id\":\"https:\\\/\\\/radiolitoral.com\\\/#organization\",\"name\":\"Radio Litoral\",\"url\":\"https:\\\/\\\/radiolitoral.com\\\/\",\"logo\":{\"@type\":\"ImageObject\",\"inLanguage\":\"ca\",\"@id\":\"https:\\\/\\\/radiolitoral.com\\\/#\\\/schema\\\/logo\\\/image\\\/\",\"url\":\"https:\\\/\\\/media.radiolitoral.com\\\/wp-content\\\/uploads\\\/2023\\\/02\\\/24143238\\\/CL-V-RadioLitoral696.png\",\"contentUrl\":\"https:\\\/\\\/media.radiolitoral.com\\\/wp-content\\\/uploads\\\/2023\\\/02\\\/24143238\\\/CL-V-RadioLitoral696.png\",\"width\":696,\"height\":696,\"caption\":\"Radio Litoral\"},\"image\":{\"@id\":\"https:\\\/\\\/radiolitoral.com\\\/#\\\/schema\\\/logo\\\/image\\\/\"},\"sameAs\":[\"https:\\\/\\\/www.facebook.com\\\/Laradiolitoral\\\/\"]},{\"@type\":\"Person\",\"@id\":\"https:\\\/\\\/radiolitoral.com\\\/#\\\/schema\\\/person\\\/f2b2343c49b5d721857cc1002bfdb151\",\"name\":\"Redacci\u00f3n\",\"image\":{\"@type\":\"ImageObject\",\"inLanguage\":\"ca\",\"@id\":\"https:\\\/\\\/secure.gravatar.com\\\/avatar\\\/f771d896c203ad8b3382d7905cfcce5a5c9b008b84b3cd9114e9b9f4cb63f789?s=96&d=mm&r=g\",\"url\":\"https:\\\/\\\/secure.gravatar.com\\\/avatar\\\/f771d896c203ad8b3382d7905cfcce5a5c9b008b84b3cd9114e9b9f4cb63f789?s=96&d=mm&r=g\",\"contentUrl\":\"https:\\\/\\\/secure.gravatar.com\\\/avatar\\\/f771d896c203ad8b3382d7905cfcce5a5c9b008b84b3cd9114e9b9f4cb63f789?s=96&d=mm&r=g\",\"caption\":\"Redacci\u00f3n\"},\"url\":\"https:\\\/\\\/radiolitoral.com\\\/ca\\\/author\\\/miriam-pagan\\\/\"}]}<\/script>\n<!-- \/ Yoast SEO plugin. -->","yoast_head_json":{"title":"Virginia P\u00e9rez: \u201cBenissa t\u00e9 molt per oferir, per\u00f2 si he de triar, seria el patrimoni hist\u00f2ric, la tranquil\u00b7litat i les cales\u201d | R\u00e0dio Litoral","description":"Benissa espera superar el 90% d&#039;ocupaci\u00f3 tur\u00edstica aquest estiu a partir dels sistemes predictius engegats","robots":{"index":"index","follow":"follow","max-snippet":"max-snippet:-1","max-image-preview":"max-image-preview:large","max-video-preview":"max-video-preview:-1"},"canonical":"https:\/\/radiolitoral.com\/ca\/2025\/07\/virginia-perez-benissa-te-molt-a-oferir-pero-si-he-de-triar-seria-el-patrimoni-historic-la-tranquil\u00b7litat-i-les-cales\/","og_locale":"ca_ES","og_type":"article","og_title":"Virginia P\u00e9rez: \u201cBenissa tiene mucho que ofrecer, pero si tengo que elegir, ser\u00eda el patrimonio hist\u00f3rico, la tranquilidad y las calas\u201d | R\u00e0dio Litoral","og_description":"Benissa espera superar el 90% de ocupaci\u00f3n tur\u00edstica este verano a partir de los sistemas predictivos puestos en marcha","og_url":"https:\/\/radiolitoral.com\/ca\/2025\/07\/virginia-perez-benissa-te-molt-a-oferir-pero-si-he-de-triar-seria-el-patrimoni-historic-la-tranquil\u00b7litat-i-les-cales\/","og_site_name":"R\u00e0dio Litoral","article_publisher":"https:\/\/www.facebook.com\/Laradiolitoral\/","article_published_time":"2025-07-02T09:26:31+00:00","og_image":[{"width":2000,"height":1500,"url":"https:\/\/media.radiolitoral.com\/wp-content\/uploads\/2025\/07\/02112328\/Virginia-i-Loli-Primer-Cafe-Turismo.jpg","type":"image\/jpeg"}],"author":"Redacci\u00f3n","twitter_card":"summary_large_image","twitter_misc":{"Escrit per":"Redacci\u00f3n","Temps estimat de lectura":"2 minuts"},"schema":{"@context":"https:\/\/schema.org","@graph":[{"@type":"NewsArticle","@id":"https:\/\/radiolitoral.com\/2025\/07\/virginia-perez-benissa-tiene-mucho-que-ofrecer-pero-si-tengo-que-elegir-seria-el-patrimonio-historico-la-tranquilidad-y-las-calas\/#article","isPartOf":{"@id":"https:\/\/radiolitoral.com\/2025\/07\/virginia-perez-benissa-tiene-mucho-que-ofrecer-pero-si-tengo-que-elegir-seria-el-patrimonio-historico-la-tranquilidad-y-las-calas\/"},"author":{"name":"Redacci\u00f3n","@id":"https:\/\/radiolitoral.com\/#\/schema\/person\/f2b2343c49b5d721857cc1002bfdb151"},"headline":"Virginia P\u00e9rez: \u201cBenissa tiene mucho que ofrecer, pero si tengo que elegir, ser\u00eda el patrimonio hist\u00f3rico, la tranquilidad y las calas\u201d","datePublished":"2025-07-02T09:26:31+00:00","mainEntityOfPage":{"@id":"https:\/\/radiolitoral.com\/2025\/07\/virginia-perez-benissa-tiene-mucho-que-ofrecer-pero-si-tengo-que-elegir-seria-el-patrimonio-historico-la-tranquilidad-y-las-calas\/"},"wordCount":411,"commentCount":0,"publisher":{"@id":"https:\/\/radiolitoral.com\/#organization"},"image":{"@id":"https:\/\/radiolitoral.com\/2025\/07\/virginia-perez-benissa-tiene-mucho-que-ofrecer-pero-si-tengo-que-elegir-seria-el-patrimonio-historico-la-tranquilidad-y-las-calas\/#primaryimage"},"thumbnailUrl":"https:\/\/media.radiolitoral.com\/wp-content\/uploads\/2025\/07\/02112328\/Virginia-i-Loli-Primer-Cafe-Turismo.jpg","keywords":["calas","Loli Vicens","ocupaci\u00f3n tur\u00edstica","Oferta tur\u00edstica","paseo ecol\u00f3gico","Primer Caf\u00e9","Virginia P\u00e9rez","visitas guiadas"],"articleSection":["Entrevistas","Turismo"],"inLanguage":"ca","potentialAction":[{"@type":"CommentAction","name":"Comment","target":["https:\/\/radiolitoral.com\/2025\/07\/virginia-perez-benissa-tiene-mucho-que-ofrecer-pero-si-tengo-que-elegir-seria-el-patrimonio-historico-la-tranquilidad-y-las-calas\/#respond"]}]},{"@type":["WebPage","ItemPage"],"@id":"https:\/\/radiolitoral.com\/2025\/07\/virginia-perez-benissa-tiene-mucho-que-ofrecer-pero-si-tengo-que-elegir-seria-el-patrimonio-historico-la-tranquilidad-y-las-calas\/","url":"https:\/\/radiolitoral.com\/2025\/07\/virginia-perez-benissa-tiene-mucho-que-ofrecer-pero-si-tengo-que-elegir-seria-el-patrimonio-historico-la-tranquilidad-y-las-calas\/","name":"Virginia P\u00e9rez: \u201cBenissa t\u00e9 molt per oferir, per\u00f2 si he de triar, seria el patrimoni hist\u00f2ric, la tranquil\u00b7litat i les cales\u201d | R\u00e0dio Litoral","isPartOf":{"@id":"https:\/\/radiolitoral.com\/#website"},"primaryImageOfPage":{"@id":"https:\/\/radiolitoral.com\/2025\/07\/virginia-perez-benissa-tiene-mucho-que-ofrecer-pero-si-tengo-que-elegir-seria-el-patrimonio-historico-la-tranquilidad-y-las-calas\/#primaryimage"},"image":{"@id":"https:\/\/radiolitoral.com\/2025\/07\/virginia-perez-benissa-tiene-mucho-que-ofrecer-pero-si-tengo-que-elegir-seria-el-patrimonio-historico-la-tranquilidad-y-las-calas\/#primaryimage"},"thumbnailUrl":"https:\/\/media.radiolitoral.com\/wp-content\/uploads\/2025\/07\/02112328\/Virginia-i-Loli-Primer-Cafe-Turismo.jpg","datePublished":"2025-07-02T09:26:31+00:00","description":"Benissa espera superar el 90% d&#039;ocupaci\u00f3 tur\u00edstica aquest estiu a partir dels sistemes predictius engegats","breadcrumb":{"@id":"https:\/\/radiolitoral.com\/2025\/07\/virginia-perez-benissa-tiene-mucho-que-ofrecer-pero-si-tengo-que-elegir-seria-el-patrimonio-historico-la-tranquilidad-y-las-calas\/#breadcrumb"},"inLanguage":"ca","potentialAction":[{"@type":"ReadAction","target":["https:\/\/radiolitoral.com\/2025\/07\/virginia-perez-benissa-tiene-mucho-que-ofrecer-pero-si-tengo-que-elegir-seria-el-patrimonio-historico-la-tranquilidad-y-las-calas\/"]}]},{"@type":"ImageObject","inLanguage":"ca","@id":"https:\/\/radiolitoral.com\/2025\/07\/virginia-perez-benissa-tiene-mucho-que-ofrecer-pero-si-tengo-que-elegir-seria-el-patrimonio-historico-la-tranquilidad-y-las-calas\/#primaryimage","url":"https:\/\/media.radiolitoral.com\/wp-content\/uploads\/2025\/07\/02112328\/Virginia-i-Loli-Primer-Cafe-Turismo.jpg","contentUrl":"https:\/\/media.radiolitoral.com\/wp-content\/uploads\/2025\/07\/02112328\/Virginia-i-Loli-Primer-Cafe-Turismo.jpg","width":2000,"height":1500},{"@type":"BreadcrumbList","@id":"https:\/\/radiolitoral.com\/2025\/07\/virginia-perez-benissa-tiene-mucho-que-ofrecer-pero-si-tengo-que-elegir-seria-el-patrimonio-historico-la-tranquilidad-y-las-calas\/#breadcrumb","itemListElement":[{"@type":"ListItem","position":1,"name":"Portada","item":"https:\/\/radiolitoral.com\/"},{"@type":"ListItem","position":2,"name":"Virginia P\u00e9rez: \u201cBenissa tiene mucho que ofrecer, pero si tengo que elegir, ser\u00eda el patrimonio hist\u00f3rico, la tranquilidad y las calas\u201d"}]},{"@type":"WebSite","@id":"https:\/\/radiolitoral.com\/#website","url":"https:\/\/radiolitoral.com\/","name":"R\u00e0dio Litoral","description":"La r\u00e0dio local de la Marina Alta","publisher":{"@id":"https:\/\/radiolitoral.com\/#organization"},"alternateName":"Litoral FM","potentialAction":[{"@type":"SearchAction","target":{"@type":"EntryPoint","urlTemplate":"https:\/\/radiolitoral.com\/?s={search_term_string}"},"query-input":{"@type":"PropertyValueSpecification","valueRequired":true,"valueName":"search_term_string"}}],"inLanguage":"ca"},{"@type":"Organization","@id":"https:\/\/radiolitoral.com\/#organization","name":"R\u00e0dio Litoral","url":"https:\/\/radiolitoral.com\/","logo":{"@type":"ImageObject","inLanguage":"ca","@id":"https:\/\/radiolitoral.com\/#\/schema\/logo\/image\/","url":"https:\/\/media.radiolitoral.com\/wp-content\/uploads\/2023\/02\/24143238\/CL-V-RadioLitoral696.png","contentUrl":"https:\/\/media.radiolitoral.com\/wp-content\/uploads\/2023\/02\/24143238\/CL-V-RadioLitoral696.png","width":696,"height":696,"caption":"Radio Litoral"},"image":{"@id":"https:\/\/radiolitoral.com\/#\/schema\/logo\/image\/"},"sameAs":["https:\/\/www.facebook.com\/Laradiolitoral\/"]},{"@type":"Person","@id":"https:\/\/radiolitoral.com\/#\/schema\/person\/f2b2343c49b5d721857cc1002bfdb151","name":"Redacci\u00f3","image":{"@type":"ImageObject","inLanguage":"ca","@id":"https:\/\/secure.gravatar.com\/avatar\/f771d896c203ad8b3382d7905cfcce5a5c9b008b84b3cd9114e9b9f4cb63f789?s=96&d=mm&r=g","url":"https:\/\/secure.gravatar.com\/avatar\/f771d896c203ad8b3382d7905cfcce5a5c9b008b84b3cd9114e9b9f4cb63f789?s=96&d=mm&r=g","contentUrl":"https:\/\/secure.gravatar.com\/avatar\/f771d896c203ad8b3382d7905cfcce5a5c9b008b84b3cd9114e9b9f4cb63f789?s=96&d=mm&r=g","caption":"Redacci\u00f3n"},"url":"https:\/\/radiolitoral.com\/ca\/author\/miriam-pagan\/"}]}},"_links":{"self":[{"href":"https:\/\/radiolitoral.com\/ca\/wp-json\/wp\/v2\/posts\/17453","targetHints":{"allow":["GET"]}}],"collection":[{"href":"https:\/\/radiolitoral.com\/ca\/wp-json\/wp\/v2\/posts"}],"about":[{"href":"https:\/\/radiolitoral.com\/ca\/wp-json\/wp\/v2\/types\/post"}],"author":[{"embeddable":true,"href":"https:\/\/radiolitoral.com\/ca\/wp-json\/wp\/v2\/users\/13"}],"replies":[{"embeddable":true,"href":"https:\/\/radiolitoral.com\/ca\/wp-json\/wp\/v2\/comments?post=17453"}],"version-history":[{"count":3,"href":"https:\/\/radiolitoral.com\/ca\/wp-json\/wp\/v2\/posts\/17453\/revisions"}],"predecessor-version":[{"id":17459,"href":"https:\/\/radiolitoral.com\/ca\/wp-json\/wp\/v2\/posts\/17453\/revisions\/17459"}],"wp:featuredmedia":[{"embeddable":true,"href":"https:\/\/radiolitoral.com\/ca\/wp-json\/wp\/v2\/media\/17456"}],"wp:attachment":[{"href":"https:\/\/radiolitoral.com\/ca\/wp-json\/wp\/v2\/media?parent=17453"}],"wp:term":[{"taxonomy":"category","embeddable":true,"href":"https:\/\/radiolitoral.com\/ca\/wp-json\/wp\/v2\/categories?post=17453"},{"taxonomy":"post_tag","embeddable":true,"href":"https:\/\/radiolitoral.com\/ca\/wp-json\/wp\/v2\/tags?post=17453"}],"curies":[{"name":"wp","href":"https:\/\/api.w.org\/{rel}","templated":true}]}}