{"id":17438,"date":"2025-07-02T09:26:27","date_gmt":"2025-07-02T07:26:27","guid":{"rendered":"https:\/\/radiolitoral.com\/?p=17438"},"modified":"2025-07-02T09:32:05","modified_gmt":"2025-07-02T07:32:05","slug":"paqui-romaguera-nova-secretaria-general-del-pspv-psoe-de-teulada","status":"publish","type":"post","link":"https:\/\/radiolitoral.com\/ca\/2025\/07\/paqui-romaguera-nueva-secretaria-general-del-pspv-psoe-de-teulada\/","title":{"rendered":"Paqui Romaguera renova l&#039;aposta del PSPV-PSOE de Teulada com a nova secret\u00e0ria general"},"content":{"rendered":"<p data-start=\"264\" data-end=\"712\">El<strong>\u00a0PSPV-PSOE<\/strong>\u00a0a la prov\u00edncia d&#039;Alacant va celebrar la reactivaci\u00f3 de l&#039;agrupaci\u00f3 local de Teulada, amb l&#039;elecci\u00f3 de\u00a0<strong>Paqui Romaguera<\/strong>\u00a0com a nova secret\u00e0ria general. Ho va fer des d&#039;un esdeveniment, celebrat aquest dilluns al municipi, que posa fi a gaireb\u00e9 tres anys de gesti\u00f3 provisional sota una direcci\u00f3 de gestora, marcant el comen\u00e7ament d&#039;una nova etapa per al partit a la localitat.<\/p>\n<p data-start=\"777\" data-end=\"1233\">El proc\u00e9s electoral va ser tancat amb la\u00a0<strong>elecci\u00f3 un\u00e0nime<\/strong>\u00a0de Romaguera, que va rebre el 100% dels vots a favor de la milit\u00e0ncia. Segons Alejandro Luengo, Secretari d&#039;Organitzaci\u00f3 del PSPV-PSOE a Alacant, aquest pas &quot;\u00e9s un exemple de normalitzaci\u00f3 org\u00e0nica i enforteix el projecte socialista a Teulada&quot;. En les seves paraules, \u00abs&#039;obre una nova etapa a Teulada, marcada pel comprom\u00eds, la proximitat i el treball col\u00b7lectiu\u00bb.<\/p>\n<figure id=\"attachment_17441\" aria-describedby=\"caption-attachment-17441\" style=\"width: 1599px\" class=\"wp-caption aligncenter\"><a href=\"https:\/\/media.radiolitoral.com\/wp-content\/uploads\/2025\/07\/02092600\/WhatsApp-Image-2025-06-30-at-20.53.56.jpeg\"><img loading=\"lazy\" decoding=\"async\" class=\"wp-image-17441 size-full\" src=\"https:\/\/media.radiolitoral.com\/wp-content\/uploads\/2025\/07\/02092600\/WhatsApp-Image-2025-06-30-at-20.53.56.jpeg\" alt=\"\" width=\"1599\" height=\"1200\" srcset=\"https:\/\/media.radiolitoral.com\/wp-content\/uploads\/2025\/07\/02092600\/WhatsApp-Image-2025-06-30-at-20.53.56.jpeg 1599w, https:\/\/media.radiolitoral.com\/wp-content\/uploads\/2025\/07\/02092600\/WhatsApp-Image-2025-06-30-at-20.53.56-300x225.jpeg 300w, https:\/\/media.radiolitoral.com\/wp-content\/uploads\/2025\/07\/02092600\/WhatsApp-Image-2025-06-30-at-20.53.56-1024x768.jpeg 1024w, https:\/\/media.radiolitoral.com\/wp-content\/uploads\/2025\/07\/02092600\/WhatsApp-Image-2025-06-30-at-20.53.56-768x576.jpeg 768w, https:\/\/media.radiolitoral.com\/wp-content\/uploads\/2025\/07\/02092600\/WhatsApp-Image-2025-06-30-at-20.53.56-1536x1153.jpeg 1536w, https:\/\/media.radiolitoral.com\/wp-content\/uploads\/2025\/07\/02092600\/WhatsApp-Image-2025-06-30-at-20.53.56-16x12.jpeg 16w, https:\/\/media.radiolitoral.com\/wp-content\/uploads\/2025\/07\/02092600\/WhatsApp-Image-2025-06-30-at-20.53.56-1000x750.jpeg 1000w, https:\/\/media.radiolitoral.com\/wp-content\/uploads\/2025\/07\/02092600\/WhatsApp-Image-2025-06-30-at-20.53.56-100x75.jpeg 100w, https:\/\/media.radiolitoral.com\/wp-content\/uploads\/2025\/07\/02092600\/WhatsApp-Image-2025-06-30-at-20.53.56-200x150.jpeg 200w\" sizes=\"auto, (max-width: 1599px) 100vw, 1599px\" \/><\/a><figcaption id=\"caption-attachment-17441\" class=\"wp-caption-text\">Paqui Romaguera amb el seu nou equip | PSPV Teulada<\/figcaption><\/figure>\n<h3 data-start=\"1235\" data-end=\"1296\">Un equip renovat<\/h3>\n<p data-start=\"1298\" data-end=\"1761\">Romaguera, actual regidora i portaveu del Grup Socialista a l&#039;Ajuntament de Teulada, va aprofitar la seva intervenci\u00f3 a l&#039;assemblea per agrair la confian\u00e7a dels seus companys i companyes. En el seu discurs, va destacar la import\u00e0ncia de liderar \u00abun projecte obert, participatiu i centrat a donar respostes als reptes del municipi\u00bb, fent un \u00e8mfasi especial en la necessitat de treballar tant des de l&#039;\u00e0mbit institucional com des de l&#039;acci\u00f3 pol\u00edtica de base.<\/p>\n<p data-start=\"1298\" data-end=\"1761\">&quot;Tenim un equip preparat i amb moltes ganes de treballar per Teulada, defensant els valors del socialisme i apostant per una alternativa de progr\u00e9s davant de la par\u00e0lisi de l&#039;actual govern municipal&quot;, ha afirmat la nova secret\u00e0ria general.<\/p>\n<p data-start=\"1763\" data-end=\"2050\">Des de la direcci\u00f3 de l&#039;executiva provincial del PSPV-PSOE, es va transmetre tot el suport a Paqui Romaguera i al seu equip. &quot;El partit est\u00e0 comprom\u00e8s a oferir l&#039;acompanyament necessari per consolidar un PSPV fort, \u00fatil i en contacte directe amb la ciutadania&quot;, va assenyalar Luengo.<\/p>\n<p data-start=\"1763\" data-end=\"2050\">Pots escoltar l&#039;entrevista completa al seg\u00fcent podcast.<\/p>\n<audio class=\"wp-audio-shortcode\" id=\"audio-17438-1\" preload=\"none\" style=\"width: 100%;\" controls=\"controls\"><source type=\"audio\/mpeg\" src=\"https:\/\/media.radiolitoral.com\/wp-content\/uploads\/2025\/07\/02092042\/ENTREVISTA-PAQUI-ROMAGUERA-PSPV-1-JULIO.mp3?_=1\" \/><a href=\"https:\/\/media.radiolitoral.com\/wp-content\/uploads\/2025\/07\/02092042\/ENTREVISTA-PAQUI-ROMAGUERA-PSPV-1-JULIO.mp3\">https:\/\/media.radiolitoral.com\/wp-content\/uploads\/2025\/07\/02092042\/ENTREVISTA-PAQUI-ROMAGUERA-PSPV-1-JULIO.mp3<\/a><\/audio>","protected":false},"excerpt":{"rendered":"<p>El\u00a0PSPV-PSOE\u00a0en la provincia de Alicante celebr\u00f3 la reactivaci\u00f3n de la agrupaci\u00f3n local de Teulada, con la elecci\u00f3n de\u00a0Paqui Romaguera\u00a0como nueva secretaria general. Lo hizo desde un evento , celebrado este lunes en el municipio, que pone fin a casi tres a\u00f1os de gesti\u00f3n provisional bajo una direcci\u00f3n de gestora, marcando el comienzo de una nueva [&#8230;]<\/p>\n<p><a class=\"btn btn-secondary understrap-read-more-link\" href=\"https:\/\/radiolitoral.com\/ca\/2025\/07\/paqui-romaguera-nueva-secretaria-general-del-pspv-psoe-de-teulada\/\">Continua llegint&#8230;<span class=\"screen-reader-text\"> from Paqui Romaguera renueva la apuesta del PSPV-PSOE de Teulada como nueva secretaria general<\/span><\/a><\/p>\n","protected":false},"author":14,"featured_media":17439,"comment_status":"open","ping_status":"closed","sticky":false,"template":"","format":"standard","meta":{"_acf_changed":false,"inline_featured_image":false,"footnotes":""},"categories":[13],"tags":[609,4589,752,4590,195],"class_list":["post-17438","post","type-post","status-publish","format-standard","has-post-thumbnail","hentry","category-politica","tag-paqui-romaguera","tag-politico","tag-psoe","tag-pspv","tag-teulada-moraira","cobertura-teulada-moraira"],"acf":[],"yoast_head":"<!-- This site is optimized with the Yoast SEO plugin v27.5 - https:\/\/yoast.com\/product\/yoast-seo-wordpress\/ -->\n<title>Paqui Romaguera renueva la apuesta del PSPV-PSOE de Teulada como nueva secretaria general | R\u00e0dio Litoral<\/title>\n<meta name=\"description\" content=\"La socialista apuesta por renovar el equipo as\u00ed como el partido de cara a las pr\u00f3ximas elecciones\" \/>\n<meta name=\"robots\" content=\"index, follow, max-snippet:-1, max-image-preview:large, max-video-preview:-1\" \/>\n<link rel=\"canonical\" href=\"https:\/\/radiolitoral.com\/ca\/2025\/07\/paqui-romaguera-nova-secretaria-general-del-pspv-psoe-de-teulada\/\" \/>\n<meta property=\"og:locale\" content=\"ca_ES\" \/>\n<meta property=\"og:type\" content=\"article\" \/>\n<meta property=\"og:title\" content=\"Paqui Romaguera renueva la apuesta del PSPV-PSOE de Teulada como nueva secretaria general | R\u00e0dio Litoral\" \/>\n<meta property=\"og:description\" content=\"La socialista apuesta por renovar el equipo as\u00ed como el partido de cara a las pr\u00f3ximas elecciones\" \/>\n<meta property=\"og:url\" content=\"https:\/\/radiolitoral.com\/ca\/2025\/07\/paqui-romaguera-nova-secretaria-general-del-pspv-psoe-de-teulada\/\" \/>\n<meta property=\"og:site_name\" content=\"R\u00e0dio Litoral\" \/>\n<meta property=\"article:publisher\" content=\"https:\/\/www.facebook.com\/Laradiolitoral\/\" \/>\n<meta property=\"article:published_time\" content=\"2025-07-02T07:26:27+00:00\" \/>\n<meta property=\"article:modified_time\" content=\"2025-07-02T07:32:05+00:00\" \/>\n<meta property=\"og:image\" content=\"https:\/\/media.radiolitoral.com\/wp-content\/uploads\/2025\/07\/02092021\/WhatsApp-Image-2025-06-30-at-20.53.56-1.jpeg\" \/>\n\t<meta property=\"og:image:width\" content=\"1599\" \/>\n\t<meta property=\"og:image:height\" content=\"1200\" \/>\n\t<meta property=\"og:image:type\" content=\"image\/jpeg\" \/>\n<meta name=\"author\" content=\"Redacci\u00f3n\" \/>\n<meta name=\"twitter:card\" content=\"summary_large_image\" \/>\n<meta name=\"twitter:label1\" content=\"Escrit per\" \/>\n\t<meta name=\"twitter:data1\" content=\"Redacci\u00f3n\" \/>\n\t<meta name=\"twitter:label2\" content=\"Temps estimat de lectura\" \/>\n\t<meta name=\"twitter:data2\" content=\"2 minuts\" \/>\n<script type=\"application\/ld+json\" class=\"yoast-schema-graph\">{\"@context\":\"https:\\\/\\\/schema.org\",\"@graph\":[{\"@type\":\"NewsArticle\",\"@id\":\"https:\\\/\\\/radiolitoral.com\\\/2025\\\/07\\\/paqui-romaguera-nueva-secretaria-general-del-pspv-psoe-de-teulada\\\/#article\",\"isPartOf\":{\"@id\":\"https:\\\/\\\/radiolitoral.com\\\/2025\\\/07\\\/paqui-romaguera-nueva-secretaria-general-del-pspv-psoe-de-teulada\\\/\"},\"author\":{\"name\":\"Redacci\u00f3n\",\"@id\":\"https:\\\/\\\/radiolitoral.com\\\/#\\\/schema\\\/person\\\/96b739642eb3bedb532aac3812d23307\"},\"headline\":\"Paqui Romaguera renueva la apuesta del PSPV-PSOE de Teulada como nueva secretaria general\",\"datePublished\":\"2025-07-02T07:26:27+00:00\",\"dateModified\":\"2025-07-02T07:32:05+00:00\",\"mainEntityOfPage\":{\"@id\":\"https:\\\/\\\/radiolitoral.com\\\/2025\\\/07\\\/paqui-romaguera-nueva-secretaria-general-del-pspv-psoe-de-teulada\\\/\"},\"wordCount\":361,\"commentCount\":0,\"publisher\":{\"@id\":\"https:\\\/\\\/radiolitoral.com\\\/#organization\"},\"image\":{\"@id\":\"https:\\\/\\\/radiolitoral.com\\\/2025\\\/07\\\/paqui-romaguera-nueva-secretaria-general-del-pspv-psoe-de-teulada\\\/#primaryimage\"},\"thumbnailUrl\":\"https:\\\/\\\/media.radiolitoral.com\\\/wp-content\\\/uploads\\\/2025\\\/07\\\/02092021\\\/WhatsApp-Image-2025-06-30-at-20.53.56-1.jpeg\",\"keywords\":[\"Paqui Romaguera\",\"pol\u00edtico\",\"PSOE\",\"PSPV\",\"Teulada-Moraira\"],\"articleSection\":[\"Pol\u00edtica\"],\"inLanguage\":\"ca\",\"potentialAction\":[{\"@type\":\"CommentAction\",\"name\":\"Comment\",\"target\":[\"https:\\\/\\\/radiolitoral.com\\\/2025\\\/07\\\/paqui-romaguera-nueva-secretaria-general-del-pspv-psoe-de-teulada\\\/#respond\"]}]},{\"@type\":[\"WebPage\",\"ItemPage\"],\"@id\":\"https:\\\/\\\/radiolitoral.com\\\/2025\\\/07\\\/paqui-romaguera-nueva-secretaria-general-del-pspv-psoe-de-teulada\\\/\",\"url\":\"https:\\\/\\\/radiolitoral.com\\\/2025\\\/07\\\/paqui-romaguera-nueva-secretaria-general-del-pspv-psoe-de-teulada\\\/\",\"name\":\"Paqui Romaguera renueva la apuesta del PSPV-PSOE de Teulada como nueva secretaria general | R\u00e0dio Litoral\",\"isPartOf\":{\"@id\":\"https:\\\/\\\/radiolitoral.com\\\/#website\"},\"primaryImageOfPage\":{\"@id\":\"https:\\\/\\\/radiolitoral.com\\\/2025\\\/07\\\/paqui-romaguera-nueva-secretaria-general-del-pspv-psoe-de-teulada\\\/#primaryimage\"},\"image\":{\"@id\":\"https:\\\/\\\/radiolitoral.com\\\/2025\\\/07\\\/paqui-romaguera-nueva-secretaria-general-del-pspv-psoe-de-teulada\\\/#primaryimage\"},\"thumbnailUrl\":\"https:\\\/\\\/media.radiolitoral.com\\\/wp-content\\\/uploads\\\/2025\\\/07\\\/02092021\\\/WhatsApp-Image-2025-06-30-at-20.53.56-1.jpeg\",\"datePublished\":\"2025-07-02T07:26:27+00:00\",\"dateModified\":\"2025-07-02T07:32:05+00:00\",\"description\":\"La socialista apuesta por renovar el equipo as\u00ed como el partido de cara a las pr\u00f3ximas elecciones\",\"breadcrumb\":{\"@id\":\"https:\\\/\\\/radiolitoral.com\\\/2025\\\/07\\\/paqui-romaguera-nueva-secretaria-general-del-pspv-psoe-de-teulada\\\/#breadcrumb\"},\"inLanguage\":\"ca\",\"potentialAction\":[{\"@type\":\"ReadAction\",\"target\":[\"https:\\\/\\\/radiolitoral.com\\\/2025\\\/07\\\/paqui-romaguera-nueva-secretaria-general-del-pspv-psoe-de-teulada\\\/\"]}]},{\"@type\":\"ImageObject\",\"inLanguage\":\"ca\",\"@id\":\"https:\\\/\\\/radiolitoral.com\\\/2025\\\/07\\\/paqui-romaguera-nueva-secretaria-general-del-pspv-psoe-de-teulada\\\/#primaryimage\",\"url\":\"https:\\\/\\\/media.radiolitoral.com\\\/wp-content\\\/uploads\\\/2025\\\/07\\\/02092021\\\/WhatsApp-Image-2025-06-30-at-20.53.56-1.jpeg\",\"contentUrl\":\"https:\\\/\\\/media.radiolitoral.com\\\/wp-content\\\/uploads\\\/2025\\\/07\\\/02092021\\\/WhatsApp-Image-2025-06-30-at-20.53.56-1.jpeg\",\"width\":1599,\"height\":1200},{\"@type\":\"BreadcrumbList\",\"@id\":\"https:\\\/\\\/radiolitoral.com\\\/2025\\\/07\\\/paqui-romaguera-nueva-secretaria-general-del-pspv-psoe-de-teulada\\\/#breadcrumb\",\"itemListElement\":[{\"@type\":\"ListItem\",\"position\":1,\"name\":\"Portada\",\"item\":\"https:\\\/\\\/radiolitoral.com\\\/\"},{\"@type\":\"ListItem\",\"position\":2,\"name\":\"Paqui Romaguera renueva la apuesta del PSPV-PSOE de Teulada como nueva secretaria general\"}]},{\"@type\":\"WebSite\",\"@id\":\"https:\\\/\\\/radiolitoral.com\\\/#website\",\"url\":\"https:\\\/\\\/radiolitoral.com\\\/\",\"name\":\"Radio Litoral\",\"description\":\"La radio local de la Marina Alta\",\"publisher\":{\"@id\":\"https:\\\/\\\/radiolitoral.com\\\/#organization\"},\"alternateName\":\"Litoral FM\",\"potentialAction\":[{\"@type\":\"SearchAction\",\"target\":{\"@type\":\"EntryPoint\",\"urlTemplate\":\"https:\\\/\\\/radiolitoral.com\\\/?s={search_term_string}\"},\"query-input\":{\"@type\":\"PropertyValueSpecification\",\"valueRequired\":true,\"valueName\":\"search_term_string\"}}],\"inLanguage\":\"ca\"},{\"@type\":\"Organization\",\"@id\":\"https:\\\/\\\/radiolitoral.com\\\/#organization\",\"name\":\"Radio Litoral\",\"url\":\"https:\\\/\\\/radiolitoral.com\\\/\",\"logo\":{\"@type\":\"ImageObject\",\"inLanguage\":\"ca\",\"@id\":\"https:\\\/\\\/radiolitoral.com\\\/#\\\/schema\\\/logo\\\/image\\\/\",\"url\":\"https:\\\/\\\/media.radiolitoral.com\\\/wp-content\\\/uploads\\\/2023\\\/02\\\/24143238\\\/CL-V-RadioLitoral696.png\",\"contentUrl\":\"https:\\\/\\\/media.radiolitoral.com\\\/wp-content\\\/uploads\\\/2023\\\/02\\\/24143238\\\/CL-V-RadioLitoral696.png\",\"width\":696,\"height\":696,\"caption\":\"Radio Litoral\"},\"image\":{\"@id\":\"https:\\\/\\\/radiolitoral.com\\\/#\\\/schema\\\/logo\\\/image\\\/\"},\"sameAs\":[\"https:\\\/\\\/www.facebook.com\\\/Laradiolitoral\\\/\"]},{\"@type\":\"Person\",\"@id\":\"https:\\\/\\\/radiolitoral.com\\\/#\\\/schema\\\/person\\\/96b739642eb3bedb532aac3812d23307\",\"name\":\"Redacci\u00f3n\",\"image\":{\"@type\":\"ImageObject\",\"inLanguage\":\"ca\",\"@id\":\"https:\\\/\\\/secure.gravatar.com\\\/avatar\\\/30cd06129ee90411dd9c7cbdcf17464181d1a3c7b072e92070ea75a25cf0097e?s=96&d=mm&r=g\",\"url\":\"https:\\\/\\\/secure.gravatar.com\\\/avatar\\\/30cd06129ee90411dd9c7cbdcf17464181d1a3c7b072e92070ea75a25cf0097e?s=96&d=mm&r=g\",\"contentUrl\":\"https:\\\/\\\/secure.gravatar.com\\\/avatar\\\/30cd06129ee90411dd9c7cbdcf17464181d1a3c7b072e92070ea75a25cf0097e?s=96&d=mm&r=g\",\"caption\":\"Redacci\u00f3n\"},\"url\":\"https:\\\/\\\/radiolitoral.com\\\/ca\\\/author\\\/kevin-carrio\\\/\"}]}<\/script>\n<!-- \/ Yoast SEO plugin. -->","yoast_head_json":{"title":"Paqui Romaguera renova l&#039;aposta del PSPV-PSOE de Teulada com a nova secret\u00e0ria general | R\u00e0dio Litoral","description":"La socialista aposta per renovar l&#039;equip aix\u00ed com el partit de cara a les properes eleccions","robots":{"index":"index","follow":"follow","max-snippet":"max-snippet:-1","max-image-preview":"max-image-preview:large","max-video-preview":"max-video-preview:-1"},"canonical":"https:\/\/radiolitoral.com\/ca\/2025\/07\/paqui-romaguera-nova-secretaria-general-del-pspv-psoe-de-teulada\/","og_locale":"ca_ES","og_type":"article","og_title":"Paqui Romaguera renueva la apuesta del PSPV-PSOE de Teulada como nueva secretaria general | R\u00e0dio Litoral","og_description":"La socialista apuesta por renovar el equipo as\u00ed como el partido de cara a las pr\u00f3ximas elecciones","og_url":"https:\/\/radiolitoral.com\/ca\/2025\/07\/paqui-romaguera-nova-secretaria-general-del-pspv-psoe-de-teulada\/","og_site_name":"R\u00e0dio Litoral","article_publisher":"https:\/\/www.facebook.com\/Laradiolitoral\/","article_published_time":"2025-07-02T07:26:27+00:00","article_modified_time":"2025-07-02T07:32:05+00:00","og_image":[{"width":1599,"height":1200,"url":"https:\/\/media.radiolitoral.com\/wp-content\/uploads\/2025\/07\/02092021\/WhatsApp-Image-2025-06-30-at-20.53.56-1.jpeg","type":"image\/jpeg"}],"author":"Redacci\u00f3n","twitter_card":"summary_large_image","twitter_misc":{"Escrit per":"Redacci\u00f3n","Temps estimat de lectura":"2 minuts"},"schema":{"@context":"https:\/\/schema.org","@graph":[{"@type":"NewsArticle","@id":"https:\/\/radiolitoral.com\/2025\/07\/paqui-romaguera-nueva-secretaria-general-del-pspv-psoe-de-teulada\/#article","isPartOf":{"@id":"https:\/\/radiolitoral.com\/2025\/07\/paqui-romaguera-nueva-secretaria-general-del-pspv-psoe-de-teulada\/"},"author":{"name":"Redacci\u00f3n","@id":"https:\/\/radiolitoral.com\/#\/schema\/person\/96b739642eb3bedb532aac3812d23307"},"headline":"Paqui Romaguera renueva la apuesta del PSPV-PSOE de Teulada como nueva secretaria general","datePublished":"2025-07-02T07:26:27+00:00","dateModified":"2025-07-02T07:32:05+00:00","mainEntityOfPage":{"@id":"https:\/\/radiolitoral.com\/2025\/07\/paqui-romaguera-nueva-secretaria-general-del-pspv-psoe-de-teulada\/"},"wordCount":361,"commentCount":0,"publisher":{"@id":"https:\/\/radiolitoral.com\/#organization"},"image":{"@id":"https:\/\/radiolitoral.com\/2025\/07\/paqui-romaguera-nueva-secretaria-general-del-pspv-psoe-de-teulada\/#primaryimage"},"thumbnailUrl":"https:\/\/media.radiolitoral.com\/wp-content\/uploads\/2025\/07\/02092021\/WhatsApp-Image-2025-06-30-at-20.53.56-1.jpeg","keywords":["Paqui Romaguera","pol\u00edtico","PSOE","PSPV","Teulada-Moraira"],"articleSection":["Pol\u00edtica"],"inLanguage":"ca","potentialAction":[{"@type":"CommentAction","name":"Comment","target":["https:\/\/radiolitoral.com\/2025\/07\/paqui-romaguera-nueva-secretaria-general-del-pspv-psoe-de-teulada\/#respond"]}]},{"@type":["WebPage","ItemPage"],"@id":"https:\/\/radiolitoral.com\/2025\/07\/paqui-romaguera-nueva-secretaria-general-del-pspv-psoe-de-teulada\/","url":"https:\/\/radiolitoral.com\/2025\/07\/paqui-romaguera-nueva-secretaria-general-del-pspv-psoe-de-teulada\/","name":"Paqui Romaguera renova l&#039;aposta del PSPV-PSOE de Teulada com a nova secret\u00e0ria general | R\u00e0dio Litoral","isPartOf":{"@id":"https:\/\/radiolitoral.com\/#website"},"primaryImageOfPage":{"@id":"https:\/\/radiolitoral.com\/2025\/07\/paqui-romaguera-nueva-secretaria-general-del-pspv-psoe-de-teulada\/#primaryimage"},"image":{"@id":"https:\/\/radiolitoral.com\/2025\/07\/paqui-romaguera-nueva-secretaria-general-del-pspv-psoe-de-teulada\/#primaryimage"},"thumbnailUrl":"https:\/\/media.radiolitoral.com\/wp-content\/uploads\/2025\/07\/02092021\/WhatsApp-Image-2025-06-30-at-20.53.56-1.jpeg","datePublished":"2025-07-02T07:26:27+00:00","dateModified":"2025-07-02T07:32:05+00:00","description":"La socialista aposta per renovar l&#039;equip aix\u00ed com el partit de cara a les properes eleccions","breadcrumb":{"@id":"https:\/\/radiolitoral.com\/2025\/07\/paqui-romaguera-nueva-secretaria-general-del-pspv-psoe-de-teulada\/#breadcrumb"},"inLanguage":"ca","potentialAction":[{"@type":"ReadAction","target":["https:\/\/radiolitoral.com\/2025\/07\/paqui-romaguera-nueva-secretaria-general-del-pspv-psoe-de-teulada\/"]}]},{"@type":"ImageObject","inLanguage":"ca","@id":"https:\/\/radiolitoral.com\/2025\/07\/paqui-romaguera-nueva-secretaria-general-del-pspv-psoe-de-teulada\/#primaryimage","url":"https:\/\/media.radiolitoral.com\/wp-content\/uploads\/2025\/07\/02092021\/WhatsApp-Image-2025-06-30-at-20.53.56-1.jpeg","contentUrl":"https:\/\/media.radiolitoral.com\/wp-content\/uploads\/2025\/07\/02092021\/WhatsApp-Image-2025-06-30-at-20.53.56-1.jpeg","width":1599,"height":1200},{"@type":"BreadcrumbList","@id":"https:\/\/radiolitoral.com\/2025\/07\/paqui-romaguera-nueva-secretaria-general-del-pspv-psoe-de-teulada\/#breadcrumb","itemListElement":[{"@type":"ListItem","position":1,"name":"Portada","item":"https:\/\/radiolitoral.com\/"},{"@type":"ListItem","position":2,"name":"Paqui Romaguera renueva la apuesta del PSPV-PSOE de Teulada como nueva secretaria general"}]},{"@type":"WebSite","@id":"https:\/\/radiolitoral.com\/#website","url":"https:\/\/radiolitoral.com\/","name":"R\u00e0dio Litoral","description":"La r\u00e0dio local de la Marina Alta","publisher":{"@id":"https:\/\/radiolitoral.com\/#organization"},"alternateName":"Litoral FM","potentialAction":[{"@type":"SearchAction","target":{"@type":"EntryPoint","urlTemplate":"https:\/\/radiolitoral.com\/?s={search_term_string}"},"query-input":{"@type":"PropertyValueSpecification","valueRequired":true,"valueName":"search_term_string"}}],"inLanguage":"ca"},{"@type":"Organization","@id":"https:\/\/radiolitoral.com\/#organization","name":"R\u00e0dio Litoral","url":"https:\/\/radiolitoral.com\/","logo":{"@type":"ImageObject","inLanguage":"ca","@id":"https:\/\/radiolitoral.com\/#\/schema\/logo\/image\/","url":"https:\/\/media.radiolitoral.com\/wp-content\/uploads\/2023\/02\/24143238\/CL-V-RadioLitoral696.png","contentUrl":"https:\/\/media.radiolitoral.com\/wp-content\/uploads\/2023\/02\/24143238\/CL-V-RadioLitoral696.png","width":696,"height":696,"caption":"Radio Litoral"},"image":{"@id":"https:\/\/radiolitoral.com\/#\/schema\/logo\/image\/"},"sameAs":["https:\/\/www.facebook.com\/Laradiolitoral\/"]},{"@type":"Person","@id":"https:\/\/radiolitoral.com\/#\/schema\/person\/96b739642eb3bedb532aac3812d23307","name":"Redacci\u00f3","image":{"@type":"ImageObject","inLanguage":"ca","@id":"https:\/\/secure.gravatar.com\/avatar\/30cd06129ee90411dd9c7cbdcf17464181d1a3c7b072e92070ea75a25cf0097e?s=96&d=mm&r=g","url":"https:\/\/secure.gravatar.com\/avatar\/30cd06129ee90411dd9c7cbdcf17464181d1a3c7b072e92070ea75a25cf0097e?s=96&d=mm&r=g","contentUrl":"https:\/\/secure.gravatar.com\/avatar\/30cd06129ee90411dd9c7cbdcf17464181d1a3c7b072e92070ea75a25cf0097e?s=96&d=mm&r=g","caption":"Redacci\u00f3n"},"url":"https:\/\/radiolitoral.com\/ca\/author\/kevin-carrio\/"}]}},"_links":{"self":[{"href":"https:\/\/radiolitoral.com\/ca\/wp-json\/wp\/v2\/posts\/17438","targetHints":{"allow":["GET"]}}],"collection":[{"href":"https:\/\/radiolitoral.com\/ca\/wp-json\/wp\/v2\/posts"}],"about":[{"href":"https:\/\/radiolitoral.com\/ca\/wp-json\/wp\/v2\/types\/post"}],"author":[{"embeddable":true,"href":"https:\/\/radiolitoral.com\/ca\/wp-json\/wp\/v2\/users\/14"}],"replies":[{"embeddable":true,"href":"https:\/\/radiolitoral.com\/ca\/wp-json\/wp\/v2\/comments?post=17438"}],"version-history":[{"count":3,"href":"https:\/\/radiolitoral.com\/ca\/wp-json\/wp\/v2\/posts\/17438\/revisions"}],"predecessor-version":[{"id":17444,"href":"https:\/\/radiolitoral.com\/ca\/wp-json\/wp\/v2\/posts\/17438\/revisions\/17444"}],"wp:featuredmedia":[{"embeddable":true,"href":"https:\/\/radiolitoral.com\/ca\/wp-json\/wp\/v2\/media\/17439"}],"wp:attachment":[{"href":"https:\/\/radiolitoral.com\/ca\/wp-json\/wp\/v2\/media?parent=17438"}],"wp:term":[{"taxonomy":"category","embeddable":true,"href":"https:\/\/radiolitoral.com\/ca\/wp-json\/wp\/v2\/categories?post=17438"},{"taxonomy":"post_tag","embeddable":true,"href":"https:\/\/radiolitoral.com\/ca\/wp-json\/wp\/v2\/tags?post=17438"}],"curies":[{"name":"wp","href":"https:\/\/api.w.org\/{rel}","templated":true}]}}