{"id":1742,"date":"2023-03-28T16:06:57","date_gmt":"2023-03-28T14:06:57","guid":{"rendered":"https:\/\/radiolitoral.com\/?p=1742"},"modified":"2023-03-28T16:07:56","modified_gmt":"2023-03-28T14:07:56","slug":"compromis-benissa-contra-el-projecte-que-afecta-el-tossal-de-lasprar","status":"publish","type":"post","link":"https:\/\/radiolitoral.com\/ca\/2023\/03\/compromis-benissa-contra-el-proyecto-que-afecta-al-tossal-de-lasprar\/","title":{"rendered":"Comprom\u00eds Benissa contra el projecte que afecta el Tossal de l&#039;Asprar"},"content":{"rendered":"<p>La <strong>regidora valencianista<\/strong> <strong>a l&#039;ajuntament de Benissa, Mari Carme Ronda<\/strong>, presentar\u00e0 aquesta tarda nit, al ple ordinari del mes de mar\u00e7, una <strong>proposta de resoluci\u00f3 per aconseguir que s&#039;avanci en la tramitaci\u00f3 necess\u00e0ria per evitar l&#039;execuci\u00f3 del projecte que afecta el Tossal de l&#039;Asprar<\/strong>, m\u00e9s conegut com Patmore.<\/p>\n<p>Ronda recorda que nom\u00e9s queden vuit mesos de la suspensi\u00f3 de llic\u00e8ncies aprovades per a un any. L&#039;edil valencianista subratlla que cal avan\u00e7ar amb l&#039;acord aconseguit en ple per tots els grups pol\u00edtics i adverteix que si no \u00e9s aix\u00ed l&#039;agressi\u00f3 especulativa a qu\u00e8 s&#039;ha sotm\u00e8s el Tossal de l&#039;Asprar \u00abtornar\u00e0 en el moment que finalitzi la suspensi\u00f3 de llic\u00e8ncies\u00bb si no s&#039;avan\u00e7a en els tr\u00e0mits del que s&#039;ha acordat.<\/p>\n<p>Ronda advoca tamb\u00e9 per <strong>un nou i necessari PGOU per a Benissa<\/strong> que encamini el municipi cap a un desenvolupament sostenible:<\/p>\n<audio class=\"wp-audio-shortcode\" id=\"audio-1742-1\" preload=\"none\" style=\"width: 100%;\" controls=\"controls\"><source type=\"audio\/mpeg\" src=\"https:\/\/media.radiolitoral.com\/wp-content\/uploads\/2023\/03\/28160051\/M-Carme-Ronda.mp3?_=1\" \/><a href=\"https:\/\/media.radiolitoral.com\/wp-content\/uploads\/2023\/03\/28160051\/M-Carme-Ronda.mp3\">https:\/\/media.radiolitoral.com\/wp-content\/uploads\/2023\/03\/28160051\/M-Carme-Ronda.mp3<\/a><\/audio>\n<p>&nbsp;<\/p>","protected":false},"excerpt":{"rendered":"<p>La concejala valencianista en el ayuntamiento de Benissa, Mari Carme Ronda, presentar\u00e1 esta tarde noche, en el pleno ordinario del mes de marzo, una propuesta de resoluci\u00f3n para conseguir que se avance en la tramitaci\u00f3n necesaria para evitar la ejecuci\u00f3n del proyecto que afecta al Tossal de l\u2019Asprar, m\u00e1s conocido como Patmore. Ronda recuerda que [&#8230;]<\/p>\n<p><a class=\"btn btn-secondary understrap-read-more-link\" href=\"https:\/\/radiolitoral.com\/ca\/2023\/03\/compromis-benissa-contra-el-proyecto-que-afecta-al-tossal-de-lasprar\/\">Continua llegint&#8230;<span class=\"screen-reader-text\"> from Comprom\u00eds Benissa contra el proyecto que afecta al Tossal de l\u2019Asprar<\/span><\/a><\/p>\n","protected":false},"author":13,"featured_media":1744,"comment_status":"open","ping_status":"closed","sticky":false,"template":"","format":"standard","meta":{"_acf_changed":false,"inline_featured_image":false,"footnotes":""},"categories":[13],"tags":[126,43,361,161,360,359],"class_list":["post-1742","post","type-post","status-publish","format-standard","has-post-thumbnail","hentry","category-politica","tag-benissa","tag-compromis","tag-compromis-benissa","tag-elecciones-2023","tag-mari-carme-ronda","tag-pleno-benissa","cobertura-benissa"],"acf":[],"yoast_head":"<!-- This site is optimized with the Yoast SEO plugin v27.5 - https:\/\/yoast.com\/product\/yoast-seo-wordpress\/ -->\n<title>Comprom\u00eds Benissa contra el proyecto que afecta al Tossal de l\u2019Asprar | R\u00e0dio Litoral<\/title>\n<meta name=\"description\" content=\"Esta tarde en el pleno se abordar\u00e1 la problem\u00e1tica\" \/>\n<meta name=\"robots\" content=\"index, follow, max-snippet:-1, max-image-preview:large, max-video-preview:-1\" \/>\n<link rel=\"canonical\" href=\"https:\/\/radiolitoral.com\/ca\/2023\/03\/compromis-benissa-contra-el-projecte-que-afecta-el-tossal-de-lasprar\/\" \/>\n<meta property=\"og:locale\" content=\"ca_ES\" \/>\n<meta property=\"og:type\" content=\"article\" \/>\n<meta property=\"og:title\" content=\"Comprom\u00eds Benissa contra el proyecto que afecta al Tossal de l\u2019Asprar | R\u00e0dio Litoral\" \/>\n<meta property=\"og:description\" content=\"Esta tarde en el pleno se abordar\u00e1 la problem\u00e1tica\" \/>\n<meta property=\"og:url\" content=\"https:\/\/radiolitoral.com\/ca\/2023\/03\/compromis-benissa-contra-el-projecte-que-afecta-el-tossal-de-lasprar\/\" \/>\n<meta property=\"og:site_name\" content=\"R\u00e0dio Litoral\" \/>\n<meta property=\"article:publisher\" content=\"https:\/\/www.facebook.com\/Laradiolitoral\/\" \/>\n<meta property=\"article:published_time\" content=\"2023-03-28T14:06:57+00:00\" \/>\n<meta property=\"article:modified_time\" content=\"2023-03-28T14:07:56+00:00\" \/>\n<meta property=\"og:image\" content=\"https:\/\/media.radiolitoral.com\/wp-content\/uploads\/2023\/03\/28160538\/ronda.jpg\" \/>\n\t<meta property=\"og:image:width\" content=\"670\" \/>\n\t<meta property=\"og:image:height\" content=\"690\" \/>\n\t<meta property=\"og:image:type\" content=\"image\/jpeg\" \/>\n<meta name=\"author\" content=\"Redacci\u00f3n\" \/>\n<meta name=\"twitter:card\" content=\"summary_large_image\" \/>\n<meta name=\"twitter:label1\" content=\"Escrit per\" \/>\n\t<meta name=\"twitter:data1\" content=\"Redacci\u00f3n\" \/>\n\t<meta name=\"twitter:label2\" content=\"Temps estimat de lectura\" \/>\n\t<meta name=\"twitter:data2\" content=\"1 minut\" \/>\n<script type=\"application\/ld+json\" class=\"yoast-schema-graph\">{\"@context\":\"https:\\\/\\\/schema.org\",\"@graph\":[{\"@type\":\"NewsArticle\",\"@id\":\"https:\\\/\\\/radiolitoral.com\\\/2023\\\/03\\\/compromis-benissa-contra-el-proyecto-que-afecta-al-tossal-de-lasprar\\\/#article\",\"isPartOf\":{\"@id\":\"https:\\\/\\\/radiolitoral.com\\\/2023\\\/03\\\/compromis-benissa-contra-el-proyecto-que-afecta-al-tossal-de-lasprar\\\/\"},\"author\":{\"name\":\"Redacci\u00f3n\",\"@id\":\"https:\\\/\\\/radiolitoral.com\\\/#\\\/schema\\\/person\\\/f2b2343c49b5d721857cc1002bfdb151\"},\"headline\":\"Comprom\u00eds Benissa contra el proyecto que afecta al Tossal de l\u2019Asprar\",\"datePublished\":\"2023-03-28T14:06:57+00:00\",\"dateModified\":\"2023-03-28T14:07:56+00:00\",\"mainEntityOfPage\":{\"@id\":\"https:\\\/\\\/radiolitoral.com\\\/2023\\\/03\\\/compromis-benissa-contra-el-proyecto-que-afecta-al-tossal-de-lasprar\\\/\"},\"wordCount\":184,\"commentCount\":0,\"publisher\":{\"@id\":\"https:\\\/\\\/radiolitoral.com\\\/#organization\"},\"image\":{\"@id\":\"https:\\\/\\\/radiolitoral.com\\\/2023\\\/03\\\/compromis-benissa-contra-el-proyecto-que-afecta-al-tossal-de-lasprar\\\/#primaryimage\"},\"thumbnailUrl\":\"https:\\\/\\\/media.radiolitoral.com\\\/wp-content\\\/uploads\\\/2023\\\/03\\\/28160538\\\/ronda.jpg\",\"keywords\":[\"Benissa\",\"Comprom\u00eds\",\"Comprom\u00eds Benissa\",\"elecciones 2023\",\"Mari Carme Ronda\",\"pleno Benissa\"],\"articleSection\":[\"Pol\u00edtica\"],\"inLanguage\":\"ca\",\"potentialAction\":[{\"@type\":\"CommentAction\",\"name\":\"Comment\",\"target\":[\"https:\\\/\\\/radiolitoral.com\\\/2023\\\/03\\\/compromis-benissa-contra-el-proyecto-que-afecta-al-tossal-de-lasprar\\\/#respond\"]}]},{\"@type\":[\"WebPage\",\"ItemPage\"],\"@id\":\"https:\\\/\\\/radiolitoral.com\\\/2023\\\/03\\\/compromis-benissa-contra-el-proyecto-que-afecta-al-tossal-de-lasprar\\\/\",\"url\":\"https:\\\/\\\/radiolitoral.com\\\/2023\\\/03\\\/compromis-benissa-contra-el-proyecto-que-afecta-al-tossal-de-lasprar\\\/\",\"name\":\"Comprom\u00eds Benissa contra el proyecto que afecta al Tossal de l\u2019Asprar | R\u00e0dio Litoral\",\"isPartOf\":{\"@id\":\"https:\\\/\\\/radiolitoral.com\\\/#website\"},\"primaryImageOfPage\":{\"@id\":\"https:\\\/\\\/radiolitoral.com\\\/2023\\\/03\\\/compromis-benissa-contra-el-proyecto-que-afecta-al-tossal-de-lasprar\\\/#primaryimage\"},\"image\":{\"@id\":\"https:\\\/\\\/radiolitoral.com\\\/2023\\\/03\\\/compromis-benissa-contra-el-proyecto-que-afecta-al-tossal-de-lasprar\\\/#primaryimage\"},\"thumbnailUrl\":\"https:\\\/\\\/media.radiolitoral.com\\\/wp-content\\\/uploads\\\/2023\\\/03\\\/28160538\\\/ronda.jpg\",\"datePublished\":\"2023-03-28T14:06:57+00:00\",\"dateModified\":\"2023-03-28T14:07:56+00:00\",\"description\":\"Esta tarde en el pleno se abordar\u00e1 la problem\u00e1tica\",\"breadcrumb\":{\"@id\":\"https:\\\/\\\/radiolitoral.com\\\/2023\\\/03\\\/compromis-benissa-contra-el-proyecto-que-afecta-al-tossal-de-lasprar\\\/#breadcrumb\"},\"inLanguage\":\"ca\",\"potentialAction\":[{\"@type\":\"ReadAction\",\"target\":[\"https:\\\/\\\/radiolitoral.com\\\/2023\\\/03\\\/compromis-benissa-contra-el-proyecto-que-afecta-al-tossal-de-lasprar\\\/\"]}]},{\"@type\":\"ImageObject\",\"inLanguage\":\"ca\",\"@id\":\"https:\\\/\\\/radiolitoral.com\\\/2023\\\/03\\\/compromis-benissa-contra-el-proyecto-que-afecta-al-tossal-de-lasprar\\\/#primaryimage\",\"url\":\"https:\\\/\\\/media.radiolitoral.com\\\/wp-content\\\/uploads\\\/2023\\\/03\\\/28160538\\\/ronda.jpg\",\"contentUrl\":\"https:\\\/\\\/media.radiolitoral.com\\\/wp-content\\\/uploads\\\/2023\\\/03\\\/28160538\\\/ronda.jpg\",\"width\":670,\"height\":690},{\"@type\":\"BreadcrumbList\",\"@id\":\"https:\\\/\\\/radiolitoral.com\\\/2023\\\/03\\\/compromis-benissa-contra-el-proyecto-que-afecta-al-tossal-de-lasprar\\\/#breadcrumb\",\"itemListElement\":[{\"@type\":\"ListItem\",\"position\":1,\"name\":\"Portada\",\"item\":\"https:\\\/\\\/radiolitoral.com\\\/\"},{\"@type\":\"ListItem\",\"position\":2,\"name\":\"Comprom\u00eds Benissa contra el proyecto que afecta al Tossal de l\u2019Asprar\"}]},{\"@type\":\"WebSite\",\"@id\":\"https:\\\/\\\/radiolitoral.com\\\/#website\",\"url\":\"https:\\\/\\\/radiolitoral.com\\\/\",\"name\":\"Radio Litoral\",\"description\":\"La radio local de la Marina Alta\",\"publisher\":{\"@id\":\"https:\\\/\\\/radiolitoral.com\\\/#organization\"},\"alternateName\":\"Litoral FM\",\"potentialAction\":[{\"@type\":\"SearchAction\",\"target\":{\"@type\":\"EntryPoint\",\"urlTemplate\":\"https:\\\/\\\/radiolitoral.com\\\/?s={search_term_string}\"},\"query-input\":{\"@type\":\"PropertyValueSpecification\",\"valueRequired\":true,\"valueName\":\"search_term_string\"}}],\"inLanguage\":\"ca\"},{\"@type\":\"Organization\",\"@id\":\"https:\\\/\\\/radiolitoral.com\\\/#organization\",\"name\":\"Radio Litoral\",\"url\":\"https:\\\/\\\/radiolitoral.com\\\/\",\"logo\":{\"@type\":\"ImageObject\",\"inLanguage\":\"ca\",\"@id\":\"https:\\\/\\\/radiolitoral.com\\\/#\\\/schema\\\/logo\\\/image\\\/\",\"url\":\"https:\\\/\\\/media.radiolitoral.com\\\/wp-content\\\/uploads\\\/2023\\\/02\\\/24143238\\\/CL-V-RadioLitoral696.png\",\"contentUrl\":\"https:\\\/\\\/media.radiolitoral.com\\\/wp-content\\\/uploads\\\/2023\\\/02\\\/24143238\\\/CL-V-RadioLitoral696.png\",\"width\":696,\"height\":696,\"caption\":\"Radio Litoral\"},\"image\":{\"@id\":\"https:\\\/\\\/radiolitoral.com\\\/#\\\/schema\\\/logo\\\/image\\\/\"},\"sameAs\":[\"https:\\\/\\\/www.facebook.com\\\/Laradiolitoral\\\/\"]},{\"@type\":\"Person\",\"@id\":\"https:\\\/\\\/radiolitoral.com\\\/#\\\/schema\\\/person\\\/f2b2343c49b5d721857cc1002bfdb151\",\"name\":\"Redacci\u00f3n\",\"image\":{\"@type\":\"ImageObject\",\"inLanguage\":\"ca\",\"@id\":\"https:\\\/\\\/secure.gravatar.com\\\/avatar\\\/f771d896c203ad8b3382d7905cfcce5a5c9b008b84b3cd9114e9b9f4cb63f789?s=96&d=mm&r=g\",\"url\":\"https:\\\/\\\/secure.gravatar.com\\\/avatar\\\/f771d896c203ad8b3382d7905cfcce5a5c9b008b84b3cd9114e9b9f4cb63f789?s=96&d=mm&r=g\",\"contentUrl\":\"https:\\\/\\\/secure.gravatar.com\\\/avatar\\\/f771d896c203ad8b3382d7905cfcce5a5c9b008b84b3cd9114e9b9f4cb63f789?s=96&d=mm&r=g\",\"caption\":\"Redacci\u00f3n\"},\"url\":\"https:\\\/\\\/radiolitoral.com\\\/ca\\\/author\\\/miriam-pagan\\\/\"}]}<\/script>\n<!-- \/ Yoast SEO plugin. -->","yoast_head_json":{"title":"Comprom\u00eds Benissa contra el projecte que afecta el Tossal de l&#039;Asprar | R\u00e0dio Litoral","description":"Aquesta tarda al ple s&#039;abordar\u00e0 la problem\u00e0tica","robots":{"index":"index","follow":"follow","max-snippet":"max-snippet:-1","max-image-preview":"max-image-preview:large","max-video-preview":"max-video-preview:-1"},"canonical":"https:\/\/radiolitoral.com\/ca\/2023\/03\/compromis-benissa-contra-el-projecte-que-afecta-el-tossal-de-lasprar\/","og_locale":"ca_ES","og_type":"article","og_title":"Comprom\u00eds Benissa contra el proyecto que afecta al Tossal de l\u2019Asprar | R\u00e0dio Litoral","og_description":"Esta tarde en el pleno se abordar\u00e1 la problem\u00e1tica","og_url":"https:\/\/radiolitoral.com\/ca\/2023\/03\/compromis-benissa-contra-el-projecte-que-afecta-el-tossal-de-lasprar\/","og_site_name":"R\u00e0dio Litoral","article_publisher":"https:\/\/www.facebook.com\/Laradiolitoral\/","article_published_time":"2023-03-28T14:06:57+00:00","article_modified_time":"2023-03-28T14:07:56+00:00","og_image":[{"width":670,"height":690,"url":"https:\/\/media.radiolitoral.com\/wp-content\/uploads\/2023\/03\/28160538\/ronda.jpg","type":"image\/jpeg"}],"author":"Redacci\u00f3n","twitter_card":"summary_large_image","twitter_misc":{"Escrit per":"Redacci\u00f3n","Temps estimat de lectura":"1 minut"},"schema":{"@context":"https:\/\/schema.org","@graph":[{"@type":"NewsArticle","@id":"https:\/\/radiolitoral.com\/2023\/03\/compromis-benissa-contra-el-proyecto-que-afecta-al-tossal-de-lasprar\/#article","isPartOf":{"@id":"https:\/\/radiolitoral.com\/2023\/03\/compromis-benissa-contra-el-proyecto-que-afecta-al-tossal-de-lasprar\/"},"author":{"name":"Redacci\u00f3n","@id":"https:\/\/radiolitoral.com\/#\/schema\/person\/f2b2343c49b5d721857cc1002bfdb151"},"headline":"Comprom\u00eds Benissa contra el proyecto que afecta al Tossal de l\u2019Asprar","datePublished":"2023-03-28T14:06:57+00:00","dateModified":"2023-03-28T14:07:56+00:00","mainEntityOfPage":{"@id":"https:\/\/radiolitoral.com\/2023\/03\/compromis-benissa-contra-el-proyecto-que-afecta-al-tossal-de-lasprar\/"},"wordCount":184,"commentCount":0,"publisher":{"@id":"https:\/\/radiolitoral.com\/#organization"},"image":{"@id":"https:\/\/radiolitoral.com\/2023\/03\/compromis-benissa-contra-el-proyecto-que-afecta-al-tossal-de-lasprar\/#primaryimage"},"thumbnailUrl":"https:\/\/media.radiolitoral.com\/wp-content\/uploads\/2023\/03\/28160538\/ronda.jpg","keywords":["Benissa","Comprom\u00eds","Comprom\u00eds Benissa","elecciones 2023","Mari Carme Ronda","pleno Benissa"],"articleSection":["Pol\u00edtica"],"inLanguage":"ca","potentialAction":[{"@type":"CommentAction","name":"Comment","target":["https:\/\/radiolitoral.com\/2023\/03\/compromis-benissa-contra-el-proyecto-que-afecta-al-tossal-de-lasprar\/#respond"]}]},{"@type":["WebPage","ItemPage"],"@id":"https:\/\/radiolitoral.com\/2023\/03\/compromis-benissa-contra-el-proyecto-que-afecta-al-tossal-de-lasprar\/","url":"https:\/\/radiolitoral.com\/2023\/03\/compromis-benissa-contra-el-proyecto-que-afecta-al-tossal-de-lasprar\/","name":"Comprom\u00eds Benissa contra el projecte que afecta el Tossal de l&#039;Asprar | R\u00e0dio Litoral","isPartOf":{"@id":"https:\/\/radiolitoral.com\/#website"},"primaryImageOfPage":{"@id":"https:\/\/radiolitoral.com\/2023\/03\/compromis-benissa-contra-el-proyecto-que-afecta-al-tossal-de-lasprar\/#primaryimage"},"image":{"@id":"https:\/\/radiolitoral.com\/2023\/03\/compromis-benissa-contra-el-proyecto-que-afecta-al-tossal-de-lasprar\/#primaryimage"},"thumbnailUrl":"https:\/\/media.radiolitoral.com\/wp-content\/uploads\/2023\/03\/28160538\/ronda.jpg","datePublished":"2023-03-28T14:06:57+00:00","dateModified":"2023-03-28T14:07:56+00:00","description":"Aquesta tarda al ple s&#039;abordar\u00e0 la problem\u00e0tica","breadcrumb":{"@id":"https:\/\/radiolitoral.com\/2023\/03\/compromis-benissa-contra-el-proyecto-que-afecta-al-tossal-de-lasprar\/#breadcrumb"},"inLanguage":"ca","potentialAction":[{"@type":"ReadAction","target":["https:\/\/radiolitoral.com\/2023\/03\/compromis-benissa-contra-el-proyecto-que-afecta-al-tossal-de-lasprar\/"]}]},{"@type":"ImageObject","inLanguage":"ca","@id":"https:\/\/radiolitoral.com\/2023\/03\/compromis-benissa-contra-el-proyecto-que-afecta-al-tossal-de-lasprar\/#primaryimage","url":"https:\/\/media.radiolitoral.com\/wp-content\/uploads\/2023\/03\/28160538\/ronda.jpg","contentUrl":"https:\/\/media.radiolitoral.com\/wp-content\/uploads\/2023\/03\/28160538\/ronda.jpg","width":670,"height":690},{"@type":"BreadcrumbList","@id":"https:\/\/radiolitoral.com\/2023\/03\/compromis-benissa-contra-el-proyecto-que-afecta-al-tossal-de-lasprar\/#breadcrumb","itemListElement":[{"@type":"ListItem","position":1,"name":"Portada","item":"https:\/\/radiolitoral.com\/"},{"@type":"ListItem","position":2,"name":"Comprom\u00eds Benissa contra el proyecto que afecta al Tossal de l\u2019Asprar"}]},{"@type":"WebSite","@id":"https:\/\/radiolitoral.com\/#website","url":"https:\/\/radiolitoral.com\/","name":"R\u00e0dio Litoral","description":"La r\u00e0dio local de la Marina Alta","publisher":{"@id":"https:\/\/radiolitoral.com\/#organization"},"alternateName":"Litoral FM","potentialAction":[{"@type":"SearchAction","target":{"@type":"EntryPoint","urlTemplate":"https:\/\/radiolitoral.com\/?s={search_term_string}"},"query-input":{"@type":"PropertyValueSpecification","valueRequired":true,"valueName":"search_term_string"}}],"inLanguage":"ca"},{"@type":"Organization","@id":"https:\/\/radiolitoral.com\/#organization","name":"R\u00e0dio Litoral","url":"https:\/\/radiolitoral.com\/","logo":{"@type":"ImageObject","inLanguage":"ca","@id":"https:\/\/radiolitoral.com\/#\/schema\/logo\/image\/","url":"https:\/\/media.radiolitoral.com\/wp-content\/uploads\/2023\/02\/24143238\/CL-V-RadioLitoral696.png","contentUrl":"https:\/\/media.radiolitoral.com\/wp-content\/uploads\/2023\/02\/24143238\/CL-V-RadioLitoral696.png","width":696,"height":696,"caption":"Radio Litoral"},"image":{"@id":"https:\/\/radiolitoral.com\/#\/schema\/logo\/image\/"},"sameAs":["https:\/\/www.facebook.com\/Laradiolitoral\/"]},{"@type":"Person","@id":"https:\/\/radiolitoral.com\/#\/schema\/person\/f2b2343c49b5d721857cc1002bfdb151","name":"Redacci\u00f3","image":{"@type":"ImageObject","inLanguage":"ca","@id":"https:\/\/secure.gravatar.com\/avatar\/f771d896c203ad8b3382d7905cfcce5a5c9b008b84b3cd9114e9b9f4cb63f789?s=96&d=mm&r=g","url":"https:\/\/secure.gravatar.com\/avatar\/f771d896c203ad8b3382d7905cfcce5a5c9b008b84b3cd9114e9b9f4cb63f789?s=96&d=mm&r=g","contentUrl":"https:\/\/secure.gravatar.com\/avatar\/f771d896c203ad8b3382d7905cfcce5a5c9b008b84b3cd9114e9b9f4cb63f789?s=96&d=mm&r=g","caption":"Redacci\u00f3n"},"url":"https:\/\/radiolitoral.com\/ca\/author\/miriam-pagan\/"}]}},"_links":{"self":[{"href":"https:\/\/radiolitoral.com\/ca\/wp-json\/wp\/v2\/posts\/1742","targetHints":{"allow":["GET"]}}],"collection":[{"href":"https:\/\/radiolitoral.com\/ca\/wp-json\/wp\/v2\/posts"}],"about":[{"href":"https:\/\/radiolitoral.com\/ca\/wp-json\/wp\/v2\/types\/post"}],"author":[{"embeddable":true,"href":"https:\/\/radiolitoral.com\/ca\/wp-json\/wp\/v2\/users\/13"}],"replies":[{"embeddable":true,"href":"https:\/\/radiolitoral.com\/ca\/wp-json\/wp\/v2\/comments?post=1742"}],"version-history":[{"count":1,"href":"https:\/\/radiolitoral.com\/ca\/wp-json\/wp\/v2\/posts\/1742\/revisions"}],"predecessor-version":[{"id":1745,"href":"https:\/\/radiolitoral.com\/ca\/wp-json\/wp\/v2\/posts\/1742\/revisions\/1745"}],"wp:featuredmedia":[{"embeddable":true,"href":"https:\/\/radiolitoral.com\/ca\/wp-json\/wp\/v2\/media\/1744"}],"wp:attachment":[{"href":"https:\/\/radiolitoral.com\/ca\/wp-json\/wp\/v2\/media?parent=1742"}],"wp:term":[{"taxonomy":"category","embeddable":true,"href":"https:\/\/radiolitoral.com\/ca\/wp-json\/wp\/v2\/categories?post=1742"},{"taxonomy":"post_tag","embeddable":true,"href":"https:\/\/radiolitoral.com\/ca\/wp-json\/wp\/v2\/tags?post=1742"}],"curies":[{"name":"wp","href":"https:\/\/api.w.org\/{rel}","templated":true}]}}