{"id":17361,"date":"2025-06-25T11:13:36","date_gmt":"2025-06-25T09:13:36","guid":{"rendered":"https:\/\/radiolitoral.com\/?p=17361"},"modified":"2025-06-25T11:13:36","modified_gmt":"2025-06-25T09:13:36","slug":"el-cg-calp-busca-exits-al-nacional-per-equips-absoluts","status":"publish","type":"post","link":"https:\/\/radiolitoral.com\/ca\/2025\/06\/el-cg-calpe-busca-exitos-en-el-nacional-por-equipos-absolutos\/","title":{"rendered":"El CG Calp busca \u00e8xits al Nacional per equips absoluts"},"content":{"rendered":"<p>Les gimnastes del <strong>Club Gimn\u00e0stica Calp<\/strong> s\u00f3n a Santander per prendre part al <strong>Campionat d\u00b4Espanya d\u00b4Equips Absoluts<\/strong>. Una expedici\u00f3 composta per l&#039;equip t\u00e8cnic i les gimnastes: <strong>Stella Galstyan, Sofia Shakhanova, Lorena Romanesi, Aprelia Kolobneva, Lli\u00e7a Voloshina, Zoe Noriega, Veronika Voloshina, Olga Zyablova, Taisia Riabtceva, Nika Khurshudian<\/strong> i <strong>Ada Ivchenko<\/strong>.<\/p>\n<p>Assenyalar que <strong>Zoe Noriega<\/strong> ha estat cedida per a aquesta competici\u00f3 al <strong>Club Jennifer Colino<\/strong>. <strong>Stella Galstyan<\/strong> estar\u00e0 com a component del <strong>Club Mabel<\/strong>.<\/p>\n<h4>Pluja de Medalles<\/h4>\n<p>El club calp\u00ed ve de sumar 13 medalles al Campionat d&#039;Espanya Individual en categories alev\u00ed i Infantil. Entre les gimnastes que es van penjar medalles van estar; <strong>Marina Galstyan<\/strong>, en categoria alev\u00ed, va ser or a Corda i C\u00e8rcol. Va ser plata a Manos Libres, i per autonomies. Va acabar com a tercera a la classificaci\u00f3 General.<\/p>\n<p>En aquesta mateixa categoria, <strong>Vict\u00f2ria Ureche<\/strong> va ser, medalla de bronze en c\u00e8rcol, subcampiona per autonomies i vuitena a la classificaci\u00f3 general.<\/p>\n<p>A la categoria infantil, <strong>Ainhoa Abad<\/strong> va conquistar la medalla de bronze a la classificaci\u00f3 general. Va ocupar la quarta pla\u00e7a a la classificaci\u00f3 general i va ser campiona per autonomies. <strong>Anna Maria Lebedeva<\/strong>, va ser or a l&#039;aparell de pilota i per autonomies.<\/p>\n<p><script src=\"chrome-extension:\/\/flbolonkboilcbnohjlchlfgdalomdpl\/iFrame.js\" type=\"text\/javascript\"><\/script><\/p>","protected":false},"excerpt":{"rendered":"<p>Las gimnastas del Club Gimnasia Calpe est\u00e1n en Santander para tomar parte en el Campeonato de Espa\u00f1a de Equipos Absolutos. Una expedici\u00f3n compuesta por el equipo t\u00e9cnico y las gimnastas: Stella Galstyan, Sof\u00eda Shakhanova, Lorena Romanesi, Aprelia Kolobneva, Liza Voloshina, Zoe Noriega, Veronika Voloshina, Olga Zyablova, Taisiia Riabtceva, Nika Khurshudian y Ada Ivchenko. Se\u00f1alar que [&#8230;]<\/p>\n<p><a class=\"btn btn-secondary understrap-read-more-link\" href=\"https:\/\/radiolitoral.com\/ca\/2025\/06\/el-cg-calpe-busca-exitos-en-el-nacional-por-equipos-absolutos\/\">Continua llegint&#8230;<span class=\"screen-reader-text\"> from El CG Calpe busca \u00e9xitos en el Nacional por equipos absolutos<\/span><\/a><\/p>\n","protected":false},"author":12,"featured_media":17362,"comment_status":"open","ping_status":"closed","sticky":false,"template":"","format":"standard","meta":{"_acf_changed":false,"inline_featured_image":false,"footnotes":""},"categories":[5],"tags":[1394,1396,1393,1389,1387,4566,4567,6,1388,4565,1078,3914,1390,1391,1399,2651,3913,1392,1483],"class_list":["post-17361","post","type-post","status-publish","format-standard","has-post-thumbnail","hentry","category-deportes","tag-ada-ivchenko","tag-ainhoa-abad","tag-anna-maria-lebedeva","tag-aprelia-kolobneva","tag-club-gimnasia-calpe","tag-club-jennifer-colino","tag-club-mabel","tag-deportes","tag-liza-voloshina","tag-lorena-romanesi","tag-marina-galstyan","tag-nika-khurshudian","tag-olga-zyablova","tag-sofia-shakhanova","tag-stella-galstyan","tag-taisiia-riabtceva","tag-veronika-voloshina","tag-victoria-ureche","tag-zoe-noriega","cobertura-calp"],"acf":[],"yoast_head":"<!-- This site is optimized with the Yoast SEO plugin v27.5 - https:\/\/yoast.com\/product\/yoast-seo-wordpress\/ -->\n<title>El CG Calpe busca \u00e9xitos en el Nacional por equipos absolutos | R\u00e0dio Litoral<\/title>\n<meta name=\"description\" content=\"La expedici\u00f3n calpina que participar\u00e1 en la competici\u00f3n que tendr\u00e1 lugar en Santander la componen 10 gimnastas y sus entrenadorasLa expedici\u00f3n calpina que participar\u00e1 en la competici\u00f3n que tendr\u00e1 lugar en Santander la componen 10 gimnastas y sus entrenadoras\" \/>\n<meta name=\"robots\" content=\"index, follow, max-snippet:-1, max-image-preview:large, max-video-preview:-1\" \/>\n<link rel=\"canonical\" href=\"https:\/\/radiolitoral.com\/ca\/2025\/06\/el-cg-calp-busca-exits-al-nacional-per-equips-absoluts\/\" \/>\n<meta property=\"og:locale\" content=\"ca_ES\" \/>\n<meta property=\"og:type\" content=\"article\" \/>\n<meta property=\"og:title\" content=\"El CG Calpe busca \u00e9xitos en el Nacional por equipos absolutos | R\u00e0dio Litoral\" \/>\n<meta property=\"og:description\" content=\"La expedici\u00f3n calpina que participar\u00e1 en la competici\u00f3n que tendr\u00e1 lugar en Santander la componen 10 gimnastas y sus entrenadorasLa expedici\u00f3n calpina que participar\u00e1 en la competici\u00f3n que tendr\u00e1 lugar en Santander la componen 10 gimnastas y sus entrenadoras\" \/>\n<meta property=\"og:url\" content=\"https:\/\/radiolitoral.com\/ca\/2025\/06\/el-cg-calp-busca-exits-al-nacional-per-equips-absoluts\/\" \/>\n<meta property=\"og:site_name\" content=\"R\u00e0dio Litoral\" \/>\n<meta property=\"article:publisher\" content=\"https:\/\/www.facebook.com\/Laradiolitoral\/\" \/>\n<meta property=\"article:published_time\" content=\"2025-06-25T09:13:36+00:00\" \/>\n<meta property=\"og:image\" content=\"https:\/\/media.radiolitoral.com\/wp-content\/uploads\/2025\/06\/25105904\/gimnastas-del-CG-Calpe-en-el-Nacional-Alevin-e-Infantil.jpg\" \/>\n\t<meta property=\"og:image:width\" content=\"1600\" \/>\n\t<meta property=\"og:image:height\" content=\"1200\" \/>\n\t<meta property=\"og:image:type\" content=\"image\/jpeg\" \/>\n<meta name=\"author\" content=\"Javier Zamora\" \/>\n<meta name=\"twitter:card\" content=\"summary_large_image\" \/>\n<meta name=\"twitter:label1\" content=\"Escrit per\" \/>\n\t<meta name=\"twitter:data1\" content=\"Javier Zamora\" \/>\n\t<meta name=\"twitter:label2\" content=\"Temps estimat de lectura\" \/>\n\t<meta name=\"twitter:data2\" content=\"2 minuts\" \/>\n<script type=\"application\/ld+json\" class=\"yoast-schema-graph\">{\"@context\":\"https:\\\/\\\/schema.org\",\"@graph\":[{\"@type\":\"NewsArticle\",\"@id\":\"https:\\\/\\\/radiolitoral.com\\\/2025\\\/06\\\/el-cg-calpe-busca-exitos-en-el-nacional-por-equipos-absolutos\\\/#article\",\"isPartOf\":{\"@id\":\"https:\\\/\\\/radiolitoral.com\\\/2025\\\/06\\\/el-cg-calpe-busca-exitos-en-el-nacional-por-equipos-absolutos\\\/\"},\"author\":{\"name\":\"Javier Zamora\",\"@id\":\"https:\\\/\\\/radiolitoral.com\\\/#\\\/schema\\\/person\\\/7b1480b5caeb5acdd4ec6379caf62b22\"},\"headline\":\"El CG Calpe busca \u00e9xitos en el Nacional por equipos absolutos\",\"datePublished\":\"2025-06-25T09:13:36+00:00\",\"mainEntityOfPage\":{\"@id\":\"https:\\\/\\\/radiolitoral.com\\\/2025\\\/06\\\/el-cg-calpe-busca-exitos-en-el-nacional-por-equipos-absolutos\\\/\"},\"wordCount\":226,\"commentCount\":0,\"publisher\":{\"@id\":\"https:\\\/\\\/radiolitoral.com\\\/#organization\"},\"image\":{\"@id\":\"https:\\\/\\\/radiolitoral.com\\\/2025\\\/06\\\/el-cg-calpe-busca-exitos-en-el-nacional-por-equipos-absolutos\\\/#primaryimage\"},\"thumbnailUrl\":\"https:\\\/\\\/media.radiolitoral.com\\\/wp-content\\\/uploads\\\/2025\\\/06\\\/25105904\\\/gimnastas-del-CG-Calpe-en-el-Nacional-Alevin-e-Infantil.jpg\",\"keywords\":[\"Ada Ivchenko\",\"Ainhoa Abad\",\"Anna Mar\u00eda Lebedeva\",\"Aprelia Kolobneva\",\"Club Gimnasia Calpe\",\"Club Jennifer Colino\",\"Club Mabel\",\"deportes\",\"Liza Voloshina\",\"Lorena Romanesi\",\"Marina Galstyan\",\"Nika Khurshudian\",\"Olga Zyablova\",\"Sof\u00eda Shakhanova\",\"Stella Galstyan\",\"Taisiia\u00a0Riabtceva\",\"Veronika Voloshina\",\"Victoria Ureche\",\"Zoe Noriega\"],\"articleSection\":[\"Deportes\"],\"inLanguage\":\"ca\",\"potentialAction\":[{\"@type\":\"CommentAction\",\"name\":\"Comment\",\"target\":[\"https:\\\/\\\/radiolitoral.com\\\/2025\\\/06\\\/el-cg-calpe-busca-exitos-en-el-nacional-por-equipos-absolutos\\\/#respond\"]}]},{\"@type\":[\"WebPage\",\"ItemPage\"],\"@id\":\"https:\\\/\\\/radiolitoral.com\\\/2025\\\/06\\\/el-cg-calpe-busca-exitos-en-el-nacional-por-equipos-absolutos\\\/\",\"url\":\"https:\\\/\\\/radiolitoral.com\\\/2025\\\/06\\\/el-cg-calpe-busca-exitos-en-el-nacional-por-equipos-absolutos\\\/\",\"name\":\"El CG Calpe busca \u00e9xitos en el Nacional por equipos absolutos | R\u00e0dio Litoral\",\"isPartOf\":{\"@id\":\"https:\\\/\\\/radiolitoral.com\\\/#website\"},\"primaryImageOfPage\":{\"@id\":\"https:\\\/\\\/radiolitoral.com\\\/2025\\\/06\\\/el-cg-calpe-busca-exitos-en-el-nacional-por-equipos-absolutos\\\/#primaryimage\"},\"image\":{\"@id\":\"https:\\\/\\\/radiolitoral.com\\\/2025\\\/06\\\/el-cg-calpe-busca-exitos-en-el-nacional-por-equipos-absolutos\\\/#primaryimage\"},\"thumbnailUrl\":\"https:\\\/\\\/media.radiolitoral.com\\\/wp-content\\\/uploads\\\/2025\\\/06\\\/25105904\\\/gimnastas-del-CG-Calpe-en-el-Nacional-Alevin-e-Infantil.jpg\",\"datePublished\":\"2025-06-25T09:13:36+00:00\",\"description\":\"La expedici\u00f3n calpina que participar\u00e1 en la competici\u00f3n que tendr\u00e1 lugar en Santander la componen 10 gimnastas y sus entrenadorasLa expedici\u00f3n calpina que participar\u00e1 en la competici\u00f3n que tendr\u00e1 lugar en Santander la componen 10 gimnastas y sus entrenadoras\",\"breadcrumb\":{\"@id\":\"https:\\\/\\\/radiolitoral.com\\\/2025\\\/06\\\/el-cg-calpe-busca-exitos-en-el-nacional-por-equipos-absolutos\\\/#breadcrumb\"},\"inLanguage\":\"ca\",\"potentialAction\":[{\"@type\":\"ReadAction\",\"target\":[\"https:\\\/\\\/radiolitoral.com\\\/2025\\\/06\\\/el-cg-calpe-busca-exitos-en-el-nacional-por-equipos-absolutos\\\/\"]}]},{\"@type\":\"ImageObject\",\"inLanguage\":\"ca\",\"@id\":\"https:\\\/\\\/radiolitoral.com\\\/2025\\\/06\\\/el-cg-calpe-busca-exitos-en-el-nacional-por-equipos-absolutos\\\/#primaryimage\",\"url\":\"https:\\\/\\\/media.radiolitoral.com\\\/wp-content\\\/uploads\\\/2025\\\/06\\\/25105904\\\/gimnastas-del-CG-Calpe-en-el-Nacional-Alevin-e-Infantil.jpg\",\"contentUrl\":\"https:\\\/\\\/media.radiolitoral.com\\\/wp-content\\\/uploads\\\/2025\\\/06\\\/25105904\\\/gimnastas-del-CG-Calpe-en-el-Nacional-Alevin-e-Infantil.jpg\",\"width\":1600,\"height\":1200},{\"@type\":\"BreadcrumbList\",\"@id\":\"https:\\\/\\\/radiolitoral.com\\\/2025\\\/06\\\/el-cg-calpe-busca-exitos-en-el-nacional-por-equipos-absolutos\\\/#breadcrumb\",\"itemListElement\":[{\"@type\":\"ListItem\",\"position\":1,\"name\":\"Portada\",\"item\":\"https:\\\/\\\/radiolitoral.com\\\/\"},{\"@type\":\"ListItem\",\"position\":2,\"name\":\"El CG Calpe busca \u00e9xitos en el Nacional por equipos absolutos\"}]},{\"@type\":\"WebSite\",\"@id\":\"https:\\\/\\\/radiolitoral.com\\\/#website\",\"url\":\"https:\\\/\\\/radiolitoral.com\\\/\",\"name\":\"Radio Litoral\",\"description\":\"La radio local de la Marina Alta\",\"publisher\":{\"@id\":\"https:\\\/\\\/radiolitoral.com\\\/#organization\"},\"alternateName\":\"Litoral FM\",\"potentialAction\":[{\"@type\":\"SearchAction\",\"target\":{\"@type\":\"EntryPoint\",\"urlTemplate\":\"https:\\\/\\\/radiolitoral.com\\\/?s={search_term_string}\"},\"query-input\":{\"@type\":\"PropertyValueSpecification\",\"valueRequired\":true,\"valueName\":\"search_term_string\"}}],\"inLanguage\":\"ca\"},{\"@type\":\"Organization\",\"@id\":\"https:\\\/\\\/radiolitoral.com\\\/#organization\",\"name\":\"Radio Litoral\",\"url\":\"https:\\\/\\\/radiolitoral.com\\\/\",\"logo\":{\"@type\":\"ImageObject\",\"inLanguage\":\"ca\",\"@id\":\"https:\\\/\\\/radiolitoral.com\\\/#\\\/schema\\\/logo\\\/image\\\/\",\"url\":\"https:\\\/\\\/media.radiolitoral.com\\\/wp-content\\\/uploads\\\/2023\\\/02\\\/24143238\\\/CL-V-RadioLitoral696.png\",\"contentUrl\":\"https:\\\/\\\/media.radiolitoral.com\\\/wp-content\\\/uploads\\\/2023\\\/02\\\/24143238\\\/CL-V-RadioLitoral696.png\",\"width\":696,\"height\":696,\"caption\":\"Radio Litoral\"},\"image\":{\"@id\":\"https:\\\/\\\/radiolitoral.com\\\/#\\\/schema\\\/logo\\\/image\\\/\"},\"sameAs\":[\"https:\\\/\\\/www.facebook.com\\\/Laradiolitoral\\\/\"]},{\"@type\":\"Person\",\"@id\":\"https:\\\/\\\/radiolitoral.com\\\/#\\\/schema\\\/person\\\/7b1480b5caeb5acdd4ec6379caf62b22\",\"name\":\"Javier Zamora\",\"image\":{\"@type\":\"ImageObject\",\"inLanguage\":\"ca\",\"@id\":\"https:\\\/\\\/secure.gravatar.com\\\/avatar\\\/467a11f6918c7d619c4043fc6fa2d3853053107973f05b6e9c04ea6c4e3a7b3f?s=96&d=mm&r=g\",\"url\":\"https:\\\/\\\/secure.gravatar.com\\\/avatar\\\/467a11f6918c7d619c4043fc6fa2d3853053107973f05b6e9c04ea6c4e3a7b3f?s=96&d=mm&r=g\",\"contentUrl\":\"https:\\\/\\\/secure.gravatar.com\\\/avatar\\\/467a11f6918c7d619c4043fc6fa2d3853053107973f05b6e9c04ea6c4e3a7b3f?s=96&d=mm&r=g\",\"caption\":\"Javier Zamora\"},\"url\":\"https:\\\/\\\/radiolitoral.com\\\/ca\\\/author\\\/javier-zamora\\\/\"}]}<\/script>\n<!-- \/ Yoast SEO plugin. -->","yoast_head_json":{"title":"El CG Calp busca \u00e8xits al Nacional per equips absoluts | R\u00e0dio Litoral","description":"L&#039;expedici\u00f3 calpina que participar\u00e0 a la competici\u00f3 que tindr\u00e0 lloc a Santander la componen 10 gimnastes i els seus entrenadores L&#039;expedici\u00f3 calpina que participar\u00e0 a la competici\u00f3 que tindr\u00e0 lloc a Santander la componen 10 gimnastes i els seus entrenadores","robots":{"index":"index","follow":"follow","max-snippet":"max-snippet:-1","max-image-preview":"max-image-preview:large","max-video-preview":"max-video-preview:-1"},"canonical":"https:\/\/radiolitoral.com\/ca\/2025\/06\/el-cg-calp-busca-exits-al-nacional-per-equips-absoluts\/","og_locale":"ca_ES","og_type":"article","og_title":"El CG Calpe busca \u00e9xitos en el Nacional por equipos absolutos | R\u00e0dio Litoral","og_description":"La expedici\u00f3n calpina que participar\u00e1 en la competici\u00f3n que tendr\u00e1 lugar en Santander la componen 10 gimnastas y sus entrenadorasLa expedici\u00f3n calpina que participar\u00e1 en la competici\u00f3n que tendr\u00e1 lugar en Santander la componen 10 gimnastas y sus entrenadoras","og_url":"https:\/\/radiolitoral.com\/ca\/2025\/06\/el-cg-calp-busca-exits-al-nacional-per-equips-absoluts\/","og_site_name":"R\u00e0dio Litoral","article_publisher":"https:\/\/www.facebook.com\/Laradiolitoral\/","article_published_time":"2025-06-25T09:13:36+00:00","og_image":[{"width":1600,"height":1200,"url":"https:\/\/media.radiolitoral.com\/wp-content\/uploads\/2025\/06\/25105904\/gimnastas-del-CG-Calpe-en-el-Nacional-Alevin-e-Infantil.jpg","type":"image\/jpeg"}],"author":"Javier Zamora","twitter_card":"summary_large_image","twitter_misc":{"Escrit per":"Javier Zamora","Temps estimat de lectura":"2 minuts"},"schema":{"@context":"https:\/\/schema.org","@graph":[{"@type":"NewsArticle","@id":"https:\/\/radiolitoral.com\/2025\/06\/el-cg-calpe-busca-exitos-en-el-nacional-por-equipos-absolutos\/#article","isPartOf":{"@id":"https:\/\/radiolitoral.com\/2025\/06\/el-cg-calpe-busca-exitos-en-el-nacional-por-equipos-absolutos\/"},"author":{"name":"Javier Zamora","@id":"https:\/\/radiolitoral.com\/#\/schema\/person\/7b1480b5caeb5acdd4ec6379caf62b22"},"headline":"El CG Calpe busca \u00e9xitos en el Nacional por equipos absolutos","datePublished":"2025-06-25T09:13:36+00:00","mainEntityOfPage":{"@id":"https:\/\/radiolitoral.com\/2025\/06\/el-cg-calpe-busca-exitos-en-el-nacional-por-equipos-absolutos\/"},"wordCount":226,"commentCount":0,"publisher":{"@id":"https:\/\/radiolitoral.com\/#organization"},"image":{"@id":"https:\/\/radiolitoral.com\/2025\/06\/el-cg-calpe-busca-exitos-en-el-nacional-por-equipos-absolutos\/#primaryimage"},"thumbnailUrl":"https:\/\/media.radiolitoral.com\/wp-content\/uploads\/2025\/06\/25105904\/gimnastas-del-CG-Calpe-en-el-Nacional-Alevin-e-Infantil.jpg","keywords":["Ada Ivchenko","Ainhoa Abad","Anna Mar\u00eda Lebedeva","Aprelia Kolobneva","Club Gimnasia Calpe","Club Jennifer Colino","Club Mabel","deportes","Liza Voloshina","Lorena Romanesi","Marina Galstyan","Nika Khurshudian","Olga Zyablova","Sof\u00eda Shakhanova","Stella Galstyan","Taisiia\u00a0Riabtceva","Veronika Voloshina","Victoria Ureche","Zoe Noriega"],"articleSection":["Deportes"],"inLanguage":"ca","potentialAction":[{"@type":"CommentAction","name":"Comment","target":["https:\/\/radiolitoral.com\/2025\/06\/el-cg-calpe-busca-exitos-en-el-nacional-por-equipos-absolutos\/#respond"]}]},{"@type":["WebPage","ItemPage"],"@id":"https:\/\/radiolitoral.com\/2025\/06\/el-cg-calpe-busca-exitos-en-el-nacional-por-equipos-absolutos\/","url":"https:\/\/radiolitoral.com\/2025\/06\/el-cg-calpe-busca-exitos-en-el-nacional-por-equipos-absolutos\/","name":"El CG Calp busca \u00e8xits al Nacional per equips absoluts | R\u00e0dio Litoral","isPartOf":{"@id":"https:\/\/radiolitoral.com\/#website"},"primaryImageOfPage":{"@id":"https:\/\/radiolitoral.com\/2025\/06\/el-cg-calpe-busca-exitos-en-el-nacional-por-equipos-absolutos\/#primaryimage"},"image":{"@id":"https:\/\/radiolitoral.com\/2025\/06\/el-cg-calpe-busca-exitos-en-el-nacional-por-equipos-absolutos\/#primaryimage"},"thumbnailUrl":"https:\/\/media.radiolitoral.com\/wp-content\/uploads\/2025\/06\/25105904\/gimnastas-del-CG-Calpe-en-el-Nacional-Alevin-e-Infantil.jpg","datePublished":"2025-06-25T09:13:36+00:00","description":"L&#039;expedici\u00f3 calpina que participar\u00e0 a la competici\u00f3 que tindr\u00e0 lloc a Santander la componen 10 gimnastes i els seus entrenadores L&#039;expedici\u00f3 calpina que participar\u00e0 a la competici\u00f3 que tindr\u00e0 lloc a Santander la componen 10 gimnastes i els seus entrenadores","breadcrumb":{"@id":"https:\/\/radiolitoral.com\/2025\/06\/el-cg-calpe-busca-exitos-en-el-nacional-por-equipos-absolutos\/#breadcrumb"},"inLanguage":"ca","potentialAction":[{"@type":"ReadAction","target":["https:\/\/radiolitoral.com\/2025\/06\/el-cg-calpe-busca-exitos-en-el-nacional-por-equipos-absolutos\/"]}]},{"@type":"ImageObject","inLanguage":"ca","@id":"https:\/\/radiolitoral.com\/2025\/06\/el-cg-calpe-busca-exitos-en-el-nacional-por-equipos-absolutos\/#primaryimage","url":"https:\/\/media.radiolitoral.com\/wp-content\/uploads\/2025\/06\/25105904\/gimnastas-del-CG-Calpe-en-el-Nacional-Alevin-e-Infantil.jpg","contentUrl":"https:\/\/media.radiolitoral.com\/wp-content\/uploads\/2025\/06\/25105904\/gimnastas-del-CG-Calpe-en-el-Nacional-Alevin-e-Infantil.jpg","width":1600,"height":1200},{"@type":"BreadcrumbList","@id":"https:\/\/radiolitoral.com\/2025\/06\/el-cg-calpe-busca-exitos-en-el-nacional-por-equipos-absolutos\/#breadcrumb","itemListElement":[{"@type":"ListItem","position":1,"name":"Portada","item":"https:\/\/radiolitoral.com\/"},{"@type":"ListItem","position":2,"name":"El CG Calpe busca \u00e9xitos en el Nacional por equipos absolutos"}]},{"@type":"WebSite","@id":"https:\/\/radiolitoral.com\/#website","url":"https:\/\/radiolitoral.com\/","name":"R\u00e0dio Litoral","description":"La r\u00e0dio local de la Marina Alta","publisher":{"@id":"https:\/\/radiolitoral.com\/#organization"},"alternateName":"Litoral FM","potentialAction":[{"@type":"SearchAction","target":{"@type":"EntryPoint","urlTemplate":"https:\/\/radiolitoral.com\/?s={search_term_string}"},"query-input":{"@type":"PropertyValueSpecification","valueRequired":true,"valueName":"search_term_string"}}],"inLanguage":"ca"},{"@type":"Organization","@id":"https:\/\/radiolitoral.com\/#organization","name":"R\u00e0dio Litoral","url":"https:\/\/radiolitoral.com\/","logo":{"@type":"ImageObject","inLanguage":"ca","@id":"https:\/\/radiolitoral.com\/#\/schema\/logo\/image\/","url":"https:\/\/media.radiolitoral.com\/wp-content\/uploads\/2023\/02\/24143238\/CL-V-RadioLitoral696.png","contentUrl":"https:\/\/media.radiolitoral.com\/wp-content\/uploads\/2023\/02\/24143238\/CL-V-RadioLitoral696.png","width":696,"height":696,"caption":"Radio Litoral"},"image":{"@id":"https:\/\/radiolitoral.com\/#\/schema\/logo\/image\/"},"sameAs":["https:\/\/www.facebook.com\/Laradiolitoral\/"]},{"@type":"Person","@id":"https:\/\/radiolitoral.com\/#\/schema\/person\/7b1480b5caeb5acdd4ec6379caf62b22","name":"Javier Zamora","image":{"@type":"ImageObject","inLanguage":"ca","@id":"https:\/\/secure.gravatar.com\/avatar\/467a11f6918c7d619c4043fc6fa2d3853053107973f05b6e9c04ea6c4e3a7b3f?s=96&d=mm&r=g","url":"https:\/\/secure.gravatar.com\/avatar\/467a11f6918c7d619c4043fc6fa2d3853053107973f05b6e9c04ea6c4e3a7b3f?s=96&d=mm&r=g","contentUrl":"https:\/\/secure.gravatar.com\/avatar\/467a11f6918c7d619c4043fc6fa2d3853053107973f05b6e9c04ea6c4e3a7b3f?s=96&d=mm&r=g","caption":"Javier Zamora"},"url":"https:\/\/radiolitoral.com\/ca\/author\/javier-zamora\/"}]}},"_links":{"self":[{"href":"https:\/\/radiolitoral.com\/ca\/wp-json\/wp\/v2\/posts\/17361","targetHints":{"allow":["GET"]}}],"collection":[{"href":"https:\/\/radiolitoral.com\/ca\/wp-json\/wp\/v2\/posts"}],"about":[{"href":"https:\/\/radiolitoral.com\/ca\/wp-json\/wp\/v2\/types\/post"}],"author":[{"embeddable":true,"href":"https:\/\/radiolitoral.com\/ca\/wp-json\/wp\/v2\/users\/12"}],"replies":[{"embeddable":true,"href":"https:\/\/radiolitoral.com\/ca\/wp-json\/wp\/v2\/comments?post=17361"}],"version-history":[{"count":2,"href":"https:\/\/radiolitoral.com\/ca\/wp-json\/wp\/v2\/posts\/17361\/revisions"}],"predecessor-version":[{"id":17364,"href":"https:\/\/radiolitoral.com\/ca\/wp-json\/wp\/v2\/posts\/17361\/revisions\/17364"}],"wp:featuredmedia":[{"embeddable":true,"href":"https:\/\/radiolitoral.com\/ca\/wp-json\/wp\/v2\/media\/17362"}],"wp:attachment":[{"href":"https:\/\/radiolitoral.com\/ca\/wp-json\/wp\/v2\/media?parent=17361"}],"wp:term":[{"taxonomy":"category","embeddable":true,"href":"https:\/\/radiolitoral.com\/ca\/wp-json\/wp\/v2\/categories?post=17361"},{"taxonomy":"post_tag","embeddable":true,"href":"https:\/\/radiolitoral.com\/ca\/wp-json\/wp\/v2\/tags?post=17361"}],"curies":[{"name":"wp","href":"https:\/\/api.w.org\/{rel}","templated":true}]}}