{"id":1735,"date":"2023-03-28T15:47:22","date_gmt":"2023-03-28T13:47:22","guid":{"rendered":"https:\/\/radiolitoral.com\/?p=1735"},"modified":"2023-03-28T15:49:34","modified_gmt":"2023-03-28T13:49:34","slug":"la-reivindicacions-pel-tren-de-la-costa-no-cessen","status":"publish","type":"post","link":"https:\/\/radiolitoral.com\/ca\/2023\/03\/la-reivindicaciones-por-el-tren-de-la-costa-no-cesan\/","title":{"rendered":"La reivindicacions pel tren de la costa no cessen"},"content":{"rendered":"<p>Recuperem les reivindicacions a favor del <strong>Tren de la Costa<\/strong> que representants de <strong>Comprom\u00eds de la Marina Alta i la Safor<\/strong> van reiterar aquest cap de setmana en un acte p\u00fablic. Va tenir lloc al mercat setmanal d&#039;Oliva. All\u00ed es van donar cita responsables pol\u00edtics de les files valencianistes de les dues comarques que m\u00e9s <strong>reclamen una infraestructura ferrovi\u00e0ria que vertebre i comuniqui el territori.<\/strong><\/p>\n<p>Amb les seues reivindicacions pretenen que este projecte no caigui en l&#039;oblit, i quede solapat per la intenci\u00f3 de crear un tramvia, com promou l&#039;administraci\u00f3 valenciana. Una trobada de la qual tamb\u00e9 va participar el <strong>senador Carles Mulet:<\/strong><\/p>\n<audio class=\"wp-audio-shortcode\" id=\"audio-1735-1\" preload=\"none\" style=\"width: 100%;\" controls=\"controls\"><source type=\"audio\/mpeg\" src=\"https:\/\/media.radiolitoral.com\/wp-content\/uploads\/2023\/03\/28154058\/Carles-Mulet-1.mp3?_=1\" \/><a href=\"https:\/\/media.radiolitoral.com\/wp-content\/uploads\/2023\/03\/28154058\/Carles-Mulet-1.mp3\">https:\/\/media.radiolitoral.com\/wp-content\/uploads\/2023\/03\/28154058\/Carles-Mulet-1.mp3<\/a><\/audio>\n<p>&nbsp;<\/p>\n<p>Una convocat\u00f2ria a qu\u00e8 es van sumar representants de la Coalici\u00f3 com el pegol\u00ed Josep Nadal, l&#039;alcalde de Pedreguer, Josep Ferr\u00fas, el Basili Salort del Verger o l&#039;alcalde de Gata de Gorgos Josep Signes, entre d&#039;altres responsables p\u00fablics.<\/p>","protected":false},"excerpt":{"rendered":"<p>Recuperamos las reivindicaciones a favor del Tren de la Costa que representantes de Comprom\u00eds de la Marina Alta y la Safor reiteraron este fin de semana en un acto p\u00fablico. Tuvo lugar en el mercado semanal de Oliva. All\u00ed se dieron cita responsables pol\u00edticos de las filas valencianistas de las dos comarcas que m\u00e1s reclaman [&#8230;]<\/p>\n<p><a class=\"btn btn-secondary understrap-read-more-link\" href=\"https:\/\/radiolitoral.com\/ca\/2023\/03\/la-reivindicaciones-por-el-tren-de-la-costa-no-cesan\/\">Continua llegint&#8230;<span class=\"screen-reader-text\"> from La reivindicaciones por el tren de la costa no cesan<\/span><\/a><\/p>\n","protected":false},"author":13,"featured_media":1738,"comment_status":"open","ping_status":"closed","sticky":false,"template":"","format":"standard","meta":{"_acf_changed":false,"inline_featured_image":false,"footnotes":""},"categories":[13],"tags":[357,314,356,355,358],"class_list":["post-1735","post","type-post","status-publish","format-standard","has-post-thumbnail","hentry","category-politica","tag-comunicaciones","tag-marina-alta","tag-tren","tag-tren-de-la-costa","tag-trenes","cobertura-marina-alta"],"acf":[],"yoast_head":"<!-- This site is optimized with the Yoast SEO plugin v27.5 - https:\/\/yoast.com\/product\/yoast-seo-wordpress\/ -->\n<title>La reivindicaciones por el tren de la costa no cesan | R\u00e0dio Litoral<\/title>\n<meta name=\"description\" content=\"Representantes de Comprom\u00eds de la Marina Alta y la Safor vuelven a poner el grito en el cielo\" \/>\n<meta name=\"robots\" content=\"index, follow, max-snippet:-1, max-image-preview:large, max-video-preview:-1\" \/>\n<link rel=\"canonical\" href=\"https:\/\/radiolitoral.com\/ca\/2023\/03\/la-reivindicacions-pel-tren-de-la-costa-no-cessen\/\" \/>\n<meta property=\"og:locale\" content=\"ca_ES\" \/>\n<meta property=\"og:type\" content=\"article\" \/>\n<meta property=\"og:title\" content=\"La reivindicaciones por el tren de la costa no cesan | R\u00e0dio Litoral\" \/>\n<meta property=\"og:description\" content=\"Representantes de Comprom\u00eds de la Marina Alta y la Safor vuelven a poner el grito en el cielo\" \/>\n<meta property=\"og:url\" content=\"https:\/\/radiolitoral.com\/ca\/2023\/03\/la-reivindicacions-pel-tren-de-la-costa-no-cessen\/\" \/>\n<meta property=\"og:site_name\" content=\"R\u00e0dio Litoral\" \/>\n<meta property=\"article:publisher\" content=\"https:\/\/www.facebook.com\/Laradiolitoral\/\" \/>\n<meta property=\"article:published_time\" content=\"2023-03-28T13:47:22+00:00\" \/>\n<meta property=\"article:modified_time\" content=\"2023-03-28T13:49:34+00:00\" \/>\n<meta property=\"og:image\" content=\"https:\/\/media.radiolitoral.com\/wp-content\/uploads\/2023\/03\/28154219\/mulet.jpg\" \/>\n\t<meta property=\"og:image:width\" content=\"921\" \/>\n\t<meta property=\"og:image:height\" content=\"1134\" \/>\n\t<meta property=\"og:image:type\" content=\"image\/jpeg\" \/>\n<meta name=\"author\" content=\"Redacci\u00f3n\" \/>\n<meta name=\"twitter:card\" content=\"summary_large_image\" \/>\n<meta name=\"twitter:label1\" content=\"Escrit per\" \/>\n\t<meta name=\"twitter:data1\" content=\"Redacci\u00f3n\" \/>\n\t<meta name=\"twitter:label2\" content=\"Temps estimat de lectura\" \/>\n\t<meta name=\"twitter:data2\" content=\"1 minut\" \/>\n<script type=\"application\/ld+json\" class=\"yoast-schema-graph\">{\"@context\":\"https:\\\/\\\/schema.org\",\"@graph\":[{\"@type\":\"NewsArticle\",\"@id\":\"https:\\\/\\\/radiolitoral.com\\\/2023\\\/03\\\/la-reivindicaciones-por-el-tren-de-la-costa-no-cesan\\\/#article\",\"isPartOf\":{\"@id\":\"https:\\\/\\\/radiolitoral.com\\\/2023\\\/03\\\/la-reivindicaciones-por-el-tren-de-la-costa-no-cesan\\\/\"},\"author\":{\"name\":\"Redacci\u00f3n\",\"@id\":\"https:\\\/\\\/radiolitoral.com\\\/#\\\/schema\\\/person\\\/f2b2343c49b5d721857cc1002bfdb151\"},\"headline\":\"La reivindicaciones por el tren de la costa no cesan\",\"datePublished\":\"2023-03-28T13:47:22+00:00\",\"dateModified\":\"2023-03-28T13:49:34+00:00\",\"mainEntityOfPage\":{\"@id\":\"https:\\\/\\\/radiolitoral.com\\\/2023\\\/03\\\/la-reivindicaciones-por-el-tren-de-la-costa-no-cesan\\\/\"},\"wordCount\":173,\"commentCount\":0,\"publisher\":{\"@id\":\"https:\\\/\\\/radiolitoral.com\\\/#organization\"},\"image\":{\"@id\":\"https:\\\/\\\/radiolitoral.com\\\/2023\\\/03\\\/la-reivindicaciones-por-el-tren-de-la-costa-no-cesan\\\/#primaryimage\"},\"thumbnailUrl\":\"https:\\\/\\\/media.radiolitoral.com\\\/wp-content\\\/uploads\\\/2023\\\/03\\\/28154219\\\/mulet.jpg\",\"keywords\":[\"comunicaciones\",\"Marina Alta\",\"tren\",\"tren de la costa\",\"trenes\"],\"articleSection\":[\"Pol\u00edtica\"],\"inLanguage\":\"ca\",\"potentialAction\":[{\"@type\":\"CommentAction\",\"name\":\"Comment\",\"target\":[\"https:\\\/\\\/radiolitoral.com\\\/2023\\\/03\\\/la-reivindicaciones-por-el-tren-de-la-costa-no-cesan\\\/#respond\"]}]},{\"@type\":[\"WebPage\",\"ItemPage\"],\"@id\":\"https:\\\/\\\/radiolitoral.com\\\/2023\\\/03\\\/la-reivindicaciones-por-el-tren-de-la-costa-no-cesan\\\/\",\"url\":\"https:\\\/\\\/radiolitoral.com\\\/2023\\\/03\\\/la-reivindicaciones-por-el-tren-de-la-costa-no-cesan\\\/\",\"name\":\"La reivindicaciones por el tren de la costa no cesan | R\u00e0dio Litoral\",\"isPartOf\":{\"@id\":\"https:\\\/\\\/radiolitoral.com\\\/#website\"},\"primaryImageOfPage\":{\"@id\":\"https:\\\/\\\/radiolitoral.com\\\/2023\\\/03\\\/la-reivindicaciones-por-el-tren-de-la-costa-no-cesan\\\/#primaryimage\"},\"image\":{\"@id\":\"https:\\\/\\\/radiolitoral.com\\\/2023\\\/03\\\/la-reivindicaciones-por-el-tren-de-la-costa-no-cesan\\\/#primaryimage\"},\"thumbnailUrl\":\"https:\\\/\\\/media.radiolitoral.com\\\/wp-content\\\/uploads\\\/2023\\\/03\\\/28154219\\\/mulet.jpg\",\"datePublished\":\"2023-03-28T13:47:22+00:00\",\"dateModified\":\"2023-03-28T13:49:34+00:00\",\"description\":\"Representantes de Comprom\u00eds de la Marina Alta y la Safor vuelven a poner el grito en el cielo\",\"breadcrumb\":{\"@id\":\"https:\\\/\\\/radiolitoral.com\\\/2023\\\/03\\\/la-reivindicaciones-por-el-tren-de-la-costa-no-cesan\\\/#breadcrumb\"},\"inLanguage\":\"ca\",\"potentialAction\":[{\"@type\":\"ReadAction\",\"target\":[\"https:\\\/\\\/radiolitoral.com\\\/2023\\\/03\\\/la-reivindicaciones-por-el-tren-de-la-costa-no-cesan\\\/\"]}]},{\"@type\":\"ImageObject\",\"inLanguage\":\"ca\",\"@id\":\"https:\\\/\\\/radiolitoral.com\\\/2023\\\/03\\\/la-reivindicaciones-por-el-tren-de-la-costa-no-cesan\\\/#primaryimage\",\"url\":\"https:\\\/\\\/media.radiolitoral.com\\\/wp-content\\\/uploads\\\/2023\\\/03\\\/28154219\\\/mulet.jpg\",\"contentUrl\":\"https:\\\/\\\/media.radiolitoral.com\\\/wp-content\\\/uploads\\\/2023\\\/03\\\/28154219\\\/mulet.jpg\",\"width\":921,\"height\":1134},{\"@type\":\"BreadcrumbList\",\"@id\":\"https:\\\/\\\/radiolitoral.com\\\/2023\\\/03\\\/la-reivindicaciones-por-el-tren-de-la-costa-no-cesan\\\/#breadcrumb\",\"itemListElement\":[{\"@type\":\"ListItem\",\"position\":1,\"name\":\"Portada\",\"item\":\"https:\\\/\\\/radiolitoral.com\\\/\"},{\"@type\":\"ListItem\",\"position\":2,\"name\":\"La reivindicaciones por el tren de la costa no cesan\"}]},{\"@type\":\"WebSite\",\"@id\":\"https:\\\/\\\/radiolitoral.com\\\/#website\",\"url\":\"https:\\\/\\\/radiolitoral.com\\\/\",\"name\":\"Radio Litoral\",\"description\":\"La radio local de la Marina Alta\",\"publisher\":{\"@id\":\"https:\\\/\\\/radiolitoral.com\\\/#organization\"},\"alternateName\":\"Litoral FM\",\"potentialAction\":[{\"@type\":\"SearchAction\",\"target\":{\"@type\":\"EntryPoint\",\"urlTemplate\":\"https:\\\/\\\/radiolitoral.com\\\/?s={search_term_string}\"},\"query-input\":{\"@type\":\"PropertyValueSpecification\",\"valueRequired\":true,\"valueName\":\"search_term_string\"}}],\"inLanguage\":\"ca\"},{\"@type\":\"Organization\",\"@id\":\"https:\\\/\\\/radiolitoral.com\\\/#organization\",\"name\":\"Radio Litoral\",\"url\":\"https:\\\/\\\/radiolitoral.com\\\/\",\"logo\":{\"@type\":\"ImageObject\",\"inLanguage\":\"ca\",\"@id\":\"https:\\\/\\\/radiolitoral.com\\\/#\\\/schema\\\/logo\\\/image\\\/\",\"url\":\"https:\\\/\\\/media.radiolitoral.com\\\/wp-content\\\/uploads\\\/2023\\\/02\\\/24143238\\\/CL-V-RadioLitoral696.png\",\"contentUrl\":\"https:\\\/\\\/media.radiolitoral.com\\\/wp-content\\\/uploads\\\/2023\\\/02\\\/24143238\\\/CL-V-RadioLitoral696.png\",\"width\":696,\"height\":696,\"caption\":\"Radio Litoral\"},\"image\":{\"@id\":\"https:\\\/\\\/radiolitoral.com\\\/#\\\/schema\\\/logo\\\/image\\\/\"},\"sameAs\":[\"https:\\\/\\\/www.facebook.com\\\/Laradiolitoral\\\/\"]},{\"@type\":\"Person\",\"@id\":\"https:\\\/\\\/radiolitoral.com\\\/#\\\/schema\\\/person\\\/f2b2343c49b5d721857cc1002bfdb151\",\"name\":\"Redacci\u00f3n\",\"image\":{\"@type\":\"ImageObject\",\"inLanguage\":\"ca\",\"@id\":\"https:\\\/\\\/secure.gravatar.com\\\/avatar\\\/f771d896c203ad8b3382d7905cfcce5a5c9b008b84b3cd9114e9b9f4cb63f789?s=96&d=mm&r=g\",\"url\":\"https:\\\/\\\/secure.gravatar.com\\\/avatar\\\/f771d896c203ad8b3382d7905cfcce5a5c9b008b84b3cd9114e9b9f4cb63f789?s=96&d=mm&r=g\",\"contentUrl\":\"https:\\\/\\\/secure.gravatar.com\\\/avatar\\\/f771d896c203ad8b3382d7905cfcce5a5c9b008b84b3cd9114e9b9f4cb63f789?s=96&d=mm&r=g\",\"caption\":\"Redacci\u00f3n\"},\"url\":\"https:\\\/\\\/radiolitoral.com\\\/ca\\\/author\\\/miriam-pagan\\\/\"}]}<\/script>\n<!-- \/ Yoast SEO plugin. -->","yoast_head_json":{"title":"Les reivindicacions pel tren de la costa no cessen | R\u00e0dio Litoral","description":"Representants de Comprom\u00eds de la Marina Alta i la Safor tornen a posar el crit al cel","robots":{"index":"index","follow":"follow","max-snippet":"max-snippet:-1","max-image-preview":"max-image-preview:large","max-video-preview":"max-video-preview:-1"},"canonical":"https:\/\/radiolitoral.com\/ca\/2023\/03\/la-reivindicacions-pel-tren-de-la-costa-no-cessen\/","og_locale":"ca_ES","og_type":"article","og_title":"La reivindicaciones por el tren de la costa no cesan | R\u00e0dio Litoral","og_description":"Representantes de Comprom\u00eds de la Marina Alta y la Safor vuelven a poner el grito en el cielo","og_url":"https:\/\/radiolitoral.com\/ca\/2023\/03\/la-reivindicacions-pel-tren-de-la-costa-no-cessen\/","og_site_name":"R\u00e0dio Litoral","article_publisher":"https:\/\/www.facebook.com\/Laradiolitoral\/","article_published_time":"2023-03-28T13:47:22+00:00","article_modified_time":"2023-03-28T13:49:34+00:00","og_image":[{"width":921,"height":1134,"url":"https:\/\/media.radiolitoral.com\/wp-content\/uploads\/2023\/03\/28154219\/mulet.jpg","type":"image\/jpeg"}],"author":"Redacci\u00f3n","twitter_card":"summary_large_image","twitter_misc":{"Escrit per":"Redacci\u00f3n","Temps estimat de lectura":"1 minut"},"schema":{"@context":"https:\/\/schema.org","@graph":[{"@type":"NewsArticle","@id":"https:\/\/radiolitoral.com\/2023\/03\/la-reivindicaciones-por-el-tren-de-la-costa-no-cesan\/#article","isPartOf":{"@id":"https:\/\/radiolitoral.com\/2023\/03\/la-reivindicaciones-por-el-tren-de-la-costa-no-cesan\/"},"author":{"name":"Redacci\u00f3n","@id":"https:\/\/radiolitoral.com\/#\/schema\/person\/f2b2343c49b5d721857cc1002bfdb151"},"headline":"La reivindicaciones por el tren de la costa no cesan","datePublished":"2023-03-28T13:47:22+00:00","dateModified":"2023-03-28T13:49:34+00:00","mainEntityOfPage":{"@id":"https:\/\/radiolitoral.com\/2023\/03\/la-reivindicaciones-por-el-tren-de-la-costa-no-cesan\/"},"wordCount":173,"commentCount":0,"publisher":{"@id":"https:\/\/radiolitoral.com\/#organization"},"image":{"@id":"https:\/\/radiolitoral.com\/2023\/03\/la-reivindicaciones-por-el-tren-de-la-costa-no-cesan\/#primaryimage"},"thumbnailUrl":"https:\/\/media.radiolitoral.com\/wp-content\/uploads\/2023\/03\/28154219\/mulet.jpg","keywords":["comunicaciones","Marina Alta","tren","tren de la costa","trenes"],"articleSection":["Pol\u00edtica"],"inLanguage":"ca","potentialAction":[{"@type":"CommentAction","name":"Comment","target":["https:\/\/radiolitoral.com\/2023\/03\/la-reivindicaciones-por-el-tren-de-la-costa-no-cesan\/#respond"]}]},{"@type":["WebPage","ItemPage"],"@id":"https:\/\/radiolitoral.com\/2023\/03\/la-reivindicaciones-por-el-tren-de-la-costa-no-cesan\/","url":"https:\/\/radiolitoral.com\/2023\/03\/la-reivindicaciones-por-el-tren-de-la-costa-no-cesan\/","name":"Les reivindicacions pel tren de la costa no cessen | R\u00e0dio Litoral","isPartOf":{"@id":"https:\/\/radiolitoral.com\/#website"},"primaryImageOfPage":{"@id":"https:\/\/radiolitoral.com\/2023\/03\/la-reivindicaciones-por-el-tren-de-la-costa-no-cesan\/#primaryimage"},"image":{"@id":"https:\/\/radiolitoral.com\/2023\/03\/la-reivindicaciones-por-el-tren-de-la-costa-no-cesan\/#primaryimage"},"thumbnailUrl":"https:\/\/media.radiolitoral.com\/wp-content\/uploads\/2023\/03\/28154219\/mulet.jpg","datePublished":"2023-03-28T13:47:22+00:00","dateModified":"2023-03-28T13:49:34+00:00","description":"Representants de Comprom\u00eds de la Marina Alta i la Safor tornen a posar el crit al cel","breadcrumb":{"@id":"https:\/\/radiolitoral.com\/2023\/03\/la-reivindicaciones-por-el-tren-de-la-costa-no-cesan\/#breadcrumb"},"inLanguage":"ca","potentialAction":[{"@type":"ReadAction","target":["https:\/\/radiolitoral.com\/2023\/03\/la-reivindicaciones-por-el-tren-de-la-costa-no-cesan\/"]}]},{"@type":"ImageObject","inLanguage":"ca","@id":"https:\/\/radiolitoral.com\/2023\/03\/la-reivindicaciones-por-el-tren-de-la-costa-no-cesan\/#primaryimage","url":"https:\/\/media.radiolitoral.com\/wp-content\/uploads\/2023\/03\/28154219\/mulet.jpg","contentUrl":"https:\/\/media.radiolitoral.com\/wp-content\/uploads\/2023\/03\/28154219\/mulet.jpg","width":921,"height":1134},{"@type":"BreadcrumbList","@id":"https:\/\/radiolitoral.com\/2023\/03\/la-reivindicaciones-por-el-tren-de-la-costa-no-cesan\/#breadcrumb","itemListElement":[{"@type":"ListItem","position":1,"name":"Portada","item":"https:\/\/radiolitoral.com\/"},{"@type":"ListItem","position":2,"name":"La reivindicaciones por el tren de la costa no cesan"}]},{"@type":"WebSite","@id":"https:\/\/radiolitoral.com\/#website","url":"https:\/\/radiolitoral.com\/","name":"R\u00e0dio Litoral","description":"La r\u00e0dio local de la Marina Alta","publisher":{"@id":"https:\/\/radiolitoral.com\/#organization"},"alternateName":"Litoral FM","potentialAction":[{"@type":"SearchAction","target":{"@type":"EntryPoint","urlTemplate":"https:\/\/radiolitoral.com\/?s={search_term_string}"},"query-input":{"@type":"PropertyValueSpecification","valueRequired":true,"valueName":"search_term_string"}}],"inLanguage":"ca"},{"@type":"Organization","@id":"https:\/\/radiolitoral.com\/#organization","name":"R\u00e0dio Litoral","url":"https:\/\/radiolitoral.com\/","logo":{"@type":"ImageObject","inLanguage":"ca","@id":"https:\/\/radiolitoral.com\/#\/schema\/logo\/image\/","url":"https:\/\/media.radiolitoral.com\/wp-content\/uploads\/2023\/02\/24143238\/CL-V-RadioLitoral696.png","contentUrl":"https:\/\/media.radiolitoral.com\/wp-content\/uploads\/2023\/02\/24143238\/CL-V-RadioLitoral696.png","width":696,"height":696,"caption":"Radio Litoral"},"image":{"@id":"https:\/\/radiolitoral.com\/#\/schema\/logo\/image\/"},"sameAs":["https:\/\/www.facebook.com\/Laradiolitoral\/"]},{"@type":"Person","@id":"https:\/\/radiolitoral.com\/#\/schema\/person\/f2b2343c49b5d721857cc1002bfdb151","name":"Redacci\u00f3","image":{"@type":"ImageObject","inLanguage":"ca","@id":"https:\/\/secure.gravatar.com\/avatar\/f771d896c203ad8b3382d7905cfcce5a5c9b008b84b3cd9114e9b9f4cb63f789?s=96&d=mm&r=g","url":"https:\/\/secure.gravatar.com\/avatar\/f771d896c203ad8b3382d7905cfcce5a5c9b008b84b3cd9114e9b9f4cb63f789?s=96&d=mm&r=g","contentUrl":"https:\/\/secure.gravatar.com\/avatar\/f771d896c203ad8b3382d7905cfcce5a5c9b008b84b3cd9114e9b9f4cb63f789?s=96&d=mm&r=g","caption":"Redacci\u00f3n"},"url":"https:\/\/radiolitoral.com\/ca\/author\/miriam-pagan\/"}]}},"_links":{"self":[{"href":"https:\/\/radiolitoral.com\/ca\/wp-json\/wp\/v2\/posts\/1735","targetHints":{"allow":["GET"]}}],"collection":[{"href":"https:\/\/radiolitoral.com\/ca\/wp-json\/wp\/v2\/posts"}],"about":[{"href":"https:\/\/radiolitoral.com\/ca\/wp-json\/wp\/v2\/types\/post"}],"author":[{"embeddable":true,"href":"https:\/\/radiolitoral.com\/ca\/wp-json\/wp\/v2\/users\/13"}],"replies":[{"embeddable":true,"href":"https:\/\/radiolitoral.com\/ca\/wp-json\/wp\/v2\/comments?post=1735"}],"version-history":[{"count":1,"href":"https:\/\/radiolitoral.com\/ca\/wp-json\/wp\/v2\/posts\/1735\/revisions"}],"predecessor-version":[{"id":1739,"href":"https:\/\/radiolitoral.com\/ca\/wp-json\/wp\/v2\/posts\/1735\/revisions\/1739"}],"wp:featuredmedia":[{"embeddable":true,"href":"https:\/\/radiolitoral.com\/ca\/wp-json\/wp\/v2\/media\/1738"}],"wp:attachment":[{"href":"https:\/\/radiolitoral.com\/ca\/wp-json\/wp\/v2\/media?parent=1735"}],"wp:term":[{"taxonomy":"category","embeddable":true,"href":"https:\/\/radiolitoral.com\/ca\/wp-json\/wp\/v2\/categories?post=1735"},{"taxonomy":"post_tag","embeddable":true,"href":"https:\/\/radiolitoral.com\/ca\/wp-json\/wp\/v2\/tags?post=1735"}],"curies":[{"name":"wp","href":"https:\/\/api.w.org\/{rel}","templated":true}]}}