{"id":17349,"date":"2025-06-25T08:45:33","date_gmt":"2025-06-25T06:45:33","guid":{"rendered":"https:\/\/radiolitoral.com\/?p=17349"},"modified":"2025-06-25T08:54:49","modified_gmt":"2025-06-25T06:54:49","slug":"tot-llest-per-a-les-festes-de-la-font-santa-2025-a-teulada-moraira","status":"publish","type":"post","link":"https:\/\/radiolitoral.com\/ca\/2025\/06\/todo-listo-para-las-fiestas-de-la-font-santa-2025-en-teulada-moraira\/","title":{"rendered":"Tot llest per a les Festes de la Font Santa 2025 a Teulada Moraira"},"content":{"rendered":"<p data-start=\"287\" data-end=\"742\">Del\u00a0<strong>27 de juny al 2 de juliol<\/strong>,\u00a0<strong>Teulada Moraira<\/strong>\u00a0viur\u00e0 amb gran expectaci\u00f3 les\u00a0<strong data-start=\"366\" data-end=\"399\">Festes de la Font Santa 2025<\/strong>, un esdeveniment que any rere any reuneix locals i visitants al voltant d&#039;una programaci\u00f3 que combina all\u00f2 religi\u00f3s, cultural i festiu Les festivitats estaran dedicades al patr\u00f3 del municipi,\u00a0<strong data-start=\"610\" data-end=\"632\">Sant Vicent Ferrer<\/strong>, i organitzades pels\u00a0<strong data-start=\"656\" data-end=\"672\">Cinquens 2025<\/strong>, els qui compten amb la col\u00b7laboraci\u00f3 del\u00a0<strong data-start=\"714\" data-end=\"741\">Ajuntament de Teulada<\/strong>.<\/p>\n<p data-start=\"287\" data-end=\"742\">La\u00a0<strong data-start=\"832\" data-end=\"884\">regidora de Festes de l&#039;Ajuntament de Teulada<\/strong>,\u00a0<strong data-start=\"886\" data-end=\"905\">Rosana Caselles<\/strong>, ha destacat l&#039;esfor\u00e7 i la dedicaci\u00f3 dels joves que, amb la seva implicaci\u00f3, fan possible un any m\u00e9s la celebraci\u00f3. En les seves paraules: \u201cConvidem ve\u00efns, ve\u00efnes i visitants a gaudir d&#039;uns dies de festes que, gr\u00e0cies a l&#039;esfor\u00e7 i la dedicaci\u00f3 dels joves, han fet possible que, un any m\u00e9s, gaudim de les Festes de la Font Santa\u201d.<\/p>\n<p data-start=\"287\" data-end=\"742\"><img loading=\"lazy\" decoding=\"async\" class=\"size-large wp-image-71941 aligncenter\" src=\"https:\/\/media.marinaalta.es\/wp-content\/uploads\/2025\/06\/24091837\/NOTA-DE-PRENSA-Programacion-Fiestas-Font-Santa-2025-1-1-730x1024.jpg\" sizes=\"auto, (max-width: 640px) 100vw, 640px\" srcset=\"https:\/\/media.marinaalta.es\/wp-content\/uploads\/2025\/06\/24091837\/NOTA-DE-PRENSA-Programacion-Fiestas-Font-Santa-2025-1-1-730x1024.jpg 730w, https:\/\/media.marinaalta.es\/wp-content\/uploads\/2025\/06\/24091837\/NOTA-DE-PRENSA-Programacion-Fiestas-Font-Santa-2025-1-1-214x300.jpg 214w, https:\/\/media.marinaalta.es\/wp-content\/uploads\/2025\/06\/24091837\/NOTA-DE-PRENSA-Programacion-Fiestas-Font-Santa-2025-1-1-768x1077.jpg 768w, https:\/\/media.marinaalta.es\/wp-content\/uploads\/2025\/06\/24091837\/NOTA-DE-PRENSA-Programacion-Fiestas-Font-Santa-2025-1-1-1095x1536.jpg 1095w, https:\/\/media.marinaalta.es\/wp-content\/uploads\/2025\/06\/24091837\/NOTA-DE-PRENSA-Programacion-Fiestas-Font-Santa-2025-1-1-349x490.jpg 349w, https:\/\/media.marinaalta.es\/wp-content\/uploads\/2025\/06\/24091837\/NOTA-DE-PRENSA-Programacion-Fiestas-Font-Santa-2025-1-1.jpg 1426w\" alt=\"\" width=\"640\" height=\"898\" \/><\/p>\n<h2 data-start=\"216\" data-end=\"270\">Programaci\u00f3 de les Festes de la Font Santa 2025<\/h2>\n<h4 data-start=\"272\" data-end=\"301\"><strong data-start=\"277\" data-end=\"299\">Dijous 26 de juny<\/strong><\/h4>\n<ul>\n<li data-start=\"304\" data-end=\"517\"><strong data-start=\"304\" data-end=\"315\">22:30 h<\/strong>\u00a0\u2013 Recital de poesia vicentina (675 aniversari del naixement de Sant Vicent Ferrer)<br data-start=\"399\" data-end=\"402\" \/><em data-start=\"404\" data-end=\"416\">Ubicaci\u00f3:<\/em>\u00a0Ermita de la Font Santa<br data-start=\"440\" data-end=\"443\" \/><em data-start=\"445\" data-end=\"456\">Organitza:<\/em>\u00a0Associaci\u00f3 Sis\u00e8 Centenari de Sant Vicent Ferrer de Teulada<\/li>\n<\/ul>\n<h4 data-start=\"519\" data-end=\"549\"><strong data-start=\"524\" data-end=\"547\">Divendres 27 de juny<\/strong><\/h4>\n<ul>\n<li data-start=\"552\" data-end=\"638\"><strong data-start=\"552\" data-end=\"563\">13:00 h<\/strong>\u00a0\u2013 Volteig de campanes i entrada de la murta (carregada de m\u00fasica i alegria)<\/li>\n<li data-start=\"641\" data-end=\"837\"><strong data-start=\"641\" data-end=\"652\">21:00 h<\/strong>\u00a0\u2013 Presentaci\u00f3 dels Cinquens de la Font Santa 2025 (nascuts el 2007)<br data-start=\"722\" data-end=\"725\" \/>A continuaci\u00f3, sopar popular (amb servei de bar a c\u00e0rrec de la Comissi\u00f3 de Festes Sant Vicent Ferrer 2026)<\/li>\n<li data-start=\"840\" data-end=\"909\"><strong data-start=\"840\" data-end=\"851\">00:00 h<\/strong>\u00a0\u2013 Gran actuaci\u00f3 de la macro discom\u00f2bil Kampal Donde Tour<\/li>\n<\/ul>\n<h4 data-start=\"911\" data-end=\"940\"><strong data-start=\"916\" data-end=\"938\">Dissabte 28 de juny<\/strong><\/h4>\n<ul>\n<li data-start=\"943\" data-end=\"1055\"><strong data-start=\"943\" data-end=\"954\">13:00 h<\/strong>\u00a0\u2013 Degustaci\u00f3 de cerveses Mahou i Estrella Galicia (gentilesa de Jos\u00e9 Luis Blasco SL i Sevisal SL)<\/li>\n<li data-start=\"1058\" data-end=\"1217\"><strong data-start=\"1058\" data-end=\"1069\">14:00 h<\/strong>\u00a0\u2013 Menjar de Penyes i Cinquens La Manta ai Coll i al Cabasset (porta el que vulguis per compartir, cervesa i cacauets a c\u00e0rrec de l&#039;organitzaci\u00f3)<\/li>\n<li data-start=\"1220\" data-end=\"1328\"><strong data-start=\"1220\" data-end=\"1231\">21:00 h<\/strong>\u00a0\u2013 Sopar popular (amb servei de bar a c\u00e0rrec de la Comissi\u00f3 de Festes Sant Vicent Ferrer 2026)<\/li>\n<li data-start=\"1331\" data-end=\"1380\"><strong data-start=\"1331\" data-end=\"1342\">00:00 h<\/strong>\u00a0\u2013 Actuaci\u00f3 de l&#039;Orquestra T\u00f2quio Band<\/li>\n<\/ul>\n<h4 data-start=\"1382\" data-end=\"1412\"><strong data-start=\"1387\" data-end=\"1410\">Diumenge 29 de juny<\/strong><\/h4>\n<ul>\n<li data-start=\"1415\" data-end=\"1471\"><strong data-start=\"1415\" data-end=\"1426\">19:00 h<\/strong>\u00a0\u2013 Santa Missa en honor a Sant Vicen\u00e7 Ferrer<\/li>\n<li data-start=\"1474\" data-end=\"1588\">A continuaci\u00f3,\u00a0<strong data-start=\"1490\" data-end=\"1528\">Grup de Danses Font Santa Teulada<\/strong>\u00a0realitzar\u00e0 una mostra de danses tradicionals valencianes<\/li>\n<li data-start=\"1591\" data-end=\"1667\">Presentaci\u00f3 dels nous Cinquens de la Font Santa 2026 (nascuts el 2008)<\/li>\n<li data-start=\"1670\" data-end=\"1718\"><strong data-start=\"1670\" data-end=\"1690\">Repartiment de coques<\/strong>\u00a0per a tots els assistents<\/li>\n<li data-start=\"1721\" data-end=\"1829\"><strong data-start=\"1721\" data-end=\"1732\">21:30 h<\/strong>\u00a0\u2013 Sopar popular (amb servei de bar a c\u00e0rrec de la Comissi\u00f3 de Festes Sant Vicent Ferrer 2026)<\/li>\n<li data-start=\"1832\" data-end=\"1884\"><strong data-start=\"1832\" data-end=\"1843\">00:00 h<\/strong>\u00a0\u2013 Discom\u00f2bil DJ Joan L\u00f3pez i DJ Castells<\/li>\n<\/ul>\n<h4 data-start=\"1886\" data-end=\"1914\"><strong data-start=\"1891\" data-end=\"1912\">Dilluns 30 de juny<\/strong><\/h4>\n<ul>\n<li data-start=\"1917\" data-end=\"1952\"><strong data-start=\"1917\" data-end=\"1927\">8:00 h<\/strong>\u00a0\u2013 Muntatge de cadafals<\/li>\n<li data-start=\"1955\" data-end=\"2024\"><strong data-start=\"1955\" data-end=\"1966\">19:00 h<\/strong>\u00a0\u2013 Solta de vaques i dos bous de la ramaderia Els Coves<\/li>\n<li data-start=\"2027\" data-end=\"2135\"><strong data-start=\"2027\" data-end=\"2038\">21:30 h<\/strong>\u00a0\u2013 Sopar popular (amb servei de bar a c\u00e0rrec de la Comissi\u00f3 de Festes Sant Vicent Ferrer 2026)<\/li>\n<li data-start=\"2138\" data-end=\"2205\"><strong data-start=\"2138\" data-end=\"2149\">23:00 h<\/strong>\u00a0\u2013 Solta de vaques i un bou de la ramaderia Els Coves<\/li>\n<li data-start=\"2208\" data-end=\"2270\"><strong data-start=\"2208\" data-end=\"2219\">00:30 h<\/strong>\u00a0\u2013 Bou embolat (Embolar\u00e0 El Tren\u00e7at de Teulada)<\/li>\n<\/ul>\n<h4 data-start=\"2272\" data-end=\"2300\"><strong data-start=\"2277\" data-end=\"2298\">Dimarts 1 de juliol<\/strong><\/h4>\n<ul>\n<li data-start=\"2303\" data-end=\"2372\"><strong data-start=\"2303\" data-end=\"2314\">19:00 h<\/strong>\u00a0\u2013 Solta de vaques i dos bous de la ramaderia Els Coves<\/li>\n<li data-start=\"2375\" data-end=\"2483\"><strong data-start=\"2375\" data-end=\"2386\">21:00 h<\/strong>\u00a0\u2013 Sopar popular (amb servei de bar a c\u00e0rrec de la Comissi\u00f3 de Festes Sant Vicent Ferrer 2026)<\/li>\n<li data-start=\"2486\" data-end=\"2553\"><strong data-start=\"2486\" data-end=\"2497\">23:00 h<\/strong>\u00a0\u2013 Solta de vaques i un bou de la ramaderia Els Coves<\/li>\n<li data-start=\"2556\" data-end=\"2615\"><strong data-start=\"2556\" data-end=\"2567\">00:30 h<\/strong>\u00a0\u2013 Bou embolat (Embolar\u00e0 Tren\u00e7at de Teulada)<\/li>\n<\/ul>\n<h4 data-start=\"2617\" data-end=\"2648\"><strong data-start=\"2622\" data-end=\"2646\">Dimecres 2 de juliol<\/strong><\/h4>\n<ul>\n<li data-start=\"2651\" data-end=\"2720\"><strong data-start=\"2651\" data-end=\"2662\">19:00 h<\/strong>\u00a0\u2013 Solta de vaques i dos bous de la ramaderia Els Coves<\/li>\n<li data-start=\"2723\" data-end=\"2831\"><strong data-start=\"2723\" data-end=\"2734\">21:00 h<\/strong>\u00a0\u2013 Sopar popular (amb servei de bar a c\u00e0rrec de la Comissi\u00f3 de Festes Sant Vicent Ferrer 2026)<\/li>\n<li data-start=\"2834\" data-end=\"2901\"><strong data-start=\"2834\" data-end=\"2845\">23:00 h<\/strong>\u00a0\u2013 Solta de vaques i un bou de la ramaderia Els Coves<\/li>\n<li data-start=\"2904\" data-end=\"2965\"><strong data-start=\"2904\" data-end=\"2915\">00:30 h<\/strong>\u00a0\u2013 Bou embolat (Embolar\u00e0 Tren\u00e7at de Teulada)<\/li>\n<li data-start=\"2968\" data-end=\"3064\"><strong data-start=\"2968\" data-end=\"3020\">Finalitzaci\u00f3 amb castell de focs artificials<\/strong>\u00a0organitzat pels Quintos Font Santa 2025.<\/li>\n<\/ul>","protected":false},"excerpt":{"rendered":"<p>Del\u00a027 de junio al 2 de julio,\u00a0Teulada Moraira\u00a0vivir\u00e1 con gran expectaci\u00f3n las\u00a0Fiestas de la Font Santa 2025, un evento que a\u00f1o tras a\u00f1o re\u00fane a locales y visitantes alrededor de una programaci\u00f3n que combina lo religioso, cultural y festivo. Las festividades estar\u00e1n dedicadas al patr\u00f3n del municipio,\u00a0Sant Vicent Ferrer, y organizadas por los\u00a0Quintos 2025, quienes [&#8230;]<\/p>\n<p><a class=\"btn btn-secondary understrap-read-more-link\" href=\"https:\/\/radiolitoral.com\/ca\/2025\/06\/todo-listo-para-las-fiestas-de-la-font-santa-2025-en-teulada-moraira\/\">Continua llegint&#8230;<span class=\"screen-reader-text\"> from Todo listo para las Fiestas de la Font Santa 2025 en Teulada Moraira<\/span><\/a><\/p>\n","protected":false},"author":14,"featured_media":17351,"comment_status":"open","ping_status":"closed","sticky":false,"template":"","format":"standard","meta":{"_acf_changed":false,"inline_featured_image":false,"footnotes":""},"categories":[276],"tags":[4561,800,4386,195],"class_list":["post-17349","post","type-post","status-publish","format-standard","has-post-thumbnail","hentry","category-fiestas","tag-festes-font-santa","tag-fiestas-font-santa","tag-font-santa","tag-teulada-moraira","cobertura-teulada-moraira"],"acf":[],"yoast_head":"<!-- This site is optimized with the Yoast SEO plugin v27.5 - https:\/\/yoast.com\/product\/yoast-seo-wordpress\/ -->\n<title>Todo listo para las Fiestas de la Font Santa 2025 en Teulada Moraira | R\u00e0dio Litoral<\/title>\n<meta name=\"description\" content=\"Del 27 de junio al 2 de julio, se podr\u00e1 disfrutar de una variada programaci\u00f3n cultural y festiva\" \/>\n<meta name=\"robots\" content=\"index, follow, max-snippet:-1, max-image-preview:large, max-video-preview:-1\" \/>\n<link rel=\"canonical\" href=\"https:\/\/radiolitoral.com\/ca\/2025\/06\/tot-llest-per-a-les-festes-de-la-font-santa-2025-a-teulada-moraira\/\" \/>\n<meta property=\"og:locale\" content=\"ca_ES\" \/>\n<meta property=\"og:type\" content=\"article\" \/>\n<meta property=\"og:title\" content=\"Todo listo para las Fiestas de la Font Santa 2025 en Teulada Moraira | R\u00e0dio Litoral\" \/>\n<meta property=\"og:description\" content=\"Del 27 de junio al 2 de julio, se podr\u00e1 disfrutar de una variada programaci\u00f3n cultural y festiva\" \/>\n<meta property=\"og:url\" content=\"https:\/\/radiolitoral.com\/ca\/2025\/06\/tot-llest-per-a-les-festes-de-la-font-santa-2025-a-teulada-moraira\/\" \/>\n<meta property=\"og:site_name\" content=\"R\u00e0dio Litoral\" \/>\n<meta property=\"article:publisher\" content=\"https:\/\/www.facebook.com\/Laradiolitoral\/\" \/>\n<meta property=\"article:published_time\" content=\"2025-06-25T06:45:33+00:00\" \/>\n<meta property=\"article:modified_time\" content=\"2025-06-25T06:54:49+00:00\" \/>\n<meta property=\"og:image\" content=\"https:\/\/media.radiolitoral.com\/wp-content\/uploads\/2025\/06\/25085349\/466360980_9499067533442251_796669395948910915_n.jpg\" \/>\n\t<meta property=\"og:image:width\" content=\"2048\" \/>\n\t<meta property=\"og:image:height\" content=\"1365\" \/>\n\t<meta property=\"og:image:type\" content=\"image\/jpeg\" \/>\n<meta name=\"author\" content=\"Redacci\u00f3n\" \/>\n<meta name=\"twitter:card\" content=\"summary_large_image\" \/>\n<meta name=\"twitter:label1\" content=\"Escrit per\" \/>\n\t<meta name=\"twitter:data1\" content=\"Redacci\u00f3n\" \/>\n\t<meta name=\"twitter:label2\" content=\"Temps estimat de lectura\" \/>\n\t<meta name=\"twitter:data2\" content=\"4 minuts\" \/>\n<script type=\"application\/ld+json\" class=\"yoast-schema-graph\">{\"@context\":\"https:\\\/\\\/schema.org\",\"@graph\":[{\"@type\":\"NewsArticle\",\"@id\":\"https:\\\/\\\/radiolitoral.com\\\/2025\\\/06\\\/todo-listo-para-las-fiestas-de-la-font-santa-2025-en-teulada-moraira\\\/#article\",\"isPartOf\":{\"@id\":\"https:\\\/\\\/radiolitoral.com\\\/2025\\\/06\\\/todo-listo-para-las-fiestas-de-la-font-santa-2025-en-teulada-moraira\\\/\"},\"author\":{\"name\":\"Redacci\u00f3n\",\"@id\":\"https:\\\/\\\/radiolitoral.com\\\/#\\\/schema\\\/person\\\/96b739642eb3bedb532aac3812d23307\"},\"headline\":\"Todo listo para las Fiestas de la Font Santa 2025 en Teulada Moraira\",\"datePublished\":\"2025-06-25T06:45:33+00:00\",\"dateModified\":\"2025-06-25T06:54:49+00:00\",\"mainEntityOfPage\":{\"@id\":\"https:\\\/\\\/radiolitoral.com\\\/2025\\\/06\\\/todo-listo-para-las-fiestas-de-la-font-santa-2025-en-teulada-moraira\\\/\"},\"wordCount\":609,\"commentCount\":0,\"publisher\":{\"@id\":\"https:\\\/\\\/radiolitoral.com\\\/#organization\"},\"image\":{\"@id\":\"https:\\\/\\\/radiolitoral.com\\\/2025\\\/06\\\/todo-listo-para-las-fiestas-de-la-font-santa-2025-en-teulada-moraira\\\/#primaryimage\"},\"thumbnailUrl\":\"https:\\\/\\\/media.radiolitoral.com\\\/wp-content\\\/uploads\\\/2025\\\/06\\\/25085349\\\/466360980_9499067533442251_796669395948910915_n.jpg\",\"keywords\":[\"Festes Font Santa\",\"Fiestas Font Santa\",\"Font Santa\",\"Teulada-Moraira\"],\"articleSection\":[\"Fiestas\"],\"inLanguage\":\"ca\",\"potentialAction\":[{\"@type\":\"CommentAction\",\"name\":\"Comment\",\"target\":[\"https:\\\/\\\/radiolitoral.com\\\/2025\\\/06\\\/todo-listo-para-las-fiestas-de-la-font-santa-2025-en-teulada-moraira\\\/#respond\"]}]},{\"@type\":[\"WebPage\",\"ItemPage\"],\"@id\":\"https:\\\/\\\/radiolitoral.com\\\/2025\\\/06\\\/todo-listo-para-las-fiestas-de-la-font-santa-2025-en-teulada-moraira\\\/\",\"url\":\"https:\\\/\\\/radiolitoral.com\\\/2025\\\/06\\\/todo-listo-para-las-fiestas-de-la-font-santa-2025-en-teulada-moraira\\\/\",\"name\":\"Todo listo para las Fiestas de la Font Santa 2025 en Teulada Moraira | R\u00e0dio Litoral\",\"isPartOf\":{\"@id\":\"https:\\\/\\\/radiolitoral.com\\\/#website\"},\"primaryImageOfPage\":{\"@id\":\"https:\\\/\\\/radiolitoral.com\\\/2025\\\/06\\\/todo-listo-para-las-fiestas-de-la-font-santa-2025-en-teulada-moraira\\\/#primaryimage\"},\"image\":{\"@id\":\"https:\\\/\\\/radiolitoral.com\\\/2025\\\/06\\\/todo-listo-para-las-fiestas-de-la-font-santa-2025-en-teulada-moraira\\\/#primaryimage\"},\"thumbnailUrl\":\"https:\\\/\\\/media.radiolitoral.com\\\/wp-content\\\/uploads\\\/2025\\\/06\\\/25085349\\\/466360980_9499067533442251_796669395948910915_n.jpg\",\"datePublished\":\"2025-06-25T06:45:33+00:00\",\"dateModified\":\"2025-06-25T06:54:49+00:00\",\"description\":\"Del 27 de junio al 2 de julio, se podr\u00e1 disfrutar de una variada programaci\u00f3n cultural y festiva\",\"breadcrumb\":{\"@id\":\"https:\\\/\\\/radiolitoral.com\\\/2025\\\/06\\\/todo-listo-para-las-fiestas-de-la-font-santa-2025-en-teulada-moraira\\\/#breadcrumb\"},\"inLanguage\":\"ca\",\"potentialAction\":[{\"@type\":\"ReadAction\",\"target\":[\"https:\\\/\\\/radiolitoral.com\\\/2025\\\/06\\\/todo-listo-para-las-fiestas-de-la-font-santa-2025-en-teulada-moraira\\\/\"]}]},{\"@type\":\"ImageObject\",\"inLanguage\":\"ca\",\"@id\":\"https:\\\/\\\/radiolitoral.com\\\/2025\\\/06\\\/todo-listo-para-las-fiestas-de-la-font-santa-2025-en-teulada-moraira\\\/#primaryimage\",\"url\":\"https:\\\/\\\/media.radiolitoral.com\\\/wp-content\\\/uploads\\\/2025\\\/06\\\/25085349\\\/466360980_9499067533442251_796669395948910915_n.jpg\",\"contentUrl\":\"https:\\\/\\\/media.radiolitoral.com\\\/wp-content\\\/uploads\\\/2025\\\/06\\\/25085349\\\/466360980_9499067533442251_796669395948910915_n.jpg\",\"width\":2048,\"height\":1365},{\"@type\":\"BreadcrumbList\",\"@id\":\"https:\\\/\\\/radiolitoral.com\\\/2025\\\/06\\\/todo-listo-para-las-fiestas-de-la-font-santa-2025-en-teulada-moraira\\\/#breadcrumb\",\"itemListElement\":[{\"@type\":\"ListItem\",\"position\":1,\"name\":\"Portada\",\"item\":\"https:\\\/\\\/radiolitoral.com\\\/\"},{\"@type\":\"ListItem\",\"position\":2,\"name\":\"Todo listo para las Fiestas de la Font Santa 2025 en Teulada Moraira\"}]},{\"@type\":\"WebSite\",\"@id\":\"https:\\\/\\\/radiolitoral.com\\\/#website\",\"url\":\"https:\\\/\\\/radiolitoral.com\\\/\",\"name\":\"Radio Litoral\",\"description\":\"La radio local de la Marina Alta\",\"publisher\":{\"@id\":\"https:\\\/\\\/radiolitoral.com\\\/#organization\"},\"alternateName\":\"Litoral FM\",\"potentialAction\":[{\"@type\":\"SearchAction\",\"target\":{\"@type\":\"EntryPoint\",\"urlTemplate\":\"https:\\\/\\\/radiolitoral.com\\\/?s={search_term_string}\"},\"query-input\":{\"@type\":\"PropertyValueSpecification\",\"valueRequired\":true,\"valueName\":\"search_term_string\"}}],\"inLanguage\":\"ca\"},{\"@type\":\"Organization\",\"@id\":\"https:\\\/\\\/radiolitoral.com\\\/#organization\",\"name\":\"Radio Litoral\",\"url\":\"https:\\\/\\\/radiolitoral.com\\\/\",\"logo\":{\"@type\":\"ImageObject\",\"inLanguage\":\"ca\",\"@id\":\"https:\\\/\\\/radiolitoral.com\\\/#\\\/schema\\\/logo\\\/image\\\/\",\"url\":\"https:\\\/\\\/media.radiolitoral.com\\\/wp-content\\\/uploads\\\/2023\\\/02\\\/24143238\\\/CL-V-RadioLitoral696.png\",\"contentUrl\":\"https:\\\/\\\/media.radiolitoral.com\\\/wp-content\\\/uploads\\\/2023\\\/02\\\/24143238\\\/CL-V-RadioLitoral696.png\",\"width\":696,\"height\":696,\"caption\":\"Radio Litoral\"},\"image\":{\"@id\":\"https:\\\/\\\/radiolitoral.com\\\/#\\\/schema\\\/logo\\\/image\\\/\"},\"sameAs\":[\"https:\\\/\\\/www.facebook.com\\\/Laradiolitoral\\\/\"]},{\"@type\":\"Person\",\"@id\":\"https:\\\/\\\/radiolitoral.com\\\/#\\\/schema\\\/person\\\/96b739642eb3bedb532aac3812d23307\",\"name\":\"Redacci\u00f3n\",\"image\":{\"@type\":\"ImageObject\",\"inLanguage\":\"ca\",\"@id\":\"https:\\\/\\\/secure.gravatar.com\\\/avatar\\\/30cd06129ee90411dd9c7cbdcf17464181d1a3c7b072e92070ea75a25cf0097e?s=96&d=mm&r=g\",\"url\":\"https:\\\/\\\/secure.gravatar.com\\\/avatar\\\/30cd06129ee90411dd9c7cbdcf17464181d1a3c7b072e92070ea75a25cf0097e?s=96&d=mm&r=g\",\"contentUrl\":\"https:\\\/\\\/secure.gravatar.com\\\/avatar\\\/30cd06129ee90411dd9c7cbdcf17464181d1a3c7b072e92070ea75a25cf0097e?s=96&d=mm&r=g\",\"caption\":\"Redacci\u00f3n\"},\"url\":\"https:\\\/\\\/radiolitoral.com\\\/ca\\\/author\\\/kevin-carrio\\\/\"}]}<\/script>\n<!-- \/ Yoast SEO plugin. -->","yoast_head_json":{"title":"Tot llest per a les Festes de la Font Santa 2025 a Teulada Moraira | R\u00e0dio Litoral","description":"Del 27 de juny al 2 de juliol, podreu gaudir d&#039;una variada programaci\u00f3 cultural i festiva","robots":{"index":"index","follow":"follow","max-snippet":"max-snippet:-1","max-image-preview":"max-image-preview:large","max-video-preview":"max-video-preview:-1"},"canonical":"https:\/\/radiolitoral.com\/ca\/2025\/06\/tot-llest-per-a-les-festes-de-la-font-santa-2025-a-teulada-moraira\/","og_locale":"ca_ES","og_type":"article","og_title":"Todo listo para las Fiestas de la Font Santa 2025 en Teulada Moraira | R\u00e0dio Litoral","og_description":"Del 27 de junio al 2 de julio, se podr\u00e1 disfrutar de una variada programaci\u00f3n cultural y festiva","og_url":"https:\/\/radiolitoral.com\/ca\/2025\/06\/tot-llest-per-a-les-festes-de-la-font-santa-2025-a-teulada-moraira\/","og_site_name":"R\u00e0dio Litoral","article_publisher":"https:\/\/www.facebook.com\/Laradiolitoral\/","article_published_time":"2025-06-25T06:45:33+00:00","article_modified_time":"2025-06-25T06:54:49+00:00","og_image":[{"width":2048,"height":1365,"url":"https:\/\/media.radiolitoral.com\/wp-content\/uploads\/2025\/06\/25085349\/466360980_9499067533442251_796669395948910915_n.jpg","type":"image\/jpeg"}],"author":"Redacci\u00f3n","twitter_card":"summary_large_image","twitter_misc":{"Escrit per":"Redacci\u00f3n","Temps estimat de lectura":"4 minuts"},"schema":{"@context":"https:\/\/schema.org","@graph":[{"@type":"NewsArticle","@id":"https:\/\/radiolitoral.com\/2025\/06\/todo-listo-para-las-fiestas-de-la-font-santa-2025-en-teulada-moraira\/#article","isPartOf":{"@id":"https:\/\/radiolitoral.com\/2025\/06\/todo-listo-para-las-fiestas-de-la-font-santa-2025-en-teulada-moraira\/"},"author":{"name":"Redacci\u00f3n","@id":"https:\/\/radiolitoral.com\/#\/schema\/person\/96b739642eb3bedb532aac3812d23307"},"headline":"Todo listo para las Fiestas de la Font Santa 2025 en Teulada Moraira","datePublished":"2025-06-25T06:45:33+00:00","dateModified":"2025-06-25T06:54:49+00:00","mainEntityOfPage":{"@id":"https:\/\/radiolitoral.com\/2025\/06\/todo-listo-para-las-fiestas-de-la-font-santa-2025-en-teulada-moraira\/"},"wordCount":609,"commentCount":0,"publisher":{"@id":"https:\/\/radiolitoral.com\/#organization"},"image":{"@id":"https:\/\/radiolitoral.com\/2025\/06\/todo-listo-para-las-fiestas-de-la-font-santa-2025-en-teulada-moraira\/#primaryimage"},"thumbnailUrl":"https:\/\/media.radiolitoral.com\/wp-content\/uploads\/2025\/06\/25085349\/466360980_9499067533442251_796669395948910915_n.jpg","keywords":["Festes Font Santa","Fiestas Font Santa","Font Santa","Teulada-Moraira"],"articleSection":["Fiestas"],"inLanguage":"ca","potentialAction":[{"@type":"CommentAction","name":"Comment","target":["https:\/\/radiolitoral.com\/2025\/06\/todo-listo-para-las-fiestas-de-la-font-santa-2025-en-teulada-moraira\/#respond"]}]},{"@type":["WebPage","ItemPage"],"@id":"https:\/\/radiolitoral.com\/2025\/06\/todo-listo-para-las-fiestas-de-la-font-santa-2025-en-teulada-moraira\/","url":"https:\/\/radiolitoral.com\/2025\/06\/todo-listo-para-las-fiestas-de-la-font-santa-2025-en-teulada-moraira\/","name":"Tot llest per a les Festes de la Font Santa 2025 a Teulada Moraira | R\u00e0dio Litoral","isPartOf":{"@id":"https:\/\/radiolitoral.com\/#website"},"primaryImageOfPage":{"@id":"https:\/\/radiolitoral.com\/2025\/06\/todo-listo-para-las-fiestas-de-la-font-santa-2025-en-teulada-moraira\/#primaryimage"},"image":{"@id":"https:\/\/radiolitoral.com\/2025\/06\/todo-listo-para-las-fiestas-de-la-font-santa-2025-en-teulada-moraira\/#primaryimage"},"thumbnailUrl":"https:\/\/media.radiolitoral.com\/wp-content\/uploads\/2025\/06\/25085349\/466360980_9499067533442251_796669395948910915_n.jpg","datePublished":"2025-06-25T06:45:33+00:00","dateModified":"2025-06-25T06:54:49+00:00","description":"Del 27 de juny al 2 de juliol, podreu gaudir d&#039;una variada programaci\u00f3 cultural i festiva","breadcrumb":{"@id":"https:\/\/radiolitoral.com\/2025\/06\/todo-listo-para-las-fiestas-de-la-font-santa-2025-en-teulada-moraira\/#breadcrumb"},"inLanguage":"ca","potentialAction":[{"@type":"ReadAction","target":["https:\/\/radiolitoral.com\/2025\/06\/todo-listo-para-las-fiestas-de-la-font-santa-2025-en-teulada-moraira\/"]}]},{"@type":"ImageObject","inLanguage":"ca","@id":"https:\/\/radiolitoral.com\/2025\/06\/todo-listo-para-las-fiestas-de-la-font-santa-2025-en-teulada-moraira\/#primaryimage","url":"https:\/\/media.radiolitoral.com\/wp-content\/uploads\/2025\/06\/25085349\/466360980_9499067533442251_796669395948910915_n.jpg","contentUrl":"https:\/\/media.radiolitoral.com\/wp-content\/uploads\/2025\/06\/25085349\/466360980_9499067533442251_796669395948910915_n.jpg","width":2048,"height":1365},{"@type":"BreadcrumbList","@id":"https:\/\/radiolitoral.com\/2025\/06\/todo-listo-para-las-fiestas-de-la-font-santa-2025-en-teulada-moraira\/#breadcrumb","itemListElement":[{"@type":"ListItem","position":1,"name":"Portada","item":"https:\/\/radiolitoral.com\/"},{"@type":"ListItem","position":2,"name":"Todo listo para las Fiestas de la Font Santa 2025 en Teulada Moraira"}]},{"@type":"WebSite","@id":"https:\/\/radiolitoral.com\/#website","url":"https:\/\/radiolitoral.com\/","name":"R\u00e0dio Litoral","description":"La r\u00e0dio local de la Marina Alta","publisher":{"@id":"https:\/\/radiolitoral.com\/#organization"},"alternateName":"Litoral FM","potentialAction":[{"@type":"SearchAction","target":{"@type":"EntryPoint","urlTemplate":"https:\/\/radiolitoral.com\/?s={search_term_string}"},"query-input":{"@type":"PropertyValueSpecification","valueRequired":true,"valueName":"search_term_string"}}],"inLanguage":"ca"},{"@type":"Organization","@id":"https:\/\/radiolitoral.com\/#organization","name":"R\u00e0dio Litoral","url":"https:\/\/radiolitoral.com\/","logo":{"@type":"ImageObject","inLanguage":"ca","@id":"https:\/\/radiolitoral.com\/#\/schema\/logo\/image\/","url":"https:\/\/media.radiolitoral.com\/wp-content\/uploads\/2023\/02\/24143238\/CL-V-RadioLitoral696.png","contentUrl":"https:\/\/media.radiolitoral.com\/wp-content\/uploads\/2023\/02\/24143238\/CL-V-RadioLitoral696.png","width":696,"height":696,"caption":"Radio Litoral"},"image":{"@id":"https:\/\/radiolitoral.com\/#\/schema\/logo\/image\/"},"sameAs":["https:\/\/www.facebook.com\/Laradiolitoral\/"]},{"@type":"Person","@id":"https:\/\/radiolitoral.com\/#\/schema\/person\/96b739642eb3bedb532aac3812d23307","name":"Redacci\u00f3","image":{"@type":"ImageObject","inLanguage":"ca","@id":"https:\/\/secure.gravatar.com\/avatar\/30cd06129ee90411dd9c7cbdcf17464181d1a3c7b072e92070ea75a25cf0097e?s=96&d=mm&r=g","url":"https:\/\/secure.gravatar.com\/avatar\/30cd06129ee90411dd9c7cbdcf17464181d1a3c7b072e92070ea75a25cf0097e?s=96&d=mm&r=g","contentUrl":"https:\/\/secure.gravatar.com\/avatar\/30cd06129ee90411dd9c7cbdcf17464181d1a3c7b072e92070ea75a25cf0097e?s=96&d=mm&r=g","caption":"Redacci\u00f3n"},"url":"https:\/\/radiolitoral.com\/ca\/author\/kevin-carrio\/"}]}},"_links":{"self":[{"href":"https:\/\/radiolitoral.com\/ca\/wp-json\/wp\/v2\/posts\/17349","targetHints":{"allow":["GET"]}}],"collection":[{"href":"https:\/\/radiolitoral.com\/ca\/wp-json\/wp\/v2\/posts"}],"about":[{"href":"https:\/\/radiolitoral.com\/ca\/wp-json\/wp\/v2\/types\/post"}],"author":[{"embeddable":true,"href":"https:\/\/radiolitoral.com\/ca\/wp-json\/wp\/v2\/users\/14"}],"replies":[{"embeddable":true,"href":"https:\/\/radiolitoral.com\/ca\/wp-json\/wp\/v2\/comments?post=17349"}],"version-history":[{"count":2,"href":"https:\/\/radiolitoral.com\/ca\/wp-json\/wp\/v2\/posts\/17349\/revisions"}],"predecessor-version":[{"id":17352,"href":"https:\/\/radiolitoral.com\/ca\/wp-json\/wp\/v2\/posts\/17349\/revisions\/17352"}],"wp:featuredmedia":[{"embeddable":true,"href":"https:\/\/radiolitoral.com\/ca\/wp-json\/wp\/v2\/media\/17351"}],"wp:attachment":[{"href":"https:\/\/radiolitoral.com\/ca\/wp-json\/wp\/v2\/media?parent=17349"}],"wp:term":[{"taxonomy":"category","embeddable":true,"href":"https:\/\/radiolitoral.com\/ca\/wp-json\/wp\/v2\/categories?post=17349"},{"taxonomy":"post_tag","embeddable":true,"href":"https:\/\/radiolitoral.com\/ca\/wp-json\/wp\/v2\/tags?post=17349"}],"curies":[{"name":"wp","href":"https:\/\/api.w.org\/{rel}","templated":true}]}}