{"id":17337,"date":"2025-06-24T11:25:31","date_gmt":"2025-06-24T09:25:31","guid":{"rendered":"https:\/\/radiolitoral.com\/?p=17337"},"modified":"2025-06-24T12:22:04","modified_gmt":"2025-06-24T10:22:04","slug":"bernat-banyuls-intentavem-compaginar-historia-tradicio-cultura-i-festa","status":"publish","type":"post","link":"https:\/\/radiolitoral.com\/ca\/2025\/06\/bernat-banyuls-intentabamos-compaginar-historia-tradicion-cultura-y-fiesta\/","title":{"rendered":"Bernat Banyuls: \u201cIntent\u00e0vem compaginar hist\u00f2ria, tradici\u00f3, cultura i festa\u201d"},"content":{"rendered":"<p>Al nostre<strong> Primer Caf\u00e8<\/strong> d&#039;avui hem parlat de la celebraci\u00f3 de <strong>Sant Joan<\/strong>, per\u00f2 hem anat m\u00e9s enll\u00e0 del que representa el foc purificador, banyar-se al mar a mitjanit, i altres rituals per atraure la bona sort i allunyar les males energies. Avui hem posat el focus a<strong> una festa amb molta hist\u00f2ria i tradici\u00f3<\/strong>, que forma part del cor rural de <strong>Calp<\/strong>. Avui hem parlat de les<strong> festes de Sant Joan de la Cometa.<\/strong> Unes celebracions que van tenir en el passat els seus dies d&#039;esplendor, per\u00f2 que, malgrat no poder organitzar avui dia tots els actes que es gaudien antany, no s&#039;obliden i perviuen en el record de molts calpins.<\/p>\n<p>Aquest mat\u00ed hem pogut saber m\u00e9s sobre aquestes festes, com es vivien i com es viuen avui, i ho hem fet amb un convidat de luxe, <strong>Bernat Banyuls,<\/strong> la fam\u00edlia del qual ha estat lligada a la partida de la Cometa, <strong>escriptor i cronista calp\u00ed<\/strong>, que ha investigat sobre aquesta tradici\u00f3 local, autor d&#039;un llibre que recopila la cr\u00f2nica de la gent que vivia en aquesta partida rural. A m\u00e9s, el nostre convidat ha arribat molt ben acompanyat als nostres estudis per <strong>el seu fill, Bernat Banyuls.\u00a0<\/strong>Amb els nostres convidats ens hem submergit en un viatge per la mem\u00f2ria i la identitat de la partida rural del Cometa \u201cCases del Torrat\u201d.<\/p>\n<p>Unes festes en qu\u00e8 no podien faltar els actes religiosos, els taurins, les cucanyes, els dinars i sopars de germanor, la m\u00fasica i el ball. setmana en qu\u00e8 tots els ve\u00efns col\u00b7laboraven i participaven. Amb el temps, la naturalesa i el car\u00e0cter d&#039;aquesta partida rural ha anat canviant i evolucionant.<\/p>\n<p>Amb els nostres convidats hem compartit hist\u00f2ries curioses, com la recuperaci\u00f3 de part de la imatge de Sant Joan xiquet, destru\u00efda i amagada durant la Guerra Civil i trobada fa tot just unes d\u00e8cades. An\u00e8cdotes viscudes durant les festes de la Cometa en els seus anys d&#039;esplendor i desitjos per a la recuperaci\u00f3 i perviv\u00e8ncia d&#039;aquestes festes tradicionals. A m\u00e9s de parlar-nos d&#039;altres curiositats que tamb\u00e9 recull el llibre <strong>\u201cCr\u00f2nica de les fogueres de Sant Joan a l&#039;ermita de l&#039;estel de Calp\u201d<\/strong> escrit pel nostre convidat, Bernat Banyuls.<\/p>\n<p>Podeu escoltar l&#039;entrevista completa aqu\u00ed.<\/p>\n<audio class=\"wp-audio-shortcode\" id=\"audio-17337-1\" preload=\"none\" style=\"width: 100%;\" controls=\"controls\"><source type=\"audio\/mpeg\" src=\"https:\/\/media.radiolitoral.com\/wp-content\/uploads\/2025\/06\/24111837\/Primer-Cafe-Festes-S-Joan-Cometa.mp3?_=1\" \/><a href=\"https:\/\/media.radiolitoral.com\/wp-content\/uploads\/2025\/06\/24111837\/Primer-Cafe-Festes-S-Joan-Cometa.mp3\">https:\/\/media.radiolitoral.com\/wp-content\/uploads\/2025\/06\/24111837\/Primer-Cafe-Festes-S-Joan-Cometa.mp3<\/a><\/audio>","protected":false},"excerpt":{"rendered":"<p>En nuestro Primer Caf\u00e9 de hoy hemos hablado de la celebraci\u00f3n de San Juan, pero hemos ido m\u00e1s all\u00e1 de lo que representa el fuego purificador, ba\u00f1arse en el mar a medianoche, y otros rituales para atraer la buena suerte y alejar las malas energ\u00edas. Hoy hemos puesto el foco en una fiesta con mucha [&#8230;]<\/p>\n<p><a class=\"btn btn-secondary understrap-read-more-link\" href=\"https:\/\/radiolitoral.com\/ca\/2025\/06\/bernat-banyuls-intentabamos-compaginar-historia-tradicion-cultura-y-fiesta\/\">Continua llegint&#8230;<span class=\"screen-reader-text\"> from Bernat Banyuls: \u201cIntent\u00e1bamos compaginar historia, tradici\u00f3n, cultura y fiesta\u201d<\/span><\/a><\/p>\n","protected":false},"author":13,"featured_media":17339,"comment_status":"open","ping_status":"closed","sticky":false,"template":"","format":"standard","meta":{"_acf_changed":false,"inline_featured_image":false,"footnotes":""},"categories":[2753,276],"tags":[4560,4559,2312,4558,2488],"class_list":["post-17337","post","type-post","status-publish","format-standard","has-post-thumbnail","hentry","category-entrevistas","category-fiestas","tag-bernat-banyuls","tag-fiestas-sant-joan","tag-primer-cafe","tag-sant-joan-de-la-cometa","tag-tradiciones","cobertura-calp"],"acf":[],"yoast_head":"<!-- This site is optimized with the Yoast SEO plugin v27.5 - https:\/\/yoast.com\/product\/yoast-seo-wordpress\/ -->\n<title>Bernat Banyuls: \u201cIntent\u00e1bamos compaginar historia, tradici\u00f3n, cultura y fiesta\u201d | R\u00e0dio Litoral<\/title>\n<meta name=\"description\" content=\"Recuperamos las fiestas de Sant Joan en la partida rural de la Cometa de Calp, que hoy celebra sus actos religiosos\" \/>\n<meta name=\"robots\" content=\"index, follow, max-snippet:-1, max-image-preview:large, max-video-preview:-1\" \/>\n<link rel=\"canonical\" href=\"https:\/\/radiolitoral.com\/ca\/2025\/06\/bernat-banyuls-intentavem-compaginar-historia-tradicio-cultura-i-festa\/\" \/>\n<meta property=\"og:locale\" content=\"ca_ES\" \/>\n<meta property=\"og:type\" content=\"article\" \/>\n<meta property=\"og:title\" content=\"Bernat Banyuls: \u201cIntent\u00e1bamos compaginar historia, tradici\u00f3n, cultura y fiesta\u201d | R\u00e0dio Litoral\" \/>\n<meta property=\"og:description\" content=\"Recuperamos las fiestas de Sant Joan en la partida rural de la Cometa de Calp, que hoy celebra sus actos religiosos\" \/>\n<meta property=\"og:url\" content=\"https:\/\/radiolitoral.com\/ca\/2025\/06\/bernat-banyuls-intentavem-compaginar-historia-tradicio-cultura-i-festa\/\" \/>\n<meta property=\"og:site_name\" content=\"R\u00e0dio Litoral\" \/>\n<meta property=\"article:publisher\" content=\"https:\/\/www.facebook.com\/Laradiolitoral\/\" \/>\n<meta property=\"article:published_time\" content=\"2025-06-24T09:25:31+00:00\" \/>\n<meta property=\"article:modified_time\" content=\"2025-06-24T10:22:04+00:00\" \/>\n<meta property=\"og:image\" content=\"https:\/\/media.radiolitoral.com\/wp-content\/uploads\/2025\/06\/24112141\/Bernat-Banyuls-fill-i-pare-e1750757082215.jpg\" \/>\n\t<meta property=\"og:image:width\" content=\"2000\" \/>\n\t<meta property=\"og:image:height\" content=\"1380\" \/>\n\t<meta property=\"og:image:type\" content=\"image\/jpeg\" \/>\n<meta name=\"author\" content=\"Redacci\u00f3n\" \/>\n<meta name=\"twitter:card\" content=\"summary_large_image\" \/>\n<meta name=\"twitter:label1\" content=\"Escrit per\" \/>\n\t<meta name=\"twitter:data1\" content=\"Redacci\u00f3n\" \/>\n\t<meta name=\"twitter:label2\" content=\"Temps estimat de lectura\" \/>\n\t<meta name=\"twitter:data2\" content=\"3 minuts\" \/>\n<script type=\"application\/ld+json\" class=\"yoast-schema-graph\">{\"@context\":\"https:\\\/\\\/schema.org\",\"@graph\":[{\"@type\":\"NewsArticle\",\"@id\":\"https:\\\/\\\/radiolitoral.com\\\/2025\\\/06\\\/bernat-banyuls-intentabamos-compaginar-historia-tradicion-cultura-y-fiesta\\\/#article\",\"isPartOf\":{\"@id\":\"https:\\\/\\\/radiolitoral.com\\\/2025\\\/06\\\/bernat-banyuls-intentabamos-compaginar-historia-tradicion-cultura-y-fiesta\\\/\"},\"author\":{\"name\":\"Redacci\u00f3n\",\"@id\":\"https:\\\/\\\/radiolitoral.com\\\/#\\\/schema\\\/person\\\/f2b2343c49b5d721857cc1002bfdb151\"},\"headline\":\"Bernat Banyuls: \u201cIntent\u00e1bamos compaginar historia, tradici\u00f3n, cultura y fiesta\u201d\",\"datePublished\":\"2025-06-24T09:25:31+00:00\",\"dateModified\":\"2025-06-24T10:22:04+00:00\",\"mainEntityOfPage\":{\"@id\":\"https:\\\/\\\/radiolitoral.com\\\/2025\\\/06\\\/bernat-banyuls-intentabamos-compaginar-historia-tradicion-cultura-y-fiesta\\\/\"},\"wordCount\":499,\"commentCount\":0,\"publisher\":{\"@id\":\"https:\\\/\\\/radiolitoral.com\\\/#organization\"},\"image\":{\"@id\":\"https:\\\/\\\/radiolitoral.com\\\/2025\\\/06\\\/bernat-banyuls-intentabamos-compaginar-historia-tradicion-cultura-y-fiesta\\\/#primaryimage\"},\"thumbnailUrl\":\"https:\\\/\\\/media.radiolitoral.com\\\/wp-content\\\/uploads\\\/2025\\\/06\\\/24112141\\\/Bernat-Banyuls-fill-i-pare-e1750757082215.jpg\",\"keywords\":[\"Bernat Banyuls\",\"Fiestas Sant Joan\",\"Primer Caf\u00e9\",\"Sant Joan de la Cometa\",\"Tradiciones\"],\"articleSection\":[\"Entrevistas\",\"Fiestas\"],\"inLanguage\":\"ca\",\"potentialAction\":[{\"@type\":\"CommentAction\",\"name\":\"Comment\",\"target\":[\"https:\\\/\\\/radiolitoral.com\\\/2025\\\/06\\\/bernat-banyuls-intentabamos-compaginar-historia-tradicion-cultura-y-fiesta\\\/#respond\"]}]},{\"@type\":[\"WebPage\",\"ItemPage\"],\"@id\":\"https:\\\/\\\/radiolitoral.com\\\/2025\\\/06\\\/bernat-banyuls-intentabamos-compaginar-historia-tradicion-cultura-y-fiesta\\\/\",\"url\":\"https:\\\/\\\/radiolitoral.com\\\/2025\\\/06\\\/bernat-banyuls-intentabamos-compaginar-historia-tradicion-cultura-y-fiesta\\\/\",\"name\":\"Bernat Banyuls: \u201cIntent\u00e1bamos compaginar historia, tradici\u00f3n, cultura y fiesta\u201d | R\u00e0dio Litoral\",\"isPartOf\":{\"@id\":\"https:\\\/\\\/radiolitoral.com\\\/#website\"},\"primaryImageOfPage\":{\"@id\":\"https:\\\/\\\/radiolitoral.com\\\/2025\\\/06\\\/bernat-banyuls-intentabamos-compaginar-historia-tradicion-cultura-y-fiesta\\\/#primaryimage\"},\"image\":{\"@id\":\"https:\\\/\\\/radiolitoral.com\\\/2025\\\/06\\\/bernat-banyuls-intentabamos-compaginar-historia-tradicion-cultura-y-fiesta\\\/#primaryimage\"},\"thumbnailUrl\":\"https:\\\/\\\/media.radiolitoral.com\\\/wp-content\\\/uploads\\\/2025\\\/06\\\/24112141\\\/Bernat-Banyuls-fill-i-pare-e1750757082215.jpg\",\"datePublished\":\"2025-06-24T09:25:31+00:00\",\"dateModified\":\"2025-06-24T10:22:04+00:00\",\"description\":\"Recuperamos las fiestas de Sant Joan en la partida rural de la Cometa de Calp, que hoy celebra sus actos religiosos\",\"breadcrumb\":{\"@id\":\"https:\\\/\\\/radiolitoral.com\\\/2025\\\/06\\\/bernat-banyuls-intentabamos-compaginar-historia-tradicion-cultura-y-fiesta\\\/#breadcrumb\"},\"inLanguage\":\"ca\",\"potentialAction\":[{\"@type\":\"ReadAction\",\"target\":[\"https:\\\/\\\/radiolitoral.com\\\/2025\\\/06\\\/bernat-banyuls-intentabamos-compaginar-historia-tradicion-cultura-y-fiesta\\\/\"]}]},{\"@type\":\"ImageObject\",\"inLanguage\":\"ca\",\"@id\":\"https:\\\/\\\/radiolitoral.com\\\/2025\\\/06\\\/bernat-banyuls-intentabamos-compaginar-historia-tradicion-cultura-y-fiesta\\\/#primaryimage\",\"url\":\"https:\\\/\\\/media.radiolitoral.com\\\/wp-content\\\/uploads\\\/2025\\\/06\\\/24112141\\\/Bernat-Banyuls-fill-i-pare-e1750757082215.jpg\",\"contentUrl\":\"https:\\\/\\\/media.radiolitoral.com\\\/wp-content\\\/uploads\\\/2025\\\/06\\\/24112141\\\/Bernat-Banyuls-fill-i-pare-e1750757082215.jpg\",\"width\":2000,\"height\":1380},{\"@type\":\"BreadcrumbList\",\"@id\":\"https:\\\/\\\/radiolitoral.com\\\/2025\\\/06\\\/bernat-banyuls-intentabamos-compaginar-historia-tradicion-cultura-y-fiesta\\\/#breadcrumb\",\"itemListElement\":[{\"@type\":\"ListItem\",\"position\":1,\"name\":\"Portada\",\"item\":\"https:\\\/\\\/radiolitoral.com\\\/\"},{\"@type\":\"ListItem\",\"position\":2,\"name\":\"Bernat Banyuls: \u201cIntent\u00e1bamos compaginar historia, tradici\u00f3n, cultura y fiesta\u201d\"}]},{\"@type\":\"WebSite\",\"@id\":\"https:\\\/\\\/radiolitoral.com\\\/#website\",\"url\":\"https:\\\/\\\/radiolitoral.com\\\/\",\"name\":\"Radio Litoral\",\"description\":\"La radio local de la Marina Alta\",\"publisher\":{\"@id\":\"https:\\\/\\\/radiolitoral.com\\\/#organization\"},\"alternateName\":\"Litoral FM\",\"potentialAction\":[{\"@type\":\"SearchAction\",\"target\":{\"@type\":\"EntryPoint\",\"urlTemplate\":\"https:\\\/\\\/radiolitoral.com\\\/?s={search_term_string}\"},\"query-input\":{\"@type\":\"PropertyValueSpecification\",\"valueRequired\":true,\"valueName\":\"search_term_string\"}}],\"inLanguage\":\"ca\"},{\"@type\":\"Organization\",\"@id\":\"https:\\\/\\\/radiolitoral.com\\\/#organization\",\"name\":\"Radio Litoral\",\"url\":\"https:\\\/\\\/radiolitoral.com\\\/\",\"logo\":{\"@type\":\"ImageObject\",\"inLanguage\":\"ca\",\"@id\":\"https:\\\/\\\/radiolitoral.com\\\/#\\\/schema\\\/logo\\\/image\\\/\",\"url\":\"https:\\\/\\\/media.radiolitoral.com\\\/wp-content\\\/uploads\\\/2023\\\/02\\\/24143238\\\/CL-V-RadioLitoral696.png\",\"contentUrl\":\"https:\\\/\\\/media.radiolitoral.com\\\/wp-content\\\/uploads\\\/2023\\\/02\\\/24143238\\\/CL-V-RadioLitoral696.png\",\"width\":696,\"height\":696,\"caption\":\"Radio Litoral\"},\"image\":{\"@id\":\"https:\\\/\\\/radiolitoral.com\\\/#\\\/schema\\\/logo\\\/image\\\/\"},\"sameAs\":[\"https:\\\/\\\/www.facebook.com\\\/Laradiolitoral\\\/\"]},{\"@type\":\"Person\",\"@id\":\"https:\\\/\\\/radiolitoral.com\\\/#\\\/schema\\\/person\\\/f2b2343c49b5d721857cc1002bfdb151\",\"name\":\"Redacci\u00f3n\",\"image\":{\"@type\":\"ImageObject\",\"inLanguage\":\"ca\",\"@id\":\"https:\\\/\\\/secure.gravatar.com\\\/avatar\\\/f771d896c203ad8b3382d7905cfcce5a5c9b008b84b3cd9114e9b9f4cb63f789?s=96&d=mm&r=g\",\"url\":\"https:\\\/\\\/secure.gravatar.com\\\/avatar\\\/f771d896c203ad8b3382d7905cfcce5a5c9b008b84b3cd9114e9b9f4cb63f789?s=96&d=mm&r=g\",\"contentUrl\":\"https:\\\/\\\/secure.gravatar.com\\\/avatar\\\/f771d896c203ad8b3382d7905cfcce5a5c9b008b84b3cd9114e9b9f4cb63f789?s=96&d=mm&r=g\",\"caption\":\"Redacci\u00f3n\"},\"url\":\"https:\\\/\\\/radiolitoral.com\\\/ca\\\/author\\\/miriam-pagan\\\/\"}]}<\/script>\n<!-- \/ Yoast SEO plugin. -->","yoast_head_json":{"title":"Bernat Banyuls: \u201cIntent\u00e0vem compaginar hist\u00f2ria, tradici\u00f3, cultura i festa\u201d | R\u00e0dio Litoral","description":"Recuperem les festes de Sant Joan a la partida rural del Cometa de Calp, que avui celebra els seus actes religiosos","robots":{"index":"index","follow":"follow","max-snippet":"max-snippet:-1","max-image-preview":"max-image-preview:large","max-video-preview":"max-video-preview:-1"},"canonical":"https:\/\/radiolitoral.com\/ca\/2025\/06\/bernat-banyuls-intentavem-compaginar-historia-tradicio-cultura-i-festa\/","og_locale":"ca_ES","og_type":"article","og_title":"Bernat Banyuls: \u201cIntent\u00e1bamos compaginar historia, tradici\u00f3n, cultura y fiesta\u201d | R\u00e0dio Litoral","og_description":"Recuperamos las fiestas de Sant Joan en la partida rural de la Cometa de Calp, que hoy celebra sus actos religiosos","og_url":"https:\/\/radiolitoral.com\/ca\/2025\/06\/bernat-banyuls-intentavem-compaginar-historia-tradicio-cultura-i-festa\/","og_site_name":"R\u00e0dio Litoral","article_publisher":"https:\/\/www.facebook.com\/Laradiolitoral\/","article_published_time":"2025-06-24T09:25:31+00:00","article_modified_time":"2025-06-24T10:22:04+00:00","og_image":[{"width":2000,"height":1380,"url":"https:\/\/media.radiolitoral.com\/wp-content\/uploads\/2025\/06\/24112141\/Bernat-Banyuls-fill-i-pare-e1750757082215.jpg","type":"image\/jpeg"}],"author":"Redacci\u00f3n","twitter_card":"summary_large_image","twitter_misc":{"Escrit per":"Redacci\u00f3n","Temps estimat de lectura":"3 minuts"},"schema":{"@context":"https:\/\/schema.org","@graph":[{"@type":"NewsArticle","@id":"https:\/\/radiolitoral.com\/2025\/06\/bernat-banyuls-intentabamos-compaginar-historia-tradicion-cultura-y-fiesta\/#article","isPartOf":{"@id":"https:\/\/radiolitoral.com\/2025\/06\/bernat-banyuls-intentabamos-compaginar-historia-tradicion-cultura-y-fiesta\/"},"author":{"name":"Redacci\u00f3n","@id":"https:\/\/radiolitoral.com\/#\/schema\/person\/f2b2343c49b5d721857cc1002bfdb151"},"headline":"Bernat Banyuls: \u201cIntent\u00e1bamos compaginar historia, tradici\u00f3n, cultura y fiesta\u201d","datePublished":"2025-06-24T09:25:31+00:00","dateModified":"2025-06-24T10:22:04+00:00","mainEntityOfPage":{"@id":"https:\/\/radiolitoral.com\/2025\/06\/bernat-banyuls-intentabamos-compaginar-historia-tradicion-cultura-y-fiesta\/"},"wordCount":499,"commentCount":0,"publisher":{"@id":"https:\/\/radiolitoral.com\/#organization"},"image":{"@id":"https:\/\/radiolitoral.com\/2025\/06\/bernat-banyuls-intentabamos-compaginar-historia-tradicion-cultura-y-fiesta\/#primaryimage"},"thumbnailUrl":"https:\/\/media.radiolitoral.com\/wp-content\/uploads\/2025\/06\/24112141\/Bernat-Banyuls-fill-i-pare-e1750757082215.jpg","keywords":["Bernat Banyuls","Fiestas Sant Joan","Primer Caf\u00e9","Sant Joan de la Cometa","Tradiciones"],"articleSection":["Entrevistas","Fiestas"],"inLanguage":"ca","potentialAction":[{"@type":"CommentAction","name":"Comment","target":["https:\/\/radiolitoral.com\/2025\/06\/bernat-banyuls-intentabamos-compaginar-historia-tradicion-cultura-y-fiesta\/#respond"]}]},{"@type":["WebPage","ItemPage"],"@id":"https:\/\/radiolitoral.com\/2025\/06\/bernat-banyuls-intentabamos-compaginar-historia-tradicion-cultura-y-fiesta\/","url":"https:\/\/radiolitoral.com\/2025\/06\/bernat-banyuls-intentabamos-compaginar-historia-tradicion-cultura-y-fiesta\/","name":"Bernat Banyuls: \u201cIntent\u00e0vem compaginar hist\u00f2ria, tradici\u00f3, cultura i festa\u201d | R\u00e0dio Litoral","isPartOf":{"@id":"https:\/\/radiolitoral.com\/#website"},"primaryImageOfPage":{"@id":"https:\/\/radiolitoral.com\/2025\/06\/bernat-banyuls-intentabamos-compaginar-historia-tradicion-cultura-y-fiesta\/#primaryimage"},"image":{"@id":"https:\/\/radiolitoral.com\/2025\/06\/bernat-banyuls-intentabamos-compaginar-historia-tradicion-cultura-y-fiesta\/#primaryimage"},"thumbnailUrl":"https:\/\/media.radiolitoral.com\/wp-content\/uploads\/2025\/06\/24112141\/Bernat-Banyuls-fill-i-pare-e1750757082215.jpg","datePublished":"2025-06-24T09:25:31+00:00","dateModified":"2025-06-24T10:22:04+00:00","description":"Recuperem les festes de Sant Joan a la partida rural del Cometa de Calp, que avui celebra els seus actes religiosos","breadcrumb":{"@id":"https:\/\/radiolitoral.com\/2025\/06\/bernat-banyuls-intentabamos-compaginar-historia-tradicion-cultura-y-fiesta\/#breadcrumb"},"inLanguage":"ca","potentialAction":[{"@type":"ReadAction","target":["https:\/\/radiolitoral.com\/2025\/06\/bernat-banyuls-intentabamos-compaginar-historia-tradicion-cultura-y-fiesta\/"]}]},{"@type":"ImageObject","inLanguage":"ca","@id":"https:\/\/radiolitoral.com\/2025\/06\/bernat-banyuls-intentabamos-compaginar-historia-tradicion-cultura-y-fiesta\/#primaryimage","url":"https:\/\/media.radiolitoral.com\/wp-content\/uploads\/2025\/06\/24112141\/Bernat-Banyuls-fill-i-pare-e1750757082215.jpg","contentUrl":"https:\/\/media.radiolitoral.com\/wp-content\/uploads\/2025\/06\/24112141\/Bernat-Banyuls-fill-i-pare-e1750757082215.jpg","width":2000,"height":1380},{"@type":"BreadcrumbList","@id":"https:\/\/radiolitoral.com\/2025\/06\/bernat-banyuls-intentabamos-compaginar-historia-tradicion-cultura-y-fiesta\/#breadcrumb","itemListElement":[{"@type":"ListItem","position":1,"name":"Portada","item":"https:\/\/radiolitoral.com\/"},{"@type":"ListItem","position":2,"name":"Bernat Banyuls: \u201cIntent\u00e1bamos compaginar historia, tradici\u00f3n, cultura y fiesta\u201d"}]},{"@type":"WebSite","@id":"https:\/\/radiolitoral.com\/#website","url":"https:\/\/radiolitoral.com\/","name":"R\u00e0dio Litoral","description":"La r\u00e0dio local de la Marina Alta","publisher":{"@id":"https:\/\/radiolitoral.com\/#organization"},"alternateName":"Litoral FM","potentialAction":[{"@type":"SearchAction","target":{"@type":"EntryPoint","urlTemplate":"https:\/\/radiolitoral.com\/?s={search_term_string}"},"query-input":{"@type":"PropertyValueSpecification","valueRequired":true,"valueName":"search_term_string"}}],"inLanguage":"ca"},{"@type":"Organization","@id":"https:\/\/radiolitoral.com\/#organization","name":"R\u00e0dio Litoral","url":"https:\/\/radiolitoral.com\/","logo":{"@type":"ImageObject","inLanguage":"ca","@id":"https:\/\/radiolitoral.com\/#\/schema\/logo\/image\/","url":"https:\/\/media.radiolitoral.com\/wp-content\/uploads\/2023\/02\/24143238\/CL-V-RadioLitoral696.png","contentUrl":"https:\/\/media.radiolitoral.com\/wp-content\/uploads\/2023\/02\/24143238\/CL-V-RadioLitoral696.png","width":696,"height":696,"caption":"Radio Litoral"},"image":{"@id":"https:\/\/radiolitoral.com\/#\/schema\/logo\/image\/"},"sameAs":["https:\/\/www.facebook.com\/Laradiolitoral\/"]},{"@type":"Person","@id":"https:\/\/radiolitoral.com\/#\/schema\/person\/f2b2343c49b5d721857cc1002bfdb151","name":"Redacci\u00f3","image":{"@type":"ImageObject","inLanguage":"ca","@id":"https:\/\/secure.gravatar.com\/avatar\/f771d896c203ad8b3382d7905cfcce5a5c9b008b84b3cd9114e9b9f4cb63f789?s=96&d=mm&r=g","url":"https:\/\/secure.gravatar.com\/avatar\/f771d896c203ad8b3382d7905cfcce5a5c9b008b84b3cd9114e9b9f4cb63f789?s=96&d=mm&r=g","contentUrl":"https:\/\/secure.gravatar.com\/avatar\/f771d896c203ad8b3382d7905cfcce5a5c9b008b84b3cd9114e9b9f4cb63f789?s=96&d=mm&r=g","caption":"Redacci\u00f3n"},"url":"https:\/\/radiolitoral.com\/ca\/author\/miriam-pagan\/"}]}},"_links":{"self":[{"href":"https:\/\/radiolitoral.com\/ca\/wp-json\/wp\/v2\/posts\/17337","targetHints":{"allow":["GET"]}}],"collection":[{"href":"https:\/\/radiolitoral.com\/ca\/wp-json\/wp\/v2\/posts"}],"about":[{"href":"https:\/\/radiolitoral.com\/ca\/wp-json\/wp\/v2\/types\/post"}],"author":[{"embeddable":true,"href":"https:\/\/radiolitoral.com\/ca\/wp-json\/wp\/v2\/users\/13"}],"replies":[{"embeddable":true,"href":"https:\/\/radiolitoral.com\/ca\/wp-json\/wp\/v2\/comments?post=17337"}],"version-history":[{"count":4,"href":"https:\/\/radiolitoral.com\/ca\/wp-json\/wp\/v2\/posts\/17337\/revisions"}],"predecessor-version":[{"id":17344,"href":"https:\/\/radiolitoral.com\/ca\/wp-json\/wp\/v2\/posts\/17337\/revisions\/17344"}],"wp:featuredmedia":[{"embeddable":true,"href":"https:\/\/radiolitoral.com\/ca\/wp-json\/wp\/v2\/media\/17339"}],"wp:attachment":[{"href":"https:\/\/radiolitoral.com\/ca\/wp-json\/wp\/v2\/media?parent=17337"}],"wp:term":[{"taxonomy":"category","embeddable":true,"href":"https:\/\/radiolitoral.com\/ca\/wp-json\/wp\/v2\/categories?post=17337"},{"taxonomy":"post_tag","embeddable":true,"href":"https:\/\/radiolitoral.com\/ca\/wp-json\/wp\/v2\/tags?post=17337"}],"curies":[{"name":"wp","href":"https:\/\/api.w.org\/{rel}","templated":true}]}}