{"id":17308,"date":"2025-06-19T10:20:31","date_gmt":"2025-06-19T08:20:31","guid":{"rendered":"https:\/\/radiolitoral.com\/?p=17308"},"modified":"2025-06-19T10:20:31","modified_gmt":"2025-06-19T08:20:31","slug":"finalitzen-els-treballs-de-neteja-al-barranc-del-portet","status":"publish","type":"post","link":"https:\/\/radiolitoral.com\/ca\/2025\/06\/finalizan-los-trabajos-de-limpieza-en-el-barranco-del-portet\/","title":{"rendered":"Finalitzen els treballs de neteja al Barranc del Portet"},"content":{"rendered":"<p data-start=\"247\" data-end=\"760\">L&#039;Ajuntament de <strong>Teulada Moraira<\/strong> ha completat els <strong>treballs de neteja<\/strong>, <strong>manteniment<\/strong> i <strong>conservaci\u00f3<\/strong> del <strong>Barranc del Portet<\/strong>, una intervenci\u00f3 essencial per assegurar el bon estat de la llera i reduir el risc de desbordaments durant per\u00edodes de pluges intenses.<\/p>\n<p data-start=\"247\" data-end=\"760\">Les feines, que van comen\u00e7ar a principis de mar\u00e7, han finalitzat despr\u00e9s de setmanes de treball amb l&#039;objectiu de millorar la capacitat hidr\u00e0ulica del barranc i protegir la poblaci\u00f3 propera.<\/p>\n<h4 data-start=\"762\" data-end=\"1286\"><strong data-start=\"762\" data-end=\"796\">Les actuacions m\u00e9s destacades<\/strong><\/h4>\n<p data-start=\"762\" data-end=\"1286\">Dins de les principals accions realitzades, s&#039;inclouen el desbrossament de vegetaci\u00f3 herb\u00e0cia i arbustiva, aix\u00ed com l&#039;eliminaci\u00f3 d&#039;esp\u00e8cies invasores com la <strong data-start=\"960\" data-end=\"968\">canya<\/strong>, la <strong data-start=\"973\" data-end=\"983\">ac\u00e0cia<\/strong> i el <strong data-start=\"989\" data-end=\"1000\">ailant<\/strong>, que obstru\u00efen el pas de l&#039;aigua. A m\u00e9s, es va dur a terme la poda de branques baixes d&#039;arbres aut\u00f2ctons i la retirada d&#039;exemplars caiguts o en mal estat que representaven un perill.<\/p>\n<p data-start=\"762\" data-end=\"1286\">El cost total de la intervenci\u00f3 ha estat de <strong data-start=\"2011\" data-end=\"2023\">14.520 \u20ac<\/strong> (IVA incl\u00f2s), finan\u00e7at completament amb fons municipals. A m\u00e9s, l&#039;Ajuntament ha sol\u00b7licitat a la <strong data-start=\"2132\" data-end=\"2172\">Confederaci\u00f3 Hidrogr\u00e0fica del X\u00faquer<\/strong> una autoritzaci\u00f3 per continuar amb el manteniment del barranc durant els propers quatre anys, cosa que permetr\u00e0 dur a terme futures intervencions de manera r\u00e0pida i sense traves administratives.<\/p>\n<p data-start=\"1288\" data-end=\"1904\">La regidora de Medi Ambient, <strong data-start=\"1371\" data-end=\"1386\">Pilar Vidal<\/strong>, ha assenyalat que &quot;amb la finalitzaci\u00f3 d\u02bbaquesta actuaci\u00f3 fem un pas important en la conservaci\u00f3 de l\u02bbentorn natural i la prevenci\u00f3 de danys per pluges torrencials al nostre municipi&quot;. En la mateixa l\u00ednia, l&#039;alcalde de Teulada Moraira, <strong data-start=\"1630\" data-end=\"1646\">Ra\u00fal Llobell<\/strong>, ha afirmat que \u201cel nostre objectiu ha estat clar: actuar de forma preventiva i responsable per garantir la seguretat dels ve\u00efns i ve\u00efnes, i mantenir en condicions adequades una infraestructura natural tan important com \u00e9s el Barranc del Portet\u201d.<\/p>","protected":false},"excerpt":{"rendered":"<p>El Ayuntamiento de Teulada Moraira ha completado los trabajos de limpieza, mantenimiento y conservaci\u00f3n del Barranco del Portet, una intervenci\u00f3n esencial para asegurar el buen estado del cauce y reducir el riesgo de desbordamientos durante periodos de lluvias intensas. Las labores, que comenzaron a principios de marzo, han finalizado tras semanas de trabajo con el [&#8230;]<\/p>\n<p><a class=\"btn btn-secondary understrap-read-more-link\" href=\"https:\/\/radiolitoral.com\/ca\/2025\/06\/finalizan-los-trabajos-de-limpieza-en-el-barranco-del-portet\/\">Continua llegint&#8230;<span class=\"screen-reader-text\"> from Finalizan los trabajos de limpieza en el Barranco del Portet<\/span><\/a><\/p>\n","protected":false},"author":14,"featured_media":17310,"comment_status":"open","ping_status":"closed","sticky":false,"template":"","format":"standard","meta":{"_acf_changed":false,"inline_featured_image":false,"footnotes":""},"categories":[325],"tags":[4010,4547,195],"class_list":["post-17308","post","type-post","status-publish","format-standard","has-post-thumbnail","hentry","category-medioambiente","tag-barranco-el-portet","tag-limpieza-barranco","tag-teulada-moraira","cobertura-teulada-moraira"],"acf":[],"yoast_head":"<!-- This site is optimized with the Yoast SEO plugin v27.5 - https:\/\/yoast.com\/product\/yoast-seo-wordpress\/ -->\n<title>Finalizan los trabajos de limpieza en el Barranco del Portet | R\u00e0dio Litoral<\/title>\n<meta name=\"description\" content=\"Los trabajos han pasado por la eliminaci\u00f3n de especies invasoras como la ca\u00f1a, la acacia y el ailanto\" \/>\n<meta name=\"robots\" content=\"index, follow, max-snippet:-1, max-image-preview:large, max-video-preview:-1\" \/>\n<link rel=\"canonical\" href=\"https:\/\/radiolitoral.com\/ca\/2025\/06\/finalitzen-els-treballs-de-neteja-al-barranc-del-portet\/\" \/>\n<meta property=\"og:locale\" content=\"ca_ES\" \/>\n<meta property=\"og:type\" content=\"article\" \/>\n<meta property=\"og:title\" content=\"Finalizan los trabajos de limpieza en el Barranco del Portet | R\u00e0dio Litoral\" \/>\n<meta property=\"og:description\" content=\"Los trabajos han pasado por la eliminaci\u00f3n de especies invasoras como la ca\u00f1a, la acacia y el ailanto\" \/>\n<meta property=\"og:url\" content=\"https:\/\/radiolitoral.com\/ca\/2025\/06\/finalitzen-els-treballs-de-neteja-al-barranc-del-portet\/\" \/>\n<meta property=\"og:site_name\" content=\"R\u00e0dio Litoral\" \/>\n<meta property=\"article:publisher\" content=\"https:\/\/www.facebook.com\/Laradiolitoral\/\" \/>\n<meta property=\"article:published_time\" content=\"2025-06-19T08:20:31+00:00\" \/>\n<meta property=\"og:image\" content=\"https:\/\/media.radiolitoral.com\/wp-content\/uploads\/2025\/06\/19102003\/NOTA-DE-PRENSA-Teulada-Moraira-concluye-los-trabajos-de-limpieza-del-Barranco-del-Portet-para-garantizar-la-seguridad-y-el-buen-estado-del-cauce.jpeg\" \/>\n\t<meta property=\"og:image:width\" content=\"1600\" \/>\n\t<meta property=\"og:image:height\" content=\"1200\" \/>\n\t<meta property=\"og:image:type\" content=\"image\/jpeg\" \/>\n<meta name=\"author\" content=\"Redacci\u00f3n\" \/>\n<meta name=\"twitter:card\" content=\"summary_large_image\" \/>\n<meta name=\"twitter:label1\" content=\"Escrit per\" \/>\n\t<meta name=\"twitter:data1\" content=\"Redacci\u00f3n\" \/>\n\t<meta name=\"twitter:label2\" content=\"Temps estimat de lectura\" \/>\n\t<meta name=\"twitter:data2\" content=\"2 minuts\" \/>\n<script type=\"application\/ld+json\" class=\"yoast-schema-graph\">{\"@context\":\"https:\\\/\\\/schema.org\",\"@graph\":[{\"@type\":\"NewsArticle\",\"@id\":\"https:\\\/\\\/radiolitoral.com\\\/2025\\\/06\\\/finalizan-los-trabajos-de-limpieza-en-el-barranco-del-portet\\\/#article\",\"isPartOf\":{\"@id\":\"https:\\\/\\\/radiolitoral.com\\\/2025\\\/06\\\/finalizan-los-trabajos-de-limpieza-en-el-barranco-del-portet\\\/\"},\"author\":{\"name\":\"Redacci\u00f3n\",\"@id\":\"https:\\\/\\\/radiolitoral.com\\\/#\\\/schema\\\/person\\\/96b739642eb3bedb532aac3812d23307\"},\"headline\":\"Finalizan los trabajos de limpieza en el Barranco del Portet\",\"datePublished\":\"2025-06-19T08:20:31+00:00\",\"mainEntityOfPage\":{\"@id\":\"https:\\\/\\\/radiolitoral.com\\\/2025\\\/06\\\/finalizan-los-trabajos-de-limpieza-en-el-barranco-del-portet\\\/\"},\"wordCount\":338,\"commentCount\":0,\"publisher\":{\"@id\":\"https:\\\/\\\/radiolitoral.com\\\/#organization\"},\"image\":{\"@id\":\"https:\\\/\\\/radiolitoral.com\\\/2025\\\/06\\\/finalizan-los-trabajos-de-limpieza-en-el-barranco-del-portet\\\/#primaryimage\"},\"thumbnailUrl\":\"https:\\\/\\\/media.radiolitoral.com\\\/wp-content\\\/uploads\\\/2025\\\/06\\\/19102003\\\/NOTA-DE-PRENSA-Teulada-Moraira-concluye-los-trabajos-de-limpieza-del-Barranco-del-Portet-para-garantizar-la-seguridad-y-el-buen-estado-del-cauce.jpeg\",\"keywords\":[\"barranco El Portet\",\"limpieza barranco\",\"Teulada-Moraira\"],\"articleSection\":[\"Medioambiente\"],\"inLanguage\":\"ca\",\"potentialAction\":[{\"@type\":\"CommentAction\",\"name\":\"Comment\",\"target\":[\"https:\\\/\\\/radiolitoral.com\\\/2025\\\/06\\\/finalizan-los-trabajos-de-limpieza-en-el-barranco-del-portet\\\/#respond\"]}]},{\"@type\":[\"WebPage\",\"ItemPage\"],\"@id\":\"https:\\\/\\\/radiolitoral.com\\\/2025\\\/06\\\/finalizan-los-trabajos-de-limpieza-en-el-barranco-del-portet\\\/\",\"url\":\"https:\\\/\\\/radiolitoral.com\\\/2025\\\/06\\\/finalizan-los-trabajos-de-limpieza-en-el-barranco-del-portet\\\/\",\"name\":\"Finalizan los trabajos de limpieza en el Barranco del Portet | R\u00e0dio Litoral\",\"isPartOf\":{\"@id\":\"https:\\\/\\\/radiolitoral.com\\\/#website\"},\"primaryImageOfPage\":{\"@id\":\"https:\\\/\\\/radiolitoral.com\\\/2025\\\/06\\\/finalizan-los-trabajos-de-limpieza-en-el-barranco-del-portet\\\/#primaryimage\"},\"image\":{\"@id\":\"https:\\\/\\\/radiolitoral.com\\\/2025\\\/06\\\/finalizan-los-trabajos-de-limpieza-en-el-barranco-del-portet\\\/#primaryimage\"},\"thumbnailUrl\":\"https:\\\/\\\/media.radiolitoral.com\\\/wp-content\\\/uploads\\\/2025\\\/06\\\/19102003\\\/NOTA-DE-PRENSA-Teulada-Moraira-concluye-los-trabajos-de-limpieza-del-Barranco-del-Portet-para-garantizar-la-seguridad-y-el-buen-estado-del-cauce.jpeg\",\"datePublished\":\"2025-06-19T08:20:31+00:00\",\"description\":\"Los trabajos han pasado por la eliminaci\u00f3n de especies invasoras como la ca\u00f1a, la acacia y el ailanto\",\"breadcrumb\":{\"@id\":\"https:\\\/\\\/radiolitoral.com\\\/2025\\\/06\\\/finalizan-los-trabajos-de-limpieza-en-el-barranco-del-portet\\\/#breadcrumb\"},\"inLanguage\":\"ca\",\"potentialAction\":[{\"@type\":\"ReadAction\",\"target\":[\"https:\\\/\\\/radiolitoral.com\\\/2025\\\/06\\\/finalizan-los-trabajos-de-limpieza-en-el-barranco-del-portet\\\/\"]}]},{\"@type\":\"ImageObject\",\"inLanguage\":\"ca\",\"@id\":\"https:\\\/\\\/radiolitoral.com\\\/2025\\\/06\\\/finalizan-los-trabajos-de-limpieza-en-el-barranco-del-portet\\\/#primaryimage\",\"url\":\"https:\\\/\\\/media.radiolitoral.com\\\/wp-content\\\/uploads\\\/2025\\\/06\\\/19102003\\\/NOTA-DE-PRENSA-Teulada-Moraira-concluye-los-trabajos-de-limpieza-del-Barranco-del-Portet-para-garantizar-la-seguridad-y-el-buen-estado-del-cauce.jpeg\",\"contentUrl\":\"https:\\\/\\\/media.radiolitoral.com\\\/wp-content\\\/uploads\\\/2025\\\/06\\\/19102003\\\/NOTA-DE-PRENSA-Teulada-Moraira-concluye-los-trabajos-de-limpieza-del-Barranco-del-Portet-para-garantizar-la-seguridad-y-el-buen-estado-del-cauce.jpeg\",\"width\":1600,\"height\":1200},{\"@type\":\"BreadcrumbList\",\"@id\":\"https:\\\/\\\/radiolitoral.com\\\/2025\\\/06\\\/finalizan-los-trabajos-de-limpieza-en-el-barranco-del-portet\\\/#breadcrumb\",\"itemListElement\":[{\"@type\":\"ListItem\",\"position\":1,\"name\":\"Portada\",\"item\":\"https:\\\/\\\/radiolitoral.com\\\/\"},{\"@type\":\"ListItem\",\"position\":2,\"name\":\"Finalizan los trabajos de limpieza en el Barranco del Portet\"}]},{\"@type\":\"WebSite\",\"@id\":\"https:\\\/\\\/radiolitoral.com\\\/#website\",\"url\":\"https:\\\/\\\/radiolitoral.com\\\/\",\"name\":\"Radio Litoral\",\"description\":\"La radio local de la Marina Alta\",\"publisher\":{\"@id\":\"https:\\\/\\\/radiolitoral.com\\\/#organization\"},\"alternateName\":\"Litoral FM\",\"potentialAction\":[{\"@type\":\"SearchAction\",\"target\":{\"@type\":\"EntryPoint\",\"urlTemplate\":\"https:\\\/\\\/radiolitoral.com\\\/?s={search_term_string}\"},\"query-input\":{\"@type\":\"PropertyValueSpecification\",\"valueRequired\":true,\"valueName\":\"search_term_string\"}}],\"inLanguage\":\"ca\"},{\"@type\":\"Organization\",\"@id\":\"https:\\\/\\\/radiolitoral.com\\\/#organization\",\"name\":\"Radio Litoral\",\"url\":\"https:\\\/\\\/radiolitoral.com\\\/\",\"logo\":{\"@type\":\"ImageObject\",\"inLanguage\":\"ca\",\"@id\":\"https:\\\/\\\/radiolitoral.com\\\/#\\\/schema\\\/logo\\\/image\\\/\",\"url\":\"https:\\\/\\\/media.radiolitoral.com\\\/wp-content\\\/uploads\\\/2023\\\/02\\\/24143238\\\/CL-V-RadioLitoral696.png\",\"contentUrl\":\"https:\\\/\\\/media.radiolitoral.com\\\/wp-content\\\/uploads\\\/2023\\\/02\\\/24143238\\\/CL-V-RadioLitoral696.png\",\"width\":696,\"height\":696,\"caption\":\"Radio Litoral\"},\"image\":{\"@id\":\"https:\\\/\\\/radiolitoral.com\\\/#\\\/schema\\\/logo\\\/image\\\/\"},\"sameAs\":[\"https:\\\/\\\/www.facebook.com\\\/Laradiolitoral\\\/\"]},{\"@type\":\"Person\",\"@id\":\"https:\\\/\\\/radiolitoral.com\\\/#\\\/schema\\\/person\\\/96b739642eb3bedb532aac3812d23307\",\"name\":\"Redacci\u00f3n\",\"image\":{\"@type\":\"ImageObject\",\"inLanguage\":\"ca\",\"@id\":\"https:\\\/\\\/secure.gravatar.com\\\/avatar\\\/30cd06129ee90411dd9c7cbdcf17464181d1a3c7b072e92070ea75a25cf0097e?s=96&d=mm&r=g\",\"url\":\"https:\\\/\\\/secure.gravatar.com\\\/avatar\\\/30cd06129ee90411dd9c7cbdcf17464181d1a3c7b072e92070ea75a25cf0097e?s=96&d=mm&r=g\",\"contentUrl\":\"https:\\\/\\\/secure.gravatar.com\\\/avatar\\\/30cd06129ee90411dd9c7cbdcf17464181d1a3c7b072e92070ea75a25cf0097e?s=96&d=mm&r=g\",\"caption\":\"Redacci\u00f3n\"},\"url\":\"https:\\\/\\\/radiolitoral.com\\\/ca\\\/author\\\/kevin-carrio\\\/\"}]}<\/script>\n<!-- \/ Yoast SEO plugin. -->","yoast_head_json":{"title":"Finalitzen els treballs de neteja al Barranc del Portet |","description":"Els treballs han passat per eliminar esp\u00e8cies invasores com la canya, l&#039;ac\u00e0cia i l&#039;ailant","robots":{"index":"index","follow":"follow","max-snippet":"max-snippet:-1","max-image-preview":"max-image-preview:large","max-video-preview":"max-video-preview:-1"},"canonical":"https:\/\/radiolitoral.com\/ca\/2025\/06\/finalitzen-els-treballs-de-neteja-al-barranc-del-portet\/","og_locale":"ca_ES","og_type":"article","og_title":"Finalizan los trabajos de limpieza en el Barranco del Portet | R\u00e0dio Litoral","og_description":"Los trabajos han pasado por la eliminaci\u00f3n de especies invasoras como la ca\u00f1a, la acacia y el ailanto","og_url":"https:\/\/radiolitoral.com\/ca\/2025\/06\/finalitzen-els-treballs-de-neteja-al-barranc-del-portet\/","og_site_name":"R\u00e0dio Litoral","article_publisher":"https:\/\/www.facebook.com\/Laradiolitoral\/","article_published_time":"2025-06-19T08:20:31+00:00","og_image":[{"width":1600,"height":1200,"url":"https:\/\/media.radiolitoral.com\/wp-content\/uploads\/2025\/06\/19102003\/NOTA-DE-PRENSA-Teulada-Moraira-concluye-los-trabajos-de-limpieza-del-Barranco-del-Portet-para-garantizar-la-seguridad-y-el-buen-estado-del-cauce.jpeg","type":"image\/jpeg"}],"author":"Redacci\u00f3n","twitter_card":"summary_large_image","twitter_misc":{"Escrit per":"Redacci\u00f3n","Temps estimat de lectura":"2 minuts"},"schema":{"@context":"https:\/\/schema.org","@graph":[{"@type":"NewsArticle","@id":"https:\/\/radiolitoral.com\/2025\/06\/finalizan-los-trabajos-de-limpieza-en-el-barranco-del-portet\/#article","isPartOf":{"@id":"https:\/\/radiolitoral.com\/2025\/06\/finalizan-los-trabajos-de-limpieza-en-el-barranco-del-portet\/"},"author":{"name":"Redacci\u00f3n","@id":"https:\/\/radiolitoral.com\/#\/schema\/person\/96b739642eb3bedb532aac3812d23307"},"headline":"Finalizan los trabajos de limpieza en el Barranco del Portet","datePublished":"2025-06-19T08:20:31+00:00","mainEntityOfPage":{"@id":"https:\/\/radiolitoral.com\/2025\/06\/finalizan-los-trabajos-de-limpieza-en-el-barranco-del-portet\/"},"wordCount":338,"commentCount":0,"publisher":{"@id":"https:\/\/radiolitoral.com\/#organization"},"image":{"@id":"https:\/\/radiolitoral.com\/2025\/06\/finalizan-los-trabajos-de-limpieza-en-el-barranco-del-portet\/#primaryimage"},"thumbnailUrl":"https:\/\/media.radiolitoral.com\/wp-content\/uploads\/2025\/06\/19102003\/NOTA-DE-PRENSA-Teulada-Moraira-concluye-los-trabajos-de-limpieza-del-Barranco-del-Portet-para-garantizar-la-seguridad-y-el-buen-estado-del-cauce.jpeg","keywords":["barranco El Portet","limpieza barranco","Teulada-Moraira"],"articleSection":["Medioambiente"],"inLanguage":"ca","potentialAction":[{"@type":"CommentAction","name":"Comment","target":["https:\/\/radiolitoral.com\/2025\/06\/finalizan-los-trabajos-de-limpieza-en-el-barranco-del-portet\/#respond"]}]},{"@type":["WebPage","ItemPage"],"@id":"https:\/\/radiolitoral.com\/2025\/06\/finalizan-los-trabajos-de-limpieza-en-el-barranco-del-portet\/","url":"https:\/\/radiolitoral.com\/2025\/06\/finalizan-los-trabajos-de-limpieza-en-el-barranco-del-portet\/","name":"Finalitzen els treballs de neteja al Barranc del Portet |","isPartOf":{"@id":"https:\/\/radiolitoral.com\/#website"},"primaryImageOfPage":{"@id":"https:\/\/radiolitoral.com\/2025\/06\/finalizan-los-trabajos-de-limpieza-en-el-barranco-del-portet\/#primaryimage"},"image":{"@id":"https:\/\/radiolitoral.com\/2025\/06\/finalizan-los-trabajos-de-limpieza-en-el-barranco-del-portet\/#primaryimage"},"thumbnailUrl":"https:\/\/media.radiolitoral.com\/wp-content\/uploads\/2025\/06\/19102003\/NOTA-DE-PRENSA-Teulada-Moraira-concluye-los-trabajos-de-limpieza-del-Barranco-del-Portet-para-garantizar-la-seguridad-y-el-buen-estado-del-cauce.jpeg","datePublished":"2025-06-19T08:20:31+00:00","description":"Els treballs han passat per eliminar esp\u00e8cies invasores com la canya, l&#039;ac\u00e0cia i l&#039;ailant","breadcrumb":{"@id":"https:\/\/radiolitoral.com\/2025\/06\/finalizan-los-trabajos-de-limpieza-en-el-barranco-del-portet\/#breadcrumb"},"inLanguage":"ca","potentialAction":[{"@type":"ReadAction","target":["https:\/\/radiolitoral.com\/2025\/06\/finalizan-los-trabajos-de-limpieza-en-el-barranco-del-portet\/"]}]},{"@type":"ImageObject","inLanguage":"ca","@id":"https:\/\/radiolitoral.com\/2025\/06\/finalizan-los-trabajos-de-limpieza-en-el-barranco-del-portet\/#primaryimage","url":"https:\/\/media.radiolitoral.com\/wp-content\/uploads\/2025\/06\/19102003\/NOTA-DE-PRENSA-Teulada-Moraira-concluye-los-trabajos-de-limpieza-del-Barranco-del-Portet-para-garantizar-la-seguridad-y-el-buen-estado-del-cauce.jpeg","contentUrl":"https:\/\/media.radiolitoral.com\/wp-content\/uploads\/2025\/06\/19102003\/NOTA-DE-PRENSA-Teulada-Moraira-concluye-los-trabajos-de-limpieza-del-Barranco-del-Portet-para-garantizar-la-seguridad-y-el-buen-estado-del-cauce.jpeg","width":1600,"height":1200},{"@type":"BreadcrumbList","@id":"https:\/\/radiolitoral.com\/2025\/06\/finalizan-los-trabajos-de-limpieza-en-el-barranco-del-portet\/#breadcrumb","itemListElement":[{"@type":"ListItem","position":1,"name":"Portada","item":"https:\/\/radiolitoral.com\/"},{"@type":"ListItem","position":2,"name":"Finalizan los trabajos de limpieza en el Barranco del Portet"}]},{"@type":"WebSite","@id":"https:\/\/radiolitoral.com\/#website","url":"https:\/\/radiolitoral.com\/","name":"R\u00e0dio Litoral","description":"La r\u00e0dio local de la Marina Alta","publisher":{"@id":"https:\/\/radiolitoral.com\/#organization"},"alternateName":"Litoral FM","potentialAction":[{"@type":"SearchAction","target":{"@type":"EntryPoint","urlTemplate":"https:\/\/radiolitoral.com\/?s={search_term_string}"},"query-input":{"@type":"PropertyValueSpecification","valueRequired":true,"valueName":"search_term_string"}}],"inLanguage":"ca"},{"@type":"Organization","@id":"https:\/\/radiolitoral.com\/#organization","name":"R\u00e0dio Litoral","url":"https:\/\/radiolitoral.com\/","logo":{"@type":"ImageObject","inLanguage":"ca","@id":"https:\/\/radiolitoral.com\/#\/schema\/logo\/image\/","url":"https:\/\/media.radiolitoral.com\/wp-content\/uploads\/2023\/02\/24143238\/CL-V-RadioLitoral696.png","contentUrl":"https:\/\/media.radiolitoral.com\/wp-content\/uploads\/2023\/02\/24143238\/CL-V-RadioLitoral696.png","width":696,"height":696,"caption":"Radio Litoral"},"image":{"@id":"https:\/\/radiolitoral.com\/#\/schema\/logo\/image\/"},"sameAs":["https:\/\/www.facebook.com\/Laradiolitoral\/"]},{"@type":"Person","@id":"https:\/\/radiolitoral.com\/#\/schema\/person\/96b739642eb3bedb532aac3812d23307","name":"Redacci\u00f3","image":{"@type":"ImageObject","inLanguage":"ca","@id":"https:\/\/secure.gravatar.com\/avatar\/30cd06129ee90411dd9c7cbdcf17464181d1a3c7b072e92070ea75a25cf0097e?s=96&d=mm&r=g","url":"https:\/\/secure.gravatar.com\/avatar\/30cd06129ee90411dd9c7cbdcf17464181d1a3c7b072e92070ea75a25cf0097e?s=96&d=mm&r=g","contentUrl":"https:\/\/secure.gravatar.com\/avatar\/30cd06129ee90411dd9c7cbdcf17464181d1a3c7b072e92070ea75a25cf0097e?s=96&d=mm&r=g","caption":"Redacci\u00f3n"},"url":"https:\/\/radiolitoral.com\/ca\/author\/kevin-carrio\/"}]}},"_links":{"self":[{"href":"https:\/\/radiolitoral.com\/ca\/wp-json\/wp\/v2\/posts\/17308","targetHints":{"allow":["GET"]}}],"collection":[{"href":"https:\/\/radiolitoral.com\/ca\/wp-json\/wp\/v2\/posts"}],"about":[{"href":"https:\/\/radiolitoral.com\/ca\/wp-json\/wp\/v2\/types\/post"}],"author":[{"embeddable":true,"href":"https:\/\/radiolitoral.com\/ca\/wp-json\/wp\/v2\/users\/14"}],"replies":[{"embeddable":true,"href":"https:\/\/radiolitoral.com\/ca\/wp-json\/wp\/v2\/comments?post=17308"}],"version-history":[{"count":1,"href":"https:\/\/radiolitoral.com\/ca\/wp-json\/wp\/v2\/posts\/17308\/revisions"}],"predecessor-version":[{"id":17311,"href":"https:\/\/radiolitoral.com\/ca\/wp-json\/wp\/v2\/posts\/17308\/revisions\/17311"}],"wp:featuredmedia":[{"embeddable":true,"href":"https:\/\/radiolitoral.com\/ca\/wp-json\/wp\/v2\/media\/17310"}],"wp:attachment":[{"href":"https:\/\/radiolitoral.com\/ca\/wp-json\/wp\/v2\/media?parent=17308"}],"wp:term":[{"taxonomy":"category","embeddable":true,"href":"https:\/\/radiolitoral.com\/ca\/wp-json\/wp\/v2\/categories?post=17308"},{"taxonomy":"post_tag","embeddable":true,"href":"https:\/\/radiolitoral.com\/ca\/wp-json\/wp\/v2\/tags?post=17308"}],"curies":[{"name":"wp","href":"https:\/\/api.w.org\/{rel}","templated":true}]}}