{"id":17268,"date":"2025-06-13T17:11:05","date_gmt":"2025-06-13T15:11:05","guid":{"rendered":"https:\/\/radiolitoral.com\/?p=17268"},"modified":"2025-06-13T17:11:05","modified_gmt":"2025-06-13T15:11:05","slug":"arturo-poquet-repassa-els-seus-sis-anys-dalcaldia-a-benissa","status":"publish","type":"post","link":"https:\/\/radiolitoral.com\/ca\/2025\/06\/arturo-poquet-repasa-sus-seis-anos-de-alcaldia-en-benissa\/","title":{"rendered":"Arturo Poquet repassa els seus sis anys d&#039;alcaldia a Benissa"},"content":{"rendered":"<p>Sis anys de batlia, \u00e9s el recorregut que <strong>Arturo Poquet<\/strong> porta a l&#039;esquena davant de l&#039;Ajuntament de <strong>Benissa<\/strong>. Ara, complint la <strong>meitat de la legislatura<\/strong>Benissa podr\u00edem dir que es troba en una etapa d&#039;inversions i de creixement. Aix\u00ed ho reflecteixen dades que hem pogut con\u00e8ixer recentment, com s\u00f3n els Pressupostos Participatius, per\u00f2 aix\u00f2 nom\u00e9s \u00e9s un de molts punts en qu\u00e8 Benissa destaca.<\/p>\n<p>Per aquesta mateixa ra\u00f3, Arturo Poquet ha acudit al <strong>Informatiu de R\u00e0dio Litoral<\/strong>, a l&#039;edici\u00f3 d&#039;aquest dijous 12 de juny, per fer balan\u00e7 de la gesti\u00f3 de l&#039;equip de govern.<\/p>\n<p data-start=\"0\" data-end=\"665\">L&#039;alcalde ha expressat la seva satisfacci\u00f3 pels resultats obtinguts a la segona edici\u00f3 dels <strong>Pressupostos Participatius<\/strong>, destacant la partida destinada al fet que \u00abels ve\u00efns decideixin en qu\u00e8 volen invertir\u00bb. Entre les propostes, l&#039;opci\u00f3 m\u00e9s votada va ser la creaci\u00f3 d&#039;una carpa per a escenari. coincidint amb el 50\u00e8 aniversari de les celebracions.<\/p>\n<p data-start=\"667\" data-end=\"1276\">Pel que fa a turisme, Poquet va esmentar la visita del secretari auton\u00f2mic de Turisme a Benissa el dijous 12 de juny, a fi d&#039;avaluar l&#039;aven\u00e7 dels projectes finan\u00e7ats pel <strong>Pla de Sostenibilitat Tur\u00edstica a Destinacions<\/strong> (PSTD), que t\u00e9 m\u00e9s de 2 milions d&#039;euros. Entre els projectes destaquen la conversi\u00f3 en zona de vianants de diversos carrers, les millores a les voreres de l&#039;avinguda Constituci\u00f3, la <strong>renovaci\u00f3 de l&#039;Oficina de Turisme<\/strong> a la costa i la urbanitzaci\u00f3 del nou edifici de l&#039;Ajuntament. Sobre aquest \u00faltim, l&#039;alcalde va indicar que es preveu la mudan\u00e7a a les noves instal\u00b7lacions al setembre.<\/p>\n<p data-start=\"1278\" data-end=\"1745\" data-is-last-node=\"\" data-is-only-node=\"\">Un altre projecte \u00e9s el futur <strong>Centre de Dia<\/strong>, que es construir\u00e0 al costat de la resid\u00e8ncia. En aquest moment, l\u02bbequip de govern est\u00e0 treballant estretament amb els t\u00e8cnics de la Conselleria per validar el projecte d\u02bbaquesta infraestructura. L&#039;alcalde va destacar que &quot;l&#039;Ajuntament est\u00e0 comprom\u00e8s al 100% per fer d&#039;aquest projecte una realitat&quot;, i va explicar que el centre de dia comptar\u00e0 amb entre 80 i 90 usuaris, amb la intenci\u00f3 que sigui un referent a la regi\u00f3.<\/p>\n<p data-start=\"1278\" data-end=\"1745\" data-is-last-node=\"\" data-is-only-node=\"\">Pots escoltar l&#039;entrevista al seg\u00fcent podcast.<\/p>\n<audio class=\"wp-audio-shortcode\" id=\"audio-17268-1\" preload=\"none\" style=\"width: 100%;\" controls=\"controls\"><source type=\"audio\/mpeg\" src=\"https:\/\/media.radiolitoral.com\/wp-content\/uploads\/2025\/06\/13170452\/20250612-Entrevista-Arturo-Poquet.mp3?_=1\" \/><a href=\"https:\/\/media.radiolitoral.com\/wp-content\/uploads\/2025\/06\/13170452\/20250612-Entrevista-Arturo-Poquet.mp3\">https:\/\/media.radiolitoral.com\/wp-content\/uploads\/2025\/06\/13170452\/20250612-Entrevista-Arturo-Poquet.mp3<\/a><\/audio>","protected":false},"excerpt":{"rendered":"<p>Seis a\u00f1os de alcald\u00eda, es el recorrido que Arturo Poquet lleva a su espalda frente al Ayuntamiento de Benissa. Ahora, cumpliendo la mitad de la legislatura, Benissa podr\u00edamos decir que se encuentra en una etapa de inversiones y de crecimiento. As\u00ed lo reflejan datos que hemos podido conocer recientemente, como son los Presupuestos Participativos, pero [&#8230;]<\/p>\n<p><a class=\"btn btn-secondary understrap-read-more-link\" href=\"https:\/\/radiolitoral.com\/ca\/2025\/06\/arturo-poquet-repasa-sus-seis-anos-de-alcaldia-en-benissa\/\">Continua llegint&#8230;<span class=\"screen-reader-text\"> from Arturo Poquet repasa sus seis a\u00f1os de alcald\u00eda en Benissa<\/span><\/a><\/p>\n","protected":false},"author":14,"featured_media":17270,"comment_status":"open","ping_status":"closed","sticky":false,"template":"","format":"standard","meta":{"_acf_changed":false,"inline_featured_image":false,"footnotes":""},"categories":[2753,13],"tags":[4535,1209,126,1608],"class_list":["post-17268","post","type-post","status-publish","format-standard","has-post-thumbnail","hentry","category-entrevistas","category-politica","tag-alcalde-benissa","tag-arturo-poquet","tag-benissa","tag-entrevista","cobertura-benissa"],"acf":[],"yoast_head":"<!-- This site is optimized with the Yoast SEO plugin v27.5 - https:\/\/yoast.com\/product\/yoast-seo-wordpress\/ -->\n<title>Arturo Poquet repasa sus seis a\u00f1os de alcald\u00eda en Benissa | R\u00e0dio Litoral<\/title>\n<meta name=\"description\" content=\"El mun\u00edcipe acude al Informativo de R\u00e0dio Litoral en el marco de balances por el ecuador de la legislatura\" \/>\n<meta name=\"robots\" content=\"index, follow, max-snippet:-1, max-image-preview:large, max-video-preview:-1\" \/>\n<link rel=\"canonical\" href=\"https:\/\/radiolitoral.com\/ca\/2025\/06\/arturo-poquet-repassa-els-seus-sis-anys-dalcaldia-a-benissa\/\" \/>\n<meta property=\"og:locale\" content=\"ca_ES\" \/>\n<meta property=\"og:type\" content=\"article\" \/>\n<meta property=\"og:title\" content=\"Arturo Poquet repasa sus seis a\u00f1os de alcald\u00eda en Benissa | R\u00e0dio Litoral\" \/>\n<meta property=\"og:description\" content=\"El mun\u00edcipe acude al Informativo de R\u00e0dio Litoral en el marco de balances por el ecuador de la legislatura\" \/>\n<meta property=\"og:url\" content=\"https:\/\/radiolitoral.com\/ca\/2025\/06\/arturo-poquet-repassa-els-seus-sis-anys-dalcaldia-a-benissa\/\" \/>\n<meta property=\"og:site_name\" content=\"R\u00e0dio Litoral\" \/>\n<meta property=\"article:publisher\" content=\"https:\/\/www.facebook.com\/Laradiolitoral\/\" \/>\n<meta property=\"article:published_time\" content=\"2025-06-13T15:11:05+00:00\" \/>\n<meta property=\"og:image\" content=\"https:\/\/media.radiolitoral.com\/wp-content\/uploads\/2025\/06\/13170951\/Arturo-Poquet-Radio-Litoral.jpeg\" \/>\n\t<meta property=\"og:image:width\" content=\"2048\" \/>\n\t<meta property=\"og:image:height\" content=\"1536\" \/>\n\t<meta property=\"og:image:type\" content=\"image\/jpeg\" \/>\n<meta name=\"author\" content=\"Redacci\u00f3n\" \/>\n<meta name=\"twitter:card\" content=\"summary_large_image\" \/>\n<meta name=\"twitter:label1\" content=\"Escrit per\" \/>\n\t<meta name=\"twitter:data1\" content=\"Redacci\u00f3n\" \/>\n\t<meta name=\"twitter:label2\" content=\"Temps estimat de lectura\" \/>\n\t<meta name=\"twitter:data2\" content=\"3 minuts\" \/>\n<script type=\"application\/ld+json\" class=\"yoast-schema-graph\">{\"@context\":\"https:\\\/\\\/schema.org\",\"@graph\":[{\"@type\":\"NewsArticle\",\"@id\":\"https:\\\/\\\/radiolitoral.com\\\/2025\\\/06\\\/arturo-poquet-repasa-sus-seis-anos-de-alcaldia-en-benissa\\\/#article\",\"isPartOf\":{\"@id\":\"https:\\\/\\\/radiolitoral.com\\\/2025\\\/06\\\/arturo-poquet-repasa-sus-seis-anos-de-alcaldia-en-benissa\\\/\"},\"author\":{\"name\":\"Redacci\u00f3n\",\"@id\":\"https:\\\/\\\/radiolitoral.com\\\/#\\\/schema\\\/person\\\/96b739642eb3bedb532aac3812d23307\"},\"headline\":\"Arturo Poquet repasa sus seis a\u00f1os de alcald\u00eda en Benissa\",\"datePublished\":\"2025-06-13T15:11:05+00:00\",\"mainEntityOfPage\":{\"@id\":\"https:\\\/\\\/radiolitoral.com\\\/2025\\\/06\\\/arturo-poquet-repasa-sus-seis-anos-de-alcaldia-en-benissa\\\/\"},\"wordCount\":440,\"commentCount\":0,\"publisher\":{\"@id\":\"https:\\\/\\\/radiolitoral.com\\\/#organization\"},\"image\":{\"@id\":\"https:\\\/\\\/radiolitoral.com\\\/2025\\\/06\\\/arturo-poquet-repasa-sus-seis-anos-de-alcaldia-en-benissa\\\/#primaryimage\"},\"thumbnailUrl\":\"https:\\\/\\\/media.radiolitoral.com\\\/wp-content\\\/uploads\\\/2025\\\/06\\\/13170951\\\/Arturo-Poquet-Radio-Litoral.jpeg\",\"keywords\":[\"alcalde Benissa\",\"Arturo Poquet\",\"Benissa\",\"Entrevista\"],\"articleSection\":[\"Entrevistas\",\"Pol\u00edtica\"],\"inLanguage\":\"ca\",\"potentialAction\":[{\"@type\":\"CommentAction\",\"name\":\"Comment\",\"target\":[\"https:\\\/\\\/radiolitoral.com\\\/2025\\\/06\\\/arturo-poquet-repasa-sus-seis-anos-de-alcaldia-en-benissa\\\/#respond\"]}]},{\"@type\":[\"WebPage\",\"ItemPage\"],\"@id\":\"https:\\\/\\\/radiolitoral.com\\\/2025\\\/06\\\/arturo-poquet-repasa-sus-seis-anos-de-alcaldia-en-benissa\\\/\",\"url\":\"https:\\\/\\\/radiolitoral.com\\\/2025\\\/06\\\/arturo-poquet-repasa-sus-seis-anos-de-alcaldia-en-benissa\\\/\",\"name\":\"Arturo Poquet repasa sus seis a\u00f1os de alcald\u00eda en Benissa | R\u00e0dio Litoral\",\"isPartOf\":{\"@id\":\"https:\\\/\\\/radiolitoral.com\\\/#website\"},\"primaryImageOfPage\":{\"@id\":\"https:\\\/\\\/radiolitoral.com\\\/2025\\\/06\\\/arturo-poquet-repasa-sus-seis-anos-de-alcaldia-en-benissa\\\/#primaryimage\"},\"image\":{\"@id\":\"https:\\\/\\\/radiolitoral.com\\\/2025\\\/06\\\/arturo-poquet-repasa-sus-seis-anos-de-alcaldia-en-benissa\\\/#primaryimage\"},\"thumbnailUrl\":\"https:\\\/\\\/media.radiolitoral.com\\\/wp-content\\\/uploads\\\/2025\\\/06\\\/13170951\\\/Arturo-Poquet-Radio-Litoral.jpeg\",\"datePublished\":\"2025-06-13T15:11:05+00:00\",\"description\":\"El mun\u00edcipe acude al Informativo de R\u00e0dio Litoral en el marco de balances por el ecuador de la legislatura\",\"breadcrumb\":{\"@id\":\"https:\\\/\\\/radiolitoral.com\\\/2025\\\/06\\\/arturo-poquet-repasa-sus-seis-anos-de-alcaldia-en-benissa\\\/#breadcrumb\"},\"inLanguage\":\"ca\",\"potentialAction\":[{\"@type\":\"ReadAction\",\"target\":[\"https:\\\/\\\/radiolitoral.com\\\/2025\\\/06\\\/arturo-poquet-repasa-sus-seis-anos-de-alcaldia-en-benissa\\\/\"]}]},{\"@type\":\"ImageObject\",\"inLanguage\":\"ca\",\"@id\":\"https:\\\/\\\/radiolitoral.com\\\/2025\\\/06\\\/arturo-poquet-repasa-sus-seis-anos-de-alcaldia-en-benissa\\\/#primaryimage\",\"url\":\"https:\\\/\\\/media.radiolitoral.com\\\/wp-content\\\/uploads\\\/2025\\\/06\\\/13170951\\\/Arturo-Poquet-Radio-Litoral.jpeg\",\"contentUrl\":\"https:\\\/\\\/media.radiolitoral.com\\\/wp-content\\\/uploads\\\/2025\\\/06\\\/13170951\\\/Arturo-Poquet-Radio-Litoral.jpeg\",\"width\":2048,\"height\":1536},{\"@type\":\"BreadcrumbList\",\"@id\":\"https:\\\/\\\/radiolitoral.com\\\/2025\\\/06\\\/arturo-poquet-repasa-sus-seis-anos-de-alcaldia-en-benissa\\\/#breadcrumb\",\"itemListElement\":[{\"@type\":\"ListItem\",\"position\":1,\"name\":\"Portada\",\"item\":\"https:\\\/\\\/radiolitoral.com\\\/\"},{\"@type\":\"ListItem\",\"position\":2,\"name\":\"Arturo Poquet repasa sus seis a\u00f1os de alcald\u00eda en Benissa\"}]},{\"@type\":\"WebSite\",\"@id\":\"https:\\\/\\\/radiolitoral.com\\\/#website\",\"url\":\"https:\\\/\\\/radiolitoral.com\\\/\",\"name\":\"Radio Litoral\",\"description\":\"La radio local de la Marina Alta\",\"publisher\":{\"@id\":\"https:\\\/\\\/radiolitoral.com\\\/#organization\"},\"alternateName\":\"Litoral FM\",\"potentialAction\":[{\"@type\":\"SearchAction\",\"target\":{\"@type\":\"EntryPoint\",\"urlTemplate\":\"https:\\\/\\\/radiolitoral.com\\\/?s={search_term_string}\"},\"query-input\":{\"@type\":\"PropertyValueSpecification\",\"valueRequired\":true,\"valueName\":\"search_term_string\"}}],\"inLanguage\":\"ca\"},{\"@type\":\"Organization\",\"@id\":\"https:\\\/\\\/radiolitoral.com\\\/#organization\",\"name\":\"Radio Litoral\",\"url\":\"https:\\\/\\\/radiolitoral.com\\\/\",\"logo\":{\"@type\":\"ImageObject\",\"inLanguage\":\"ca\",\"@id\":\"https:\\\/\\\/radiolitoral.com\\\/#\\\/schema\\\/logo\\\/image\\\/\",\"url\":\"https:\\\/\\\/media.radiolitoral.com\\\/wp-content\\\/uploads\\\/2023\\\/02\\\/24143238\\\/CL-V-RadioLitoral696.png\",\"contentUrl\":\"https:\\\/\\\/media.radiolitoral.com\\\/wp-content\\\/uploads\\\/2023\\\/02\\\/24143238\\\/CL-V-RadioLitoral696.png\",\"width\":696,\"height\":696,\"caption\":\"Radio Litoral\"},\"image\":{\"@id\":\"https:\\\/\\\/radiolitoral.com\\\/#\\\/schema\\\/logo\\\/image\\\/\"},\"sameAs\":[\"https:\\\/\\\/www.facebook.com\\\/Laradiolitoral\\\/\"]},{\"@type\":\"Person\",\"@id\":\"https:\\\/\\\/radiolitoral.com\\\/#\\\/schema\\\/person\\\/96b739642eb3bedb532aac3812d23307\",\"name\":\"Redacci\u00f3n\",\"image\":{\"@type\":\"ImageObject\",\"inLanguage\":\"ca\",\"@id\":\"https:\\\/\\\/secure.gravatar.com\\\/avatar\\\/30cd06129ee90411dd9c7cbdcf17464181d1a3c7b072e92070ea75a25cf0097e?s=96&d=mm&r=g\",\"url\":\"https:\\\/\\\/secure.gravatar.com\\\/avatar\\\/30cd06129ee90411dd9c7cbdcf17464181d1a3c7b072e92070ea75a25cf0097e?s=96&d=mm&r=g\",\"contentUrl\":\"https:\\\/\\\/secure.gravatar.com\\\/avatar\\\/30cd06129ee90411dd9c7cbdcf17464181d1a3c7b072e92070ea75a25cf0097e?s=96&d=mm&r=g\",\"caption\":\"Redacci\u00f3n\"},\"url\":\"https:\\\/\\\/radiolitoral.com\\\/ca\\\/author\\\/kevin-carrio\\\/\"}]}<\/script>\n<!-- \/ Yoast SEO plugin. -->","yoast_head_json":{"title":"Arturo Poquet repassa els sis anys d&#039;alcaldia a Benissa | R\u00e0dio Litoral","description":"El municipi acudeix a l&#039;Informatiu de R\u00e0dio Litoral en el marc de balan\u00e7os per l&#039;equador de la legislatura","robots":{"index":"index","follow":"follow","max-snippet":"max-snippet:-1","max-image-preview":"max-image-preview:large","max-video-preview":"max-video-preview:-1"},"canonical":"https:\/\/radiolitoral.com\/ca\/2025\/06\/arturo-poquet-repassa-els-seus-sis-anys-dalcaldia-a-benissa\/","og_locale":"ca_ES","og_type":"article","og_title":"Arturo Poquet repasa sus seis a\u00f1os de alcald\u00eda en Benissa | R\u00e0dio Litoral","og_description":"El mun\u00edcipe acude al Informativo de R\u00e0dio Litoral en el marco de balances por el ecuador de la legislatura","og_url":"https:\/\/radiolitoral.com\/ca\/2025\/06\/arturo-poquet-repassa-els-seus-sis-anys-dalcaldia-a-benissa\/","og_site_name":"R\u00e0dio Litoral","article_publisher":"https:\/\/www.facebook.com\/Laradiolitoral\/","article_published_time":"2025-06-13T15:11:05+00:00","og_image":[{"width":2048,"height":1536,"url":"https:\/\/media.radiolitoral.com\/wp-content\/uploads\/2025\/06\/13170951\/Arturo-Poquet-Radio-Litoral.jpeg","type":"image\/jpeg"}],"author":"Redacci\u00f3n","twitter_card":"summary_large_image","twitter_misc":{"Escrit per":"Redacci\u00f3n","Temps estimat de lectura":"3 minuts"},"schema":{"@context":"https:\/\/schema.org","@graph":[{"@type":"NewsArticle","@id":"https:\/\/radiolitoral.com\/2025\/06\/arturo-poquet-repasa-sus-seis-anos-de-alcaldia-en-benissa\/#article","isPartOf":{"@id":"https:\/\/radiolitoral.com\/2025\/06\/arturo-poquet-repasa-sus-seis-anos-de-alcaldia-en-benissa\/"},"author":{"name":"Redacci\u00f3n","@id":"https:\/\/radiolitoral.com\/#\/schema\/person\/96b739642eb3bedb532aac3812d23307"},"headline":"Arturo Poquet repasa sus seis a\u00f1os de alcald\u00eda en Benissa","datePublished":"2025-06-13T15:11:05+00:00","mainEntityOfPage":{"@id":"https:\/\/radiolitoral.com\/2025\/06\/arturo-poquet-repasa-sus-seis-anos-de-alcaldia-en-benissa\/"},"wordCount":440,"commentCount":0,"publisher":{"@id":"https:\/\/radiolitoral.com\/#organization"},"image":{"@id":"https:\/\/radiolitoral.com\/2025\/06\/arturo-poquet-repasa-sus-seis-anos-de-alcaldia-en-benissa\/#primaryimage"},"thumbnailUrl":"https:\/\/media.radiolitoral.com\/wp-content\/uploads\/2025\/06\/13170951\/Arturo-Poquet-Radio-Litoral.jpeg","keywords":["alcalde Benissa","Arturo Poquet","Benissa","Entrevista"],"articleSection":["Entrevistas","Pol\u00edtica"],"inLanguage":"ca","potentialAction":[{"@type":"CommentAction","name":"Comment","target":["https:\/\/radiolitoral.com\/2025\/06\/arturo-poquet-repasa-sus-seis-anos-de-alcaldia-en-benissa\/#respond"]}]},{"@type":["WebPage","ItemPage"],"@id":"https:\/\/radiolitoral.com\/2025\/06\/arturo-poquet-repasa-sus-seis-anos-de-alcaldia-en-benissa\/","url":"https:\/\/radiolitoral.com\/2025\/06\/arturo-poquet-repasa-sus-seis-anos-de-alcaldia-en-benissa\/","name":"Arturo Poquet repassa els sis anys d&#039;alcaldia a Benissa | R\u00e0dio Litoral","isPartOf":{"@id":"https:\/\/radiolitoral.com\/#website"},"primaryImageOfPage":{"@id":"https:\/\/radiolitoral.com\/2025\/06\/arturo-poquet-repasa-sus-seis-anos-de-alcaldia-en-benissa\/#primaryimage"},"image":{"@id":"https:\/\/radiolitoral.com\/2025\/06\/arturo-poquet-repasa-sus-seis-anos-de-alcaldia-en-benissa\/#primaryimage"},"thumbnailUrl":"https:\/\/media.radiolitoral.com\/wp-content\/uploads\/2025\/06\/13170951\/Arturo-Poquet-Radio-Litoral.jpeg","datePublished":"2025-06-13T15:11:05+00:00","description":"El municipi acudeix a l&#039;Informatiu de R\u00e0dio Litoral en el marc de balan\u00e7os per l&#039;equador de la legislatura","breadcrumb":{"@id":"https:\/\/radiolitoral.com\/2025\/06\/arturo-poquet-repasa-sus-seis-anos-de-alcaldia-en-benissa\/#breadcrumb"},"inLanguage":"ca","potentialAction":[{"@type":"ReadAction","target":["https:\/\/radiolitoral.com\/2025\/06\/arturo-poquet-repasa-sus-seis-anos-de-alcaldia-en-benissa\/"]}]},{"@type":"ImageObject","inLanguage":"ca","@id":"https:\/\/radiolitoral.com\/2025\/06\/arturo-poquet-repasa-sus-seis-anos-de-alcaldia-en-benissa\/#primaryimage","url":"https:\/\/media.radiolitoral.com\/wp-content\/uploads\/2025\/06\/13170951\/Arturo-Poquet-Radio-Litoral.jpeg","contentUrl":"https:\/\/media.radiolitoral.com\/wp-content\/uploads\/2025\/06\/13170951\/Arturo-Poquet-Radio-Litoral.jpeg","width":2048,"height":1536},{"@type":"BreadcrumbList","@id":"https:\/\/radiolitoral.com\/2025\/06\/arturo-poquet-repasa-sus-seis-anos-de-alcaldia-en-benissa\/#breadcrumb","itemListElement":[{"@type":"ListItem","position":1,"name":"Portada","item":"https:\/\/radiolitoral.com\/"},{"@type":"ListItem","position":2,"name":"Arturo Poquet repasa sus seis a\u00f1os de alcald\u00eda en Benissa"}]},{"@type":"WebSite","@id":"https:\/\/radiolitoral.com\/#website","url":"https:\/\/radiolitoral.com\/","name":"R\u00e0dio Litoral","description":"La r\u00e0dio local de la Marina Alta","publisher":{"@id":"https:\/\/radiolitoral.com\/#organization"},"alternateName":"Litoral FM","potentialAction":[{"@type":"SearchAction","target":{"@type":"EntryPoint","urlTemplate":"https:\/\/radiolitoral.com\/?s={search_term_string}"},"query-input":{"@type":"PropertyValueSpecification","valueRequired":true,"valueName":"search_term_string"}}],"inLanguage":"ca"},{"@type":"Organization","@id":"https:\/\/radiolitoral.com\/#organization","name":"R\u00e0dio Litoral","url":"https:\/\/radiolitoral.com\/","logo":{"@type":"ImageObject","inLanguage":"ca","@id":"https:\/\/radiolitoral.com\/#\/schema\/logo\/image\/","url":"https:\/\/media.radiolitoral.com\/wp-content\/uploads\/2023\/02\/24143238\/CL-V-RadioLitoral696.png","contentUrl":"https:\/\/media.radiolitoral.com\/wp-content\/uploads\/2023\/02\/24143238\/CL-V-RadioLitoral696.png","width":696,"height":696,"caption":"Radio Litoral"},"image":{"@id":"https:\/\/radiolitoral.com\/#\/schema\/logo\/image\/"},"sameAs":["https:\/\/www.facebook.com\/Laradiolitoral\/"]},{"@type":"Person","@id":"https:\/\/radiolitoral.com\/#\/schema\/person\/96b739642eb3bedb532aac3812d23307","name":"Redacci\u00f3","image":{"@type":"ImageObject","inLanguage":"ca","@id":"https:\/\/secure.gravatar.com\/avatar\/30cd06129ee90411dd9c7cbdcf17464181d1a3c7b072e92070ea75a25cf0097e?s=96&d=mm&r=g","url":"https:\/\/secure.gravatar.com\/avatar\/30cd06129ee90411dd9c7cbdcf17464181d1a3c7b072e92070ea75a25cf0097e?s=96&d=mm&r=g","contentUrl":"https:\/\/secure.gravatar.com\/avatar\/30cd06129ee90411dd9c7cbdcf17464181d1a3c7b072e92070ea75a25cf0097e?s=96&d=mm&r=g","caption":"Redacci\u00f3n"},"url":"https:\/\/radiolitoral.com\/ca\/author\/kevin-carrio\/"}]}},"_links":{"self":[{"href":"https:\/\/radiolitoral.com\/ca\/wp-json\/wp\/v2\/posts\/17268","targetHints":{"allow":["GET"]}}],"collection":[{"href":"https:\/\/radiolitoral.com\/ca\/wp-json\/wp\/v2\/posts"}],"about":[{"href":"https:\/\/radiolitoral.com\/ca\/wp-json\/wp\/v2\/types\/post"}],"author":[{"embeddable":true,"href":"https:\/\/radiolitoral.com\/ca\/wp-json\/wp\/v2\/users\/14"}],"replies":[{"embeddable":true,"href":"https:\/\/radiolitoral.com\/ca\/wp-json\/wp\/v2\/comments?post=17268"}],"version-history":[{"count":1,"href":"https:\/\/radiolitoral.com\/ca\/wp-json\/wp\/v2\/posts\/17268\/revisions"}],"predecessor-version":[{"id":17271,"href":"https:\/\/radiolitoral.com\/ca\/wp-json\/wp\/v2\/posts\/17268\/revisions\/17271"}],"wp:featuredmedia":[{"embeddable":true,"href":"https:\/\/radiolitoral.com\/ca\/wp-json\/wp\/v2\/media\/17270"}],"wp:attachment":[{"href":"https:\/\/radiolitoral.com\/ca\/wp-json\/wp\/v2\/media?parent=17268"}],"wp:term":[{"taxonomy":"category","embeddable":true,"href":"https:\/\/radiolitoral.com\/ca\/wp-json\/wp\/v2\/categories?post=17268"},{"taxonomy":"post_tag","embeddable":true,"href":"https:\/\/radiolitoral.com\/ca\/wp-json\/wp\/v2\/tags?post=17268"}],"curies":[{"name":"wp","href":"https:\/\/api.w.org\/{rel}","templated":true}]}}