{"id":1725,"date":"2023-03-28T15:24:31","date_gmt":"2023-03-28T13:24:31","guid":{"rendered":"https:\/\/radiolitoral.com\/?p=1725"},"modified":"2023-03-28T16:11:43","modified_gmt":"2023-03-28T14:11:43","slug":"lalcaldable-cessar-sanchez-lamenta-que-lalcaldessa-abandoni-el-pp","status":"publish","type":"post","link":"https:\/\/radiolitoral.com\/ca\/2023\/03\/el-alcaldable-cesar-sanchez-lamenta-que-la-alcaldesa-abandone-el-pp\/","title":{"rendered":"L?alcaldable C\u00e9sar S\u00e1nchez lamenta que l?alcaldessa de Calp abandoni el PP"},"content":{"rendered":"<p>El <strong>n\u00famero 1 del PP a la ciutat del Penyal, C\u00e9sar S\u00e1nchez<\/strong>, a trav\u00e9s d&#039;un comunicat<strong> ha mostrat la tristesa que sent el PP en con\u00e8ixer que l&#039;actual alcaldessa hagi decidit abandonar el grup popular<\/strong> i trencar el seu comprom\u00eds amb el partit amb qu\u00e8 va ser 12 anys regidor i que la va portar a l&#039;Alcaldia.<\/p>\n<p>I encara que S\u00e1nchez afirma que mai no parlar\u00e0 malament de Sala, considera que no hi ha motiu que justifiqui voler fer mal al PP i posar en risc l&#039;estabilitat del municipi, a causa de la decisi\u00f3 presa per l&#039;encara alcaldessa de la localitat, de presentar-se sota unes noves sigles independents per revalidar el c\u00e0rrec. <strong>S\u00e1nchez considera que ni els votants populars, ni els ve\u00efns de Calp es mereixen un comportament aix\u00ed<\/strong>. I llan\u00e7a un missatge a Sala, remarcant que la pol\u00edtica \u00e9s una cosa molt seriosa que no va d&#039;egos ni de personalismes.<\/p>\n<p>L&#039;alcaldable popular, assegura que ha demanat a tots els regidors del seu partit que es mantinguin en les seves responsabilitats fins a l&#039;\u00faltim dia de la legislatura per lleialtat a la confian\u00e7a que els calpins els van donar a les eleccions municipals.<\/p>","protected":false},"excerpt":{"rendered":"<p>El n\u00famero 1 del PP en la ciudad del Pe\u00f1\u00f3n, C\u00e9sar S\u00e1nchez, a trav\u00e9s de un comunicado ha mostrado la tristeza que siente el PP al conocer que la actual alcaldesa haya decidido abandonar el grupo popular y romper su compromiso con el partido con el que fue 12 a\u00f1os concejal y que la llev\u00f3 [&#8230;]<\/p>\n<p><a class=\"btn btn-secondary understrap-read-more-link\" href=\"https:\/\/radiolitoral.com\/ca\/2023\/03\/el-alcaldable-cesar-sanchez-lamenta-que-la-alcaldesa-abandone-el-pp\/\">Continua llegint&#8230;<span class=\"screen-reader-text\"> from El alcaldable C\u00e9sar S\u00e1nchez lamenta que la alcaldesa de Calp abandone el PP<\/span><\/a><\/p>\n","protected":false},"author":21,"featured_media":1726,"comment_status":"open","ping_status":"closed","sticky":false,"template":"","format":"standard","meta":{"_acf_changed":false,"inline_featured_image":false,"footnotes":""},"categories":[13],"tags":[31,99,161,274],"class_list":["post-1725","post","type-post","status-publish","format-standard","has-post-thumbnail","hentry","category-politica","tag-ana-sala","tag-cesar-sanchez","tag-elecciones-2023","tag-elecciones-calp","cobertura-calp"],"acf":[],"yoast_head":"<!-- This site is optimized with the Yoast SEO plugin v27.5 - https:\/\/yoast.com\/product\/yoast-seo-wordpress\/ -->\n<title>El alcaldable C\u00e9sar S\u00e1nchez lamenta que la alcaldesa de Calp abandone el PP | R\u00e0dio Litoral<\/title>\n<meta name=\"description\" content=\"S\u00e1nchez considera que los vecinos no merecen un comportamiento as\u00ed\" \/>\n<meta name=\"robots\" content=\"index, follow, max-snippet:-1, max-image-preview:large, max-video-preview:-1\" \/>\n<link rel=\"canonical\" href=\"https:\/\/radiolitoral.com\/ca\/2023\/03\/lalcaldable-cessar-sanchez-lamenta-que-lalcaldessa-abandoni-el-pp\/\" \/>\n<meta property=\"og:locale\" content=\"ca_ES\" \/>\n<meta property=\"og:type\" content=\"article\" \/>\n<meta property=\"og:title\" content=\"El alcaldable C\u00e9sar S\u00e1nchez lamenta que la alcaldesa de Calp abandone el PP | R\u00e0dio Litoral\" \/>\n<meta property=\"og:description\" content=\"S\u00e1nchez considera que los vecinos no merecen un comportamiento as\u00ed\" \/>\n<meta property=\"og:url\" content=\"https:\/\/radiolitoral.com\/ca\/2023\/03\/lalcaldable-cessar-sanchez-lamenta-que-lalcaldessa-abandoni-el-pp\/\" \/>\n<meta property=\"og:site_name\" content=\"R\u00e0dio Litoral\" \/>\n<meta property=\"article:publisher\" content=\"https:\/\/www.facebook.com\/Laradiolitoral\/\" \/>\n<meta property=\"article:published_time\" content=\"2023-03-28T13:24:31+00:00\" \/>\n<meta property=\"article:modified_time\" content=\"2023-03-28T14:11:43+00:00\" \/>\n<meta property=\"og:image\" content=\"https:\/\/media.radiolitoral.com\/wp-content\/uploads\/2023\/03\/28152337\/Cesar-Sanchez.jpg\" \/>\n\t<meta property=\"og:image:width\" content=\"283\" \/>\n\t<meta property=\"og:image:height\" content=\"397\" \/>\n\t<meta property=\"og:image:type\" content=\"image\/jpeg\" \/>\n<meta name=\"author\" content=\"Mel Pescuezo\" \/>\n<meta name=\"twitter:card\" content=\"summary_large_image\" \/>\n<meta name=\"twitter:label1\" content=\"Escrit per\" \/>\n\t<meta name=\"twitter:data1\" content=\"Mel Pescuezo\" \/>\n\t<meta name=\"twitter:label2\" content=\"Temps estimat de lectura\" \/>\n\t<meta name=\"twitter:data2\" content=\"1 minut\" \/>\n<script type=\"application\/ld+json\" class=\"yoast-schema-graph\">{\"@context\":\"https:\\\/\\\/schema.org\",\"@graph\":[{\"@type\":\"NewsArticle\",\"@id\":\"https:\\\/\\\/radiolitoral.com\\\/2023\\\/03\\\/el-alcaldable-cesar-sanchez-lamenta-que-la-alcaldesa-abandone-el-pp\\\/#article\",\"isPartOf\":{\"@id\":\"https:\\\/\\\/radiolitoral.com\\\/2023\\\/03\\\/el-alcaldable-cesar-sanchez-lamenta-que-la-alcaldesa-abandone-el-pp\\\/\"},\"author\":{\"name\":\"Mel Pescuezo\",\"@id\":\"https:\\\/\\\/radiolitoral.com\\\/#\\\/schema\\\/person\\\/aad4f72efa404f85b68e832d24cac059\"},\"headline\":\"El alcaldable C\u00e9sar S\u00e1nchez lamenta que la alcaldesa de Calp abandone el PP\",\"datePublished\":\"2023-03-28T13:24:31+00:00\",\"dateModified\":\"2023-03-28T14:11:43+00:00\",\"mainEntityOfPage\":{\"@id\":\"https:\\\/\\\/radiolitoral.com\\\/2023\\\/03\\\/el-alcaldable-cesar-sanchez-lamenta-que-la-alcaldesa-abandone-el-pp\\\/\"},\"wordCount\":219,\"commentCount\":0,\"publisher\":{\"@id\":\"https:\\\/\\\/radiolitoral.com\\\/#organization\"},\"image\":{\"@id\":\"https:\\\/\\\/radiolitoral.com\\\/2023\\\/03\\\/el-alcaldable-cesar-sanchez-lamenta-que-la-alcaldesa-abandone-el-pp\\\/#primaryimage\"},\"thumbnailUrl\":\"https:\\\/\\\/media.radiolitoral.com\\\/wp-content\\\/uploads\\\/2023\\\/03\\\/28152337\\\/Cesar-Sanchez.jpg\",\"keywords\":[\"Ana Sala\",\"C\u00e9sar S\u00e1nchez\",\"elecciones 2023\",\"elecciones Calp\"],\"articleSection\":[\"Pol\u00edtica\"],\"inLanguage\":\"ca\",\"potentialAction\":[{\"@type\":\"CommentAction\",\"name\":\"Comment\",\"target\":[\"https:\\\/\\\/radiolitoral.com\\\/2023\\\/03\\\/el-alcaldable-cesar-sanchez-lamenta-que-la-alcaldesa-abandone-el-pp\\\/#respond\"]}]},{\"@type\":[\"WebPage\",\"ItemPage\"],\"@id\":\"https:\\\/\\\/radiolitoral.com\\\/2023\\\/03\\\/el-alcaldable-cesar-sanchez-lamenta-que-la-alcaldesa-abandone-el-pp\\\/\",\"url\":\"https:\\\/\\\/radiolitoral.com\\\/2023\\\/03\\\/el-alcaldable-cesar-sanchez-lamenta-que-la-alcaldesa-abandone-el-pp\\\/\",\"name\":\"El alcaldable C\u00e9sar S\u00e1nchez lamenta que la alcaldesa de Calp abandone el PP | R\u00e0dio Litoral\",\"isPartOf\":{\"@id\":\"https:\\\/\\\/radiolitoral.com\\\/#website\"},\"primaryImageOfPage\":{\"@id\":\"https:\\\/\\\/radiolitoral.com\\\/2023\\\/03\\\/el-alcaldable-cesar-sanchez-lamenta-que-la-alcaldesa-abandone-el-pp\\\/#primaryimage\"},\"image\":{\"@id\":\"https:\\\/\\\/radiolitoral.com\\\/2023\\\/03\\\/el-alcaldable-cesar-sanchez-lamenta-que-la-alcaldesa-abandone-el-pp\\\/#primaryimage\"},\"thumbnailUrl\":\"https:\\\/\\\/media.radiolitoral.com\\\/wp-content\\\/uploads\\\/2023\\\/03\\\/28152337\\\/Cesar-Sanchez.jpg\",\"datePublished\":\"2023-03-28T13:24:31+00:00\",\"dateModified\":\"2023-03-28T14:11:43+00:00\",\"description\":\"S\u00e1nchez considera que los vecinos no merecen un comportamiento as\u00ed\",\"breadcrumb\":{\"@id\":\"https:\\\/\\\/radiolitoral.com\\\/2023\\\/03\\\/el-alcaldable-cesar-sanchez-lamenta-que-la-alcaldesa-abandone-el-pp\\\/#breadcrumb\"},\"inLanguage\":\"ca\",\"potentialAction\":[{\"@type\":\"ReadAction\",\"target\":[\"https:\\\/\\\/radiolitoral.com\\\/2023\\\/03\\\/el-alcaldable-cesar-sanchez-lamenta-que-la-alcaldesa-abandone-el-pp\\\/\"]}]},{\"@type\":\"ImageObject\",\"inLanguage\":\"ca\",\"@id\":\"https:\\\/\\\/radiolitoral.com\\\/2023\\\/03\\\/el-alcaldable-cesar-sanchez-lamenta-que-la-alcaldesa-abandone-el-pp\\\/#primaryimage\",\"url\":\"https:\\\/\\\/media.radiolitoral.com\\\/wp-content\\\/uploads\\\/2023\\\/03\\\/28152337\\\/Cesar-Sanchez.jpg\",\"contentUrl\":\"https:\\\/\\\/media.radiolitoral.com\\\/wp-content\\\/uploads\\\/2023\\\/03\\\/28152337\\\/Cesar-Sanchez.jpg\",\"width\":283,\"height\":397},{\"@type\":\"BreadcrumbList\",\"@id\":\"https:\\\/\\\/radiolitoral.com\\\/2023\\\/03\\\/el-alcaldable-cesar-sanchez-lamenta-que-la-alcaldesa-abandone-el-pp\\\/#breadcrumb\",\"itemListElement\":[{\"@type\":\"ListItem\",\"position\":1,\"name\":\"Portada\",\"item\":\"https:\\\/\\\/radiolitoral.com\\\/\"},{\"@type\":\"ListItem\",\"position\":2,\"name\":\"El alcaldable C\u00e9sar S\u00e1nchez lamenta que la alcaldesa de Calp abandone el PP\"}]},{\"@type\":\"WebSite\",\"@id\":\"https:\\\/\\\/radiolitoral.com\\\/#website\",\"url\":\"https:\\\/\\\/radiolitoral.com\\\/\",\"name\":\"Radio Litoral\",\"description\":\"La radio local de la Marina Alta\",\"publisher\":{\"@id\":\"https:\\\/\\\/radiolitoral.com\\\/#organization\"},\"alternateName\":\"Litoral FM\",\"potentialAction\":[{\"@type\":\"SearchAction\",\"target\":{\"@type\":\"EntryPoint\",\"urlTemplate\":\"https:\\\/\\\/radiolitoral.com\\\/?s={search_term_string}\"},\"query-input\":{\"@type\":\"PropertyValueSpecification\",\"valueRequired\":true,\"valueName\":\"search_term_string\"}}],\"inLanguage\":\"ca\"},{\"@type\":\"Organization\",\"@id\":\"https:\\\/\\\/radiolitoral.com\\\/#organization\",\"name\":\"Radio Litoral\",\"url\":\"https:\\\/\\\/radiolitoral.com\\\/\",\"logo\":{\"@type\":\"ImageObject\",\"inLanguage\":\"ca\",\"@id\":\"https:\\\/\\\/radiolitoral.com\\\/#\\\/schema\\\/logo\\\/image\\\/\",\"url\":\"https:\\\/\\\/media.radiolitoral.com\\\/wp-content\\\/uploads\\\/2023\\\/02\\\/24143238\\\/CL-V-RadioLitoral696.png\",\"contentUrl\":\"https:\\\/\\\/media.radiolitoral.com\\\/wp-content\\\/uploads\\\/2023\\\/02\\\/24143238\\\/CL-V-RadioLitoral696.png\",\"width\":696,\"height\":696,\"caption\":\"Radio Litoral\"},\"image\":{\"@id\":\"https:\\\/\\\/radiolitoral.com\\\/#\\\/schema\\\/logo\\\/image\\\/\"},\"sameAs\":[\"https:\\\/\\\/www.facebook.com\\\/Laradiolitoral\\\/\"]},{\"@type\":\"Person\",\"@id\":\"https:\\\/\\\/radiolitoral.com\\\/#\\\/schema\\\/person\\\/aad4f72efa404f85b68e832d24cac059\",\"name\":\"Mel Pescuezo\",\"image\":{\"@type\":\"ImageObject\",\"inLanguage\":\"ca\",\"@id\":\"https:\\\/\\\/secure.gravatar.com\\\/avatar\\\/993975ae489c70cb0dd9bfa9413a082f0bd276582dac13661af7b33f161e7eea?s=96&d=mm&r=g\",\"url\":\"https:\\\/\\\/secure.gravatar.com\\\/avatar\\\/993975ae489c70cb0dd9bfa9413a082f0bd276582dac13661af7b33f161e7eea?s=96&d=mm&r=g\",\"contentUrl\":\"https:\\\/\\\/secure.gravatar.com\\\/avatar\\\/993975ae489c70cb0dd9bfa9413a082f0bd276582dac13661af7b33f161e7eea?s=96&d=mm&r=g\",\"caption\":\"Mel Pescuezo\"},\"url\":\"https:\\\/\\\/radiolitoral.com\\\/ca\\\/author\\\/serviciospararadios\\\/\"}]}<\/script>\n<!-- \/ Yoast SEO plugin. -->","yoast_head_json":{"title":"L&#039;alcaldable C\u00e9sar S\u00e1nchez lamenta que l&#039;alcaldessa de Calp abandoni el PP | R\u00e0dio Litoral","description":"S\u00e1nchez considera que els ve\u00efns no mereixen un comportament aix\u00ed","robots":{"index":"index","follow":"follow","max-snippet":"max-snippet:-1","max-image-preview":"max-image-preview:large","max-video-preview":"max-video-preview:-1"},"canonical":"https:\/\/radiolitoral.com\/ca\/2023\/03\/lalcaldable-cessar-sanchez-lamenta-que-lalcaldessa-abandoni-el-pp\/","og_locale":"ca_ES","og_type":"article","og_title":"El alcaldable C\u00e9sar S\u00e1nchez lamenta que la alcaldesa de Calp abandone el PP | R\u00e0dio Litoral","og_description":"S\u00e1nchez considera que los vecinos no merecen un comportamiento as\u00ed","og_url":"https:\/\/radiolitoral.com\/ca\/2023\/03\/lalcaldable-cessar-sanchez-lamenta-que-lalcaldessa-abandoni-el-pp\/","og_site_name":"R\u00e0dio Litoral","article_publisher":"https:\/\/www.facebook.com\/Laradiolitoral\/","article_published_time":"2023-03-28T13:24:31+00:00","article_modified_time":"2023-03-28T14:11:43+00:00","og_image":[{"width":283,"height":397,"url":"https:\/\/media.radiolitoral.com\/wp-content\/uploads\/2023\/03\/28152337\/Cesar-Sanchez.jpg","type":"image\/jpeg"}],"author":"Mel Pescuezo","twitter_card":"summary_large_image","twitter_misc":{"Escrit per":"Mel Pescuezo","Temps estimat de lectura":"1 minut"},"schema":{"@context":"https:\/\/schema.org","@graph":[{"@type":"NewsArticle","@id":"https:\/\/radiolitoral.com\/2023\/03\/el-alcaldable-cesar-sanchez-lamenta-que-la-alcaldesa-abandone-el-pp\/#article","isPartOf":{"@id":"https:\/\/radiolitoral.com\/2023\/03\/el-alcaldable-cesar-sanchez-lamenta-que-la-alcaldesa-abandone-el-pp\/"},"author":{"name":"Mel Pescuezo","@id":"https:\/\/radiolitoral.com\/#\/schema\/person\/aad4f72efa404f85b68e832d24cac059"},"headline":"El alcaldable C\u00e9sar S\u00e1nchez lamenta que la alcaldesa de Calp abandone el PP","datePublished":"2023-03-28T13:24:31+00:00","dateModified":"2023-03-28T14:11:43+00:00","mainEntityOfPage":{"@id":"https:\/\/radiolitoral.com\/2023\/03\/el-alcaldable-cesar-sanchez-lamenta-que-la-alcaldesa-abandone-el-pp\/"},"wordCount":219,"commentCount":0,"publisher":{"@id":"https:\/\/radiolitoral.com\/#organization"},"image":{"@id":"https:\/\/radiolitoral.com\/2023\/03\/el-alcaldable-cesar-sanchez-lamenta-que-la-alcaldesa-abandone-el-pp\/#primaryimage"},"thumbnailUrl":"https:\/\/media.radiolitoral.com\/wp-content\/uploads\/2023\/03\/28152337\/Cesar-Sanchez.jpg","keywords":["Ana Sala","C\u00e9sar S\u00e1nchez","elecciones 2023","elecciones Calp"],"articleSection":["Pol\u00edtica"],"inLanguage":"ca","potentialAction":[{"@type":"CommentAction","name":"Comment","target":["https:\/\/radiolitoral.com\/2023\/03\/el-alcaldable-cesar-sanchez-lamenta-que-la-alcaldesa-abandone-el-pp\/#respond"]}]},{"@type":["WebPage","ItemPage"],"@id":"https:\/\/radiolitoral.com\/2023\/03\/el-alcaldable-cesar-sanchez-lamenta-que-la-alcaldesa-abandone-el-pp\/","url":"https:\/\/radiolitoral.com\/2023\/03\/el-alcaldable-cesar-sanchez-lamenta-que-la-alcaldesa-abandone-el-pp\/","name":"L&#039;alcaldable C\u00e9sar S\u00e1nchez lamenta que l&#039;alcaldessa de Calp abandoni el PP | R\u00e0dio Litoral","isPartOf":{"@id":"https:\/\/radiolitoral.com\/#website"},"primaryImageOfPage":{"@id":"https:\/\/radiolitoral.com\/2023\/03\/el-alcaldable-cesar-sanchez-lamenta-que-la-alcaldesa-abandone-el-pp\/#primaryimage"},"image":{"@id":"https:\/\/radiolitoral.com\/2023\/03\/el-alcaldable-cesar-sanchez-lamenta-que-la-alcaldesa-abandone-el-pp\/#primaryimage"},"thumbnailUrl":"https:\/\/media.radiolitoral.com\/wp-content\/uploads\/2023\/03\/28152337\/Cesar-Sanchez.jpg","datePublished":"2023-03-28T13:24:31+00:00","dateModified":"2023-03-28T14:11:43+00:00","description":"S\u00e1nchez considera que els ve\u00efns no mereixen un comportament aix\u00ed","breadcrumb":{"@id":"https:\/\/radiolitoral.com\/2023\/03\/el-alcaldable-cesar-sanchez-lamenta-que-la-alcaldesa-abandone-el-pp\/#breadcrumb"},"inLanguage":"ca","potentialAction":[{"@type":"ReadAction","target":["https:\/\/radiolitoral.com\/2023\/03\/el-alcaldable-cesar-sanchez-lamenta-que-la-alcaldesa-abandone-el-pp\/"]}]},{"@type":"ImageObject","inLanguage":"ca","@id":"https:\/\/radiolitoral.com\/2023\/03\/el-alcaldable-cesar-sanchez-lamenta-que-la-alcaldesa-abandone-el-pp\/#primaryimage","url":"https:\/\/media.radiolitoral.com\/wp-content\/uploads\/2023\/03\/28152337\/Cesar-Sanchez.jpg","contentUrl":"https:\/\/media.radiolitoral.com\/wp-content\/uploads\/2023\/03\/28152337\/Cesar-Sanchez.jpg","width":283,"height":397},{"@type":"BreadcrumbList","@id":"https:\/\/radiolitoral.com\/2023\/03\/el-alcaldable-cesar-sanchez-lamenta-que-la-alcaldesa-abandone-el-pp\/#breadcrumb","itemListElement":[{"@type":"ListItem","position":1,"name":"Portada","item":"https:\/\/radiolitoral.com\/"},{"@type":"ListItem","position":2,"name":"El alcaldable C\u00e9sar S\u00e1nchez lamenta que la alcaldesa de Calp abandone el PP"}]},{"@type":"WebSite","@id":"https:\/\/radiolitoral.com\/#website","url":"https:\/\/radiolitoral.com\/","name":"R\u00e0dio Litoral","description":"La r\u00e0dio local de la Marina Alta","publisher":{"@id":"https:\/\/radiolitoral.com\/#organization"},"alternateName":"Litoral FM","potentialAction":[{"@type":"SearchAction","target":{"@type":"EntryPoint","urlTemplate":"https:\/\/radiolitoral.com\/?s={search_term_string}"},"query-input":{"@type":"PropertyValueSpecification","valueRequired":true,"valueName":"search_term_string"}}],"inLanguage":"ca"},{"@type":"Organization","@id":"https:\/\/radiolitoral.com\/#organization","name":"R\u00e0dio Litoral","url":"https:\/\/radiolitoral.com\/","logo":{"@type":"ImageObject","inLanguage":"ca","@id":"https:\/\/radiolitoral.com\/#\/schema\/logo\/image\/","url":"https:\/\/media.radiolitoral.com\/wp-content\/uploads\/2023\/02\/24143238\/CL-V-RadioLitoral696.png","contentUrl":"https:\/\/media.radiolitoral.com\/wp-content\/uploads\/2023\/02\/24143238\/CL-V-RadioLitoral696.png","width":696,"height":696,"caption":"Radio Litoral"},"image":{"@id":"https:\/\/radiolitoral.com\/#\/schema\/logo\/image\/"},"sameAs":["https:\/\/www.facebook.com\/Laradiolitoral\/"]},{"@type":"Person","@id":"https:\/\/radiolitoral.com\/#\/schema\/person\/aad4f72efa404f85b68e832d24cac059","name":"Mel Pescuezo","image":{"@type":"ImageObject","inLanguage":"ca","@id":"https:\/\/secure.gravatar.com\/avatar\/993975ae489c70cb0dd9bfa9413a082f0bd276582dac13661af7b33f161e7eea?s=96&d=mm&r=g","url":"https:\/\/secure.gravatar.com\/avatar\/993975ae489c70cb0dd9bfa9413a082f0bd276582dac13661af7b33f161e7eea?s=96&d=mm&r=g","contentUrl":"https:\/\/secure.gravatar.com\/avatar\/993975ae489c70cb0dd9bfa9413a082f0bd276582dac13661af7b33f161e7eea?s=96&d=mm&r=g","caption":"Mel Pescuezo"},"url":"https:\/\/radiolitoral.com\/ca\/author\/serviciospararadios\/"}]}},"_links":{"self":[{"href":"https:\/\/radiolitoral.com\/ca\/wp-json\/wp\/v2\/posts\/1725","targetHints":{"allow":["GET"]}}],"collection":[{"href":"https:\/\/radiolitoral.com\/ca\/wp-json\/wp\/v2\/posts"}],"about":[{"href":"https:\/\/radiolitoral.com\/ca\/wp-json\/wp\/v2\/types\/post"}],"author":[{"embeddable":true,"href":"https:\/\/radiolitoral.com\/ca\/wp-json\/wp\/v2\/users\/21"}],"replies":[{"embeddable":true,"href":"https:\/\/radiolitoral.com\/ca\/wp-json\/wp\/v2\/comments?post=1725"}],"version-history":[{"count":2,"href":"https:\/\/radiolitoral.com\/ca\/wp-json\/wp\/v2\/posts\/1725\/revisions"}],"predecessor-version":[{"id":1747,"href":"https:\/\/radiolitoral.com\/ca\/wp-json\/wp\/v2\/posts\/1725\/revisions\/1747"}],"wp:featuredmedia":[{"embeddable":true,"href":"https:\/\/radiolitoral.com\/ca\/wp-json\/wp\/v2\/media\/1726"}],"wp:attachment":[{"href":"https:\/\/radiolitoral.com\/ca\/wp-json\/wp\/v2\/media?parent=1725"}],"wp:term":[{"taxonomy":"category","embeddable":true,"href":"https:\/\/radiolitoral.com\/ca\/wp-json\/wp\/v2\/categories?post=1725"},{"taxonomy":"post_tag","embeddable":true,"href":"https:\/\/radiolitoral.com\/ca\/wp-json\/wp\/v2\/tags?post=1725"}],"curies":[{"name":"wp","href":"https:\/\/api.w.org\/{rel}","templated":true}]}}