{"id":17245,"date":"2025-06-13T10:30:44","date_gmt":"2025-06-13T08:30:44","guid":{"rendered":"https:\/\/radiolitoral.com\/?p=17245"},"modified":"2025-06-13T10:30:44","modified_gmt":"2025-06-13T08:30:44","slug":"benissa-destaca-com-a-exemple-de-gestio-del-pla-de-sostenibilitat-turistica-a-la-destinacio","status":"publish","type":"post","link":"https:\/\/radiolitoral.com\/ca\/2025\/06\/benissa-destaca-como-ejemplo-de-gestion-del-plan-de-sostenibilidad-turistica-en-destino\/","title":{"rendered":"Benissa destaca com a exemple de gesti\u00f3 del Pla de Sostenibilitat Tur\u00edstica a Destino"},"content":{"rendered":"<p data-start=\"113\" data-end=\"679\"><strong>Benissa<\/strong> ha fet un pas decisiu en el seu comprom\u00eds amb la <strong>sostenibilitat tur\u00edstica<\/strong>, amb la supervisi\u00f3 del secretari auton\u00f2mic de Turisme, Jos\u00e9 Manuel Camarero, qui, acompanyat per l&#039;alcalde <strong>Arturo Poquet<\/strong>, va visitar recentment la localitat per revisar els aven\u00e7os del Pla de Sostenibilitat Tur\u00edstica a Destinaci\u00f3 (PSTD). Amb una inversi\u00f3 que supera els 2,5 milions d&#039;euros, aquest pla t\u00e9 com a objectiu principal transformar Benissa en un model de sostenibilitat i millorar la qualitat de vida tant pels residents com pels turistes.<\/p>\n<p data-start=\"681\" data-end=\"1041\">Un dels projectes clau presentats durant la visita va ser la renovaci\u00f3 de l&#039;oficina <strong>Tourist Info<\/strong> a la platja de Benissa, que, gr\u00e0cies a una inversi\u00f3 de 68.000 euros, es dotar\u00e0 de noves tecnologies immersives. Aquest canvi busca oferir una experi\u00e8ncia m\u00e9s accessible i interactiva per als visitants, millorant l&#039;atenci\u00f3 i la informaci\u00f3 sobre la destinaci\u00f3.<\/p>\n<p data-start=\"681\" data-end=\"1041\"><a href=\"https:\/\/media.radiolitoral.com\/wp-content\/uploads\/2025\/06\/13102933\/WhatsApp-Image-2025-06-12-at-12.19.55.jpeg\"><img loading=\"lazy\" decoding=\"async\" class=\"size-full wp-image-17250 aligncenter\" src=\"https:\/\/media.radiolitoral.com\/wp-content\/uploads\/2025\/06\/13102933\/WhatsApp-Image-2025-06-12-at-12.19.55.jpeg\" alt=\"\" width=\"1600\" height=\"1200\" srcset=\"https:\/\/media.radiolitoral.com\/wp-content\/uploads\/2025\/06\/13102933\/WhatsApp-Image-2025-06-12-at-12.19.55.jpeg 1600w, https:\/\/media.radiolitoral.com\/wp-content\/uploads\/2025\/06\/13102933\/WhatsApp-Image-2025-06-12-at-12.19.55-300x225.jpeg 300w, https:\/\/media.radiolitoral.com\/wp-content\/uploads\/2025\/06\/13102933\/WhatsApp-Image-2025-06-12-at-12.19.55-1024x768.jpeg 1024w, https:\/\/media.radiolitoral.com\/wp-content\/uploads\/2025\/06\/13102933\/WhatsApp-Image-2025-06-12-at-12.19.55-768x576.jpeg 768w, https:\/\/media.radiolitoral.com\/wp-content\/uploads\/2025\/06\/13102933\/WhatsApp-Image-2025-06-12-at-12.19.55-1536x1152.jpeg 1536w, https:\/\/media.radiolitoral.com\/wp-content\/uploads\/2025\/06\/13102933\/WhatsApp-Image-2025-06-12-at-12.19.55-16x12.jpeg 16w, https:\/\/media.radiolitoral.com\/wp-content\/uploads\/2025\/06\/13102933\/WhatsApp-Image-2025-06-12-at-12.19.55-1000x750.jpeg 1000w, https:\/\/media.radiolitoral.com\/wp-content\/uploads\/2025\/06\/13102933\/WhatsApp-Image-2025-06-12-at-12.19.55-100x75.jpeg 100w, https:\/\/media.radiolitoral.com\/wp-content\/uploads\/2025\/06\/13102933\/WhatsApp-Image-2025-06-12-at-12.19.55-200x150.jpeg 200w\" sizes=\"auto, (max-width: 1600px) 100vw, 1600px\" \/><\/a><\/p>\n<p data-start=\"1043\" data-end=\"1094\"><strong data-start=\"1043\" data-end=\"1094\">Transformacions urban\u00edstiques i conversi\u00f3 en zona de vianants<\/strong><\/p>\n<p data-start=\"1096\" data-end=\"1552\">Una altra de les iniciatives destacades va ser la culminaci\u00f3 de dos importants projectes urbans: la <strong>peatonalitzaci\u00f3 dels carrers Sant Josep i Pare Zacaries<\/strong>, amb una inversi\u00f3 de 500.000 euros, i la <strong>ampliaci\u00f3 de voreres i millora d&#039;interseccions urbanes<\/strong>, amb un cost de 100.000 euros. Aquests canvis no nom\u00e9s beneficien els turistes, sin\u00f3 que tamb\u00e9 milloren la qualitat de vida dels ve\u00efns de Benissa, creant un ambient m\u00e9s accessible, segur i sostenible.<\/p>\n<p data-start=\"1554\" data-end=\"1804\">&quot;El turisme sostenible no es tracta nom\u00e9s de la conservaci\u00f3 de l&#039;entorn, sin\u00f3 tamb\u00e9 de crear espais que millorin la qualitat de vida dels residents i facin m\u00e9s plaent la visita dels turistes&quot;, va destacar Jos\u00e9 Manuel Camarero durant la visita.<\/p>\n<p data-start=\"1806\" data-end=\"1849\"><strong data-start=\"1806\" data-end=\"1849\">Benissa: un referent en sostenibilitat<\/strong><\/p>\n<p data-start=\"1851\" data-end=\"2346\">Durant el seu recorregut, Camarero va ressaltar que Benissa s&#039;ha consolidat com una de les principals destinacions tur\u00edstiques de la regi\u00f3, gr\u00e0cies al seu enfocament en sostenibilitat i qualitat de vida.<\/p>\n<p data-start=\"1851\" data-end=\"2346\">Amb un <strong>75% d&#039;execuci\u00f3 del PSTD<\/strong>, Benissa s&#039;ha convertit en \u00ab<strong>un exemple a seguir per a altres municipis\u00bb<\/strong> de la Comunitat Valenciana. El secretari auton\u00f2mic va subratllar que el municipi s&#039;est\u00e0 posicionant com una destinaci\u00f3 tur\u00edstica de refer\u00e8ncia a la regi\u00f3, gr\u00e0cies a la implementaci\u00f3 amb \u00e8xit d&#039;aquest pla.<\/p>\n<p data-start=\"1851\" data-end=\"2346\"><a href=\"https:\/\/media.radiolitoral.com\/wp-content\/uploads\/2025\/06\/13102925\/WhatsApp-Image-2025-06-12-at-12.25.38.jpeg\"><img loading=\"lazy\" decoding=\"async\" class=\"size-full wp-image-17248 aligncenter\" src=\"https:\/\/media.radiolitoral.com\/wp-content\/uploads\/2025\/06\/13102925\/WhatsApp-Image-2025-06-12-at-12.25.38.jpeg\" alt=\"\" width=\"1600\" height=\"1200\" srcset=\"https:\/\/media.radiolitoral.com\/wp-content\/uploads\/2025\/06\/13102925\/WhatsApp-Image-2025-06-12-at-12.25.38.jpeg 1600w, https:\/\/media.radiolitoral.com\/wp-content\/uploads\/2025\/06\/13102925\/WhatsApp-Image-2025-06-12-at-12.25.38-300x225.jpeg 300w, https:\/\/media.radiolitoral.com\/wp-content\/uploads\/2025\/06\/13102925\/WhatsApp-Image-2025-06-12-at-12.25.38-1024x768.jpeg 1024w, https:\/\/media.radiolitoral.com\/wp-content\/uploads\/2025\/06\/13102925\/WhatsApp-Image-2025-06-12-at-12.25.38-768x576.jpeg 768w, https:\/\/media.radiolitoral.com\/wp-content\/uploads\/2025\/06\/13102925\/WhatsApp-Image-2025-06-12-at-12.25.38-1536x1152.jpeg 1536w, https:\/\/media.radiolitoral.com\/wp-content\/uploads\/2025\/06\/13102925\/WhatsApp-Image-2025-06-12-at-12.25.38-16x12.jpeg 16w, https:\/\/media.radiolitoral.com\/wp-content\/uploads\/2025\/06\/13102925\/WhatsApp-Image-2025-06-12-at-12.25.38-1000x750.jpeg 1000w, https:\/\/media.radiolitoral.com\/wp-content\/uploads\/2025\/06\/13102925\/WhatsApp-Image-2025-06-12-at-12.25.38-100x75.jpeg 100w, https:\/\/media.radiolitoral.com\/wp-content\/uploads\/2025\/06\/13102925\/WhatsApp-Image-2025-06-12-at-12.25.38-200x150.jpeg 200w\" sizes=\"auto, (max-width: 1600px) 100vw, 1600px\" \/><\/a><\/p>\n<p data-start=\"2348\" data-end=\"2411\"><strong data-start=\"2348\" data-end=\"2411\">Iniciatives integrals per a un turisme segur i responsable<\/strong><\/p>\n<p data-start=\"2413\" data-end=\"2887\">El PSTD de Benissa tamb\u00e9 inclou importants mesures per millorar la seguretat i la sostenibilitat de la destinaci\u00f3. Entre elles hi ha l&#039;adequaci\u00f3 de cales, la instal\u00b7laci\u00f3 de c\u00e0meres de seguretat a zones tur\u00edstiques i la implementaci\u00f3 de sistemes avan\u00e7ats de telegesti\u00f3 per a la gesti\u00f3 de l&#039;aigua i la detecci\u00f3 d&#039;incendis forestals. Aquestes actuacions busquen garantir la protecci\u00f3 de l&#039;entorn natural i oferir una destinaci\u00f3 segura i eficient per als turistes.<\/p>\n<p data-start=\"2889\" data-end=\"3174\">Per part seva, l&#039;alcalde Arturo Poquet ha agra\u00eft el suport de la Generalitat i ha subratllat l&#039;esfor\u00e7 continu de l&#039;Ajuntament per professionalitzar el sector tur\u00edstic de Benissa, fet que contribuir\u00e0 a consolidar la posici\u00f3 del municipi en l&#039;oferta tur\u00edstica de la Comunitat Valenciana.<\/p>\n<p data-start=\"3176\" data-end=\"3250\"><strong data-start=\"3176\" data-end=\"3250\">La Comunitat Valenciana aposta per un futur tur\u00edstic m\u00e9s sostenible<\/strong><\/p>\n<p data-start=\"3252\" data-end=\"3747\" data-is-last-node=\"\" data-is-only-node=\"\">A nivell regional, la Comunitat Valenciana continua esfor\u00e7ant-se per transformar el model tur\u00edstic mitjan\u00e7ant la implementaci\u00f3 de 55 plans de sostenibilitat tur\u00edstica, amb una inversi\u00f3 total de 151 milions d&#039;euros provinents dels fons europeus Next Generation EU. Aquests plans busquen promoure la sostenibilitat a diversos sectors, des de l&#039;accessibilitat fins a la digitalitzaci\u00f3 de serveis tur\u00edstics, sempre amb l&#039;objectiu de crear un turisme m\u00e9s equilibrat i desestacionalitzat.<\/p>","protected":false},"excerpt":{"rendered":"<p>Benissa ha dado un paso decisivo en su compromiso con la sostenibilidad tur\u00edstica, con la supervisi\u00f3n del secretario auton\u00f3mico de Turismo, Jos\u00e9 Manuel Camarero, quien, acompa\u00f1ado por el alcalde Arturo Poquet, visit\u00f3 recientemente la localidad para revisar los avances del Plan de Sostenibilidad Tur\u00edstica en Destino (PSTD). Con una inversi\u00f3n que supera los 2,5 millones [&#8230;]<\/p>\n<p><a class=\"btn btn-secondary understrap-read-more-link\" href=\"https:\/\/radiolitoral.com\/ca\/2025\/06\/benissa-destaca-como-ejemplo-de-gestion-del-plan-de-sostenibilidad-turistica-en-destino\/\">Continua llegint&#8230;<span class=\"screen-reader-text\"> from Benissa destaca como ejemplo de gesti\u00f3n del Plan de Sostenibilidad Tur\u00edstica en Destino<\/span><\/a><\/p>\n","protected":false},"author":14,"featured_media":17249,"comment_status":"open","ping_status":"closed","sticky":false,"template":"","format":"standard","meta":{"_acf_changed":false,"inline_featured_image":false,"footnotes":""},"categories":[13],"tags":[1209,126,4530,4529,3766],"class_list":["post-17245","post","type-post","status-publish","format-standard","has-post-thumbnail","hentry","category-politica","tag-arturo-poquet","tag-benissa","tag-plan-de-sostenibilidad-turistica-en-destino","tag-secretario-general-turisme","tag-turisme","cobertura-benissa"],"acf":[],"yoast_head":"<!-- This site is optimized with the Yoast SEO plugin v27.5 - https:\/\/yoast.com\/product\/yoast-seo-wordpress\/ -->\n<title>Benissa destaca como ejemplo de gesti\u00f3n del Plan de Sostenibilidad Tur\u00edstica en Destino | R\u00e0dio Litoral<\/title>\n<meta name=\"description\" content=\"El secretario auton\u00f3mico de Turismo destaca el trabajo del alcalde y del equipo de gobierno municipal\" \/>\n<meta name=\"robots\" content=\"index, follow, max-snippet:-1, max-image-preview:large, max-video-preview:-1\" \/>\n<link rel=\"canonical\" href=\"https:\/\/radiolitoral.com\/ca\/2025\/06\/benissa-destaca-com-a-exemple-de-gestio-del-pla-de-sostenibilitat-turistica-a-la-destinacio\/\" \/>\n<meta property=\"og:locale\" content=\"ca_ES\" \/>\n<meta property=\"og:type\" content=\"article\" \/>\n<meta property=\"og:title\" content=\"Benissa destaca como ejemplo de gesti\u00f3n del Plan de Sostenibilidad Tur\u00edstica en Destino | R\u00e0dio Litoral\" \/>\n<meta property=\"og:description\" content=\"El secretario auton\u00f3mico de Turismo destaca el trabajo del alcalde y del equipo de gobierno municipal\" \/>\n<meta property=\"og:url\" content=\"https:\/\/radiolitoral.com\/ca\/2025\/06\/benissa-destaca-com-a-exemple-de-gestio-del-pla-de-sostenibilitat-turistica-a-la-destinacio\/\" \/>\n<meta property=\"og:site_name\" content=\"R\u00e0dio Litoral\" \/>\n<meta property=\"article:publisher\" content=\"https:\/\/www.facebook.com\/Laradiolitoral\/\" \/>\n<meta property=\"article:published_time\" content=\"2025-06-13T08:30:44+00:00\" \/>\n<meta property=\"og:image\" content=\"https:\/\/media.radiolitoral.com\/wp-content\/uploads\/2025\/06\/13102929\/WhatsApp-Image-2025-06-12-at-12.19.55-1.jpeg\" \/>\n\t<meta property=\"og:image:width\" content=\"1600\" \/>\n\t<meta property=\"og:image:height\" content=\"1200\" \/>\n\t<meta property=\"og:image:type\" content=\"image\/jpeg\" \/>\n<meta name=\"author\" content=\"Redacci\u00f3n\" \/>\n<meta name=\"twitter:card\" content=\"summary_large_image\" \/>\n<meta name=\"twitter:label1\" content=\"Escrit per\" \/>\n\t<meta name=\"twitter:data1\" content=\"Redacci\u00f3n\" \/>\n\t<meta name=\"twitter:label2\" content=\"Temps estimat de lectura\" \/>\n\t<meta name=\"twitter:data2\" content=\"4 minuts\" \/>\n<script type=\"application\/ld+json\" class=\"yoast-schema-graph\">{\"@context\":\"https:\\\/\\\/schema.org\",\"@graph\":[{\"@type\":\"NewsArticle\",\"@id\":\"https:\\\/\\\/radiolitoral.com\\\/2025\\\/06\\\/benissa-destaca-como-ejemplo-de-gestion-del-plan-de-sostenibilidad-turistica-en-destino\\\/#article\",\"isPartOf\":{\"@id\":\"https:\\\/\\\/radiolitoral.com\\\/2025\\\/06\\\/benissa-destaca-como-ejemplo-de-gestion-del-plan-de-sostenibilidad-turistica-en-destino\\\/\"},\"author\":{\"name\":\"Redacci\u00f3n\",\"@id\":\"https:\\\/\\\/radiolitoral.com\\\/#\\\/schema\\\/person\\\/96b739642eb3bedb532aac3812d23307\"},\"headline\":\"Benissa destaca como ejemplo de gesti\u00f3n del Plan de Sostenibilidad Tur\u00edstica en Destino\",\"datePublished\":\"2025-06-13T08:30:44+00:00\",\"mainEntityOfPage\":{\"@id\":\"https:\\\/\\\/radiolitoral.com\\\/2025\\\/06\\\/benissa-destaca-como-ejemplo-de-gestion-del-plan-de-sostenibilidad-turistica-en-destino\\\/\"},\"wordCount\":612,\"commentCount\":0,\"publisher\":{\"@id\":\"https:\\\/\\\/radiolitoral.com\\\/#organization\"},\"image\":{\"@id\":\"https:\\\/\\\/radiolitoral.com\\\/2025\\\/06\\\/benissa-destaca-como-ejemplo-de-gestion-del-plan-de-sostenibilidad-turistica-en-destino\\\/#primaryimage\"},\"thumbnailUrl\":\"https:\\\/\\\/media.radiolitoral.com\\\/wp-content\\\/uploads\\\/2025\\\/06\\\/13102929\\\/WhatsApp-Image-2025-06-12-at-12.19.55-1.jpeg\",\"keywords\":[\"Arturo Poquet\",\"Benissa\",\"Plan de Sostenibilidad Tur\u00edstica en Destino\",\"secretario general turisme\",\"Turisme\"],\"articleSection\":[\"Pol\u00edtica\"],\"inLanguage\":\"ca\",\"potentialAction\":[{\"@type\":\"CommentAction\",\"name\":\"Comment\",\"target\":[\"https:\\\/\\\/radiolitoral.com\\\/2025\\\/06\\\/benissa-destaca-como-ejemplo-de-gestion-del-plan-de-sostenibilidad-turistica-en-destino\\\/#respond\"]}]},{\"@type\":[\"WebPage\",\"ItemPage\"],\"@id\":\"https:\\\/\\\/radiolitoral.com\\\/2025\\\/06\\\/benissa-destaca-como-ejemplo-de-gestion-del-plan-de-sostenibilidad-turistica-en-destino\\\/\",\"url\":\"https:\\\/\\\/radiolitoral.com\\\/2025\\\/06\\\/benissa-destaca-como-ejemplo-de-gestion-del-plan-de-sostenibilidad-turistica-en-destino\\\/\",\"name\":\"Benissa destaca como ejemplo de gesti\u00f3n del Plan de Sostenibilidad Tur\u00edstica en Destino | R\u00e0dio Litoral\",\"isPartOf\":{\"@id\":\"https:\\\/\\\/radiolitoral.com\\\/#website\"},\"primaryImageOfPage\":{\"@id\":\"https:\\\/\\\/radiolitoral.com\\\/2025\\\/06\\\/benissa-destaca-como-ejemplo-de-gestion-del-plan-de-sostenibilidad-turistica-en-destino\\\/#primaryimage\"},\"image\":{\"@id\":\"https:\\\/\\\/radiolitoral.com\\\/2025\\\/06\\\/benissa-destaca-como-ejemplo-de-gestion-del-plan-de-sostenibilidad-turistica-en-destino\\\/#primaryimage\"},\"thumbnailUrl\":\"https:\\\/\\\/media.radiolitoral.com\\\/wp-content\\\/uploads\\\/2025\\\/06\\\/13102929\\\/WhatsApp-Image-2025-06-12-at-12.19.55-1.jpeg\",\"datePublished\":\"2025-06-13T08:30:44+00:00\",\"description\":\"El secretario auton\u00f3mico de Turismo destaca el trabajo del alcalde y del equipo de gobierno municipal\",\"breadcrumb\":{\"@id\":\"https:\\\/\\\/radiolitoral.com\\\/2025\\\/06\\\/benissa-destaca-como-ejemplo-de-gestion-del-plan-de-sostenibilidad-turistica-en-destino\\\/#breadcrumb\"},\"inLanguage\":\"ca\",\"potentialAction\":[{\"@type\":\"ReadAction\",\"target\":[\"https:\\\/\\\/radiolitoral.com\\\/2025\\\/06\\\/benissa-destaca-como-ejemplo-de-gestion-del-plan-de-sostenibilidad-turistica-en-destino\\\/\"]}]},{\"@type\":\"ImageObject\",\"inLanguage\":\"ca\",\"@id\":\"https:\\\/\\\/radiolitoral.com\\\/2025\\\/06\\\/benissa-destaca-como-ejemplo-de-gestion-del-plan-de-sostenibilidad-turistica-en-destino\\\/#primaryimage\",\"url\":\"https:\\\/\\\/media.radiolitoral.com\\\/wp-content\\\/uploads\\\/2025\\\/06\\\/13102929\\\/WhatsApp-Image-2025-06-12-at-12.19.55-1.jpeg\",\"contentUrl\":\"https:\\\/\\\/media.radiolitoral.com\\\/wp-content\\\/uploads\\\/2025\\\/06\\\/13102929\\\/WhatsApp-Image-2025-06-12-at-12.19.55-1.jpeg\",\"width\":1600,\"height\":1200},{\"@type\":\"BreadcrumbList\",\"@id\":\"https:\\\/\\\/radiolitoral.com\\\/2025\\\/06\\\/benissa-destaca-como-ejemplo-de-gestion-del-plan-de-sostenibilidad-turistica-en-destino\\\/#breadcrumb\",\"itemListElement\":[{\"@type\":\"ListItem\",\"position\":1,\"name\":\"Portada\",\"item\":\"https:\\\/\\\/radiolitoral.com\\\/\"},{\"@type\":\"ListItem\",\"position\":2,\"name\":\"Benissa destaca como ejemplo de gesti\u00f3n del Plan de Sostenibilidad Tur\u00edstica en Destino\"}]},{\"@type\":\"WebSite\",\"@id\":\"https:\\\/\\\/radiolitoral.com\\\/#website\",\"url\":\"https:\\\/\\\/radiolitoral.com\\\/\",\"name\":\"Radio Litoral\",\"description\":\"La radio local de la Marina Alta\",\"publisher\":{\"@id\":\"https:\\\/\\\/radiolitoral.com\\\/#organization\"},\"alternateName\":\"Litoral FM\",\"potentialAction\":[{\"@type\":\"SearchAction\",\"target\":{\"@type\":\"EntryPoint\",\"urlTemplate\":\"https:\\\/\\\/radiolitoral.com\\\/?s={search_term_string}\"},\"query-input\":{\"@type\":\"PropertyValueSpecification\",\"valueRequired\":true,\"valueName\":\"search_term_string\"}}],\"inLanguage\":\"ca\"},{\"@type\":\"Organization\",\"@id\":\"https:\\\/\\\/radiolitoral.com\\\/#organization\",\"name\":\"Radio Litoral\",\"url\":\"https:\\\/\\\/radiolitoral.com\\\/\",\"logo\":{\"@type\":\"ImageObject\",\"inLanguage\":\"ca\",\"@id\":\"https:\\\/\\\/radiolitoral.com\\\/#\\\/schema\\\/logo\\\/image\\\/\",\"url\":\"https:\\\/\\\/media.radiolitoral.com\\\/wp-content\\\/uploads\\\/2023\\\/02\\\/24143238\\\/CL-V-RadioLitoral696.png\",\"contentUrl\":\"https:\\\/\\\/media.radiolitoral.com\\\/wp-content\\\/uploads\\\/2023\\\/02\\\/24143238\\\/CL-V-RadioLitoral696.png\",\"width\":696,\"height\":696,\"caption\":\"Radio Litoral\"},\"image\":{\"@id\":\"https:\\\/\\\/radiolitoral.com\\\/#\\\/schema\\\/logo\\\/image\\\/\"},\"sameAs\":[\"https:\\\/\\\/www.facebook.com\\\/Laradiolitoral\\\/\"]},{\"@type\":\"Person\",\"@id\":\"https:\\\/\\\/radiolitoral.com\\\/#\\\/schema\\\/person\\\/96b739642eb3bedb532aac3812d23307\",\"name\":\"Redacci\u00f3n\",\"image\":{\"@type\":\"ImageObject\",\"inLanguage\":\"ca\",\"@id\":\"https:\\\/\\\/secure.gravatar.com\\\/avatar\\\/30cd06129ee90411dd9c7cbdcf17464181d1a3c7b072e92070ea75a25cf0097e?s=96&d=mm&r=g\",\"url\":\"https:\\\/\\\/secure.gravatar.com\\\/avatar\\\/30cd06129ee90411dd9c7cbdcf17464181d1a3c7b072e92070ea75a25cf0097e?s=96&d=mm&r=g\",\"contentUrl\":\"https:\\\/\\\/secure.gravatar.com\\\/avatar\\\/30cd06129ee90411dd9c7cbdcf17464181d1a3c7b072e92070ea75a25cf0097e?s=96&d=mm&r=g\",\"caption\":\"Redacci\u00f3n\"},\"url\":\"https:\\\/\\\/radiolitoral.com\\\/ca\\\/author\\\/kevin-carrio\\\/\"}]}<\/script>\n<!-- \/ Yoast SEO plugin. -->","yoast_head_json":{"title":"Benissa destaca com a exemple de gesti\u00f3 del Pla de Sostenibilitat Tur\u00edstica a Destino | R\u00e0dio Litoral","description":"El secretari auton\u00f2mic de Turisme destaca la feina de l&#039;alcalde i de l&#039;equip de govern municipal","robots":{"index":"index","follow":"follow","max-snippet":"max-snippet:-1","max-image-preview":"max-image-preview:large","max-video-preview":"max-video-preview:-1"},"canonical":"https:\/\/radiolitoral.com\/ca\/2025\/06\/benissa-destaca-com-a-exemple-de-gestio-del-pla-de-sostenibilitat-turistica-a-la-destinacio\/","og_locale":"ca_ES","og_type":"article","og_title":"Benissa destaca como ejemplo de gesti\u00f3n del Plan de Sostenibilidad Tur\u00edstica en Destino | R\u00e0dio Litoral","og_description":"El secretario auton\u00f3mico de Turismo destaca el trabajo del alcalde y del equipo de gobierno municipal","og_url":"https:\/\/radiolitoral.com\/ca\/2025\/06\/benissa-destaca-com-a-exemple-de-gestio-del-pla-de-sostenibilitat-turistica-a-la-destinacio\/","og_site_name":"R\u00e0dio Litoral","article_publisher":"https:\/\/www.facebook.com\/Laradiolitoral\/","article_published_time":"2025-06-13T08:30:44+00:00","og_image":[{"width":1600,"height":1200,"url":"https:\/\/media.radiolitoral.com\/wp-content\/uploads\/2025\/06\/13102929\/WhatsApp-Image-2025-06-12-at-12.19.55-1.jpeg","type":"image\/jpeg"}],"author":"Redacci\u00f3n","twitter_card":"summary_large_image","twitter_misc":{"Escrit per":"Redacci\u00f3n","Temps estimat de lectura":"4 minuts"},"schema":{"@context":"https:\/\/schema.org","@graph":[{"@type":"NewsArticle","@id":"https:\/\/radiolitoral.com\/2025\/06\/benissa-destaca-como-ejemplo-de-gestion-del-plan-de-sostenibilidad-turistica-en-destino\/#article","isPartOf":{"@id":"https:\/\/radiolitoral.com\/2025\/06\/benissa-destaca-como-ejemplo-de-gestion-del-plan-de-sostenibilidad-turistica-en-destino\/"},"author":{"name":"Redacci\u00f3n","@id":"https:\/\/radiolitoral.com\/#\/schema\/person\/96b739642eb3bedb532aac3812d23307"},"headline":"Benissa destaca como ejemplo de gesti\u00f3n del Plan de Sostenibilidad Tur\u00edstica en Destino","datePublished":"2025-06-13T08:30:44+00:00","mainEntityOfPage":{"@id":"https:\/\/radiolitoral.com\/2025\/06\/benissa-destaca-como-ejemplo-de-gestion-del-plan-de-sostenibilidad-turistica-en-destino\/"},"wordCount":612,"commentCount":0,"publisher":{"@id":"https:\/\/radiolitoral.com\/#organization"},"image":{"@id":"https:\/\/radiolitoral.com\/2025\/06\/benissa-destaca-como-ejemplo-de-gestion-del-plan-de-sostenibilidad-turistica-en-destino\/#primaryimage"},"thumbnailUrl":"https:\/\/media.radiolitoral.com\/wp-content\/uploads\/2025\/06\/13102929\/WhatsApp-Image-2025-06-12-at-12.19.55-1.jpeg","keywords":["Arturo Poquet","Benissa","Plan de Sostenibilidad Tur\u00edstica en Destino","secretario general turisme","Turisme"],"articleSection":["Pol\u00edtica"],"inLanguage":"ca","potentialAction":[{"@type":"CommentAction","name":"Comment","target":["https:\/\/radiolitoral.com\/2025\/06\/benissa-destaca-como-ejemplo-de-gestion-del-plan-de-sostenibilidad-turistica-en-destino\/#respond"]}]},{"@type":["WebPage","ItemPage"],"@id":"https:\/\/radiolitoral.com\/2025\/06\/benissa-destaca-como-ejemplo-de-gestion-del-plan-de-sostenibilidad-turistica-en-destino\/","url":"https:\/\/radiolitoral.com\/2025\/06\/benissa-destaca-como-ejemplo-de-gestion-del-plan-de-sostenibilidad-turistica-en-destino\/","name":"Benissa destaca com a exemple de gesti\u00f3 del Pla de Sostenibilitat Tur\u00edstica a Destino | R\u00e0dio Litoral","isPartOf":{"@id":"https:\/\/radiolitoral.com\/#website"},"primaryImageOfPage":{"@id":"https:\/\/radiolitoral.com\/2025\/06\/benissa-destaca-como-ejemplo-de-gestion-del-plan-de-sostenibilidad-turistica-en-destino\/#primaryimage"},"image":{"@id":"https:\/\/radiolitoral.com\/2025\/06\/benissa-destaca-como-ejemplo-de-gestion-del-plan-de-sostenibilidad-turistica-en-destino\/#primaryimage"},"thumbnailUrl":"https:\/\/media.radiolitoral.com\/wp-content\/uploads\/2025\/06\/13102929\/WhatsApp-Image-2025-06-12-at-12.19.55-1.jpeg","datePublished":"2025-06-13T08:30:44+00:00","description":"El secretari auton\u00f2mic de Turisme destaca la feina de l&#039;alcalde i de l&#039;equip de govern municipal","breadcrumb":{"@id":"https:\/\/radiolitoral.com\/2025\/06\/benissa-destaca-como-ejemplo-de-gestion-del-plan-de-sostenibilidad-turistica-en-destino\/#breadcrumb"},"inLanguage":"ca","potentialAction":[{"@type":"ReadAction","target":["https:\/\/radiolitoral.com\/2025\/06\/benissa-destaca-como-ejemplo-de-gestion-del-plan-de-sostenibilidad-turistica-en-destino\/"]}]},{"@type":"ImageObject","inLanguage":"ca","@id":"https:\/\/radiolitoral.com\/2025\/06\/benissa-destaca-como-ejemplo-de-gestion-del-plan-de-sostenibilidad-turistica-en-destino\/#primaryimage","url":"https:\/\/media.radiolitoral.com\/wp-content\/uploads\/2025\/06\/13102929\/WhatsApp-Image-2025-06-12-at-12.19.55-1.jpeg","contentUrl":"https:\/\/media.radiolitoral.com\/wp-content\/uploads\/2025\/06\/13102929\/WhatsApp-Image-2025-06-12-at-12.19.55-1.jpeg","width":1600,"height":1200},{"@type":"BreadcrumbList","@id":"https:\/\/radiolitoral.com\/2025\/06\/benissa-destaca-como-ejemplo-de-gestion-del-plan-de-sostenibilidad-turistica-en-destino\/#breadcrumb","itemListElement":[{"@type":"ListItem","position":1,"name":"Portada","item":"https:\/\/radiolitoral.com\/"},{"@type":"ListItem","position":2,"name":"Benissa destaca como ejemplo de gesti\u00f3n del Plan de Sostenibilidad Tur\u00edstica en Destino"}]},{"@type":"WebSite","@id":"https:\/\/radiolitoral.com\/#website","url":"https:\/\/radiolitoral.com\/","name":"R\u00e0dio Litoral","description":"La r\u00e0dio local de la Marina Alta","publisher":{"@id":"https:\/\/radiolitoral.com\/#organization"},"alternateName":"Litoral FM","potentialAction":[{"@type":"SearchAction","target":{"@type":"EntryPoint","urlTemplate":"https:\/\/radiolitoral.com\/?s={search_term_string}"},"query-input":{"@type":"PropertyValueSpecification","valueRequired":true,"valueName":"search_term_string"}}],"inLanguage":"ca"},{"@type":"Organization","@id":"https:\/\/radiolitoral.com\/#organization","name":"R\u00e0dio Litoral","url":"https:\/\/radiolitoral.com\/","logo":{"@type":"ImageObject","inLanguage":"ca","@id":"https:\/\/radiolitoral.com\/#\/schema\/logo\/image\/","url":"https:\/\/media.radiolitoral.com\/wp-content\/uploads\/2023\/02\/24143238\/CL-V-RadioLitoral696.png","contentUrl":"https:\/\/media.radiolitoral.com\/wp-content\/uploads\/2023\/02\/24143238\/CL-V-RadioLitoral696.png","width":696,"height":696,"caption":"Radio Litoral"},"image":{"@id":"https:\/\/radiolitoral.com\/#\/schema\/logo\/image\/"},"sameAs":["https:\/\/www.facebook.com\/Laradiolitoral\/"]},{"@type":"Person","@id":"https:\/\/radiolitoral.com\/#\/schema\/person\/96b739642eb3bedb532aac3812d23307","name":"Redacci\u00f3","image":{"@type":"ImageObject","inLanguage":"ca","@id":"https:\/\/secure.gravatar.com\/avatar\/30cd06129ee90411dd9c7cbdcf17464181d1a3c7b072e92070ea75a25cf0097e?s=96&d=mm&r=g","url":"https:\/\/secure.gravatar.com\/avatar\/30cd06129ee90411dd9c7cbdcf17464181d1a3c7b072e92070ea75a25cf0097e?s=96&d=mm&r=g","contentUrl":"https:\/\/secure.gravatar.com\/avatar\/30cd06129ee90411dd9c7cbdcf17464181d1a3c7b072e92070ea75a25cf0097e?s=96&d=mm&r=g","caption":"Redacci\u00f3n"},"url":"https:\/\/radiolitoral.com\/ca\/author\/kevin-carrio\/"}]}},"_links":{"self":[{"href":"https:\/\/radiolitoral.com\/ca\/wp-json\/wp\/v2\/posts\/17245","targetHints":{"allow":["GET"]}}],"collection":[{"href":"https:\/\/radiolitoral.com\/ca\/wp-json\/wp\/v2\/posts"}],"about":[{"href":"https:\/\/radiolitoral.com\/ca\/wp-json\/wp\/v2\/types\/post"}],"author":[{"embeddable":true,"href":"https:\/\/radiolitoral.com\/ca\/wp-json\/wp\/v2\/users\/14"}],"replies":[{"embeddable":true,"href":"https:\/\/radiolitoral.com\/ca\/wp-json\/wp\/v2\/comments?post=17245"}],"version-history":[{"count":1,"href":"https:\/\/radiolitoral.com\/ca\/wp-json\/wp\/v2\/posts\/17245\/revisions"}],"predecessor-version":[{"id":17251,"href":"https:\/\/radiolitoral.com\/ca\/wp-json\/wp\/v2\/posts\/17245\/revisions\/17251"}],"wp:featuredmedia":[{"embeddable":true,"href":"https:\/\/radiolitoral.com\/ca\/wp-json\/wp\/v2\/media\/17249"}],"wp:attachment":[{"href":"https:\/\/radiolitoral.com\/ca\/wp-json\/wp\/v2\/media?parent=17245"}],"wp:term":[{"taxonomy":"category","embeddable":true,"href":"https:\/\/radiolitoral.com\/ca\/wp-json\/wp\/v2\/categories?post=17245"},{"taxonomy":"post_tag","embeddable":true,"href":"https:\/\/radiolitoral.com\/ca\/wp-json\/wp\/v2\/tags?post=17245"}],"curies":[{"name":"wp","href":"https:\/\/api.w.org\/{rel}","templated":true}]}}