{"id":17244,"date":"2025-06-13T10:32:36","date_gmt":"2025-06-13T08:32:36","guid":{"rendered":"https:\/\/radiolitoral.com\/?p=17244"},"modified":"2025-06-13T10:32:36","modified_gmt":"2025-06-13T08:32:36","slug":"pepa-bertomeu-els-animo-que-quan-ja-cau-el-sol-i-fa-mes-fresc-surtin-al-carrer-i-gaudeixin-de-la-bona-musica","status":"publish","type":"post","link":"https:\/\/radiolitoral.com\/ca\/2025\/06\/pepa-bertomeu-los-animo-a-que-cuando-ya-cae-el-sol-y-hace-mas-fresco-salgan-a-la-calle-y-disfruten-de-la-buena-musica\/","title":{"rendered":"Pepa Bertomeu: \u201cEls animo que quan ja cau el sol, i fa m\u00e9s fresc, surtin al carrer i gaudeixin de la bona m\u00fasica\u201d"},"content":{"rendered":"<p>A <strong>R\u00e0dio Litoral<\/strong> hem tancat aquesta setmana acompanyant el nostre <strong>Primer Caf\u00e8<\/strong> amb una proposta musical que promet omplir de ritme i emoci\u00f3 els carrers de Benissa. Una convocat\u00f2ria que barreja nits a la fresca, en entorns agradables i bona m\u00fasica. Es tracta del <strong>Festival SONE<\/strong>, que per segon any consecutiu estrenar\u00e0 l&#039;agenda cultural de <strong>Benissa<\/strong> del mes de <strong>juliol<\/strong>. Una iniciativa amb qu\u00e8 la m\u00fasica es converteix en protagonista en espais poc habituals, portant la cultura m\u00e9s enll\u00e0 dels escenaris convencionals. Carrers, places i racons especials de Benissa es transformen en escenaris improvisats, descentralitzant l&#039;activitat cultural i apropant-la a tothom. Ens ho ha explicat <strong>Pepa Bertomeu, regidora de Cultura de Benissa.<\/strong><\/p>\n<p>L&#039;originalitat d&#039;aquest festival de m\u00fasica ja comen\u00e7a en el nom que l&#039;identifica, SONE, un joc de paraules en qu\u00e8 s&#039;inclouen els quatre punts cardinals: Sud, Oest, Nord i Est, com a llocs on dur a terme cadascun dels concerts programats.<\/p>\n<p>El festival arrencar\u00e0 el <strong>3 de juliol<\/strong>. El primer concert s&#039;ha programat a les 22 hores, a la<strong> Pinada de Selva<\/strong>, amb un <strong>Tribut a Michael Bubl\u00e9<\/strong>, amb una posada en escena d&#039;11 m\u00fasics, entre els quals hi ha el guitarrista benisser Pep Ferrer.<\/p>\n<p>El <strong>4 de juliol<\/strong>, pujar\u00e0 a l&#039;escenari la cantant de Benissa <strong>Abril<\/strong>, una de les veus m\u00e9s prometedores de l&#039;escena valenciana actual. Es tracta d&#039;un concert en ac\u00fastic amb temes del primer disc, Instruccions per estimar una cereza. La cita ser\u00e0 a les 22 hores a la <strong>Pla\u00e7a del Convent Francisc\u00e0.<\/strong><\/p>\n<p>Arribarem a dissabte <strong>5 de juliol<\/strong>, i el punt de trobada ser\u00e0 la <strong>Placeta Vella<\/strong>, a les 22 hores, amb un concert de bandes sonores de pel\u00b7l\u00edcules que han marcat el cinema. <strong>Tosca Ensemble<\/strong> seran els encarregats de fer-nos viure una nit de pel\u00b7l\u00edcula.<\/p>\n<p>El festival conclour\u00e0 diumenge <strong>6 de juliol<\/strong> a la <strong>Placeta de l&#039;Esgl\u00e9sia Vella<\/strong> amb <strong>Vira Lle\u00f3<\/strong>, una cantant especialitzada en jazz i swing que animar\u00e0 a ballar els presents ia recordar els bojos i feli\u00e7os anys 20, la d\u00e8cada dels 30 i el ritme dels 40. La cita, en aquesta ocasi\u00f3, a les 20 hores.<\/p>\n<p>Teniu tots els detalls del Festival de M\u00fasica SONE a l&#039;entrevista, que podeu tornar a escoltar aqu\u00ed.<\/p>\n<audio class=\"wp-audio-shortcode\" id=\"audio-17244-1\" preload=\"none\" style=\"width: 100%;\" controls=\"controls\"><source type=\"audio\/mpeg\" src=\"https:\/\/media.radiolitoral.com\/wp-content\/uploads\/2025\/06\/13102701\/Primer-Cafe-SONE.mp3?_=1\" \/><a href=\"https:\/\/media.radiolitoral.com\/wp-content\/uploads\/2025\/06\/13102701\/Primer-Cafe-SONE.mp3\">https:\/\/media.radiolitoral.com\/wp-content\/uploads\/2025\/06\/13102701\/Primer-Cafe-SONE.mp3<\/a><\/audio>","protected":false},"excerpt":{"rendered":"<p>En Radio Litoral hemos cerrado esta semana acompa\u00f1ando nuestro Primer Caf\u00e9 con una propuesta musical que promete llenar de ritmo y emoci\u00f3n las calles de Benissa. Una convocatoria que entremezcla noches al fresco, en entornos agradables y buena m\u00fasica. Se trata del Festival SONE, que por segundo a\u00f1o consecutivo estrenar\u00e1 la agenda cultural de Benissa [&#8230;]<\/p>\n<p><a class=\"btn btn-secondary understrap-read-more-link\" href=\"https:\/\/radiolitoral.com\/ca\/2025\/06\/pepa-bertomeu-los-animo-a-que-cuando-ya-cae-el-sol-y-hace-mas-fresco-salgan-a-la-calle-y-disfruten-de-la-buena-musica\/\">Continua llegint&#8230;<span class=\"screen-reader-text\"> from Pepa Bertomeu: \u201cLos animo a que cuando ya cae el sol, y hace m\u00e1s fresco, salgan a la calle y disfruten de la buena m\u00fasica\u201d<\/span><\/a><\/p>\n","protected":false},"author":13,"featured_media":17247,"comment_status":"open","ping_status":"closed","sticky":false,"template":"","format":"standard","meta":{"_acf_changed":false,"inline_featured_image":false,"footnotes":""},"categories":[55,2753],"tags":[4025,4338,4468,2751,2312,4532,4531,1425,4533],"class_list":["post-17244","post","type-post","status-publish","format-standard","has-post-thumbnail","hentry","category-cultura","category-entrevistas","tag-abril","tag-ciclo-de-conciertos","tag-festival-sone","tag-pepa-bertomeu","tag-primer-cafe","tag-tosca-ensemble","tag-tributo-a-michael-buble","tag-verano","tag-vira-leon","cobertura-benissa"],"acf":[],"yoast_head":"<!-- This site is optimized with the Yoast SEO plugin v27.5 - https:\/\/yoast.com\/product\/yoast-seo-wordpress\/ -->\n<title>Pepa Bertomeu: \u201cLos animo a que cuando ya cae el sol, y hace m\u00e1s fresco, salgan a la calle y disfruten de la buena m\u00fasica\u201d | R\u00e0dio Litoral<\/title>\n<meta name=\"description\" content=\"Benissa invita a vecinos y visitantes a disfrutar de la m\u00fasica las primeras noches de julio con la II edici\u00f3n del Festival SONE\" \/>\n<meta name=\"robots\" content=\"index, follow, max-snippet:-1, max-image-preview:large, max-video-preview:-1\" \/>\n<link rel=\"canonical\" href=\"https:\/\/radiolitoral.com\/ca\/2025\/06\/pepa-bertomeu-els-animo-que-quan-ja-cau-el-sol-i-fa-mes-fresc-surtin-al-carrer-i-gaudeixin-de-la-bona-musica\/\" \/>\n<meta property=\"og:locale\" content=\"ca_ES\" \/>\n<meta property=\"og:type\" content=\"article\" \/>\n<meta property=\"og:title\" content=\"Pepa Bertomeu: \u201cLos animo a que cuando ya cae el sol, y hace m\u00e1s fresco, salgan a la calle y disfruten de la buena m\u00fasica\u201d | R\u00e0dio Litoral\" \/>\n<meta property=\"og:description\" content=\"Benissa invita a vecinos y visitantes a disfrutar de la m\u00fasica las primeras noches de julio con la II edici\u00f3n del Festival SONE\" \/>\n<meta property=\"og:url\" content=\"https:\/\/radiolitoral.com\/ca\/2025\/06\/pepa-bertomeu-els-animo-que-quan-ja-cau-el-sol-i-fa-mes-fresc-surtin-al-carrer-i-gaudeixin-de-la-bona-musica\/\" \/>\n<meta property=\"og:site_name\" content=\"R\u00e0dio Litoral\" \/>\n<meta property=\"article:publisher\" content=\"https:\/\/www.facebook.com\/Laradiolitoral\/\" \/>\n<meta property=\"article:published_time\" content=\"2025-06-13T08:32:36+00:00\" \/>\n<meta property=\"og:image\" content=\"https:\/\/media.radiolitoral.com\/wp-content\/uploads\/2025\/06\/13102845\/Pepa-Bertomeu-Primer-Cafe.jpg\" \/>\n\t<meta property=\"og:image:width\" content=\"2000\" \/>\n\t<meta property=\"og:image:height\" content=\"1500\" \/>\n\t<meta property=\"og:image:type\" content=\"image\/jpeg\" \/>\n<meta name=\"author\" content=\"Redacci\u00f3n\" \/>\n<meta name=\"twitter:card\" content=\"summary_large_image\" \/>\n<meta name=\"twitter:label1\" content=\"Escrit per\" \/>\n\t<meta name=\"twitter:data1\" content=\"Redacci\u00f3n\" \/>\n\t<meta name=\"twitter:label2\" content=\"Temps estimat de lectura\" \/>\n\t<meta name=\"twitter:data2\" content=\"3 minuts\" \/>\n<script type=\"application\/ld+json\" class=\"yoast-schema-graph\">{\"@context\":\"https:\\\/\\\/schema.org\",\"@graph\":[{\"@type\":\"NewsArticle\",\"@id\":\"https:\\\/\\\/radiolitoral.com\\\/2025\\\/06\\\/pepa-bertomeu-los-animo-a-que-cuando-ya-cae-el-sol-y-hace-mas-fresco-salgan-a-la-calle-y-disfruten-de-la-buena-musica\\\/#article\",\"isPartOf\":{\"@id\":\"https:\\\/\\\/radiolitoral.com\\\/2025\\\/06\\\/pepa-bertomeu-los-animo-a-que-cuando-ya-cae-el-sol-y-hace-mas-fresco-salgan-a-la-calle-y-disfruten-de-la-buena-musica\\\/\"},\"author\":{\"name\":\"Redacci\u00f3n\",\"@id\":\"https:\\\/\\\/radiolitoral.com\\\/#\\\/schema\\\/person\\\/f2b2343c49b5d721857cc1002bfdb151\"},\"headline\":\"Pepa Bertomeu: \u201cLos animo a que cuando ya cae el sol, y hace m\u00e1s fresco, salgan a la calle y disfruten de la buena m\u00fasica\u201d\",\"datePublished\":\"2025-06-13T08:32:36+00:00\",\"mainEntityOfPage\":{\"@id\":\"https:\\\/\\\/radiolitoral.com\\\/2025\\\/06\\\/pepa-bertomeu-los-animo-a-que-cuando-ya-cae-el-sol-y-hace-mas-fresco-salgan-a-la-calle-y-disfruten-de-la-buena-musica\\\/\"},\"wordCount\":431,\"commentCount\":0,\"publisher\":{\"@id\":\"https:\\\/\\\/radiolitoral.com\\\/#organization\"},\"image\":{\"@id\":\"https:\\\/\\\/radiolitoral.com\\\/2025\\\/06\\\/pepa-bertomeu-los-animo-a-que-cuando-ya-cae-el-sol-y-hace-mas-fresco-salgan-a-la-calle-y-disfruten-de-la-buena-musica\\\/#primaryimage\"},\"thumbnailUrl\":\"https:\\\/\\\/media.radiolitoral.com\\\/wp-content\\\/uploads\\\/2025\\\/06\\\/13102845\\\/Pepa-Bertomeu-Primer-Cafe.jpg\",\"keywords\":[\"Abril\",\"Ciclo de conciertos\",\"Festival SONE\",\"Pepa Bertomeu\",\"Primer Caf\u00e9\",\"Tosca Ensemble\",\"Tributo a Michael Bubl\u00e9\",\"verano\",\"Vira Le\u00f3n\"],\"articleSection\":[\"Cultura\",\"Entrevistas\"],\"inLanguage\":\"ca\",\"potentialAction\":[{\"@type\":\"CommentAction\",\"name\":\"Comment\",\"target\":[\"https:\\\/\\\/radiolitoral.com\\\/2025\\\/06\\\/pepa-bertomeu-los-animo-a-que-cuando-ya-cae-el-sol-y-hace-mas-fresco-salgan-a-la-calle-y-disfruten-de-la-buena-musica\\\/#respond\"]}]},{\"@type\":[\"WebPage\",\"ItemPage\"],\"@id\":\"https:\\\/\\\/radiolitoral.com\\\/2025\\\/06\\\/pepa-bertomeu-los-animo-a-que-cuando-ya-cae-el-sol-y-hace-mas-fresco-salgan-a-la-calle-y-disfruten-de-la-buena-musica\\\/\",\"url\":\"https:\\\/\\\/radiolitoral.com\\\/2025\\\/06\\\/pepa-bertomeu-los-animo-a-que-cuando-ya-cae-el-sol-y-hace-mas-fresco-salgan-a-la-calle-y-disfruten-de-la-buena-musica\\\/\",\"name\":\"Pepa Bertomeu: \u201cLos animo a que cuando ya cae el sol, y hace m\u00e1s fresco, salgan a la calle y disfruten de la buena m\u00fasica\u201d | R\u00e0dio Litoral\",\"isPartOf\":{\"@id\":\"https:\\\/\\\/radiolitoral.com\\\/#website\"},\"primaryImageOfPage\":{\"@id\":\"https:\\\/\\\/radiolitoral.com\\\/2025\\\/06\\\/pepa-bertomeu-los-animo-a-que-cuando-ya-cae-el-sol-y-hace-mas-fresco-salgan-a-la-calle-y-disfruten-de-la-buena-musica\\\/#primaryimage\"},\"image\":{\"@id\":\"https:\\\/\\\/radiolitoral.com\\\/2025\\\/06\\\/pepa-bertomeu-los-animo-a-que-cuando-ya-cae-el-sol-y-hace-mas-fresco-salgan-a-la-calle-y-disfruten-de-la-buena-musica\\\/#primaryimage\"},\"thumbnailUrl\":\"https:\\\/\\\/media.radiolitoral.com\\\/wp-content\\\/uploads\\\/2025\\\/06\\\/13102845\\\/Pepa-Bertomeu-Primer-Cafe.jpg\",\"datePublished\":\"2025-06-13T08:32:36+00:00\",\"description\":\"Benissa invita a vecinos y visitantes a disfrutar de la m\u00fasica las primeras noches de julio con la II edici\u00f3n del Festival SONE\",\"breadcrumb\":{\"@id\":\"https:\\\/\\\/radiolitoral.com\\\/2025\\\/06\\\/pepa-bertomeu-los-animo-a-que-cuando-ya-cae-el-sol-y-hace-mas-fresco-salgan-a-la-calle-y-disfruten-de-la-buena-musica\\\/#breadcrumb\"},\"inLanguage\":\"ca\",\"potentialAction\":[{\"@type\":\"ReadAction\",\"target\":[\"https:\\\/\\\/radiolitoral.com\\\/2025\\\/06\\\/pepa-bertomeu-los-animo-a-que-cuando-ya-cae-el-sol-y-hace-mas-fresco-salgan-a-la-calle-y-disfruten-de-la-buena-musica\\\/\"]}]},{\"@type\":\"ImageObject\",\"inLanguage\":\"ca\",\"@id\":\"https:\\\/\\\/radiolitoral.com\\\/2025\\\/06\\\/pepa-bertomeu-los-animo-a-que-cuando-ya-cae-el-sol-y-hace-mas-fresco-salgan-a-la-calle-y-disfruten-de-la-buena-musica\\\/#primaryimage\",\"url\":\"https:\\\/\\\/media.radiolitoral.com\\\/wp-content\\\/uploads\\\/2025\\\/06\\\/13102845\\\/Pepa-Bertomeu-Primer-Cafe.jpg\",\"contentUrl\":\"https:\\\/\\\/media.radiolitoral.com\\\/wp-content\\\/uploads\\\/2025\\\/06\\\/13102845\\\/Pepa-Bertomeu-Primer-Cafe.jpg\",\"width\":2000,\"height\":1500},{\"@type\":\"BreadcrumbList\",\"@id\":\"https:\\\/\\\/radiolitoral.com\\\/2025\\\/06\\\/pepa-bertomeu-los-animo-a-que-cuando-ya-cae-el-sol-y-hace-mas-fresco-salgan-a-la-calle-y-disfruten-de-la-buena-musica\\\/#breadcrumb\",\"itemListElement\":[{\"@type\":\"ListItem\",\"position\":1,\"name\":\"Portada\",\"item\":\"https:\\\/\\\/radiolitoral.com\\\/\"},{\"@type\":\"ListItem\",\"position\":2,\"name\":\"Pepa Bertomeu: \u201cLos animo a que cuando ya cae el sol, y hace m\u00e1s fresco, salgan a la calle y disfruten de la buena m\u00fasica\u201d\"}]},{\"@type\":\"WebSite\",\"@id\":\"https:\\\/\\\/radiolitoral.com\\\/#website\",\"url\":\"https:\\\/\\\/radiolitoral.com\\\/\",\"name\":\"Radio Litoral\",\"description\":\"La radio local de la Marina Alta\",\"publisher\":{\"@id\":\"https:\\\/\\\/radiolitoral.com\\\/#organization\"},\"alternateName\":\"Litoral FM\",\"potentialAction\":[{\"@type\":\"SearchAction\",\"target\":{\"@type\":\"EntryPoint\",\"urlTemplate\":\"https:\\\/\\\/radiolitoral.com\\\/?s={search_term_string}\"},\"query-input\":{\"@type\":\"PropertyValueSpecification\",\"valueRequired\":true,\"valueName\":\"search_term_string\"}}],\"inLanguage\":\"ca\"},{\"@type\":\"Organization\",\"@id\":\"https:\\\/\\\/radiolitoral.com\\\/#organization\",\"name\":\"Radio Litoral\",\"url\":\"https:\\\/\\\/radiolitoral.com\\\/\",\"logo\":{\"@type\":\"ImageObject\",\"inLanguage\":\"ca\",\"@id\":\"https:\\\/\\\/radiolitoral.com\\\/#\\\/schema\\\/logo\\\/image\\\/\",\"url\":\"https:\\\/\\\/media.radiolitoral.com\\\/wp-content\\\/uploads\\\/2023\\\/02\\\/24143238\\\/CL-V-RadioLitoral696.png\",\"contentUrl\":\"https:\\\/\\\/media.radiolitoral.com\\\/wp-content\\\/uploads\\\/2023\\\/02\\\/24143238\\\/CL-V-RadioLitoral696.png\",\"width\":696,\"height\":696,\"caption\":\"Radio Litoral\"},\"image\":{\"@id\":\"https:\\\/\\\/radiolitoral.com\\\/#\\\/schema\\\/logo\\\/image\\\/\"},\"sameAs\":[\"https:\\\/\\\/www.facebook.com\\\/Laradiolitoral\\\/\"]},{\"@type\":\"Person\",\"@id\":\"https:\\\/\\\/radiolitoral.com\\\/#\\\/schema\\\/person\\\/f2b2343c49b5d721857cc1002bfdb151\",\"name\":\"Redacci\u00f3n\",\"image\":{\"@type\":\"ImageObject\",\"inLanguage\":\"ca\",\"@id\":\"https:\\\/\\\/secure.gravatar.com\\\/avatar\\\/f771d896c203ad8b3382d7905cfcce5a5c9b008b84b3cd9114e9b9f4cb63f789?s=96&d=mm&r=g\",\"url\":\"https:\\\/\\\/secure.gravatar.com\\\/avatar\\\/f771d896c203ad8b3382d7905cfcce5a5c9b008b84b3cd9114e9b9f4cb63f789?s=96&d=mm&r=g\",\"contentUrl\":\"https:\\\/\\\/secure.gravatar.com\\\/avatar\\\/f771d896c203ad8b3382d7905cfcce5a5c9b008b84b3cd9114e9b9f4cb63f789?s=96&d=mm&r=g\",\"caption\":\"Redacci\u00f3n\"},\"url\":\"https:\\\/\\\/radiolitoral.com\\\/ca\\\/author\\\/miriam-pagan\\\/\"}]}<\/script>\n<!-- \/ Yoast SEO plugin. -->","yoast_head_json":{"title":"Pepa Bertomeu: \u201cEls animo que quan ja cau el sol, i fa m\u00e9s fresc, surtin al carrer i gaudeixin de la bona m\u00fasica\u201d | R\u00e0dio Litoral","description":"Benissa convida ve\u00efns i visitants a gaudir de la m\u00fasica les primeres nits de juliol amb la II edici\u00f3 del Festival SONE","robots":{"index":"index","follow":"follow","max-snippet":"max-snippet:-1","max-image-preview":"max-image-preview:large","max-video-preview":"max-video-preview:-1"},"canonical":"https:\/\/radiolitoral.com\/ca\/2025\/06\/pepa-bertomeu-els-animo-que-quan-ja-cau-el-sol-i-fa-mes-fresc-surtin-al-carrer-i-gaudeixin-de-la-bona-musica\/","og_locale":"ca_ES","og_type":"article","og_title":"Pepa Bertomeu: \u201cLos animo a que cuando ya cae el sol, y hace m\u00e1s fresco, salgan a la calle y disfruten de la buena m\u00fasica\u201d | R\u00e0dio Litoral","og_description":"Benissa invita a vecinos y visitantes a disfrutar de la m\u00fasica las primeras noches de julio con la II edici\u00f3n del Festival SONE","og_url":"https:\/\/radiolitoral.com\/ca\/2025\/06\/pepa-bertomeu-els-animo-que-quan-ja-cau-el-sol-i-fa-mes-fresc-surtin-al-carrer-i-gaudeixin-de-la-bona-musica\/","og_site_name":"R\u00e0dio Litoral","article_publisher":"https:\/\/www.facebook.com\/Laradiolitoral\/","article_published_time":"2025-06-13T08:32:36+00:00","og_image":[{"width":2000,"height":1500,"url":"https:\/\/media.radiolitoral.com\/wp-content\/uploads\/2025\/06\/13102845\/Pepa-Bertomeu-Primer-Cafe.jpg","type":"image\/jpeg"}],"author":"Redacci\u00f3n","twitter_card":"summary_large_image","twitter_misc":{"Escrit per":"Redacci\u00f3n","Temps estimat de lectura":"3 minuts"},"schema":{"@context":"https:\/\/schema.org","@graph":[{"@type":"NewsArticle","@id":"https:\/\/radiolitoral.com\/2025\/06\/pepa-bertomeu-los-animo-a-que-cuando-ya-cae-el-sol-y-hace-mas-fresco-salgan-a-la-calle-y-disfruten-de-la-buena-musica\/#article","isPartOf":{"@id":"https:\/\/radiolitoral.com\/2025\/06\/pepa-bertomeu-los-animo-a-que-cuando-ya-cae-el-sol-y-hace-mas-fresco-salgan-a-la-calle-y-disfruten-de-la-buena-musica\/"},"author":{"name":"Redacci\u00f3n","@id":"https:\/\/radiolitoral.com\/#\/schema\/person\/f2b2343c49b5d721857cc1002bfdb151"},"headline":"Pepa Bertomeu: \u201cLos animo a que cuando ya cae el sol, y hace m\u00e1s fresco, salgan a la calle y disfruten de la buena m\u00fasica\u201d","datePublished":"2025-06-13T08:32:36+00:00","mainEntityOfPage":{"@id":"https:\/\/radiolitoral.com\/2025\/06\/pepa-bertomeu-los-animo-a-que-cuando-ya-cae-el-sol-y-hace-mas-fresco-salgan-a-la-calle-y-disfruten-de-la-buena-musica\/"},"wordCount":431,"commentCount":0,"publisher":{"@id":"https:\/\/radiolitoral.com\/#organization"},"image":{"@id":"https:\/\/radiolitoral.com\/2025\/06\/pepa-bertomeu-los-animo-a-que-cuando-ya-cae-el-sol-y-hace-mas-fresco-salgan-a-la-calle-y-disfruten-de-la-buena-musica\/#primaryimage"},"thumbnailUrl":"https:\/\/media.radiolitoral.com\/wp-content\/uploads\/2025\/06\/13102845\/Pepa-Bertomeu-Primer-Cafe.jpg","keywords":["Abril","Ciclo de conciertos","Festival SONE","Pepa Bertomeu","Primer Caf\u00e9","Tosca Ensemble","Tributo a Michael Bubl\u00e9","verano","Vira Le\u00f3n"],"articleSection":["Cultura","Entrevistas"],"inLanguage":"ca","potentialAction":[{"@type":"CommentAction","name":"Comment","target":["https:\/\/radiolitoral.com\/2025\/06\/pepa-bertomeu-los-animo-a-que-cuando-ya-cae-el-sol-y-hace-mas-fresco-salgan-a-la-calle-y-disfruten-de-la-buena-musica\/#respond"]}]},{"@type":["WebPage","ItemPage"],"@id":"https:\/\/radiolitoral.com\/2025\/06\/pepa-bertomeu-los-animo-a-que-cuando-ya-cae-el-sol-y-hace-mas-fresco-salgan-a-la-calle-y-disfruten-de-la-buena-musica\/","url":"https:\/\/radiolitoral.com\/2025\/06\/pepa-bertomeu-los-animo-a-que-cuando-ya-cae-el-sol-y-hace-mas-fresco-salgan-a-la-calle-y-disfruten-de-la-buena-musica\/","name":"Pepa Bertomeu: \u201cEls animo que quan ja cau el sol, i fa m\u00e9s fresc, surtin al carrer i gaudeixin de la bona m\u00fasica\u201d | R\u00e0dio Litoral","isPartOf":{"@id":"https:\/\/radiolitoral.com\/#website"},"primaryImageOfPage":{"@id":"https:\/\/radiolitoral.com\/2025\/06\/pepa-bertomeu-los-animo-a-que-cuando-ya-cae-el-sol-y-hace-mas-fresco-salgan-a-la-calle-y-disfruten-de-la-buena-musica\/#primaryimage"},"image":{"@id":"https:\/\/radiolitoral.com\/2025\/06\/pepa-bertomeu-los-animo-a-que-cuando-ya-cae-el-sol-y-hace-mas-fresco-salgan-a-la-calle-y-disfruten-de-la-buena-musica\/#primaryimage"},"thumbnailUrl":"https:\/\/media.radiolitoral.com\/wp-content\/uploads\/2025\/06\/13102845\/Pepa-Bertomeu-Primer-Cafe.jpg","datePublished":"2025-06-13T08:32:36+00:00","description":"Benissa convida ve\u00efns i visitants a gaudir de la m\u00fasica les primeres nits de juliol amb la II edici\u00f3 del Festival SONE","breadcrumb":{"@id":"https:\/\/radiolitoral.com\/2025\/06\/pepa-bertomeu-los-animo-a-que-cuando-ya-cae-el-sol-y-hace-mas-fresco-salgan-a-la-calle-y-disfruten-de-la-buena-musica\/#breadcrumb"},"inLanguage":"ca","potentialAction":[{"@type":"ReadAction","target":["https:\/\/radiolitoral.com\/2025\/06\/pepa-bertomeu-los-animo-a-que-cuando-ya-cae-el-sol-y-hace-mas-fresco-salgan-a-la-calle-y-disfruten-de-la-buena-musica\/"]}]},{"@type":"ImageObject","inLanguage":"ca","@id":"https:\/\/radiolitoral.com\/2025\/06\/pepa-bertomeu-los-animo-a-que-cuando-ya-cae-el-sol-y-hace-mas-fresco-salgan-a-la-calle-y-disfruten-de-la-buena-musica\/#primaryimage","url":"https:\/\/media.radiolitoral.com\/wp-content\/uploads\/2025\/06\/13102845\/Pepa-Bertomeu-Primer-Cafe.jpg","contentUrl":"https:\/\/media.radiolitoral.com\/wp-content\/uploads\/2025\/06\/13102845\/Pepa-Bertomeu-Primer-Cafe.jpg","width":2000,"height":1500},{"@type":"BreadcrumbList","@id":"https:\/\/radiolitoral.com\/2025\/06\/pepa-bertomeu-los-animo-a-que-cuando-ya-cae-el-sol-y-hace-mas-fresco-salgan-a-la-calle-y-disfruten-de-la-buena-musica\/#breadcrumb","itemListElement":[{"@type":"ListItem","position":1,"name":"Portada","item":"https:\/\/radiolitoral.com\/"},{"@type":"ListItem","position":2,"name":"Pepa Bertomeu: \u201cLos animo a que cuando ya cae el sol, y hace m\u00e1s fresco, salgan a la calle y disfruten de la buena m\u00fasica\u201d"}]},{"@type":"WebSite","@id":"https:\/\/radiolitoral.com\/#website","url":"https:\/\/radiolitoral.com\/","name":"R\u00e0dio Litoral","description":"La r\u00e0dio local de la Marina Alta","publisher":{"@id":"https:\/\/radiolitoral.com\/#organization"},"alternateName":"Litoral FM","potentialAction":[{"@type":"SearchAction","target":{"@type":"EntryPoint","urlTemplate":"https:\/\/radiolitoral.com\/?s={search_term_string}"},"query-input":{"@type":"PropertyValueSpecification","valueRequired":true,"valueName":"search_term_string"}}],"inLanguage":"ca"},{"@type":"Organization","@id":"https:\/\/radiolitoral.com\/#organization","name":"R\u00e0dio Litoral","url":"https:\/\/radiolitoral.com\/","logo":{"@type":"ImageObject","inLanguage":"ca","@id":"https:\/\/radiolitoral.com\/#\/schema\/logo\/image\/","url":"https:\/\/media.radiolitoral.com\/wp-content\/uploads\/2023\/02\/24143238\/CL-V-RadioLitoral696.png","contentUrl":"https:\/\/media.radiolitoral.com\/wp-content\/uploads\/2023\/02\/24143238\/CL-V-RadioLitoral696.png","width":696,"height":696,"caption":"Radio Litoral"},"image":{"@id":"https:\/\/radiolitoral.com\/#\/schema\/logo\/image\/"},"sameAs":["https:\/\/www.facebook.com\/Laradiolitoral\/"]},{"@type":"Person","@id":"https:\/\/radiolitoral.com\/#\/schema\/person\/f2b2343c49b5d721857cc1002bfdb151","name":"Redacci\u00f3","image":{"@type":"ImageObject","inLanguage":"ca","@id":"https:\/\/secure.gravatar.com\/avatar\/f771d896c203ad8b3382d7905cfcce5a5c9b008b84b3cd9114e9b9f4cb63f789?s=96&d=mm&r=g","url":"https:\/\/secure.gravatar.com\/avatar\/f771d896c203ad8b3382d7905cfcce5a5c9b008b84b3cd9114e9b9f4cb63f789?s=96&d=mm&r=g","contentUrl":"https:\/\/secure.gravatar.com\/avatar\/f771d896c203ad8b3382d7905cfcce5a5c9b008b84b3cd9114e9b9f4cb63f789?s=96&d=mm&r=g","caption":"Redacci\u00f3n"},"url":"https:\/\/radiolitoral.com\/ca\/author\/miriam-pagan\/"}]}},"_links":{"self":[{"href":"https:\/\/radiolitoral.com\/ca\/wp-json\/wp\/v2\/posts\/17244","targetHints":{"allow":["GET"]}}],"collection":[{"href":"https:\/\/radiolitoral.com\/ca\/wp-json\/wp\/v2\/posts"}],"about":[{"href":"https:\/\/radiolitoral.com\/ca\/wp-json\/wp\/v2\/types\/post"}],"author":[{"embeddable":true,"href":"https:\/\/radiolitoral.com\/ca\/wp-json\/wp\/v2\/users\/13"}],"replies":[{"embeddable":true,"href":"https:\/\/radiolitoral.com\/ca\/wp-json\/wp\/v2\/comments?post=17244"}],"version-history":[{"count":3,"href":"https:\/\/radiolitoral.com\/ca\/wp-json\/wp\/v2\/posts\/17244\/revisions"}],"predecessor-version":[{"id":17254,"href":"https:\/\/radiolitoral.com\/ca\/wp-json\/wp\/v2\/posts\/17244\/revisions\/17254"}],"wp:featuredmedia":[{"embeddable":true,"href":"https:\/\/radiolitoral.com\/ca\/wp-json\/wp\/v2\/media\/17247"}],"wp:attachment":[{"href":"https:\/\/radiolitoral.com\/ca\/wp-json\/wp\/v2\/media?parent=17244"}],"wp:term":[{"taxonomy":"category","embeddable":true,"href":"https:\/\/radiolitoral.com\/ca\/wp-json\/wp\/v2\/categories?post=17244"},{"taxonomy":"post_tag","embeddable":true,"href":"https:\/\/radiolitoral.com\/ca\/wp-json\/wp\/v2\/tags?post=17244"}],"curies":[{"name":"wp","href":"https:\/\/api.w.org\/{rel}","templated":true}]}}