{"id":17189,"date":"2025-06-10T10:26:15","date_gmt":"2025-06-10T08:26:15","guid":{"rendered":"https:\/\/radiolitoral.com\/?p=17189"},"modified":"2025-06-10T10:26:15","modified_gmt":"2025-06-10T08:26:15","slug":"el-cb-ifach-calp-es-va-quedar-sense-ascens","status":"publish","type":"post","link":"https:\/\/radiolitoral.com\/ca\/2025\/06\/el-cb-ifach-calpe-se-quedo-sin-ascenso\/","title":{"rendered":"El CB Ifach Calpe es va quedar sense ascens"},"content":{"rendered":"<p data-start=\"214\" data-end=\"689\">El <strong data-start=\"217\" data-end=\"244\">Pavell\u00f3 Domingo Crespo<\/strong> es va vestir de gala per a una de les nits m\u00e9s especials en la hist\u00f2ria recent del b\u00e0squet calp\u00ed. Amb m\u00e9s de mil persones a les grades, el <strong data-start=\"399\" data-end=\"417\">CB Ifach Calp <\/strong>va caure davant el<strong data-start=\"399\" data-end=\"417\"> BC Pen\u00edscola 80 a 91. <\/strong>Els locals van saltar a la pista amb la il\u00b7lusi\u00f3 d&#039;aconseguir l&#039;ascens al partit de tornada de quarts de final per l&#039;ascens. L&#039;ambient, espectacular i ple de passi\u00f3, va recordar els temps gloriosos de l&#039;esport a la localitat.<\/p>\n<p data-start=\"691\" data-end=\"1049\">Amb un avantatge de sis punts despr\u00e9s de la gran actuaci\u00f3 al partit d&#039;anada, el <strong data-start=\"774\" data-end=\"783\">Calp<\/strong> afrontava el duel amb optimisme. No obstant aix\u00f2, <strong data-start=\"831\" data-end=\"844\">Pen\u00edscola<\/strong> va demostrar per qu\u00e8 \u00e9s un dels equips m\u00e9s s\u00f2lids de la competici\u00f3, dominant a partir del segon quart, deixant els locals sense opcions de remuntar.<\/p>\n<h4 data-start=\"691\" data-end=\"1049\">Domini rebotador visitant<\/h4>\n<p data-start=\"1051\" data-end=\"1513\">Tot i una arrencada igualada (25-24), els visitants van comen\u00e7ar a marcar el ritme del matx des de la segona meitat del segon per\u00edode (51 captures per 35 de Calp) i la rapidesa en les transicions van ser claus per obrir bretxa al marcador. <strong data-start=\"1335\" data-end=\"1357\">David Michael King<\/strong>, amb una actuaci\u00f3 estel\u00b7lar (20 punts i 10 rebots), va ser un dels art\u00edfexs de la vict\u00f2ria, portant a <strong data-start=\"1463\" data-end=\"1476\">Pen\u00edscola<\/strong> a tenir avantatges de fins a 20 punts.<\/p>\n<figure id=\"attachment_17190\" aria-describedby=\"caption-attachment-17190\" style=\"width: 2048px\" class=\"wp-caption alignnone\"><img loading=\"lazy\" decoding=\"async\" class=\"wp-image-17190 size-full\" src=\"https:\/\/media.radiolitoral.com\/wp-content\/uploads\/2025\/06\/10101813\/495299147_1319361999629249_4303549267092067420_n.jpg\" alt=\"\" width=\"2048\" height=\"1369\" srcset=\"https:\/\/media.radiolitoral.com\/wp-content\/uploads\/2025\/06\/10101813\/495299147_1319361999629249_4303549267092067420_n.jpg 2048w, https:\/\/media.radiolitoral.com\/wp-content\/uploads\/2025\/06\/10101813\/495299147_1319361999629249_4303549267092067420_n-300x201.jpg 300w, https:\/\/media.radiolitoral.com\/wp-content\/uploads\/2025\/06\/10101813\/495299147_1319361999629249_4303549267092067420_n-1024x685.jpg 1024w, https:\/\/media.radiolitoral.com\/wp-content\/uploads\/2025\/06\/10101813\/495299147_1319361999629249_4303549267092067420_n-768x513.jpg 768w, https:\/\/media.radiolitoral.com\/wp-content\/uploads\/2025\/06\/10101813\/495299147_1319361999629249_4303549267092067420_n-1536x1027.jpg 1536w, https:\/\/media.radiolitoral.com\/wp-content\/uploads\/2025\/06\/10101813\/495299147_1319361999629249_4303549267092067420_n-18x12.jpg 18w, https:\/\/media.radiolitoral.com\/wp-content\/uploads\/2025\/06\/10101813\/495299147_1319361999629249_4303549267092067420_n-1000x668.jpg 1000w, https:\/\/media.radiolitoral.com\/wp-content\/uploads\/2025\/06\/10101813\/495299147_1319361999629249_4303549267092067420_n-100x67.jpg 100w, https:\/\/media.radiolitoral.com\/wp-content\/uploads\/2025\/06\/10101813\/495299147_1319361999629249_4303549267092067420_n-200x134.jpg 200w\" sizes=\"auto, (max-width: 2048px) 100vw, 2048px\" \/><figcaption id=\"caption-attachment-17190\" class=\"wp-caption-text\">Pinya del CB Ifach Calp |CB Ifach Calp<\/figcaption><\/figure>\n<p data-start=\"1515\" data-end=\"1869\">El CB Ifach Calpe no es va rendir i va barallar fins al final, amb <strong data-start=\"1569\" data-end=\"1587\">Joaqu\u00edn Crespo<\/strong> (15 punts), <strong data-start=\"1601\" data-end=\"1618\">F\u00e8lix Climent<\/strong> (12 punts) i <strong data-start=\"1633\" data-end=\"1650\">Juanjo Crespo<\/strong> (14 punts) liderant l&#039;intent de remuntada. L&#039;afici\u00f3, incansable en el suport, va encoratjar l&#039;equip fins a l&#039;\u00faltim segon, per\u00f2 el gran nivell del rival i els nervis en moments clau van fer impossible la remuntada.<\/p>\n<p data-start=\"1515\" data-end=\"1869\">Amb aquesta derrota, el CB Ifach Calpe s&#039;acomiada de les opcions d&#039;ascens, quedant-se a tan sols sis punts d&#039;assolir la <strong data-start=\"2186\" data-end=\"2200\">Final Four<\/strong>. Tot i el resultat, la temporada de l&#039;equip ha estat hist\u00f2rica, amb un campionat de grup, destacant-se com un dels equips m\u00e9s anotadors i oferint un espectacle de qualitat a cada jornada.<\/p>\n<p data-start=\"1515\" data-end=\"1869\">All\u00f2 viscut al Domingo Crespo \u00e9s, m\u00e9s enll\u00e0 del resultat, una fita per al b\u00e0squet a Calp. La connexi\u00f3 entre l&#039;equip i l&#039;afici\u00f3 ha estat total, i aquest vincle \u00e9s l&#039;\u00e8xit m\u00e9s gran de la temporada, deixant l&#039;esperan\u00e7a de futures gestes esportives per al club.<\/p>\n<p><script src=\"chrome-extension:\/\/flbolonkboilcbnohjlchlfgdalomdpl\/iFrame.js\" type=\"text\/javascript\"><\/script><\/p>","protected":false},"excerpt":{"rendered":"<p>El Pabell\u00f3n Domingo Crespo se visti\u00f3 de gala para una de las noches m\u00e1s especiales en la historia reciente del baloncesto calpino. Con m\u00e1s de mil personas en las gradas, el CB Ifach Calpe cay\u00f3 ante el BC Pe\u00f1\u00edscola\u00a0 80 a 91. Los locales saltaron\u00a0a la cancha con la ilusi\u00f3n de conseguir el ascenso en [&#8230;]<\/p>\n<p><a class=\"btn btn-secondary understrap-read-more-link\" href=\"https:\/\/radiolitoral.com\/ca\/2025\/06\/el-cb-ifach-calpe-se-quedo-sin-ascenso\/\">Continua llegint&#8230;<span class=\"screen-reader-text\"> from El CB Ifach Calpe se qued\u00f3 sin ascenso<\/span><\/a><\/p>\n","protected":false},"author":12,"featured_media":17191,"comment_status":"open","ping_status":"closed","sticky":false,"template":"","format":"standard","meta":{"_acf_changed":false,"inline_featured_image":false,"footnotes":""},"categories":[5],"tags":[4490,952,6,1328],"class_list":["post-17189","post","type-post","status-publish","format-standard","has-post-thumbnail","hentry","category-deportes","tag-bc-peniscola","tag-cb-ifach-calpe","tag-deportes","tag-pabellon-domingo-crespo","cobertura-calp"],"acf":[],"yoast_head":"<!-- This site is optimized with the Yoast SEO plugin v27.5 - https:\/\/yoast.com\/product\/yoast-seo-wordpress\/ -->\n<title>El CB Ifach Calpe se qued\u00f3 sin ascenso | R\u00e0dio Litoral<\/title>\n<meta name=\"description\" content=\"La formaci\u00f3n de Kike Valle perdi\u00f3 ante el BC Pe\u00f1\u00edscola por 80 a 91 en la tarde donde no pod\u00eda fallarLa formaci\u00f3n de Kike Valle perdi\u00f3 ante el BC Pe\u00f1\u00edscola por 80 a 91 en la tarde donde no pod\u00eda fallar\" \/>\n<meta name=\"robots\" content=\"index, follow, max-snippet:-1, max-image-preview:large, max-video-preview:-1\" \/>\n<link rel=\"canonical\" href=\"https:\/\/radiolitoral.com\/ca\/2025\/06\/el-cb-ifach-calp-es-va-quedar-sense-ascens\/\" \/>\n<meta property=\"og:locale\" content=\"ca_ES\" \/>\n<meta property=\"og:type\" content=\"article\" \/>\n<meta property=\"og:title\" content=\"El CB Ifach Calpe se qued\u00f3 sin ascenso | R\u00e0dio Litoral\" \/>\n<meta property=\"og:description\" content=\"La formaci\u00f3n de Kike Valle perdi\u00f3 ante el BC Pe\u00f1\u00edscola por 80 a 91 en la tarde donde no pod\u00eda fallarLa formaci\u00f3n de Kike Valle perdi\u00f3 ante el BC Pe\u00f1\u00edscola por 80 a 91 en la tarde donde no pod\u00eda fallar\" \/>\n<meta property=\"og:url\" content=\"https:\/\/radiolitoral.com\/ca\/2025\/06\/el-cb-ifach-calp-es-va-quedar-sense-ascens\/\" \/>\n<meta property=\"og:site_name\" content=\"R\u00e0dio Litoral\" \/>\n<meta property=\"article:publisher\" content=\"https:\/\/www.facebook.com\/Laradiolitoral\/\" \/>\n<meta property=\"article:published_time\" content=\"2025-06-10T08:26:15+00:00\" \/>\n<meta property=\"og:image\" content=\"https:\/\/media.radiolitoral.com\/wp-content\/uploads\/2025\/06\/10101928\/grada-llena.jpg\" \/>\n\t<meta property=\"og:image:width\" content=\"2048\" \/>\n\t<meta property=\"og:image:height\" content=\"1369\" \/>\n\t<meta property=\"og:image:type\" content=\"image\/jpeg\" \/>\n<meta name=\"author\" content=\"Javier Zamora\" \/>\n<meta name=\"twitter:card\" content=\"summary_large_image\" \/>\n<meta name=\"twitter:label1\" content=\"Escrit per\" \/>\n\t<meta name=\"twitter:data1\" content=\"Javier Zamora\" \/>\n\t<meta name=\"twitter:label2\" content=\"Temps estimat de lectura\" \/>\n\t<meta name=\"twitter:data2\" content=\"3 minuts\" \/>\n<script type=\"application\/ld+json\" class=\"yoast-schema-graph\">{\"@context\":\"https:\\\/\\\/schema.org\",\"@graph\":[{\"@type\":\"NewsArticle\",\"@id\":\"https:\\\/\\\/radiolitoral.com\\\/2025\\\/06\\\/el-cb-ifach-calpe-se-quedo-sin-ascenso\\\/#article\",\"isPartOf\":{\"@id\":\"https:\\\/\\\/radiolitoral.com\\\/2025\\\/06\\\/el-cb-ifach-calpe-se-quedo-sin-ascenso\\\/\"},\"author\":{\"name\":\"Javier Zamora\",\"@id\":\"https:\\\/\\\/radiolitoral.com\\\/#\\\/schema\\\/person\\\/7b1480b5caeb5acdd4ec6379caf62b22\"},\"headline\":\"El CB Ifach Calpe se qued\u00f3 sin ascenso\",\"datePublished\":\"2025-06-10T08:26:15+00:00\",\"mainEntityOfPage\":{\"@id\":\"https:\\\/\\\/radiolitoral.com\\\/2025\\\/06\\\/el-cb-ifach-calpe-se-quedo-sin-ascenso\\\/\"},\"wordCount\":423,\"commentCount\":0,\"publisher\":{\"@id\":\"https:\\\/\\\/radiolitoral.com\\\/#organization\"},\"image\":{\"@id\":\"https:\\\/\\\/radiolitoral.com\\\/2025\\\/06\\\/el-cb-ifach-calpe-se-quedo-sin-ascenso\\\/#primaryimage\"},\"thumbnailUrl\":\"https:\\\/\\\/media.radiolitoral.com\\\/wp-content\\\/uploads\\\/2025\\\/06\\\/10101928\\\/grada-llena.jpg\",\"keywords\":[\"BC Pe\u00f1\u00edscola\",\"CB Ifach Calpe\",\"deportes\",\"Pabell\u00f3n Domingo Crespo\"],\"articleSection\":[\"Deportes\"],\"inLanguage\":\"ca\",\"potentialAction\":[{\"@type\":\"CommentAction\",\"name\":\"Comment\",\"target\":[\"https:\\\/\\\/radiolitoral.com\\\/2025\\\/06\\\/el-cb-ifach-calpe-se-quedo-sin-ascenso\\\/#respond\"]}]},{\"@type\":[\"WebPage\",\"ItemPage\"],\"@id\":\"https:\\\/\\\/radiolitoral.com\\\/2025\\\/06\\\/el-cb-ifach-calpe-se-quedo-sin-ascenso\\\/\",\"url\":\"https:\\\/\\\/radiolitoral.com\\\/2025\\\/06\\\/el-cb-ifach-calpe-se-quedo-sin-ascenso\\\/\",\"name\":\"El CB Ifach Calpe se qued\u00f3 sin ascenso | R\u00e0dio Litoral\",\"isPartOf\":{\"@id\":\"https:\\\/\\\/radiolitoral.com\\\/#website\"},\"primaryImageOfPage\":{\"@id\":\"https:\\\/\\\/radiolitoral.com\\\/2025\\\/06\\\/el-cb-ifach-calpe-se-quedo-sin-ascenso\\\/#primaryimage\"},\"image\":{\"@id\":\"https:\\\/\\\/radiolitoral.com\\\/2025\\\/06\\\/el-cb-ifach-calpe-se-quedo-sin-ascenso\\\/#primaryimage\"},\"thumbnailUrl\":\"https:\\\/\\\/media.radiolitoral.com\\\/wp-content\\\/uploads\\\/2025\\\/06\\\/10101928\\\/grada-llena.jpg\",\"datePublished\":\"2025-06-10T08:26:15+00:00\",\"description\":\"La formaci\u00f3n de Kike Valle perdi\u00f3 ante el BC Pe\u00f1\u00edscola por 80 a 91 en la tarde donde no pod\u00eda fallarLa formaci\u00f3n de Kike Valle perdi\u00f3 ante el BC Pe\u00f1\u00edscola por 80 a 91 en la tarde donde no pod\u00eda fallar\",\"breadcrumb\":{\"@id\":\"https:\\\/\\\/radiolitoral.com\\\/2025\\\/06\\\/el-cb-ifach-calpe-se-quedo-sin-ascenso\\\/#breadcrumb\"},\"inLanguage\":\"ca\",\"potentialAction\":[{\"@type\":\"ReadAction\",\"target\":[\"https:\\\/\\\/radiolitoral.com\\\/2025\\\/06\\\/el-cb-ifach-calpe-se-quedo-sin-ascenso\\\/\"]}]},{\"@type\":\"ImageObject\",\"inLanguage\":\"ca\",\"@id\":\"https:\\\/\\\/radiolitoral.com\\\/2025\\\/06\\\/el-cb-ifach-calpe-se-quedo-sin-ascenso\\\/#primaryimage\",\"url\":\"https:\\\/\\\/media.radiolitoral.com\\\/wp-content\\\/uploads\\\/2025\\\/06\\\/10101928\\\/grada-llena.jpg\",\"contentUrl\":\"https:\\\/\\\/media.radiolitoral.com\\\/wp-content\\\/uploads\\\/2025\\\/06\\\/10101928\\\/grada-llena.jpg\",\"width\":2048,\"height\":1369},{\"@type\":\"BreadcrumbList\",\"@id\":\"https:\\\/\\\/radiolitoral.com\\\/2025\\\/06\\\/el-cb-ifach-calpe-se-quedo-sin-ascenso\\\/#breadcrumb\",\"itemListElement\":[{\"@type\":\"ListItem\",\"position\":1,\"name\":\"Portada\",\"item\":\"https:\\\/\\\/radiolitoral.com\\\/\"},{\"@type\":\"ListItem\",\"position\":2,\"name\":\"El CB Ifach Calpe se qued\u00f3 sin ascenso\"}]},{\"@type\":\"WebSite\",\"@id\":\"https:\\\/\\\/radiolitoral.com\\\/#website\",\"url\":\"https:\\\/\\\/radiolitoral.com\\\/\",\"name\":\"Radio Litoral\",\"description\":\"La radio local de la Marina Alta\",\"publisher\":{\"@id\":\"https:\\\/\\\/radiolitoral.com\\\/#organization\"},\"alternateName\":\"Litoral FM\",\"potentialAction\":[{\"@type\":\"SearchAction\",\"target\":{\"@type\":\"EntryPoint\",\"urlTemplate\":\"https:\\\/\\\/radiolitoral.com\\\/?s={search_term_string}\"},\"query-input\":{\"@type\":\"PropertyValueSpecification\",\"valueRequired\":true,\"valueName\":\"search_term_string\"}}],\"inLanguage\":\"ca\"},{\"@type\":\"Organization\",\"@id\":\"https:\\\/\\\/radiolitoral.com\\\/#organization\",\"name\":\"Radio Litoral\",\"url\":\"https:\\\/\\\/radiolitoral.com\\\/\",\"logo\":{\"@type\":\"ImageObject\",\"inLanguage\":\"ca\",\"@id\":\"https:\\\/\\\/radiolitoral.com\\\/#\\\/schema\\\/logo\\\/image\\\/\",\"url\":\"https:\\\/\\\/media.radiolitoral.com\\\/wp-content\\\/uploads\\\/2023\\\/02\\\/24143238\\\/CL-V-RadioLitoral696.png\",\"contentUrl\":\"https:\\\/\\\/media.radiolitoral.com\\\/wp-content\\\/uploads\\\/2023\\\/02\\\/24143238\\\/CL-V-RadioLitoral696.png\",\"width\":696,\"height\":696,\"caption\":\"Radio Litoral\"},\"image\":{\"@id\":\"https:\\\/\\\/radiolitoral.com\\\/#\\\/schema\\\/logo\\\/image\\\/\"},\"sameAs\":[\"https:\\\/\\\/www.facebook.com\\\/Laradiolitoral\\\/\"]},{\"@type\":\"Person\",\"@id\":\"https:\\\/\\\/radiolitoral.com\\\/#\\\/schema\\\/person\\\/7b1480b5caeb5acdd4ec6379caf62b22\",\"name\":\"Javier Zamora\",\"image\":{\"@type\":\"ImageObject\",\"inLanguage\":\"ca\",\"@id\":\"https:\\\/\\\/secure.gravatar.com\\\/avatar\\\/467a11f6918c7d619c4043fc6fa2d3853053107973f05b6e9c04ea6c4e3a7b3f?s=96&d=mm&r=g\",\"url\":\"https:\\\/\\\/secure.gravatar.com\\\/avatar\\\/467a11f6918c7d619c4043fc6fa2d3853053107973f05b6e9c04ea6c4e3a7b3f?s=96&d=mm&r=g\",\"contentUrl\":\"https:\\\/\\\/secure.gravatar.com\\\/avatar\\\/467a11f6918c7d619c4043fc6fa2d3853053107973f05b6e9c04ea6c4e3a7b3f?s=96&d=mm&r=g\",\"caption\":\"Javier Zamora\"},\"url\":\"https:\\\/\\\/radiolitoral.com\\\/ca\\\/author\\\/javier-zamora\\\/\"}]}<\/script>\n<!-- \/ Yoast SEO plugin. -->","yoast_head_json":{"title":"El CB Ifach Calpe es va quedar sense ascens | R\u00e0dio Litoral","description":"La formaci\u00f3 de Kike Valle va perdre davant el BC Pen\u00edscola per 80 a 91 a la tarda on no podia fallarLa formaci\u00f3 de Kike Valle va perdre davant el BC Pen\u00edscola per 80 a 91 a la tarda on no podia fallar","robots":{"index":"index","follow":"follow","max-snippet":"max-snippet:-1","max-image-preview":"max-image-preview:large","max-video-preview":"max-video-preview:-1"},"canonical":"https:\/\/radiolitoral.com\/ca\/2025\/06\/el-cb-ifach-calp-es-va-quedar-sense-ascens\/","og_locale":"ca_ES","og_type":"article","og_title":"El CB Ifach Calpe se qued\u00f3 sin ascenso | R\u00e0dio Litoral","og_description":"La formaci\u00f3n de Kike Valle perdi\u00f3 ante el BC Pe\u00f1\u00edscola por 80 a 91 en la tarde donde no pod\u00eda fallarLa formaci\u00f3n de Kike Valle perdi\u00f3 ante el BC Pe\u00f1\u00edscola por 80 a 91 en la tarde donde no pod\u00eda fallar","og_url":"https:\/\/radiolitoral.com\/ca\/2025\/06\/el-cb-ifach-calp-es-va-quedar-sense-ascens\/","og_site_name":"R\u00e0dio Litoral","article_publisher":"https:\/\/www.facebook.com\/Laradiolitoral\/","article_published_time":"2025-06-10T08:26:15+00:00","og_image":[{"width":2048,"height":1369,"url":"https:\/\/media.radiolitoral.com\/wp-content\/uploads\/2025\/06\/10101928\/grada-llena.jpg","type":"image\/jpeg"}],"author":"Javier Zamora","twitter_card":"summary_large_image","twitter_misc":{"Escrit per":"Javier Zamora","Temps estimat de lectura":"3 minuts"},"schema":{"@context":"https:\/\/schema.org","@graph":[{"@type":"NewsArticle","@id":"https:\/\/radiolitoral.com\/2025\/06\/el-cb-ifach-calpe-se-quedo-sin-ascenso\/#article","isPartOf":{"@id":"https:\/\/radiolitoral.com\/2025\/06\/el-cb-ifach-calpe-se-quedo-sin-ascenso\/"},"author":{"name":"Javier Zamora","@id":"https:\/\/radiolitoral.com\/#\/schema\/person\/7b1480b5caeb5acdd4ec6379caf62b22"},"headline":"El CB Ifach Calpe se qued\u00f3 sin ascenso","datePublished":"2025-06-10T08:26:15+00:00","mainEntityOfPage":{"@id":"https:\/\/radiolitoral.com\/2025\/06\/el-cb-ifach-calpe-se-quedo-sin-ascenso\/"},"wordCount":423,"commentCount":0,"publisher":{"@id":"https:\/\/radiolitoral.com\/#organization"},"image":{"@id":"https:\/\/radiolitoral.com\/2025\/06\/el-cb-ifach-calpe-se-quedo-sin-ascenso\/#primaryimage"},"thumbnailUrl":"https:\/\/media.radiolitoral.com\/wp-content\/uploads\/2025\/06\/10101928\/grada-llena.jpg","keywords":["BC Pe\u00f1\u00edscola","CB Ifach Calpe","deportes","Pabell\u00f3n Domingo Crespo"],"articleSection":["Deportes"],"inLanguage":"ca","potentialAction":[{"@type":"CommentAction","name":"Comment","target":["https:\/\/radiolitoral.com\/2025\/06\/el-cb-ifach-calpe-se-quedo-sin-ascenso\/#respond"]}]},{"@type":["WebPage","ItemPage"],"@id":"https:\/\/radiolitoral.com\/2025\/06\/el-cb-ifach-calpe-se-quedo-sin-ascenso\/","url":"https:\/\/radiolitoral.com\/2025\/06\/el-cb-ifach-calpe-se-quedo-sin-ascenso\/","name":"El CB Ifach Calpe es va quedar sense ascens | R\u00e0dio Litoral","isPartOf":{"@id":"https:\/\/radiolitoral.com\/#website"},"primaryImageOfPage":{"@id":"https:\/\/radiolitoral.com\/2025\/06\/el-cb-ifach-calpe-se-quedo-sin-ascenso\/#primaryimage"},"image":{"@id":"https:\/\/radiolitoral.com\/2025\/06\/el-cb-ifach-calpe-se-quedo-sin-ascenso\/#primaryimage"},"thumbnailUrl":"https:\/\/media.radiolitoral.com\/wp-content\/uploads\/2025\/06\/10101928\/grada-llena.jpg","datePublished":"2025-06-10T08:26:15+00:00","description":"La formaci\u00f3 de Kike Valle va perdre davant el BC Pen\u00edscola per 80 a 91 a la tarda on no podia fallarLa formaci\u00f3 de Kike Valle va perdre davant el BC Pen\u00edscola per 80 a 91 a la tarda on no podia fallar","breadcrumb":{"@id":"https:\/\/radiolitoral.com\/2025\/06\/el-cb-ifach-calpe-se-quedo-sin-ascenso\/#breadcrumb"},"inLanguage":"ca","potentialAction":[{"@type":"ReadAction","target":["https:\/\/radiolitoral.com\/2025\/06\/el-cb-ifach-calpe-se-quedo-sin-ascenso\/"]}]},{"@type":"ImageObject","inLanguage":"ca","@id":"https:\/\/radiolitoral.com\/2025\/06\/el-cb-ifach-calpe-se-quedo-sin-ascenso\/#primaryimage","url":"https:\/\/media.radiolitoral.com\/wp-content\/uploads\/2025\/06\/10101928\/grada-llena.jpg","contentUrl":"https:\/\/media.radiolitoral.com\/wp-content\/uploads\/2025\/06\/10101928\/grada-llena.jpg","width":2048,"height":1369},{"@type":"BreadcrumbList","@id":"https:\/\/radiolitoral.com\/2025\/06\/el-cb-ifach-calpe-se-quedo-sin-ascenso\/#breadcrumb","itemListElement":[{"@type":"ListItem","position":1,"name":"Portada","item":"https:\/\/radiolitoral.com\/"},{"@type":"ListItem","position":2,"name":"El CB Ifach Calpe se qued\u00f3 sin ascenso"}]},{"@type":"WebSite","@id":"https:\/\/radiolitoral.com\/#website","url":"https:\/\/radiolitoral.com\/","name":"R\u00e0dio Litoral","description":"La r\u00e0dio local de la Marina Alta","publisher":{"@id":"https:\/\/radiolitoral.com\/#organization"},"alternateName":"Litoral FM","potentialAction":[{"@type":"SearchAction","target":{"@type":"EntryPoint","urlTemplate":"https:\/\/radiolitoral.com\/?s={search_term_string}"},"query-input":{"@type":"PropertyValueSpecification","valueRequired":true,"valueName":"search_term_string"}}],"inLanguage":"ca"},{"@type":"Organization","@id":"https:\/\/radiolitoral.com\/#organization","name":"R\u00e0dio Litoral","url":"https:\/\/radiolitoral.com\/","logo":{"@type":"ImageObject","inLanguage":"ca","@id":"https:\/\/radiolitoral.com\/#\/schema\/logo\/image\/","url":"https:\/\/media.radiolitoral.com\/wp-content\/uploads\/2023\/02\/24143238\/CL-V-RadioLitoral696.png","contentUrl":"https:\/\/media.radiolitoral.com\/wp-content\/uploads\/2023\/02\/24143238\/CL-V-RadioLitoral696.png","width":696,"height":696,"caption":"Radio Litoral"},"image":{"@id":"https:\/\/radiolitoral.com\/#\/schema\/logo\/image\/"},"sameAs":["https:\/\/www.facebook.com\/Laradiolitoral\/"]},{"@type":"Person","@id":"https:\/\/radiolitoral.com\/#\/schema\/person\/7b1480b5caeb5acdd4ec6379caf62b22","name":"Javier Zamora","image":{"@type":"ImageObject","inLanguage":"ca","@id":"https:\/\/secure.gravatar.com\/avatar\/467a11f6918c7d619c4043fc6fa2d3853053107973f05b6e9c04ea6c4e3a7b3f?s=96&d=mm&r=g","url":"https:\/\/secure.gravatar.com\/avatar\/467a11f6918c7d619c4043fc6fa2d3853053107973f05b6e9c04ea6c4e3a7b3f?s=96&d=mm&r=g","contentUrl":"https:\/\/secure.gravatar.com\/avatar\/467a11f6918c7d619c4043fc6fa2d3853053107973f05b6e9c04ea6c4e3a7b3f?s=96&d=mm&r=g","caption":"Javier Zamora"},"url":"https:\/\/radiolitoral.com\/ca\/author\/javier-zamora\/"}]}},"_links":{"self":[{"href":"https:\/\/radiolitoral.com\/ca\/wp-json\/wp\/v2\/posts\/17189","targetHints":{"allow":["GET"]}}],"collection":[{"href":"https:\/\/radiolitoral.com\/ca\/wp-json\/wp\/v2\/posts"}],"about":[{"href":"https:\/\/radiolitoral.com\/ca\/wp-json\/wp\/v2\/types\/post"}],"author":[{"embeddable":true,"href":"https:\/\/radiolitoral.com\/ca\/wp-json\/wp\/v2\/users\/12"}],"replies":[{"embeddable":true,"href":"https:\/\/radiolitoral.com\/ca\/wp-json\/wp\/v2\/comments?post=17189"}],"version-history":[{"count":3,"href":"https:\/\/radiolitoral.com\/ca\/wp-json\/wp\/v2\/posts\/17189\/revisions"}],"predecessor-version":[{"id":17194,"href":"https:\/\/radiolitoral.com\/ca\/wp-json\/wp\/v2\/posts\/17189\/revisions\/17194"}],"wp:featuredmedia":[{"embeddable":true,"href":"https:\/\/radiolitoral.com\/ca\/wp-json\/wp\/v2\/media\/17191"}],"wp:attachment":[{"href":"https:\/\/radiolitoral.com\/ca\/wp-json\/wp\/v2\/media?parent=17189"}],"wp:term":[{"taxonomy":"category","embeddable":true,"href":"https:\/\/radiolitoral.com\/ca\/wp-json\/wp\/v2\/categories?post=17189"},{"taxonomy":"post_tag","embeddable":true,"href":"https:\/\/radiolitoral.com\/ca\/wp-json\/wp\/v2\/tags?post=17189"}],"curies":[{"name":"wp","href":"https:\/\/api.w.org\/{rel}","templated":true}]}}