{"id":17185,"date":"2025-06-09T17:39:54","date_gmt":"2025-06-09T15:39:54","guid":{"rendered":"https:\/\/radiolitoral.com\/?p=17185"},"modified":"2025-06-09T17:39:54","modified_gmt":"2025-06-09T15:39:54","slug":"benissa-tanca-amb-exit-el-proces-dels-pressupostos-participatius-2025-2026","status":"publish","type":"post","link":"https:\/\/radiolitoral.com\/ca\/2025\/06\/benissa-cierra-con-exito-el-proceso-de-los-presupuestos-participativos-2025-2026\/","title":{"rendered":"Benissa tanca amb \u00e8xit el proc\u00e9s dels Pressupostos Participatius 2025-2026"},"content":{"rendered":"<p data-start=\"261\" data-end=\"627\">El proc\u00e9s dels <strong data-start=\"279\" data-end=\"310\">Pressupostos Participatius<\/strong> de Benissa per al per\u00edode 2025-2026 ha aconseguit uns resultats que superen les expectatives inicials. En aquesta edici\u00f3, els ve\u00efns van presentar un total de <strong data-start=\"470\" data-end=\"495\">m\u00e9s de 110 propostes<\/strong>, i es van registrar <strong data-start=\"514\" data-end=\"527\">459 vots<\/strong>, cosa que demostra un notable augment en la implicaci\u00f3 de la ciutadania en els assumptes municipals.<\/p>\n<p data-start=\"629\" data-end=\"1024\">Virginia P\u00e9rez, regidora de <strong data-start=\"658\" data-end=\"685\">Participaci\u00f3 Ciutadana<\/strong>, va expressar la seva satisfacci\u00f3 amb els resultats: \u201c<strong data-start=\"732\" data-end=\"868\">La resposta ve\u00efnal ha superat totes les expectatives. Estem molt contents d&#039;anunciar que hem duplicat el nombre de votants<\/strong>&quot;, va destacar. Aquest any, la participaci\u00f3 s&#039;ha m\u00e9s que duplicat en comparaci\u00f3 amb l&#039;any passat, quan \u00fanicament 216 persones van participar a la votaci\u00f3.&quot;<\/p>\n<h4 data-start=\"1026\" data-end=\"1056\"><strong data-start=\"1026\" data-end=\"1056\">Les propostes m\u00e9s votades<\/strong><\/h4>\n<p data-start=\"1058\" data-end=\"1384\">Entre les propostes que m\u00e9s suport van rebre, destaca la creaci\u00f3 d&#039;una <strong data-start=\"1132\" data-end=\"1156\">carpa per a escenari<\/strong>, que es va al\u00e7ar amb <strong data-start=\"1174\" data-end=\"1188\">419 punts<\/strong>, convertint-se en la proposta m\u00e9s votada. Aquest projecte t\u00e9 com a objectiu <strong data-start=\"1267\" data-end=\"1334\">millorar les infraestructures per a esdeveniments culturals i festius<\/strong>, una de les principals demandes de la comunitat.<\/p>\n<p data-start=\"1386\" data-end=\"1609\">El segueix en popularitat la <strong data-start=\"1413\" data-end=\"1486\">adquisici\u00f3 de material per al Casal dels Festers i les guinguetes<\/strong>, que va obtenir <strong data-start=\"1499\" data-end=\"1513\">333 punts<\/strong>. Aquesta proposta refor\u00e7a el suport a les festivitats locals i al teixit associatiu de Benissa.<\/p>\n<p data-start=\"1611\" data-end=\"1819\">Finalment, la <strong data-start=\"1626\" data-end=\"1668\">creaci\u00f3 d&#039;un parc infantil natural<\/strong> es va posicionar en tercer lloc, amb <strong data-start=\"1703\" data-end=\"1717\">265 punts<\/strong>, cosa que reflecteix l&#039;inter\u00e8s de la comunitat en espais p\u00fablics per al gaudi dels m\u00e9s petits. Els projectes guanyadors seran inclosos al <strong data-start=\"1916\" data-end=\"1949\">pressupost municipal de 2025<\/strong>, amb una assignaci\u00f3 de <strong data-start=\"1973\" data-end=\"1989\">60.000 euros<\/strong> per a la seva execuci\u00f3. Les propostes es duran a terme segons lordre de votaci\u00f3.<\/p>\n<h4 data-start=\"2072\" data-end=\"2109\"><strong data-start=\"2072\" data-end=\"2109\">Accessibilitat i inclusi\u00f3 digital<\/strong><\/h4>\n<p data-start=\"2111\" data-end=\"2529\">Un dels aspectes m\u00e9s destacats d\u201faquesta edici\u00f3 ha estat l\u201faccessibilitat del proc\u00e9s. Per garantir que tots els ve\u00efns, independentment del seu domini de les tecnologies digitals, hi poguessin participar, la regidoria va instal\u00b7lar <strong data-start=\"2345\" data-end=\"2405\">quatre punts informatius i de participaci\u00f3 presencial<\/strong> a diferents llocs de la localitat. Aquesta mesura ha afavorit la inclusi\u00f3 i ha ajudat a reduir la <strong data-start=\"2510\" data-end=\"2528\">bretxa digital<\/strong>.<\/p>\n<p data-start=\"2603\" data-end=\"2966\">L&#039;alcalde de Benissa, <strong data-start=\"2626\" data-end=\"2643\">Arturo Poquet<\/strong>, tamb\u00e9 va celebrar els resultats obtinguts. \u201c<strong data-start=\"2688\" data-end=\"2800\">La participaci\u00f3 ciutadana \u00e9s essencial per construir un municipi m\u00e9s participatiu, transparent i proper<\/strong>\u201d, va subratllar Poquet, remarcant la import\u00e0ncia d&#039;aquests processos per <strong data-start=\"2868\" data-end=\"2902\">enfortir la democr\u00e0cia local<\/strong> i millorar la relaci\u00f3 entre el <strong data-start=\"2934\" data-end=\"2950\">Ajuntament<\/strong> i la comunitat.<\/p>","protected":false},"excerpt":{"rendered":"<p>El proceso de los Presupuestos Participativos de Benissa para el per\u00edodo 2025-2026 ha alcanzado unos resultados que superan las expectativas iniciales. En esta edici\u00f3n, los vecinos presentaron un total de m\u00e1s de 110 propuestas, y se registraron 459 votos, lo que demuestra un notable aumento en la implicaci\u00f3n de la ciudadan\u00eda en los asuntos municipales. [&#8230;]<\/p>\n<p><a class=\"btn btn-secondary understrap-read-more-link\" href=\"https:\/\/radiolitoral.com\/ca\/2025\/06\/benissa-cierra-con-exito-el-proceso-de-los-presupuestos-participativos-2025-2026\/\">Continua llegint&#8230;<span class=\"screen-reader-text\"> from Benissa cierra con \u00e9xito el proceso de los Presupuestos Participativos 2025-2026<\/span><\/a><\/p>\n","protected":false},"author":14,"featured_media":17187,"comment_status":"open","ping_status":"closed","sticky":false,"template":"","format":"standard","meta":{"_acf_changed":false,"inline_featured_image":false,"footnotes":""},"categories":[46,1],"tags":[126,608,1671,1160],"class_list":["post-17185","post","type-post","status-publish","format-standard","has-post-thumbnail","hentry","category-sociedad","category-uncategorized","tag-benissa","tag-participacion-ciudadana","tag-presupuestos-participativos","tag-sociedad","cobertura-benissa"],"acf":[],"yoast_head":"<!-- This site is optimized with the Yoast SEO plugin v27.5 - https:\/\/yoast.com\/product\/yoast-seo-wordpress\/ -->\n<title>Benissa cierra con \u00e9xito el proceso de los Presupuestos Participativos 2025-2026 | R\u00e0dio Litoral<\/title>\n<meta name=\"description\" content=\"M\u00e1s de 450 votos reflejan el creciente inter\u00e9s de los vecinos en las decisiones municipales\" \/>\n<meta name=\"robots\" content=\"index, follow, max-snippet:-1, max-image-preview:large, max-video-preview:-1\" \/>\n<link rel=\"canonical\" href=\"https:\/\/radiolitoral.com\/ca\/2025\/06\/benissa-tanca-amb-exit-el-proces-dels-pressupostos-participatius-2025-2026\/\" \/>\n<meta property=\"og:locale\" content=\"ca_ES\" \/>\n<meta property=\"og:type\" content=\"article\" \/>\n<meta property=\"og:title\" content=\"Benissa cierra con \u00e9xito el proceso de los Presupuestos Participativos 2025-2026 | R\u00e0dio Litoral\" \/>\n<meta property=\"og:description\" content=\"M\u00e1s de 450 votos reflejan el creciente inter\u00e9s de los vecinos en las decisiones municipales\" \/>\n<meta property=\"og:url\" content=\"https:\/\/radiolitoral.com\/ca\/2025\/06\/benissa-tanca-amb-exit-el-proces-dels-pressupostos-participatius-2025-2026\/\" \/>\n<meta property=\"og:site_name\" content=\"R\u00e0dio Litoral\" \/>\n<meta property=\"article:publisher\" content=\"https:\/\/www.facebook.com\/Laradiolitoral\/\" \/>\n<meta property=\"article:published_time\" content=\"2025-06-09T15:39:54+00:00\" \/>\n<meta property=\"og:image\" content=\"https:\/\/media.radiolitoral.com\/wp-content\/uploads\/2025\/06\/09173941\/Estand-Presupuestos-Participativos-Benissa-2025-1024x576.png\" \/>\n\t<meta property=\"og:image:width\" content=\"1024\" \/>\n\t<meta property=\"og:image:height\" content=\"576\" \/>\n\t<meta property=\"og:image:type\" content=\"image\/png\" \/>\n<meta name=\"author\" content=\"Redacci\u00f3n\" \/>\n<meta name=\"twitter:card\" content=\"summary_large_image\" \/>\n<meta name=\"twitter:label1\" content=\"Escrit per\" \/>\n\t<meta name=\"twitter:data1\" content=\"Redacci\u00f3n\" \/>\n\t<meta name=\"twitter:label2\" content=\"Temps estimat de lectura\" \/>\n\t<meta name=\"twitter:data2\" content=\"3 minuts\" \/>\n<script type=\"application\/ld+json\" class=\"yoast-schema-graph\">{\"@context\":\"https:\\\/\\\/schema.org\",\"@graph\":[{\"@type\":\"NewsArticle\",\"@id\":\"https:\\\/\\\/radiolitoral.com\\\/2025\\\/06\\\/benissa-cierra-con-exito-el-proceso-de-los-presupuestos-participativos-2025-2026\\\/#article\",\"isPartOf\":{\"@id\":\"https:\\\/\\\/radiolitoral.com\\\/2025\\\/06\\\/benissa-cierra-con-exito-el-proceso-de-los-presupuestos-participativos-2025-2026\\\/\"},\"author\":{\"name\":\"Redacci\u00f3n\",\"@id\":\"https:\\\/\\\/radiolitoral.com\\\/#\\\/schema\\\/person\\\/96b739642eb3bedb532aac3812d23307\"},\"headline\":\"Benissa cierra con \u00e9xito el proceso de los Presupuestos Participativos 2025-2026\",\"datePublished\":\"2025-06-09T15:39:54+00:00\",\"mainEntityOfPage\":{\"@id\":\"https:\\\/\\\/radiolitoral.com\\\/2025\\\/06\\\/benissa-cierra-con-exito-el-proceso-de-los-presupuestos-participativos-2025-2026\\\/\"},\"wordCount\":423,\"commentCount\":0,\"publisher\":{\"@id\":\"https:\\\/\\\/radiolitoral.com\\\/#organization\"},\"image\":{\"@id\":\"https:\\\/\\\/radiolitoral.com\\\/2025\\\/06\\\/benissa-cierra-con-exito-el-proceso-de-los-presupuestos-participativos-2025-2026\\\/#primaryimage\"},\"thumbnailUrl\":\"https:\\\/\\\/media.radiolitoral.com\\\/wp-content\\\/uploads\\\/2025\\\/06\\\/09173941\\\/Estand-Presupuestos-Participativos-Benissa-2025.png\",\"keywords\":[\"Benissa\",\"Participaci\u00f3n ciudadana\",\"presupuestos participativos\",\"sociedad\"],\"articleSection\":[\"Sociedad\",\"Uncategorized\"],\"inLanguage\":\"ca\",\"potentialAction\":[{\"@type\":\"CommentAction\",\"name\":\"Comment\",\"target\":[\"https:\\\/\\\/radiolitoral.com\\\/2025\\\/06\\\/benissa-cierra-con-exito-el-proceso-de-los-presupuestos-participativos-2025-2026\\\/#respond\"]}]},{\"@type\":[\"WebPage\",\"ItemPage\"],\"@id\":\"https:\\\/\\\/radiolitoral.com\\\/2025\\\/06\\\/benissa-cierra-con-exito-el-proceso-de-los-presupuestos-participativos-2025-2026\\\/\",\"url\":\"https:\\\/\\\/radiolitoral.com\\\/2025\\\/06\\\/benissa-cierra-con-exito-el-proceso-de-los-presupuestos-participativos-2025-2026\\\/\",\"name\":\"Benissa cierra con \u00e9xito el proceso de los Presupuestos Participativos 2025-2026 | R\u00e0dio Litoral\",\"isPartOf\":{\"@id\":\"https:\\\/\\\/radiolitoral.com\\\/#website\"},\"primaryImageOfPage\":{\"@id\":\"https:\\\/\\\/radiolitoral.com\\\/2025\\\/06\\\/benissa-cierra-con-exito-el-proceso-de-los-presupuestos-participativos-2025-2026\\\/#primaryimage\"},\"image\":{\"@id\":\"https:\\\/\\\/radiolitoral.com\\\/2025\\\/06\\\/benissa-cierra-con-exito-el-proceso-de-los-presupuestos-participativos-2025-2026\\\/#primaryimage\"},\"thumbnailUrl\":\"https:\\\/\\\/media.radiolitoral.com\\\/wp-content\\\/uploads\\\/2025\\\/06\\\/09173941\\\/Estand-Presupuestos-Participativos-Benissa-2025.png\",\"datePublished\":\"2025-06-09T15:39:54+00:00\",\"description\":\"M\u00e1s de 450 votos reflejan el creciente inter\u00e9s de los vecinos en las decisiones municipales\",\"breadcrumb\":{\"@id\":\"https:\\\/\\\/radiolitoral.com\\\/2025\\\/06\\\/benissa-cierra-con-exito-el-proceso-de-los-presupuestos-participativos-2025-2026\\\/#breadcrumb\"},\"inLanguage\":\"ca\",\"potentialAction\":[{\"@type\":\"ReadAction\",\"target\":[\"https:\\\/\\\/radiolitoral.com\\\/2025\\\/06\\\/benissa-cierra-con-exito-el-proceso-de-los-presupuestos-participativos-2025-2026\\\/\"]}]},{\"@type\":\"ImageObject\",\"inLanguage\":\"ca\",\"@id\":\"https:\\\/\\\/radiolitoral.com\\\/2025\\\/06\\\/benissa-cierra-con-exito-el-proceso-de-los-presupuestos-participativos-2025-2026\\\/#primaryimage\",\"url\":\"https:\\\/\\\/media.radiolitoral.com\\\/wp-content\\\/uploads\\\/2025\\\/06\\\/09173941\\\/Estand-Presupuestos-Participativos-Benissa-2025.png\",\"contentUrl\":\"https:\\\/\\\/media.radiolitoral.com\\\/wp-content\\\/uploads\\\/2025\\\/06\\\/09173941\\\/Estand-Presupuestos-Participativos-Benissa-2025.png\",\"width\":1920,\"height\":1080},{\"@type\":\"BreadcrumbList\",\"@id\":\"https:\\\/\\\/radiolitoral.com\\\/2025\\\/06\\\/benissa-cierra-con-exito-el-proceso-de-los-presupuestos-participativos-2025-2026\\\/#breadcrumb\",\"itemListElement\":[{\"@type\":\"ListItem\",\"position\":1,\"name\":\"Portada\",\"item\":\"https:\\\/\\\/radiolitoral.com\\\/\"},{\"@type\":\"ListItem\",\"position\":2,\"name\":\"Benissa cierra con \u00e9xito el proceso de los Presupuestos Participativos 2025-2026\"}]},{\"@type\":\"WebSite\",\"@id\":\"https:\\\/\\\/radiolitoral.com\\\/#website\",\"url\":\"https:\\\/\\\/radiolitoral.com\\\/\",\"name\":\"Radio Litoral\",\"description\":\"La radio local de la Marina Alta\",\"publisher\":{\"@id\":\"https:\\\/\\\/radiolitoral.com\\\/#organization\"},\"alternateName\":\"Litoral FM\",\"potentialAction\":[{\"@type\":\"SearchAction\",\"target\":{\"@type\":\"EntryPoint\",\"urlTemplate\":\"https:\\\/\\\/radiolitoral.com\\\/?s={search_term_string}\"},\"query-input\":{\"@type\":\"PropertyValueSpecification\",\"valueRequired\":true,\"valueName\":\"search_term_string\"}}],\"inLanguage\":\"ca\"},{\"@type\":\"Organization\",\"@id\":\"https:\\\/\\\/radiolitoral.com\\\/#organization\",\"name\":\"Radio Litoral\",\"url\":\"https:\\\/\\\/radiolitoral.com\\\/\",\"logo\":{\"@type\":\"ImageObject\",\"inLanguage\":\"ca\",\"@id\":\"https:\\\/\\\/radiolitoral.com\\\/#\\\/schema\\\/logo\\\/image\\\/\",\"url\":\"https:\\\/\\\/media.radiolitoral.com\\\/wp-content\\\/uploads\\\/2023\\\/02\\\/24143238\\\/CL-V-RadioLitoral696.png\",\"contentUrl\":\"https:\\\/\\\/media.radiolitoral.com\\\/wp-content\\\/uploads\\\/2023\\\/02\\\/24143238\\\/CL-V-RadioLitoral696.png\",\"width\":696,\"height\":696,\"caption\":\"Radio Litoral\"},\"image\":{\"@id\":\"https:\\\/\\\/radiolitoral.com\\\/#\\\/schema\\\/logo\\\/image\\\/\"},\"sameAs\":[\"https:\\\/\\\/www.facebook.com\\\/Laradiolitoral\\\/\"]},{\"@type\":\"Person\",\"@id\":\"https:\\\/\\\/radiolitoral.com\\\/#\\\/schema\\\/person\\\/96b739642eb3bedb532aac3812d23307\",\"name\":\"Redacci\u00f3n\",\"image\":{\"@type\":\"ImageObject\",\"inLanguage\":\"ca\",\"@id\":\"https:\\\/\\\/secure.gravatar.com\\\/avatar\\\/30cd06129ee90411dd9c7cbdcf17464181d1a3c7b072e92070ea75a25cf0097e?s=96&d=mm&r=g\",\"url\":\"https:\\\/\\\/secure.gravatar.com\\\/avatar\\\/30cd06129ee90411dd9c7cbdcf17464181d1a3c7b072e92070ea75a25cf0097e?s=96&d=mm&r=g\",\"contentUrl\":\"https:\\\/\\\/secure.gravatar.com\\\/avatar\\\/30cd06129ee90411dd9c7cbdcf17464181d1a3c7b072e92070ea75a25cf0097e?s=96&d=mm&r=g\",\"caption\":\"Redacci\u00f3n\"},\"url\":\"https:\\\/\\\/radiolitoral.com\\\/ca\\\/author\\\/kevin-carrio\\\/\"}]}<\/script>\n<!-- \/ Yoast SEO plugin. -->","yoast_head_json":{"title":"Benissa tanca amb \u00e8xit el proc\u00e9s dels pressupostos participatius 2025-2026 | R\u00e0dio Litoral","description":"M\u00e9s de 450 vots reflecteixen el creixent inter\u00e8s dels ve\u00efns a les decisions municipals","robots":{"index":"index","follow":"follow","max-snippet":"max-snippet:-1","max-image-preview":"max-image-preview:large","max-video-preview":"max-video-preview:-1"},"canonical":"https:\/\/radiolitoral.com\/ca\/2025\/06\/benissa-tanca-amb-exit-el-proces-dels-pressupostos-participatius-2025-2026\/","og_locale":"ca_ES","og_type":"article","og_title":"Benissa cierra con \u00e9xito el proceso de los Presupuestos Participativos 2025-2026 | R\u00e0dio Litoral","og_description":"M\u00e1s de 450 votos reflejan el creciente inter\u00e9s de los vecinos en las decisiones municipales","og_url":"https:\/\/radiolitoral.com\/ca\/2025\/06\/benissa-tanca-amb-exit-el-proces-dels-pressupostos-participatius-2025-2026\/","og_site_name":"R\u00e0dio Litoral","article_publisher":"https:\/\/www.facebook.com\/Laradiolitoral\/","article_published_time":"2025-06-09T15:39:54+00:00","og_image":[{"width":1024,"height":576,"url":"https:\/\/media.radiolitoral.com\/wp-content\/uploads\/2025\/06\/09173941\/Estand-Presupuestos-Participativos-Benissa-2025-1024x576.png","type":"image\/png"}],"author":"Redacci\u00f3n","twitter_card":"summary_large_image","twitter_misc":{"Escrit per":"Redacci\u00f3n","Temps estimat de lectura":"3 minuts"},"schema":{"@context":"https:\/\/schema.org","@graph":[{"@type":"NewsArticle","@id":"https:\/\/radiolitoral.com\/2025\/06\/benissa-cierra-con-exito-el-proceso-de-los-presupuestos-participativos-2025-2026\/#article","isPartOf":{"@id":"https:\/\/radiolitoral.com\/2025\/06\/benissa-cierra-con-exito-el-proceso-de-los-presupuestos-participativos-2025-2026\/"},"author":{"name":"Redacci\u00f3n","@id":"https:\/\/radiolitoral.com\/#\/schema\/person\/96b739642eb3bedb532aac3812d23307"},"headline":"Benissa cierra con \u00e9xito el proceso de los Presupuestos Participativos 2025-2026","datePublished":"2025-06-09T15:39:54+00:00","mainEntityOfPage":{"@id":"https:\/\/radiolitoral.com\/2025\/06\/benissa-cierra-con-exito-el-proceso-de-los-presupuestos-participativos-2025-2026\/"},"wordCount":423,"commentCount":0,"publisher":{"@id":"https:\/\/radiolitoral.com\/#organization"},"image":{"@id":"https:\/\/radiolitoral.com\/2025\/06\/benissa-cierra-con-exito-el-proceso-de-los-presupuestos-participativos-2025-2026\/#primaryimage"},"thumbnailUrl":"https:\/\/media.radiolitoral.com\/wp-content\/uploads\/2025\/06\/09173941\/Estand-Presupuestos-Participativos-Benissa-2025.png","keywords":["Benissa","Participaci\u00f3n ciudadana","presupuestos participativos","sociedad"],"articleSection":["Sociedad","Uncategorized"],"inLanguage":"ca","potentialAction":[{"@type":"CommentAction","name":"Comment","target":["https:\/\/radiolitoral.com\/2025\/06\/benissa-cierra-con-exito-el-proceso-de-los-presupuestos-participativos-2025-2026\/#respond"]}]},{"@type":["WebPage","ItemPage"],"@id":"https:\/\/radiolitoral.com\/2025\/06\/benissa-cierra-con-exito-el-proceso-de-los-presupuestos-participativos-2025-2026\/","url":"https:\/\/radiolitoral.com\/2025\/06\/benissa-cierra-con-exito-el-proceso-de-los-presupuestos-participativos-2025-2026\/","name":"Benissa tanca amb \u00e8xit el proc\u00e9s dels pressupostos participatius 2025-2026 | R\u00e0dio Litoral","isPartOf":{"@id":"https:\/\/radiolitoral.com\/#website"},"primaryImageOfPage":{"@id":"https:\/\/radiolitoral.com\/2025\/06\/benissa-cierra-con-exito-el-proceso-de-los-presupuestos-participativos-2025-2026\/#primaryimage"},"image":{"@id":"https:\/\/radiolitoral.com\/2025\/06\/benissa-cierra-con-exito-el-proceso-de-los-presupuestos-participativos-2025-2026\/#primaryimage"},"thumbnailUrl":"https:\/\/media.radiolitoral.com\/wp-content\/uploads\/2025\/06\/09173941\/Estand-Presupuestos-Participativos-Benissa-2025.png","datePublished":"2025-06-09T15:39:54+00:00","description":"M\u00e9s de 450 vots reflecteixen el creixent inter\u00e8s dels ve\u00efns a les decisions municipals","breadcrumb":{"@id":"https:\/\/radiolitoral.com\/2025\/06\/benissa-cierra-con-exito-el-proceso-de-los-presupuestos-participativos-2025-2026\/#breadcrumb"},"inLanguage":"ca","potentialAction":[{"@type":"ReadAction","target":["https:\/\/radiolitoral.com\/2025\/06\/benissa-cierra-con-exito-el-proceso-de-los-presupuestos-participativos-2025-2026\/"]}]},{"@type":"ImageObject","inLanguage":"ca","@id":"https:\/\/radiolitoral.com\/2025\/06\/benissa-cierra-con-exito-el-proceso-de-los-presupuestos-participativos-2025-2026\/#primaryimage","url":"https:\/\/media.radiolitoral.com\/wp-content\/uploads\/2025\/06\/09173941\/Estand-Presupuestos-Participativos-Benissa-2025.png","contentUrl":"https:\/\/media.radiolitoral.com\/wp-content\/uploads\/2025\/06\/09173941\/Estand-Presupuestos-Participativos-Benissa-2025.png","width":1920,"height":1080},{"@type":"BreadcrumbList","@id":"https:\/\/radiolitoral.com\/2025\/06\/benissa-cierra-con-exito-el-proceso-de-los-presupuestos-participativos-2025-2026\/#breadcrumb","itemListElement":[{"@type":"ListItem","position":1,"name":"Portada","item":"https:\/\/radiolitoral.com\/"},{"@type":"ListItem","position":2,"name":"Benissa cierra con \u00e9xito el proceso de los Presupuestos Participativos 2025-2026"}]},{"@type":"WebSite","@id":"https:\/\/radiolitoral.com\/#website","url":"https:\/\/radiolitoral.com\/","name":"R\u00e0dio Litoral","description":"La r\u00e0dio local de la Marina Alta","publisher":{"@id":"https:\/\/radiolitoral.com\/#organization"},"alternateName":"Litoral FM","potentialAction":[{"@type":"SearchAction","target":{"@type":"EntryPoint","urlTemplate":"https:\/\/radiolitoral.com\/?s={search_term_string}"},"query-input":{"@type":"PropertyValueSpecification","valueRequired":true,"valueName":"search_term_string"}}],"inLanguage":"ca"},{"@type":"Organization","@id":"https:\/\/radiolitoral.com\/#organization","name":"R\u00e0dio Litoral","url":"https:\/\/radiolitoral.com\/","logo":{"@type":"ImageObject","inLanguage":"ca","@id":"https:\/\/radiolitoral.com\/#\/schema\/logo\/image\/","url":"https:\/\/media.radiolitoral.com\/wp-content\/uploads\/2023\/02\/24143238\/CL-V-RadioLitoral696.png","contentUrl":"https:\/\/media.radiolitoral.com\/wp-content\/uploads\/2023\/02\/24143238\/CL-V-RadioLitoral696.png","width":696,"height":696,"caption":"Radio Litoral"},"image":{"@id":"https:\/\/radiolitoral.com\/#\/schema\/logo\/image\/"},"sameAs":["https:\/\/www.facebook.com\/Laradiolitoral\/"]},{"@type":"Person","@id":"https:\/\/radiolitoral.com\/#\/schema\/person\/96b739642eb3bedb532aac3812d23307","name":"Redacci\u00f3","image":{"@type":"ImageObject","inLanguage":"ca","@id":"https:\/\/secure.gravatar.com\/avatar\/30cd06129ee90411dd9c7cbdcf17464181d1a3c7b072e92070ea75a25cf0097e?s=96&d=mm&r=g","url":"https:\/\/secure.gravatar.com\/avatar\/30cd06129ee90411dd9c7cbdcf17464181d1a3c7b072e92070ea75a25cf0097e?s=96&d=mm&r=g","contentUrl":"https:\/\/secure.gravatar.com\/avatar\/30cd06129ee90411dd9c7cbdcf17464181d1a3c7b072e92070ea75a25cf0097e?s=96&d=mm&r=g","caption":"Redacci\u00f3n"},"url":"https:\/\/radiolitoral.com\/ca\/author\/kevin-carrio\/"}]}},"_links":{"self":[{"href":"https:\/\/radiolitoral.com\/ca\/wp-json\/wp\/v2\/posts\/17185","targetHints":{"allow":["GET"]}}],"collection":[{"href":"https:\/\/radiolitoral.com\/ca\/wp-json\/wp\/v2\/posts"}],"about":[{"href":"https:\/\/radiolitoral.com\/ca\/wp-json\/wp\/v2\/types\/post"}],"author":[{"embeddable":true,"href":"https:\/\/radiolitoral.com\/ca\/wp-json\/wp\/v2\/users\/14"}],"replies":[{"embeddable":true,"href":"https:\/\/radiolitoral.com\/ca\/wp-json\/wp\/v2\/comments?post=17185"}],"version-history":[{"count":1,"href":"https:\/\/radiolitoral.com\/ca\/wp-json\/wp\/v2\/posts\/17185\/revisions"}],"predecessor-version":[{"id":17186,"href":"https:\/\/radiolitoral.com\/ca\/wp-json\/wp\/v2\/posts\/17185\/revisions\/17186"}],"wp:featuredmedia":[{"embeddable":true,"href":"https:\/\/radiolitoral.com\/ca\/wp-json\/wp\/v2\/media\/17187"}],"wp:attachment":[{"href":"https:\/\/radiolitoral.com\/ca\/wp-json\/wp\/v2\/media?parent=17185"}],"wp:term":[{"taxonomy":"category","embeddable":true,"href":"https:\/\/radiolitoral.com\/ca\/wp-json\/wp\/v2\/categories?post=17185"},{"taxonomy":"post_tag","embeddable":true,"href":"https:\/\/radiolitoral.com\/ca\/wp-json\/wp\/v2\/tags?post=17185"}],"curies":[{"name":"wp","href":"https:\/\/api.w.org\/{rel}","templated":true}]}}