{"id":17177,"date":"2025-06-10T10:30:18","date_gmt":"2025-06-10T08:30:18","guid":{"rendered":"https:\/\/radiolitoral.com\/?p=17177"},"modified":"2025-06-10T10:30:18","modified_gmt":"2025-06-10T08:30:18","slug":"rossell-i-ferrer-guanyadors-de-la-xxvi-cursa-popular-de-benissa","status":"publish","type":"post","link":"https:\/\/radiolitoral.com\/ca\/2025\/06\/rosello-y-ferrer-ganadores-de-la-xxvi-cursa-popular-de-benissa\/","title":{"rendered":"Rosell\u00f3 i Ferrer guanyadors de la XXVI Cursa Popular de Benissa"},"content":{"rendered":"<article class=\"text-token-text-primary w-full\" dir=\"auto\" data-testid=\"conversation-turn-32\" data-scroll-anchor=\"true\">\n<div class=\"text-base my-auto mx-auto py-5 [--thread-content-margin:--spacing(4)] @[37rem]:[--thread-content-margin:--spacing(6)] @[72rem]:[--thread-content-margin:--spacing(16)] px-(--thread-content-margin)\">\n<div class=\"[--thread-content-max-width:32rem] @[34rem]:[--thread-content-max-width:40rem] @[64rem]:[--thread-content-max-width:48rem] mx-auto flex max-w-(--thread-content-max-width) flex-1 text-base gap-4 md:gap-5 lg:gap-6 group\/turn-messages focus-visible:outline-hidden\" tabindex=\"-1\">\n<div class=\"group\/conversation-turn relative flex w-full min-w-0 flex-col agent-turn\">\n<div class=\"relative flex-col gap-1 md:gap-3\">\n<div class=\"flex max-w-full flex-col grow\">\n<div class=\"min-h-8 text-message relative flex w-full flex-col items-end gap-2 text-start break-words whitespace-normal [.text-message+&amp;]:mt-5\" dir=\"auto\" data-message-author-role=\"assistant\" data-message-id=\"c30c4fd2-553f-4a8e-8ae7-e23651b909d9\" data-message-model-slug=\"gpt-4o-mini\">\n<div class=\"flex w-full flex-col gap-1 empty:hidden first:pt-[3px]\">\n<div class=\"markdown prose dark:prose-invert w-full break-words light\">\n<p data-start=\"249\" data-end=\"725\">El <strong data-start=\"252\" data-end=\"286\">Circuit a Peu Marina Alta 2025<\/strong> lleg\u00f3 a su fin este fin de semana con la <strong data-start=\"328\" data-end=\"361\">XXVI Cursa Popular de Benissa<\/strong>, donde los atletas <strong data-start=\"381\" data-end=\"398\">Kiket Rosell\u00f3<\/strong> (CA Gand\u00eda Alpesa) y <strong data-start=\"420\" data-end=\"443\">Mar\u00eda Isabel Ferrer<\/strong> (Llebeig X\u00e0bia) se proclamaron vencedores absolutos de la \u00faltima prueba del circuito. La jornada, que se desarroll\u00f3 en un ambiente festivo y con una gran participaci\u00f3n, reuni\u00f3 a casi <strong data-start=\"627\" data-end=\"645\">mil corredores<\/strong> entre las <strong data-start=\"656\" data-end=\"679\">carreras infantiles<\/strong> y la prueba principal, de <strong data-start=\"706\" data-end=\"724\">8,3 kil\u00f3metros<\/strong>.<\/p>\n<p data-start=\"727\" data-end=\"1150\">En la <strong data-start=\"733\" data-end=\"756\">categor\u00eda masculina<\/strong>, <strong data-start=\"758\" data-end=\"775\">Kiket Rosell\u00f3<\/strong> domin\u00f3 la prueba con un tiempo de <strong data-start=\"810\" data-end=\"819\">27:13<\/strong>, imponi\u00e9ndose a sus rivales en un re\u00f1ido final. <strong data-start=\"868\" data-end=\"881\">Moha Rida<\/strong>, del <strong>CE Llebeig X\u00e0bia<\/strong>, cruz\u00f3 la meta a solo dos segundos de distancia, con un tiempo de <strong data-start=\"971\" data-end=\"980\">27:15<\/strong>, mientras que <strong data-start=\"995\" data-end=\"1010\">Pablo Reina<\/strong> complet\u00f3 el podio con un registro de <strong data-start=\"1048\" data-end=\"1057\">27:16<\/strong>, manteniendo los tres corredores un ritmo fren\u00e9tico de <strong data-start=\"1113\" data-end=\"1124\">3:19\/km<\/strong> a lo largo del recorrido.<\/p>\n<figure id=\"attachment_17179\" aria-describedby=\"caption-attachment-17179\" style=\"width: 2048px\" class=\"wp-caption alignnone\"><img loading=\"lazy\" decoding=\"async\" class=\"wp-image-17179 size-full\" src=\"https:\/\/media.radiolitoral.com\/wp-content\/uploads\/2025\/06\/09123821\/VENCEDORA-ABSOLUTA-FEM-MARIA-ISABEL-FERRER-BENISSA-2025-2.jpg\" alt=\"\" width=\"2048\" height=\"1365\" srcset=\"https:\/\/media.radiolitoral.com\/wp-content\/uploads\/2025\/06\/09123821\/VENCEDORA-ABSOLUTA-FEM-MARIA-ISABEL-FERRER-BENISSA-2025-2.jpg 2048w, https:\/\/media.radiolitoral.com\/wp-content\/uploads\/2025\/06\/09123821\/VENCEDORA-ABSOLUTA-FEM-MARIA-ISABEL-FERRER-BENISSA-2025-2-300x200.jpg 300w, https:\/\/media.radiolitoral.com\/wp-content\/uploads\/2025\/06\/09123821\/VENCEDORA-ABSOLUTA-FEM-MARIA-ISABEL-FERRER-BENISSA-2025-2-1024x683.jpg 1024w, https:\/\/media.radiolitoral.com\/wp-content\/uploads\/2025\/06\/09123821\/VENCEDORA-ABSOLUTA-FEM-MARIA-ISABEL-FERRER-BENISSA-2025-2-768x512.jpg 768w, https:\/\/media.radiolitoral.com\/wp-content\/uploads\/2025\/06\/09123821\/VENCEDORA-ABSOLUTA-FEM-MARIA-ISABEL-FERRER-BENISSA-2025-2-1536x1024.jpg 1536w, https:\/\/media.radiolitoral.com\/wp-content\/uploads\/2025\/06\/09123821\/VENCEDORA-ABSOLUTA-FEM-MARIA-ISABEL-FERRER-BENISSA-2025-2-18x12.jpg 18w, https:\/\/media.radiolitoral.com\/wp-content\/uploads\/2025\/06\/09123821\/VENCEDORA-ABSOLUTA-FEM-MARIA-ISABEL-FERRER-BENISSA-2025-2-1000x667.jpg 1000w, https:\/\/media.radiolitoral.com\/wp-content\/uploads\/2025\/06\/09123821\/VENCEDORA-ABSOLUTA-FEM-MARIA-ISABEL-FERRER-BENISSA-2025-2-100x67.jpg 100w, https:\/\/media.radiolitoral.com\/wp-content\/uploads\/2025\/06\/09123821\/VENCEDORA-ABSOLUTA-FEM-MARIA-ISABEL-FERRER-BENISSA-2025-2-200x133.jpg 200w\" sizes=\"auto, (max-width: 2048px) 100vw, 2048px\" \/><figcaption id=\"caption-attachment-17179\" class=\"wp-caption-text\">Mar\u00eda Isabel Ferrer |Kike Aracil<\/figcaption><\/figure>\n<p data-start=\"1152\" data-end=\"1597\">Por su parte, en la <strong data-start=\"1172\" data-end=\"1194\">categor\u00eda femenina<\/strong>, <strong data-start=\"1196\" data-end=\"1219\">Mar\u00eda Isabel Ferrer<\/strong>, tambi\u00e9n del <strong data-start=\"1233\" data-end=\"1250\">Llebeig X\u00e0bia<\/strong>, fue la m\u00e1s r\u00e1pida, marcando un tiempo de <strong data-start=\"1293\" data-end=\"1302\">30:07<\/strong>. En segundo lugar, <strong data-start=\"1322\" data-end=\"1341\">Gemma Ann Selby<\/strong>, del <strong data-start=\"1347\" data-end=\"1362\">CA Publidom<\/strong>, lleg\u00f3 a la meta con un tiempo de <strong data-start=\"1397\" data-end=\"1406\">34:12<\/strong>, seguida por su compa\u00f1era de equipo, <strong data-start=\"1444\" data-end=\"1457\">Kuri Moya<\/strong>, quien cruz\u00f3 la l\u00ednea de meta apenas un segundo despu\u00e9s, con <strong data-start=\"1519\" data-end=\"1528\">34:13<\/strong>. Ambas corredoras llegaron casi juntas, con un ritmo de <strong data-start=\"1585\" data-end=\"1596\">4:10\/km<\/strong>.<\/p>\n<p data-start=\"1599\" data-end=\"2093\">En las <strong data-start=\"1606\" data-end=\"1633\">clasificaciones locales<\/strong>, <strong data-start=\"1635\" data-end=\"1654\">Fran De La Cruz<\/strong>, del <strong data-start=\"1660\" data-end=\"1681\">C Entrena Benissa<\/strong>, fue el mejor corredor local, seguido por <strong data-start=\"1724\" data-end=\"1749\">Juan Francisco Cuello<\/strong> y <strong data-start=\"1752\" data-end=\"1765\">Toni Tent<\/strong>, ambos del <strong data-start=\"1777\" data-end=\"1809\">C Ginestar Atletisme Benissa<\/strong>, quienes completaron el podio local masculino. En la <strong data-start=\"1863\" data-end=\"1891\">categor\u00eda femenina local<\/strong>, <strong data-start=\"1893\" data-end=\"1912\">Larissa Fleming<\/strong>, del <strong data-start=\"1918\" data-end=\"1940\">C PlantShack Altea<\/strong>, se alz\u00f3 con la primera posici\u00f3n, seguida de <strong data-start=\"1986\" data-end=\"2005\">Raquel Bertomeu<\/strong>, del <strong data-start=\"2011\" data-end=\"2032\">CD Kamikazes Gang<\/strong>, y <strong data-start=\"2036\" data-end=\"2054\">Gema Garrigues<\/strong>, del <strong data-start=\"2060\" data-end=\"2092\">C Ginestar Atletisme Benissa<\/strong>.<\/p>\n<p data-start=\"2095\" data-end=\"2440\" data-is-last-node=\"\" data-is-only-node=\"\">Con el cierre de esta \u00faltima prueba, el <strong data-start=\"2135\" data-end=\"2169\">Circuit a Peu Marina Alta 2025<\/strong> concluy\u00f3 de manera exitosa, consolid\u00e1ndose como un referente en la regi\u00f3n para los amantes del atletismo. La jornada de Benissa no solo coron\u00f3 a los campeones de la temporada, sino que tambi\u00e9n celebr\u00f3 el esp\u00edritu deportivo y la participaci\u00f3n activa de toda la comunidad.<\/p>\n<h2 data-start=\"2871\" data-end=\"3304\">Pr\u00f3xima Cita<\/h2>\n<p data-start=\"2871\" data-end=\"3304\" data-is-last-node=\"\" data-is-only-node=\"\">El Circuit a Peu Marina Alta, pondr\u00e1 el broche final, este viernes 13 de junio, en un escenario e indumentaria totalmente diferentes, con la <strong>Cena Gala Final Entrega de Trofeos<\/strong>, a celebrarse, en los <strong>Salones Carrasco<\/strong> de X\u00e0bia, premios a todas las categor\u00edas puntuables del Circuit, tres por cada una de ellas desde los benjamines hasta los veteranos G en chicas y chicos, adem\u00e1s del Trofeo al Esfuerzo Fundaci\u00f3n<br \/>\nBalearia.<\/p>\n<\/div>\n<\/div>\n<\/div>\n<\/div>\n<div class=\"flex min-h-[46px] justify-start\">\n<div class=\"touch:-me-2 touch:-ms-3.5 -ms-2.5 -me-1 flex items-center p-1 select-none -mt-1 w-full duration-[1.5s] focus-within:transition-none hover:transition-none pointer-events-none [mask-image:linear-gradient(to_right,black_33%,transparent_66%)] [mask-size:300%_100%] [mask-position:100%_0%] motion-safe:transition-[mask-position] group-hover\/turn-messages:pointer-events-auto group-hover\/turn-messages:[mask-position:0_0] group-focus-within\/turn-messages:pointer-events-auto group-focus-within\/turn-messages:[mask-position:0_0] has-data-[state=open]:pointer-events-auto has-data-[state=open]:[mask-position:0_0]\">\n<div class=\"flex items-center\"><\/div>\n<\/div>\n<\/div>\n<div class=\"mt-3 w-full empty:hidden\">\n<div class=\"text-center\"><\/div>\n<\/div>\n<\/div>\n<div class=\"absolute\">\n<div class=\"flex items-center justify-center\"><\/div>\n<\/div>\n<\/div>\n<\/div>\n<\/div>\n<\/article>\n<div class=\"pointer-events-none h-px w-px\" aria-hidden=\"true\" data-edge=\"true\"><\/div>\n<p><script src=\"chrome-extension:\/\/flbolonkboilcbnohjlchlfgdalomdpl\/iFrame.js\" type=\"text\/javascript\"><\/script><\/p>\n<p><script src=\"chrome-extension:\/\/flbolonkboilcbnohjlchlfgdalomdpl\/iFrame.js\" type=\"text\/javascript\"><\/script><\/p>\n","protected":false},"excerpt":{"rendered":"<p>El Circuit a Peu Marina Alta 2025 lleg\u00f3 a su fin este fin de semana con la XXVI Cursa Popular de Benissa, donde los atletas Kiket Rosell\u00f3 (CA Gand\u00eda Alpesa) y Mar\u00eda Isabel Ferrer (Llebeig X\u00e0bia) se proclamaron vencedores absolutos de la \u00faltima prueba del circuito. La jornada, que se desarroll\u00f3 en un ambiente festivo [&#8230;]<\/p>\n<p><a class=\"btn btn-secondary understrap-read-more-link\" href=\"https:\/\/radiolitoral.com\/ca\/2025\/06\/rosello-y-ferrer-ganadores-de-la-xxvi-cursa-popular-de-benissa\/\">Continua llegint&#8230;<span class=\"screen-reader-text\"> from Rosell\u00f3 y Ferrer ganadores de la XXVI Cursa Popular de Benissa<\/span><\/a><\/p>\n","protected":false},"author":12,"featured_media":17178,"comment_status":"open","ping_status":"closed","sticky":false,"template":"","format":"standard","meta":{"_acf_changed":false,"inline_featured_image":false,"footnotes":""},"categories":[5],"tags":[4483,4486,1292,1468,1213,3874,6,2973,4489,4130,4484,4480,4482,4487,1043,1039,4481,4488,4485,4471],"class_list":["post-17177","post","type-post","status-publish","format-standard","has-post-thumbnail","hentry","category-deportes","tag-c-entrena-benissa","tag-c-ginestar-atletisme-benissa","tag-ca-publidom","tag-cd-kamikazes-gang","tag-ce-llebeig-xabia","tag-circuit-a-peu-marina-alta-2025","tag-deportes","tag-fran-de-la-cruz","tag-gema-garrigues","tag-gemma-ann-selby","tag-juan-francisco-cuello","tag-kiket-rosello","tag-kuri-moya","tag-larissa-fleming","tag-maria-isabel-ferrer","tag-moha-rida","tag-pablo-reina","tag-raquel-bertomeu","tag-toni-tent","tag-xxvi-cursa-popular-de-benissa","cobertura-benissa"],"acf":[],"yoast_head":"<!-- This site is optimized with the Yoast SEO plugin v27.5 - https:\/\/yoast.com\/product\/yoast-seo-wordpress\/ -->\n<title>Rosell\u00f3 y Ferrer ganadores de la XXVI Cursa Popular de Benissa | R\u00e0dio Litoral<\/title>\n<meta name=\"description\" content=\"La jornada festiva de Benissa cierra con casi mil corredores y una emocionante victoria de los atletas del CA Gand\u00eda Alpesa y Llebeig X\u00e0bia La jornada festiva de Benissa cierra con casi mil corredores y una emocionante victoria de los atletas del CA Gand\u00eda Alpesa y Llebeig X\u00e0bia\" \/>\n<meta name=\"robots\" content=\"index, follow, max-snippet:-1, max-image-preview:large, max-video-preview:-1\" \/>\n<link rel=\"canonical\" href=\"https:\/\/radiolitoral.com\/ca\/2025\/06\/rossell-i-ferrer-guanyadors-de-la-xxvi-cursa-popular-de-benissa\/\" \/>\n<meta property=\"og:locale\" content=\"ca_ES\" \/>\n<meta property=\"og:type\" content=\"article\" \/>\n<meta property=\"og:title\" content=\"Rosell\u00f3 y Ferrer ganadores de la XXVI Cursa Popular de Benissa | R\u00e0dio Litoral\" \/>\n<meta property=\"og:description\" content=\"La jornada festiva de Benissa cierra con casi mil corredores y una emocionante victoria de los atletas del CA Gand\u00eda Alpesa y Llebeig X\u00e0bia La jornada festiva de Benissa cierra con casi mil corredores y una emocionante victoria de los atletas del CA Gand\u00eda Alpesa y Llebeig X\u00e0bia\" \/>\n<meta property=\"og:url\" content=\"https:\/\/radiolitoral.com\/ca\/2025\/06\/rossell-i-ferrer-guanyadors-de-la-xxvi-cursa-popular-de-benissa\/\" \/>\n<meta property=\"og:site_name\" content=\"R\u00e0dio Litoral\" \/>\n<meta property=\"article:publisher\" content=\"https:\/\/www.facebook.com\/Laradiolitoral\/\" \/>\n<meta property=\"article:published_time\" content=\"2025-06-10T08:30:18+00:00\" \/>\n<meta property=\"og:image\" content=\"https:\/\/media.radiolitoral.com\/wp-content\/uploads\/2025\/06\/09122510\/PODI-ABSOLUT-MASC-BENISSA-2025-1024x683.jpg\" \/>\n\t<meta property=\"og:image:width\" content=\"1024\" \/>\n\t<meta property=\"og:image:height\" content=\"683\" \/>\n\t<meta property=\"og:image:type\" content=\"image\/jpeg\" \/>\n<meta name=\"author\" content=\"Javier Zamora\" \/>\n<meta name=\"twitter:card\" content=\"summary_large_image\" \/>\n<meta name=\"twitter:label1\" content=\"Escrit per\" \/>\n\t<meta name=\"twitter:data1\" content=\"Javier Zamora\" \/>\n\t<meta name=\"twitter:label2\" content=\"Temps estimat de lectura\" \/>\n\t<meta name=\"twitter:data2\" content=\"3 minuts\" \/>\n<script type=\"application\/ld+json\" class=\"yoast-schema-graph\">{\"@context\":\"https:\\\/\\\/schema.org\",\"@graph\":[{\"@type\":\"NewsArticle\",\"@id\":\"https:\\\/\\\/radiolitoral.com\\\/2025\\\/06\\\/rosello-y-ferrer-ganadores-de-la-xxvi-cursa-popular-de-benissa\\\/#article\",\"isPartOf\":{\"@id\":\"https:\\\/\\\/radiolitoral.com\\\/2025\\\/06\\\/rosello-y-ferrer-ganadores-de-la-xxvi-cursa-popular-de-benissa\\\/\"},\"author\":{\"name\":\"Javier Zamora\",\"@id\":\"https:\\\/\\\/radiolitoral.com\\\/#\\\/schema\\\/person\\\/7b1480b5caeb5acdd4ec6379caf62b22\"},\"headline\":\"Rosell\u00f3 y Ferrer ganadores de la XXVI Cursa Popular de Benissa\",\"datePublished\":\"2025-06-10T08:30:18+00:00\",\"mainEntityOfPage\":{\"@id\":\"https:\\\/\\\/radiolitoral.com\\\/2025\\\/06\\\/rosello-y-ferrer-ganadores-de-la-xxvi-cursa-popular-de-benissa\\\/\"},\"wordCount\":460,\"commentCount\":0,\"publisher\":{\"@id\":\"https:\\\/\\\/radiolitoral.com\\\/#organization\"},\"image\":{\"@id\":\"https:\\\/\\\/radiolitoral.com\\\/2025\\\/06\\\/rosello-y-ferrer-ganadores-de-la-xxvi-cursa-popular-de-benissa\\\/#primaryimage\"},\"thumbnailUrl\":\"https:\\\/\\\/media.radiolitoral.com\\\/wp-content\\\/uploads\\\/2025\\\/06\\\/09122510\\\/PODI-ABSOLUT-MASC-BENISSA-2025.jpg\",\"keywords\":[\"C Entrena Benissa\",\"C Ginestar Atletisme Benissa\",\"CA Publidom\",\"CD Kamikazes Gang\",\"CE Llebeig X\u00e1bia\",\"Circuit a Peu Marina Alta 2025\",\"deportes\",\"Fran De La Cruz\",\"Gema Garrigues\",\"Gemma Ann Selby\",\"Juan Francisco Cuello\",\"Kiket Rosell\u00f3\",\"Kuri Moya\",\"Larissa Fleming\",\"Mar\u00eda Isabel Ferrer\",\"Moha Rida\",\"Pablo Reina\",\"Raquel Bertomeu\",\"Toni Tent\",\"XXVI Cursa Popular de Benissa\"],\"articleSection\":[\"Deportes\"],\"inLanguage\":\"ca\",\"potentialAction\":[{\"@type\":\"CommentAction\",\"name\":\"Comment\",\"target\":[\"https:\\\/\\\/radiolitoral.com\\\/2025\\\/06\\\/rosello-y-ferrer-ganadores-de-la-xxvi-cursa-popular-de-benissa\\\/#respond\"]}]},{\"@type\":[\"WebPage\",\"ItemPage\"],\"@id\":\"https:\\\/\\\/radiolitoral.com\\\/2025\\\/06\\\/rosello-y-ferrer-ganadores-de-la-xxvi-cursa-popular-de-benissa\\\/\",\"url\":\"https:\\\/\\\/radiolitoral.com\\\/2025\\\/06\\\/rosello-y-ferrer-ganadores-de-la-xxvi-cursa-popular-de-benissa\\\/\",\"name\":\"Rosell\u00f3 y Ferrer ganadores de la XXVI Cursa Popular de Benissa | R\u00e0dio Litoral\",\"isPartOf\":{\"@id\":\"https:\\\/\\\/radiolitoral.com\\\/#website\"},\"primaryImageOfPage\":{\"@id\":\"https:\\\/\\\/radiolitoral.com\\\/2025\\\/06\\\/rosello-y-ferrer-ganadores-de-la-xxvi-cursa-popular-de-benissa\\\/#primaryimage\"},\"image\":{\"@id\":\"https:\\\/\\\/radiolitoral.com\\\/2025\\\/06\\\/rosello-y-ferrer-ganadores-de-la-xxvi-cursa-popular-de-benissa\\\/#primaryimage\"},\"thumbnailUrl\":\"https:\\\/\\\/media.radiolitoral.com\\\/wp-content\\\/uploads\\\/2025\\\/06\\\/09122510\\\/PODI-ABSOLUT-MASC-BENISSA-2025.jpg\",\"datePublished\":\"2025-06-10T08:30:18+00:00\",\"description\":\"La jornada festiva de Benissa cierra con casi mil corredores y una emocionante victoria de los atletas del CA Gand\u00eda Alpesa y Llebeig X\u00e0bia La jornada festiva de Benissa cierra con casi mil corredores y una emocionante victoria de los atletas del CA Gand\u00eda Alpesa y Llebeig X\u00e0bia\",\"breadcrumb\":{\"@id\":\"https:\\\/\\\/radiolitoral.com\\\/2025\\\/06\\\/rosello-y-ferrer-ganadores-de-la-xxvi-cursa-popular-de-benissa\\\/#breadcrumb\"},\"inLanguage\":\"ca\",\"potentialAction\":[{\"@type\":\"ReadAction\",\"target\":[\"https:\\\/\\\/radiolitoral.com\\\/2025\\\/06\\\/rosello-y-ferrer-ganadores-de-la-xxvi-cursa-popular-de-benissa\\\/\"]}]},{\"@type\":\"ImageObject\",\"inLanguage\":\"ca\",\"@id\":\"https:\\\/\\\/radiolitoral.com\\\/2025\\\/06\\\/rosello-y-ferrer-ganadores-de-la-xxvi-cursa-popular-de-benissa\\\/#primaryimage\",\"url\":\"https:\\\/\\\/media.radiolitoral.com\\\/wp-content\\\/uploads\\\/2025\\\/06\\\/09122510\\\/PODI-ABSOLUT-MASC-BENISSA-2025.jpg\",\"contentUrl\":\"https:\\\/\\\/media.radiolitoral.com\\\/wp-content\\\/uploads\\\/2025\\\/06\\\/09122510\\\/PODI-ABSOLUT-MASC-BENISSA-2025.jpg\",\"width\":2048,\"height\":1365},{\"@type\":\"BreadcrumbList\",\"@id\":\"https:\\\/\\\/radiolitoral.com\\\/2025\\\/06\\\/rosello-y-ferrer-ganadores-de-la-xxvi-cursa-popular-de-benissa\\\/#breadcrumb\",\"itemListElement\":[{\"@type\":\"ListItem\",\"position\":1,\"name\":\"Portada\",\"item\":\"https:\\\/\\\/radiolitoral.com\\\/\"},{\"@type\":\"ListItem\",\"position\":2,\"name\":\"Rosell\u00f3 y Ferrer ganadores de la XXVI Cursa Popular de Benissa\"}]},{\"@type\":\"WebSite\",\"@id\":\"https:\\\/\\\/radiolitoral.com\\\/#website\",\"url\":\"https:\\\/\\\/radiolitoral.com\\\/\",\"name\":\"Radio Litoral\",\"description\":\"La radio local de la Marina Alta\",\"publisher\":{\"@id\":\"https:\\\/\\\/radiolitoral.com\\\/#organization\"},\"alternateName\":\"Litoral FM\",\"potentialAction\":[{\"@type\":\"SearchAction\",\"target\":{\"@type\":\"EntryPoint\",\"urlTemplate\":\"https:\\\/\\\/radiolitoral.com\\\/?s={search_term_string}\"},\"query-input\":{\"@type\":\"PropertyValueSpecification\",\"valueRequired\":true,\"valueName\":\"search_term_string\"}}],\"inLanguage\":\"ca\"},{\"@type\":\"Organization\",\"@id\":\"https:\\\/\\\/radiolitoral.com\\\/#organization\",\"name\":\"Radio Litoral\",\"url\":\"https:\\\/\\\/radiolitoral.com\\\/\",\"logo\":{\"@type\":\"ImageObject\",\"inLanguage\":\"ca\",\"@id\":\"https:\\\/\\\/radiolitoral.com\\\/#\\\/schema\\\/logo\\\/image\\\/\",\"url\":\"https:\\\/\\\/media.radiolitoral.com\\\/wp-content\\\/uploads\\\/2023\\\/02\\\/24143238\\\/CL-V-RadioLitoral696.png\",\"contentUrl\":\"https:\\\/\\\/media.radiolitoral.com\\\/wp-content\\\/uploads\\\/2023\\\/02\\\/24143238\\\/CL-V-RadioLitoral696.png\",\"width\":696,\"height\":696,\"caption\":\"Radio Litoral\"},\"image\":{\"@id\":\"https:\\\/\\\/radiolitoral.com\\\/#\\\/schema\\\/logo\\\/image\\\/\"},\"sameAs\":[\"https:\\\/\\\/www.facebook.com\\\/Laradiolitoral\\\/\"]},{\"@type\":\"Person\",\"@id\":\"https:\\\/\\\/radiolitoral.com\\\/#\\\/schema\\\/person\\\/7b1480b5caeb5acdd4ec6379caf62b22\",\"name\":\"Javier Zamora\",\"image\":{\"@type\":\"ImageObject\",\"inLanguage\":\"ca\",\"@id\":\"https:\\\/\\\/secure.gravatar.com\\\/avatar\\\/467a11f6918c7d619c4043fc6fa2d3853053107973f05b6e9c04ea6c4e3a7b3f?s=96&d=mm&r=g\",\"url\":\"https:\\\/\\\/secure.gravatar.com\\\/avatar\\\/467a11f6918c7d619c4043fc6fa2d3853053107973f05b6e9c04ea6c4e3a7b3f?s=96&d=mm&r=g\",\"contentUrl\":\"https:\\\/\\\/secure.gravatar.com\\\/avatar\\\/467a11f6918c7d619c4043fc6fa2d3853053107973f05b6e9c04ea6c4e3a7b3f?s=96&d=mm&r=g\",\"caption\":\"Javier Zamora\"},\"url\":\"https:\\\/\\\/radiolitoral.com\\\/ca\\\/author\\\/javier-zamora\\\/\"}]}<\/script>\n<!-- \/ Yoast SEO plugin. -->","yoast_head_json":{"title":"Rosell\u00f3 i Ferrer guanyadors de la XXVI Cursa Popular de Benissa |","description":"La jornada festiva de Benissa tanca amb gaireb\u00e9 mil corredors i una emocionant vict\u00f2ria dels atletes del CA Gandia Alpesa i Llebeig X\u00e0bia La jornada festiva de Benissa tanca amb gaireb\u00e9 mil corredors i una emocionant vict\u00f2ria dels atletes del CA Gandia Alpesa i Llebeig X\u00e0bia","robots":{"index":"index","follow":"follow","max-snippet":"max-snippet:-1","max-image-preview":"max-image-preview:large","max-video-preview":"max-video-preview:-1"},"canonical":"https:\/\/radiolitoral.com\/ca\/2025\/06\/rossell-i-ferrer-guanyadors-de-la-xxvi-cursa-popular-de-benissa\/","og_locale":"ca_ES","og_type":"article","og_title":"Rosell\u00f3 y Ferrer ganadores de la XXVI Cursa Popular de Benissa | R\u00e0dio Litoral","og_description":"La jornada festiva de Benissa cierra con casi mil corredores y una emocionante victoria de los atletas del CA Gand\u00eda Alpesa y Llebeig X\u00e0bia La jornada festiva de Benissa cierra con casi mil corredores y una emocionante victoria de los atletas del CA Gand\u00eda Alpesa y Llebeig X\u00e0bia","og_url":"https:\/\/radiolitoral.com\/ca\/2025\/06\/rossell-i-ferrer-guanyadors-de-la-xxvi-cursa-popular-de-benissa\/","og_site_name":"R\u00e0dio Litoral","article_publisher":"https:\/\/www.facebook.com\/Laradiolitoral\/","article_published_time":"2025-06-10T08:30:18+00:00","og_image":[{"width":1024,"height":683,"url":"https:\/\/media.radiolitoral.com\/wp-content\/uploads\/2025\/06\/09122510\/PODI-ABSOLUT-MASC-BENISSA-2025-1024x683.jpg","type":"image\/jpeg"}],"author":"Javier Zamora","twitter_card":"summary_large_image","twitter_misc":{"Escrit per":"Javier Zamora","Temps estimat de lectura":"3 minuts"},"schema":{"@context":"https:\/\/schema.org","@graph":[{"@type":"NewsArticle","@id":"https:\/\/radiolitoral.com\/2025\/06\/rosello-y-ferrer-ganadores-de-la-xxvi-cursa-popular-de-benissa\/#article","isPartOf":{"@id":"https:\/\/radiolitoral.com\/2025\/06\/rosello-y-ferrer-ganadores-de-la-xxvi-cursa-popular-de-benissa\/"},"author":{"name":"Javier Zamora","@id":"https:\/\/radiolitoral.com\/#\/schema\/person\/7b1480b5caeb5acdd4ec6379caf62b22"},"headline":"Rosell\u00f3 y Ferrer ganadores de la XXVI Cursa Popular de Benissa","datePublished":"2025-06-10T08:30:18+00:00","mainEntityOfPage":{"@id":"https:\/\/radiolitoral.com\/2025\/06\/rosello-y-ferrer-ganadores-de-la-xxvi-cursa-popular-de-benissa\/"},"wordCount":460,"commentCount":0,"publisher":{"@id":"https:\/\/radiolitoral.com\/#organization"},"image":{"@id":"https:\/\/radiolitoral.com\/2025\/06\/rosello-y-ferrer-ganadores-de-la-xxvi-cursa-popular-de-benissa\/#primaryimage"},"thumbnailUrl":"https:\/\/media.radiolitoral.com\/wp-content\/uploads\/2025\/06\/09122510\/PODI-ABSOLUT-MASC-BENISSA-2025.jpg","keywords":["C Entrena Benissa","C Ginestar Atletisme Benissa","CA Publidom","CD Kamikazes Gang","CE Llebeig X\u00e1bia","Circuit a Peu Marina Alta 2025","deportes","Fran De La Cruz","Gema Garrigues","Gemma Ann Selby","Juan Francisco Cuello","Kiket Rosell\u00f3","Kuri Moya","Larissa Fleming","Mar\u00eda Isabel Ferrer","Moha Rida","Pablo Reina","Raquel Bertomeu","Toni Tent","XXVI Cursa Popular de Benissa"],"articleSection":["Deportes"],"inLanguage":"ca","potentialAction":[{"@type":"CommentAction","name":"Comment","target":["https:\/\/radiolitoral.com\/2025\/06\/rosello-y-ferrer-ganadores-de-la-xxvi-cursa-popular-de-benissa\/#respond"]}]},{"@type":["WebPage","ItemPage"],"@id":"https:\/\/radiolitoral.com\/2025\/06\/rosello-y-ferrer-ganadores-de-la-xxvi-cursa-popular-de-benissa\/","url":"https:\/\/radiolitoral.com\/2025\/06\/rosello-y-ferrer-ganadores-de-la-xxvi-cursa-popular-de-benissa\/","name":"Rosell\u00f3 i Ferrer guanyadors de la XXVI Cursa Popular de Benissa |","isPartOf":{"@id":"https:\/\/radiolitoral.com\/#website"},"primaryImageOfPage":{"@id":"https:\/\/radiolitoral.com\/2025\/06\/rosello-y-ferrer-ganadores-de-la-xxvi-cursa-popular-de-benissa\/#primaryimage"},"image":{"@id":"https:\/\/radiolitoral.com\/2025\/06\/rosello-y-ferrer-ganadores-de-la-xxvi-cursa-popular-de-benissa\/#primaryimage"},"thumbnailUrl":"https:\/\/media.radiolitoral.com\/wp-content\/uploads\/2025\/06\/09122510\/PODI-ABSOLUT-MASC-BENISSA-2025.jpg","datePublished":"2025-06-10T08:30:18+00:00","description":"La jornada festiva de Benissa tanca amb gaireb\u00e9 mil corredors i una emocionant vict\u00f2ria dels atletes del CA Gandia Alpesa i Llebeig X\u00e0bia La jornada festiva de Benissa tanca amb gaireb\u00e9 mil corredors i una emocionant vict\u00f2ria dels atletes del CA Gandia Alpesa i Llebeig X\u00e0bia","breadcrumb":{"@id":"https:\/\/radiolitoral.com\/2025\/06\/rosello-y-ferrer-ganadores-de-la-xxvi-cursa-popular-de-benissa\/#breadcrumb"},"inLanguage":"ca","potentialAction":[{"@type":"ReadAction","target":["https:\/\/radiolitoral.com\/2025\/06\/rosello-y-ferrer-ganadores-de-la-xxvi-cursa-popular-de-benissa\/"]}]},{"@type":"ImageObject","inLanguage":"ca","@id":"https:\/\/radiolitoral.com\/2025\/06\/rosello-y-ferrer-ganadores-de-la-xxvi-cursa-popular-de-benissa\/#primaryimage","url":"https:\/\/media.radiolitoral.com\/wp-content\/uploads\/2025\/06\/09122510\/PODI-ABSOLUT-MASC-BENISSA-2025.jpg","contentUrl":"https:\/\/media.radiolitoral.com\/wp-content\/uploads\/2025\/06\/09122510\/PODI-ABSOLUT-MASC-BENISSA-2025.jpg","width":2048,"height":1365},{"@type":"BreadcrumbList","@id":"https:\/\/radiolitoral.com\/2025\/06\/rosello-y-ferrer-ganadores-de-la-xxvi-cursa-popular-de-benissa\/#breadcrumb","itemListElement":[{"@type":"ListItem","position":1,"name":"Portada","item":"https:\/\/radiolitoral.com\/"},{"@type":"ListItem","position":2,"name":"Rosell\u00f3 y Ferrer ganadores de la XXVI Cursa Popular de Benissa"}]},{"@type":"WebSite","@id":"https:\/\/radiolitoral.com\/#website","url":"https:\/\/radiolitoral.com\/","name":"R\u00e0dio Litoral","description":"La r\u00e0dio local de la Marina Alta","publisher":{"@id":"https:\/\/radiolitoral.com\/#organization"},"alternateName":"Litoral FM","potentialAction":[{"@type":"SearchAction","target":{"@type":"EntryPoint","urlTemplate":"https:\/\/radiolitoral.com\/?s={search_term_string}"},"query-input":{"@type":"PropertyValueSpecification","valueRequired":true,"valueName":"search_term_string"}}],"inLanguage":"ca"},{"@type":"Organization","@id":"https:\/\/radiolitoral.com\/#organization","name":"R\u00e0dio Litoral","url":"https:\/\/radiolitoral.com\/","logo":{"@type":"ImageObject","inLanguage":"ca","@id":"https:\/\/radiolitoral.com\/#\/schema\/logo\/image\/","url":"https:\/\/media.radiolitoral.com\/wp-content\/uploads\/2023\/02\/24143238\/CL-V-RadioLitoral696.png","contentUrl":"https:\/\/media.radiolitoral.com\/wp-content\/uploads\/2023\/02\/24143238\/CL-V-RadioLitoral696.png","width":696,"height":696,"caption":"Radio Litoral"},"image":{"@id":"https:\/\/radiolitoral.com\/#\/schema\/logo\/image\/"},"sameAs":["https:\/\/www.facebook.com\/Laradiolitoral\/"]},{"@type":"Person","@id":"https:\/\/radiolitoral.com\/#\/schema\/person\/7b1480b5caeb5acdd4ec6379caf62b22","name":"Javier Zamora","image":{"@type":"ImageObject","inLanguage":"ca","@id":"https:\/\/secure.gravatar.com\/avatar\/467a11f6918c7d619c4043fc6fa2d3853053107973f05b6e9c04ea6c4e3a7b3f?s=96&d=mm&r=g","url":"https:\/\/secure.gravatar.com\/avatar\/467a11f6918c7d619c4043fc6fa2d3853053107973f05b6e9c04ea6c4e3a7b3f?s=96&d=mm&r=g","contentUrl":"https:\/\/secure.gravatar.com\/avatar\/467a11f6918c7d619c4043fc6fa2d3853053107973f05b6e9c04ea6c4e3a7b3f?s=96&d=mm&r=g","caption":"Javier Zamora"},"url":"https:\/\/radiolitoral.com\/ca\/author\/javier-zamora\/"}]}},"_links":{"self":[{"href":"https:\/\/radiolitoral.com\/ca\/wp-json\/wp\/v2\/posts\/17177","targetHints":{"allow":["GET"]}}],"collection":[{"href":"https:\/\/radiolitoral.com\/ca\/wp-json\/wp\/v2\/posts"}],"about":[{"href":"https:\/\/radiolitoral.com\/ca\/wp-json\/wp\/v2\/types\/post"}],"author":[{"embeddable":true,"href":"https:\/\/radiolitoral.com\/ca\/wp-json\/wp\/v2\/users\/12"}],"replies":[{"embeddable":true,"href":"https:\/\/radiolitoral.com\/ca\/wp-json\/wp\/v2\/comments?post=17177"}],"version-history":[{"count":3,"href":"https:\/\/radiolitoral.com\/ca\/wp-json\/wp\/v2\/posts\/17177\/revisions"}],"predecessor-version":[{"id":17196,"href":"https:\/\/radiolitoral.com\/ca\/wp-json\/wp\/v2\/posts\/17177\/revisions\/17196"}],"wp:featuredmedia":[{"embeddable":true,"href":"https:\/\/radiolitoral.com\/ca\/wp-json\/wp\/v2\/media\/17178"}],"wp:attachment":[{"href":"https:\/\/radiolitoral.com\/ca\/wp-json\/wp\/v2\/media?parent=17177"}],"wp:term":[{"taxonomy":"category","embeddable":true,"href":"https:\/\/radiolitoral.com\/ca\/wp-json\/wp\/v2\/categories?post=17177"},{"taxonomy":"post_tag","embeddable":true,"href":"https:\/\/radiolitoral.com\/ca\/wp-json\/wp\/v2\/tags?post=17177"}],"curies":[{"name":"wp","href":"https:\/\/api.w.org\/{rel}","templated":true}]}}