{"id":17165,"date":"2025-06-09T10:28:07","date_gmt":"2025-06-09T08:28:07","guid":{"rendered":"https:\/\/radiolitoral.com\/?p=17165"},"modified":"2025-06-09T10:28:07","modified_gmt":"2025-06-09T08:28:07","slug":"pepe-moragues-controlem-des-del-montgo-fins-a-olta","status":"publish","type":"post","link":"https:\/\/radiolitoral.com\/ca\/2025\/06\/pepe-moragues-controlamos-desde-el-montgo-hasta-olta\/","title":{"rendered":"Pepe Moragues: \u201cControlem des del Montg\u00f3 fins a Olt\u00e0\u201d"},"content":{"rendered":"<p>Iniciem la segona setmana completa del mes de juny, i aquest dilluns, dia 6, hem aprofitat el nostre <strong>Primer Caf\u00e8<\/strong> per con\u00e8ixer com es prepara la <strong>temporada de vigil\u00e0ncia forestal<\/strong> a <strong>Benissa<\/strong>. Entrem en els mesos m\u00e9s calorosos de l&#039;any i els m\u00e9s perillosos davant l&#039;amena\u00e7a del foc, per aix\u00f2 la vigil\u00e0ncia forestal \u00e9s una tasca clau per protegir el nostre entorn. Cosa que saben molt b\u00e9 a <strong>ABAI<\/strong>, la <strong>Associaci\u00f3 Benissera Antincendis<\/strong>, que ha posat en marxa una campanya per a la <strong>captaci\u00f3 de voluntaris<\/strong>, com ens han explicat <strong>Rosa Sala, presidenta d&#039;ABAI<\/strong> i <strong>Pepe Moragues, coordinador de prevenci\u00f3 d&#039;incendis<\/strong> en aquesta associaci\u00f3.<\/p>\n<p>Com ens han explicat, des d&#039;ABAI busquen persones que valorin les nostres muntanyes, el nostre entorn i paisatge, disposades a aportar part del seu temps per ajudar a prevenir els temuts incendis forestals. Aquesta associaci\u00f3 necessita refor\u00e7ar i ampliar la plantilla de voluntaris, amb prou personal per dur a terme una vigil\u00e0ncia de dilluns a diumenge, amb torns de mat\u00ed i tarda.<\/p>\n<p>La campanya de vigil\u00e0ncia i prevenci\u00f3 dincendis <strong>arrancar\u00e0 el proper 14 juliol.<\/strong> Els interessats a participar en aquestes tasques mediambientals rebran una formaci\u00f3 pr\u00e8via el 9 de juliol. Els voluntaris seran assegurats, se&#039;ls lliurar\u00e0 una samarreta i una gorra identificativa i percebran una petita dieta. Per\u00f2 el m\u00e9s important, sentiran la satisfacci\u00f3 de col\u00b7laborar en la preservaci\u00f3 del nostre entorn, gaudint alhora del paisatge, de les muntanyes i la biodiversitat que hi habiten.<\/p>\n<p>Aquells que vulguin aportar el seu granet de sorra a aquesta important tasca mediambiental en defensa del nostre entorn i paisatge poden posar-se en contacte amb ABAI a trav\u00e9s de les xarxes socials. Tamb\u00e9 poden acudir a la reuni\u00f3 informativa del 9 de juliol, que tindr\u00e0 lloc al Centre d&#039;Exel\u00b7l\u00e8ncia. I \u00e9s clar, tornar a escoltar l&#039;entrevista amb tota la informaci\u00f3. La teniu aqu\u00ed.<\/p>\n<audio class=\"wp-audio-shortcode\" id=\"audio-17165-1\" preload=\"none\" style=\"width: 100%;\" controls=\"controls\"><source type=\"audio\/mpeg\" src=\"https:\/\/media.radiolitoral.com\/wp-content\/uploads\/2025\/06\/09102311\/Primer-Cafe-Voluntarios-ABAI.mp3?_=1\" \/><a href=\"https:\/\/media.radiolitoral.com\/wp-content\/uploads\/2025\/06\/09102311\/Primer-Cafe-Voluntarios-ABAI.mp3\">https:\/\/media.radiolitoral.com\/wp-content\/uploads\/2025\/06\/09102311\/Primer-Cafe-Voluntarios-ABAI.mp3<\/a><\/audio>\n<p>&nbsp;<\/p>\n<p>&nbsp;<\/p>","protected":false},"excerpt":{"rendered":"<p>Iniciamos la segunda semana completa del mes de junio, y en este lunes, d\u00eda 6, hemos aprovechado nuestro Primer Caf\u00e9 para conocer c\u00f3mo se prepara la temporada de vigilancia forestal en Benissa. Entramos en los meses m\u00e1s calurosos del a\u00f1o y los m\u00e1s peligrosos ante la amenaza del fuego, de ah\u00ed que la vigilancia forestal [&#8230;]<\/p>\n<p><a class=\"btn btn-secondary understrap-read-more-link\" href=\"https:\/\/radiolitoral.com\/ca\/2025\/06\/pepe-moragues-controlamos-desde-el-montgo-hasta-olta\/\">Continua llegint&#8230;<span class=\"screen-reader-text\"> from Pepe Moragues: \u201cControlamos desde el Montg\u00f3 hasta Olt\u00e0\u201d<\/span><\/a><\/p>\n","protected":false},"author":13,"featured_media":17167,"comment_status":"open","ping_status":"closed","sticky":false,"template":"","format":"standard","meta":{"_acf_changed":false,"inline_featured_image":false,"footnotes":""},"categories":[2753,325],"tags":[2979,4370,2981,4478,2312,3813,3789,1425,4477,716],"class_list":["post-17165","post","type-post","status-publish","format-standard","has-post-thumbnail","hentry","category-entrevistas","category-medioambiente","tag-abai","tag-montanas","tag-pepe-moragues","tag-prevencion-incendios","tag-primer-cafe","tag-rosa-sala","tag-serra-de-bernia","tag-verano","tag-vigilancia-forestal","tag-voluntariado","cobertura-benissa"],"acf":[],"yoast_head":"<!-- This site is optimized with the Yoast SEO plugin v27.5 - https:\/\/yoast.com\/product\/yoast-seo-wordpress\/ -->\n<title>Pepe Moragues: \u201cControlamos desde el Montg\u00f3 hasta Olt\u00e0\u201d | R\u00e0dio Litoral<\/title>\n<meta name=\"description\" content=\"ABAI, Associaci\u00f3 Benissera Antiincendis, busca voluntarios de cara a la temporada de vigilancia forestal, de julio a septiembre\" \/>\n<meta name=\"robots\" content=\"index, follow, max-snippet:-1, max-image-preview:large, max-video-preview:-1\" \/>\n<link rel=\"canonical\" href=\"https:\/\/radiolitoral.com\/ca\/2025\/06\/pepe-moragues-controlem-des-del-montgo-fins-a-olta\/\" \/>\n<meta property=\"og:locale\" content=\"ca_ES\" \/>\n<meta property=\"og:type\" content=\"article\" \/>\n<meta property=\"og:title\" content=\"Pepe Moragues: \u201cControlamos desde el Montg\u00f3 hasta Olt\u00e0\u201d | R\u00e0dio Litoral\" \/>\n<meta property=\"og:description\" content=\"ABAI, Associaci\u00f3 Benissera Antiincendis, busca voluntarios de cara a la temporada de vigilancia forestal, de julio a septiembre\" \/>\n<meta property=\"og:url\" content=\"https:\/\/radiolitoral.com\/ca\/2025\/06\/pepe-moragues-controlem-des-del-montgo-fins-a-olta\/\" \/>\n<meta property=\"og:site_name\" content=\"R\u00e0dio Litoral\" \/>\n<meta property=\"article:publisher\" content=\"https:\/\/www.facebook.com\/Laradiolitoral\/\" \/>\n<meta property=\"article:published_time\" content=\"2025-06-09T08:28:07+00:00\" \/>\n<meta property=\"og:image\" content=\"https:\/\/media.radiolitoral.com\/wp-content\/uploads\/2025\/06\/09102427\/Pepe-y-Rosi-ABAI.jpg\" \/>\n\t<meta property=\"og:image:width\" content=\"2000\" \/>\n\t<meta property=\"og:image:height\" content=\"1500\" \/>\n\t<meta property=\"og:image:type\" content=\"image\/jpeg\" \/>\n<meta name=\"author\" content=\"Redacci\u00f3n\" \/>\n<meta name=\"twitter:card\" content=\"summary_large_image\" \/>\n<meta name=\"twitter:label1\" content=\"Escrit per\" \/>\n\t<meta name=\"twitter:data1\" content=\"Redacci\u00f3n\" \/>\n\t<meta name=\"twitter:label2\" content=\"Temps estimat de lectura\" \/>\n\t<meta name=\"twitter:data2\" content=\"2 minuts\" \/>\n<script type=\"application\/ld+json\" class=\"yoast-schema-graph\">{\"@context\":\"https:\\\/\\\/schema.org\",\"@graph\":[{\"@type\":\"NewsArticle\",\"@id\":\"https:\\\/\\\/radiolitoral.com\\\/2025\\\/06\\\/pepe-moragues-controlamos-desde-el-montgo-hasta-olta\\\/#article\",\"isPartOf\":{\"@id\":\"https:\\\/\\\/radiolitoral.com\\\/2025\\\/06\\\/pepe-moragues-controlamos-desde-el-montgo-hasta-olta\\\/\"},\"author\":{\"name\":\"Redacci\u00f3n\",\"@id\":\"https:\\\/\\\/radiolitoral.com\\\/#\\\/schema\\\/person\\\/f2b2343c49b5d721857cc1002bfdb151\"},\"headline\":\"Pepe Moragues: \u201cControlamos desde el Montg\u00f3 hasta Olt\u00e0\u201d\",\"datePublished\":\"2025-06-09T08:28:07+00:00\",\"mainEntityOfPage\":{\"@id\":\"https:\\\/\\\/radiolitoral.com\\\/2025\\\/06\\\/pepe-moragues-controlamos-desde-el-montgo-hasta-olta\\\/\"},\"wordCount\":354,\"commentCount\":0,\"publisher\":{\"@id\":\"https:\\\/\\\/radiolitoral.com\\\/#organization\"},\"image\":{\"@id\":\"https:\\\/\\\/radiolitoral.com\\\/2025\\\/06\\\/pepe-moragues-controlamos-desde-el-montgo-hasta-olta\\\/#primaryimage\"},\"thumbnailUrl\":\"https:\\\/\\\/media.radiolitoral.com\\\/wp-content\\\/uploads\\\/2025\\\/06\\\/09102427\\\/Pepe-y-Rosi-ABAI.jpg\",\"keywords\":[\"ABAI\",\"Monta\u00f1as\",\"Pepe Moragues\",\"Prevenci\u00f3n incendios\",\"Primer Caf\u00e9\",\"Rosa Sala\",\"Serra de B\u00e8rnia\",\"verano\",\"Vigilancia Forestal\",\"Voluntariado\"],\"articleSection\":[\"Entrevistas\",\"Medioambiente\"],\"inLanguage\":\"ca\",\"potentialAction\":[{\"@type\":\"CommentAction\",\"name\":\"Comment\",\"target\":[\"https:\\\/\\\/radiolitoral.com\\\/2025\\\/06\\\/pepe-moragues-controlamos-desde-el-montgo-hasta-olta\\\/#respond\"]}]},{\"@type\":[\"WebPage\",\"ItemPage\"],\"@id\":\"https:\\\/\\\/radiolitoral.com\\\/2025\\\/06\\\/pepe-moragues-controlamos-desde-el-montgo-hasta-olta\\\/\",\"url\":\"https:\\\/\\\/radiolitoral.com\\\/2025\\\/06\\\/pepe-moragues-controlamos-desde-el-montgo-hasta-olta\\\/\",\"name\":\"Pepe Moragues: \u201cControlamos desde el Montg\u00f3 hasta Olt\u00e0\u201d | R\u00e0dio Litoral\",\"isPartOf\":{\"@id\":\"https:\\\/\\\/radiolitoral.com\\\/#website\"},\"primaryImageOfPage\":{\"@id\":\"https:\\\/\\\/radiolitoral.com\\\/2025\\\/06\\\/pepe-moragues-controlamos-desde-el-montgo-hasta-olta\\\/#primaryimage\"},\"image\":{\"@id\":\"https:\\\/\\\/radiolitoral.com\\\/2025\\\/06\\\/pepe-moragues-controlamos-desde-el-montgo-hasta-olta\\\/#primaryimage\"},\"thumbnailUrl\":\"https:\\\/\\\/media.radiolitoral.com\\\/wp-content\\\/uploads\\\/2025\\\/06\\\/09102427\\\/Pepe-y-Rosi-ABAI.jpg\",\"datePublished\":\"2025-06-09T08:28:07+00:00\",\"description\":\"ABAI, Associaci\u00f3 Benissera Antiincendis, busca voluntarios de cara a la temporada de vigilancia forestal, de julio a septiembre\",\"breadcrumb\":{\"@id\":\"https:\\\/\\\/radiolitoral.com\\\/2025\\\/06\\\/pepe-moragues-controlamos-desde-el-montgo-hasta-olta\\\/#breadcrumb\"},\"inLanguage\":\"ca\",\"potentialAction\":[{\"@type\":\"ReadAction\",\"target\":[\"https:\\\/\\\/radiolitoral.com\\\/2025\\\/06\\\/pepe-moragues-controlamos-desde-el-montgo-hasta-olta\\\/\"]}]},{\"@type\":\"ImageObject\",\"inLanguage\":\"ca\",\"@id\":\"https:\\\/\\\/radiolitoral.com\\\/2025\\\/06\\\/pepe-moragues-controlamos-desde-el-montgo-hasta-olta\\\/#primaryimage\",\"url\":\"https:\\\/\\\/media.radiolitoral.com\\\/wp-content\\\/uploads\\\/2025\\\/06\\\/09102427\\\/Pepe-y-Rosi-ABAI.jpg\",\"contentUrl\":\"https:\\\/\\\/media.radiolitoral.com\\\/wp-content\\\/uploads\\\/2025\\\/06\\\/09102427\\\/Pepe-y-Rosi-ABAI.jpg\",\"width\":2000,\"height\":1500},{\"@type\":\"BreadcrumbList\",\"@id\":\"https:\\\/\\\/radiolitoral.com\\\/2025\\\/06\\\/pepe-moragues-controlamos-desde-el-montgo-hasta-olta\\\/#breadcrumb\",\"itemListElement\":[{\"@type\":\"ListItem\",\"position\":1,\"name\":\"Portada\",\"item\":\"https:\\\/\\\/radiolitoral.com\\\/\"},{\"@type\":\"ListItem\",\"position\":2,\"name\":\"Pepe Moragues: \u201cControlamos desde el Montg\u00f3 hasta Olt\u00e0\u201d\"}]},{\"@type\":\"WebSite\",\"@id\":\"https:\\\/\\\/radiolitoral.com\\\/#website\",\"url\":\"https:\\\/\\\/radiolitoral.com\\\/\",\"name\":\"Radio Litoral\",\"description\":\"La radio local de la Marina Alta\",\"publisher\":{\"@id\":\"https:\\\/\\\/radiolitoral.com\\\/#organization\"},\"alternateName\":\"Litoral FM\",\"potentialAction\":[{\"@type\":\"SearchAction\",\"target\":{\"@type\":\"EntryPoint\",\"urlTemplate\":\"https:\\\/\\\/radiolitoral.com\\\/?s={search_term_string}\"},\"query-input\":{\"@type\":\"PropertyValueSpecification\",\"valueRequired\":true,\"valueName\":\"search_term_string\"}}],\"inLanguage\":\"ca\"},{\"@type\":\"Organization\",\"@id\":\"https:\\\/\\\/radiolitoral.com\\\/#organization\",\"name\":\"Radio Litoral\",\"url\":\"https:\\\/\\\/radiolitoral.com\\\/\",\"logo\":{\"@type\":\"ImageObject\",\"inLanguage\":\"ca\",\"@id\":\"https:\\\/\\\/radiolitoral.com\\\/#\\\/schema\\\/logo\\\/image\\\/\",\"url\":\"https:\\\/\\\/media.radiolitoral.com\\\/wp-content\\\/uploads\\\/2023\\\/02\\\/24143238\\\/CL-V-RadioLitoral696.png\",\"contentUrl\":\"https:\\\/\\\/media.radiolitoral.com\\\/wp-content\\\/uploads\\\/2023\\\/02\\\/24143238\\\/CL-V-RadioLitoral696.png\",\"width\":696,\"height\":696,\"caption\":\"Radio Litoral\"},\"image\":{\"@id\":\"https:\\\/\\\/radiolitoral.com\\\/#\\\/schema\\\/logo\\\/image\\\/\"},\"sameAs\":[\"https:\\\/\\\/www.facebook.com\\\/Laradiolitoral\\\/\"]},{\"@type\":\"Person\",\"@id\":\"https:\\\/\\\/radiolitoral.com\\\/#\\\/schema\\\/person\\\/f2b2343c49b5d721857cc1002bfdb151\",\"name\":\"Redacci\u00f3n\",\"image\":{\"@type\":\"ImageObject\",\"inLanguage\":\"ca\",\"@id\":\"https:\\\/\\\/secure.gravatar.com\\\/avatar\\\/f771d896c203ad8b3382d7905cfcce5a5c9b008b84b3cd9114e9b9f4cb63f789?s=96&d=mm&r=g\",\"url\":\"https:\\\/\\\/secure.gravatar.com\\\/avatar\\\/f771d896c203ad8b3382d7905cfcce5a5c9b008b84b3cd9114e9b9f4cb63f789?s=96&d=mm&r=g\",\"contentUrl\":\"https:\\\/\\\/secure.gravatar.com\\\/avatar\\\/f771d896c203ad8b3382d7905cfcce5a5c9b008b84b3cd9114e9b9f4cb63f789?s=96&d=mm&r=g\",\"caption\":\"Redacci\u00f3n\"},\"url\":\"https:\\\/\\\/radiolitoral.com\\\/ca\\\/author\\\/miriam-pagan\\\/\"}]}<\/script>\n<!-- \/ Yoast SEO plugin. -->","yoast_head_json":{"title":"Pepe Moragues: \u201cControlem des del Montg\u00f3 fins a Olt\u00e0\u201d | R\u00e0dio Litoral","description":"ABAI, Associaci\u00f3 Benissera Antiincendis, busca voluntaris de cara a la temporada de vigil\u00e0ncia forestal, de juliol a setembre","robots":{"index":"index","follow":"follow","max-snippet":"max-snippet:-1","max-image-preview":"max-image-preview:large","max-video-preview":"max-video-preview:-1"},"canonical":"https:\/\/radiolitoral.com\/ca\/2025\/06\/pepe-moragues-controlem-des-del-montgo-fins-a-olta\/","og_locale":"ca_ES","og_type":"article","og_title":"Pepe Moragues: \u201cControlamos desde el Montg\u00f3 hasta Olt\u00e0\u201d | R\u00e0dio Litoral","og_description":"ABAI, Associaci\u00f3 Benissera Antiincendis, busca voluntarios de cara a la temporada de vigilancia forestal, de julio a septiembre","og_url":"https:\/\/radiolitoral.com\/ca\/2025\/06\/pepe-moragues-controlem-des-del-montgo-fins-a-olta\/","og_site_name":"R\u00e0dio Litoral","article_publisher":"https:\/\/www.facebook.com\/Laradiolitoral\/","article_published_time":"2025-06-09T08:28:07+00:00","og_image":[{"width":2000,"height":1500,"url":"https:\/\/media.radiolitoral.com\/wp-content\/uploads\/2025\/06\/09102427\/Pepe-y-Rosi-ABAI.jpg","type":"image\/jpeg"}],"author":"Redacci\u00f3n","twitter_card":"summary_large_image","twitter_misc":{"Escrit per":"Redacci\u00f3n","Temps estimat de lectura":"2 minuts"},"schema":{"@context":"https:\/\/schema.org","@graph":[{"@type":"NewsArticle","@id":"https:\/\/radiolitoral.com\/2025\/06\/pepe-moragues-controlamos-desde-el-montgo-hasta-olta\/#article","isPartOf":{"@id":"https:\/\/radiolitoral.com\/2025\/06\/pepe-moragues-controlamos-desde-el-montgo-hasta-olta\/"},"author":{"name":"Redacci\u00f3n","@id":"https:\/\/radiolitoral.com\/#\/schema\/person\/f2b2343c49b5d721857cc1002bfdb151"},"headline":"Pepe Moragues: \u201cControlamos desde el Montg\u00f3 hasta Olt\u00e0\u201d","datePublished":"2025-06-09T08:28:07+00:00","mainEntityOfPage":{"@id":"https:\/\/radiolitoral.com\/2025\/06\/pepe-moragues-controlamos-desde-el-montgo-hasta-olta\/"},"wordCount":354,"commentCount":0,"publisher":{"@id":"https:\/\/radiolitoral.com\/#organization"},"image":{"@id":"https:\/\/radiolitoral.com\/2025\/06\/pepe-moragues-controlamos-desde-el-montgo-hasta-olta\/#primaryimage"},"thumbnailUrl":"https:\/\/media.radiolitoral.com\/wp-content\/uploads\/2025\/06\/09102427\/Pepe-y-Rosi-ABAI.jpg","keywords":["ABAI","Monta\u00f1as","Pepe Moragues","Prevenci\u00f3n incendios","Primer Caf\u00e9","Rosa Sala","Serra de B\u00e8rnia","verano","Vigilancia Forestal","Voluntariado"],"articleSection":["Entrevistas","Medioambiente"],"inLanguage":"ca","potentialAction":[{"@type":"CommentAction","name":"Comment","target":["https:\/\/radiolitoral.com\/2025\/06\/pepe-moragues-controlamos-desde-el-montgo-hasta-olta\/#respond"]}]},{"@type":["WebPage","ItemPage"],"@id":"https:\/\/radiolitoral.com\/2025\/06\/pepe-moragues-controlamos-desde-el-montgo-hasta-olta\/","url":"https:\/\/radiolitoral.com\/2025\/06\/pepe-moragues-controlamos-desde-el-montgo-hasta-olta\/","name":"Pepe Moragues: \u201cControlem des del Montg\u00f3 fins a Olt\u00e0\u201d | R\u00e0dio Litoral","isPartOf":{"@id":"https:\/\/radiolitoral.com\/#website"},"primaryImageOfPage":{"@id":"https:\/\/radiolitoral.com\/2025\/06\/pepe-moragues-controlamos-desde-el-montgo-hasta-olta\/#primaryimage"},"image":{"@id":"https:\/\/radiolitoral.com\/2025\/06\/pepe-moragues-controlamos-desde-el-montgo-hasta-olta\/#primaryimage"},"thumbnailUrl":"https:\/\/media.radiolitoral.com\/wp-content\/uploads\/2025\/06\/09102427\/Pepe-y-Rosi-ABAI.jpg","datePublished":"2025-06-09T08:28:07+00:00","description":"ABAI, Associaci\u00f3 Benissera Antiincendis, busca voluntaris de cara a la temporada de vigil\u00e0ncia forestal, de juliol a setembre","breadcrumb":{"@id":"https:\/\/radiolitoral.com\/2025\/06\/pepe-moragues-controlamos-desde-el-montgo-hasta-olta\/#breadcrumb"},"inLanguage":"ca","potentialAction":[{"@type":"ReadAction","target":["https:\/\/radiolitoral.com\/2025\/06\/pepe-moragues-controlamos-desde-el-montgo-hasta-olta\/"]}]},{"@type":"ImageObject","inLanguage":"ca","@id":"https:\/\/radiolitoral.com\/2025\/06\/pepe-moragues-controlamos-desde-el-montgo-hasta-olta\/#primaryimage","url":"https:\/\/media.radiolitoral.com\/wp-content\/uploads\/2025\/06\/09102427\/Pepe-y-Rosi-ABAI.jpg","contentUrl":"https:\/\/media.radiolitoral.com\/wp-content\/uploads\/2025\/06\/09102427\/Pepe-y-Rosi-ABAI.jpg","width":2000,"height":1500},{"@type":"BreadcrumbList","@id":"https:\/\/radiolitoral.com\/2025\/06\/pepe-moragues-controlamos-desde-el-montgo-hasta-olta\/#breadcrumb","itemListElement":[{"@type":"ListItem","position":1,"name":"Portada","item":"https:\/\/radiolitoral.com\/"},{"@type":"ListItem","position":2,"name":"Pepe Moragues: \u201cControlamos desde el Montg\u00f3 hasta Olt\u00e0\u201d"}]},{"@type":"WebSite","@id":"https:\/\/radiolitoral.com\/#website","url":"https:\/\/radiolitoral.com\/","name":"R\u00e0dio Litoral","description":"La r\u00e0dio local de la Marina Alta","publisher":{"@id":"https:\/\/radiolitoral.com\/#organization"},"alternateName":"Litoral FM","potentialAction":[{"@type":"SearchAction","target":{"@type":"EntryPoint","urlTemplate":"https:\/\/radiolitoral.com\/?s={search_term_string}"},"query-input":{"@type":"PropertyValueSpecification","valueRequired":true,"valueName":"search_term_string"}}],"inLanguage":"ca"},{"@type":"Organization","@id":"https:\/\/radiolitoral.com\/#organization","name":"R\u00e0dio Litoral","url":"https:\/\/radiolitoral.com\/","logo":{"@type":"ImageObject","inLanguage":"ca","@id":"https:\/\/radiolitoral.com\/#\/schema\/logo\/image\/","url":"https:\/\/media.radiolitoral.com\/wp-content\/uploads\/2023\/02\/24143238\/CL-V-RadioLitoral696.png","contentUrl":"https:\/\/media.radiolitoral.com\/wp-content\/uploads\/2023\/02\/24143238\/CL-V-RadioLitoral696.png","width":696,"height":696,"caption":"Radio Litoral"},"image":{"@id":"https:\/\/radiolitoral.com\/#\/schema\/logo\/image\/"},"sameAs":["https:\/\/www.facebook.com\/Laradiolitoral\/"]},{"@type":"Person","@id":"https:\/\/radiolitoral.com\/#\/schema\/person\/f2b2343c49b5d721857cc1002bfdb151","name":"Redacci\u00f3","image":{"@type":"ImageObject","inLanguage":"ca","@id":"https:\/\/secure.gravatar.com\/avatar\/f771d896c203ad8b3382d7905cfcce5a5c9b008b84b3cd9114e9b9f4cb63f789?s=96&d=mm&r=g","url":"https:\/\/secure.gravatar.com\/avatar\/f771d896c203ad8b3382d7905cfcce5a5c9b008b84b3cd9114e9b9f4cb63f789?s=96&d=mm&r=g","contentUrl":"https:\/\/secure.gravatar.com\/avatar\/f771d896c203ad8b3382d7905cfcce5a5c9b008b84b3cd9114e9b9f4cb63f789?s=96&d=mm&r=g","caption":"Redacci\u00f3n"},"url":"https:\/\/radiolitoral.com\/ca\/author\/miriam-pagan\/"}]}},"_links":{"self":[{"href":"https:\/\/radiolitoral.com\/ca\/wp-json\/wp\/v2\/posts\/17165","targetHints":{"allow":["GET"]}}],"collection":[{"href":"https:\/\/radiolitoral.com\/ca\/wp-json\/wp\/v2\/posts"}],"about":[{"href":"https:\/\/radiolitoral.com\/ca\/wp-json\/wp\/v2\/types\/post"}],"author":[{"embeddable":true,"href":"https:\/\/radiolitoral.com\/ca\/wp-json\/wp\/v2\/users\/13"}],"replies":[{"embeddable":true,"href":"https:\/\/radiolitoral.com\/ca\/wp-json\/wp\/v2\/comments?post=17165"}],"version-history":[{"count":2,"href":"https:\/\/radiolitoral.com\/ca\/wp-json\/wp\/v2\/posts\/17165\/revisions"}],"predecessor-version":[{"id":17169,"href":"https:\/\/radiolitoral.com\/ca\/wp-json\/wp\/v2\/posts\/17165\/revisions\/17169"}],"wp:featuredmedia":[{"embeddable":true,"href":"https:\/\/radiolitoral.com\/ca\/wp-json\/wp\/v2\/media\/17167"}],"wp:attachment":[{"href":"https:\/\/radiolitoral.com\/ca\/wp-json\/wp\/v2\/media?parent=17165"}],"wp:term":[{"taxonomy":"category","embeddable":true,"href":"https:\/\/radiolitoral.com\/ca\/wp-json\/wp\/v2\/categories?post=17165"},{"taxonomy":"post_tag","embeddable":true,"href":"https:\/\/radiolitoral.com\/ca\/wp-json\/wp\/v2\/tags?post=17165"}],"curies":[{"name":"wp","href":"https:\/\/api.w.org\/{rel}","templated":true}]}}