{"id":17142,"date":"2025-06-06T10:16:57","date_gmt":"2025-06-06T08:16:57","guid":{"rendered":"https:\/\/radiolitoral.com\/?p=17142"},"modified":"2025-06-06T10:16:57","modified_gmt":"2025-06-06T08:16:57","slug":"benissa-celebres-la-festa-de-latletisme-popular","status":"publish","type":"post","link":"https:\/\/radiolitoral.com\/ca\/2025\/06\/benissa-celebrara-la-fiesta-del-atletismo-popular\/","title":{"rendered":"Benissa celebrar\u00e0 la festa de l\u00b4atletisme popular"},"content":{"rendered":"<p>Aquest dissabte, Benissa es prepara per rebre la festa comarcal del running amb la celebraci\u00f3 de la <strong>XXVI Cursa Popular de Benissa<\/strong>, la tretzena i \u00faltima prova puntuable del <strong>Circuit a Peu Marina Alta 2025<\/strong>. Despr\u00e9s de cinc mesos de proves emocionants, aquest esdeveniment promet ser el gran colof\u00f3 final d&#039;una temporada plena d&#039;esfor\u00e7, resist\u00e8ncia i emoci\u00f3. La prova est\u00e0 organitzada pel <strong>Club Ginestar Atletisme Benissa<\/strong> en col\u00b7laboraci\u00f3 amb el <strong>Ajuntament de Benissa<\/strong>.<\/p>\n<p>Els participants i els assistents podran gaudir d&#039;un ambient festiu des del principi, amb m\u00fasica en directe a c\u00e0rrec de DJ tant a la sortida com a la meta, la participaci\u00f3 de la Batucada Segarria i l&#039;Escola de M\u00fasica Moderna SIFASOL, i moltes altres sorpreses que animaran els corredors durant tot el recorregut.<\/p>\n<h2>Regal Final del Circuit<\/h2>\n<p>A partir de les 16.00 hores, aquells corredors que hagin completat almenys vuit de les tretze proves del Circuit a Peu podran recollir el seu <strong>regal final del Circuit<\/strong>, ubicat a la l\u00ednia de meta (C\/ Pare Andr\u00e9s Ivars, 9). Per a aquells que no puguin recollir-lo personalment, hi ha la possibilitat d&#039;autoritzar alg\u00fa perqu\u00e8 ho faci en nom seu, descarregant l&#039;autoritzaci\u00f3 des del web oficial del Circuit.<\/p>\n<h2>Horari curses<\/h2>\n<p>La jornada comen\u00e7ar\u00e0 amb les <strong>proves infantils<\/strong> a les 16.30 hores, que tindran sortida i arribada a la Pla\u00e7a Jaume I, on els m\u00e9s petits tamb\u00e9 podran gaudir de la seva pr\u00f2pia festa esportiva. A les 19:00 hores se celebrar\u00e0 la <strong>prova reina<\/strong>, amb un recorregut de <strong>8,3 quil\u00f2metres<\/strong> que recorrer\u00e0 els bells carrers de Benissa. Aquest nou tra\u00e7at, atractiu i desafiador, comen\u00e7a r\u00e0pidament cap al \u201ctransformador\u201d i despr\u00e9s s&#039;endinsa en un puja i baixa continu, portant els corredors fins a la part nord de la ciutat, amb vistes espectaculars del <strong>Penyal d&#039;Ifac<\/strong> i la badia de Calp. Despr\u00e9s de travessar un tram cap al sud, els corredors tornaran per la <strong>carrer Pur\u00edssima<\/strong> per creuar la meta al mateix lloc on van comen\u00e7ar les proves infantils.<\/p>\n<p>Despr\u00e9s de la prova, els participants podran gaudir d&#039;un servei de dutxes al <strong>Palau Sant Pere<\/strong>, situat a nom\u00e9s 900 metres de la l\u00ednia de meta, per relaxar-se i recuperar-se despr\u00e9s del seu esfor\u00e7.<\/p>\n<p>Sense cap dubte, la XXVI Cursa Popular de Benissa ser\u00e0 un esdeveniment inoblidable per a corredors i p\u00fablic en general, que posar\u00e0 el punt final a una temporada memorable del Circuit a Peu.<\/p>\n<p>&nbsp;<\/p>\n<p><script src=\"chrome-extension:\/\/flbolonkboilcbnohjlchlfgdalomdpl\/iFrame.js\" type=\"text\/javascript\"><\/script><\/p>","protected":false},"excerpt":{"rendered":"<p>Este s\u00e1bado, Benissa se prepara para recibir la fiesta comarcal del running con la celebraci\u00f3n de la XXVI Cursa Popular de Benissa, la decimotercera y \u00faltima prueba puntuable del Circuit a Peu Marina Alta 2025. Tras cinco meses de emocionantes pruebas, este evento promete ser el gran broche final de una temporada llena de esfuerzo, [&#8230;]<\/p>\n<p><a class=\"btn btn-secondary understrap-read-more-link\" href=\"https:\/\/radiolitoral.com\/ca\/2025\/06\/benissa-celebrara-la-fiesta-del-atletismo-popular\/\">Continua llegint&#8230;<span class=\"screen-reader-text\"> from Benissa celebrar\u00e1 la fiesta del atletismo popular<\/span><\/a><\/p>\n","protected":false},"author":12,"featured_media":17148,"comment_status":"open","ping_status":"closed","sticky":false,"template":"","format":"standard","meta":{"_acf_changed":false,"inline_featured_image":false,"footnotes":""},"categories":[5],"tags":[882,3874,1423,6,1422,1301,4471],"class_list":["post-17142","post","type-post","status-publish","format-standard","has-post-thumbnail","hentry","category-deportes","tag-ayuntamiento-de-benissa","tag-circuit-a-peu-marina-alta-2025","tag-club-ginestar-atletisme-benissa","tag-deportes","tag-palau-sant-pere","tag-penon-de-ifach","tag-xxvi-cursa-popular-de-benissa","cobertura-benissa"],"acf":[],"yoast_head":"<!-- This site is optimized with the Yoast SEO plugin v27.5 - https:\/\/yoast.com\/product\/yoast-seo-wordpress\/ -->\n<title>Benissa celebrar\u00e1 la fiesta del atletismo popular | R\u00e0dio Litoral<\/title>\n<meta name=\"description\" content=\"Ser\u00e1 sede de la \u00faltima prueba del Circuit a Peu Marina Alta con un trazado de 8.500 metrosSer\u00e1 sede de la \u00faltima prueba del Circuit a Peu Marina Alta con un trazado de 8.500 metros\" \/>\n<meta name=\"robots\" content=\"index, follow, max-snippet:-1, max-image-preview:large, max-video-preview:-1\" \/>\n<link rel=\"canonical\" href=\"https:\/\/radiolitoral.com\/ca\/2025\/06\/benissa-celebres-la-festa-de-latletisme-popular\/\" \/>\n<meta property=\"og:locale\" content=\"ca_ES\" \/>\n<meta property=\"og:type\" content=\"article\" \/>\n<meta property=\"og:title\" content=\"Benissa celebrar\u00e1 la fiesta del atletismo popular | R\u00e0dio Litoral\" \/>\n<meta property=\"og:description\" content=\"Ser\u00e1 sede de la \u00faltima prueba del Circuit a Peu Marina Alta con un trazado de 8.500 metrosSer\u00e1 sede de la \u00faltima prueba del Circuit a Peu Marina Alta con un trazado de 8.500 metros\" \/>\n<meta property=\"og:url\" content=\"https:\/\/radiolitoral.com\/ca\/2025\/06\/benissa-celebres-la-festa-de-latletisme-popular\/\" \/>\n<meta property=\"og:site_name\" content=\"R\u00e0dio Litoral\" \/>\n<meta property=\"article:publisher\" content=\"https:\/\/www.facebook.com\/Laradiolitoral\/\" \/>\n<meta property=\"article:published_time\" content=\"2025-06-06T08:16:57+00:00\" \/>\n<meta property=\"og:image\" content=\"https:\/\/media.radiolitoral.com\/wp-content\/uploads\/2025\/06\/06101620\/CORREDORS-BENISSA-2024-2-1.jpg\" \/>\n\t<meta property=\"og:image:width\" content=\"2000\" \/>\n\t<meta property=\"og:image:height\" content=\"1333\" \/>\n\t<meta property=\"og:image:type\" content=\"image\/jpeg\" \/>\n<meta name=\"author\" content=\"Javier Zamora\" \/>\n<meta name=\"twitter:card\" content=\"summary_large_image\" \/>\n<meta name=\"twitter:label1\" content=\"Escrit per\" \/>\n\t<meta name=\"twitter:data1\" content=\"Javier Zamora\" \/>\n\t<meta name=\"twitter:label2\" content=\"Temps estimat de lectura\" \/>\n\t<meta name=\"twitter:data2\" content=\"3 minuts\" \/>\n<script type=\"application\/ld+json\" class=\"yoast-schema-graph\">{\"@context\":\"https:\\\/\\\/schema.org\",\"@graph\":[{\"@type\":\"NewsArticle\",\"@id\":\"https:\\\/\\\/radiolitoral.com\\\/2025\\\/06\\\/benissa-celebrara-la-fiesta-del-atletismo-popular\\\/#article\",\"isPartOf\":{\"@id\":\"https:\\\/\\\/radiolitoral.com\\\/2025\\\/06\\\/benissa-celebrara-la-fiesta-del-atletismo-popular\\\/\"},\"author\":{\"name\":\"Javier Zamora\",\"@id\":\"https:\\\/\\\/radiolitoral.com\\\/#\\\/schema\\\/person\\\/7b1480b5caeb5acdd4ec6379caf62b22\"},\"headline\":\"Benissa celebrar\u00e1 la fiesta del atletismo popular\",\"datePublished\":\"2025-06-06T08:16:57+00:00\",\"mainEntityOfPage\":{\"@id\":\"https:\\\/\\\/radiolitoral.com\\\/2025\\\/06\\\/benissa-celebrara-la-fiesta-del-atletismo-popular\\\/\"},\"wordCount\":462,\"commentCount\":0,\"publisher\":{\"@id\":\"https:\\\/\\\/radiolitoral.com\\\/#organization\"},\"image\":{\"@id\":\"https:\\\/\\\/radiolitoral.com\\\/2025\\\/06\\\/benissa-celebrara-la-fiesta-del-atletismo-popular\\\/#primaryimage\"},\"thumbnailUrl\":\"https:\\\/\\\/media.radiolitoral.com\\\/wp-content\\\/uploads\\\/2025\\\/06\\\/06101620\\\/CORREDORS-BENISSA-2024-2-1.jpg\",\"keywords\":[\"Ayuntamiento de Benissa\",\"Circuit a Peu Marina Alta 2025\",\"Club Ginestar Atletisme Benissa\",\"deportes\",\"Palau Sant Pere\",\"Pe\u00f1\u00f3n de Ifach\",\"XXVI Cursa Popular de Benissa\"],\"articleSection\":[\"Deportes\"],\"inLanguage\":\"ca\",\"potentialAction\":[{\"@type\":\"CommentAction\",\"name\":\"Comment\",\"target\":[\"https:\\\/\\\/radiolitoral.com\\\/2025\\\/06\\\/benissa-celebrara-la-fiesta-del-atletismo-popular\\\/#respond\"]}]},{\"@type\":[\"WebPage\",\"ItemPage\"],\"@id\":\"https:\\\/\\\/radiolitoral.com\\\/2025\\\/06\\\/benissa-celebrara-la-fiesta-del-atletismo-popular\\\/\",\"url\":\"https:\\\/\\\/radiolitoral.com\\\/2025\\\/06\\\/benissa-celebrara-la-fiesta-del-atletismo-popular\\\/\",\"name\":\"Benissa celebrar\u00e1 la fiesta del atletismo popular | R\u00e0dio Litoral\",\"isPartOf\":{\"@id\":\"https:\\\/\\\/radiolitoral.com\\\/#website\"},\"primaryImageOfPage\":{\"@id\":\"https:\\\/\\\/radiolitoral.com\\\/2025\\\/06\\\/benissa-celebrara-la-fiesta-del-atletismo-popular\\\/#primaryimage\"},\"image\":{\"@id\":\"https:\\\/\\\/radiolitoral.com\\\/2025\\\/06\\\/benissa-celebrara-la-fiesta-del-atletismo-popular\\\/#primaryimage\"},\"thumbnailUrl\":\"https:\\\/\\\/media.radiolitoral.com\\\/wp-content\\\/uploads\\\/2025\\\/06\\\/06101620\\\/CORREDORS-BENISSA-2024-2-1.jpg\",\"datePublished\":\"2025-06-06T08:16:57+00:00\",\"description\":\"Ser\u00e1 sede de la \u00faltima prueba del Circuit a Peu Marina Alta con un trazado de 8.500 metrosSer\u00e1 sede de la \u00faltima prueba del Circuit a Peu Marina Alta con un trazado de 8.500 metros\",\"breadcrumb\":{\"@id\":\"https:\\\/\\\/radiolitoral.com\\\/2025\\\/06\\\/benissa-celebrara-la-fiesta-del-atletismo-popular\\\/#breadcrumb\"},\"inLanguage\":\"ca\",\"potentialAction\":[{\"@type\":\"ReadAction\",\"target\":[\"https:\\\/\\\/radiolitoral.com\\\/2025\\\/06\\\/benissa-celebrara-la-fiesta-del-atletismo-popular\\\/\"]}]},{\"@type\":\"ImageObject\",\"inLanguage\":\"ca\",\"@id\":\"https:\\\/\\\/radiolitoral.com\\\/2025\\\/06\\\/benissa-celebrara-la-fiesta-del-atletismo-popular\\\/#primaryimage\",\"url\":\"https:\\\/\\\/media.radiolitoral.com\\\/wp-content\\\/uploads\\\/2025\\\/06\\\/06101620\\\/CORREDORS-BENISSA-2024-2-1.jpg\",\"contentUrl\":\"https:\\\/\\\/media.radiolitoral.com\\\/wp-content\\\/uploads\\\/2025\\\/06\\\/06101620\\\/CORREDORS-BENISSA-2024-2-1.jpg\",\"width\":2000,\"height\":1333},{\"@type\":\"BreadcrumbList\",\"@id\":\"https:\\\/\\\/radiolitoral.com\\\/2025\\\/06\\\/benissa-celebrara-la-fiesta-del-atletismo-popular\\\/#breadcrumb\",\"itemListElement\":[{\"@type\":\"ListItem\",\"position\":1,\"name\":\"Portada\",\"item\":\"https:\\\/\\\/radiolitoral.com\\\/\"},{\"@type\":\"ListItem\",\"position\":2,\"name\":\"Benissa celebrar\u00e1 la fiesta del atletismo popular\"}]},{\"@type\":\"WebSite\",\"@id\":\"https:\\\/\\\/radiolitoral.com\\\/#website\",\"url\":\"https:\\\/\\\/radiolitoral.com\\\/\",\"name\":\"Radio Litoral\",\"description\":\"La radio local de la Marina Alta\",\"publisher\":{\"@id\":\"https:\\\/\\\/radiolitoral.com\\\/#organization\"},\"alternateName\":\"Litoral FM\",\"potentialAction\":[{\"@type\":\"SearchAction\",\"target\":{\"@type\":\"EntryPoint\",\"urlTemplate\":\"https:\\\/\\\/radiolitoral.com\\\/?s={search_term_string}\"},\"query-input\":{\"@type\":\"PropertyValueSpecification\",\"valueRequired\":true,\"valueName\":\"search_term_string\"}}],\"inLanguage\":\"ca\"},{\"@type\":\"Organization\",\"@id\":\"https:\\\/\\\/radiolitoral.com\\\/#organization\",\"name\":\"Radio Litoral\",\"url\":\"https:\\\/\\\/radiolitoral.com\\\/\",\"logo\":{\"@type\":\"ImageObject\",\"inLanguage\":\"ca\",\"@id\":\"https:\\\/\\\/radiolitoral.com\\\/#\\\/schema\\\/logo\\\/image\\\/\",\"url\":\"https:\\\/\\\/media.radiolitoral.com\\\/wp-content\\\/uploads\\\/2023\\\/02\\\/24143238\\\/CL-V-RadioLitoral696.png\",\"contentUrl\":\"https:\\\/\\\/media.radiolitoral.com\\\/wp-content\\\/uploads\\\/2023\\\/02\\\/24143238\\\/CL-V-RadioLitoral696.png\",\"width\":696,\"height\":696,\"caption\":\"Radio Litoral\"},\"image\":{\"@id\":\"https:\\\/\\\/radiolitoral.com\\\/#\\\/schema\\\/logo\\\/image\\\/\"},\"sameAs\":[\"https:\\\/\\\/www.facebook.com\\\/Laradiolitoral\\\/\"]},{\"@type\":\"Person\",\"@id\":\"https:\\\/\\\/radiolitoral.com\\\/#\\\/schema\\\/person\\\/7b1480b5caeb5acdd4ec6379caf62b22\",\"name\":\"Javier Zamora\",\"image\":{\"@type\":\"ImageObject\",\"inLanguage\":\"ca\",\"@id\":\"https:\\\/\\\/secure.gravatar.com\\\/avatar\\\/467a11f6918c7d619c4043fc6fa2d3853053107973f05b6e9c04ea6c4e3a7b3f?s=96&d=mm&r=g\",\"url\":\"https:\\\/\\\/secure.gravatar.com\\\/avatar\\\/467a11f6918c7d619c4043fc6fa2d3853053107973f05b6e9c04ea6c4e3a7b3f?s=96&d=mm&r=g\",\"contentUrl\":\"https:\\\/\\\/secure.gravatar.com\\\/avatar\\\/467a11f6918c7d619c4043fc6fa2d3853053107973f05b6e9c04ea6c4e3a7b3f?s=96&d=mm&r=g\",\"caption\":\"Javier Zamora\"},\"url\":\"https:\\\/\\\/radiolitoral.com\\\/ca\\\/author\\\/javier-zamora\\\/\"}]}<\/script>\n<!-- \/ Yoast SEO plugin. -->","yoast_head_json":{"title":"Benissa celebrar\u00e0 la festa de l?atletisme popular | R\u00e0dio Litoral","description":"Ser\u00e0 seu de la darrera prova del Circuit a Peu Marina Alta amb un tra\u00e7at de 8.500 metresSer\u00e0 seu de la darrera prova del Circuit a Peu Marina Alta amb un tra\u00e7at de 8.500 metres","robots":{"index":"index","follow":"follow","max-snippet":"max-snippet:-1","max-image-preview":"max-image-preview:large","max-video-preview":"max-video-preview:-1"},"canonical":"https:\/\/radiolitoral.com\/ca\/2025\/06\/benissa-celebres-la-festa-de-latletisme-popular\/","og_locale":"ca_ES","og_type":"article","og_title":"Benissa celebrar\u00e1 la fiesta del atletismo popular | R\u00e0dio Litoral","og_description":"Ser\u00e1 sede de la \u00faltima prueba del Circuit a Peu Marina Alta con un trazado de 8.500 metrosSer\u00e1 sede de la \u00faltima prueba del Circuit a Peu Marina Alta con un trazado de 8.500 metros","og_url":"https:\/\/radiolitoral.com\/ca\/2025\/06\/benissa-celebres-la-festa-de-latletisme-popular\/","og_site_name":"R\u00e0dio Litoral","article_publisher":"https:\/\/www.facebook.com\/Laradiolitoral\/","article_published_time":"2025-06-06T08:16:57+00:00","og_image":[{"width":2000,"height":1333,"url":"https:\/\/media.radiolitoral.com\/wp-content\/uploads\/2025\/06\/06101620\/CORREDORS-BENISSA-2024-2-1.jpg","type":"image\/jpeg"}],"author":"Javier Zamora","twitter_card":"summary_large_image","twitter_misc":{"Escrit per":"Javier Zamora","Temps estimat de lectura":"3 minuts"},"schema":{"@context":"https:\/\/schema.org","@graph":[{"@type":"NewsArticle","@id":"https:\/\/radiolitoral.com\/2025\/06\/benissa-celebrara-la-fiesta-del-atletismo-popular\/#article","isPartOf":{"@id":"https:\/\/radiolitoral.com\/2025\/06\/benissa-celebrara-la-fiesta-del-atletismo-popular\/"},"author":{"name":"Javier Zamora","@id":"https:\/\/radiolitoral.com\/#\/schema\/person\/7b1480b5caeb5acdd4ec6379caf62b22"},"headline":"Benissa celebrar\u00e1 la fiesta del atletismo popular","datePublished":"2025-06-06T08:16:57+00:00","mainEntityOfPage":{"@id":"https:\/\/radiolitoral.com\/2025\/06\/benissa-celebrara-la-fiesta-del-atletismo-popular\/"},"wordCount":462,"commentCount":0,"publisher":{"@id":"https:\/\/radiolitoral.com\/#organization"},"image":{"@id":"https:\/\/radiolitoral.com\/2025\/06\/benissa-celebrara-la-fiesta-del-atletismo-popular\/#primaryimage"},"thumbnailUrl":"https:\/\/media.radiolitoral.com\/wp-content\/uploads\/2025\/06\/06101620\/CORREDORS-BENISSA-2024-2-1.jpg","keywords":["Ayuntamiento de Benissa","Circuit a Peu Marina Alta 2025","Club Ginestar Atletisme Benissa","deportes","Palau Sant Pere","Pe\u00f1\u00f3n de Ifach","XXVI Cursa Popular de Benissa"],"articleSection":["Deportes"],"inLanguage":"ca","potentialAction":[{"@type":"CommentAction","name":"Comment","target":["https:\/\/radiolitoral.com\/2025\/06\/benissa-celebrara-la-fiesta-del-atletismo-popular\/#respond"]}]},{"@type":["WebPage","ItemPage"],"@id":"https:\/\/radiolitoral.com\/2025\/06\/benissa-celebrara-la-fiesta-del-atletismo-popular\/","url":"https:\/\/radiolitoral.com\/2025\/06\/benissa-celebrara-la-fiesta-del-atletismo-popular\/","name":"Benissa celebrar\u00e0 la festa de l?atletisme popular | R\u00e0dio Litoral","isPartOf":{"@id":"https:\/\/radiolitoral.com\/#website"},"primaryImageOfPage":{"@id":"https:\/\/radiolitoral.com\/2025\/06\/benissa-celebrara-la-fiesta-del-atletismo-popular\/#primaryimage"},"image":{"@id":"https:\/\/radiolitoral.com\/2025\/06\/benissa-celebrara-la-fiesta-del-atletismo-popular\/#primaryimage"},"thumbnailUrl":"https:\/\/media.radiolitoral.com\/wp-content\/uploads\/2025\/06\/06101620\/CORREDORS-BENISSA-2024-2-1.jpg","datePublished":"2025-06-06T08:16:57+00:00","description":"Ser\u00e0 seu de la darrera prova del Circuit a Peu Marina Alta amb un tra\u00e7at de 8.500 metresSer\u00e0 seu de la darrera prova del Circuit a Peu Marina Alta amb un tra\u00e7at de 8.500 metres","breadcrumb":{"@id":"https:\/\/radiolitoral.com\/2025\/06\/benissa-celebrara-la-fiesta-del-atletismo-popular\/#breadcrumb"},"inLanguage":"ca","potentialAction":[{"@type":"ReadAction","target":["https:\/\/radiolitoral.com\/2025\/06\/benissa-celebrara-la-fiesta-del-atletismo-popular\/"]}]},{"@type":"ImageObject","inLanguage":"ca","@id":"https:\/\/radiolitoral.com\/2025\/06\/benissa-celebrara-la-fiesta-del-atletismo-popular\/#primaryimage","url":"https:\/\/media.radiolitoral.com\/wp-content\/uploads\/2025\/06\/06101620\/CORREDORS-BENISSA-2024-2-1.jpg","contentUrl":"https:\/\/media.radiolitoral.com\/wp-content\/uploads\/2025\/06\/06101620\/CORREDORS-BENISSA-2024-2-1.jpg","width":2000,"height":1333},{"@type":"BreadcrumbList","@id":"https:\/\/radiolitoral.com\/2025\/06\/benissa-celebrara-la-fiesta-del-atletismo-popular\/#breadcrumb","itemListElement":[{"@type":"ListItem","position":1,"name":"Portada","item":"https:\/\/radiolitoral.com\/"},{"@type":"ListItem","position":2,"name":"Benissa celebrar\u00e1 la fiesta del atletismo popular"}]},{"@type":"WebSite","@id":"https:\/\/radiolitoral.com\/#website","url":"https:\/\/radiolitoral.com\/","name":"R\u00e0dio Litoral","description":"La r\u00e0dio local de la Marina Alta","publisher":{"@id":"https:\/\/radiolitoral.com\/#organization"},"alternateName":"Litoral FM","potentialAction":[{"@type":"SearchAction","target":{"@type":"EntryPoint","urlTemplate":"https:\/\/radiolitoral.com\/?s={search_term_string}"},"query-input":{"@type":"PropertyValueSpecification","valueRequired":true,"valueName":"search_term_string"}}],"inLanguage":"ca"},{"@type":"Organization","@id":"https:\/\/radiolitoral.com\/#organization","name":"R\u00e0dio Litoral","url":"https:\/\/radiolitoral.com\/","logo":{"@type":"ImageObject","inLanguage":"ca","@id":"https:\/\/radiolitoral.com\/#\/schema\/logo\/image\/","url":"https:\/\/media.radiolitoral.com\/wp-content\/uploads\/2023\/02\/24143238\/CL-V-RadioLitoral696.png","contentUrl":"https:\/\/media.radiolitoral.com\/wp-content\/uploads\/2023\/02\/24143238\/CL-V-RadioLitoral696.png","width":696,"height":696,"caption":"Radio Litoral"},"image":{"@id":"https:\/\/radiolitoral.com\/#\/schema\/logo\/image\/"},"sameAs":["https:\/\/www.facebook.com\/Laradiolitoral\/"]},{"@type":"Person","@id":"https:\/\/radiolitoral.com\/#\/schema\/person\/7b1480b5caeb5acdd4ec6379caf62b22","name":"Javier Zamora","image":{"@type":"ImageObject","inLanguage":"ca","@id":"https:\/\/secure.gravatar.com\/avatar\/467a11f6918c7d619c4043fc6fa2d3853053107973f05b6e9c04ea6c4e3a7b3f?s=96&d=mm&r=g","url":"https:\/\/secure.gravatar.com\/avatar\/467a11f6918c7d619c4043fc6fa2d3853053107973f05b6e9c04ea6c4e3a7b3f?s=96&d=mm&r=g","contentUrl":"https:\/\/secure.gravatar.com\/avatar\/467a11f6918c7d619c4043fc6fa2d3853053107973f05b6e9c04ea6c4e3a7b3f?s=96&d=mm&r=g","caption":"Javier Zamora"},"url":"https:\/\/radiolitoral.com\/ca\/author\/javier-zamora\/"}]}},"_links":{"self":[{"href":"https:\/\/radiolitoral.com\/ca\/wp-json\/wp\/v2\/posts\/17142","targetHints":{"allow":["GET"]}}],"collection":[{"href":"https:\/\/radiolitoral.com\/ca\/wp-json\/wp\/v2\/posts"}],"about":[{"href":"https:\/\/radiolitoral.com\/ca\/wp-json\/wp\/v2\/types\/post"}],"author":[{"embeddable":true,"href":"https:\/\/radiolitoral.com\/ca\/wp-json\/wp\/v2\/users\/12"}],"replies":[{"embeddable":true,"href":"https:\/\/radiolitoral.com\/ca\/wp-json\/wp\/v2\/comments?post=17142"}],"version-history":[{"count":2,"href":"https:\/\/radiolitoral.com\/ca\/wp-json\/wp\/v2\/posts\/17142\/revisions"}],"predecessor-version":[{"id":17150,"href":"https:\/\/radiolitoral.com\/ca\/wp-json\/wp\/v2\/posts\/17142\/revisions\/17150"}],"wp:featuredmedia":[{"embeddable":true,"href":"https:\/\/radiolitoral.com\/ca\/wp-json\/wp\/v2\/media\/17148"}],"wp:attachment":[{"href":"https:\/\/radiolitoral.com\/ca\/wp-json\/wp\/v2\/media?parent=17142"}],"wp:term":[{"taxonomy":"category","embeddable":true,"href":"https:\/\/radiolitoral.com\/ca\/wp-json\/wp\/v2\/categories?post=17142"},{"taxonomy":"post_tag","embeddable":true,"href":"https:\/\/radiolitoral.com\/ca\/wp-json\/wp\/v2\/tags?post=17142"}],"curies":[{"name":"wp","href":"https:\/\/api.w.org\/{rel}","templated":true}]}}