{"id":17117,"date":"2025-06-05T10:42:23","date_gmt":"2025-06-05T08:42:23","guid":{"rendered":"https:\/\/radiolitoral.com\/?p=17117"},"modified":"2025-06-05T10:42:23","modified_gmt":"2025-06-05T08:42:23","slug":"rosana-caselles-convido-a-tots-que-vinguin-a-visitar-nos-a-submergir-se-a-la-festa-de-moros-i-cristians-i-que-gaudeixin-tant-com-nosaltres","status":"publish","type":"post","link":"https:\/\/radiolitoral.com\/ca\/2025\/06\/rosana-caselles-invito-a-todos-a-que-vengan-a-visitarnos-a-sumergirse-en-la-fiesta-de-moros-y-cristianos-y-que-disfruten-tanto-como-nosotros\/","title":{"rendered":"Rosana Caselles: \u201cInvito a tots que vinguin a visitar-nos, a submergir-se a la festa de Moros i Cristians, i que gaudeixin tant com nosaltres\u201d"},"content":{"rendered":"<p>Avui hem arribat a la r\u00e0dio amb la gel\u00b7laba posada i amb ganes de festa, i \u00e9s que <strong>Moraira<\/strong> ens convida a gaudir dels seus tradicionals <strong>festes de Moros i Cristians<\/strong>. El programa d&#039;actes va comen\u00e7ar oficialment ahir, dimecres 4 de juny, i es prolongar\u00e0 fins al dia 15 d&#039;aquest mes. Avui ens hem pres el <strong>Primer Caf\u00e8<\/strong> i repassat tot all\u00f2 que s&#039;ha preparat amb motiu d&#039;aquestes celebracions, amb la <strong>regidora de Festes, Rosana Caselles<\/strong> i la <strong>presidenta de la Junta Central de Moros i Cristians de Moraira, Claudia Damiano.\u00a0<\/strong><\/p>\n<p>Despr\u00e9s de l&#039;obertura ahir de l&#039;exposici\u00f3 dels treballs realitzats en el marc del XXIV Concurs de Dibuixos a l&#039;Espai La Senieta de Moraira, dem\u00e0 divendres, a les 19:30h s&#039;inaugurar\u00e0 el Mercat Andalus\u00ed ia la nit tindr\u00e0 lloc el Preg\u00f3 de festes a c\u00e0rrec de les fundadores d&#039;aquestes festes, al Sal\u00f3 d&#039;Actes de la Tina. Com ens han explicat les nostres convidades tenim per davant dies plens de m\u00fasica, p\u00f3lvora i germanor.<\/p>\n<p>Poder gaudir d&#039;aquests dies de festa comporta un treball ardu que es desenvolupa al llarg de tot l&#039;any des de la Junta Central i amb el suport de l&#039;Ajuntament de Teulada. Una tasca que continua els dies grans de la festa i en qu\u00e8 s&#039;impliquen no nom\u00e9s les diferents filaes i festers, sin\u00f3 tamb\u00e9 els serveis municipals.<\/p>\n<p>La presidenta de la Junta Central de Moros i Cristians i la regidora de Festes afronten amb la il\u00b7lusi\u00f3 que tot surti b\u00e9 i tant festers com visitants gaudeixin d&#039;aquests dies de celebracions, les hores pr\u00e8vies a les jornades m\u00e9s esperades d&#039;aquesta tradici\u00f3 arrelada.<\/p>\n<p>Una entrevista en qu\u00e8 les nostres convidades han tingut un record molt especial i emotiu pel malaguanyat Antonio Ivars Valles, m\u00e9s conegut com a \u201cMixeta\u201d, una figura clau de les festes de Moros i Cristians de Moraira, que va morir el mes de maig passat.<\/p>\n<p>Podeu tornar a escoltar l&#039;entrevista completa aqu\u00ed.<\/p>\n<audio class=\"wp-audio-shortcode\" id=\"audio-17117-1\" preload=\"none\" style=\"width: 100%;\" controls=\"controls\"><source type=\"audio\/mpeg\" src=\"https:\/\/media.radiolitoral.com\/wp-content\/uploads\/2025\/06\/05103346\/Primer-Cafe-MMiCC-Moraira.mp3?_=1\" \/><a href=\"https:\/\/media.radiolitoral.com\/wp-content\/uploads\/2025\/06\/05103346\/Primer-Cafe-MMiCC-Moraira.mp3\">https:\/\/media.radiolitoral.com\/wp-content\/uploads\/2025\/06\/05103346\/Primer-Cafe-MMiCC-Moraira.mp3<\/a><\/audio>","protected":false},"excerpt":{"rendered":"<p>Hoy hemos llegado a la radio con la chilaba puesta y con ganas de fiesta, y es que Moraira nos invita a disfrutar de sus tradicionales fiestas de Moros y Cristianos. El programa de actos comenz\u00f3 oficialmente ayer, mi\u00e9rcoles 4 de junio, y se prolongar\u00e1 hasta el d\u00eda 15 de este mes. Hoy nos hemos [&#8230;]<\/p>\n<p><a class=\"btn btn-secondary understrap-read-more-link\" href=\"https:\/\/radiolitoral.com\/ca\/2025\/06\/rosana-caselles-invito-a-todos-a-que-vengan-a-visitarnos-a-sumergirse-en-la-fiesta-de-moros-y-cristianos-y-que-disfruten-tanto-como-nosotros\/\">Continua llegint&#8230;<span class=\"screen-reader-text\"> from Rosana Caselles: \u201cInvito a todos a que vengan a visitarnos, a sumergirse en la fiesta de Moros y Cristianos, y que disfruten tanto como nosotros\u201d<\/span><\/a><\/p>\n","protected":false},"author":13,"featured_media":17119,"comment_status":"open","ping_status":"closed","sticky":false,"template":"","format":"standard","meta":{"_acf_changed":false,"inline_featured_image":false,"footnotes":""},"categories":[2753,276],"tags":[4464,4376,4463,147,2312,3415],"class_list":["post-17117","post","type-post","status-publish","format-standard","has-post-thumbnail","hentry","category-entrevistas","category-fiestas","tag-claudia-damiano","tag-fiestas-moros-y-cristianos","tag-junta-central-de-mmycc-moraira","tag-moraira","tag-primer-cafe","tag-rosana-caselles","cobertura-teulada-moraira"],"acf":[],"yoast_head":"<!-- This site is optimized with the Yoast SEO plugin v27.5 - https:\/\/yoast.com\/product\/yoast-seo-wordpress\/ -->\n<title>Rosana Caselles: \u201cInvito a todos a que vengan a visitarnos, a sumergirse en la fiesta de Moros y Cristianos, y que disfruten tanto como nosotros\u201d | R\u00e0dio Litoral<\/title>\n<meta name=\"description\" content=\"Moraira se viste de mora y cristiana del 4 al 15 de junio, con un programa lleno de m\u00fasica, p\u00f3lvora y tradici\u00f3n\" \/>\n<meta name=\"robots\" content=\"index, follow, max-snippet:-1, max-image-preview:large, max-video-preview:-1\" \/>\n<link rel=\"canonical\" href=\"https:\/\/radiolitoral.com\/ca\/2025\/06\/rosana-caselles-convido-a-tots-que-vinguin-a-visitar-nos-a-submergir-se-a-la-festa-de-moros-i-cristians-i-que-gaudeixin-tant-com-nosaltres\/\" \/>\n<meta property=\"og:locale\" content=\"ca_ES\" \/>\n<meta property=\"og:type\" content=\"article\" \/>\n<meta property=\"og:title\" content=\"Rosana Caselles: \u201cInvito a todos a que vengan a visitarnos, a sumergirse en la fiesta de Moros y Cristianos, y que disfruten tanto como nosotros\u201d | R\u00e0dio Litoral\" \/>\n<meta property=\"og:description\" content=\"Moraira se viste de mora y cristiana del 4 al 15 de junio, con un programa lleno de m\u00fasica, p\u00f3lvora y tradici\u00f3n\" \/>\n<meta property=\"og:url\" content=\"https:\/\/radiolitoral.com\/ca\/2025\/06\/rosana-caselles-convido-a-tots-que-vinguin-a-visitar-nos-a-submergir-se-a-la-festa-de-moros-i-cristians-i-que-gaudeixin-tant-com-nosaltres\/\" \/>\n<meta property=\"og:site_name\" content=\"R\u00e0dio Litoral\" \/>\n<meta property=\"article:publisher\" content=\"https:\/\/www.facebook.com\/Laradiolitoral\/\" \/>\n<meta property=\"article:published_time\" content=\"2025-06-05T08:42:23+00:00\" \/>\n<meta property=\"og:image\" content=\"https:\/\/media.radiolitoral.com\/wp-content\/uploads\/2025\/06\/05103914\/Rosana-y-Claudia-Primer-Cafe.jpg\" \/>\n\t<meta property=\"og:image:width\" content=\"2000\" \/>\n\t<meta property=\"og:image:height\" content=\"1500\" \/>\n\t<meta property=\"og:image:type\" content=\"image\/jpeg\" \/>\n<meta name=\"author\" content=\"Redacci\u00f3n\" \/>\n<meta name=\"twitter:card\" content=\"summary_large_image\" \/>\n<meta name=\"twitter:label1\" content=\"Escrit per\" \/>\n\t<meta name=\"twitter:data1\" content=\"Redacci\u00f3n\" \/>\n\t<meta name=\"twitter:label2\" content=\"Temps estimat de lectura\" \/>\n\t<meta name=\"twitter:data2\" content=\"2 minuts\" \/>\n<script type=\"application\/ld+json\" class=\"yoast-schema-graph\">{\"@context\":\"https:\\\/\\\/schema.org\",\"@graph\":[{\"@type\":\"NewsArticle\",\"@id\":\"https:\\\/\\\/radiolitoral.com\\\/2025\\\/06\\\/rosana-caselles-invito-a-todos-a-que-vengan-a-visitarnos-a-sumergirse-en-la-fiesta-de-moros-y-cristianos-y-que-disfruten-tanto-como-nosotros\\\/#article\",\"isPartOf\":{\"@id\":\"https:\\\/\\\/radiolitoral.com\\\/2025\\\/06\\\/rosana-caselles-invito-a-todos-a-que-vengan-a-visitarnos-a-sumergirse-en-la-fiesta-de-moros-y-cristianos-y-que-disfruten-tanto-como-nosotros\\\/\"},\"author\":{\"name\":\"Redacci\u00f3n\",\"@id\":\"https:\\\/\\\/radiolitoral.com\\\/#\\\/schema\\\/person\\\/f2b2343c49b5d721857cc1002bfdb151\"},\"headline\":\"Rosana Caselles: \u201cInvito a todos a que vengan a visitarnos, a sumergirse en la fiesta de Moros y Cristianos, y que disfruten tanto como nosotros\u201d\",\"datePublished\":\"2025-06-05T08:42:23+00:00\",\"mainEntityOfPage\":{\"@id\":\"https:\\\/\\\/radiolitoral.com\\\/2025\\\/06\\\/rosana-caselles-invito-a-todos-a-que-vengan-a-visitarnos-a-sumergirse-en-la-fiesta-de-moros-y-cristianos-y-que-disfruten-tanto-como-nosotros\\\/\"},\"wordCount\":391,\"commentCount\":0,\"publisher\":{\"@id\":\"https:\\\/\\\/radiolitoral.com\\\/#organization\"},\"image\":{\"@id\":\"https:\\\/\\\/radiolitoral.com\\\/2025\\\/06\\\/rosana-caselles-invito-a-todos-a-que-vengan-a-visitarnos-a-sumergirse-en-la-fiesta-de-moros-y-cristianos-y-que-disfruten-tanto-como-nosotros\\\/#primaryimage\"},\"thumbnailUrl\":\"https:\\\/\\\/media.radiolitoral.com\\\/wp-content\\\/uploads\\\/2025\\\/06\\\/05103914\\\/Rosana-y-Claudia-Primer-Cafe.jpg\",\"keywords\":[\"Claudia Damiano\",\"Fiestas Moros y Cristianos\",\"Junta Central de MMyCC Moraira\",\"Moraira\",\"Primer Caf\u00e9\",\"Rosana Caselles\"],\"articleSection\":[\"Entrevistas\",\"Fiestas\"],\"inLanguage\":\"ca\",\"potentialAction\":[{\"@type\":\"CommentAction\",\"name\":\"Comment\",\"target\":[\"https:\\\/\\\/radiolitoral.com\\\/2025\\\/06\\\/rosana-caselles-invito-a-todos-a-que-vengan-a-visitarnos-a-sumergirse-en-la-fiesta-de-moros-y-cristianos-y-que-disfruten-tanto-como-nosotros\\\/#respond\"]}]},{\"@type\":[\"WebPage\",\"ItemPage\"],\"@id\":\"https:\\\/\\\/radiolitoral.com\\\/2025\\\/06\\\/rosana-caselles-invito-a-todos-a-que-vengan-a-visitarnos-a-sumergirse-en-la-fiesta-de-moros-y-cristianos-y-que-disfruten-tanto-como-nosotros\\\/\",\"url\":\"https:\\\/\\\/radiolitoral.com\\\/2025\\\/06\\\/rosana-caselles-invito-a-todos-a-que-vengan-a-visitarnos-a-sumergirse-en-la-fiesta-de-moros-y-cristianos-y-que-disfruten-tanto-como-nosotros\\\/\",\"name\":\"Rosana Caselles: \u201cInvito a todos a que vengan a visitarnos, a sumergirse en la fiesta de Moros y Cristianos, y que disfruten tanto como nosotros\u201d | R\u00e0dio Litoral\",\"isPartOf\":{\"@id\":\"https:\\\/\\\/radiolitoral.com\\\/#website\"},\"primaryImageOfPage\":{\"@id\":\"https:\\\/\\\/radiolitoral.com\\\/2025\\\/06\\\/rosana-caselles-invito-a-todos-a-que-vengan-a-visitarnos-a-sumergirse-en-la-fiesta-de-moros-y-cristianos-y-que-disfruten-tanto-como-nosotros\\\/#primaryimage\"},\"image\":{\"@id\":\"https:\\\/\\\/radiolitoral.com\\\/2025\\\/06\\\/rosana-caselles-invito-a-todos-a-que-vengan-a-visitarnos-a-sumergirse-en-la-fiesta-de-moros-y-cristianos-y-que-disfruten-tanto-como-nosotros\\\/#primaryimage\"},\"thumbnailUrl\":\"https:\\\/\\\/media.radiolitoral.com\\\/wp-content\\\/uploads\\\/2025\\\/06\\\/05103914\\\/Rosana-y-Claudia-Primer-Cafe.jpg\",\"datePublished\":\"2025-06-05T08:42:23+00:00\",\"description\":\"Moraira se viste de mora y cristiana del 4 al 15 de junio, con un programa lleno de m\u00fasica, p\u00f3lvora y tradici\u00f3n\",\"breadcrumb\":{\"@id\":\"https:\\\/\\\/radiolitoral.com\\\/2025\\\/06\\\/rosana-caselles-invito-a-todos-a-que-vengan-a-visitarnos-a-sumergirse-en-la-fiesta-de-moros-y-cristianos-y-que-disfruten-tanto-como-nosotros\\\/#breadcrumb\"},\"inLanguage\":\"ca\",\"potentialAction\":[{\"@type\":\"ReadAction\",\"target\":[\"https:\\\/\\\/radiolitoral.com\\\/2025\\\/06\\\/rosana-caselles-invito-a-todos-a-que-vengan-a-visitarnos-a-sumergirse-en-la-fiesta-de-moros-y-cristianos-y-que-disfruten-tanto-como-nosotros\\\/\"]}]},{\"@type\":\"ImageObject\",\"inLanguage\":\"ca\",\"@id\":\"https:\\\/\\\/radiolitoral.com\\\/2025\\\/06\\\/rosana-caselles-invito-a-todos-a-que-vengan-a-visitarnos-a-sumergirse-en-la-fiesta-de-moros-y-cristianos-y-que-disfruten-tanto-como-nosotros\\\/#primaryimage\",\"url\":\"https:\\\/\\\/media.radiolitoral.com\\\/wp-content\\\/uploads\\\/2025\\\/06\\\/05103914\\\/Rosana-y-Claudia-Primer-Cafe.jpg\",\"contentUrl\":\"https:\\\/\\\/media.radiolitoral.com\\\/wp-content\\\/uploads\\\/2025\\\/06\\\/05103914\\\/Rosana-y-Claudia-Primer-Cafe.jpg\",\"width\":2000,\"height\":1500},{\"@type\":\"BreadcrumbList\",\"@id\":\"https:\\\/\\\/radiolitoral.com\\\/2025\\\/06\\\/rosana-caselles-invito-a-todos-a-que-vengan-a-visitarnos-a-sumergirse-en-la-fiesta-de-moros-y-cristianos-y-que-disfruten-tanto-como-nosotros\\\/#breadcrumb\",\"itemListElement\":[{\"@type\":\"ListItem\",\"position\":1,\"name\":\"Portada\",\"item\":\"https:\\\/\\\/radiolitoral.com\\\/\"},{\"@type\":\"ListItem\",\"position\":2,\"name\":\"Rosana Caselles: \u201cInvito a todos a que vengan a visitarnos, a sumergirse en la fiesta de Moros y Cristianos, y que disfruten tanto como nosotros\u201d\"}]},{\"@type\":\"WebSite\",\"@id\":\"https:\\\/\\\/radiolitoral.com\\\/#website\",\"url\":\"https:\\\/\\\/radiolitoral.com\\\/\",\"name\":\"Radio Litoral\",\"description\":\"La radio local de la Marina Alta\",\"publisher\":{\"@id\":\"https:\\\/\\\/radiolitoral.com\\\/#organization\"},\"alternateName\":\"Litoral FM\",\"potentialAction\":[{\"@type\":\"SearchAction\",\"target\":{\"@type\":\"EntryPoint\",\"urlTemplate\":\"https:\\\/\\\/radiolitoral.com\\\/?s={search_term_string}\"},\"query-input\":{\"@type\":\"PropertyValueSpecification\",\"valueRequired\":true,\"valueName\":\"search_term_string\"}}],\"inLanguage\":\"ca\"},{\"@type\":\"Organization\",\"@id\":\"https:\\\/\\\/radiolitoral.com\\\/#organization\",\"name\":\"Radio Litoral\",\"url\":\"https:\\\/\\\/radiolitoral.com\\\/\",\"logo\":{\"@type\":\"ImageObject\",\"inLanguage\":\"ca\",\"@id\":\"https:\\\/\\\/radiolitoral.com\\\/#\\\/schema\\\/logo\\\/image\\\/\",\"url\":\"https:\\\/\\\/media.radiolitoral.com\\\/wp-content\\\/uploads\\\/2023\\\/02\\\/24143238\\\/CL-V-RadioLitoral696.png\",\"contentUrl\":\"https:\\\/\\\/media.radiolitoral.com\\\/wp-content\\\/uploads\\\/2023\\\/02\\\/24143238\\\/CL-V-RadioLitoral696.png\",\"width\":696,\"height\":696,\"caption\":\"Radio Litoral\"},\"image\":{\"@id\":\"https:\\\/\\\/radiolitoral.com\\\/#\\\/schema\\\/logo\\\/image\\\/\"},\"sameAs\":[\"https:\\\/\\\/www.facebook.com\\\/Laradiolitoral\\\/\"]},{\"@type\":\"Person\",\"@id\":\"https:\\\/\\\/radiolitoral.com\\\/#\\\/schema\\\/person\\\/f2b2343c49b5d721857cc1002bfdb151\",\"name\":\"Redacci\u00f3n\",\"image\":{\"@type\":\"ImageObject\",\"inLanguage\":\"ca\",\"@id\":\"https:\\\/\\\/secure.gravatar.com\\\/avatar\\\/f771d896c203ad8b3382d7905cfcce5a5c9b008b84b3cd9114e9b9f4cb63f789?s=96&d=mm&r=g\",\"url\":\"https:\\\/\\\/secure.gravatar.com\\\/avatar\\\/f771d896c203ad8b3382d7905cfcce5a5c9b008b84b3cd9114e9b9f4cb63f789?s=96&d=mm&r=g\",\"contentUrl\":\"https:\\\/\\\/secure.gravatar.com\\\/avatar\\\/f771d896c203ad8b3382d7905cfcce5a5c9b008b84b3cd9114e9b9f4cb63f789?s=96&d=mm&r=g\",\"caption\":\"Redacci\u00f3n\"},\"url\":\"https:\\\/\\\/radiolitoral.com\\\/ca\\\/author\\\/miriam-pagan\\\/\"}]}<\/script>\n<!-- \/ Yoast SEO plugin. -->","yoast_head_json":{"title":"Rosana Caselles: \u201cInvito a tots que vinguin a visitar-nos, a submergir-se a la festa de Moros i Cristians, i que gaudeixin tant com nosaltres\u201d | R\u00e0dio Litoral","description":"Moraira es vesteix de mora i cristiana del 4 al 15 de juny, amb un programa ple de m\u00fasica, p\u00f3lvora i tradici\u00f3","robots":{"index":"index","follow":"follow","max-snippet":"max-snippet:-1","max-image-preview":"max-image-preview:large","max-video-preview":"max-video-preview:-1"},"canonical":"https:\/\/radiolitoral.com\/ca\/2025\/06\/rosana-caselles-convido-a-tots-que-vinguin-a-visitar-nos-a-submergir-se-a-la-festa-de-moros-i-cristians-i-que-gaudeixin-tant-com-nosaltres\/","og_locale":"ca_ES","og_type":"article","og_title":"Rosana Caselles: \u201cInvito a todos a que vengan a visitarnos, a sumergirse en la fiesta de Moros y Cristianos, y que disfruten tanto como nosotros\u201d | R\u00e0dio Litoral","og_description":"Moraira se viste de mora y cristiana del 4 al 15 de junio, con un programa lleno de m\u00fasica, p\u00f3lvora y tradici\u00f3n","og_url":"https:\/\/radiolitoral.com\/ca\/2025\/06\/rosana-caselles-convido-a-tots-que-vinguin-a-visitar-nos-a-submergir-se-a-la-festa-de-moros-i-cristians-i-que-gaudeixin-tant-com-nosaltres\/","og_site_name":"R\u00e0dio Litoral","article_publisher":"https:\/\/www.facebook.com\/Laradiolitoral\/","article_published_time":"2025-06-05T08:42:23+00:00","og_image":[{"width":2000,"height":1500,"url":"https:\/\/media.radiolitoral.com\/wp-content\/uploads\/2025\/06\/05103914\/Rosana-y-Claudia-Primer-Cafe.jpg","type":"image\/jpeg"}],"author":"Redacci\u00f3n","twitter_card":"summary_large_image","twitter_misc":{"Escrit per":"Redacci\u00f3n","Temps estimat de lectura":"2 minuts"},"schema":{"@context":"https:\/\/schema.org","@graph":[{"@type":"NewsArticle","@id":"https:\/\/radiolitoral.com\/2025\/06\/rosana-caselles-invito-a-todos-a-que-vengan-a-visitarnos-a-sumergirse-en-la-fiesta-de-moros-y-cristianos-y-que-disfruten-tanto-como-nosotros\/#article","isPartOf":{"@id":"https:\/\/radiolitoral.com\/2025\/06\/rosana-caselles-invito-a-todos-a-que-vengan-a-visitarnos-a-sumergirse-en-la-fiesta-de-moros-y-cristianos-y-que-disfruten-tanto-como-nosotros\/"},"author":{"name":"Redacci\u00f3n","@id":"https:\/\/radiolitoral.com\/#\/schema\/person\/f2b2343c49b5d721857cc1002bfdb151"},"headline":"Rosana Caselles: \u201cInvito a todos a que vengan a visitarnos, a sumergirse en la fiesta de Moros y Cristianos, y que disfruten tanto como nosotros\u201d","datePublished":"2025-06-05T08:42:23+00:00","mainEntityOfPage":{"@id":"https:\/\/radiolitoral.com\/2025\/06\/rosana-caselles-invito-a-todos-a-que-vengan-a-visitarnos-a-sumergirse-en-la-fiesta-de-moros-y-cristianos-y-que-disfruten-tanto-como-nosotros\/"},"wordCount":391,"commentCount":0,"publisher":{"@id":"https:\/\/radiolitoral.com\/#organization"},"image":{"@id":"https:\/\/radiolitoral.com\/2025\/06\/rosana-caselles-invito-a-todos-a-que-vengan-a-visitarnos-a-sumergirse-en-la-fiesta-de-moros-y-cristianos-y-que-disfruten-tanto-como-nosotros\/#primaryimage"},"thumbnailUrl":"https:\/\/media.radiolitoral.com\/wp-content\/uploads\/2025\/06\/05103914\/Rosana-y-Claudia-Primer-Cafe.jpg","keywords":["Claudia Damiano","Fiestas Moros y Cristianos","Junta Central de MMyCC Moraira","Moraira","Primer Caf\u00e9","Rosana Caselles"],"articleSection":["Entrevistas","Fiestas"],"inLanguage":"ca","potentialAction":[{"@type":"CommentAction","name":"Comment","target":["https:\/\/radiolitoral.com\/2025\/06\/rosana-caselles-invito-a-todos-a-que-vengan-a-visitarnos-a-sumergirse-en-la-fiesta-de-moros-y-cristianos-y-que-disfruten-tanto-como-nosotros\/#respond"]}]},{"@type":["WebPage","ItemPage"],"@id":"https:\/\/radiolitoral.com\/2025\/06\/rosana-caselles-invito-a-todos-a-que-vengan-a-visitarnos-a-sumergirse-en-la-fiesta-de-moros-y-cristianos-y-que-disfruten-tanto-como-nosotros\/","url":"https:\/\/radiolitoral.com\/2025\/06\/rosana-caselles-invito-a-todos-a-que-vengan-a-visitarnos-a-sumergirse-en-la-fiesta-de-moros-y-cristianos-y-que-disfruten-tanto-como-nosotros\/","name":"Rosana Caselles: \u201cInvito a tots que vinguin a visitar-nos, a submergir-se a la festa de Moros i Cristians, i que gaudeixin tant com nosaltres\u201d | R\u00e0dio Litoral","isPartOf":{"@id":"https:\/\/radiolitoral.com\/#website"},"primaryImageOfPage":{"@id":"https:\/\/radiolitoral.com\/2025\/06\/rosana-caselles-invito-a-todos-a-que-vengan-a-visitarnos-a-sumergirse-en-la-fiesta-de-moros-y-cristianos-y-que-disfruten-tanto-como-nosotros\/#primaryimage"},"image":{"@id":"https:\/\/radiolitoral.com\/2025\/06\/rosana-caselles-invito-a-todos-a-que-vengan-a-visitarnos-a-sumergirse-en-la-fiesta-de-moros-y-cristianos-y-que-disfruten-tanto-como-nosotros\/#primaryimage"},"thumbnailUrl":"https:\/\/media.radiolitoral.com\/wp-content\/uploads\/2025\/06\/05103914\/Rosana-y-Claudia-Primer-Cafe.jpg","datePublished":"2025-06-05T08:42:23+00:00","description":"Moraira es vesteix de mora i cristiana del 4 al 15 de juny, amb un programa ple de m\u00fasica, p\u00f3lvora i tradici\u00f3","breadcrumb":{"@id":"https:\/\/radiolitoral.com\/2025\/06\/rosana-caselles-invito-a-todos-a-que-vengan-a-visitarnos-a-sumergirse-en-la-fiesta-de-moros-y-cristianos-y-que-disfruten-tanto-como-nosotros\/#breadcrumb"},"inLanguage":"ca","potentialAction":[{"@type":"ReadAction","target":["https:\/\/radiolitoral.com\/2025\/06\/rosana-caselles-invito-a-todos-a-que-vengan-a-visitarnos-a-sumergirse-en-la-fiesta-de-moros-y-cristianos-y-que-disfruten-tanto-como-nosotros\/"]}]},{"@type":"ImageObject","inLanguage":"ca","@id":"https:\/\/radiolitoral.com\/2025\/06\/rosana-caselles-invito-a-todos-a-que-vengan-a-visitarnos-a-sumergirse-en-la-fiesta-de-moros-y-cristianos-y-que-disfruten-tanto-como-nosotros\/#primaryimage","url":"https:\/\/media.radiolitoral.com\/wp-content\/uploads\/2025\/06\/05103914\/Rosana-y-Claudia-Primer-Cafe.jpg","contentUrl":"https:\/\/media.radiolitoral.com\/wp-content\/uploads\/2025\/06\/05103914\/Rosana-y-Claudia-Primer-Cafe.jpg","width":2000,"height":1500},{"@type":"BreadcrumbList","@id":"https:\/\/radiolitoral.com\/2025\/06\/rosana-caselles-invito-a-todos-a-que-vengan-a-visitarnos-a-sumergirse-en-la-fiesta-de-moros-y-cristianos-y-que-disfruten-tanto-como-nosotros\/#breadcrumb","itemListElement":[{"@type":"ListItem","position":1,"name":"Portada","item":"https:\/\/radiolitoral.com\/"},{"@type":"ListItem","position":2,"name":"Rosana Caselles: \u201cInvito a todos a que vengan a visitarnos, a sumergirse en la fiesta de Moros y Cristianos, y que disfruten tanto como nosotros\u201d"}]},{"@type":"WebSite","@id":"https:\/\/radiolitoral.com\/#website","url":"https:\/\/radiolitoral.com\/","name":"R\u00e0dio Litoral","description":"La r\u00e0dio local de la Marina Alta","publisher":{"@id":"https:\/\/radiolitoral.com\/#organization"},"alternateName":"Litoral FM","potentialAction":[{"@type":"SearchAction","target":{"@type":"EntryPoint","urlTemplate":"https:\/\/radiolitoral.com\/?s={search_term_string}"},"query-input":{"@type":"PropertyValueSpecification","valueRequired":true,"valueName":"search_term_string"}}],"inLanguage":"ca"},{"@type":"Organization","@id":"https:\/\/radiolitoral.com\/#organization","name":"R\u00e0dio Litoral","url":"https:\/\/radiolitoral.com\/","logo":{"@type":"ImageObject","inLanguage":"ca","@id":"https:\/\/radiolitoral.com\/#\/schema\/logo\/image\/","url":"https:\/\/media.radiolitoral.com\/wp-content\/uploads\/2023\/02\/24143238\/CL-V-RadioLitoral696.png","contentUrl":"https:\/\/media.radiolitoral.com\/wp-content\/uploads\/2023\/02\/24143238\/CL-V-RadioLitoral696.png","width":696,"height":696,"caption":"Radio Litoral"},"image":{"@id":"https:\/\/radiolitoral.com\/#\/schema\/logo\/image\/"},"sameAs":["https:\/\/www.facebook.com\/Laradiolitoral\/"]},{"@type":"Person","@id":"https:\/\/radiolitoral.com\/#\/schema\/person\/f2b2343c49b5d721857cc1002bfdb151","name":"Redacci\u00f3","image":{"@type":"ImageObject","inLanguage":"ca","@id":"https:\/\/secure.gravatar.com\/avatar\/f771d896c203ad8b3382d7905cfcce5a5c9b008b84b3cd9114e9b9f4cb63f789?s=96&d=mm&r=g","url":"https:\/\/secure.gravatar.com\/avatar\/f771d896c203ad8b3382d7905cfcce5a5c9b008b84b3cd9114e9b9f4cb63f789?s=96&d=mm&r=g","contentUrl":"https:\/\/secure.gravatar.com\/avatar\/f771d896c203ad8b3382d7905cfcce5a5c9b008b84b3cd9114e9b9f4cb63f789?s=96&d=mm&r=g","caption":"Redacci\u00f3n"},"url":"https:\/\/radiolitoral.com\/ca\/author\/miriam-pagan\/"}]}},"_links":{"self":[{"href":"https:\/\/radiolitoral.com\/ca\/wp-json\/wp\/v2\/posts\/17117","targetHints":{"allow":["GET"]}}],"collection":[{"href":"https:\/\/radiolitoral.com\/ca\/wp-json\/wp\/v2\/posts"}],"about":[{"href":"https:\/\/radiolitoral.com\/ca\/wp-json\/wp\/v2\/types\/post"}],"author":[{"embeddable":true,"href":"https:\/\/radiolitoral.com\/ca\/wp-json\/wp\/v2\/users\/13"}],"replies":[{"embeddable":true,"href":"https:\/\/radiolitoral.com\/ca\/wp-json\/wp\/v2\/comments?post=17117"}],"version-history":[{"count":3,"href":"https:\/\/radiolitoral.com\/ca\/wp-json\/wp\/v2\/posts\/17117\/revisions"}],"predecessor-version":[{"id":17122,"href":"https:\/\/radiolitoral.com\/ca\/wp-json\/wp\/v2\/posts\/17117\/revisions\/17122"}],"wp:featuredmedia":[{"embeddable":true,"href":"https:\/\/radiolitoral.com\/ca\/wp-json\/wp\/v2\/media\/17119"}],"wp:attachment":[{"href":"https:\/\/radiolitoral.com\/ca\/wp-json\/wp\/v2\/media?parent=17117"}],"wp:term":[{"taxonomy":"category","embeddable":true,"href":"https:\/\/radiolitoral.com\/ca\/wp-json\/wp\/v2\/categories?post=17117"},{"taxonomy":"post_tag","embeddable":true,"href":"https:\/\/radiolitoral.com\/ca\/wp-json\/wp\/v2\/tags?post=17117"}],"curies":[{"name":"wp","href":"https:\/\/api.w.org\/{rel}","templated":true}]}}