{"id":17096,"date":"2025-06-04T10:48:49","date_gmt":"2025-06-04T08:48:49","guid":{"rendered":"https:\/\/radiolitoral.com\/?p=17096"},"modified":"2025-06-04T10:52:42","modified_gmt":"2025-06-04T08:52:42","slug":"eladio-martin-la-moscatell-representa-com-cap-altre-producte-lanima-de-la-marina-alta-el-seu-exotisme-el-seu-paisatge-la-seva-influencia-marinera","status":"publish","type":"post","link":"https:\/\/radiolitoral.com\/ca\/2025\/06\/eladio-martin-la-moscatel-representa-como-ningun-otro-producto-el-alma-de-la-marina-alta-su-exotismo-su-paisaje-su-influencia-marinera\/","title":{"rendered":"Eladio Mart\u00edn: \u201cLa moscatell representa com cap altre producte l&#039;\u00e0nima de la Marina Alta, el seu exotisme, el seu paisatge,\u2026\u201d"},"content":{"rendered":"<p>Al <strong>Primer Caf\u00e8<\/strong> de <strong>R\u00e0dio Litoral<\/strong> ens hem sumat a la celebraci\u00f3 organitzada pel <strong>Consell Regulador de la Denominaci\u00f3 d&#039;Origen Protegida Alacant<\/strong> amb motiu del <strong>Dia de la Moscatell<\/strong>, marcat al calendari cada 16 de juny. Una commemoraci\u00f3 que s&#039;est\u00e9n al llarg de tot aquest mes, amb tasts programats els dissabtes 7, 14 i 21, localitzats a diferents punts de la <strong>Marina Alta<\/strong>. <strong>D\u00e9nia<\/strong>, la Casa dels Andr\u00e9s i Pere Bigot a <strong>Benissa<\/strong> i la Casa Nova a <strong>Calp<\/strong>, s\u00f3n els escenaris triats. Per saber-ne m\u00e9s, i no perdre&#039;ns ni un detall d&#039;aquesta proposta, aquest mat\u00ed ens ha acompanyat al nostre estudi de directe, <strong>Eladio Mart\u00edn, gerent de la DO Vins d&#039;Alacant.\u00a0<\/strong><\/p>\n<p>El nostre convidat ha remarcat que amb aquesta celebraci\u00f3 es pret\u00e9n posar en valor la nostra vinya, destacant que el ra\u00efm moscatell \u00e9s una varietat caracter\u00edstica del mediterrani, identitari de la Marina Alta.<\/p>\n<p>Amb aquest objectiu s\u201fha dissenyat un programa d\u201factivitats que uneix el patrimoni agr\u00edcola i mediambiental de la Marina Alta amb el llegat arquitect\u00f2nic i cultural de la nostra comarca. Les activitats previstes arrenquen aquest dissabte 7 de juny al Castell de D\u00e9nia amb una visita guiada a les seves instal\u00b7lacions, museus i llegat patrimonial i un tast posterior de moscatells. El dissabte seg\u00fcent, 14 de juny, Benissa ser\u00e0 el punt de trobada. S&#039;ha planificat una visita guiada pel centre hist\u00f2ric que portar\u00e0 els participants fins a la Casa dels Andreu i Pere Bigot, actual Seu Universit\u00e0ria La Marina, on es tastaran els vins de moscatell maridats amb embotit local. I tancant la programaci\u00f3, s&#039;ha previst una ruta pel nucli hist\u00f2ric de Calp i un tast que prengu\u00e9s com a escenari la Casa Nova, una edificaci\u00f3 singular actualment tamb\u00e9 seu universit\u00e0ria.<\/p>\n<p>Els interessats a participar-hi han de registrar-se a trav\u00e9s de la web vins Alacant DOP. Si voleu saber-ne m\u00e9s, tamb\u00e9 podeu tornar a escoltar l&#039;entrevista completa aqu\u00ed.<\/p>\n<audio class=\"wp-audio-shortcode\" id=\"audio-17096-1\" preload=\"none\" style=\"width: 100%;\" controls=\"controls\"><source type=\"audio\/mpeg\" src=\"https:\/\/media.radiolitoral.com\/wp-content\/uploads\/2025\/06\/04104351\/Primer-Cafe-Dia-Moscatel.mp3?_=1\" \/><a href=\"https:\/\/media.radiolitoral.com\/wp-content\/uploads\/2025\/06\/04104351\/Primer-Cafe-Dia-Moscatel.mp3\">https:\/\/media.radiolitoral.com\/wp-content\/uploads\/2025\/06\/04104351\/Primer-Cafe-Dia-Moscatel.mp3<\/a><\/audio>","protected":false},"excerpt":{"rendered":"<p>En el Primer Caf\u00e9 de Radio Litoral nos hemos sumado a la celebraci\u00f3n organizada por el Consejo Regulador de la Denominaci\u00f3n de Origen Protegida Alicante con motivo del D\u00eda de la Moscatel, marcado en el calendario cada 16 de junio. Una conmemoraci\u00f3n que se extiende a lo largo de todo este mes, con catas programadas [&#8230;]<\/p>\n<p><a class=\"btn btn-secondary understrap-read-more-link\" href=\"https:\/\/radiolitoral.com\/ca\/2025\/06\/eladio-martin-la-moscatel-representa-como-ningun-otro-producto-el-alma-de-la-marina-alta-su-exotismo-su-paisaje-su-influencia-marinera\/\">Continua llegint&#8230;<span class=\"screen-reader-text\"> from Eladio Mart\u00edn: \u201cLa moscatel representa como ning\u00fan otro producto el alma de la Marina Alta, su exotismo, su paisaje,\u2026\u201d<\/span><\/a><\/p>\n","protected":false},"author":13,"featured_media":17098,"comment_status":"open","ping_status":"closed","sticky":false,"template":"","format":"standard","meta":{"_acf_changed":false,"inline_featured_image":false,"footnotes":""},"categories":[55,2753,144],"tags":[268,4450,778,4451,4452,310,2312,780],"class_list":["post-17096","post","type-post","status-publish","format-standard","has-post-thumbnail","hentry","category-cultura","category-entrevistas","category-turismo","tag-agricultura","tag-catas-de-vino","tag-dia-del-moscatell","tag-do-alicante","tag-eladio-martin","tag-moscatell","tag-primer-cafe","tag-visitas-guiadas","cobertura-benissa","cobertura-calp","cobertura-denia","cobertura-marina-alta"],"acf":[],"yoast_head":"<!-- This site is optimized with the Yoast SEO plugin v27.5 - https:\/\/yoast.com\/product\/yoast-seo-wordpress\/ -->\n<title>Eladio Mart\u00edn: \u201cLa moscatel representa como ning\u00fan otro producto el alma de la Marina Alta, su exotismo, su paisaje,\u2026\u201d | R\u00e0dio Litoral<\/title>\n<meta name=\"description\" content=\"La DO de Alicante organiza catas y visitas guiadas en D\u00e9nia, Benissa y Calp con motivo del D\u00eda del Moscatel 2025\" \/>\n<meta name=\"robots\" content=\"index, follow, max-snippet:-1, max-image-preview:large, max-video-preview:-1\" \/>\n<link rel=\"canonical\" href=\"https:\/\/radiolitoral.com\/ca\/2025\/06\/eladio-martin-la-moscatell-representa-com-cap-altre-producte-lanima-de-la-marina-alta-el-seu-exotisme-el-seu-paisatge-la-seva-influencia-marinera\/\" \/>\n<meta property=\"og:locale\" content=\"ca_ES\" \/>\n<meta property=\"og:type\" content=\"article\" \/>\n<meta property=\"og:title\" content=\"Eladio Mart\u00edn: \u201cLa moscatel representa como ning\u00fan otro producto el alma de la Marina Alta, su exotismo, su paisaje,\u2026\u201d | R\u00e0dio Litoral\" \/>\n<meta property=\"og:description\" content=\"La DO de Alicante organiza catas y visitas guiadas en D\u00e9nia, Benissa y Calp con motivo del D\u00eda del Moscatel 2025\" \/>\n<meta property=\"og:url\" content=\"https:\/\/radiolitoral.com\/ca\/2025\/06\/eladio-martin-la-moscatell-representa-com-cap-altre-producte-lanima-de-la-marina-alta-el-seu-exotisme-el-seu-paisatge-la-seva-influencia-marinera\/\" \/>\n<meta property=\"og:site_name\" content=\"R\u00e0dio Litoral\" \/>\n<meta property=\"article:publisher\" content=\"https:\/\/www.facebook.com\/Laradiolitoral\/\" \/>\n<meta property=\"article:published_time\" content=\"2025-06-04T08:48:49+00:00\" \/>\n<meta property=\"article:modified_time\" content=\"2025-06-04T08:52:42+00:00\" \/>\n<meta property=\"og:image\" content=\"https:\/\/media.radiolitoral.com\/wp-content\/uploads\/2025\/06\/04104459\/Eladio-Martin-Primer-Cafe.jpg\" \/>\n\t<meta property=\"og:image:width\" content=\"2000\" \/>\n\t<meta property=\"og:image:height\" content=\"1500\" \/>\n\t<meta property=\"og:image:type\" content=\"image\/jpeg\" \/>\n<meta name=\"author\" content=\"Redacci\u00f3n\" \/>\n<meta name=\"twitter:card\" content=\"summary_large_image\" \/>\n<meta name=\"twitter:label1\" content=\"Escrit per\" \/>\n\t<meta name=\"twitter:data1\" content=\"Redacci\u00f3n\" \/>\n\t<meta name=\"twitter:label2\" content=\"Temps estimat de lectura\" \/>\n\t<meta name=\"twitter:data2\" content=\"2 minuts\" \/>\n<script type=\"application\/ld+json\" class=\"yoast-schema-graph\">{\"@context\":\"https:\\\/\\\/schema.org\",\"@graph\":[{\"@type\":\"NewsArticle\",\"@id\":\"https:\\\/\\\/radiolitoral.com\\\/2025\\\/06\\\/eladio-martin-la-moscatel-representa-como-ningun-otro-producto-el-alma-de-la-marina-alta-su-exotismo-su-paisaje-su-influencia-marinera\\\/#article\",\"isPartOf\":{\"@id\":\"https:\\\/\\\/radiolitoral.com\\\/2025\\\/06\\\/eladio-martin-la-moscatel-representa-como-ningun-otro-producto-el-alma-de-la-marina-alta-su-exotismo-su-paisaje-su-influencia-marinera\\\/\"},\"author\":{\"name\":\"Redacci\u00f3n\",\"@id\":\"https:\\\/\\\/radiolitoral.com\\\/#\\\/schema\\\/person\\\/f2b2343c49b5d721857cc1002bfdb151\"},\"headline\":\"Eladio Mart\u00edn: \u201cLa moscatel representa como ning\u00fan otro producto el alma de la Marina Alta, su exotismo, su paisaje,\u2026\u201d\",\"datePublished\":\"2025-06-04T08:48:49+00:00\",\"dateModified\":\"2025-06-04T08:52:42+00:00\",\"mainEntityOfPage\":{\"@id\":\"https:\\\/\\\/radiolitoral.com\\\/2025\\\/06\\\/eladio-martin-la-moscatel-representa-como-ningun-otro-producto-el-alma-de-la-marina-alta-su-exotismo-su-paisaje-su-influencia-marinera\\\/\"},\"wordCount\":385,\"commentCount\":0,\"publisher\":{\"@id\":\"https:\\\/\\\/radiolitoral.com\\\/#organization\"},\"image\":{\"@id\":\"https:\\\/\\\/radiolitoral.com\\\/2025\\\/06\\\/eladio-martin-la-moscatel-representa-como-ningun-otro-producto-el-alma-de-la-marina-alta-su-exotismo-su-paisaje-su-influencia-marinera\\\/#primaryimage\"},\"thumbnailUrl\":\"https:\\\/\\\/media.radiolitoral.com\\\/wp-content\\\/uploads\\\/2025\\\/06\\\/04104459\\\/Eladio-Martin-Primer-Cafe.jpg\",\"keywords\":[\"agricultura\",\"Catas de vino\",\"D\u00eda del Moscatell\",\"DO Alicante\",\"Eladio Mart\u00edn\",\"moscatell\",\"Primer Caf\u00e9\",\"visitas guiadas\"],\"articleSection\":[\"Cultura\",\"Entrevistas\",\"Turismo\"],\"inLanguage\":\"ca\",\"potentialAction\":[{\"@type\":\"CommentAction\",\"name\":\"Comment\",\"target\":[\"https:\\\/\\\/radiolitoral.com\\\/2025\\\/06\\\/eladio-martin-la-moscatel-representa-como-ningun-otro-producto-el-alma-de-la-marina-alta-su-exotismo-su-paisaje-su-influencia-marinera\\\/#respond\"]}]},{\"@type\":[\"WebPage\",\"ItemPage\"],\"@id\":\"https:\\\/\\\/radiolitoral.com\\\/2025\\\/06\\\/eladio-martin-la-moscatel-representa-como-ningun-otro-producto-el-alma-de-la-marina-alta-su-exotismo-su-paisaje-su-influencia-marinera\\\/\",\"url\":\"https:\\\/\\\/radiolitoral.com\\\/2025\\\/06\\\/eladio-martin-la-moscatel-representa-como-ningun-otro-producto-el-alma-de-la-marina-alta-su-exotismo-su-paisaje-su-influencia-marinera\\\/\",\"name\":\"Eladio Mart\u00edn: \u201cLa moscatel representa como ning\u00fan otro producto el alma de la Marina Alta, su exotismo, su paisaje,\u2026\u201d | R\u00e0dio Litoral\",\"isPartOf\":{\"@id\":\"https:\\\/\\\/radiolitoral.com\\\/#website\"},\"primaryImageOfPage\":{\"@id\":\"https:\\\/\\\/radiolitoral.com\\\/2025\\\/06\\\/eladio-martin-la-moscatel-representa-como-ningun-otro-producto-el-alma-de-la-marina-alta-su-exotismo-su-paisaje-su-influencia-marinera\\\/#primaryimage\"},\"image\":{\"@id\":\"https:\\\/\\\/radiolitoral.com\\\/2025\\\/06\\\/eladio-martin-la-moscatel-representa-como-ningun-otro-producto-el-alma-de-la-marina-alta-su-exotismo-su-paisaje-su-influencia-marinera\\\/#primaryimage\"},\"thumbnailUrl\":\"https:\\\/\\\/media.radiolitoral.com\\\/wp-content\\\/uploads\\\/2025\\\/06\\\/04104459\\\/Eladio-Martin-Primer-Cafe.jpg\",\"datePublished\":\"2025-06-04T08:48:49+00:00\",\"dateModified\":\"2025-06-04T08:52:42+00:00\",\"description\":\"La DO de Alicante organiza catas y visitas guiadas en D\u00e9nia, Benissa y Calp con motivo del D\u00eda del Moscatel 2025\",\"breadcrumb\":{\"@id\":\"https:\\\/\\\/radiolitoral.com\\\/2025\\\/06\\\/eladio-martin-la-moscatel-representa-como-ningun-otro-producto-el-alma-de-la-marina-alta-su-exotismo-su-paisaje-su-influencia-marinera\\\/#breadcrumb\"},\"inLanguage\":\"ca\",\"potentialAction\":[{\"@type\":\"ReadAction\",\"target\":[\"https:\\\/\\\/radiolitoral.com\\\/2025\\\/06\\\/eladio-martin-la-moscatel-representa-como-ningun-otro-producto-el-alma-de-la-marina-alta-su-exotismo-su-paisaje-su-influencia-marinera\\\/\"]}]},{\"@type\":\"ImageObject\",\"inLanguage\":\"ca\",\"@id\":\"https:\\\/\\\/radiolitoral.com\\\/2025\\\/06\\\/eladio-martin-la-moscatel-representa-como-ningun-otro-producto-el-alma-de-la-marina-alta-su-exotismo-su-paisaje-su-influencia-marinera\\\/#primaryimage\",\"url\":\"https:\\\/\\\/media.radiolitoral.com\\\/wp-content\\\/uploads\\\/2025\\\/06\\\/04104459\\\/Eladio-Martin-Primer-Cafe.jpg\",\"contentUrl\":\"https:\\\/\\\/media.radiolitoral.com\\\/wp-content\\\/uploads\\\/2025\\\/06\\\/04104459\\\/Eladio-Martin-Primer-Cafe.jpg\",\"width\":2000,\"height\":1500},{\"@type\":\"BreadcrumbList\",\"@id\":\"https:\\\/\\\/radiolitoral.com\\\/2025\\\/06\\\/eladio-martin-la-moscatel-representa-como-ningun-otro-producto-el-alma-de-la-marina-alta-su-exotismo-su-paisaje-su-influencia-marinera\\\/#breadcrumb\",\"itemListElement\":[{\"@type\":\"ListItem\",\"position\":1,\"name\":\"Portada\",\"item\":\"https:\\\/\\\/radiolitoral.com\\\/\"},{\"@type\":\"ListItem\",\"position\":2,\"name\":\"Eladio Mart\u00edn: \u201cLa moscatel representa como ning\u00fan otro producto el alma de la Marina Alta, su exotismo, su paisaje,\u2026\u201d\"}]},{\"@type\":\"WebSite\",\"@id\":\"https:\\\/\\\/radiolitoral.com\\\/#website\",\"url\":\"https:\\\/\\\/radiolitoral.com\\\/\",\"name\":\"Radio Litoral\",\"description\":\"La radio local de la Marina Alta\",\"publisher\":{\"@id\":\"https:\\\/\\\/radiolitoral.com\\\/#organization\"},\"alternateName\":\"Litoral FM\",\"potentialAction\":[{\"@type\":\"SearchAction\",\"target\":{\"@type\":\"EntryPoint\",\"urlTemplate\":\"https:\\\/\\\/radiolitoral.com\\\/?s={search_term_string}\"},\"query-input\":{\"@type\":\"PropertyValueSpecification\",\"valueRequired\":true,\"valueName\":\"search_term_string\"}}],\"inLanguage\":\"ca\"},{\"@type\":\"Organization\",\"@id\":\"https:\\\/\\\/radiolitoral.com\\\/#organization\",\"name\":\"Radio Litoral\",\"url\":\"https:\\\/\\\/radiolitoral.com\\\/\",\"logo\":{\"@type\":\"ImageObject\",\"inLanguage\":\"ca\",\"@id\":\"https:\\\/\\\/radiolitoral.com\\\/#\\\/schema\\\/logo\\\/image\\\/\",\"url\":\"https:\\\/\\\/media.radiolitoral.com\\\/wp-content\\\/uploads\\\/2023\\\/02\\\/24143238\\\/CL-V-RadioLitoral696.png\",\"contentUrl\":\"https:\\\/\\\/media.radiolitoral.com\\\/wp-content\\\/uploads\\\/2023\\\/02\\\/24143238\\\/CL-V-RadioLitoral696.png\",\"width\":696,\"height\":696,\"caption\":\"Radio Litoral\"},\"image\":{\"@id\":\"https:\\\/\\\/radiolitoral.com\\\/#\\\/schema\\\/logo\\\/image\\\/\"},\"sameAs\":[\"https:\\\/\\\/www.facebook.com\\\/Laradiolitoral\\\/\"]},{\"@type\":\"Person\",\"@id\":\"https:\\\/\\\/radiolitoral.com\\\/#\\\/schema\\\/person\\\/f2b2343c49b5d721857cc1002bfdb151\",\"name\":\"Redacci\u00f3n\",\"image\":{\"@type\":\"ImageObject\",\"inLanguage\":\"ca\",\"@id\":\"https:\\\/\\\/secure.gravatar.com\\\/avatar\\\/f771d896c203ad8b3382d7905cfcce5a5c9b008b84b3cd9114e9b9f4cb63f789?s=96&d=mm&r=g\",\"url\":\"https:\\\/\\\/secure.gravatar.com\\\/avatar\\\/f771d896c203ad8b3382d7905cfcce5a5c9b008b84b3cd9114e9b9f4cb63f789?s=96&d=mm&r=g\",\"contentUrl\":\"https:\\\/\\\/secure.gravatar.com\\\/avatar\\\/f771d896c203ad8b3382d7905cfcce5a5c9b008b84b3cd9114e9b9f4cb63f789?s=96&d=mm&r=g\",\"caption\":\"Redacci\u00f3n\"},\"url\":\"https:\\\/\\\/radiolitoral.com\\\/ca\\\/author\\\/miriam-pagan\\\/\"}]}<\/script>\n<!-- \/ Yoast SEO plugin. -->","yoast_head_json":{"title":"Eladio Mart\u00edn: \u201cLa moscatell representa com cap altre producte l&#039;\u00e0nima de la Marina Alta, el seu exotisme, el paisatge,\u2026\u201d | R\u00e0dio Litoral","description":"La DO d&#039;Alacant organitza tasts i visites guiades a D\u00e9nia, Benissa i Calp amb motiu del Dia del Moscatell 2025","robots":{"index":"index","follow":"follow","max-snippet":"max-snippet:-1","max-image-preview":"max-image-preview:large","max-video-preview":"max-video-preview:-1"},"canonical":"https:\/\/radiolitoral.com\/ca\/2025\/06\/eladio-martin-la-moscatell-representa-com-cap-altre-producte-lanima-de-la-marina-alta-el-seu-exotisme-el-seu-paisatge-la-seva-influencia-marinera\/","og_locale":"ca_ES","og_type":"article","og_title":"Eladio Mart\u00edn: \u201cLa moscatel representa como ning\u00fan otro producto el alma de la Marina Alta, su exotismo, su paisaje,\u2026\u201d | R\u00e0dio Litoral","og_description":"La DO de Alicante organiza catas y visitas guiadas en D\u00e9nia, Benissa y Calp con motivo del D\u00eda del Moscatel 2025","og_url":"https:\/\/radiolitoral.com\/ca\/2025\/06\/eladio-martin-la-moscatell-representa-com-cap-altre-producte-lanima-de-la-marina-alta-el-seu-exotisme-el-seu-paisatge-la-seva-influencia-marinera\/","og_site_name":"R\u00e0dio Litoral","article_publisher":"https:\/\/www.facebook.com\/Laradiolitoral\/","article_published_time":"2025-06-04T08:48:49+00:00","article_modified_time":"2025-06-04T08:52:42+00:00","og_image":[{"width":2000,"height":1500,"url":"https:\/\/media.radiolitoral.com\/wp-content\/uploads\/2025\/06\/04104459\/Eladio-Martin-Primer-Cafe.jpg","type":"image\/jpeg"}],"author":"Redacci\u00f3n","twitter_card":"summary_large_image","twitter_misc":{"Escrit per":"Redacci\u00f3n","Temps estimat de lectura":"2 minuts"},"schema":{"@context":"https:\/\/schema.org","@graph":[{"@type":"NewsArticle","@id":"https:\/\/radiolitoral.com\/2025\/06\/eladio-martin-la-moscatel-representa-como-ningun-otro-producto-el-alma-de-la-marina-alta-su-exotismo-su-paisaje-su-influencia-marinera\/#article","isPartOf":{"@id":"https:\/\/radiolitoral.com\/2025\/06\/eladio-martin-la-moscatel-representa-como-ningun-otro-producto-el-alma-de-la-marina-alta-su-exotismo-su-paisaje-su-influencia-marinera\/"},"author":{"name":"Redacci\u00f3n","@id":"https:\/\/radiolitoral.com\/#\/schema\/person\/f2b2343c49b5d721857cc1002bfdb151"},"headline":"Eladio Mart\u00edn: \u201cLa moscatel representa como ning\u00fan otro producto el alma de la Marina Alta, su exotismo, su paisaje,\u2026\u201d","datePublished":"2025-06-04T08:48:49+00:00","dateModified":"2025-06-04T08:52:42+00:00","mainEntityOfPage":{"@id":"https:\/\/radiolitoral.com\/2025\/06\/eladio-martin-la-moscatel-representa-como-ningun-otro-producto-el-alma-de-la-marina-alta-su-exotismo-su-paisaje-su-influencia-marinera\/"},"wordCount":385,"commentCount":0,"publisher":{"@id":"https:\/\/radiolitoral.com\/#organization"},"image":{"@id":"https:\/\/radiolitoral.com\/2025\/06\/eladio-martin-la-moscatel-representa-como-ningun-otro-producto-el-alma-de-la-marina-alta-su-exotismo-su-paisaje-su-influencia-marinera\/#primaryimage"},"thumbnailUrl":"https:\/\/media.radiolitoral.com\/wp-content\/uploads\/2025\/06\/04104459\/Eladio-Martin-Primer-Cafe.jpg","keywords":["agricultura","Catas de vino","D\u00eda del Moscatell","DO Alicante","Eladio Mart\u00edn","moscatell","Primer Caf\u00e9","visitas guiadas"],"articleSection":["Cultura","Entrevistas","Turismo"],"inLanguage":"ca","potentialAction":[{"@type":"CommentAction","name":"Comment","target":["https:\/\/radiolitoral.com\/2025\/06\/eladio-martin-la-moscatel-representa-como-ningun-otro-producto-el-alma-de-la-marina-alta-su-exotismo-su-paisaje-su-influencia-marinera\/#respond"]}]},{"@type":["WebPage","ItemPage"],"@id":"https:\/\/radiolitoral.com\/2025\/06\/eladio-martin-la-moscatel-representa-como-ningun-otro-producto-el-alma-de-la-marina-alta-su-exotismo-su-paisaje-su-influencia-marinera\/","url":"https:\/\/radiolitoral.com\/2025\/06\/eladio-martin-la-moscatel-representa-como-ningun-otro-producto-el-alma-de-la-marina-alta-su-exotismo-su-paisaje-su-influencia-marinera\/","name":"Eladio Mart\u00edn: \u201cLa moscatell representa com cap altre producte l&#039;\u00e0nima de la Marina Alta, el seu exotisme, el paisatge,\u2026\u201d | R\u00e0dio Litoral","isPartOf":{"@id":"https:\/\/radiolitoral.com\/#website"},"primaryImageOfPage":{"@id":"https:\/\/radiolitoral.com\/2025\/06\/eladio-martin-la-moscatel-representa-como-ningun-otro-producto-el-alma-de-la-marina-alta-su-exotismo-su-paisaje-su-influencia-marinera\/#primaryimage"},"image":{"@id":"https:\/\/radiolitoral.com\/2025\/06\/eladio-martin-la-moscatel-representa-como-ningun-otro-producto-el-alma-de-la-marina-alta-su-exotismo-su-paisaje-su-influencia-marinera\/#primaryimage"},"thumbnailUrl":"https:\/\/media.radiolitoral.com\/wp-content\/uploads\/2025\/06\/04104459\/Eladio-Martin-Primer-Cafe.jpg","datePublished":"2025-06-04T08:48:49+00:00","dateModified":"2025-06-04T08:52:42+00:00","description":"La DO d&#039;Alacant organitza tasts i visites guiades a D\u00e9nia, Benissa i Calp amb motiu del Dia del Moscatell 2025","breadcrumb":{"@id":"https:\/\/radiolitoral.com\/2025\/06\/eladio-martin-la-moscatel-representa-como-ningun-otro-producto-el-alma-de-la-marina-alta-su-exotismo-su-paisaje-su-influencia-marinera\/#breadcrumb"},"inLanguage":"ca","potentialAction":[{"@type":"ReadAction","target":["https:\/\/radiolitoral.com\/2025\/06\/eladio-martin-la-moscatel-representa-como-ningun-otro-producto-el-alma-de-la-marina-alta-su-exotismo-su-paisaje-su-influencia-marinera\/"]}]},{"@type":"ImageObject","inLanguage":"ca","@id":"https:\/\/radiolitoral.com\/2025\/06\/eladio-martin-la-moscatel-representa-como-ningun-otro-producto-el-alma-de-la-marina-alta-su-exotismo-su-paisaje-su-influencia-marinera\/#primaryimage","url":"https:\/\/media.radiolitoral.com\/wp-content\/uploads\/2025\/06\/04104459\/Eladio-Martin-Primer-Cafe.jpg","contentUrl":"https:\/\/media.radiolitoral.com\/wp-content\/uploads\/2025\/06\/04104459\/Eladio-Martin-Primer-Cafe.jpg","width":2000,"height":1500},{"@type":"BreadcrumbList","@id":"https:\/\/radiolitoral.com\/2025\/06\/eladio-martin-la-moscatel-representa-como-ningun-otro-producto-el-alma-de-la-marina-alta-su-exotismo-su-paisaje-su-influencia-marinera\/#breadcrumb","itemListElement":[{"@type":"ListItem","position":1,"name":"Portada","item":"https:\/\/radiolitoral.com\/"},{"@type":"ListItem","position":2,"name":"Eladio Mart\u00edn: \u201cLa moscatel representa como ning\u00fan otro producto el alma de la Marina Alta, su exotismo, su paisaje,\u2026\u201d"}]},{"@type":"WebSite","@id":"https:\/\/radiolitoral.com\/#website","url":"https:\/\/radiolitoral.com\/","name":"R\u00e0dio Litoral","description":"La r\u00e0dio local de la Marina Alta","publisher":{"@id":"https:\/\/radiolitoral.com\/#organization"},"alternateName":"Litoral FM","potentialAction":[{"@type":"SearchAction","target":{"@type":"EntryPoint","urlTemplate":"https:\/\/radiolitoral.com\/?s={search_term_string}"},"query-input":{"@type":"PropertyValueSpecification","valueRequired":true,"valueName":"search_term_string"}}],"inLanguage":"ca"},{"@type":"Organization","@id":"https:\/\/radiolitoral.com\/#organization","name":"R\u00e0dio Litoral","url":"https:\/\/radiolitoral.com\/","logo":{"@type":"ImageObject","inLanguage":"ca","@id":"https:\/\/radiolitoral.com\/#\/schema\/logo\/image\/","url":"https:\/\/media.radiolitoral.com\/wp-content\/uploads\/2023\/02\/24143238\/CL-V-RadioLitoral696.png","contentUrl":"https:\/\/media.radiolitoral.com\/wp-content\/uploads\/2023\/02\/24143238\/CL-V-RadioLitoral696.png","width":696,"height":696,"caption":"Radio Litoral"},"image":{"@id":"https:\/\/radiolitoral.com\/#\/schema\/logo\/image\/"},"sameAs":["https:\/\/www.facebook.com\/Laradiolitoral\/"]},{"@type":"Person","@id":"https:\/\/radiolitoral.com\/#\/schema\/person\/f2b2343c49b5d721857cc1002bfdb151","name":"Redacci\u00f3","image":{"@type":"ImageObject","inLanguage":"ca","@id":"https:\/\/secure.gravatar.com\/avatar\/f771d896c203ad8b3382d7905cfcce5a5c9b008b84b3cd9114e9b9f4cb63f789?s=96&d=mm&r=g","url":"https:\/\/secure.gravatar.com\/avatar\/f771d896c203ad8b3382d7905cfcce5a5c9b008b84b3cd9114e9b9f4cb63f789?s=96&d=mm&r=g","contentUrl":"https:\/\/secure.gravatar.com\/avatar\/f771d896c203ad8b3382d7905cfcce5a5c9b008b84b3cd9114e9b9f4cb63f789?s=96&d=mm&r=g","caption":"Redacci\u00f3n"},"url":"https:\/\/radiolitoral.com\/ca\/author\/miriam-pagan\/"}]}},"_links":{"self":[{"href":"https:\/\/radiolitoral.com\/ca\/wp-json\/wp\/v2\/posts\/17096","targetHints":{"allow":["GET"]}}],"collection":[{"href":"https:\/\/radiolitoral.com\/ca\/wp-json\/wp\/v2\/posts"}],"about":[{"href":"https:\/\/radiolitoral.com\/ca\/wp-json\/wp\/v2\/types\/post"}],"author":[{"embeddable":true,"href":"https:\/\/radiolitoral.com\/ca\/wp-json\/wp\/v2\/users\/13"}],"replies":[{"embeddable":true,"href":"https:\/\/radiolitoral.com\/ca\/wp-json\/wp\/v2\/comments?post=17096"}],"version-history":[{"count":3,"href":"https:\/\/radiolitoral.com\/ca\/wp-json\/wp\/v2\/posts\/17096\/revisions"}],"predecessor-version":[{"id":17102,"href":"https:\/\/radiolitoral.com\/ca\/wp-json\/wp\/v2\/posts\/17096\/revisions\/17102"}],"wp:featuredmedia":[{"embeddable":true,"href":"https:\/\/radiolitoral.com\/ca\/wp-json\/wp\/v2\/media\/17098"}],"wp:attachment":[{"href":"https:\/\/radiolitoral.com\/ca\/wp-json\/wp\/v2\/media?parent=17096"}],"wp:term":[{"taxonomy":"category","embeddable":true,"href":"https:\/\/radiolitoral.com\/ca\/wp-json\/wp\/v2\/categories?post=17096"},{"taxonomy":"post_tag","embeddable":true,"href":"https:\/\/radiolitoral.com\/ca\/wp-json\/wp\/v2\/tags?post=17096"}],"curies":[{"name":"wp","href":"https:\/\/api.w.org\/{rel}","templated":true}]}}