{"id":17089,"date":"2025-06-04T09:58:24","date_gmt":"2025-06-04T07:58:24","guid":{"rendered":"https:\/\/radiolitoral.com\/?p=17089"},"modified":"2025-06-04T09:58:24","modified_gmt":"2025-06-04T07:58:24","slug":"vicent-soldevila-venci-el-supersprint-del-ii-triatlo-teulada-moraira","status":"publish","type":"post","link":"https:\/\/radiolitoral.com\/ca\/2025\/06\/vicente-soldevila-vencio-el-supersprint-del-ii-triatlon-teulada-moraira\/","title":{"rendered":"Vicente Soldevila va v\u00e8ncer el Supersprint del II Triatl\u00f3 Teulada Moraira"},"content":{"rendered":"<p>El municipi de Teulada Moraira va celebrar el II Triatl\u00f3 que va comptar amb una bona participaci\u00f3 d&#039;esportistes tant a la modalitat de Supersprint com a la de Sprint. L&#039;organitzaci\u00f3 del CA Corremundos va anar perfecta cuidant al m\u00e0xim la seguretat de tots els participants.<\/p>\n<p>En la modalitat de Supersprint els participants van haver de cobrir un segment de nataci\u00f3 de 350 metres, un de ciclisme de 11.700 metres i un de cursa a peu de 2.600 metres.<\/p>\n<p>El guanyador absolut va ser <strong>Vicente Soldevila<\/strong> del <strong>Kamikazr Gang<\/strong> amb un temps total de 40:51. La segona pla\u00e7a va ser per <strong>Pau Seg\u00f2via<\/strong> de l&#039;equip <strong>CA Triatl\u00f3 La Vila Joiosa<\/strong> amb una marca de 40:55 i va completar el podi, <strong>Daniel Herce<\/strong> del CA Triatl\u00f3 La Vila Joiosa amb un registre de 42:28-<\/p>\n<p>En dones la primera classificada va ser <strong>Luc\u00eda Fern\u00e1ndez,<\/strong> del CA Triatl\u00f3 La Vila Joiosa amb un registre total de 45:17, seguida de <strong>Sofia Mart\u00ednez<\/strong>, atleta independent que va realitzar una marca de 49:01. El tercer lloc va ser per <strong>Anna Quirelli<\/strong>, del CA Triatl\u00f3 La Vila Joiosa amb un temps de 49:17.<\/p>\n<h4>Classificaci\u00f3 Sprint<\/h4>\n<p>A la modalitat de Sprint van prendre part un total de 139 esportistes que van cobrir un segment de nataci\u00f3 de 750 metres, un de ciclisme de 19.200 i un de carrera a peu de 4.800 metres.<\/p>\n<p>En aquesta prova llarga el vencedor mascul\u00ed va ser,<strong> Florian Enric Portals<\/strong>, de l&#039;equip <strong>Tripu\u00e7ol<\/strong> \u00a0amb una marca d&#039;1:03:59. La segona pla\u00e7a va ser per <strong>Vicent Ginestar<\/strong> de l&#039;equip <strong>Ondara Tri Sport<\/strong> amb una marca de 1:05;34. El tercer lloc va ser per <strong>Francisco S\u00e1nchez<\/strong> del CA Triatl\u00f3 La Vila Joiosa.<\/p>\n<p>En dones la millor va ser <strong>Amanda Moro<\/strong> del <strong>CEA B\u00e9tera<\/strong> amb una marca de 1:06;15, per davant de <strong>Sara Gimena<\/strong> del CEA Bet\u00e9ra que va fer un temps de 1:09:36. El tercer lloc el va ocupar <strong>Cristina Rosell\u00f3,<\/strong> del <strong>Tripublidom<\/strong> amb un registre de 1.12.55.<\/p>\n<p><script src=\"chrome-extension:\/\/flbolonkboilcbnohjlchlfgdalomdpl\/iFrame.js\" type=\"text\/javascript\"><\/script><\/p>\n<p><script src=\"chrome-extension:\/\/flbolonkboilcbnohjlchlfgdalomdpl\/iFrame.js\" type=\"text\/javascript\"><\/script><\/p>","protected":false},"excerpt":{"rendered":"<p>El municipio de Teulada Moraira celebr\u00f3 el II Triatl\u00f3n que cont\u00f3 con una buena participaci\u00f3n de deportistas tanto en la modalidad de Supersprint como en la de Sprint. La organizaci\u00f3n del CA Corremundos fue perfecta cuidando al m\u00e1ximo la seguridad de todos los participantes. En la modalidad de Supersprint los participantes tuvieron que cubrir un [&#8230;]<\/p>\n<p><a class=\"btn btn-secondary understrap-read-more-link\" href=\"https:\/\/radiolitoral.com\/ca\/2025\/06\/vicente-soldevila-vencio-el-supersprint-del-ii-triatlon-teulada-moraira\/\">Continua llegint&#8230;<span class=\"screen-reader-text\"> from Vicente Soldevila venci\u00f3 el Supersprint del II Triatl\u00f3n Teulada Moraira<\/span><\/a><\/p>\n","protected":false},"author":12,"featured_media":17090,"comment_status":"open","ping_status":"closed","sticky":false,"template":"","format":"standard","meta":{"_acf_changed":false,"inline_featured_image":false,"footnotes":""},"categories":[5],"tags":[4446,4443,4437,4439,4447,1045,4440,6,4444,4445,4441,1428,4438,4448,4442,4449,1445,1427,1439],"class_list":["post-17089","post","type-post","status-publish","format-standard","has-post-thumbnail","hentry","category-deportes","tag-amanda-moro","tag-anna-quirelli","tag-ca-corremundos","tag-ca-triatlo-la-vila-joiosa","tag-cea-betera","tag-cristina-rosello","tag-daniel-herce","tag-deportes","tag-florian-enric-portales","tag-francisco-sanchez","tag-lucia-fernandez","tag-ondara-tri-sport","tag-pau-segovia","tag-sara-gimena","tag-sofia-martinez","tag-tripublidom","tag-tripucol","tag-vicent-ginestar","tag-vicente-soldevila","cobertura-teulada-moraira"],"acf":[],"yoast_head":"<!-- This site is optimized with the Yoast SEO plugin v27.5 - https:\/\/yoast.com\/product\/yoast-seo-wordpress\/ -->\n<title>Vicente Soldevila venci\u00f3 el Supersprint del II Triatl\u00f3n Teulada Moraira | R\u00e0dio Litoral<\/title>\n<meta name=\"description\" content=\"El atleta del equipo Kamikaze Gang fue el mejor en la modalidad de Supersprint por delante de Pau Segovia El atleta del equipo Kamikaze Gang fue el mejor en la modalidad de Supersprint por delante de Pau Segovia\" \/>\n<meta name=\"robots\" content=\"index, follow, max-snippet:-1, max-image-preview:large, max-video-preview:-1\" \/>\n<link rel=\"canonical\" href=\"https:\/\/radiolitoral.com\/ca\/2025\/06\/vicent-soldevila-venci-el-supersprint-del-ii-triatlo-teulada-moraira\/\" \/>\n<meta property=\"og:locale\" content=\"ca_ES\" \/>\n<meta property=\"og:type\" content=\"article\" \/>\n<meta property=\"og:title\" content=\"Vicente Soldevila venci\u00f3 el Supersprint del II Triatl\u00f3n Teulada Moraira | R\u00e0dio Litoral\" \/>\n<meta property=\"og:description\" content=\"El atleta del equipo Kamikaze Gang fue el mejor en la modalidad de Supersprint por delante de Pau Segovia El atleta del equipo Kamikaze Gang fue el mejor en la modalidad de Supersprint por delante de Pau Segovia\" \/>\n<meta property=\"og:url\" content=\"https:\/\/radiolitoral.com\/ca\/2025\/06\/vicent-soldevila-venci-el-supersprint-del-ii-triatlo-teulada-moraira\/\" \/>\n<meta property=\"og:site_name\" content=\"R\u00e0dio Litoral\" \/>\n<meta property=\"article:publisher\" content=\"https:\/\/www.facebook.com\/Laradiolitoral\/\" \/>\n<meta property=\"article:published_time\" content=\"2025-06-04T07:58:24+00:00\" \/>\n<meta property=\"og:image\" content=\"https:\/\/media.radiolitoral.com\/wp-content\/uploads\/2025\/06\/03192251\/Solde-en-la-meta.jpg\" \/>\n\t<meta property=\"og:image:width\" content=\"1024\" \/>\n\t<meta property=\"og:image:height\" content=\"684\" \/>\n\t<meta property=\"og:image:type\" content=\"image\/jpeg\" \/>\n<meta name=\"author\" content=\"Javier Zamora\" \/>\n<meta name=\"twitter:card\" content=\"summary_large_image\" \/>\n<meta name=\"twitter:label1\" content=\"Escrit per\" \/>\n\t<meta name=\"twitter:data1\" content=\"Javier Zamora\" \/>\n\t<meta name=\"twitter:label2\" content=\"Temps estimat de lectura\" \/>\n\t<meta name=\"twitter:data2\" content=\"2 minuts\" \/>\n<script type=\"application\/ld+json\" class=\"yoast-schema-graph\">{\"@context\":\"https:\\\/\\\/schema.org\",\"@graph\":[{\"@type\":\"NewsArticle\",\"@id\":\"https:\\\/\\\/radiolitoral.com\\\/2025\\\/06\\\/vicente-soldevila-vencio-el-supersprint-del-ii-triatlon-teulada-moraira\\\/#article\",\"isPartOf\":{\"@id\":\"https:\\\/\\\/radiolitoral.com\\\/2025\\\/06\\\/vicente-soldevila-vencio-el-supersprint-del-ii-triatlon-teulada-moraira\\\/\"},\"author\":{\"name\":\"Javier Zamora\",\"@id\":\"https:\\\/\\\/radiolitoral.com\\\/#\\\/schema\\\/person\\\/7b1480b5caeb5acdd4ec6379caf62b22\"},\"headline\":\"Vicente Soldevila venci\u00f3 el Supersprint del II Triatl\u00f3n Teulada Moraira\",\"datePublished\":\"2025-06-04T07:58:24+00:00\",\"mainEntityOfPage\":{\"@id\":\"https:\\\/\\\/radiolitoral.com\\\/2025\\\/06\\\/vicente-soldevila-vencio-el-supersprint-del-ii-triatlon-teulada-moraira\\\/\"},\"wordCount\":318,\"commentCount\":0,\"publisher\":{\"@id\":\"https:\\\/\\\/radiolitoral.com\\\/#organization\"},\"image\":{\"@id\":\"https:\\\/\\\/radiolitoral.com\\\/2025\\\/06\\\/vicente-soldevila-vencio-el-supersprint-del-ii-triatlon-teulada-moraira\\\/#primaryimage\"},\"thumbnailUrl\":\"https:\\\/\\\/media.radiolitoral.com\\\/wp-content\\\/uploads\\\/2025\\\/06\\\/03192251\\\/Solde-en-la-meta.jpg\",\"keywords\":[\"Amanda Moro\",\"Anna Quirelli\",\"CA Corremundos\",\"CA Triatl\u00f3 La Vila Joiosa\",\"CEA B\u00e9tera\",\"Cristina Rosell\u00f3\",\"Daniel Herce\",\"deportes\",\"Florian Enric Portales\",\"Francisco S\u00e1nchez\",\"Luc\u00eda Fern\u00e1ndez\",\"Ondara Tri Sport\",\"Pau Segovia\",\"Sara Gimena\",\"Sof\u00eda Mart\u00ednez\",\"Tripublidom\",\"Tripu\u00e7ol\",\"Vicent Ginestar\",\"Vicente Soldevila\"],\"articleSection\":[\"Deportes\"],\"inLanguage\":\"ca\",\"potentialAction\":[{\"@type\":\"CommentAction\",\"name\":\"Comment\",\"target\":[\"https:\\\/\\\/radiolitoral.com\\\/2025\\\/06\\\/vicente-soldevila-vencio-el-supersprint-del-ii-triatlon-teulada-moraira\\\/#respond\"]}]},{\"@type\":[\"WebPage\",\"ItemPage\"],\"@id\":\"https:\\\/\\\/radiolitoral.com\\\/2025\\\/06\\\/vicente-soldevila-vencio-el-supersprint-del-ii-triatlon-teulada-moraira\\\/\",\"url\":\"https:\\\/\\\/radiolitoral.com\\\/2025\\\/06\\\/vicente-soldevila-vencio-el-supersprint-del-ii-triatlon-teulada-moraira\\\/\",\"name\":\"Vicente Soldevila venci\u00f3 el Supersprint del II Triatl\u00f3n Teulada Moraira | R\u00e0dio Litoral\",\"isPartOf\":{\"@id\":\"https:\\\/\\\/radiolitoral.com\\\/#website\"},\"primaryImageOfPage\":{\"@id\":\"https:\\\/\\\/radiolitoral.com\\\/2025\\\/06\\\/vicente-soldevila-vencio-el-supersprint-del-ii-triatlon-teulada-moraira\\\/#primaryimage\"},\"image\":{\"@id\":\"https:\\\/\\\/radiolitoral.com\\\/2025\\\/06\\\/vicente-soldevila-vencio-el-supersprint-del-ii-triatlon-teulada-moraira\\\/#primaryimage\"},\"thumbnailUrl\":\"https:\\\/\\\/media.radiolitoral.com\\\/wp-content\\\/uploads\\\/2025\\\/06\\\/03192251\\\/Solde-en-la-meta.jpg\",\"datePublished\":\"2025-06-04T07:58:24+00:00\",\"description\":\"El atleta del equipo Kamikaze Gang fue el mejor en la modalidad de Supersprint por delante de Pau Segovia El atleta del equipo Kamikaze Gang fue el mejor en la modalidad de Supersprint por delante de Pau Segovia\",\"breadcrumb\":{\"@id\":\"https:\\\/\\\/radiolitoral.com\\\/2025\\\/06\\\/vicente-soldevila-vencio-el-supersprint-del-ii-triatlon-teulada-moraira\\\/#breadcrumb\"},\"inLanguage\":\"ca\",\"potentialAction\":[{\"@type\":\"ReadAction\",\"target\":[\"https:\\\/\\\/radiolitoral.com\\\/2025\\\/06\\\/vicente-soldevila-vencio-el-supersprint-del-ii-triatlon-teulada-moraira\\\/\"]}]},{\"@type\":\"ImageObject\",\"inLanguage\":\"ca\",\"@id\":\"https:\\\/\\\/radiolitoral.com\\\/2025\\\/06\\\/vicente-soldevila-vencio-el-supersprint-del-ii-triatlon-teulada-moraira\\\/#primaryimage\",\"url\":\"https:\\\/\\\/media.radiolitoral.com\\\/wp-content\\\/uploads\\\/2025\\\/06\\\/03192251\\\/Solde-en-la-meta.jpg\",\"contentUrl\":\"https:\\\/\\\/media.radiolitoral.com\\\/wp-content\\\/uploads\\\/2025\\\/06\\\/03192251\\\/Solde-en-la-meta.jpg\",\"width\":1024,\"height\":684},{\"@type\":\"BreadcrumbList\",\"@id\":\"https:\\\/\\\/radiolitoral.com\\\/2025\\\/06\\\/vicente-soldevila-vencio-el-supersprint-del-ii-triatlon-teulada-moraira\\\/#breadcrumb\",\"itemListElement\":[{\"@type\":\"ListItem\",\"position\":1,\"name\":\"Portada\",\"item\":\"https:\\\/\\\/radiolitoral.com\\\/\"},{\"@type\":\"ListItem\",\"position\":2,\"name\":\"Vicente Soldevila venci\u00f3 el Supersprint del II Triatl\u00f3n Teulada Moraira\"}]},{\"@type\":\"WebSite\",\"@id\":\"https:\\\/\\\/radiolitoral.com\\\/#website\",\"url\":\"https:\\\/\\\/radiolitoral.com\\\/\",\"name\":\"Radio Litoral\",\"description\":\"La radio local de la Marina Alta\",\"publisher\":{\"@id\":\"https:\\\/\\\/radiolitoral.com\\\/#organization\"},\"alternateName\":\"Litoral FM\",\"potentialAction\":[{\"@type\":\"SearchAction\",\"target\":{\"@type\":\"EntryPoint\",\"urlTemplate\":\"https:\\\/\\\/radiolitoral.com\\\/?s={search_term_string}\"},\"query-input\":{\"@type\":\"PropertyValueSpecification\",\"valueRequired\":true,\"valueName\":\"search_term_string\"}}],\"inLanguage\":\"ca\"},{\"@type\":\"Organization\",\"@id\":\"https:\\\/\\\/radiolitoral.com\\\/#organization\",\"name\":\"Radio Litoral\",\"url\":\"https:\\\/\\\/radiolitoral.com\\\/\",\"logo\":{\"@type\":\"ImageObject\",\"inLanguage\":\"ca\",\"@id\":\"https:\\\/\\\/radiolitoral.com\\\/#\\\/schema\\\/logo\\\/image\\\/\",\"url\":\"https:\\\/\\\/media.radiolitoral.com\\\/wp-content\\\/uploads\\\/2023\\\/02\\\/24143238\\\/CL-V-RadioLitoral696.png\",\"contentUrl\":\"https:\\\/\\\/media.radiolitoral.com\\\/wp-content\\\/uploads\\\/2023\\\/02\\\/24143238\\\/CL-V-RadioLitoral696.png\",\"width\":696,\"height\":696,\"caption\":\"Radio Litoral\"},\"image\":{\"@id\":\"https:\\\/\\\/radiolitoral.com\\\/#\\\/schema\\\/logo\\\/image\\\/\"},\"sameAs\":[\"https:\\\/\\\/www.facebook.com\\\/Laradiolitoral\\\/\"]},{\"@type\":\"Person\",\"@id\":\"https:\\\/\\\/radiolitoral.com\\\/#\\\/schema\\\/person\\\/7b1480b5caeb5acdd4ec6379caf62b22\",\"name\":\"Javier Zamora\",\"image\":{\"@type\":\"ImageObject\",\"inLanguage\":\"ca\",\"@id\":\"https:\\\/\\\/secure.gravatar.com\\\/avatar\\\/467a11f6918c7d619c4043fc6fa2d3853053107973f05b6e9c04ea6c4e3a7b3f?s=96&d=mm&r=g\",\"url\":\"https:\\\/\\\/secure.gravatar.com\\\/avatar\\\/467a11f6918c7d619c4043fc6fa2d3853053107973f05b6e9c04ea6c4e3a7b3f?s=96&d=mm&r=g\",\"contentUrl\":\"https:\\\/\\\/secure.gravatar.com\\\/avatar\\\/467a11f6918c7d619c4043fc6fa2d3853053107973f05b6e9c04ea6c4e3a7b3f?s=96&d=mm&r=g\",\"caption\":\"Javier Zamora\"},\"url\":\"https:\\\/\\\/radiolitoral.com\\\/ca\\\/author\\\/javier-zamora\\\/\"}]}<\/script>\n<!-- \/ Yoast SEO plugin. -->","yoast_head_json":{"title":"Vicente Soldevila va v\u00e8ncer el Supersprint de l&#039;II Triatl\u00f3 Teulada Moraira | R\u00e0dio Litoral","description":"L&#039;atleta de l&#039;equip Kamikaze Gang va ser el millor en la modalitat de Supersprint per davant de Pau Seg\u00f2via L&#039;atleta de l&#039;equip Kamikaze Gang va ser el millor en la modalitat de Supersprint per davant de Pau Seg\u00f2via","robots":{"index":"index","follow":"follow","max-snippet":"max-snippet:-1","max-image-preview":"max-image-preview:large","max-video-preview":"max-video-preview:-1"},"canonical":"https:\/\/radiolitoral.com\/ca\/2025\/06\/vicent-soldevila-venci-el-supersprint-del-ii-triatlo-teulada-moraira\/","og_locale":"ca_ES","og_type":"article","og_title":"Vicente Soldevila venci\u00f3 el Supersprint del II Triatl\u00f3n Teulada Moraira | R\u00e0dio Litoral","og_description":"El atleta del equipo Kamikaze Gang fue el mejor en la modalidad de Supersprint por delante de Pau Segovia El atleta del equipo Kamikaze Gang fue el mejor en la modalidad de Supersprint por delante de Pau Segovia","og_url":"https:\/\/radiolitoral.com\/ca\/2025\/06\/vicent-soldevila-venci-el-supersprint-del-ii-triatlo-teulada-moraira\/","og_site_name":"R\u00e0dio Litoral","article_publisher":"https:\/\/www.facebook.com\/Laradiolitoral\/","article_published_time":"2025-06-04T07:58:24+00:00","og_image":[{"width":1024,"height":684,"url":"https:\/\/media.radiolitoral.com\/wp-content\/uploads\/2025\/06\/03192251\/Solde-en-la-meta.jpg","type":"image\/jpeg"}],"author":"Javier Zamora","twitter_card":"summary_large_image","twitter_misc":{"Escrit per":"Javier Zamora","Temps estimat de lectura":"2 minuts"},"schema":{"@context":"https:\/\/schema.org","@graph":[{"@type":"NewsArticle","@id":"https:\/\/radiolitoral.com\/2025\/06\/vicente-soldevila-vencio-el-supersprint-del-ii-triatlon-teulada-moraira\/#article","isPartOf":{"@id":"https:\/\/radiolitoral.com\/2025\/06\/vicente-soldevila-vencio-el-supersprint-del-ii-triatlon-teulada-moraira\/"},"author":{"name":"Javier Zamora","@id":"https:\/\/radiolitoral.com\/#\/schema\/person\/7b1480b5caeb5acdd4ec6379caf62b22"},"headline":"Vicente Soldevila venci\u00f3 el Supersprint del II Triatl\u00f3n Teulada Moraira","datePublished":"2025-06-04T07:58:24+00:00","mainEntityOfPage":{"@id":"https:\/\/radiolitoral.com\/2025\/06\/vicente-soldevila-vencio-el-supersprint-del-ii-triatlon-teulada-moraira\/"},"wordCount":318,"commentCount":0,"publisher":{"@id":"https:\/\/radiolitoral.com\/#organization"},"image":{"@id":"https:\/\/radiolitoral.com\/2025\/06\/vicente-soldevila-vencio-el-supersprint-del-ii-triatlon-teulada-moraira\/#primaryimage"},"thumbnailUrl":"https:\/\/media.radiolitoral.com\/wp-content\/uploads\/2025\/06\/03192251\/Solde-en-la-meta.jpg","keywords":["Amanda Moro","Anna Quirelli","CA Corremundos","CA Triatl\u00f3 La Vila Joiosa","CEA B\u00e9tera","Cristina Rosell\u00f3","Daniel Herce","deportes","Florian Enric Portales","Francisco S\u00e1nchez","Luc\u00eda Fern\u00e1ndez","Ondara Tri Sport","Pau Segovia","Sara Gimena","Sof\u00eda Mart\u00ednez","Tripublidom","Tripu\u00e7ol","Vicent Ginestar","Vicente Soldevila"],"articleSection":["Deportes"],"inLanguage":"ca","potentialAction":[{"@type":"CommentAction","name":"Comment","target":["https:\/\/radiolitoral.com\/2025\/06\/vicente-soldevila-vencio-el-supersprint-del-ii-triatlon-teulada-moraira\/#respond"]}]},{"@type":["WebPage","ItemPage"],"@id":"https:\/\/radiolitoral.com\/2025\/06\/vicente-soldevila-vencio-el-supersprint-del-ii-triatlon-teulada-moraira\/","url":"https:\/\/radiolitoral.com\/2025\/06\/vicente-soldevila-vencio-el-supersprint-del-ii-triatlon-teulada-moraira\/","name":"Vicente Soldevila va v\u00e8ncer el Supersprint de l&#039;II Triatl\u00f3 Teulada Moraira | R\u00e0dio Litoral","isPartOf":{"@id":"https:\/\/radiolitoral.com\/#website"},"primaryImageOfPage":{"@id":"https:\/\/radiolitoral.com\/2025\/06\/vicente-soldevila-vencio-el-supersprint-del-ii-triatlon-teulada-moraira\/#primaryimage"},"image":{"@id":"https:\/\/radiolitoral.com\/2025\/06\/vicente-soldevila-vencio-el-supersprint-del-ii-triatlon-teulada-moraira\/#primaryimage"},"thumbnailUrl":"https:\/\/media.radiolitoral.com\/wp-content\/uploads\/2025\/06\/03192251\/Solde-en-la-meta.jpg","datePublished":"2025-06-04T07:58:24+00:00","description":"L&#039;atleta de l&#039;equip Kamikaze Gang va ser el millor en la modalitat de Supersprint per davant de Pau Seg\u00f2via L&#039;atleta de l&#039;equip Kamikaze Gang va ser el millor en la modalitat de Supersprint per davant de Pau Seg\u00f2via","breadcrumb":{"@id":"https:\/\/radiolitoral.com\/2025\/06\/vicente-soldevila-vencio-el-supersprint-del-ii-triatlon-teulada-moraira\/#breadcrumb"},"inLanguage":"ca","potentialAction":[{"@type":"ReadAction","target":["https:\/\/radiolitoral.com\/2025\/06\/vicente-soldevila-vencio-el-supersprint-del-ii-triatlon-teulada-moraira\/"]}]},{"@type":"ImageObject","inLanguage":"ca","@id":"https:\/\/radiolitoral.com\/2025\/06\/vicente-soldevila-vencio-el-supersprint-del-ii-triatlon-teulada-moraira\/#primaryimage","url":"https:\/\/media.radiolitoral.com\/wp-content\/uploads\/2025\/06\/03192251\/Solde-en-la-meta.jpg","contentUrl":"https:\/\/media.radiolitoral.com\/wp-content\/uploads\/2025\/06\/03192251\/Solde-en-la-meta.jpg","width":1024,"height":684},{"@type":"BreadcrumbList","@id":"https:\/\/radiolitoral.com\/2025\/06\/vicente-soldevila-vencio-el-supersprint-del-ii-triatlon-teulada-moraira\/#breadcrumb","itemListElement":[{"@type":"ListItem","position":1,"name":"Portada","item":"https:\/\/radiolitoral.com\/"},{"@type":"ListItem","position":2,"name":"Vicente Soldevila venci\u00f3 el Supersprint del II Triatl\u00f3n Teulada Moraira"}]},{"@type":"WebSite","@id":"https:\/\/radiolitoral.com\/#website","url":"https:\/\/radiolitoral.com\/","name":"R\u00e0dio Litoral","description":"La r\u00e0dio local de la Marina Alta","publisher":{"@id":"https:\/\/radiolitoral.com\/#organization"},"alternateName":"Litoral FM","potentialAction":[{"@type":"SearchAction","target":{"@type":"EntryPoint","urlTemplate":"https:\/\/radiolitoral.com\/?s={search_term_string}"},"query-input":{"@type":"PropertyValueSpecification","valueRequired":true,"valueName":"search_term_string"}}],"inLanguage":"ca"},{"@type":"Organization","@id":"https:\/\/radiolitoral.com\/#organization","name":"R\u00e0dio Litoral","url":"https:\/\/radiolitoral.com\/","logo":{"@type":"ImageObject","inLanguage":"ca","@id":"https:\/\/radiolitoral.com\/#\/schema\/logo\/image\/","url":"https:\/\/media.radiolitoral.com\/wp-content\/uploads\/2023\/02\/24143238\/CL-V-RadioLitoral696.png","contentUrl":"https:\/\/media.radiolitoral.com\/wp-content\/uploads\/2023\/02\/24143238\/CL-V-RadioLitoral696.png","width":696,"height":696,"caption":"Radio Litoral"},"image":{"@id":"https:\/\/radiolitoral.com\/#\/schema\/logo\/image\/"},"sameAs":["https:\/\/www.facebook.com\/Laradiolitoral\/"]},{"@type":"Person","@id":"https:\/\/radiolitoral.com\/#\/schema\/person\/7b1480b5caeb5acdd4ec6379caf62b22","name":"Javier Zamora","image":{"@type":"ImageObject","inLanguage":"ca","@id":"https:\/\/secure.gravatar.com\/avatar\/467a11f6918c7d619c4043fc6fa2d3853053107973f05b6e9c04ea6c4e3a7b3f?s=96&d=mm&r=g","url":"https:\/\/secure.gravatar.com\/avatar\/467a11f6918c7d619c4043fc6fa2d3853053107973f05b6e9c04ea6c4e3a7b3f?s=96&d=mm&r=g","contentUrl":"https:\/\/secure.gravatar.com\/avatar\/467a11f6918c7d619c4043fc6fa2d3853053107973f05b6e9c04ea6c4e3a7b3f?s=96&d=mm&r=g","caption":"Javier Zamora"},"url":"https:\/\/radiolitoral.com\/ca\/author\/javier-zamora\/"}]}},"_links":{"self":[{"href":"https:\/\/radiolitoral.com\/ca\/wp-json\/wp\/v2\/posts\/17089","targetHints":{"allow":["GET"]}}],"collection":[{"href":"https:\/\/radiolitoral.com\/ca\/wp-json\/wp\/v2\/posts"}],"about":[{"href":"https:\/\/radiolitoral.com\/ca\/wp-json\/wp\/v2\/types\/post"}],"author":[{"embeddable":true,"href":"https:\/\/radiolitoral.com\/ca\/wp-json\/wp\/v2\/users\/12"}],"replies":[{"embeddable":true,"href":"https:\/\/radiolitoral.com\/ca\/wp-json\/wp\/v2\/comments?post=17089"}],"version-history":[{"count":3,"href":"https:\/\/radiolitoral.com\/ca\/wp-json\/wp\/v2\/posts\/17089\/revisions"}],"predecessor-version":[{"id":17094,"href":"https:\/\/radiolitoral.com\/ca\/wp-json\/wp\/v2\/posts\/17089\/revisions\/17094"}],"wp:featuredmedia":[{"embeddable":true,"href":"https:\/\/radiolitoral.com\/ca\/wp-json\/wp\/v2\/media\/17090"}],"wp:attachment":[{"href":"https:\/\/radiolitoral.com\/ca\/wp-json\/wp\/v2\/media?parent=17089"}],"wp:term":[{"taxonomy":"category","embeddable":true,"href":"https:\/\/radiolitoral.com\/ca\/wp-json\/wp\/v2\/categories?post=17089"},{"taxonomy":"post_tag","embeddable":true,"href":"https:\/\/radiolitoral.com\/ca\/wp-json\/wp\/v2\/tags?post=17089"}],"curies":[{"name":"wp","href":"https:\/\/api.w.org\/{rel}","templated":true}]}}