{"id":17074,"date":"2025-06-03T10:52:26","date_gmt":"2025-06-03T08:52:26","guid":{"rendered":"https:\/\/radiolitoral.com\/?p=17074"},"modified":"2025-06-03T11:14:20","modified_gmt":"2025-06-03T09:14:20","slug":"eusebi-minana-que-aprofitin-les-ultimes-tecnologies-que-ens-informen-en-temps-real-de-lestat-de-les-platges","status":"publish","type":"post","link":"https:\/\/radiolitoral.com\/ca\/2025\/06\/eusebi-minana-que-aprovechen-las-ultimas-tecnologias-que-nos-informan-en-tiempo-real-del-estado-de-las-playas\/","title":{"rendered":"Eusebi Mi\u00f1ana: \u201cQu\u00e8 aprofitin les darreres tecnologies que ens informen en temps real de l&#039;estat de les platges\u201d"},"content":{"rendered":"<p>La calor ja ha comen\u00e7at a estr\u00e8nyer i banyar-nos al mar i gaudir de les nostres platges i cales cada vegada \u00e9s m\u00e9s desitjable. Per aix\u00f2 avui, a <strong>El Primer Caf\u00e8<\/strong> de <strong>R\u00e0dio Litoral<\/strong>, hem parlat de seguretat a les platges amb <strong>Eusebi Mi\u00f1ana<\/strong>, <strong>gerent de<\/strong> <strong>l&#039;empresa SVS<\/strong>, responsable del servei de <strong>vigil\u00e0ncia i socorrisme <\/strong>en diferents punts de bany al litoral de la nostra comarca, com <strong>Benissa<\/strong>, <strong>Teulada Moraira<\/strong> i <strong>El Poble Nou de Benitaxell.<\/strong> Amb el nostre convidat hem parlat de prevenci\u00f3, actuaci\u00f3 en emerg\u00e8ncies i del treball imprescindible dels socorristes, tamb\u00e9 coneguts com a guardavides, perqu\u00e8 tots puguem gaudir de la platja amb total tranquil\u00b7litat.<\/p>\n<p>La temporada de platges per als dispositius de control i vigil\u00e0ncia de SVS va comen\u00e7ar diumenge passat, 1 de juny, al litoral de Teulada Moraira, a Benissa arrencar\u00e0 el cap de setmana que ve ia meitat d&#039;aquest mes de juny, es posar\u00e0 en marxa al Poble Nou de Benitatxell.<\/p>\n<p>Mi\u00f1ana ens ha parlat dels principals riscos amb qu\u00e8 es poden trobar els banyistes que trien el nostre litoral per gaudir de la platja i com poden evitar-los. En aquest sentit el gerent de SVS tamb\u00e9 ha fet refer\u00e8ncia a la import\u00e0ncia de seguir les indicacions de les banderes que onegen a la platja, aix\u00ed com consultar pr\u00e8viament el comunicat meteorol\u00f2gic i l&#039;estat de la mar, no oblidar hidratar-se i protegir-se del sol.<\/p>\n<p>SVS \u00e9s una empresa especialitzada en el camp de l&#039;operaci\u00f3 d&#039;emerg\u00e8ncies. Un treball que ha estat reconegut en reiterades ocasions i que l&#039;ha fet mereixedora de diferents reconeixements i guardons, convertint les platges en qu\u00e8 opera SVS als punts del litoral considerats com els m\u00e9s segurs d&#039;Espanya.<\/p>\n<p>Aix\u00ed que, abans d&#039;anar a la platja, podeu seguir totes les recomanacions que ens ha aportat el nostre convidat i tornar a escoltar l&#039;entrevista per poder gaudir d&#039;una jornada tranquil\u00b7la de mar i sol.<\/p>\n<audio class=\"wp-audio-shortcode\" id=\"audio-17074-1\" preload=\"none\" style=\"width: 100%;\" controls=\"controls\"><source type=\"audio\/mpeg\" src=\"https:\/\/media.radiolitoral.com\/wp-content\/uploads\/2025\/06\/03104141\/Primer-Cafe-SVS.mp3?_=1\" \/><a href=\"https:\/\/media.radiolitoral.com\/wp-content\/uploads\/2025\/06\/03104141\/Primer-Cafe-SVS.mp3\">https:\/\/media.radiolitoral.com\/wp-content\/uploads\/2025\/06\/03104141\/Primer-Cafe-SVS.mp3<\/a><\/audio>\n<p>&nbsp;<\/p>","protected":false},"excerpt":{"rendered":"<p>El calor ya ha empezado a apretar y ba\u00f1arnos en el mar y disfrutar de nuestras playas y calas cada vez es m\u00e1s apetecible. Por eso hoy, en El Primer Caf\u00e9 de Radio Litoral, hemos hablado de seguridad en las playas con Eusebi Mi\u00f1ana, gerente de la empresa SVS, responsable del servicio de vigilancia y [&#8230;]<\/p>\n<p><a class=\"btn btn-secondary understrap-read-more-link\" href=\"https:\/\/radiolitoral.com\/ca\/2025\/06\/eusebi-minana-que-aprovechen-las-ultimas-tecnologias-que-nos-informan-en-tiempo-real-del-estado-de-las-playas\/\">Continua llegint&#8230;<span class=\"screen-reader-text\"> from Eusebi Mi\u00f1ana: \u201cQu\u00e9 aprovechen las \u00faltimas tecnolog\u00edas que nos informan en tiempo real del estado de las playas\u201d<\/span><\/a><\/p>\n","protected":false},"author":13,"featured_media":17078,"comment_status":"open","ping_status":"closed","sticky":false,"template":"","format":"standard","meta":{"_acf_changed":false,"inline_featured_image":false,"footnotes":""},"categories":[2753,857],"tags":[4436,4434,2312,4433,1425,4435],"class_list":["post-17074","post","type-post","status-publish","format-standard","has-post-thumbnail","hentry","category-entrevistas","category-playas","tag-eusebi-minana","tag-playas-seguras","tag-primer-cafe","tag-svs","tag-verano","tag-vigilancia-y-socorrismo","cobertura-benissa","cobertura-marina-alta","cobertura-poble-nou-de-benitatxell","cobertura-teulada-moraira"],"acf":[],"yoast_head":"<!-- This site is optimized with the Yoast SEO plugin v27.5 - https:\/\/yoast.com\/product\/yoast-seo-wordpress\/ -->\n<title>Eusebi Mi\u00f1ana: \u201cQu\u00e9 aprovechen las \u00faltimas tecnolog\u00edas que nos informan en tiempo real del estado de las playas\u201d | R\u00e0dio Litoral<\/title>\n<meta name=\"description\" content=\"Con el arranque del mes de junio SVS pone en marcha la vigilancia de los puntos de ba\u00f1o del litoral de Teulada, Benissa y Benitatxell\" \/>\n<meta name=\"robots\" content=\"index, follow, max-snippet:-1, max-image-preview:large, max-video-preview:-1\" \/>\n<link rel=\"canonical\" href=\"https:\/\/radiolitoral.com\/ca\/2025\/06\/eusebi-minana-que-aprofitin-les-ultimes-tecnologies-que-ens-informen-en-temps-real-de-lestat-de-les-platges\/\" \/>\n<meta property=\"og:locale\" content=\"ca_ES\" \/>\n<meta property=\"og:type\" content=\"article\" \/>\n<meta property=\"og:title\" content=\"Eusebi Mi\u00f1ana: \u201cQu\u00e9 aprovechen las \u00faltimas tecnolog\u00edas que nos informan en tiempo real del estado de las playas\u201d | R\u00e0dio Litoral\" \/>\n<meta property=\"og:description\" content=\"Con el arranque del mes de junio SVS pone en marcha la vigilancia de los puntos de ba\u00f1o del litoral de Teulada, Benissa y Benitatxell\" \/>\n<meta property=\"og:url\" content=\"https:\/\/radiolitoral.com\/ca\/2025\/06\/eusebi-minana-que-aprofitin-les-ultimes-tecnologies-que-ens-informen-en-temps-real-de-lestat-de-les-platges\/\" \/>\n<meta property=\"og:site_name\" content=\"R\u00e0dio Litoral\" \/>\n<meta property=\"article:publisher\" content=\"https:\/\/www.facebook.com\/Laradiolitoral\/\" \/>\n<meta property=\"article:published_time\" content=\"2025-06-03T08:52:26+00:00\" \/>\n<meta property=\"article:modified_time\" content=\"2025-06-03T09:14:20+00:00\" \/>\n<meta property=\"og:image\" content=\"https:\/\/media.radiolitoral.com\/wp-content\/uploads\/2025\/06\/03104417\/Eusebi-Minana-Primer-Cafe.jpg\" \/>\n\t<meta property=\"og:image:width\" content=\"2000\" \/>\n\t<meta property=\"og:image:height\" content=\"1500\" \/>\n\t<meta property=\"og:image:type\" content=\"image\/jpeg\" \/>\n<meta name=\"author\" content=\"Redacci\u00f3n\" \/>\n<meta name=\"twitter:card\" content=\"summary_large_image\" \/>\n<meta name=\"twitter:label1\" content=\"Escrit per\" \/>\n\t<meta name=\"twitter:data1\" content=\"Redacci\u00f3n\" \/>\n\t<meta name=\"twitter:label2\" content=\"Temps estimat de lectura\" \/>\n\t<meta name=\"twitter:data2\" content=\"2 minuts\" \/>\n<script type=\"application\/ld+json\" class=\"yoast-schema-graph\">{\"@context\":\"https:\\\/\\\/schema.org\",\"@graph\":[{\"@type\":\"NewsArticle\",\"@id\":\"https:\\\/\\\/radiolitoral.com\\\/2025\\\/06\\\/eusebi-minana-que-aprovechen-las-ultimas-tecnologias-que-nos-informan-en-tiempo-real-del-estado-de-las-playas\\\/#article\",\"isPartOf\":{\"@id\":\"https:\\\/\\\/radiolitoral.com\\\/2025\\\/06\\\/eusebi-minana-que-aprovechen-las-ultimas-tecnologias-que-nos-informan-en-tiempo-real-del-estado-de-las-playas\\\/\"},\"author\":{\"name\":\"Redacci\u00f3n\",\"@id\":\"https:\\\/\\\/radiolitoral.com\\\/#\\\/schema\\\/person\\\/f2b2343c49b5d721857cc1002bfdb151\"},\"headline\":\"Eusebi Mi\u00f1ana: \u201cQu\u00e9 aprovechen las \u00faltimas tecnolog\u00edas que nos informan en tiempo real del estado de las playas\u201d\",\"datePublished\":\"2025-06-03T08:52:26+00:00\",\"dateModified\":\"2025-06-03T09:14:20+00:00\",\"mainEntityOfPage\":{\"@id\":\"https:\\\/\\\/radiolitoral.com\\\/2025\\\/06\\\/eusebi-minana-que-aprovechen-las-ultimas-tecnologias-que-nos-informan-en-tiempo-real-del-estado-de-las-playas\\\/\"},\"wordCount\":371,\"commentCount\":0,\"publisher\":{\"@id\":\"https:\\\/\\\/radiolitoral.com\\\/#organization\"},\"image\":{\"@id\":\"https:\\\/\\\/radiolitoral.com\\\/2025\\\/06\\\/eusebi-minana-que-aprovechen-las-ultimas-tecnologias-que-nos-informan-en-tiempo-real-del-estado-de-las-playas\\\/#primaryimage\"},\"thumbnailUrl\":\"https:\\\/\\\/media.radiolitoral.com\\\/wp-content\\\/uploads\\\/2025\\\/06\\\/03104417\\\/Eusebi-Minana-Primer-Cafe.jpg\",\"keywords\":[\"Eusebi Mi\u00f1ana\",\"Playas seguras\",\"Primer Caf\u00e9\",\"SVS\",\"verano\",\"Vigilancia y socorrismo\"],\"articleSection\":[\"Entrevistas\",\"Playas\"],\"inLanguage\":\"ca\",\"potentialAction\":[{\"@type\":\"CommentAction\",\"name\":\"Comment\",\"target\":[\"https:\\\/\\\/radiolitoral.com\\\/2025\\\/06\\\/eusebi-minana-que-aprovechen-las-ultimas-tecnologias-que-nos-informan-en-tiempo-real-del-estado-de-las-playas\\\/#respond\"]}]},{\"@type\":[\"WebPage\",\"ItemPage\"],\"@id\":\"https:\\\/\\\/radiolitoral.com\\\/2025\\\/06\\\/eusebi-minana-que-aprovechen-las-ultimas-tecnologias-que-nos-informan-en-tiempo-real-del-estado-de-las-playas\\\/\",\"url\":\"https:\\\/\\\/radiolitoral.com\\\/2025\\\/06\\\/eusebi-minana-que-aprovechen-las-ultimas-tecnologias-que-nos-informan-en-tiempo-real-del-estado-de-las-playas\\\/\",\"name\":\"Eusebi Mi\u00f1ana: \u201cQu\u00e9 aprovechen las \u00faltimas tecnolog\u00edas que nos informan en tiempo real del estado de las playas\u201d | R\u00e0dio Litoral\",\"isPartOf\":{\"@id\":\"https:\\\/\\\/radiolitoral.com\\\/#website\"},\"primaryImageOfPage\":{\"@id\":\"https:\\\/\\\/radiolitoral.com\\\/2025\\\/06\\\/eusebi-minana-que-aprovechen-las-ultimas-tecnologias-que-nos-informan-en-tiempo-real-del-estado-de-las-playas\\\/#primaryimage\"},\"image\":{\"@id\":\"https:\\\/\\\/radiolitoral.com\\\/2025\\\/06\\\/eusebi-minana-que-aprovechen-las-ultimas-tecnologias-que-nos-informan-en-tiempo-real-del-estado-de-las-playas\\\/#primaryimage\"},\"thumbnailUrl\":\"https:\\\/\\\/media.radiolitoral.com\\\/wp-content\\\/uploads\\\/2025\\\/06\\\/03104417\\\/Eusebi-Minana-Primer-Cafe.jpg\",\"datePublished\":\"2025-06-03T08:52:26+00:00\",\"dateModified\":\"2025-06-03T09:14:20+00:00\",\"description\":\"Con el arranque del mes de junio SVS pone en marcha la vigilancia de los puntos de ba\u00f1o del litoral de Teulada, Benissa y Benitatxell\",\"breadcrumb\":{\"@id\":\"https:\\\/\\\/radiolitoral.com\\\/2025\\\/06\\\/eusebi-minana-que-aprovechen-las-ultimas-tecnologias-que-nos-informan-en-tiempo-real-del-estado-de-las-playas\\\/#breadcrumb\"},\"inLanguage\":\"ca\",\"potentialAction\":[{\"@type\":\"ReadAction\",\"target\":[\"https:\\\/\\\/radiolitoral.com\\\/2025\\\/06\\\/eusebi-minana-que-aprovechen-las-ultimas-tecnologias-que-nos-informan-en-tiempo-real-del-estado-de-las-playas\\\/\"]}]},{\"@type\":\"ImageObject\",\"inLanguage\":\"ca\",\"@id\":\"https:\\\/\\\/radiolitoral.com\\\/2025\\\/06\\\/eusebi-minana-que-aprovechen-las-ultimas-tecnologias-que-nos-informan-en-tiempo-real-del-estado-de-las-playas\\\/#primaryimage\",\"url\":\"https:\\\/\\\/media.radiolitoral.com\\\/wp-content\\\/uploads\\\/2025\\\/06\\\/03104417\\\/Eusebi-Minana-Primer-Cafe.jpg\",\"contentUrl\":\"https:\\\/\\\/media.radiolitoral.com\\\/wp-content\\\/uploads\\\/2025\\\/06\\\/03104417\\\/Eusebi-Minana-Primer-Cafe.jpg\",\"width\":2000,\"height\":1500},{\"@type\":\"BreadcrumbList\",\"@id\":\"https:\\\/\\\/radiolitoral.com\\\/2025\\\/06\\\/eusebi-minana-que-aprovechen-las-ultimas-tecnologias-que-nos-informan-en-tiempo-real-del-estado-de-las-playas\\\/#breadcrumb\",\"itemListElement\":[{\"@type\":\"ListItem\",\"position\":1,\"name\":\"Portada\",\"item\":\"https:\\\/\\\/radiolitoral.com\\\/\"},{\"@type\":\"ListItem\",\"position\":2,\"name\":\"Eusebi Mi\u00f1ana: \u201cQu\u00e9 aprovechen las \u00faltimas tecnolog\u00edas que nos informan en tiempo real del estado de las playas\u201d\"}]},{\"@type\":\"WebSite\",\"@id\":\"https:\\\/\\\/radiolitoral.com\\\/#website\",\"url\":\"https:\\\/\\\/radiolitoral.com\\\/\",\"name\":\"Radio Litoral\",\"description\":\"La radio local de la Marina Alta\",\"publisher\":{\"@id\":\"https:\\\/\\\/radiolitoral.com\\\/#organization\"},\"alternateName\":\"Litoral FM\",\"potentialAction\":[{\"@type\":\"SearchAction\",\"target\":{\"@type\":\"EntryPoint\",\"urlTemplate\":\"https:\\\/\\\/radiolitoral.com\\\/?s={search_term_string}\"},\"query-input\":{\"@type\":\"PropertyValueSpecification\",\"valueRequired\":true,\"valueName\":\"search_term_string\"}}],\"inLanguage\":\"ca\"},{\"@type\":\"Organization\",\"@id\":\"https:\\\/\\\/radiolitoral.com\\\/#organization\",\"name\":\"Radio Litoral\",\"url\":\"https:\\\/\\\/radiolitoral.com\\\/\",\"logo\":{\"@type\":\"ImageObject\",\"inLanguage\":\"ca\",\"@id\":\"https:\\\/\\\/radiolitoral.com\\\/#\\\/schema\\\/logo\\\/image\\\/\",\"url\":\"https:\\\/\\\/media.radiolitoral.com\\\/wp-content\\\/uploads\\\/2023\\\/02\\\/24143238\\\/CL-V-RadioLitoral696.png\",\"contentUrl\":\"https:\\\/\\\/media.radiolitoral.com\\\/wp-content\\\/uploads\\\/2023\\\/02\\\/24143238\\\/CL-V-RadioLitoral696.png\",\"width\":696,\"height\":696,\"caption\":\"Radio Litoral\"},\"image\":{\"@id\":\"https:\\\/\\\/radiolitoral.com\\\/#\\\/schema\\\/logo\\\/image\\\/\"},\"sameAs\":[\"https:\\\/\\\/www.facebook.com\\\/Laradiolitoral\\\/\"]},{\"@type\":\"Person\",\"@id\":\"https:\\\/\\\/radiolitoral.com\\\/#\\\/schema\\\/person\\\/f2b2343c49b5d721857cc1002bfdb151\",\"name\":\"Redacci\u00f3n\",\"image\":{\"@type\":\"ImageObject\",\"inLanguage\":\"ca\",\"@id\":\"https:\\\/\\\/secure.gravatar.com\\\/avatar\\\/f771d896c203ad8b3382d7905cfcce5a5c9b008b84b3cd9114e9b9f4cb63f789?s=96&d=mm&r=g\",\"url\":\"https:\\\/\\\/secure.gravatar.com\\\/avatar\\\/f771d896c203ad8b3382d7905cfcce5a5c9b008b84b3cd9114e9b9f4cb63f789?s=96&d=mm&r=g\",\"contentUrl\":\"https:\\\/\\\/secure.gravatar.com\\\/avatar\\\/f771d896c203ad8b3382d7905cfcce5a5c9b008b84b3cd9114e9b9f4cb63f789?s=96&d=mm&r=g\",\"caption\":\"Redacci\u00f3n\"},\"url\":\"https:\\\/\\\/radiolitoral.com\\\/ca\\\/author\\\/miriam-pagan\\\/\"}]}<\/script>\n<!-- \/ Yoast SEO plugin. -->","yoast_head_json":{"title":"Eusebi Mi\u00f1ana: &quot;Qu\u00e8 aprofitin les \u00faltimes tecnologies que ens informen a temps real de l&#039;estat de les platges&quot; | R\u00e0dio Litoral","description":"Amb l&#039;arrencada del mes de juny SVS posa en marxa la vigil\u00e0ncia dels punts de bany del litoral de Teulada, Benissa i Benitatxell","robots":{"index":"index","follow":"follow","max-snippet":"max-snippet:-1","max-image-preview":"max-image-preview:large","max-video-preview":"max-video-preview:-1"},"canonical":"https:\/\/radiolitoral.com\/ca\/2025\/06\/eusebi-minana-que-aprofitin-les-ultimes-tecnologies-que-ens-informen-en-temps-real-de-lestat-de-les-platges\/","og_locale":"ca_ES","og_type":"article","og_title":"Eusebi Mi\u00f1ana: \u201cQu\u00e9 aprovechen las \u00faltimas tecnolog\u00edas que nos informan en tiempo real del estado de las playas\u201d | R\u00e0dio Litoral","og_description":"Con el arranque del mes de junio SVS pone en marcha la vigilancia de los puntos de ba\u00f1o del litoral de Teulada, Benissa y Benitatxell","og_url":"https:\/\/radiolitoral.com\/ca\/2025\/06\/eusebi-minana-que-aprofitin-les-ultimes-tecnologies-que-ens-informen-en-temps-real-de-lestat-de-les-platges\/","og_site_name":"R\u00e0dio Litoral","article_publisher":"https:\/\/www.facebook.com\/Laradiolitoral\/","article_published_time":"2025-06-03T08:52:26+00:00","article_modified_time":"2025-06-03T09:14:20+00:00","og_image":[{"width":2000,"height":1500,"url":"https:\/\/media.radiolitoral.com\/wp-content\/uploads\/2025\/06\/03104417\/Eusebi-Minana-Primer-Cafe.jpg","type":"image\/jpeg"}],"author":"Redacci\u00f3n","twitter_card":"summary_large_image","twitter_misc":{"Escrit per":"Redacci\u00f3n","Temps estimat de lectura":"2 minuts"},"schema":{"@context":"https:\/\/schema.org","@graph":[{"@type":"NewsArticle","@id":"https:\/\/radiolitoral.com\/2025\/06\/eusebi-minana-que-aprovechen-las-ultimas-tecnologias-que-nos-informan-en-tiempo-real-del-estado-de-las-playas\/#article","isPartOf":{"@id":"https:\/\/radiolitoral.com\/2025\/06\/eusebi-minana-que-aprovechen-las-ultimas-tecnologias-que-nos-informan-en-tiempo-real-del-estado-de-las-playas\/"},"author":{"name":"Redacci\u00f3n","@id":"https:\/\/radiolitoral.com\/#\/schema\/person\/f2b2343c49b5d721857cc1002bfdb151"},"headline":"Eusebi Mi\u00f1ana: \u201cQu\u00e9 aprovechen las \u00faltimas tecnolog\u00edas que nos informan en tiempo real del estado de las playas\u201d","datePublished":"2025-06-03T08:52:26+00:00","dateModified":"2025-06-03T09:14:20+00:00","mainEntityOfPage":{"@id":"https:\/\/radiolitoral.com\/2025\/06\/eusebi-minana-que-aprovechen-las-ultimas-tecnologias-que-nos-informan-en-tiempo-real-del-estado-de-las-playas\/"},"wordCount":371,"commentCount":0,"publisher":{"@id":"https:\/\/radiolitoral.com\/#organization"},"image":{"@id":"https:\/\/radiolitoral.com\/2025\/06\/eusebi-minana-que-aprovechen-las-ultimas-tecnologias-que-nos-informan-en-tiempo-real-del-estado-de-las-playas\/#primaryimage"},"thumbnailUrl":"https:\/\/media.radiolitoral.com\/wp-content\/uploads\/2025\/06\/03104417\/Eusebi-Minana-Primer-Cafe.jpg","keywords":["Eusebi Mi\u00f1ana","Playas seguras","Primer Caf\u00e9","SVS","verano","Vigilancia y socorrismo"],"articleSection":["Entrevistas","Playas"],"inLanguage":"ca","potentialAction":[{"@type":"CommentAction","name":"Comment","target":["https:\/\/radiolitoral.com\/2025\/06\/eusebi-minana-que-aprovechen-las-ultimas-tecnologias-que-nos-informan-en-tiempo-real-del-estado-de-las-playas\/#respond"]}]},{"@type":["WebPage","ItemPage"],"@id":"https:\/\/radiolitoral.com\/2025\/06\/eusebi-minana-que-aprovechen-las-ultimas-tecnologias-que-nos-informan-en-tiempo-real-del-estado-de-las-playas\/","url":"https:\/\/radiolitoral.com\/2025\/06\/eusebi-minana-que-aprovechen-las-ultimas-tecnologias-que-nos-informan-en-tiempo-real-del-estado-de-las-playas\/","name":"Eusebi Mi\u00f1ana: &quot;Qu\u00e8 aprofitin les \u00faltimes tecnologies que ens informen a temps real de l&#039;estat de les platges&quot; | R\u00e0dio Litoral","isPartOf":{"@id":"https:\/\/radiolitoral.com\/#website"},"primaryImageOfPage":{"@id":"https:\/\/radiolitoral.com\/2025\/06\/eusebi-minana-que-aprovechen-las-ultimas-tecnologias-que-nos-informan-en-tiempo-real-del-estado-de-las-playas\/#primaryimage"},"image":{"@id":"https:\/\/radiolitoral.com\/2025\/06\/eusebi-minana-que-aprovechen-las-ultimas-tecnologias-que-nos-informan-en-tiempo-real-del-estado-de-las-playas\/#primaryimage"},"thumbnailUrl":"https:\/\/media.radiolitoral.com\/wp-content\/uploads\/2025\/06\/03104417\/Eusebi-Minana-Primer-Cafe.jpg","datePublished":"2025-06-03T08:52:26+00:00","dateModified":"2025-06-03T09:14:20+00:00","description":"Amb l&#039;arrencada del mes de juny SVS posa en marxa la vigil\u00e0ncia dels punts de bany del litoral de Teulada, Benissa i Benitatxell","breadcrumb":{"@id":"https:\/\/radiolitoral.com\/2025\/06\/eusebi-minana-que-aprovechen-las-ultimas-tecnologias-que-nos-informan-en-tiempo-real-del-estado-de-las-playas\/#breadcrumb"},"inLanguage":"ca","potentialAction":[{"@type":"ReadAction","target":["https:\/\/radiolitoral.com\/2025\/06\/eusebi-minana-que-aprovechen-las-ultimas-tecnologias-que-nos-informan-en-tiempo-real-del-estado-de-las-playas\/"]}]},{"@type":"ImageObject","inLanguage":"ca","@id":"https:\/\/radiolitoral.com\/2025\/06\/eusebi-minana-que-aprovechen-las-ultimas-tecnologias-que-nos-informan-en-tiempo-real-del-estado-de-las-playas\/#primaryimage","url":"https:\/\/media.radiolitoral.com\/wp-content\/uploads\/2025\/06\/03104417\/Eusebi-Minana-Primer-Cafe.jpg","contentUrl":"https:\/\/media.radiolitoral.com\/wp-content\/uploads\/2025\/06\/03104417\/Eusebi-Minana-Primer-Cafe.jpg","width":2000,"height":1500},{"@type":"BreadcrumbList","@id":"https:\/\/radiolitoral.com\/2025\/06\/eusebi-minana-que-aprovechen-las-ultimas-tecnologias-que-nos-informan-en-tiempo-real-del-estado-de-las-playas\/#breadcrumb","itemListElement":[{"@type":"ListItem","position":1,"name":"Portada","item":"https:\/\/radiolitoral.com\/"},{"@type":"ListItem","position":2,"name":"Eusebi Mi\u00f1ana: \u201cQu\u00e9 aprovechen las \u00faltimas tecnolog\u00edas que nos informan en tiempo real del estado de las playas\u201d"}]},{"@type":"WebSite","@id":"https:\/\/radiolitoral.com\/#website","url":"https:\/\/radiolitoral.com\/","name":"R\u00e0dio Litoral","description":"La r\u00e0dio local de la Marina Alta","publisher":{"@id":"https:\/\/radiolitoral.com\/#organization"},"alternateName":"Litoral FM","potentialAction":[{"@type":"SearchAction","target":{"@type":"EntryPoint","urlTemplate":"https:\/\/radiolitoral.com\/?s={search_term_string}"},"query-input":{"@type":"PropertyValueSpecification","valueRequired":true,"valueName":"search_term_string"}}],"inLanguage":"ca"},{"@type":"Organization","@id":"https:\/\/radiolitoral.com\/#organization","name":"R\u00e0dio Litoral","url":"https:\/\/radiolitoral.com\/","logo":{"@type":"ImageObject","inLanguage":"ca","@id":"https:\/\/radiolitoral.com\/#\/schema\/logo\/image\/","url":"https:\/\/media.radiolitoral.com\/wp-content\/uploads\/2023\/02\/24143238\/CL-V-RadioLitoral696.png","contentUrl":"https:\/\/media.radiolitoral.com\/wp-content\/uploads\/2023\/02\/24143238\/CL-V-RadioLitoral696.png","width":696,"height":696,"caption":"Radio Litoral"},"image":{"@id":"https:\/\/radiolitoral.com\/#\/schema\/logo\/image\/"},"sameAs":["https:\/\/www.facebook.com\/Laradiolitoral\/"]},{"@type":"Person","@id":"https:\/\/radiolitoral.com\/#\/schema\/person\/f2b2343c49b5d721857cc1002bfdb151","name":"Redacci\u00f3","image":{"@type":"ImageObject","inLanguage":"ca","@id":"https:\/\/secure.gravatar.com\/avatar\/f771d896c203ad8b3382d7905cfcce5a5c9b008b84b3cd9114e9b9f4cb63f789?s=96&d=mm&r=g","url":"https:\/\/secure.gravatar.com\/avatar\/f771d896c203ad8b3382d7905cfcce5a5c9b008b84b3cd9114e9b9f4cb63f789?s=96&d=mm&r=g","contentUrl":"https:\/\/secure.gravatar.com\/avatar\/f771d896c203ad8b3382d7905cfcce5a5c9b008b84b3cd9114e9b9f4cb63f789?s=96&d=mm&r=g","caption":"Redacci\u00f3n"},"url":"https:\/\/radiolitoral.com\/ca\/author\/miriam-pagan\/"}]}},"_links":{"self":[{"href":"https:\/\/radiolitoral.com\/ca\/wp-json\/wp\/v2\/posts\/17074","targetHints":{"allow":["GET"]}}],"collection":[{"href":"https:\/\/radiolitoral.com\/ca\/wp-json\/wp\/v2\/posts"}],"about":[{"href":"https:\/\/radiolitoral.com\/ca\/wp-json\/wp\/v2\/types\/post"}],"author":[{"embeddable":true,"href":"https:\/\/radiolitoral.com\/ca\/wp-json\/wp\/v2\/users\/13"}],"replies":[{"embeddable":true,"href":"https:\/\/radiolitoral.com\/ca\/wp-json\/wp\/v2\/comments?post=17074"}],"version-history":[{"count":4,"href":"https:\/\/radiolitoral.com\/ca\/wp-json\/wp\/v2\/posts\/17074\/revisions"}],"predecessor-version":[{"id":17084,"href":"https:\/\/radiolitoral.com\/ca\/wp-json\/wp\/v2\/posts\/17074\/revisions\/17084"}],"wp:featuredmedia":[{"embeddable":true,"href":"https:\/\/radiolitoral.com\/ca\/wp-json\/wp\/v2\/media\/17078"}],"wp:attachment":[{"href":"https:\/\/radiolitoral.com\/ca\/wp-json\/wp\/v2\/media?parent=17074"}],"wp:term":[{"taxonomy":"category","embeddable":true,"href":"https:\/\/radiolitoral.com\/ca\/wp-json\/wp\/v2\/categories?post=17074"},{"taxonomy":"post_tag","embeddable":true,"href":"https:\/\/radiolitoral.com\/ca\/wp-json\/wp\/v2\/tags?post=17074"}],"curies":[{"name":"wp","href":"https:\/\/api.w.org\/{rel}","templated":true}]}}