{"id":17063,"date":"2025-06-02T17:10:50","date_gmt":"2025-06-02T15:10:50","guid":{"rendered":"https:\/\/radiolitoral.com\/?p=17063"},"modified":"2025-06-02T17:10:50","modified_gmt":"2025-06-02T15:10:50","slug":"lecoparc-mobil-amplia-el-servei-a-la-costa-de-benissa-durant-lestiu","status":"publish","type":"post","link":"https:\/\/radiolitoral.com\/ca\/2025\/06\/el-ecoparque-movil-amplia-su-servicio-a-la-costa-de-benissa-durante-el-verano\/","title":{"rendered":"L&#039;Ecoparc M\u00f2bil amplia el servei a la costa de Benissa durant l&#039;estiu"},"content":{"rendered":"<p data-start=\"283\" data-end=\"644\">El <strong>Ecoparc M\u00f2bil de Benissa<\/strong> oferir\u00e0 aquest estiu una <strong>ampliaci\u00f3 a la seva \u00e0rea de servei<\/strong>, cobrint tamb\u00e9 la zona de la costa. Durant els mesos de juny a setembre, aquest recurs estar\u00e0 operatiu cada dissabte, alternant la seva ubicaci\u00f3 setmanal entre el nucli urb\u00e0, al P<strong>asseig Joaquin Piera i Mariana Torres<\/strong>, i la zona verda de <strong>Fanadix<\/strong>, a la costa.<\/p>\n<h4 data-start=\"651\" data-end=\"714\"><strong data-start=\"651\" data-end=\"714\"><a href=\"https:\/\/media.radiolitoral.com\/wp-content\/uploads\/2025\/06\/02170950\/calendario-ecoparque-movil-junio-2025-benissa-1.png\"><img loading=\"lazy\" decoding=\"async\" class=\"size-full wp-image-17064 aligncenter\" src=\"https:\/\/media.radiolitoral.com\/wp-content\/uploads\/2025\/06\/02170950\/calendario-ecoparque-movil-junio-2025-benissa-1.png\" alt=\"\" width=\"1920\" height=\"1501\" srcset=\"https:\/\/media.radiolitoral.com\/wp-content\/uploads\/2025\/06\/02170950\/calendario-ecoparque-movil-junio-2025-benissa-1.png 1920w, https:\/\/media.radiolitoral.com\/wp-content\/uploads\/2025\/06\/02170950\/calendario-ecoparque-movil-junio-2025-benissa-1-300x235.png 300w, https:\/\/media.radiolitoral.com\/wp-content\/uploads\/2025\/06\/02170950\/calendario-ecoparque-movil-junio-2025-benissa-1-1024x801.png 1024w, https:\/\/media.radiolitoral.com\/wp-content\/uploads\/2025\/06\/02170950\/calendario-ecoparque-movil-junio-2025-benissa-1-768x600.png 768w, https:\/\/media.radiolitoral.com\/wp-content\/uploads\/2025\/06\/02170950\/calendario-ecoparque-movil-junio-2025-benissa-1-1536x1201.png 1536w, https:\/\/media.radiolitoral.com\/wp-content\/uploads\/2025\/06\/02170950\/calendario-ecoparque-movil-junio-2025-benissa-1-15x12.png 15w, https:\/\/media.radiolitoral.com\/wp-content\/uploads\/2025\/06\/02170950\/calendario-ecoparque-movil-junio-2025-benissa-1-1000x782.png 1000w, https:\/\/media.radiolitoral.com\/wp-content\/uploads\/2025\/06\/02170950\/calendario-ecoparque-movil-junio-2025-benissa-1-100x78.png 100w, https:\/\/media.radiolitoral.com\/wp-content\/uploads\/2025\/06\/02170950\/calendario-ecoparque-movil-junio-2025-benissa-1-200x156.png 200w\" sizes=\"auto, (max-width: 1920px) 100vw, 1920px\" \/><\/a><\/strong><\/h4>\n<h4 data-start=\"651\" data-end=\"714\"><strong data-start=\"651\" data-end=\"714\">Evitar abocaments il\u00b7legals<\/strong><\/h4>\n<p data-start=\"716\" data-end=\"992\">Aquesta iniciativa, impulsada per l&#039;Ajuntament de Benissa, Benissa Impuls i el Consorci Mare, pret\u00e9n facilitar als ve\u00efns i visitants el reciclatge de residus especials, apropant el servei a m\u00e9s persones i combatent els abocaments il\u00b7legals que afecten el municipi.<\/p>\n<p data-start=\"994\" data-end=\"1222\">L&#039;Ecoparc M\u00f2bil permet dipositar gratu\u00eftament residus dom\u00e8stics que no han d&#039;anar als contenidors comuns, com ara petits electrodom\u00e8stics, roba, llibres, piles, c\u00e0psules de caf\u00e8 i material inform\u00e0tic, entre d&#039;altres.<\/p>\n<h4 data-start=\"1229\" data-end=\"1269\"><strong data-start=\"1229\" data-end=\"1269\">Opinions de les autoritats locals<\/strong><\/h4>\n<p data-start=\"1271\" data-end=\"1442\">Vicent Ferrer, regidor de Benissa Impuls, va subratllar que &quot;els ve\u00efns i visitants de la costa podran reciclar a prop de casa, sense necessitat de despla\u00e7ar-se al centre urb\u00e0&quot;.<\/p>\n<p data-start=\"1444\" data-end=\"1643\">Per la seva banda, l&#039;alcalde Arturo Poquet va ressaltar que \u201cseguim fent passos per millorar els serveis p\u00fablics i facilitar que els ve\u00efns de Benissa, visquin on visquin, puguin reciclar correctament\u201d.<\/p>\n<p data-start=\"1700\" data-end=\"1953\" data-is-last-node=\"\" data-is-only-node=\"\">A m\u00e9s, des de Benissa Impuls recorden que els residus de grans dimensions, com mobles o electrodom\u00e8stics grans, poden ser recollits al domicili sense cap cost. Per sol\u00b7licitar aquest servei, els interessats han de trucar al tel\u00e8fon 96 573 35 97.<\/p>","protected":false},"excerpt":{"rendered":"<p>El Ecoparque M\u00f3vil de Benissa ofrecer\u00e1 este verano una ampliaci\u00f3n en su \u00e1rea de servicio, cubriendo tambi\u00e9n la zona de la costa. Durante los meses de junio a septiembre, este recurso estar\u00e1 operativo todos los s\u00e1bados, alternando su ubicaci\u00f3n semanal entre el n\u00facleo urbano, en el Passeig Joaquin Piera i Mariana Torres, y la zona [&#8230;]<\/p>\n<p><a class=\"btn btn-secondary understrap-read-more-link\" href=\"https:\/\/radiolitoral.com\/ca\/2025\/06\/el-ecoparque-movil-amplia-su-servicio-a-la-costa-de-benissa-durante-el-verano\/\">Continua llegint&#8230;<span class=\"screen-reader-text\"> from El Ecoparque M\u00f3vil ampl\u00eda su servicio a la costa de Benissa durante el verano<\/span><\/a><\/p>\n","protected":false},"author":14,"featured_media":17065,"comment_status":"open","ping_status":"closed","sticky":false,"template":"","format":"standard","meta":{"_acf_changed":false,"inline_featured_image":false,"footnotes":""},"categories":[85],"tags":[126,4425,4424,59],"class_list":["post-17063","post","type-post","status-publish","format-standard","has-post-thumbnail","hentry","category-servicios-publicos","tag-benissa","tag-ecoparque-benissa","tag-noticias-benissa","tag-servicios-publicos","cobertura-benissa"],"acf":[],"yoast_head":"<!-- This site is optimized with the Yoast SEO plugin v27.5 - https:\/\/yoast.com\/product\/yoast-seo-wordpress\/ -->\n<title>El Ecoparque M\u00f3vil ampl\u00eda su servicio a la costa de Benissa durante el verano | R\u00e0dio Litoral<\/title>\n<meta name=\"description\" content=\"El objetivo es mejorar el acceso al reciclaje en la temporada estival con una nueva ubicaci\u00f3n\" \/>\n<meta name=\"robots\" content=\"index, follow, max-snippet:-1, max-image-preview:large, max-video-preview:-1\" \/>\n<link rel=\"canonical\" href=\"https:\/\/radiolitoral.com\/ca\/2025\/06\/lecoparc-mobil-amplia-el-servei-a-la-costa-de-benissa-durant-lestiu\/\" \/>\n<meta property=\"og:locale\" content=\"ca_ES\" \/>\n<meta property=\"og:type\" content=\"article\" \/>\n<meta property=\"og:title\" content=\"El Ecoparque M\u00f3vil ampl\u00eda su servicio a la costa de Benissa durante el verano | R\u00e0dio Litoral\" \/>\n<meta property=\"og:description\" content=\"El objetivo es mejorar el acceso al reciclaje en la temporada estival con una nueva ubicaci\u00f3n\" \/>\n<meta property=\"og:url\" content=\"https:\/\/radiolitoral.com\/ca\/2025\/06\/lecoparc-mobil-amplia-el-servei-a-la-costa-de-benissa-durant-lestiu\/\" \/>\n<meta property=\"og:site_name\" content=\"R\u00e0dio Litoral\" \/>\n<meta property=\"article:publisher\" content=\"https:\/\/www.facebook.com\/Laradiolitoral\/\" \/>\n<meta property=\"article:published_time\" content=\"2025-06-02T15:10:50+00:00\" \/>\n<meta property=\"og:image\" content=\"https:\/\/media.radiolitoral.com\/wp-content\/uploads\/2025\/06\/02171032\/imagen-de-archivo_Ecoparque-movil-de-Benissa.jpg\" \/>\n\t<meta property=\"og:image:width\" content=\"2000\" \/>\n\t<meta property=\"og:image:height\" content=\"1500\" \/>\n\t<meta property=\"og:image:type\" content=\"image\/jpeg\" \/>\n<meta name=\"author\" content=\"Redacci\u00f3n\" \/>\n<meta name=\"twitter:card\" content=\"summary_large_image\" \/>\n<meta name=\"twitter:label1\" content=\"Escrit per\" \/>\n\t<meta name=\"twitter:data1\" content=\"Redacci\u00f3n\" \/>\n\t<meta name=\"twitter:label2\" content=\"Temps estimat de lectura\" \/>\n\t<meta name=\"twitter:data2\" content=\"2 minuts\" \/>\n<script type=\"application\/ld+json\" class=\"yoast-schema-graph\">{\"@context\":\"https:\\\/\\\/schema.org\",\"@graph\":[{\"@type\":\"NewsArticle\",\"@id\":\"https:\\\/\\\/radiolitoral.com\\\/2025\\\/06\\\/el-ecoparque-movil-amplia-su-servicio-a-la-costa-de-benissa-durante-el-verano\\\/#article\",\"isPartOf\":{\"@id\":\"https:\\\/\\\/radiolitoral.com\\\/2025\\\/06\\\/el-ecoparque-movil-amplia-su-servicio-a-la-costa-de-benissa-durante-el-verano\\\/\"},\"author\":{\"name\":\"Redacci\u00f3n\",\"@id\":\"https:\\\/\\\/radiolitoral.com\\\/#\\\/schema\\\/person\\\/96b739642eb3bedb532aac3812d23307\"},\"headline\":\"El Ecoparque M\u00f3vil ampl\u00eda su servicio a la costa de Benissa durante el verano\",\"datePublished\":\"2025-06-02T15:10:50+00:00\",\"mainEntityOfPage\":{\"@id\":\"https:\\\/\\\/radiolitoral.com\\\/2025\\\/06\\\/el-ecoparque-movil-amplia-su-servicio-a-la-costa-de-benissa-durante-el-verano\\\/\"},\"wordCount\":268,\"commentCount\":0,\"publisher\":{\"@id\":\"https:\\\/\\\/radiolitoral.com\\\/#organization\"},\"image\":{\"@id\":\"https:\\\/\\\/radiolitoral.com\\\/2025\\\/06\\\/el-ecoparque-movil-amplia-su-servicio-a-la-costa-de-benissa-durante-el-verano\\\/#primaryimage\"},\"thumbnailUrl\":\"https:\\\/\\\/media.radiolitoral.com\\\/wp-content\\\/uploads\\\/2025\\\/06\\\/02171032\\\/imagen-de-archivo_Ecoparque-movil-de-Benissa.jpg\",\"keywords\":[\"Benissa\",\"ecoparque Benissa\",\"noticias Benissa\",\"Servicios p\u00fablicos\"],\"articleSection\":[\"Servicios P\u00fablicos\"],\"inLanguage\":\"ca\",\"potentialAction\":[{\"@type\":\"CommentAction\",\"name\":\"Comment\",\"target\":[\"https:\\\/\\\/radiolitoral.com\\\/2025\\\/06\\\/el-ecoparque-movil-amplia-su-servicio-a-la-costa-de-benissa-durante-el-verano\\\/#respond\"]}]},{\"@type\":[\"WebPage\",\"ItemPage\"],\"@id\":\"https:\\\/\\\/radiolitoral.com\\\/2025\\\/06\\\/el-ecoparque-movil-amplia-su-servicio-a-la-costa-de-benissa-durante-el-verano\\\/\",\"url\":\"https:\\\/\\\/radiolitoral.com\\\/2025\\\/06\\\/el-ecoparque-movil-amplia-su-servicio-a-la-costa-de-benissa-durante-el-verano\\\/\",\"name\":\"El Ecoparque M\u00f3vil ampl\u00eda su servicio a la costa de Benissa durante el verano | R\u00e0dio Litoral\",\"isPartOf\":{\"@id\":\"https:\\\/\\\/radiolitoral.com\\\/#website\"},\"primaryImageOfPage\":{\"@id\":\"https:\\\/\\\/radiolitoral.com\\\/2025\\\/06\\\/el-ecoparque-movil-amplia-su-servicio-a-la-costa-de-benissa-durante-el-verano\\\/#primaryimage\"},\"image\":{\"@id\":\"https:\\\/\\\/radiolitoral.com\\\/2025\\\/06\\\/el-ecoparque-movil-amplia-su-servicio-a-la-costa-de-benissa-durante-el-verano\\\/#primaryimage\"},\"thumbnailUrl\":\"https:\\\/\\\/media.radiolitoral.com\\\/wp-content\\\/uploads\\\/2025\\\/06\\\/02171032\\\/imagen-de-archivo_Ecoparque-movil-de-Benissa.jpg\",\"datePublished\":\"2025-06-02T15:10:50+00:00\",\"description\":\"El objetivo es mejorar el acceso al reciclaje en la temporada estival con una nueva ubicaci\u00f3n\",\"breadcrumb\":{\"@id\":\"https:\\\/\\\/radiolitoral.com\\\/2025\\\/06\\\/el-ecoparque-movil-amplia-su-servicio-a-la-costa-de-benissa-durante-el-verano\\\/#breadcrumb\"},\"inLanguage\":\"ca\",\"potentialAction\":[{\"@type\":\"ReadAction\",\"target\":[\"https:\\\/\\\/radiolitoral.com\\\/2025\\\/06\\\/el-ecoparque-movil-amplia-su-servicio-a-la-costa-de-benissa-durante-el-verano\\\/\"]}]},{\"@type\":\"ImageObject\",\"inLanguage\":\"ca\",\"@id\":\"https:\\\/\\\/radiolitoral.com\\\/2025\\\/06\\\/el-ecoparque-movil-amplia-su-servicio-a-la-costa-de-benissa-durante-el-verano\\\/#primaryimage\",\"url\":\"https:\\\/\\\/media.radiolitoral.com\\\/wp-content\\\/uploads\\\/2025\\\/06\\\/02171032\\\/imagen-de-archivo_Ecoparque-movil-de-Benissa.jpg\",\"contentUrl\":\"https:\\\/\\\/media.radiolitoral.com\\\/wp-content\\\/uploads\\\/2025\\\/06\\\/02171032\\\/imagen-de-archivo_Ecoparque-movil-de-Benissa.jpg\",\"width\":2000,\"height\":1500},{\"@type\":\"BreadcrumbList\",\"@id\":\"https:\\\/\\\/radiolitoral.com\\\/2025\\\/06\\\/el-ecoparque-movil-amplia-su-servicio-a-la-costa-de-benissa-durante-el-verano\\\/#breadcrumb\",\"itemListElement\":[{\"@type\":\"ListItem\",\"position\":1,\"name\":\"Portada\",\"item\":\"https:\\\/\\\/radiolitoral.com\\\/\"},{\"@type\":\"ListItem\",\"position\":2,\"name\":\"El Ecoparque M\u00f3vil ampl\u00eda su servicio a la costa de Benissa durante el verano\"}]},{\"@type\":\"WebSite\",\"@id\":\"https:\\\/\\\/radiolitoral.com\\\/#website\",\"url\":\"https:\\\/\\\/radiolitoral.com\\\/\",\"name\":\"Radio Litoral\",\"description\":\"La radio local de la Marina Alta\",\"publisher\":{\"@id\":\"https:\\\/\\\/radiolitoral.com\\\/#organization\"},\"alternateName\":\"Litoral FM\",\"potentialAction\":[{\"@type\":\"SearchAction\",\"target\":{\"@type\":\"EntryPoint\",\"urlTemplate\":\"https:\\\/\\\/radiolitoral.com\\\/?s={search_term_string}\"},\"query-input\":{\"@type\":\"PropertyValueSpecification\",\"valueRequired\":true,\"valueName\":\"search_term_string\"}}],\"inLanguage\":\"ca\"},{\"@type\":\"Organization\",\"@id\":\"https:\\\/\\\/radiolitoral.com\\\/#organization\",\"name\":\"Radio Litoral\",\"url\":\"https:\\\/\\\/radiolitoral.com\\\/\",\"logo\":{\"@type\":\"ImageObject\",\"inLanguage\":\"ca\",\"@id\":\"https:\\\/\\\/radiolitoral.com\\\/#\\\/schema\\\/logo\\\/image\\\/\",\"url\":\"https:\\\/\\\/media.radiolitoral.com\\\/wp-content\\\/uploads\\\/2023\\\/02\\\/24143238\\\/CL-V-RadioLitoral696.png\",\"contentUrl\":\"https:\\\/\\\/media.radiolitoral.com\\\/wp-content\\\/uploads\\\/2023\\\/02\\\/24143238\\\/CL-V-RadioLitoral696.png\",\"width\":696,\"height\":696,\"caption\":\"Radio Litoral\"},\"image\":{\"@id\":\"https:\\\/\\\/radiolitoral.com\\\/#\\\/schema\\\/logo\\\/image\\\/\"},\"sameAs\":[\"https:\\\/\\\/www.facebook.com\\\/Laradiolitoral\\\/\"]},{\"@type\":\"Person\",\"@id\":\"https:\\\/\\\/radiolitoral.com\\\/#\\\/schema\\\/person\\\/96b739642eb3bedb532aac3812d23307\",\"name\":\"Redacci\u00f3n\",\"image\":{\"@type\":\"ImageObject\",\"inLanguage\":\"ca\",\"@id\":\"https:\\\/\\\/secure.gravatar.com\\\/avatar\\\/30cd06129ee90411dd9c7cbdcf17464181d1a3c7b072e92070ea75a25cf0097e?s=96&d=mm&r=g\",\"url\":\"https:\\\/\\\/secure.gravatar.com\\\/avatar\\\/30cd06129ee90411dd9c7cbdcf17464181d1a3c7b072e92070ea75a25cf0097e?s=96&d=mm&r=g\",\"contentUrl\":\"https:\\\/\\\/secure.gravatar.com\\\/avatar\\\/30cd06129ee90411dd9c7cbdcf17464181d1a3c7b072e92070ea75a25cf0097e?s=96&d=mm&r=g\",\"caption\":\"Redacci\u00f3n\"},\"url\":\"https:\\\/\\\/radiolitoral.com\\\/ca\\\/author\\\/kevin-carrio\\\/\"}]}<\/script>\n<!-- \/ Yoast SEO plugin. -->","yoast_head_json":{"title":"L&#039;Ecoparc M\u00f2bil amplia el servei a la costa de Benissa durant l&#039;estiu | R\u00e0dio Litoral","description":"L&#039;objectiu \u00e9s millorar l&#039;acc\u00e9s al reciclatge a la temporada estival amb una nova ubicaci\u00f3","robots":{"index":"index","follow":"follow","max-snippet":"max-snippet:-1","max-image-preview":"max-image-preview:large","max-video-preview":"max-video-preview:-1"},"canonical":"https:\/\/radiolitoral.com\/ca\/2025\/06\/lecoparc-mobil-amplia-el-servei-a-la-costa-de-benissa-durant-lestiu\/","og_locale":"ca_ES","og_type":"article","og_title":"El Ecoparque M\u00f3vil ampl\u00eda su servicio a la costa de Benissa durante el verano | R\u00e0dio Litoral","og_description":"El objetivo es mejorar el acceso al reciclaje en la temporada estival con una nueva ubicaci\u00f3n","og_url":"https:\/\/radiolitoral.com\/ca\/2025\/06\/lecoparc-mobil-amplia-el-servei-a-la-costa-de-benissa-durant-lestiu\/","og_site_name":"R\u00e0dio Litoral","article_publisher":"https:\/\/www.facebook.com\/Laradiolitoral\/","article_published_time":"2025-06-02T15:10:50+00:00","og_image":[{"width":2000,"height":1500,"url":"https:\/\/media.radiolitoral.com\/wp-content\/uploads\/2025\/06\/02171032\/imagen-de-archivo_Ecoparque-movil-de-Benissa.jpg","type":"image\/jpeg"}],"author":"Redacci\u00f3n","twitter_card":"summary_large_image","twitter_misc":{"Escrit per":"Redacci\u00f3n","Temps estimat de lectura":"2 minuts"},"schema":{"@context":"https:\/\/schema.org","@graph":[{"@type":"NewsArticle","@id":"https:\/\/radiolitoral.com\/2025\/06\/el-ecoparque-movil-amplia-su-servicio-a-la-costa-de-benissa-durante-el-verano\/#article","isPartOf":{"@id":"https:\/\/radiolitoral.com\/2025\/06\/el-ecoparque-movil-amplia-su-servicio-a-la-costa-de-benissa-durante-el-verano\/"},"author":{"name":"Redacci\u00f3n","@id":"https:\/\/radiolitoral.com\/#\/schema\/person\/96b739642eb3bedb532aac3812d23307"},"headline":"El Ecoparque M\u00f3vil ampl\u00eda su servicio a la costa de Benissa durante el verano","datePublished":"2025-06-02T15:10:50+00:00","mainEntityOfPage":{"@id":"https:\/\/radiolitoral.com\/2025\/06\/el-ecoparque-movil-amplia-su-servicio-a-la-costa-de-benissa-durante-el-verano\/"},"wordCount":268,"commentCount":0,"publisher":{"@id":"https:\/\/radiolitoral.com\/#organization"},"image":{"@id":"https:\/\/radiolitoral.com\/2025\/06\/el-ecoparque-movil-amplia-su-servicio-a-la-costa-de-benissa-durante-el-verano\/#primaryimage"},"thumbnailUrl":"https:\/\/media.radiolitoral.com\/wp-content\/uploads\/2025\/06\/02171032\/imagen-de-archivo_Ecoparque-movil-de-Benissa.jpg","keywords":["Benissa","ecoparque Benissa","noticias Benissa","Servicios p\u00fablicos"],"articleSection":["Servicios P\u00fablicos"],"inLanguage":"ca","potentialAction":[{"@type":"CommentAction","name":"Comment","target":["https:\/\/radiolitoral.com\/2025\/06\/el-ecoparque-movil-amplia-su-servicio-a-la-costa-de-benissa-durante-el-verano\/#respond"]}]},{"@type":["WebPage","ItemPage"],"@id":"https:\/\/radiolitoral.com\/2025\/06\/el-ecoparque-movil-amplia-su-servicio-a-la-costa-de-benissa-durante-el-verano\/","url":"https:\/\/radiolitoral.com\/2025\/06\/el-ecoparque-movil-amplia-su-servicio-a-la-costa-de-benissa-durante-el-verano\/","name":"L&#039;Ecoparc M\u00f2bil amplia el servei a la costa de Benissa durant l&#039;estiu | R\u00e0dio Litoral","isPartOf":{"@id":"https:\/\/radiolitoral.com\/#website"},"primaryImageOfPage":{"@id":"https:\/\/radiolitoral.com\/2025\/06\/el-ecoparque-movil-amplia-su-servicio-a-la-costa-de-benissa-durante-el-verano\/#primaryimage"},"image":{"@id":"https:\/\/radiolitoral.com\/2025\/06\/el-ecoparque-movil-amplia-su-servicio-a-la-costa-de-benissa-durante-el-verano\/#primaryimage"},"thumbnailUrl":"https:\/\/media.radiolitoral.com\/wp-content\/uploads\/2025\/06\/02171032\/imagen-de-archivo_Ecoparque-movil-de-Benissa.jpg","datePublished":"2025-06-02T15:10:50+00:00","description":"L&#039;objectiu \u00e9s millorar l&#039;acc\u00e9s al reciclatge a la temporada estival amb una nova ubicaci\u00f3","breadcrumb":{"@id":"https:\/\/radiolitoral.com\/2025\/06\/el-ecoparque-movil-amplia-su-servicio-a-la-costa-de-benissa-durante-el-verano\/#breadcrumb"},"inLanguage":"ca","potentialAction":[{"@type":"ReadAction","target":["https:\/\/radiolitoral.com\/2025\/06\/el-ecoparque-movil-amplia-su-servicio-a-la-costa-de-benissa-durante-el-verano\/"]}]},{"@type":"ImageObject","inLanguage":"ca","@id":"https:\/\/radiolitoral.com\/2025\/06\/el-ecoparque-movil-amplia-su-servicio-a-la-costa-de-benissa-durante-el-verano\/#primaryimage","url":"https:\/\/media.radiolitoral.com\/wp-content\/uploads\/2025\/06\/02171032\/imagen-de-archivo_Ecoparque-movil-de-Benissa.jpg","contentUrl":"https:\/\/media.radiolitoral.com\/wp-content\/uploads\/2025\/06\/02171032\/imagen-de-archivo_Ecoparque-movil-de-Benissa.jpg","width":2000,"height":1500},{"@type":"BreadcrumbList","@id":"https:\/\/radiolitoral.com\/2025\/06\/el-ecoparque-movil-amplia-su-servicio-a-la-costa-de-benissa-durante-el-verano\/#breadcrumb","itemListElement":[{"@type":"ListItem","position":1,"name":"Portada","item":"https:\/\/radiolitoral.com\/"},{"@type":"ListItem","position":2,"name":"El Ecoparque M\u00f3vil ampl\u00eda su servicio a la costa de Benissa durante el verano"}]},{"@type":"WebSite","@id":"https:\/\/radiolitoral.com\/#website","url":"https:\/\/radiolitoral.com\/","name":"R\u00e0dio Litoral","description":"La r\u00e0dio local de la Marina Alta","publisher":{"@id":"https:\/\/radiolitoral.com\/#organization"},"alternateName":"Litoral FM","potentialAction":[{"@type":"SearchAction","target":{"@type":"EntryPoint","urlTemplate":"https:\/\/radiolitoral.com\/?s={search_term_string}"},"query-input":{"@type":"PropertyValueSpecification","valueRequired":true,"valueName":"search_term_string"}}],"inLanguage":"ca"},{"@type":"Organization","@id":"https:\/\/radiolitoral.com\/#organization","name":"R\u00e0dio Litoral","url":"https:\/\/radiolitoral.com\/","logo":{"@type":"ImageObject","inLanguage":"ca","@id":"https:\/\/radiolitoral.com\/#\/schema\/logo\/image\/","url":"https:\/\/media.radiolitoral.com\/wp-content\/uploads\/2023\/02\/24143238\/CL-V-RadioLitoral696.png","contentUrl":"https:\/\/media.radiolitoral.com\/wp-content\/uploads\/2023\/02\/24143238\/CL-V-RadioLitoral696.png","width":696,"height":696,"caption":"Radio Litoral"},"image":{"@id":"https:\/\/radiolitoral.com\/#\/schema\/logo\/image\/"},"sameAs":["https:\/\/www.facebook.com\/Laradiolitoral\/"]},{"@type":"Person","@id":"https:\/\/radiolitoral.com\/#\/schema\/person\/96b739642eb3bedb532aac3812d23307","name":"Redacci\u00f3","image":{"@type":"ImageObject","inLanguage":"ca","@id":"https:\/\/secure.gravatar.com\/avatar\/30cd06129ee90411dd9c7cbdcf17464181d1a3c7b072e92070ea75a25cf0097e?s=96&d=mm&r=g","url":"https:\/\/secure.gravatar.com\/avatar\/30cd06129ee90411dd9c7cbdcf17464181d1a3c7b072e92070ea75a25cf0097e?s=96&d=mm&r=g","contentUrl":"https:\/\/secure.gravatar.com\/avatar\/30cd06129ee90411dd9c7cbdcf17464181d1a3c7b072e92070ea75a25cf0097e?s=96&d=mm&r=g","caption":"Redacci\u00f3n"},"url":"https:\/\/radiolitoral.com\/ca\/author\/kevin-carrio\/"}]}},"_links":{"self":[{"href":"https:\/\/radiolitoral.com\/ca\/wp-json\/wp\/v2\/posts\/17063","targetHints":{"allow":["GET"]}}],"collection":[{"href":"https:\/\/radiolitoral.com\/ca\/wp-json\/wp\/v2\/posts"}],"about":[{"href":"https:\/\/radiolitoral.com\/ca\/wp-json\/wp\/v2\/types\/post"}],"author":[{"embeddable":true,"href":"https:\/\/radiolitoral.com\/ca\/wp-json\/wp\/v2\/users\/14"}],"replies":[{"embeddable":true,"href":"https:\/\/radiolitoral.com\/ca\/wp-json\/wp\/v2\/comments?post=17063"}],"version-history":[{"count":1,"href":"https:\/\/radiolitoral.com\/ca\/wp-json\/wp\/v2\/posts\/17063\/revisions"}],"predecessor-version":[{"id":17066,"href":"https:\/\/radiolitoral.com\/ca\/wp-json\/wp\/v2\/posts\/17063\/revisions\/17066"}],"wp:featuredmedia":[{"embeddable":true,"href":"https:\/\/radiolitoral.com\/ca\/wp-json\/wp\/v2\/media\/17065"}],"wp:attachment":[{"href":"https:\/\/radiolitoral.com\/ca\/wp-json\/wp\/v2\/media?parent=17063"}],"wp:term":[{"taxonomy":"category","embeddable":true,"href":"https:\/\/radiolitoral.com\/ca\/wp-json\/wp\/v2\/categories?post=17063"},{"taxonomy":"post_tag","embeddable":true,"href":"https:\/\/radiolitoral.com\/ca\/wp-json\/wp\/v2\/tags?post=17063"}],"curies":[{"name":"wp","href":"https:\/\/api.w.org\/{rel}","templated":true}]}}