{"id":17013,"date":"2025-05-30T10:21:49","date_gmt":"2025-05-30T08:21:49","guid":{"rendered":"https:\/\/radiolitoral.com\/?p=17013"},"modified":"2025-05-30T10:21:49","modified_gmt":"2025-05-30T08:21:49","slug":"el-poble-nou-de-benitatxell-registra-una-caiguda-del-12-a-la-delinquencia","status":"publish","type":"post","link":"https:\/\/radiolitoral.com\/ca\/2025\/05\/el-poble-nou-de-benitatxell-registra-una-caida-del-12-en-la-delincuencia\/","title":{"rendered":"El Poble Nou de Benitatxell registra una caiguda del 12% a la delinq\u00fc\u00e8ncia"},"content":{"rendered":"<p data-start=\"359\" data-end=\"817\">El <strong>Poble Nou de Benitatxell<\/strong> ha experimentat un <strong data-start=\"423\" data-end=\"474\">descens del 12% als \u00edndexs de delinq\u00fc\u00e8ncia<\/strong>, segons les dades presentades a la Junta Local de Seguretat celebrada el dimecres 29 de maig. A la reuni\u00f3, que va comptar amb la pres\u00e8ncia del subdelegat del govern a Alacant, Juan Antonio Nieves, i l&#039;alcalde Miguel \u00c1ngel Garc\u00eda, es va destacar que la taxa de criminalitat local es troba <strong data-start=\"767\" data-end=\"816\">deu punts per sota de la mitjana provincial<\/strong>.<\/p>\n<p data-start=\"819\" data-end=\"1147\">El coronel en cap de la Comand\u00e0ncia d&#039;Alacant, Jos\u00e9 Hern\u00e1ndez, va valorar positivament aquestes dades afirmant que \u201cs\u00f3n molt bones\u201d. La majoria dels delictes comesos a la localitat es relacionen amb robatoris en habitatges i contra el patrimoni, i la taxa d&#039;aclariment supera el 80%, xifra que reflecteix l&#039;efic\u00e0cia policial.<\/p>\n<figure id=\"attachment_17015\" aria-describedby=\"caption-attachment-17015\" style=\"width: 2560px\" class=\"wp-caption aligncenter\"><a href=\"https:\/\/media.radiolitoral.com\/wp-content\/uploads\/2025\/05\/30102040\/IMG_5554-scaled.jpg\"><img loading=\"lazy\" decoding=\"async\" class=\"wp-image-17015 size-full\" src=\"https:\/\/media.radiolitoral.com\/wp-content\/uploads\/2025\/05\/30102040\/IMG_5554-scaled.jpg\" alt=\"\" width=\"2560\" height=\"1920\" srcset=\"https:\/\/media.radiolitoral.com\/wp-content\/uploads\/2025\/05\/30102040\/IMG_5554-scaled.jpg 2560w, https:\/\/media.radiolitoral.com\/wp-content\/uploads\/2025\/05\/30102040\/IMG_5554-300x225.jpg 300w, https:\/\/media.radiolitoral.com\/wp-content\/uploads\/2025\/05\/30102040\/IMG_5554-1024x768.jpg 1024w, https:\/\/media.radiolitoral.com\/wp-content\/uploads\/2025\/05\/30102040\/IMG_5554-768x576.jpg 768w, https:\/\/media.radiolitoral.com\/wp-content\/uploads\/2025\/05\/30102040\/IMG_5554-1536x1152.jpg 1536w, https:\/\/media.radiolitoral.com\/wp-content\/uploads\/2025\/05\/30102040\/IMG_5554-2048x1536.jpg 2048w, https:\/\/media.radiolitoral.com\/wp-content\/uploads\/2025\/05\/30102040\/IMG_5554-16x12.jpg 16w, https:\/\/media.radiolitoral.com\/wp-content\/uploads\/2025\/05\/30102040\/IMG_5554-1000x750.jpg 1000w, https:\/\/media.radiolitoral.com\/wp-content\/uploads\/2025\/05\/30102040\/IMG_5554-100x75.jpg 100w, https:\/\/media.radiolitoral.com\/wp-content\/uploads\/2025\/05\/30102040\/IMG_5554-200x150.jpg 200w\" sizes=\"auto, (max-width: 2560px) 100vw, 2560px\" \/><\/a><figcaption id=\"caption-attachment-17015\" class=\"wp-caption-text\">Junta de seguretat | El Poble Nou de Benitatxell<\/figcaption><\/figure>\n<h3 data-start=\"1154\" data-end=\"1197\">Coordinaci\u00f3 entre cossos de seguretat<\/h3>\n<p data-start=\"1199\" data-end=\"1700\">La trobada va posar en valor l&#039;estreta col\u00b7laboraci\u00f3 entre la Gu\u00e0rdia Civil i la Policia Local, especialment a la <strong>protecci\u00f3 a v\u00edctimes de viol\u00e8ncia de g\u00e8nere<\/strong>. Actualment, el municipi t\u00e9 actius 27 casos, 12 dels quals s\u00f3n supervisats per la Gu\u00e0rdia Civil i 15 per la Policia Local, segons el nivell de risc. El coronel Hern\u00e1ndez va subratllar la import\u00e0ncia del suport policial en casos greus que requereixen vigil\u00e0ncia permanent, declarant que \u201cdemanem suport a la policia per als casos greus\u201d.<\/p>\n<p data-start=\"1702\" data-end=\"1951\">L&#039;agent Jos\u00e9 Lu\u00eds Blanco, de la unitat especialitzada en viol\u00e8ncia de g\u00e8nere Grup Lloren\u00e7a, va comentar que \u201cles dades es mantenen cada any, per\u00f2 es percep que les v\u00edctimes tenen menys por de denunciar perqu\u00e8 es veuen protegides i acompanyades\u201d.<\/p>\n<h3 data-start=\"1958\" data-end=\"2008\">Enfortiment de recursos i treball conjunt<\/h3>\n<p data-start=\"2010\" data-end=\"2405\">El tinent comandant del Lloc principal de X\u00e0bia, Jos\u00e9 Javier Ma\u00f1as, va destacar la \u201cmolt bona, immillorable\u201d relaci\u00f3 professional i personal amb la Policia Local, un factor que considera fonamental per millorar la seguretat municipal.<strong> 15 nous agents i diversos alumnes en pr\u00e0ctiques<\/strong> al lloc de X\u00e0bia, cosa que suposar\u00e0 un refor\u00e7 significatiu.<\/p>\n<p data-start=\"2407\" data-end=\"2761\">L&#039;alcalde Miguel \u00c1ngel Garc\u00eda va valorar aquest refor\u00e7 policial com a \u201cuna cosa s\u00faper necess\u00e0ria\u201d, reconeixent l&#039;esfor\u00e7 constant dels agents locals i el seu comprom\u00eds amb el municipi. A m\u00e9s, va ressaltar la bona coordinaci\u00f3 amb la Policia Nacional i la Policia Auton\u00f2mica, encarregades d&#039;\u00e0rees espec\u00edfiques com ara estrangeria, control d&#039;establiments i lleure.<\/p>\n<p data-start=\"2763\" data-end=\"2920\">&quot;Estem s\u00faper orgullosos, perqu\u00e8 veiem la gran feina que fan dia a dia. La gent no \u00e9s conscient&quot;, va afirmar Garc\u00eda sobre la tasca de la Policia Local.<\/p>\n<h3 data-start=\"2927\" data-end=\"2962\">Prevenci\u00f3 i noves tecnologies<\/h3>\n<p data-start=\"2964\" data-end=\"3254\">Durant la sessi\u00f3, el subdelegat del govern ha recordat la import\u00e0ncia d&#039;utilitzar l&#039;aplicaci\u00f3 &#039;AlertCops&#039;, una eina que permet a les v\u00edctimes activar una alerta immediata amb la ubicaci\u00f3 en casos d&#039;emerg\u00e8ncia, especialment \u00fatil per als qui pateixen viol\u00e8ncia de g\u00e8nere o sexual.<\/p>\n<p data-start=\"3256\" data-end=\"3544\">Tamb\u00e9 es va destacar la tasca del Pla Director, que des de comen\u00e7ament d&#039;any ha impartit quatre xerrades als centres educatius del municipi per conscienciar els joves sobre l&#039;\u00fas segur de les noves tecnologies i prevenir conductes delictives relacionades amb drogues i altres riscos.<\/p>","protected":false},"excerpt":{"rendered":"<p>El Poble Nou de Benitatxell ha experimentado un descenso del 12% en los \u00edndices de delincuencia, seg\u00fan los datos presentados en la Junta Local de Seguridad celebrada el mi\u00e9rcoles 29 de mayo. En la reuni\u00f3n, que cont\u00f3 con la presencia del subdelegado del gobierno en Alicante, Juan Antonio Nieves, y el alcalde Miguel \u00c1ngel Garc\u00eda, [&#8230;]<\/p>\n<p><a class=\"btn btn-secondary understrap-read-more-link\" href=\"https:\/\/radiolitoral.com\/ca\/2025\/05\/el-poble-nou-de-benitatxell-registra-una-caida-del-12-en-la-delincuencia\/\">Continua llegint&#8230;<span class=\"screen-reader-text\"> from El Poble Nou de Benitatxell registra una ca\u00edda del 12% en la delincuencia<\/span><\/a><\/p>\n","protected":false},"author":14,"featured_media":17014,"comment_status":"open","ping_status":"closed","sticky":false,"template":"","format":"standard","meta":{"_acf_changed":false,"inline_featured_image":false,"footnotes":""},"categories":[78],"tags":[4402,4413,185,52],"class_list":["post-17013","post","type-post","status-publish","format-standard","has-post-thumbnail","hentry","category-seguridad-ciudadana","tag-bentitatxell","tag-delicuencia","tag-el-poble-nou-de-benitatxell","tag-seguridad-ciudadana","cobertura-poble-nou-de-benitatxell"],"acf":[],"yoast_head":"<!-- This site is optimized with the Yoast SEO plugin v27.5 - https:\/\/yoast.com\/product\/yoast-seo-wordpress\/ -->\n<title>El Poble Nou de Benitatxell registra una ca\u00edda del 12% en la delincuencia | R\u00e0dio Litoral<\/title>\n<meta name=\"description\" content=\"La Junta Local de Seguridad analiza las cifras y el trabajo conjunto de los cuerpos policiales\" \/>\n<meta name=\"robots\" content=\"index, follow, max-snippet:-1, max-image-preview:large, max-video-preview:-1\" \/>\n<link rel=\"canonical\" href=\"https:\/\/radiolitoral.com\/ca\/2025\/05\/el-poble-nou-de-benitatxell-registra-una-caiguda-del-12-a-la-delinquencia\/\" \/>\n<meta property=\"og:locale\" content=\"ca_ES\" \/>\n<meta property=\"og:type\" content=\"article\" \/>\n<meta property=\"og:title\" content=\"El Poble Nou de Benitatxell registra una ca\u00edda del 12% en la delincuencia | R\u00e0dio Litoral\" \/>\n<meta property=\"og:description\" content=\"La Junta Local de Seguridad analiza las cifras y el trabajo conjunto de los cuerpos policiales\" \/>\n<meta property=\"og:url\" content=\"https:\/\/radiolitoral.com\/ca\/2025\/05\/el-poble-nou-de-benitatxell-registra-una-caiguda-del-12-a-la-delinquencia\/\" \/>\n<meta property=\"og:site_name\" content=\"R\u00e0dio Litoral\" \/>\n<meta property=\"article:publisher\" content=\"https:\/\/www.facebook.com\/Laradiolitoral\/\" \/>\n<meta property=\"article:published_time\" content=\"2025-05-30T08:21:49+00:00\" \/>\n<meta property=\"og:image\" content=\"https:\/\/media.radiolitoral.com\/wp-content\/uploads\/2025\/05\/30102031\/IMG_5540-scaled.jpg\" \/>\n\t<meta property=\"og:image:width\" content=\"2560\" \/>\n\t<meta property=\"og:image:height\" content=\"1920\" \/>\n\t<meta property=\"og:image:type\" content=\"image\/jpeg\" \/>\n<meta name=\"author\" content=\"Redacci\u00f3n\" \/>\n<meta name=\"twitter:card\" content=\"summary_large_image\" \/>\n<meta name=\"twitter:label1\" content=\"Escrit per\" \/>\n\t<meta name=\"twitter:data1\" content=\"Redacci\u00f3n\" \/>\n\t<meta name=\"twitter:label2\" content=\"Temps estimat de lectura\" \/>\n\t<meta name=\"twitter:data2\" content=\"3 minuts\" \/>\n<script type=\"application\/ld+json\" class=\"yoast-schema-graph\">{\"@context\":\"https:\\\/\\\/schema.org\",\"@graph\":[{\"@type\":\"NewsArticle\",\"@id\":\"https:\\\/\\\/radiolitoral.com\\\/2025\\\/05\\\/el-poble-nou-de-benitatxell-registra-una-caida-del-12-en-la-delincuencia\\\/#article\",\"isPartOf\":{\"@id\":\"https:\\\/\\\/radiolitoral.com\\\/2025\\\/05\\\/el-poble-nou-de-benitatxell-registra-una-caida-del-12-en-la-delincuencia\\\/\"},\"author\":{\"name\":\"Redacci\u00f3n\",\"@id\":\"https:\\\/\\\/radiolitoral.com\\\/#\\\/schema\\\/person\\\/96b739642eb3bedb532aac3812d23307\"},\"headline\":\"El Poble Nou de Benitatxell registra una ca\u00edda del 12% en la delincuencia\",\"datePublished\":\"2025-05-30T08:21:49+00:00\",\"mainEntityOfPage\":{\"@id\":\"https:\\\/\\\/radiolitoral.com\\\/2025\\\/05\\\/el-poble-nou-de-benitatxell-registra-una-caida-del-12-en-la-delincuencia\\\/\"},\"wordCount\":567,\"commentCount\":0,\"publisher\":{\"@id\":\"https:\\\/\\\/radiolitoral.com\\\/#organization\"},\"image\":{\"@id\":\"https:\\\/\\\/radiolitoral.com\\\/2025\\\/05\\\/el-poble-nou-de-benitatxell-registra-una-caida-del-12-en-la-delincuencia\\\/#primaryimage\"},\"thumbnailUrl\":\"https:\\\/\\\/media.radiolitoral.com\\\/wp-content\\\/uploads\\\/2025\\\/05\\\/30102031\\\/IMG_5540-scaled.jpg\",\"keywords\":[\"Bentitatxell\",\"delicuencia\",\"El Poble Nou de Benitatxell\",\"Seguridad Ciudadana\"],\"articleSection\":[\"Seguridad Ciudadana\"],\"inLanguage\":\"ca\",\"potentialAction\":[{\"@type\":\"CommentAction\",\"name\":\"Comment\",\"target\":[\"https:\\\/\\\/radiolitoral.com\\\/2025\\\/05\\\/el-poble-nou-de-benitatxell-registra-una-caida-del-12-en-la-delincuencia\\\/#respond\"]}]},{\"@type\":[\"WebPage\",\"ItemPage\"],\"@id\":\"https:\\\/\\\/radiolitoral.com\\\/2025\\\/05\\\/el-poble-nou-de-benitatxell-registra-una-caida-del-12-en-la-delincuencia\\\/\",\"url\":\"https:\\\/\\\/radiolitoral.com\\\/2025\\\/05\\\/el-poble-nou-de-benitatxell-registra-una-caida-del-12-en-la-delincuencia\\\/\",\"name\":\"El Poble Nou de Benitatxell registra una ca\u00edda del 12% en la delincuencia | R\u00e0dio Litoral\",\"isPartOf\":{\"@id\":\"https:\\\/\\\/radiolitoral.com\\\/#website\"},\"primaryImageOfPage\":{\"@id\":\"https:\\\/\\\/radiolitoral.com\\\/2025\\\/05\\\/el-poble-nou-de-benitatxell-registra-una-caida-del-12-en-la-delincuencia\\\/#primaryimage\"},\"image\":{\"@id\":\"https:\\\/\\\/radiolitoral.com\\\/2025\\\/05\\\/el-poble-nou-de-benitatxell-registra-una-caida-del-12-en-la-delincuencia\\\/#primaryimage\"},\"thumbnailUrl\":\"https:\\\/\\\/media.radiolitoral.com\\\/wp-content\\\/uploads\\\/2025\\\/05\\\/30102031\\\/IMG_5540-scaled.jpg\",\"datePublished\":\"2025-05-30T08:21:49+00:00\",\"description\":\"La Junta Local de Seguridad analiza las cifras y el trabajo conjunto de los cuerpos policiales\",\"breadcrumb\":{\"@id\":\"https:\\\/\\\/radiolitoral.com\\\/2025\\\/05\\\/el-poble-nou-de-benitatxell-registra-una-caida-del-12-en-la-delincuencia\\\/#breadcrumb\"},\"inLanguage\":\"ca\",\"potentialAction\":[{\"@type\":\"ReadAction\",\"target\":[\"https:\\\/\\\/radiolitoral.com\\\/2025\\\/05\\\/el-poble-nou-de-benitatxell-registra-una-caida-del-12-en-la-delincuencia\\\/\"]}]},{\"@type\":\"ImageObject\",\"inLanguage\":\"ca\",\"@id\":\"https:\\\/\\\/radiolitoral.com\\\/2025\\\/05\\\/el-poble-nou-de-benitatxell-registra-una-caida-del-12-en-la-delincuencia\\\/#primaryimage\",\"url\":\"https:\\\/\\\/media.radiolitoral.com\\\/wp-content\\\/uploads\\\/2025\\\/05\\\/30102031\\\/IMG_5540-scaled.jpg\",\"contentUrl\":\"https:\\\/\\\/media.radiolitoral.com\\\/wp-content\\\/uploads\\\/2025\\\/05\\\/30102031\\\/IMG_5540-scaled.jpg\",\"width\":2560,\"height\":1920},{\"@type\":\"BreadcrumbList\",\"@id\":\"https:\\\/\\\/radiolitoral.com\\\/2025\\\/05\\\/el-poble-nou-de-benitatxell-registra-una-caida-del-12-en-la-delincuencia\\\/#breadcrumb\",\"itemListElement\":[{\"@type\":\"ListItem\",\"position\":1,\"name\":\"Portada\",\"item\":\"https:\\\/\\\/radiolitoral.com\\\/\"},{\"@type\":\"ListItem\",\"position\":2,\"name\":\"El Poble Nou de Benitatxell registra una ca\u00edda del 12% en la delincuencia\"}]},{\"@type\":\"WebSite\",\"@id\":\"https:\\\/\\\/radiolitoral.com\\\/#website\",\"url\":\"https:\\\/\\\/radiolitoral.com\\\/\",\"name\":\"Radio Litoral\",\"description\":\"La radio local de la Marina Alta\",\"publisher\":{\"@id\":\"https:\\\/\\\/radiolitoral.com\\\/#organization\"},\"alternateName\":\"Litoral FM\",\"potentialAction\":[{\"@type\":\"SearchAction\",\"target\":{\"@type\":\"EntryPoint\",\"urlTemplate\":\"https:\\\/\\\/radiolitoral.com\\\/?s={search_term_string}\"},\"query-input\":{\"@type\":\"PropertyValueSpecification\",\"valueRequired\":true,\"valueName\":\"search_term_string\"}}],\"inLanguage\":\"ca\"},{\"@type\":\"Organization\",\"@id\":\"https:\\\/\\\/radiolitoral.com\\\/#organization\",\"name\":\"Radio Litoral\",\"url\":\"https:\\\/\\\/radiolitoral.com\\\/\",\"logo\":{\"@type\":\"ImageObject\",\"inLanguage\":\"ca\",\"@id\":\"https:\\\/\\\/radiolitoral.com\\\/#\\\/schema\\\/logo\\\/image\\\/\",\"url\":\"https:\\\/\\\/media.radiolitoral.com\\\/wp-content\\\/uploads\\\/2023\\\/02\\\/24143238\\\/CL-V-RadioLitoral696.png\",\"contentUrl\":\"https:\\\/\\\/media.radiolitoral.com\\\/wp-content\\\/uploads\\\/2023\\\/02\\\/24143238\\\/CL-V-RadioLitoral696.png\",\"width\":696,\"height\":696,\"caption\":\"Radio Litoral\"},\"image\":{\"@id\":\"https:\\\/\\\/radiolitoral.com\\\/#\\\/schema\\\/logo\\\/image\\\/\"},\"sameAs\":[\"https:\\\/\\\/www.facebook.com\\\/Laradiolitoral\\\/\"]},{\"@type\":\"Person\",\"@id\":\"https:\\\/\\\/radiolitoral.com\\\/#\\\/schema\\\/person\\\/96b739642eb3bedb532aac3812d23307\",\"name\":\"Redacci\u00f3n\",\"image\":{\"@type\":\"ImageObject\",\"inLanguage\":\"ca\",\"@id\":\"https:\\\/\\\/secure.gravatar.com\\\/avatar\\\/30cd06129ee90411dd9c7cbdcf17464181d1a3c7b072e92070ea75a25cf0097e?s=96&d=mm&r=g\",\"url\":\"https:\\\/\\\/secure.gravatar.com\\\/avatar\\\/30cd06129ee90411dd9c7cbdcf17464181d1a3c7b072e92070ea75a25cf0097e?s=96&d=mm&r=g\",\"contentUrl\":\"https:\\\/\\\/secure.gravatar.com\\\/avatar\\\/30cd06129ee90411dd9c7cbdcf17464181d1a3c7b072e92070ea75a25cf0097e?s=96&d=mm&r=g\",\"caption\":\"Redacci\u00f3n\"},\"url\":\"https:\\\/\\\/radiolitoral.com\\\/ca\\\/author\\\/kevin-carrio\\\/\"}]}<\/script>\n<!-- \/ Yoast SEO plugin. -->","yoast_head_json":{"title":"El Poble Nou de Benitatxell registra una caiguda del 12% a la delinq\u00fc\u00e8ncia | R\u00e0dio Litoral","description":"La Junta Local de Seguretat analitza les xifres i el treball conjunt dels cossos policials","robots":{"index":"index","follow":"follow","max-snippet":"max-snippet:-1","max-image-preview":"max-image-preview:large","max-video-preview":"max-video-preview:-1"},"canonical":"https:\/\/radiolitoral.com\/ca\/2025\/05\/el-poble-nou-de-benitatxell-registra-una-caiguda-del-12-a-la-delinquencia\/","og_locale":"ca_ES","og_type":"article","og_title":"El Poble Nou de Benitatxell registra una ca\u00edda del 12% en la delincuencia | R\u00e0dio Litoral","og_description":"La Junta Local de Seguridad analiza las cifras y el trabajo conjunto de los cuerpos policiales","og_url":"https:\/\/radiolitoral.com\/ca\/2025\/05\/el-poble-nou-de-benitatxell-registra-una-caiguda-del-12-a-la-delinquencia\/","og_site_name":"R\u00e0dio Litoral","article_publisher":"https:\/\/www.facebook.com\/Laradiolitoral\/","article_published_time":"2025-05-30T08:21:49+00:00","og_image":[{"width":2560,"height":1920,"url":"https:\/\/media.radiolitoral.com\/wp-content\/uploads\/2025\/05\/30102031\/IMG_5540-scaled.jpg","type":"image\/jpeg"}],"author":"Redacci\u00f3n","twitter_card":"summary_large_image","twitter_misc":{"Escrit per":"Redacci\u00f3n","Temps estimat de lectura":"3 minuts"},"schema":{"@context":"https:\/\/schema.org","@graph":[{"@type":"NewsArticle","@id":"https:\/\/radiolitoral.com\/2025\/05\/el-poble-nou-de-benitatxell-registra-una-caida-del-12-en-la-delincuencia\/#article","isPartOf":{"@id":"https:\/\/radiolitoral.com\/2025\/05\/el-poble-nou-de-benitatxell-registra-una-caida-del-12-en-la-delincuencia\/"},"author":{"name":"Redacci\u00f3n","@id":"https:\/\/radiolitoral.com\/#\/schema\/person\/96b739642eb3bedb532aac3812d23307"},"headline":"El Poble Nou de Benitatxell registra una ca\u00edda del 12% en la delincuencia","datePublished":"2025-05-30T08:21:49+00:00","mainEntityOfPage":{"@id":"https:\/\/radiolitoral.com\/2025\/05\/el-poble-nou-de-benitatxell-registra-una-caida-del-12-en-la-delincuencia\/"},"wordCount":567,"commentCount":0,"publisher":{"@id":"https:\/\/radiolitoral.com\/#organization"},"image":{"@id":"https:\/\/radiolitoral.com\/2025\/05\/el-poble-nou-de-benitatxell-registra-una-caida-del-12-en-la-delincuencia\/#primaryimage"},"thumbnailUrl":"https:\/\/media.radiolitoral.com\/wp-content\/uploads\/2025\/05\/30102031\/IMG_5540-scaled.jpg","keywords":["Bentitatxell","delicuencia","El Poble Nou de Benitatxell","Seguridad Ciudadana"],"articleSection":["Seguridad Ciudadana"],"inLanguage":"ca","potentialAction":[{"@type":"CommentAction","name":"Comment","target":["https:\/\/radiolitoral.com\/2025\/05\/el-poble-nou-de-benitatxell-registra-una-caida-del-12-en-la-delincuencia\/#respond"]}]},{"@type":["WebPage","ItemPage"],"@id":"https:\/\/radiolitoral.com\/2025\/05\/el-poble-nou-de-benitatxell-registra-una-caida-del-12-en-la-delincuencia\/","url":"https:\/\/radiolitoral.com\/2025\/05\/el-poble-nou-de-benitatxell-registra-una-caida-del-12-en-la-delincuencia\/","name":"El Poble Nou de Benitatxell registra una caiguda del 12% a la delinq\u00fc\u00e8ncia | R\u00e0dio Litoral","isPartOf":{"@id":"https:\/\/radiolitoral.com\/#website"},"primaryImageOfPage":{"@id":"https:\/\/radiolitoral.com\/2025\/05\/el-poble-nou-de-benitatxell-registra-una-caida-del-12-en-la-delincuencia\/#primaryimage"},"image":{"@id":"https:\/\/radiolitoral.com\/2025\/05\/el-poble-nou-de-benitatxell-registra-una-caida-del-12-en-la-delincuencia\/#primaryimage"},"thumbnailUrl":"https:\/\/media.radiolitoral.com\/wp-content\/uploads\/2025\/05\/30102031\/IMG_5540-scaled.jpg","datePublished":"2025-05-30T08:21:49+00:00","description":"La Junta Local de Seguretat analitza les xifres i el treball conjunt dels cossos policials","breadcrumb":{"@id":"https:\/\/radiolitoral.com\/2025\/05\/el-poble-nou-de-benitatxell-registra-una-caida-del-12-en-la-delincuencia\/#breadcrumb"},"inLanguage":"ca","potentialAction":[{"@type":"ReadAction","target":["https:\/\/radiolitoral.com\/2025\/05\/el-poble-nou-de-benitatxell-registra-una-caida-del-12-en-la-delincuencia\/"]}]},{"@type":"ImageObject","inLanguage":"ca","@id":"https:\/\/radiolitoral.com\/2025\/05\/el-poble-nou-de-benitatxell-registra-una-caida-del-12-en-la-delincuencia\/#primaryimage","url":"https:\/\/media.radiolitoral.com\/wp-content\/uploads\/2025\/05\/30102031\/IMG_5540-scaled.jpg","contentUrl":"https:\/\/media.radiolitoral.com\/wp-content\/uploads\/2025\/05\/30102031\/IMG_5540-scaled.jpg","width":2560,"height":1920},{"@type":"BreadcrumbList","@id":"https:\/\/radiolitoral.com\/2025\/05\/el-poble-nou-de-benitatxell-registra-una-caida-del-12-en-la-delincuencia\/#breadcrumb","itemListElement":[{"@type":"ListItem","position":1,"name":"Portada","item":"https:\/\/radiolitoral.com\/"},{"@type":"ListItem","position":2,"name":"El Poble Nou de Benitatxell registra una ca\u00edda del 12% en la delincuencia"}]},{"@type":"WebSite","@id":"https:\/\/radiolitoral.com\/#website","url":"https:\/\/radiolitoral.com\/","name":"R\u00e0dio Litoral","description":"La r\u00e0dio local de la Marina Alta","publisher":{"@id":"https:\/\/radiolitoral.com\/#organization"},"alternateName":"Litoral FM","potentialAction":[{"@type":"SearchAction","target":{"@type":"EntryPoint","urlTemplate":"https:\/\/radiolitoral.com\/?s={search_term_string}"},"query-input":{"@type":"PropertyValueSpecification","valueRequired":true,"valueName":"search_term_string"}}],"inLanguage":"ca"},{"@type":"Organization","@id":"https:\/\/radiolitoral.com\/#organization","name":"R\u00e0dio Litoral","url":"https:\/\/radiolitoral.com\/","logo":{"@type":"ImageObject","inLanguage":"ca","@id":"https:\/\/radiolitoral.com\/#\/schema\/logo\/image\/","url":"https:\/\/media.radiolitoral.com\/wp-content\/uploads\/2023\/02\/24143238\/CL-V-RadioLitoral696.png","contentUrl":"https:\/\/media.radiolitoral.com\/wp-content\/uploads\/2023\/02\/24143238\/CL-V-RadioLitoral696.png","width":696,"height":696,"caption":"Radio Litoral"},"image":{"@id":"https:\/\/radiolitoral.com\/#\/schema\/logo\/image\/"},"sameAs":["https:\/\/www.facebook.com\/Laradiolitoral\/"]},{"@type":"Person","@id":"https:\/\/radiolitoral.com\/#\/schema\/person\/96b739642eb3bedb532aac3812d23307","name":"Redacci\u00f3","image":{"@type":"ImageObject","inLanguage":"ca","@id":"https:\/\/secure.gravatar.com\/avatar\/30cd06129ee90411dd9c7cbdcf17464181d1a3c7b072e92070ea75a25cf0097e?s=96&d=mm&r=g","url":"https:\/\/secure.gravatar.com\/avatar\/30cd06129ee90411dd9c7cbdcf17464181d1a3c7b072e92070ea75a25cf0097e?s=96&d=mm&r=g","contentUrl":"https:\/\/secure.gravatar.com\/avatar\/30cd06129ee90411dd9c7cbdcf17464181d1a3c7b072e92070ea75a25cf0097e?s=96&d=mm&r=g","caption":"Redacci\u00f3n"},"url":"https:\/\/radiolitoral.com\/ca\/author\/kevin-carrio\/"}]}},"_links":{"self":[{"href":"https:\/\/radiolitoral.com\/ca\/wp-json\/wp\/v2\/posts\/17013","targetHints":{"allow":["GET"]}}],"collection":[{"href":"https:\/\/radiolitoral.com\/ca\/wp-json\/wp\/v2\/posts"}],"about":[{"href":"https:\/\/radiolitoral.com\/ca\/wp-json\/wp\/v2\/types\/post"}],"author":[{"embeddable":true,"href":"https:\/\/radiolitoral.com\/ca\/wp-json\/wp\/v2\/users\/14"}],"replies":[{"embeddable":true,"href":"https:\/\/radiolitoral.com\/ca\/wp-json\/wp\/v2\/comments?post=17013"}],"version-history":[{"count":1,"href":"https:\/\/radiolitoral.com\/ca\/wp-json\/wp\/v2\/posts\/17013\/revisions"}],"predecessor-version":[{"id":17018,"href":"https:\/\/radiolitoral.com\/ca\/wp-json\/wp\/v2\/posts\/17013\/revisions\/17018"}],"wp:featuredmedia":[{"embeddable":true,"href":"https:\/\/radiolitoral.com\/ca\/wp-json\/wp\/v2\/media\/17014"}],"wp:attachment":[{"href":"https:\/\/radiolitoral.com\/ca\/wp-json\/wp\/v2\/media?parent=17013"}],"wp:term":[{"taxonomy":"category","embeddable":true,"href":"https:\/\/radiolitoral.com\/ca\/wp-json\/wp\/v2\/categories?post=17013"},{"taxonomy":"post_tag","embeddable":true,"href":"https:\/\/radiolitoral.com\/ca\/wp-json\/wp\/v2\/tags?post=17013"}],"curies":[{"name":"wp","href":"https:\/\/api.w.org\/{rel}","templated":true}]}}