{"id":16991,"date":"2025-05-29T10:26:06","date_gmt":"2025-05-29T08:26:06","guid":{"rendered":"https:\/\/radiolitoral.com\/?p=16991"},"modified":"2025-05-29T10:26:06","modified_gmt":"2025-05-29T08:26:06","slug":"virginia-perez-no-nomes-es-una-escola-de-conciliacio-es-una-escola-de-diversio-on-els-nens-sho-passaran-dallo-mes-be","status":"publish","type":"post","link":"https:\/\/radiolitoral.com\/ca\/2025\/05\/virginia-perez-no-solo-es-una-escuela-de-conciliacion-es-una-escuela-de-diversion-en-la-que-los-ninos-se-lo-van-a-pasar-en-grande\/","title":{"rendered":"Virginia P\u00e9rez: \u201cNo nom\u00e9s \u00e9s una escola de conciliaci\u00f3, \u00e9s una escola de diversi\u00f3, on els nens s&#039;ho passaran d&#039;all\u00f2 m\u00e9s b\u00e9\u201d"},"content":{"rendered":"<p>Amb l&#039;estiu a la cantonada, avui al <strong>Primer Caf\u00e8 de R\u00e0dio Litoral<\/strong> li hem posat uns gla\u00e7ons de gel i ho hem aprofitat per organitzar els imminents mesos estivals amb els petits de la casa de vacances i nosaltres sense deixar de treballar. Aquest mat\u00ed hem conversat amb<strong> la regidora d&#039;Educaci\u00f3 de Benissa, Virginia P\u00e9rez<\/strong>, sobre <strong>l&#039;Escola d&#039;Estiu 2025<\/strong>. Una iniciativa que s&#039;ofereix a les fam\u00edlies per contribuir a la conciliaci\u00f3 familiar, del <strong>23 de juny al 14 d&#039;agost<\/strong>.Una consolidada proposta l\u00fadica i formativa que enguany inclou com <strong>principal novetat el Baby Sport<\/strong>, pensat per als nens i nenes <strong>nascuts el 2022<\/strong>.<\/p>\n<p>Com ens ha explicat la nostra convidada aquest estiu des de l&#039;Ajuntament s&#039;ha decidit donar resposta a les fam\u00edlies amb fills d&#039;entre 2 i 3 anys davant de la necessitat de conciliar durant un per\u00edode en qu\u00e8 els m\u00e9s petits no van a l&#039;escola.<\/p>\n<p>D&#039;aquesta manera, amb la incorporaci\u00f3 del grup d&#039;escolars nascuts el 2022, l&#039;Escola d&#039;Estiu 2025 acollir\u00e0 m\u00e9s de 300 nens i nenes entre 2 i 14 anys. Una proposta que facilita lorganitzaci\u00f3 familiar i que aporta una alternativa l\u00fadica i de socialitzaci\u00f3 per als escolars durant el per\u00edode de vacances estival.<\/p>\n<p>Un estiu m\u00e9s els nens i nenes que hi participin podran gaudir de diversos tallers, activitats sensorials, jocs d&#039;aigua, sortides l\u00fadiques, manualitats i molt m\u00e9s.<\/p>\n<p>Les <strong>inscripcions estaran obertes a parir del dilluns 2 de juny a les 8 del mat\u00ed<\/strong>A m\u00e9s, s&#039;ha creat un QR que informa tant de la programaci\u00f3 de l&#039;Escola d&#039;Estiu 2025 com del proc\u00e9s d&#039;inscripci\u00f3. Les places s\u00f3n limitades i tindran prioritat els nens i nenes empadronats a Benissa.<\/p>\n<p>Si teniu petits a casa, si viviu a Benissa i heu de fer malabars per conciliar vacances escolars i vida laboral, podeu tornar a escoltar l&#039;entrevista aqu\u00ed i obtenir-ne m\u00e9s informaci\u00f3.<\/p>\n<audio class=\"wp-audio-shortcode\" id=\"audio-16991-1\" preload=\"none\" style=\"width: 100%;\" controls=\"controls\"><source type=\"audio\/mpeg\" src=\"https:\/\/media.radiolitoral.com\/wp-content\/uploads\/2025\/05\/29102120\/Primer-Cafe-Escola-Estiu-Benissa.mp3?_=1\" \/><a href=\"https:\/\/media.radiolitoral.com\/wp-content\/uploads\/2025\/05\/29102120\/Primer-Cafe-Escola-Estiu-Benissa.mp3\">https:\/\/media.radiolitoral.com\/wp-content\/uploads\/2025\/05\/29102120\/Primer-Cafe-Escola-Estiu-Benissa.mp3<\/a><\/audio>\n<p>&nbsp;<\/p>","protected":false},"excerpt":{"rendered":"<p>Con el verano a la vuelta de la esquina, hoy al Primer Caf\u00e9 de Radio Litoral le hemos puesto unos cubitos de hielo y lo hemos aprovechado para organizar los inminentes meses estivales con los peque\u00f1os de la casa de vacaciones y nosotros sin dejar de trabajar. Esta ma\u00f1ana hemos conversado con la concejala de [&#8230;]<\/p>\n<p><a class=\"btn btn-secondary understrap-read-more-link\" href=\"https:\/\/radiolitoral.com\/ca\/2025\/05\/virginia-perez-no-solo-es-una-escuela-de-conciliacion-es-una-escuela-de-diversion-en-la-que-los-ninos-se-lo-van-a-pasar-en-grande\/\">Continua llegint&#8230;<span class=\"screen-reader-text\"> from Virginia P\u00e9rez: \u201cNo solo es una escuela de conciliaci\u00f3n, es una escuela de diversi\u00f3n, en la que los ni\u00f1os se lo van a pasar en grande\u201d<\/span><\/a><\/p>\n","protected":false},"author":13,"featured_media":16993,"comment_status":"open","ping_status":"closed","sticky":false,"template":"","format":"standard","meta":{"_acf_changed":false,"inline_featured_image":false,"footnotes":""},"categories":[130,2753],"tags":[4409,4074,4408,2312,4076,1425,2388],"class_list":["post-16991","post","type-post","status-publish","format-standard","has-post-thumbnail","hentry","category-educacion","category-entrevistas","tag-baby-sport","tag-conciliacion-familiar","tag-escola-destiu","tag-primer-cafe","tag-vacaciones-escolares","tag-verano","tag-virginia-perez","cobertura-benissa"],"acf":[],"yoast_head":"<!-- This site is optimized with the Yoast SEO plugin v27.5 - https:\/\/yoast.com\/product\/yoast-seo-wordpress\/ -->\n<title>Virginia P\u00e9rez: \u201cNo solo es una escuela de conciliaci\u00f3n, es una escuela de diversi\u00f3n, en la que los ni\u00f1os se lo van a pasar en grande\u201d | R\u00e0dio Litoral<\/title>\n<meta name=\"description\" content=\"Benissa abre el periodo de inscripci\u00f3n en l\u2019Escola d\u2019Estiu 2025 el lunes 2 de junio e incluye oferta para ni\u00f1os nacidos en 2022\" \/>\n<meta name=\"robots\" content=\"index, follow, max-snippet:-1, max-image-preview:large, max-video-preview:-1\" \/>\n<link rel=\"canonical\" href=\"https:\/\/radiolitoral.com\/ca\/2025\/05\/virginia-perez-no-nomes-es-una-escola-de-conciliacio-es-una-escola-de-diversio-on-els-nens-sho-passaran-dallo-mes-be\/\" \/>\n<meta property=\"og:locale\" content=\"ca_ES\" \/>\n<meta property=\"og:type\" content=\"article\" \/>\n<meta property=\"og:title\" content=\"Virginia P\u00e9rez: \u201cNo solo es una escuela de conciliaci\u00f3n, es una escuela de diversi\u00f3n, en la que los ni\u00f1os se lo van a pasar en grande\u201d | R\u00e0dio Litoral\" \/>\n<meta property=\"og:description\" content=\"Benissa abre el periodo de inscripci\u00f3n en l\u2019Escola d\u2019Estiu 2025 el lunes 2 de junio e incluye oferta para ni\u00f1os nacidos en 2022\" \/>\n<meta property=\"og:url\" content=\"https:\/\/radiolitoral.com\/ca\/2025\/05\/virginia-perez-no-nomes-es-una-escola-de-conciliacio-es-una-escola-de-diversio-on-els-nens-sho-passaran-dallo-mes-be\/\" \/>\n<meta property=\"og:site_name\" content=\"R\u00e0dio Litoral\" \/>\n<meta property=\"article:publisher\" content=\"https:\/\/www.facebook.com\/Laradiolitoral\/\" \/>\n<meta property=\"article:published_time\" content=\"2025-05-29T08:26:06+00:00\" \/>\n<meta property=\"og:image\" content=\"https:\/\/media.radiolitoral.com\/wp-content\/uploads\/2025\/05\/29102223\/Virginia-Perez-Escola-Estiu.jpg\" \/>\n\t<meta property=\"og:image:width\" content=\"2000\" \/>\n\t<meta property=\"og:image:height\" content=\"1500\" \/>\n\t<meta property=\"og:image:type\" content=\"image\/jpeg\" \/>\n<meta name=\"author\" content=\"Redacci\u00f3n\" \/>\n<meta name=\"twitter:card\" content=\"summary_large_image\" \/>\n<meta name=\"twitter:label1\" content=\"Escrit per\" \/>\n\t<meta name=\"twitter:data1\" content=\"Redacci\u00f3n\" \/>\n\t<meta name=\"twitter:label2\" content=\"Temps estimat de lectura\" \/>\n\t<meta name=\"twitter:data2\" content=\"2 minuts\" \/>\n<script type=\"application\/ld+json\" class=\"yoast-schema-graph\">{\"@context\":\"https:\\\/\\\/schema.org\",\"@graph\":[{\"@type\":\"NewsArticle\",\"@id\":\"https:\\\/\\\/radiolitoral.com\\\/2025\\\/05\\\/virginia-perez-no-solo-es-una-escuela-de-conciliacion-es-una-escuela-de-diversion-en-la-que-los-ninos-se-lo-van-a-pasar-en-grande\\\/#article\",\"isPartOf\":{\"@id\":\"https:\\\/\\\/radiolitoral.com\\\/2025\\\/05\\\/virginia-perez-no-solo-es-una-escuela-de-conciliacion-es-una-escuela-de-diversion-en-la-que-los-ninos-se-lo-van-a-pasar-en-grande\\\/\"},\"author\":{\"name\":\"Redacci\u00f3n\",\"@id\":\"https:\\\/\\\/radiolitoral.com\\\/#\\\/schema\\\/person\\\/f2b2343c49b5d721857cc1002bfdb151\"},\"headline\":\"Virginia P\u00e9rez: \u201cNo solo es una escuela de conciliaci\u00f3n, es una escuela de diversi\u00f3n, en la que los ni\u00f1os se lo van a pasar en grande\u201d\",\"datePublished\":\"2025-05-29T08:26:06+00:00\",\"mainEntityOfPage\":{\"@id\":\"https:\\\/\\\/radiolitoral.com\\\/2025\\\/05\\\/virginia-perez-no-solo-es-una-escuela-de-conciliacion-es-una-escuela-de-diversion-en-la-que-los-ninos-se-lo-van-a-pasar-en-grande\\\/\"},\"wordCount\":416,\"commentCount\":0,\"publisher\":{\"@id\":\"https:\\\/\\\/radiolitoral.com\\\/#organization\"},\"image\":{\"@id\":\"https:\\\/\\\/radiolitoral.com\\\/2025\\\/05\\\/virginia-perez-no-solo-es-una-escuela-de-conciliacion-es-una-escuela-de-diversion-en-la-que-los-ninos-se-lo-van-a-pasar-en-grande\\\/#primaryimage\"},\"thumbnailUrl\":\"https:\\\/\\\/media.radiolitoral.com\\\/wp-content\\\/uploads\\\/2025\\\/05\\\/29102223\\\/Virginia-Perez-Escola-Estiu.jpg\",\"keywords\":[\"Baby Sport\",\"Conciliaci\u00f3n familiar\",\"Escola d'Estiu\",\"Primer Caf\u00e9\",\"vacaciones escolares\",\"verano\",\"Virginia P\u00e9rez\"],\"articleSection\":[\"Educaci\u00f3n\",\"Entrevistas\"],\"inLanguage\":\"ca\",\"potentialAction\":[{\"@type\":\"CommentAction\",\"name\":\"Comment\",\"target\":[\"https:\\\/\\\/radiolitoral.com\\\/2025\\\/05\\\/virginia-perez-no-solo-es-una-escuela-de-conciliacion-es-una-escuela-de-diversion-en-la-que-los-ninos-se-lo-van-a-pasar-en-grande\\\/#respond\"]}]},{\"@type\":[\"WebPage\",\"ItemPage\"],\"@id\":\"https:\\\/\\\/radiolitoral.com\\\/2025\\\/05\\\/virginia-perez-no-solo-es-una-escuela-de-conciliacion-es-una-escuela-de-diversion-en-la-que-los-ninos-se-lo-van-a-pasar-en-grande\\\/\",\"url\":\"https:\\\/\\\/radiolitoral.com\\\/2025\\\/05\\\/virginia-perez-no-solo-es-una-escuela-de-conciliacion-es-una-escuela-de-diversion-en-la-que-los-ninos-se-lo-van-a-pasar-en-grande\\\/\",\"name\":\"Virginia P\u00e9rez: \u201cNo solo es una escuela de conciliaci\u00f3n, es una escuela de diversi\u00f3n, en la que los ni\u00f1os se lo van a pasar en grande\u201d | R\u00e0dio Litoral\",\"isPartOf\":{\"@id\":\"https:\\\/\\\/radiolitoral.com\\\/#website\"},\"primaryImageOfPage\":{\"@id\":\"https:\\\/\\\/radiolitoral.com\\\/2025\\\/05\\\/virginia-perez-no-solo-es-una-escuela-de-conciliacion-es-una-escuela-de-diversion-en-la-que-los-ninos-se-lo-van-a-pasar-en-grande\\\/#primaryimage\"},\"image\":{\"@id\":\"https:\\\/\\\/radiolitoral.com\\\/2025\\\/05\\\/virginia-perez-no-solo-es-una-escuela-de-conciliacion-es-una-escuela-de-diversion-en-la-que-los-ninos-se-lo-van-a-pasar-en-grande\\\/#primaryimage\"},\"thumbnailUrl\":\"https:\\\/\\\/media.radiolitoral.com\\\/wp-content\\\/uploads\\\/2025\\\/05\\\/29102223\\\/Virginia-Perez-Escola-Estiu.jpg\",\"datePublished\":\"2025-05-29T08:26:06+00:00\",\"description\":\"Benissa abre el periodo de inscripci\u00f3n en l\u2019Escola d\u2019Estiu 2025 el lunes 2 de junio e incluye oferta para ni\u00f1os nacidos en 2022\",\"breadcrumb\":{\"@id\":\"https:\\\/\\\/radiolitoral.com\\\/2025\\\/05\\\/virginia-perez-no-solo-es-una-escuela-de-conciliacion-es-una-escuela-de-diversion-en-la-que-los-ninos-se-lo-van-a-pasar-en-grande\\\/#breadcrumb\"},\"inLanguage\":\"ca\",\"potentialAction\":[{\"@type\":\"ReadAction\",\"target\":[\"https:\\\/\\\/radiolitoral.com\\\/2025\\\/05\\\/virginia-perez-no-solo-es-una-escuela-de-conciliacion-es-una-escuela-de-diversion-en-la-que-los-ninos-se-lo-van-a-pasar-en-grande\\\/\"]}]},{\"@type\":\"ImageObject\",\"inLanguage\":\"ca\",\"@id\":\"https:\\\/\\\/radiolitoral.com\\\/2025\\\/05\\\/virginia-perez-no-solo-es-una-escuela-de-conciliacion-es-una-escuela-de-diversion-en-la-que-los-ninos-se-lo-van-a-pasar-en-grande\\\/#primaryimage\",\"url\":\"https:\\\/\\\/media.radiolitoral.com\\\/wp-content\\\/uploads\\\/2025\\\/05\\\/29102223\\\/Virginia-Perez-Escola-Estiu.jpg\",\"contentUrl\":\"https:\\\/\\\/media.radiolitoral.com\\\/wp-content\\\/uploads\\\/2025\\\/05\\\/29102223\\\/Virginia-Perez-Escola-Estiu.jpg\",\"width\":2000,\"height\":1500},{\"@type\":\"BreadcrumbList\",\"@id\":\"https:\\\/\\\/radiolitoral.com\\\/2025\\\/05\\\/virginia-perez-no-solo-es-una-escuela-de-conciliacion-es-una-escuela-de-diversion-en-la-que-los-ninos-se-lo-van-a-pasar-en-grande\\\/#breadcrumb\",\"itemListElement\":[{\"@type\":\"ListItem\",\"position\":1,\"name\":\"Portada\",\"item\":\"https:\\\/\\\/radiolitoral.com\\\/\"},{\"@type\":\"ListItem\",\"position\":2,\"name\":\"Virginia P\u00e9rez: \u201cNo solo es una escuela de conciliaci\u00f3n, es una escuela de diversi\u00f3n, en la que los ni\u00f1os se lo van a pasar en grande\u201d\"}]},{\"@type\":\"WebSite\",\"@id\":\"https:\\\/\\\/radiolitoral.com\\\/#website\",\"url\":\"https:\\\/\\\/radiolitoral.com\\\/\",\"name\":\"Radio Litoral\",\"description\":\"La radio local de la Marina Alta\",\"publisher\":{\"@id\":\"https:\\\/\\\/radiolitoral.com\\\/#organization\"},\"alternateName\":\"Litoral FM\",\"potentialAction\":[{\"@type\":\"SearchAction\",\"target\":{\"@type\":\"EntryPoint\",\"urlTemplate\":\"https:\\\/\\\/radiolitoral.com\\\/?s={search_term_string}\"},\"query-input\":{\"@type\":\"PropertyValueSpecification\",\"valueRequired\":true,\"valueName\":\"search_term_string\"}}],\"inLanguage\":\"ca\"},{\"@type\":\"Organization\",\"@id\":\"https:\\\/\\\/radiolitoral.com\\\/#organization\",\"name\":\"Radio Litoral\",\"url\":\"https:\\\/\\\/radiolitoral.com\\\/\",\"logo\":{\"@type\":\"ImageObject\",\"inLanguage\":\"ca\",\"@id\":\"https:\\\/\\\/radiolitoral.com\\\/#\\\/schema\\\/logo\\\/image\\\/\",\"url\":\"https:\\\/\\\/media.radiolitoral.com\\\/wp-content\\\/uploads\\\/2023\\\/02\\\/24143238\\\/CL-V-RadioLitoral696.png\",\"contentUrl\":\"https:\\\/\\\/media.radiolitoral.com\\\/wp-content\\\/uploads\\\/2023\\\/02\\\/24143238\\\/CL-V-RadioLitoral696.png\",\"width\":696,\"height\":696,\"caption\":\"Radio Litoral\"},\"image\":{\"@id\":\"https:\\\/\\\/radiolitoral.com\\\/#\\\/schema\\\/logo\\\/image\\\/\"},\"sameAs\":[\"https:\\\/\\\/www.facebook.com\\\/Laradiolitoral\\\/\"]},{\"@type\":\"Person\",\"@id\":\"https:\\\/\\\/radiolitoral.com\\\/#\\\/schema\\\/person\\\/f2b2343c49b5d721857cc1002bfdb151\",\"name\":\"Redacci\u00f3n\",\"image\":{\"@type\":\"ImageObject\",\"inLanguage\":\"ca\",\"@id\":\"https:\\\/\\\/secure.gravatar.com\\\/avatar\\\/f771d896c203ad8b3382d7905cfcce5a5c9b008b84b3cd9114e9b9f4cb63f789?s=96&d=mm&r=g\",\"url\":\"https:\\\/\\\/secure.gravatar.com\\\/avatar\\\/f771d896c203ad8b3382d7905cfcce5a5c9b008b84b3cd9114e9b9f4cb63f789?s=96&d=mm&r=g\",\"contentUrl\":\"https:\\\/\\\/secure.gravatar.com\\\/avatar\\\/f771d896c203ad8b3382d7905cfcce5a5c9b008b84b3cd9114e9b9f4cb63f789?s=96&d=mm&r=g\",\"caption\":\"Redacci\u00f3n\"},\"url\":\"https:\\\/\\\/radiolitoral.com\\\/ca\\\/author\\\/miriam-pagan\\\/\"}]}<\/script>\n<!-- \/ Yoast SEO plugin. -->","yoast_head_json":{"title":"Virginia P\u00e9rez: \u201cNo nom\u00e9s \u00e9s una escola de conciliaci\u00f3, \u00e9s una escola de diversi\u00f3, on els nens s&#039;ho passaran d&#039;all\u00f2 m\u00e9s b\u00e9\u201d | R\u00e0dio Litoral","description":"Benissa obre el per\u00edode d&#039;inscripci\u00f3 a l&#039;Escola d&#039;Estiu 2025 el dilluns 2 de juny i inclou oferta per a nens nascuts el 2022","robots":{"index":"index","follow":"follow","max-snippet":"max-snippet:-1","max-image-preview":"max-image-preview:large","max-video-preview":"max-video-preview:-1"},"canonical":"https:\/\/radiolitoral.com\/ca\/2025\/05\/virginia-perez-no-nomes-es-una-escola-de-conciliacio-es-una-escola-de-diversio-on-els-nens-sho-passaran-dallo-mes-be\/","og_locale":"ca_ES","og_type":"article","og_title":"Virginia P\u00e9rez: \u201cNo solo es una escuela de conciliaci\u00f3n, es una escuela de diversi\u00f3n, en la que los ni\u00f1os se lo van a pasar en grande\u201d | R\u00e0dio Litoral","og_description":"Benissa abre el periodo de inscripci\u00f3n en l\u2019Escola d\u2019Estiu 2025 el lunes 2 de junio e incluye oferta para ni\u00f1os nacidos en 2022","og_url":"https:\/\/radiolitoral.com\/ca\/2025\/05\/virginia-perez-no-nomes-es-una-escola-de-conciliacio-es-una-escola-de-diversio-on-els-nens-sho-passaran-dallo-mes-be\/","og_site_name":"R\u00e0dio Litoral","article_publisher":"https:\/\/www.facebook.com\/Laradiolitoral\/","article_published_time":"2025-05-29T08:26:06+00:00","og_image":[{"width":2000,"height":1500,"url":"https:\/\/media.radiolitoral.com\/wp-content\/uploads\/2025\/05\/29102223\/Virginia-Perez-Escola-Estiu.jpg","type":"image\/jpeg"}],"author":"Redacci\u00f3n","twitter_card":"summary_large_image","twitter_misc":{"Escrit per":"Redacci\u00f3n","Temps estimat de lectura":"2 minuts"},"schema":{"@context":"https:\/\/schema.org","@graph":[{"@type":"NewsArticle","@id":"https:\/\/radiolitoral.com\/2025\/05\/virginia-perez-no-solo-es-una-escuela-de-conciliacion-es-una-escuela-de-diversion-en-la-que-los-ninos-se-lo-van-a-pasar-en-grande\/#article","isPartOf":{"@id":"https:\/\/radiolitoral.com\/2025\/05\/virginia-perez-no-solo-es-una-escuela-de-conciliacion-es-una-escuela-de-diversion-en-la-que-los-ninos-se-lo-van-a-pasar-en-grande\/"},"author":{"name":"Redacci\u00f3n","@id":"https:\/\/radiolitoral.com\/#\/schema\/person\/f2b2343c49b5d721857cc1002bfdb151"},"headline":"Virginia P\u00e9rez: \u201cNo solo es una escuela de conciliaci\u00f3n, es una escuela de diversi\u00f3n, en la que los ni\u00f1os se lo van a pasar en grande\u201d","datePublished":"2025-05-29T08:26:06+00:00","mainEntityOfPage":{"@id":"https:\/\/radiolitoral.com\/2025\/05\/virginia-perez-no-solo-es-una-escuela-de-conciliacion-es-una-escuela-de-diversion-en-la-que-los-ninos-se-lo-van-a-pasar-en-grande\/"},"wordCount":416,"commentCount":0,"publisher":{"@id":"https:\/\/radiolitoral.com\/#organization"},"image":{"@id":"https:\/\/radiolitoral.com\/2025\/05\/virginia-perez-no-solo-es-una-escuela-de-conciliacion-es-una-escuela-de-diversion-en-la-que-los-ninos-se-lo-van-a-pasar-en-grande\/#primaryimage"},"thumbnailUrl":"https:\/\/media.radiolitoral.com\/wp-content\/uploads\/2025\/05\/29102223\/Virginia-Perez-Escola-Estiu.jpg","keywords":["Baby Sport","Conciliaci\u00f3n familiar","Escola d'Estiu","Primer Caf\u00e9","vacaciones escolares","verano","Virginia P\u00e9rez"],"articleSection":["Educaci\u00f3n","Entrevistas"],"inLanguage":"ca","potentialAction":[{"@type":"CommentAction","name":"Comment","target":["https:\/\/radiolitoral.com\/2025\/05\/virginia-perez-no-solo-es-una-escuela-de-conciliacion-es-una-escuela-de-diversion-en-la-que-los-ninos-se-lo-van-a-pasar-en-grande\/#respond"]}]},{"@type":["WebPage","ItemPage"],"@id":"https:\/\/radiolitoral.com\/2025\/05\/virginia-perez-no-solo-es-una-escuela-de-conciliacion-es-una-escuela-de-diversion-en-la-que-los-ninos-se-lo-van-a-pasar-en-grande\/","url":"https:\/\/radiolitoral.com\/2025\/05\/virginia-perez-no-solo-es-una-escuela-de-conciliacion-es-una-escuela-de-diversion-en-la-que-los-ninos-se-lo-van-a-pasar-en-grande\/","name":"Virginia P\u00e9rez: \u201cNo nom\u00e9s \u00e9s una escola de conciliaci\u00f3, \u00e9s una escola de diversi\u00f3, on els nens s&#039;ho passaran d&#039;all\u00f2 m\u00e9s b\u00e9\u201d | R\u00e0dio Litoral","isPartOf":{"@id":"https:\/\/radiolitoral.com\/#website"},"primaryImageOfPage":{"@id":"https:\/\/radiolitoral.com\/2025\/05\/virginia-perez-no-solo-es-una-escuela-de-conciliacion-es-una-escuela-de-diversion-en-la-que-los-ninos-se-lo-van-a-pasar-en-grande\/#primaryimage"},"image":{"@id":"https:\/\/radiolitoral.com\/2025\/05\/virginia-perez-no-solo-es-una-escuela-de-conciliacion-es-una-escuela-de-diversion-en-la-que-los-ninos-se-lo-van-a-pasar-en-grande\/#primaryimage"},"thumbnailUrl":"https:\/\/media.radiolitoral.com\/wp-content\/uploads\/2025\/05\/29102223\/Virginia-Perez-Escola-Estiu.jpg","datePublished":"2025-05-29T08:26:06+00:00","description":"Benissa obre el per\u00edode d&#039;inscripci\u00f3 a l&#039;Escola d&#039;Estiu 2025 el dilluns 2 de juny i inclou oferta per a nens nascuts el 2022","breadcrumb":{"@id":"https:\/\/radiolitoral.com\/2025\/05\/virginia-perez-no-solo-es-una-escuela-de-conciliacion-es-una-escuela-de-diversion-en-la-que-los-ninos-se-lo-van-a-pasar-en-grande\/#breadcrumb"},"inLanguage":"ca","potentialAction":[{"@type":"ReadAction","target":["https:\/\/radiolitoral.com\/2025\/05\/virginia-perez-no-solo-es-una-escuela-de-conciliacion-es-una-escuela-de-diversion-en-la-que-los-ninos-se-lo-van-a-pasar-en-grande\/"]}]},{"@type":"ImageObject","inLanguage":"ca","@id":"https:\/\/radiolitoral.com\/2025\/05\/virginia-perez-no-solo-es-una-escuela-de-conciliacion-es-una-escuela-de-diversion-en-la-que-los-ninos-se-lo-van-a-pasar-en-grande\/#primaryimage","url":"https:\/\/media.radiolitoral.com\/wp-content\/uploads\/2025\/05\/29102223\/Virginia-Perez-Escola-Estiu.jpg","contentUrl":"https:\/\/media.radiolitoral.com\/wp-content\/uploads\/2025\/05\/29102223\/Virginia-Perez-Escola-Estiu.jpg","width":2000,"height":1500},{"@type":"BreadcrumbList","@id":"https:\/\/radiolitoral.com\/2025\/05\/virginia-perez-no-solo-es-una-escuela-de-conciliacion-es-una-escuela-de-diversion-en-la-que-los-ninos-se-lo-van-a-pasar-en-grande\/#breadcrumb","itemListElement":[{"@type":"ListItem","position":1,"name":"Portada","item":"https:\/\/radiolitoral.com\/"},{"@type":"ListItem","position":2,"name":"Virginia P\u00e9rez: \u201cNo solo es una escuela de conciliaci\u00f3n, es una escuela de diversi\u00f3n, en la que los ni\u00f1os se lo van a pasar en grande\u201d"}]},{"@type":"WebSite","@id":"https:\/\/radiolitoral.com\/#website","url":"https:\/\/radiolitoral.com\/","name":"R\u00e0dio Litoral","description":"La r\u00e0dio local de la Marina Alta","publisher":{"@id":"https:\/\/radiolitoral.com\/#organization"},"alternateName":"Litoral FM","potentialAction":[{"@type":"SearchAction","target":{"@type":"EntryPoint","urlTemplate":"https:\/\/radiolitoral.com\/?s={search_term_string}"},"query-input":{"@type":"PropertyValueSpecification","valueRequired":true,"valueName":"search_term_string"}}],"inLanguage":"ca"},{"@type":"Organization","@id":"https:\/\/radiolitoral.com\/#organization","name":"R\u00e0dio Litoral","url":"https:\/\/radiolitoral.com\/","logo":{"@type":"ImageObject","inLanguage":"ca","@id":"https:\/\/radiolitoral.com\/#\/schema\/logo\/image\/","url":"https:\/\/media.radiolitoral.com\/wp-content\/uploads\/2023\/02\/24143238\/CL-V-RadioLitoral696.png","contentUrl":"https:\/\/media.radiolitoral.com\/wp-content\/uploads\/2023\/02\/24143238\/CL-V-RadioLitoral696.png","width":696,"height":696,"caption":"Radio Litoral"},"image":{"@id":"https:\/\/radiolitoral.com\/#\/schema\/logo\/image\/"},"sameAs":["https:\/\/www.facebook.com\/Laradiolitoral\/"]},{"@type":"Person","@id":"https:\/\/radiolitoral.com\/#\/schema\/person\/f2b2343c49b5d721857cc1002bfdb151","name":"Redacci\u00f3","image":{"@type":"ImageObject","inLanguage":"ca","@id":"https:\/\/secure.gravatar.com\/avatar\/f771d896c203ad8b3382d7905cfcce5a5c9b008b84b3cd9114e9b9f4cb63f789?s=96&d=mm&r=g","url":"https:\/\/secure.gravatar.com\/avatar\/f771d896c203ad8b3382d7905cfcce5a5c9b008b84b3cd9114e9b9f4cb63f789?s=96&d=mm&r=g","contentUrl":"https:\/\/secure.gravatar.com\/avatar\/f771d896c203ad8b3382d7905cfcce5a5c9b008b84b3cd9114e9b9f4cb63f789?s=96&d=mm&r=g","caption":"Redacci\u00f3n"},"url":"https:\/\/radiolitoral.com\/ca\/author\/miriam-pagan\/"}]}},"_links":{"self":[{"href":"https:\/\/radiolitoral.com\/ca\/wp-json\/wp\/v2\/posts\/16991","targetHints":{"allow":["GET"]}}],"collection":[{"href":"https:\/\/radiolitoral.com\/ca\/wp-json\/wp\/v2\/posts"}],"about":[{"href":"https:\/\/radiolitoral.com\/ca\/wp-json\/wp\/v2\/types\/post"}],"author":[{"embeddable":true,"href":"https:\/\/radiolitoral.com\/ca\/wp-json\/wp\/v2\/users\/13"}],"replies":[{"embeddable":true,"href":"https:\/\/radiolitoral.com\/ca\/wp-json\/wp\/v2\/comments?post=16991"}],"version-history":[{"count":2,"href":"https:\/\/radiolitoral.com\/ca\/wp-json\/wp\/v2\/posts\/16991\/revisions"}],"predecessor-version":[{"id":16995,"href":"https:\/\/radiolitoral.com\/ca\/wp-json\/wp\/v2\/posts\/16991\/revisions\/16995"}],"wp:featuredmedia":[{"embeddable":true,"href":"https:\/\/radiolitoral.com\/ca\/wp-json\/wp\/v2\/media\/16993"}],"wp:attachment":[{"href":"https:\/\/radiolitoral.com\/ca\/wp-json\/wp\/v2\/media?parent=16991"}],"wp:term":[{"taxonomy":"category","embeddable":true,"href":"https:\/\/radiolitoral.com\/ca\/wp-json\/wp\/v2\/categories?post=16991"},{"taxonomy":"post_tag","embeddable":true,"href":"https:\/\/radiolitoral.com\/ca\/wp-json\/wp\/v2\/tags?post=16991"}],"curies":[{"name":"wp","href":"https:\/\/api.w.org\/{rel}","templated":true}]}}