{"id":16984,"date":"2025-05-28T18:29:18","date_gmt":"2025-05-28T16:29:18","guid":{"rendered":"https:\/\/radiolitoral.com\/?p=16984"},"modified":"2025-05-28T18:29:18","modified_gmt":"2025-05-28T16:29:18","slug":"teulada-moraira-supera-el-50-docupacio-turistica-en-els-primers-mesos-de-2025","status":"publish","type":"post","link":"https:\/\/radiolitoral.com\/ca\/2025\/05\/teulada-moraira-supera-el-50-de-ocupacion-turistica-en-los-primeros-meses-de-2025\/","title":{"rendered":"Teulada Moraira supera el 50% d&#039;ocupaci\u00f3 tur\u00edstica els primers mesos del 2025"},"content":{"rendered":"<p data-start=\"247\" data-end=\"590\">Segons les dades facilitades per la regidoria de <strong>Turisme<\/strong> de <strong>Teulada Moraira<\/strong>, dirigida per Ver\u00f3nica Mart\u00ednez, l&#039;ocupaci\u00f3 mitjana en allotjaments tur\u00edstics durant el <strong>primer trimestre del 2025 ha superat el 50%<\/strong>. A m\u00e9s, en moments espec\u00edfics com <strong>Setmana Santa, aquesta xifra va aconseguir m\u00e9s del 80%<\/strong>, destacant la creixent demanda per aquesta destinaci\u00f3.<\/p>\n<p data-start=\"592\" data-end=\"835\">L&#039;an\u00e0lisi, basada en la informaci\u00f3 de la Tourist Info Teulada Moraira, inclou tant l&#039;ocupaci\u00f3 a establiments hotelers com a empreses de lloguer tur\u00edstic, evidenciant una tend\u00e8ncia alcista els primers quatre mesos de l&#039;any.<\/p>\n<h3 data-start=\"842\" data-end=\"890\">Detalls mensuals i estades predominants<\/h3>\n<p data-start=\"892\" data-end=\"1309\">Els allotjaments hotelers van registrar al gener i febrer una ocupaci\u00f3 propera al 36%, amb estades principalment curtes, de cap de setmana. Al mar\u00e7, l&#039;ocupaci\u00f3 va augmentar al 44,8%, i durant les Falles (del 15 al 19 de mar\u00e7) es va mantenir al voltant del 41%. Abril va mostrar un creixement significatiu, amb una mitjana del 57,4%, ia Pasqua es va assolir un 75%, destacant-se estades que van de cap de setmana a una setmana.<\/p>\n<p data-start=\"1311\" data-end=\"1525\">Per part seva, els lloguers tur\u00edstics van obtenir percentatges m\u00e9s alts: des d&#039;un 55,67% al gener fins a un pic del 84,25% durant Setmana Santa, amb estades que varien des d&#039;una setmana a un mes en alguns casos.<\/p>\n<h3 data-start=\"1532\" data-end=\"1588\">La campanya &#039;Incre\u00efble, per\u00f2 cert&#039; i la seva repercussi\u00f3<\/h3>\n<p data-start=\"1590\" data-end=\"1895\">La regidora de Turisme, Ver\u00f3nica Mart\u00ednez, subratlla la import\u00e0ncia de la campanya &#039;Incre\u00efble, per\u00f2 cert&#039; a la promoci\u00f3 del municipi: \u201cL&#039;impacte de la campanya &#039;Incre\u00efble, per\u00f2 cert&#039; \u00e9s molt positiu, ja que a trav\u00e9s de la promoci\u00f3 del municipi amb els workshops s&#039;ha vist reflectit a les dades.\u201d<\/p>\n<p data-start=\"1897\" data-end=\"2157\">Aquesta estrat\u00e8gia promocional ha ajudat a donar a con\u00e8ixer Teulada Moraira a ciutats com Madrid, Barcelona i Bilbao, entre d&#039;altres, posicionant-lo com una destinaci\u00f3 per visitar tot l&#039;any, gr\u00e0cies a la seva oferta que combina costa, muntanya i gastronomia mediterr\u00e0nia.<\/p>\n<h3 data-start=\"2164\" data-end=\"2214\">Origen i perfil del turisme a Teulada Moraira<\/h3>\n<p data-start=\"2216\" data-end=\"2482\">Els visitants nacionals provenen principalment de la Comunitat Valenciana, Madrid, Arag\u00f3, Pa\u00eds Basc, M\u00farcia, Catalunya i Ast\u00faries. A nivell internacional, el turisme procedeix majorit\u00e0riament del Regne Unit, Pa\u00efsos Baixos, B\u00e8lgica, Alemanya, Su\u00efssa i Fran\u00e7a.<\/p>\n<p data-start=\"2484\" data-end=\"2619\">El perfil predominant \u00e9s el de turisme en parella i en fam\u00edlia, amb estades que varien des de caps de setmana fins a setmanes completes.<\/p>\n<h3 data-start=\"2626\" data-end=\"2658\">Reconeixement institucional<\/h3>\n<p data-start=\"2660\" data-end=\"2996\">L&#039;alcalde Ra\u00fal Llobell va ressaltar la contribuci\u00f3 de tots els agents locals per consolidar la posici\u00f3 de Teulada Moraira com a destinaci\u00f3 tur\u00edstica: \u201cL&#039;esfor\u00e7 i el treball es veu reflectit en les dades: Teulada Moraira \u00e9s la destinaci\u00f3 ideal elegida per nombrosos pa\u00efsos amb un percentatge elevat de turisme fidel que repeteix any rere any\u201d.<\/p>\n<p data-start=\"2998\" data-end=\"3209\">Sobre la campanya, Llobell va assegurar que \u201cdemostrem un any m\u00e9s la seva efectivitat amb la promoci\u00f3 de la diversificaci\u00f3 de la nostra oferta tur\u00edstica, que aquest any s&#039;ha refor\u00e7at amb \u00e8xit a trav\u00e9s dels workshops\u201d.<\/p>","protected":false},"excerpt":{"rendered":"<p>Seg\u00fan los datos facilitados por la concejal\u00eda de Turismo de Teulada Moraira, dirigida por Ver\u00f3nica Mart\u00ednez, la ocupaci\u00f3n media en alojamientos tur\u00edsticos durante el primer trimestre de 2025 ha superado el 50%. Adem\u00e1s, en momentos espec\u00edficos como Semana Santa, esta cifra alcanz\u00f3 m\u00e1s del 80%, destacando la creciente demanda por este destino. El an\u00e1lisis, basado [&#8230;]<\/p>\n<p><a class=\"btn btn-secondary understrap-read-more-link\" href=\"https:\/\/radiolitoral.com\/ca\/2025\/05\/teulada-moraira-supera-el-50-de-ocupacion-turistica-en-los-primeros-meses-de-2025\/\">Continua llegint&#8230;<span class=\"screen-reader-text\"> from Teulada Moraira supera el 50% de ocupaci\u00f3n tur\u00edstica en los primeros meses de 2025<\/span><\/a><\/p>\n","protected":false},"author":14,"featured_media":14378,"comment_status":"open","ping_status":"closed","sticky":false,"template":"","format":"standard","meta":{"_acf_changed":false,"inline_featured_image":false,"footnotes":""},"categories":[144],"tags":[4407,195],"class_list":["post-16984","post","type-post","status-publish","format-standard","has-post-thumbnail","hentry","category-turismo","tag-ocupacion-turistica","tag-teulada-moraira","cobertura-teulada-moraira"],"acf":[],"yoast_head":"<!-- This site is optimized with the Yoast SEO plugin v27.5 - https:\/\/yoast.com\/product\/yoast-seo-wordpress\/ -->\n<title>Teulada Moraira supera el 50% de ocupaci\u00f3n tur\u00edstica en los primeros meses de 2025 | R\u00e0dio Litoral<\/title>\n<meta name=\"description\" content=\"El municipio consolida su atractivo con picos superiores al 80% en fechas clave\" \/>\n<meta name=\"robots\" content=\"index, follow, max-snippet:-1, max-image-preview:large, max-video-preview:-1\" \/>\n<link rel=\"canonical\" href=\"https:\/\/radiolitoral.com\/ca\/2025\/05\/teulada-moraira-supera-el-50-docupacio-turistica-en-els-primers-mesos-de-2025\/\" \/>\n<meta property=\"og:locale\" content=\"ca_ES\" \/>\n<meta property=\"og:type\" content=\"article\" \/>\n<meta property=\"og:title\" content=\"Teulada Moraira supera el 50% de ocupaci\u00f3n tur\u00edstica en los primeros meses de 2025 | R\u00e0dio Litoral\" \/>\n<meta property=\"og:description\" content=\"El municipio consolida su atractivo con picos superiores al 80% en fechas clave\" \/>\n<meta property=\"og:url\" content=\"https:\/\/radiolitoral.com\/ca\/2025\/05\/teulada-moraira-supera-el-50-docupacio-turistica-en-els-primers-mesos-de-2025\/\" \/>\n<meta property=\"og:site_name\" content=\"R\u00e0dio Litoral\" \/>\n<meta property=\"article:publisher\" content=\"https:\/\/www.facebook.com\/Laradiolitoral\/\" \/>\n<meta property=\"article:published_time\" content=\"2025-05-28T16:29:18+00:00\" \/>\n<meta property=\"og:image\" content=\"https:\/\/media.radiolitoral.com\/wp-content\/uploads\/2025\/01\/17102652\/RP-Teulada-Ruta-Geologica-Castell-Moraira.jpg\" \/>\n\t<meta property=\"og:image:width\" content=\"2000\" \/>\n\t<meta property=\"og:image:height\" content=\"1500\" \/>\n\t<meta property=\"og:image:type\" content=\"image\/jpeg\" \/>\n<meta name=\"author\" content=\"Redacci\u00f3n\" \/>\n<meta name=\"twitter:card\" content=\"summary_large_image\" \/>\n<meta name=\"twitter:label1\" content=\"Escrit per\" \/>\n\t<meta name=\"twitter:data1\" content=\"Redacci\u00f3n\" \/>\n\t<meta name=\"twitter:label2\" content=\"Temps estimat de lectura\" \/>\n\t<meta name=\"twitter:data2\" content=\"3 minuts\" \/>\n<script type=\"application\/ld+json\" class=\"yoast-schema-graph\">{\"@context\":\"https:\\\/\\\/schema.org\",\"@graph\":[{\"@type\":\"NewsArticle\",\"@id\":\"https:\\\/\\\/radiolitoral.com\\\/2025\\\/05\\\/teulada-moraira-supera-el-50-de-ocupacion-turistica-en-los-primeros-meses-de-2025\\\/#article\",\"isPartOf\":{\"@id\":\"https:\\\/\\\/radiolitoral.com\\\/2025\\\/05\\\/teulada-moraira-supera-el-50-de-ocupacion-turistica-en-los-primeros-meses-de-2025\\\/\"},\"author\":{\"name\":\"Redacci\u00f3n\",\"@id\":\"https:\\\/\\\/radiolitoral.com\\\/#\\\/schema\\\/person\\\/96b739642eb3bedb532aac3812d23307\"},\"headline\":\"Teulada Moraira supera el 50% de ocupaci\u00f3n tur\u00edstica en los primeros meses de 2025\",\"datePublished\":\"2025-05-28T16:29:18+00:00\",\"mainEntityOfPage\":{\"@id\":\"https:\\\/\\\/radiolitoral.com\\\/2025\\\/05\\\/teulada-moraira-supera-el-50-de-ocupacion-turistica-en-los-primeros-meses-de-2025\\\/\"},\"wordCount\":517,\"commentCount\":0,\"publisher\":{\"@id\":\"https:\\\/\\\/radiolitoral.com\\\/#organization\"},\"image\":{\"@id\":\"https:\\\/\\\/radiolitoral.com\\\/2025\\\/05\\\/teulada-moraira-supera-el-50-de-ocupacion-turistica-en-los-primeros-meses-de-2025\\\/#primaryimage\"},\"thumbnailUrl\":\"https:\\\/\\\/media.radiolitoral.com\\\/wp-content\\\/uploads\\\/2025\\\/01\\\/17102652\\\/RP-Teulada-Ruta-Geologica-Castell-Moraira.jpg\",\"keywords\":[\"ocupaci\u00f3n tur\u00edstica\",\"Teulada-Moraira\"],\"articleSection\":[\"Turismo\"],\"inLanguage\":\"ca\",\"potentialAction\":[{\"@type\":\"CommentAction\",\"name\":\"Comment\",\"target\":[\"https:\\\/\\\/radiolitoral.com\\\/2025\\\/05\\\/teulada-moraira-supera-el-50-de-ocupacion-turistica-en-los-primeros-meses-de-2025\\\/#respond\"]}]},{\"@type\":[\"WebPage\",\"ItemPage\"],\"@id\":\"https:\\\/\\\/radiolitoral.com\\\/2025\\\/05\\\/teulada-moraira-supera-el-50-de-ocupacion-turistica-en-los-primeros-meses-de-2025\\\/\",\"url\":\"https:\\\/\\\/radiolitoral.com\\\/2025\\\/05\\\/teulada-moraira-supera-el-50-de-ocupacion-turistica-en-los-primeros-meses-de-2025\\\/\",\"name\":\"Teulada Moraira supera el 50% de ocupaci\u00f3n tur\u00edstica en los primeros meses de 2025 | R\u00e0dio Litoral\",\"isPartOf\":{\"@id\":\"https:\\\/\\\/radiolitoral.com\\\/#website\"},\"primaryImageOfPage\":{\"@id\":\"https:\\\/\\\/radiolitoral.com\\\/2025\\\/05\\\/teulada-moraira-supera-el-50-de-ocupacion-turistica-en-los-primeros-meses-de-2025\\\/#primaryimage\"},\"image\":{\"@id\":\"https:\\\/\\\/radiolitoral.com\\\/2025\\\/05\\\/teulada-moraira-supera-el-50-de-ocupacion-turistica-en-los-primeros-meses-de-2025\\\/#primaryimage\"},\"thumbnailUrl\":\"https:\\\/\\\/media.radiolitoral.com\\\/wp-content\\\/uploads\\\/2025\\\/01\\\/17102652\\\/RP-Teulada-Ruta-Geologica-Castell-Moraira.jpg\",\"datePublished\":\"2025-05-28T16:29:18+00:00\",\"description\":\"El municipio consolida su atractivo con picos superiores al 80% en fechas clave\",\"breadcrumb\":{\"@id\":\"https:\\\/\\\/radiolitoral.com\\\/2025\\\/05\\\/teulada-moraira-supera-el-50-de-ocupacion-turistica-en-los-primeros-meses-de-2025\\\/#breadcrumb\"},\"inLanguage\":\"ca\",\"potentialAction\":[{\"@type\":\"ReadAction\",\"target\":[\"https:\\\/\\\/radiolitoral.com\\\/2025\\\/05\\\/teulada-moraira-supera-el-50-de-ocupacion-turistica-en-los-primeros-meses-de-2025\\\/\"]}]},{\"@type\":\"ImageObject\",\"inLanguage\":\"ca\",\"@id\":\"https:\\\/\\\/radiolitoral.com\\\/2025\\\/05\\\/teulada-moraira-supera-el-50-de-ocupacion-turistica-en-los-primeros-meses-de-2025\\\/#primaryimage\",\"url\":\"https:\\\/\\\/media.radiolitoral.com\\\/wp-content\\\/uploads\\\/2025\\\/01\\\/17102652\\\/RP-Teulada-Ruta-Geologica-Castell-Moraira.jpg\",\"contentUrl\":\"https:\\\/\\\/media.radiolitoral.com\\\/wp-content\\\/uploads\\\/2025\\\/01\\\/17102652\\\/RP-Teulada-Ruta-Geologica-Castell-Moraira.jpg\",\"width\":2000,\"height\":1500},{\"@type\":\"BreadcrumbList\",\"@id\":\"https:\\\/\\\/radiolitoral.com\\\/2025\\\/05\\\/teulada-moraira-supera-el-50-de-ocupacion-turistica-en-los-primeros-meses-de-2025\\\/#breadcrumb\",\"itemListElement\":[{\"@type\":\"ListItem\",\"position\":1,\"name\":\"Portada\",\"item\":\"https:\\\/\\\/radiolitoral.com\\\/\"},{\"@type\":\"ListItem\",\"position\":2,\"name\":\"Teulada Moraira supera el 50% de ocupaci\u00f3n tur\u00edstica en los primeros meses de 2025\"}]},{\"@type\":\"WebSite\",\"@id\":\"https:\\\/\\\/radiolitoral.com\\\/#website\",\"url\":\"https:\\\/\\\/radiolitoral.com\\\/\",\"name\":\"Radio Litoral\",\"description\":\"La radio local de la Marina Alta\",\"publisher\":{\"@id\":\"https:\\\/\\\/radiolitoral.com\\\/#organization\"},\"alternateName\":\"Litoral FM\",\"potentialAction\":[{\"@type\":\"SearchAction\",\"target\":{\"@type\":\"EntryPoint\",\"urlTemplate\":\"https:\\\/\\\/radiolitoral.com\\\/?s={search_term_string}\"},\"query-input\":{\"@type\":\"PropertyValueSpecification\",\"valueRequired\":true,\"valueName\":\"search_term_string\"}}],\"inLanguage\":\"ca\"},{\"@type\":\"Organization\",\"@id\":\"https:\\\/\\\/radiolitoral.com\\\/#organization\",\"name\":\"Radio Litoral\",\"url\":\"https:\\\/\\\/radiolitoral.com\\\/\",\"logo\":{\"@type\":\"ImageObject\",\"inLanguage\":\"ca\",\"@id\":\"https:\\\/\\\/radiolitoral.com\\\/#\\\/schema\\\/logo\\\/image\\\/\",\"url\":\"https:\\\/\\\/media.radiolitoral.com\\\/wp-content\\\/uploads\\\/2023\\\/02\\\/24143238\\\/CL-V-RadioLitoral696.png\",\"contentUrl\":\"https:\\\/\\\/media.radiolitoral.com\\\/wp-content\\\/uploads\\\/2023\\\/02\\\/24143238\\\/CL-V-RadioLitoral696.png\",\"width\":696,\"height\":696,\"caption\":\"Radio Litoral\"},\"image\":{\"@id\":\"https:\\\/\\\/radiolitoral.com\\\/#\\\/schema\\\/logo\\\/image\\\/\"},\"sameAs\":[\"https:\\\/\\\/www.facebook.com\\\/Laradiolitoral\\\/\"]},{\"@type\":\"Person\",\"@id\":\"https:\\\/\\\/radiolitoral.com\\\/#\\\/schema\\\/person\\\/96b739642eb3bedb532aac3812d23307\",\"name\":\"Redacci\u00f3n\",\"image\":{\"@type\":\"ImageObject\",\"inLanguage\":\"ca\",\"@id\":\"https:\\\/\\\/secure.gravatar.com\\\/avatar\\\/30cd06129ee90411dd9c7cbdcf17464181d1a3c7b072e92070ea75a25cf0097e?s=96&d=mm&r=g\",\"url\":\"https:\\\/\\\/secure.gravatar.com\\\/avatar\\\/30cd06129ee90411dd9c7cbdcf17464181d1a3c7b072e92070ea75a25cf0097e?s=96&d=mm&r=g\",\"contentUrl\":\"https:\\\/\\\/secure.gravatar.com\\\/avatar\\\/30cd06129ee90411dd9c7cbdcf17464181d1a3c7b072e92070ea75a25cf0097e?s=96&d=mm&r=g\",\"caption\":\"Redacci\u00f3n\"},\"url\":\"https:\\\/\\\/radiolitoral.com\\\/ca\\\/author\\\/kevin-carrio\\\/\"}]}<\/script>\n<!-- \/ Yoast SEO plugin. -->","yoast_head_json":{"title":"Teulada Moraira supera el 50% d&#039;ocupaci\u00f3 tur\u00edstica els primers mesos del 2025 | R\u00e0dio Litoral","description":"El municipi consolida el seu atractiu amb pics superiors al 80% en dates clau","robots":{"index":"index","follow":"follow","max-snippet":"max-snippet:-1","max-image-preview":"max-image-preview:large","max-video-preview":"max-video-preview:-1"},"canonical":"https:\/\/radiolitoral.com\/ca\/2025\/05\/teulada-moraira-supera-el-50-docupacio-turistica-en-els-primers-mesos-de-2025\/","og_locale":"ca_ES","og_type":"article","og_title":"Teulada Moraira supera el 50% de ocupaci\u00f3n tur\u00edstica en los primeros meses de 2025 | R\u00e0dio Litoral","og_description":"El municipio consolida su atractivo con picos superiores al 80% en fechas clave","og_url":"https:\/\/radiolitoral.com\/ca\/2025\/05\/teulada-moraira-supera-el-50-docupacio-turistica-en-els-primers-mesos-de-2025\/","og_site_name":"R\u00e0dio Litoral","article_publisher":"https:\/\/www.facebook.com\/Laradiolitoral\/","article_published_time":"2025-05-28T16:29:18+00:00","og_image":[{"width":2000,"height":1500,"url":"https:\/\/media.radiolitoral.com\/wp-content\/uploads\/2025\/01\/17102652\/RP-Teulada-Ruta-Geologica-Castell-Moraira.jpg","type":"image\/jpeg"}],"author":"Redacci\u00f3n","twitter_card":"summary_large_image","twitter_misc":{"Escrit per":"Redacci\u00f3n","Temps estimat de lectura":"3 minuts"},"schema":{"@context":"https:\/\/schema.org","@graph":[{"@type":"NewsArticle","@id":"https:\/\/radiolitoral.com\/2025\/05\/teulada-moraira-supera-el-50-de-ocupacion-turistica-en-los-primeros-meses-de-2025\/#article","isPartOf":{"@id":"https:\/\/radiolitoral.com\/2025\/05\/teulada-moraira-supera-el-50-de-ocupacion-turistica-en-los-primeros-meses-de-2025\/"},"author":{"name":"Redacci\u00f3n","@id":"https:\/\/radiolitoral.com\/#\/schema\/person\/96b739642eb3bedb532aac3812d23307"},"headline":"Teulada Moraira supera el 50% de ocupaci\u00f3n tur\u00edstica en los primeros meses de 2025","datePublished":"2025-05-28T16:29:18+00:00","mainEntityOfPage":{"@id":"https:\/\/radiolitoral.com\/2025\/05\/teulada-moraira-supera-el-50-de-ocupacion-turistica-en-los-primeros-meses-de-2025\/"},"wordCount":517,"commentCount":0,"publisher":{"@id":"https:\/\/radiolitoral.com\/#organization"},"image":{"@id":"https:\/\/radiolitoral.com\/2025\/05\/teulada-moraira-supera-el-50-de-ocupacion-turistica-en-los-primeros-meses-de-2025\/#primaryimage"},"thumbnailUrl":"https:\/\/media.radiolitoral.com\/wp-content\/uploads\/2025\/01\/17102652\/RP-Teulada-Ruta-Geologica-Castell-Moraira.jpg","keywords":["ocupaci\u00f3n tur\u00edstica","Teulada-Moraira"],"articleSection":["Turismo"],"inLanguage":"ca","potentialAction":[{"@type":"CommentAction","name":"Comment","target":["https:\/\/radiolitoral.com\/2025\/05\/teulada-moraira-supera-el-50-de-ocupacion-turistica-en-los-primeros-meses-de-2025\/#respond"]}]},{"@type":["WebPage","ItemPage"],"@id":"https:\/\/radiolitoral.com\/2025\/05\/teulada-moraira-supera-el-50-de-ocupacion-turistica-en-los-primeros-meses-de-2025\/","url":"https:\/\/radiolitoral.com\/2025\/05\/teulada-moraira-supera-el-50-de-ocupacion-turistica-en-los-primeros-meses-de-2025\/","name":"Teulada Moraira supera el 50% d&#039;ocupaci\u00f3 tur\u00edstica els primers mesos del 2025 | R\u00e0dio Litoral","isPartOf":{"@id":"https:\/\/radiolitoral.com\/#website"},"primaryImageOfPage":{"@id":"https:\/\/radiolitoral.com\/2025\/05\/teulada-moraira-supera-el-50-de-ocupacion-turistica-en-los-primeros-meses-de-2025\/#primaryimage"},"image":{"@id":"https:\/\/radiolitoral.com\/2025\/05\/teulada-moraira-supera-el-50-de-ocupacion-turistica-en-los-primeros-meses-de-2025\/#primaryimage"},"thumbnailUrl":"https:\/\/media.radiolitoral.com\/wp-content\/uploads\/2025\/01\/17102652\/RP-Teulada-Ruta-Geologica-Castell-Moraira.jpg","datePublished":"2025-05-28T16:29:18+00:00","description":"El municipi consolida el seu atractiu amb pics superiors al 80% en dates clau","breadcrumb":{"@id":"https:\/\/radiolitoral.com\/2025\/05\/teulada-moraira-supera-el-50-de-ocupacion-turistica-en-los-primeros-meses-de-2025\/#breadcrumb"},"inLanguage":"ca","potentialAction":[{"@type":"ReadAction","target":["https:\/\/radiolitoral.com\/2025\/05\/teulada-moraira-supera-el-50-de-ocupacion-turistica-en-los-primeros-meses-de-2025\/"]}]},{"@type":"ImageObject","inLanguage":"ca","@id":"https:\/\/radiolitoral.com\/2025\/05\/teulada-moraira-supera-el-50-de-ocupacion-turistica-en-los-primeros-meses-de-2025\/#primaryimage","url":"https:\/\/media.radiolitoral.com\/wp-content\/uploads\/2025\/01\/17102652\/RP-Teulada-Ruta-Geologica-Castell-Moraira.jpg","contentUrl":"https:\/\/media.radiolitoral.com\/wp-content\/uploads\/2025\/01\/17102652\/RP-Teulada-Ruta-Geologica-Castell-Moraira.jpg","width":2000,"height":1500},{"@type":"BreadcrumbList","@id":"https:\/\/radiolitoral.com\/2025\/05\/teulada-moraira-supera-el-50-de-ocupacion-turistica-en-los-primeros-meses-de-2025\/#breadcrumb","itemListElement":[{"@type":"ListItem","position":1,"name":"Portada","item":"https:\/\/radiolitoral.com\/"},{"@type":"ListItem","position":2,"name":"Teulada Moraira supera el 50% de ocupaci\u00f3n tur\u00edstica en los primeros meses de 2025"}]},{"@type":"WebSite","@id":"https:\/\/radiolitoral.com\/#website","url":"https:\/\/radiolitoral.com\/","name":"R\u00e0dio Litoral","description":"La r\u00e0dio local de la Marina Alta","publisher":{"@id":"https:\/\/radiolitoral.com\/#organization"},"alternateName":"Litoral FM","potentialAction":[{"@type":"SearchAction","target":{"@type":"EntryPoint","urlTemplate":"https:\/\/radiolitoral.com\/?s={search_term_string}"},"query-input":{"@type":"PropertyValueSpecification","valueRequired":true,"valueName":"search_term_string"}}],"inLanguage":"ca"},{"@type":"Organization","@id":"https:\/\/radiolitoral.com\/#organization","name":"R\u00e0dio Litoral","url":"https:\/\/radiolitoral.com\/","logo":{"@type":"ImageObject","inLanguage":"ca","@id":"https:\/\/radiolitoral.com\/#\/schema\/logo\/image\/","url":"https:\/\/media.radiolitoral.com\/wp-content\/uploads\/2023\/02\/24143238\/CL-V-RadioLitoral696.png","contentUrl":"https:\/\/media.radiolitoral.com\/wp-content\/uploads\/2023\/02\/24143238\/CL-V-RadioLitoral696.png","width":696,"height":696,"caption":"Radio Litoral"},"image":{"@id":"https:\/\/radiolitoral.com\/#\/schema\/logo\/image\/"},"sameAs":["https:\/\/www.facebook.com\/Laradiolitoral\/"]},{"@type":"Person","@id":"https:\/\/radiolitoral.com\/#\/schema\/person\/96b739642eb3bedb532aac3812d23307","name":"Redacci\u00f3","image":{"@type":"ImageObject","inLanguage":"ca","@id":"https:\/\/secure.gravatar.com\/avatar\/30cd06129ee90411dd9c7cbdcf17464181d1a3c7b072e92070ea75a25cf0097e?s=96&d=mm&r=g","url":"https:\/\/secure.gravatar.com\/avatar\/30cd06129ee90411dd9c7cbdcf17464181d1a3c7b072e92070ea75a25cf0097e?s=96&d=mm&r=g","contentUrl":"https:\/\/secure.gravatar.com\/avatar\/30cd06129ee90411dd9c7cbdcf17464181d1a3c7b072e92070ea75a25cf0097e?s=96&d=mm&r=g","caption":"Redacci\u00f3n"},"url":"https:\/\/radiolitoral.com\/ca\/author\/kevin-carrio\/"}]}},"_links":{"self":[{"href":"https:\/\/radiolitoral.com\/ca\/wp-json\/wp\/v2\/posts\/16984","targetHints":{"allow":["GET"]}}],"collection":[{"href":"https:\/\/radiolitoral.com\/ca\/wp-json\/wp\/v2\/posts"}],"about":[{"href":"https:\/\/radiolitoral.com\/ca\/wp-json\/wp\/v2\/types\/post"}],"author":[{"embeddable":true,"href":"https:\/\/radiolitoral.com\/ca\/wp-json\/wp\/v2\/users\/14"}],"replies":[{"embeddable":true,"href":"https:\/\/radiolitoral.com\/ca\/wp-json\/wp\/v2\/comments?post=16984"}],"version-history":[{"count":1,"href":"https:\/\/radiolitoral.com\/ca\/wp-json\/wp\/v2\/posts\/16984\/revisions"}],"predecessor-version":[{"id":16985,"href":"https:\/\/radiolitoral.com\/ca\/wp-json\/wp\/v2\/posts\/16984\/revisions\/16985"}],"wp:featuredmedia":[{"embeddable":true,"href":"https:\/\/radiolitoral.com\/ca\/wp-json\/wp\/v2\/media\/14378"}],"wp:attachment":[{"href":"https:\/\/radiolitoral.com\/ca\/wp-json\/wp\/v2\/media?parent=16984"}],"wp:term":[{"taxonomy":"category","embeddable":true,"href":"https:\/\/radiolitoral.com\/ca\/wp-json\/wp\/v2\/categories?post=16984"},{"taxonomy":"post_tag","embeddable":true,"href":"https:\/\/radiolitoral.com\/ca\/wp-json\/wp\/v2\/tags?post=16984"}],"curies":[{"name":"wp","href":"https:\/\/api.w.org\/{rel}","templated":true}]}}