{"id":16942,"date":"2025-05-29T10:07:25","date_gmt":"2025-05-29T08:07:25","guid":{"rendered":"https:\/\/radiolitoral.com\/?p=16942"},"modified":"2025-05-29T10:07:25","modified_gmt":"2025-05-29T08:07:25","slug":"cn-moraira-acull-el-xxvi-campionat-despana-de-regularitat","status":"publish","type":"post","link":"https:\/\/radiolitoral.com\/ca\/2025\/05\/cn-moraira-acoge-el-xxvi-campeonato-de-espana-de-regularidad\/","title":{"rendered":"CN Moraira acull el XXVI Campionat d\u00b4Espanya de Regularitat"},"content":{"rendered":"<p>El dijous 12 de juny, el <strong>Club N\u00e0utic Moraira<\/strong> ser\u00e0 l&#039;epicentre de la <strong>Prova de Regularitat 2025<\/strong>, esdeveniment que inclour\u00e0 el <strong>XXVI Campionat d&#039;Espanya<\/strong> i el <strong>XI Campionat Auton\u00f2mic de Regularitat<\/strong>. Aquesta competici\u00f3 oberta a embarcacions de motor desafia la per\u00edcia i habilitat dels seus participants, que hauran de mantenir una navegaci\u00f3 precisa i constant durant un recorregut costaner dissenyat per l&#039;organitzaci\u00f3.<\/p>\n<p data-start=\"673\" data-end=\"939\">A difer\u00e8ncia de les regates tradicionals, l&#039;objectiu principal no \u00e9s assolir la m\u00e0xima velocitat, sin\u00f3 completar el trajecte en el temps exacte previst, convertint la prova en un repte t\u00e8cnic i estrat\u00e8gic ideal per a navegants de tots els nivells i edats.<\/p>\n<figure id=\"attachment_16945\" aria-describedby=\"caption-attachment-16945\" style=\"width: 800px\" class=\"wp-caption alignnone\"><img loading=\"lazy\" decoding=\"async\" class=\"wp-image-16945 size-full\" src=\"https:\/\/media.radiolitoral.com\/wp-content\/uploads\/2025\/05\/27121537\/baja_cartell.jpg\" alt=\"\" width=\"800\" height=\"1125\" srcset=\"https:\/\/media.radiolitoral.com\/wp-content\/uploads\/2025\/05\/27121537\/baja_cartell.jpg 800w, https:\/\/media.radiolitoral.com\/wp-content\/uploads\/2025\/05\/27121537\/baja_cartell-213x300.jpg 213w, https:\/\/media.radiolitoral.com\/wp-content\/uploads\/2025\/05\/27121537\/baja_cartell-728x1024.jpg 728w, https:\/\/media.radiolitoral.com\/wp-content\/uploads\/2025\/05\/27121537\/baja_cartell-768x1080.jpg 768w, https:\/\/media.radiolitoral.com\/wp-content\/uploads\/2025\/05\/27121537\/baja_cartell-9x12.jpg 9w, https:\/\/media.radiolitoral.com\/wp-content\/uploads\/2025\/05\/27121537\/baja_cartell-711x1000.jpg 711w, https:\/\/media.radiolitoral.com\/wp-content\/uploads\/2025\/05\/27121537\/baja_cartell-71x100.jpg 71w, https:\/\/media.radiolitoral.com\/wp-content\/uploads\/2025\/05\/27121537\/baja_cartell-142x200.jpg 142w\" sizes=\"auto, (max-width: 800px) 100vw, 800px\" \/><figcaption id=\"caption-attachment-16945\" class=\"wp-caption-text\">Cartell del Campionat<\/figcaption><\/figure>\n<p data-start=\"941\" data-end=\"1329\">La sortida es donar\u00e0 a les 11:00 h des del port de Moraira, despr\u00e9s d&#039;una reuni\u00f3 pr\u00e8via de patrons l&#039;11 de juny a les 20:30 ha la seu social del club, acompanyada d&#039;un sopar de recepci\u00f3. acte obert a tothom.<\/p>\n<p data-start=\"1331\" data-end=\"1599\" data-is-last-node=\"\" data-is-only-node=\"\">Amb aquesta iniciativa, el Club N\u00e0utic Moraira refor\u00e7a el comprom\u00eds amb la n\u00e0utica recreativa i el foment d&#039;activitats que integren socis i navegants de tota la costa, consolidant-se com un referent en competicions de regularitat i esport n\u00e0utic a Espanya.<\/p>\n<p>&nbsp;<\/p>\n<p><script src=\"chrome-extension:\/\/flbolonkboilcbnohjlchlfgdalomdpl\/iFrame.js\" type=\"text\/javascript\"><\/script><\/p>\n<p><script src=\"chrome-extension:\/\/flbolonkboilcbnohjlchlfgdalomdpl\/iFrame.js\" type=\"text\/javascript\"><\/script><\/p>","protected":false},"excerpt":{"rendered":"<p>El jueves 12 de junio, el Club N\u00e1utico Moraira ser\u00e1 el epicentro de la Prueba de Regularidad 2025, evento que incluir\u00e1 el XXVI Campeonato de Espa\u00f1a y el XI Campeonato Auton\u00f3mico de Regularidad. Esta competici\u00f3n abierta a embarcaciones de motor desaf\u00eda la pericia y habilidad de sus participantes, quienes deber\u00e1n mantener una navegaci\u00f3n precisa y [&#8230;]<\/p>\n<p><a class=\"btn btn-secondary understrap-read-more-link\" href=\"https:\/\/radiolitoral.com\/ca\/2025\/05\/cn-moraira-acoge-el-xxvi-campeonato-de-espana-de-regularidad\/\">Continua llegint&#8230;<span class=\"screen-reader-text\"> from CN Moraira acoge el XXVI Campeonato de Espa\u00f1a de Regularidad<\/span><\/a><\/p>\n","protected":false},"author":12,"featured_media":16943,"comment_status":"open","ping_status":"closed","sticky":false,"template":"","format":"standard","meta":{"_acf_changed":false,"inline_featured_image":false,"footnotes":""},"categories":[5],"tags":[2341,4138,6,4400],"class_list":["post-16942","post","type-post","status-publish","format-standard","has-post-thumbnail","hentry","category-deportes","tag-club-nautico-moraira","tag-cn-moraira","tag-deportes","tag-xxvi-campeonato-de-espana-de-regularidad-de-barcos-a-motor","cobertura-teulada-moraira"],"acf":[],"yoast_head":"<!-- This site is optimized with the Yoast SEO plugin v27.5 - https:\/\/yoast.com\/product\/yoast-seo-wordpress\/ -->\n<title>CN Moraira acoge el XXVI Campeonato de Espa\u00f1a de Regularidad | R\u00e0dio Litoral<\/title>\n<meta name=\"description\" content=\"Es una competici\u00f3n n\u00e1utica que pone a prueba la precisi\u00f3n y estrategia en navegaci\u00f3n de embarcaciones de motor Es una competici\u00f3n n\u00e1utica que pone a prueba la precisi\u00f3n y estrategia en navegaci\u00f3n de embarcaciones de motor\" \/>\n<meta name=\"robots\" content=\"index, follow, max-snippet:-1, max-image-preview:large, max-video-preview:-1\" \/>\n<link rel=\"canonical\" href=\"https:\/\/radiolitoral.com\/ca\/2025\/05\/cn-moraira-acull-el-xxvi-campionat-despana-de-regularitat\/\" \/>\n<meta property=\"og:locale\" content=\"ca_ES\" \/>\n<meta property=\"og:type\" content=\"article\" \/>\n<meta property=\"og:title\" content=\"CN Moraira acoge el XXVI Campeonato de Espa\u00f1a de Regularidad | R\u00e0dio Litoral\" \/>\n<meta property=\"og:description\" content=\"Es una competici\u00f3n n\u00e1utica que pone a prueba la precisi\u00f3n y estrategia en navegaci\u00f3n de embarcaciones de motor Es una competici\u00f3n n\u00e1utica que pone a prueba la precisi\u00f3n y estrategia en navegaci\u00f3n de embarcaciones de motor\" \/>\n<meta property=\"og:url\" content=\"https:\/\/radiolitoral.com\/ca\/2025\/05\/cn-moraira-acull-el-xxvi-campionat-despana-de-regularitat\/\" \/>\n<meta property=\"og:site_name\" content=\"R\u00e0dio Litoral\" \/>\n<meta property=\"article:publisher\" content=\"https:\/\/www.facebook.com\/Laradiolitoral\/\" \/>\n<meta property=\"article:published_time\" content=\"2025-05-29T08:07:25+00:00\" \/>\n<meta property=\"og:image\" content=\"https:\/\/media.radiolitoral.com\/wp-content\/uploads\/2025\/05\/27121132\/Barco-en-Moraira.jpg\" \/>\n\t<meta property=\"og:image:width\" content=\"900\" \/>\n\t<meta property=\"og:image:height\" content=\"496\" \/>\n\t<meta property=\"og:image:type\" content=\"image\/jpeg\" \/>\n<meta name=\"author\" content=\"Javier Zamora\" \/>\n<meta name=\"twitter:card\" content=\"summary_large_image\" \/>\n<meta name=\"twitter:label1\" content=\"Escrit per\" \/>\n\t<meta name=\"twitter:data1\" content=\"Javier Zamora\" \/>\n\t<meta name=\"twitter:label2\" content=\"Temps estimat de lectura\" \/>\n\t<meta name=\"twitter:data2\" content=\"2 minuts\" \/>\n<script type=\"application\/ld+json\" class=\"yoast-schema-graph\">{\"@context\":\"https:\\\/\\\/schema.org\",\"@graph\":[{\"@type\":\"NewsArticle\",\"@id\":\"https:\\\/\\\/radiolitoral.com\\\/2025\\\/05\\\/cn-moraira-acoge-el-xxvi-campeonato-de-espana-de-regularidad\\\/#article\",\"isPartOf\":{\"@id\":\"https:\\\/\\\/radiolitoral.com\\\/2025\\\/05\\\/cn-moraira-acoge-el-xxvi-campeonato-de-espana-de-regularidad\\\/\"},\"author\":{\"name\":\"Javier Zamora\",\"@id\":\"https:\\\/\\\/radiolitoral.com\\\/#\\\/schema\\\/person\\\/7b1480b5caeb5acdd4ec6379caf62b22\"},\"headline\":\"CN Moraira acoge el XXVI Campeonato de Espa\u00f1a de Regularidad\",\"datePublished\":\"2025-05-29T08:07:25+00:00\",\"mainEntityOfPage\":{\"@id\":\"https:\\\/\\\/radiolitoral.com\\\/2025\\\/05\\\/cn-moraira-acoge-el-xxvi-campeonato-de-espana-de-regularidad\\\/\"},\"wordCount\":266,\"commentCount\":0,\"publisher\":{\"@id\":\"https:\\\/\\\/radiolitoral.com\\\/#organization\"},\"image\":{\"@id\":\"https:\\\/\\\/radiolitoral.com\\\/2025\\\/05\\\/cn-moraira-acoge-el-xxvi-campeonato-de-espana-de-regularidad\\\/#primaryimage\"},\"thumbnailUrl\":\"https:\\\/\\\/media.radiolitoral.com\\\/wp-content\\\/uploads\\\/2025\\\/05\\\/27121132\\\/Barco-en-Moraira.jpg\",\"keywords\":[\"Club\u00a0N\u00e1utico\u00a0Moraira\",\"CN Moraira\",\"deportes\",\"XXVI Campeonato de Espa\u00f1a de regularidad de barcos a motor\"],\"articleSection\":[\"Deportes\"],\"inLanguage\":\"ca\",\"potentialAction\":[{\"@type\":\"CommentAction\",\"name\":\"Comment\",\"target\":[\"https:\\\/\\\/radiolitoral.com\\\/2025\\\/05\\\/cn-moraira-acoge-el-xxvi-campeonato-de-espana-de-regularidad\\\/#respond\"]}]},{\"@type\":[\"WebPage\",\"ItemPage\"],\"@id\":\"https:\\\/\\\/radiolitoral.com\\\/2025\\\/05\\\/cn-moraira-acoge-el-xxvi-campeonato-de-espana-de-regularidad\\\/\",\"url\":\"https:\\\/\\\/radiolitoral.com\\\/2025\\\/05\\\/cn-moraira-acoge-el-xxvi-campeonato-de-espana-de-regularidad\\\/\",\"name\":\"CN Moraira acoge el XXVI Campeonato de Espa\u00f1a de Regularidad | R\u00e0dio Litoral\",\"isPartOf\":{\"@id\":\"https:\\\/\\\/radiolitoral.com\\\/#website\"},\"primaryImageOfPage\":{\"@id\":\"https:\\\/\\\/radiolitoral.com\\\/2025\\\/05\\\/cn-moraira-acoge-el-xxvi-campeonato-de-espana-de-regularidad\\\/#primaryimage\"},\"image\":{\"@id\":\"https:\\\/\\\/radiolitoral.com\\\/2025\\\/05\\\/cn-moraira-acoge-el-xxvi-campeonato-de-espana-de-regularidad\\\/#primaryimage\"},\"thumbnailUrl\":\"https:\\\/\\\/media.radiolitoral.com\\\/wp-content\\\/uploads\\\/2025\\\/05\\\/27121132\\\/Barco-en-Moraira.jpg\",\"datePublished\":\"2025-05-29T08:07:25+00:00\",\"description\":\"Es una competici\u00f3n n\u00e1utica que pone a prueba la precisi\u00f3n y estrategia en navegaci\u00f3n de embarcaciones de motor Es una competici\u00f3n n\u00e1utica que pone a prueba la precisi\u00f3n y estrategia en navegaci\u00f3n de embarcaciones de motor\",\"breadcrumb\":{\"@id\":\"https:\\\/\\\/radiolitoral.com\\\/2025\\\/05\\\/cn-moraira-acoge-el-xxvi-campeonato-de-espana-de-regularidad\\\/#breadcrumb\"},\"inLanguage\":\"ca\",\"potentialAction\":[{\"@type\":\"ReadAction\",\"target\":[\"https:\\\/\\\/radiolitoral.com\\\/2025\\\/05\\\/cn-moraira-acoge-el-xxvi-campeonato-de-espana-de-regularidad\\\/\"]}]},{\"@type\":\"ImageObject\",\"inLanguage\":\"ca\",\"@id\":\"https:\\\/\\\/radiolitoral.com\\\/2025\\\/05\\\/cn-moraira-acoge-el-xxvi-campeonato-de-espana-de-regularidad\\\/#primaryimage\",\"url\":\"https:\\\/\\\/media.radiolitoral.com\\\/wp-content\\\/uploads\\\/2025\\\/05\\\/27121132\\\/Barco-en-Moraira.jpg\",\"contentUrl\":\"https:\\\/\\\/media.radiolitoral.com\\\/wp-content\\\/uploads\\\/2025\\\/05\\\/27121132\\\/Barco-en-Moraira.jpg\",\"width\":900,\"height\":496},{\"@type\":\"BreadcrumbList\",\"@id\":\"https:\\\/\\\/radiolitoral.com\\\/2025\\\/05\\\/cn-moraira-acoge-el-xxvi-campeonato-de-espana-de-regularidad\\\/#breadcrumb\",\"itemListElement\":[{\"@type\":\"ListItem\",\"position\":1,\"name\":\"Portada\",\"item\":\"https:\\\/\\\/radiolitoral.com\\\/\"},{\"@type\":\"ListItem\",\"position\":2,\"name\":\"CN Moraira acoge el XXVI Campeonato de Espa\u00f1a de Regularidad\"}]},{\"@type\":\"WebSite\",\"@id\":\"https:\\\/\\\/radiolitoral.com\\\/#website\",\"url\":\"https:\\\/\\\/radiolitoral.com\\\/\",\"name\":\"Radio Litoral\",\"description\":\"La radio local de la Marina Alta\",\"publisher\":{\"@id\":\"https:\\\/\\\/radiolitoral.com\\\/#organization\"},\"alternateName\":\"Litoral FM\",\"potentialAction\":[{\"@type\":\"SearchAction\",\"target\":{\"@type\":\"EntryPoint\",\"urlTemplate\":\"https:\\\/\\\/radiolitoral.com\\\/?s={search_term_string}\"},\"query-input\":{\"@type\":\"PropertyValueSpecification\",\"valueRequired\":true,\"valueName\":\"search_term_string\"}}],\"inLanguage\":\"ca\"},{\"@type\":\"Organization\",\"@id\":\"https:\\\/\\\/radiolitoral.com\\\/#organization\",\"name\":\"Radio Litoral\",\"url\":\"https:\\\/\\\/radiolitoral.com\\\/\",\"logo\":{\"@type\":\"ImageObject\",\"inLanguage\":\"ca\",\"@id\":\"https:\\\/\\\/radiolitoral.com\\\/#\\\/schema\\\/logo\\\/image\\\/\",\"url\":\"https:\\\/\\\/media.radiolitoral.com\\\/wp-content\\\/uploads\\\/2023\\\/02\\\/24143238\\\/CL-V-RadioLitoral696.png\",\"contentUrl\":\"https:\\\/\\\/media.radiolitoral.com\\\/wp-content\\\/uploads\\\/2023\\\/02\\\/24143238\\\/CL-V-RadioLitoral696.png\",\"width\":696,\"height\":696,\"caption\":\"Radio Litoral\"},\"image\":{\"@id\":\"https:\\\/\\\/radiolitoral.com\\\/#\\\/schema\\\/logo\\\/image\\\/\"},\"sameAs\":[\"https:\\\/\\\/www.facebook.com\\\/Laradiolitoral\\\/\"]},{\"@type\":\"Person\",\"@id\":\"https:\\\/\\\/radiolitoral.com\\\/#\\\/schema\\\/person\\\/7b1480b5caeb5acdd4ec6379caf62b22\",\"name\":\"Javier Zamora\",\"image\":{\"@type\":\"ImageObject\",\"inLanguage\":\"ca\",\"@id\":\"https:\\\/\\\/secure.gravatar.com\\\/avatar\\\/467a11f6918c7d619c4043fc6fa2d3853053107973f05b6e9c04ea6c4e3a7b3f?s=96&d=mm&r=g\",\"url\":\"https:\\\/\\\/secure.gravatar.com\\\/avatar\\\/467a11f6918c7d619c4043fc6fa2d3853053107973f05b6e9c04ea6c4e3a7b3f?s=96&d=mm&r=g\",\"contentUrl\":\"https:\\\/\\\/secure.gravatar.com\\\/avatar\\\/467a11f6918c7d619c4043fc6fa2d3853053107973f05b6e9c04ea6c4e3a7b3f?s=96&d=mm&r=g\",\"caption\":\"Javier Zamora\"},\"url\":\"https:\\\/\\\/radiolitoral.com\\\/ca\\\/author\\\/javier-zamora\\\/\"}]}<\/script>\n<!-- \/ Yoast SEO plugin. -->","yoast_head_json":{"title":"CN Moraira acull el XXVI Campionat d\u00b4Espanya de Regularitat | R\u00e0dio Litoral","description":"\u00c9s una competici\u00f3 n\u00e0utica que posa a prova la precisi\u00f3 i l&#039;estrat\u00e8gia en navegaci\u00f3 d&#039;embarcacions de motor \u00c9s una competici\u00f3 n\u00e0utica que posa a prova la precisi\u00f3 i l&#039;estrat\u00e8gia en navegaci\u00f3 d&#039;embarcacions de motor","robots":{"index":"index","follow":"follow","max-snippet":"max-snippet:-1","max-image-preview":"max-image-preview:large","max-video-preview":"max-video-preview:-1"},"canonical":"https:\/\/radiolitoral.com\/ca\/2025\/05\/cn-moraira-acull-el-xxvi-campionat-despana-de-regularitat\/","og_locale":"ca_ES","og_type":"article","og_title":"CN Moraira acoge el XXVI Campeonato de Espa\u00f1a de Regularidad | R\u00e0dio Litoral","og_description":"Es una competici\u00f3n n\u00e1utica que pone a prueba la precisi\u00f3n y estrategia en navegaci\u00f3n de embarcaciones de motor Es una competici\u00f3n n\u00e1utica que pone a prueba la precisi\u00f3n y estrategia en navegaci\u00f3n de embarcaciones de motor","og_url":"https:\/\/radiolitoral.com\/ca\/2025\/05\/cn-moraira-acull-el-xxvi-campionat-despana-de-regularitat\/","og_site_name":"R\u00e0dio Litoral","article_publisher":"https:\/\/www.facebook.com\/Laradiolitoral\/","article_published_time":"2025-05-29T08:07:25+00:00","og_image":[{"width":900,"height":496,"url":"https:\/\/media.radiolitoral.com\/wp-content\/uploads\/2025\/05\/27121132\/Barco-en-Moraira.jpg","type":"image\/jpeg"}],"author":"Javier Zamora","twitter_card":"summary_large_image","twitter_misc":{"Escrit per":"Javier Zamora","Temps estimat de lectura":"2 minuts"},"schema":{"@context":"https:\/\/schema.org","@graph":[{"@type":"NewsArticle","@id":"https:\/\/radiolitoral.com\/2025\/05\/cn-moraira-acoge-el-xxvi-campeonato-de-espana-de-regularidad\/#article","isPartOf":{"@id":"https:\/\/radiolitoral.com\/2025\/05\/cn-moraira-acoge-el-xxvi-campeonato-de-espana-de-regularidad\/"},"author":{"name":"Javier Zamora","@id":"https:\/\/radiolitoral.com\/#\/schema\/person\/7b1480b5caeb5acdd4ec6379caf62b22"},"headline":"CN Moraira acoge el XXVI Campeonato de Espa\u00f1a de Regularidad","datePublished":"2025-05-29T08:07:25+00:00","mainEntityOfPage":{"@id":"https:\/\/radiolitoral.com\/2025\/05\/cn-moraira-acoge-el-xxvi-campeonato-de-espana-de-regularidad\/"},"wordCount":266,"commentCount":0,"publisher":{"@id":"https:\/\/radiolitoral.com\/#organization"},"image":{"@id":"https:\/\/radiolitoral.com\/2025\/05\/cn-moraira-acoge-el-xxvi-campeonato-de-espana-de-regularidad\/#primaryimage"},"thumbnailUrl":"https:\/\/media.radiolitoral.com\/wp-content\/uploads\/2025\/05\/27121132\/Barco-en-Moraira.jpg","keywords":["Club\u00a0N\u00e1utico\u00a0Moraira","CN Moraira","deportes","XXVI Campeonato de Espa\u00f1a de regularidad de barcos a motor"],"articleSection":["Deportes"],"inLanguage":"ca","potentialAction":[{"@type":"CommentAction","name":"Comment","target":["https:\/\/radiolitoral.com\/2025\/05\/cn-moraira-acoge-el-xxvi-campeonato-de-espana-de-regularidad\/#respond"]}]},{"@type":["WebPage","ItemPage"],"@id":"https:\/\/radiolitoral.com\/2025\/05\/cn-moraira-acoge-el-xxvi-campeonato-de-espana-de-regularidad\/","url":"https:\/\/radiolitoral.com\/2025\/05\/cn-moraira-acoge-el-xxvi-campeonato-de-espana-de-regularidad\/","name":"CN Moraira acull el XXVI Campionat d\u00b4Espanya de Regularitat | R\u00e0dio Litoral","isPartOf":{"@id":"https:\/\/radiolitoral.com\/#website"},"primaryImageOfPage":{"@id":"https:\/\/radiolitoral.com\/2025\/05\/cn-moraira-acoge-el-xxvi-campeonato-de-espana-de-regularidad\/#primaryimage"},"image":{"@id":"https:\/\/radiolitoral.com\/2025\/05\/cn-moraira-acoge-el-xxvi-campeonato-de-espana-de-regularidad\/#primaryimage"},"thumbnailUrl":"https:\/\/media.radiolitoral.com\/wp-content\/uploads\/2025\/05\/27121132\/Barco-en-Moraira.jpg","datePublished":"2025-05-29T08:07:25+00:00","description":"\u00c9s una competici\u00f3 n\u00e0utica que posa a prova la precisi\u00f3 i l&#039;estrat\u00e8gia en navegaci\u00f3 d&#039;embarcacions de motor \u00c9s una competici\u00f3 n\u00e0utica que posa a prova la precisi\u00f3 i l&#039;estrat\u00e8gia en navegaci\u00f3 d&#039;embarcacions de motor","breadcrumb":{"@id":"https:\/\/radiolitoral.com\/2025\/05\/cn-moraira-acoge-el-xxvi-campeonato-de-espana-de-regularidad\/#breadcrumb"},"inLanguage":"ca","potentialAction":[{"@type":"ReadAction","target":["https:\/\/radiolitoral.com\/2025\/05\/cn-moraira-acoge-el-xxvi-campeonato-de-espana-de-regularidad\/"]}]},{"@type":"ImageObject","inLanguage":"ca","@id":"https:\/\/radiolitoral.com\/2025\/05\/cn-moraira-acoge-el-xxvi-campeonato-de-espana-de-regularidad\/#primaryimage","url":"https:\/\/media.radiolitoral.com\/wp-content\/uploads\/2025\/05\/27121132\/Barco-en-Moraira.jpg","contentUrl":"https:\/\/media.radiolitoral.com\/wp-content\/uploads\/2025\/05\/27121132\/Barco-en-Moraira.jpg","width":900,"height":496},{"@type":"BreadcrumbList","@id":"https:\/\/radiolitoral.com\/2025\/05\/cn-moraira-acoge-el-xxvi-campeonato-de-espana-de-regularidad\/#breadcrumb","itemListElement":[{"@type":"ListItem","position":1,"name":"Portada","item":"https:\/\/radiolitoral.com\/"},{"@type":"ListItem","position":2,"name":"CN Moraira acoge el XXVI Campeonato de Espa\u00f1a de Regularidad"}]},{"@type":"WebSite","@id":"https:\/\/radiolitoral.com\/#website","url":"https:\/\/radiolitoral.com\/","name":"R\u00e0dio Litoral","description":"La r\u00e0dio local de la Marina Alta","publisher":{"@id":"https:\/\/radiolitoral.com\/#organization"},"alternateName":"Litoral FM","potentialAction":[{"@type":"SearchAction","target":{"@type":"EntryPoint","urlTemplate":"https:\/\/radiolitoral.com\/?s={search_term_string}"},"query-input":{"@type":"PropertyValueSpecification","valueRequired":true,"valueName":"search_term_string"}}],"inLanguage":"ca"},{"@type":"Organization","@id":"https:\/\/radiolitoral.com\/#organization","name":"R\u00e0dio Litoral","url":"https:\/\/radiolitoral.com\/","logo":{"@type":"ImageObject","inLanguage":"ca","@id":"https:\/\/radiolitoral.com\/#\/schema\/logo\/image\/","url":"https:\/\/media.radiolitoral.com\/wp-content\/uploads\/2023\/02\/24143238\/CL-V-RadioLitoral696.png","contentUrl":"https:\/\/media.radiolitoral.com\/wp-content\/uploads\/2023\/02\/24143238\/CL-V-RadioLitoral696.png","width":696,"height":696,"caption":"Radio Litoral"},"image":{"@id":"https:\/\/radiolitoral.com\/#\/schema\/logo\/image\/"},"sameAs":["https:\/\/www.facebook.com\/Laradiolitoral\/"]},{"@type":"Person","@id":"https:\/\/radiolitoral.com\/#\/schema\/person\/7b1480b5caeb5acdd4ec6379caf62b22","name":"Javier Zamora","image":{"@type":"ImageObject","inLanguage":"ca","@id":"https:\/\/secure.gravatar.com\/avatar\/467a11f6918c7d619c4043fc6fa2d3853053107973f05b6e9c04ea6c4e3a7b3f?s=96&d=mm&r=g","url":"https:\/\/secure.gravatar.com\/avatar\/467a11f6918c7d619c4043fc6fa2d3853053107973f05b6e9c04ea6c4e3a7b3f?s=96&d=mm&r=g","contentUrl":"https:\/\/secure.gravatar.com\/avatar\/467a11f6918c7d619c4043fc6fa2d3853053107973f05b6e9c04ea6c4e3a7b3f?s=96&d=mm&r=g","caption":"Javier Zamora"},"url":"https:\/\/radiolitoral.com\/ca\/author\/javier-zamora\/"}]}},"_links":{"self":[{"href":"https:\/\/radiolitoral.com\/ca\/wp-json\/wp\/v2\/posts\/16942","targetHints":{"allow":["GET"]}}],"collection":[{"href":"https:\/\/radiolitoral.com\/ca\/wp-json\/wp\/v2\/posts"}],"about":[{"href":"https:\/\/radiolitoral.com\/ca\/wp-json\/wp\/v2\/types\/post"}],"author":[{"embeddable":true,"href":"https:\/\/radiolitoral.com\/ca\/wp-json\/wp\/v2\/users\/12"}],"replies":[{"embeddable":true,"href":"https:\/\/radiolitoral.com\/ca\/wp-json\/wp\/v2\/comments?post=16942"}],"version-history":[{"count":4,"href":"https:\/\/radiolitoral.com\/ca\/wp-json\/wp\/v2\/posts\/16942\/revisions"}],"predecessor-version":[{"id":16989,"href":"https:\/\/radiolitoral.com\/ca\/wp-json\/wp\/v2\/posts\/16942\/revisions\/16989"}],"wp:featuredmedia":[{"embeddable":true,"href":"https:\/\/radiolitoral.com\/ca\/wp-json\/wp\/v2\/media\/16943"}],"wp:attachment":[{"href":"https:\/\/radiolitoral.com\/ca\/wp-json\/wp\/v2\/media?parent=16942"}],"wp:term":[{"taxonomy":"category","embeddable":true,"href":"https:\/\/radiolitoral.com\/ca\/wp-json\/wp\/v2\/categories?post=16942"},{"taxonomy":"post_tag","embeddable":true,"href":"https:\/\/radiolitoral.com\/ca\/wp-json\/wp\/v2\/tags?post=16942"}],"curies":[{"name":"wp","href":"https:\/\/api.w.org\/{rel}","templated":true}]}}