{"id":16935,"date":"2025-05-27T10:53:23","date_gmt":"2025-05-27T08:53:23","guid":{"rendered":"https:\/\/radiolitoral.com\/?p=16935"},"modified":"2025-05-27T10:53:23","modified_gmt":"2025-05-27T08:53:23","slug":"carles-liberos-es-important-que-descansin-per-anar-als-examens-amb-la-concentracio-al-maxim","status":"publish","type":"post","link":"https:\/\/radiolitoral.com\/ca\/2025\/05\/carles-lliberos-es-importante-que-descansen-para-ir-a-los-examenes-con-la-concentracion-a-tope\/","title":{"rendered":"Carles Lliber\u00f3s: \u201c\u00c9s important que descansin per anar als ex\u00e0mens amb la concentraci\u00f3 al m\u00e0xim\u201d"},"content":{"rendered":"<p>A les cases d&#039;alguns dels nostres oients, i perqu\u00e8 no dir-ho, a les nostres tamb\u00e9, es viuen dies d&#039;especial nerviosisme. Els estudiants que han superat 2n de batxillerat tenen el rellotge en compte enrere. La setmana que ve,<strong> els dies 3,4 i 5 de juny<\/strong>, s&#039;enfrontaran a les temudes<strong> Proves d&#039;acc\u00e9s a la Universitat,<\/strong> les <strong>PAU 2025<\/strong>, que a sobre aquest any arriben amb canvis. Per aix\u00f2 aquest mat\u00ed, al <strong>Primer Caf\u00e8<\/strong>, per tal de calmar els nervis, hem compartit aquest temps de r\u00e0dio amb el director del <strong>IES Josep Iborra de Benissa, Carles Lliber\u00f3s, i cap d&#039;Estudis d&#039;aquest centre, Toni Lorente<\/strong>, que ens han informat i aconsellat per poder afrontar amb \u00e8xit aquests temuts ex\u00e0mens.<\/p>\n<p><strong>Benissa<\/strong>, el seu Centre d&#039;Exel\u00b7l\u00e8ncia, \u00e9s un any m\u00e9s seu de la tamb\u00e9 coneguda com a selectivitat. Des de l&#039;IES Josep Iborra estan ultimant els preparatius perqu\u00e8 tot surti de la millor manera possible. Uns 250 estudiants s&#039;enfrontaran a aquestes proves a Benissa. El primer examen ser\u00e0 el de Llengua Castellana i Literatura.<\/p>\n<p>Els nostres convidats han orientat els estudiants que en uns dies hauran de fer aquestes proves, perqu\u00e8 les afrontin amb la m\u00e0xima tranquil\u00b7litat possible i aconsegueixin l&#039;\u00e8xit desitjat. <strong>criteris de correcci\u00f3 de cada assignatura<\/strong>, que arribin amb temps a l&#039;examen, no oblidin el DNI, que es fixin a l&#039;ortografia, les faltes resten a la puntuaci\u00f3, que llegeixin amb atenci\u00f3 les preguntes de l&#039;examen, que intentin respondre a tot, i quan acabin la prova no pensin m\u00e9s en aquest examen. Les notes es publicaran el 13 de juny.<\/p>\n<p>S\u00f3n dies per repassar, revisar tot all\u00f2 apr\u00e8s durant el curs, per\u00f2 tamb\u00e9 \u00e9s imprescindible un bon descans i una millor alimentaci\u00f3. Els nostres convidats han llan\u00e7at un missatge de tranquil\u00b7litat a tots els estudiants, assegurant que van m\u00e9s ben preparats del que creuen i recordant que el percentatge d&#039;aprovats de les PAU \u00e9s molt alt.<\/p>\n<p>\u00c0nim i sort per a tots els estudiants que afronten les proves PAU. I si voleu saber-ne m\u00e9s sobre aquests ex\u00e0mens i com afrontar-los amb \u00e8xit, podeu tornar a escoltar l&#039;entrevista completa aqu\u00ed.<\/p>\n<audio class=\"wp-audio-shortcode\" id=\"audio-16935-1\" preload=\"none\" style=\"width: 100%;\" controls=\"controls\"><source type=\"audio\/mpeg\" src=\"https:\/\/media.radiolitoral.com\/wp-content\/uploads\/2025\/05\/27104748\/Primer-Cafe-proves-PAU.mp3?_=1\" \/><a href=\"https:\/\/media.radiolitoral.com\/wp-content\/uploads\/2025\/05\/27104748\/Primer-Cafe-proves-PAU.mp3\">https:\/\/media.radiolitoral.com\/wp-content\/uploads\/2025\/05\/27104748\/Primer-Cafe-proves-PAU.mp3<\/a><\/audio>","protected":false},"excerpt":{"rendered":"<p>En las casas de algunos de nuestros oyentes, y porque no decirlo, en las nuestras tambi\u00e9n, se viven d\u00edas de especial nerviosismo. Los estudiantes que han superado 2\u00ba de bachillerato tienen el reloj en cuenta atr\u00e1s. La pr\u00f3xima semana, los d\u00edas 3,4 y 5 de junio, se enfrentar\u00e1n a las temidas Pruebas de Acceso a [&#8230;]<\/p>\n<p><a class=\"btn btn-secondary understrap-read-more-link\" href=\"https:\/\/radiolitoral.com\/ca\/2025\/05\/carles-lliberos-es-importante-que-descansen-para-ir-a-los-examenes-con-la-concentracion-a-tope\/\">Continua llegint&#8230;<span class=\"screen-reader-text\"> from Carles Lliber\u00f3s: \u201cEs importante que descansen para ir a los ex\u00e1menes con la concentraci\u00f3n a tope\u201d<\/span><\/a><\/p>\n","protected":false},"author":13,"featured_media":16937,"comment_status":"open","ping_status":"closed","sticky":false,"template":"","format":"standard","meta":{"_acf_changed":false,"inline_featured_image":false,"footnotes":""},"categories":[130,2753],"tags":[2313,4398,4399,4397,1523,2312,4394,4396,4395,2314],"class_list":["post-16935","post","type-post","status-publish","format-standard","has-post-thumbnail","hentry","category-educacion","category-entrevistas","tag-carles-lliberos","tag-consejos","tag-estudiantes","tag-examenes-acceso-universidad","tag-ies-josep-iborra","tag-primer-cafe","tag-pruebas-pau","tag-sede-pruebas-pau","tag-selectividad","tag-toni-lorente","cobertura-benissa"],"acf":[],"yoast_head":"<!-- This site is optimized with the Yoast SEO plugin v27.5 - https:\/\/yoast.com\/product\/yoast-seo-wordpress\/ -->\n<title>Carles Lliber\u00f3s: \u201cEs importante que descansen para ir a los ex\u00e1menes con la concentraci\u00f3n a tope\u201d | R\u00e0dio Litoral<\/title>\n<meta name=\"description\" content=\"El Centro de Excelencia de Benissa ser\u00e1 sede de las pruebas PAU del 3 al 5 de junio para unos 250 estudiantes de la Marina Alta\" \/>\n<meta name=\"robots\" content=\"index, follow, max-snippet:-1, max-image-preview:large, max-video-preview:-1\" \/>\n<link rel=\"canonical\" href=\"https:\/\/radiolitoral.com\/ca\/2025\/05\/carles-liberos-es-important-que-descansin-per-anar-als-examens-amb-la-concentracio-al-maxim\/\" \/>\n<meta property=\"og:locale\" content=\"ca_ES\" \/>\n<meta property=\"og:type\" content=\"article\" \/>\n<meta property=\"og:title\" content=\"Carles Lliber\u00f3s: \u201cEs importante que descansen para ir a los ex\u00e1menes con la concentraci\u00f3n a tope\u201d | R\u00e0dio Litoral\" \/>\n<meta property=\"og:description\" content=\"El Centro de Excelencia de Benissa ser\u00e1 sede de las pruebas PAU del 3 al 5 de junio para unos 250 estudiantes de la Marina Alta\" \/>\n<meta property=\"og:url\" content=\"https:\/\/radiolitoral.com\/ca\/2025\/05\/carles-liberos-es-important-que-descansin-per-anar-als-examens-amb-la-concentracio-al-maxim\/\" \/>\n<meta property=\"og:site_name\" content=\"R\u00e0dio Litoral\" \/>\n<meta property=\"article:publisher\" content=\"https:\/\/www.facebook.com\/Laradiolitoral\/\" \/>\n<meta property=\"article:published_time\" content=\"2025-05-27T08:53:23+00:00\" \/>\n<meta property=\"og:image\" content=\"https:\/\/media.radiolitoral.com\/wp-content\/uploads\/2025\/05\/27104931\/Toni-Lorente-y-Carles-Lliberos-Primer-Cafe-e1748335948860.jpg\" \/>\n\t<meta property=\"og:image:width\" content=\"1893\" \/>\n\t<meta property=\"og:image:height\" content=\"1283\" \/>\n\t<meta property=\"og:image:type\" content=\"image\/jpeg\" \/>\n<meta name=\"author\" content=\"Redacci\u00f3n\" \/>\n<meta name=\"twitter:card\" content=\"summary_large_image\" \/>\n<meta name=\"twitter:label1\" content=\"Escrit per\" \/>\n\t<meta name=\"twitter:data1\" content=\"Redacci\u00f3n\" \/>\n\t<meta name=\"twitter:label2\" content=\"Temps estimat de lectura\" \/>\n\t<meta name=\"twitter:data2\" content=\"3 minuts\" \/>\n<script type=\"application\/ld+json\" class=\"yoast-schema-graph\">{\"@context\":\"https:\\\/\\\/schema.org\",\"@graph\":[{\"@type\":\"NewsArticle\",\"@id\":\"https:\\\/\\\/radiolitoral.com\\\/2025\\\/05\\\/carles-lliberos-es-importante-que-descansen-para-ir-a-los-examenes-con-la-concentracion-a-tope\\\/#article\",\"isPartOf\":{\"@id\":\"https:\\\/\\\/radiolitoral.com\\\/2025\\\/05\\\/carles-lliberos-es-importante-que-descansen-para-ir-a-los-examenes-con-la-concentracion-a-tope\\\/\"},\"author\":{\"name\":\"Redacci\u00f3n\",\"@id\":\"https:\\\/\\\/radiolitoral.com\\\/#\\\/schema\\\/person\\\/f2b2343c49b5d721857cc1002bfdb151\"},\"headline\":\"Carles Lliber\u00f3s: \u201cEs importante que descansen para ir a los ex\u00e1menes con la concentraci\u00f3n a tope\u201d\",\"datePublished\":\"2025-05-27T08:53:23+00:00\",\"mainEntityOfPage\":{\"@id\":\"https:\\\/\\\/radiolitoral.com\\\/2025\\\/05\\\/carles-lliberos-es-importante-que-descansen-para-ir-a-los-examenes-con-la-concentracion-a-tope\\\/\"},\"wordCount\":419,\"commentCount\":0,\"publisher\":{\"@id\":\"https:\\\/\\\/radiolitoral.com\\\/#organization\"},\"image\":{\"@id\":\"https:\\\/\\\/radiolitoral.com\\\/2025\\\/05\\\/carles-lliberos-es-importante-que-descansen-para-ir-a-los-examenes-con-la-concentracion-a-tope\\\/#primaryimage\"},\"thumbnailUrl\":\"https:\\\/\\\/media.radiolitoral.com\\\/wp-content\\\/uploads\\\/2025\\\/05\\\/27104931\\\/Toni-Lorente-y-Carles-Lliberos-Primer-Cafe-e1748335948860.jpg\",\"keywords\":[\"Carles Lliber\u00f3s\",\"Consejos\",\"Estudiantes\",\"Ex\u00e1menes acceso universidad\",\"IES Josep Iborra\",\"Primer Caf\u00e9\",\"Pruebas PAU\",\"Sede pruebas PAU\",\"Selectividad\",\"Toni Lorente\"],\"articleSection\":[\"Educaci\u00f3n\",\"Entrevistas\"],\"inLanguage\":\"ca\",\"potentialAction\":[{\"@type\":\"CommentAction\",\"name\":\"Comment\",\"target\":[\"https:\\\/\\\/radiolitoral.com\\\/2025\\\/05\\\/carles-lliberos-es-importante-que-descansen-para-ir-a-los-examenes-con-la-concentracion-a-tope\\\/#respond\"]}]},{\"@type\":[\"WebPage\",\"ItemPage\"],\"@id\":\"https:\\\/\\\/radiolitoral.com\\\/2025\\\/05\\\/carles-lliberos-es-importante-que-descansen-para-ir-a-los-examenes-con-la-concentracion-a-tope\\\/\",\"url\":\"https:\\\/\\\/radiolitoral.com\\\/2025\\\/05\\\/carles-lliberos-es-importante-que-descansen-para-ir-a-los-examenes-con-la-concentracion-a-tope\\\/\",\"name\":\"Carles Lliber\u00f3s: \u201cEs importante que descansen para ir a los ex\u00e1menes con la concentraci\u00f3n a tope\u201d | R\u00e0dio Litoral\",\"isPartOf\":{\"@id\":\"https:\\\/\\\/radiolitoral.com\\\/#website\"},\"primaryImageOfPage\":{\"@id\":\"https:\\\/\\\/radiolitoral.com\\\/2025\\\/05\\\/carles-lliberos-es-importante-que-descansen-para-ir-a-los-examenes-con-la-concentracion-a-tope\\\/#primaryimage\"},\"image\":{\"@id\":\"https:\\\/\\\/radiolitoral.com\\\/2025\\\/05\\\/carles-lliberos-es-importante-que-descansen-para-ir-a-los-examenes-con-la-concentracion-a-tope\\\/#primaryimage\"},\"thumbnailUrl\":\"https:\\\/\\\/media.radiolitoral.com\\\/wp-content\\\/uploads\\\/2025\\\/05\\\/27104931\\\/Toni-Lorente-y-Carles-Lliberos-Primer-Cafe-e1748335948860.jpg\",\"datePublished\":\"2025-05-27T08:53:23+00:00\",\"description\":\"El Centro de Excelencia de Benissa ser\u00e1 sede de las pruebas PAU del 3 al 5 de junio para unos 250 estudiantes de la Marina Alta\",\"breadcrumb\":{\"@id\":\"https:\\\/\\\/radiolitoral.com\\\/2025\\\/05\\\/carles-lliberos-es-importante-que-descansen-para-ir-a-los-examenes-con-la-concentracion-a-tope\\\/#breadcrumb\"},\"inLanguage\":\"ca\",\"potentialAction\":[{\"@type\":\"ReadAction\",\"target\":[\"https:\\\/\\\/radiolitoral.com\\\/2025\\\/05\\\/carles-lliberos-es-importante-que-descansen-para-ir-a-los-examenes-con-la-concentracion-a-tope\\\/\"]}]},{\"@type\":\"ImageObject\",\"inLanguage\":\"ca\",\"@id\":\"https:\\\/\\\/radiolitoral.com\\\/2025\\\/05\\\/carles-lliberos-es-importante-que-descansen-para-ir-a-los-examenes-con-la-concentracion-a-tope\\\/#primaryimage\",\"url\":\"https:\\\/\\\/media.radiolitoral.com\\\/wp-content\\\/uploads\\\/2025\\\/05\\\/27104931\\\/Toni-Lorente-y-Carles-Lliberos-Primer-Cafe-e1748335948860.jpg\",\"contentUrl\":\"https:\\\/\\\/media.radiolitoral.com\\\/wp-content\\\/uploads\\\/2025\\\/05\\\/27104931\\\/Toni-Lorente-y-Carles-Lliberos-Primer-Cafe-e1748335948860.jpg\",\"width\":1893,\"height\":1283},{\"@type\":\"BreadcrumbList\",\"@id\":\"https:\\\/\\\/radiolitoral.com\\\/2025\\\/05\\\/carles-lliberos-es-importante-que-descansen-para-ir-a-los-examenes-con-la-concentracion-a-tope\\\/#breadcrumb\",\"itemListElement\":[{\"@type\":\"ListItem\",\"position\":1,\"name\":\"Portada\",\"item\":\"https:\\\/\\\/radiolitoral.com\\\/\"},{\"@type\":\"ListItem\",\"position\":2,\"name\":\"Carles Lliber\u00f3s: \u201cEs importante que descansen para ir a los ex\u00e1menes con la concentraci\u00f3n a tope\u201d\"}]},{\"@type\":\"WebSite\",\"@id\":\"https:\\\/\\\/radiolitoral.com\\\/#website\",\"url\":\"https:\\\/\\\/radiolitoral.com\\\/\",\"name\":\"Radio Litoral\",\"description\":\"La radio local de la Marina Alta\",\"publisher\":{\"@id\":\"https:\\\/\\\/radiolitoral.com\\\/#organization\"},\"alternateName\":\"Litoral FM\",\"potentialAction\":[{\"@type\":\"SearchAction\",\"target\":{\"@type\":\"EntryPoint\",\"urlTemplate\":\"https:\\\/\\\/radiolitoral.com\\\/?s={search_term_string}\"},\"query-input\":{\"@type\":\"PropertyValueSpecification\",\"valueRequired\":true,\"valueName\":\"search_term_string\"}}],\"inLanguage\":\"ca\"},{\"@type\":\"Organization\",\"@id\":\"https:\\\/\\\/radiolitoral.com\\\/#organization\",\"name\":\"Radio Litoral\",\"url\":\"https:\\\/\\\/radiolitoral.com\\\/\",\"logo\":{\"@type\":\"ImageObject\",\"inLanguage\":\"ca\",\"@id\":\"https:\\\/\\\/radiolitoral.com\\\/#\\\/schema\\\/logo\\\/image\\\/\",\"url\":\"https:\\\/\\\/media.radiolitoral.com\\\/wp-content\\\/uploads\\\/2023\\\/02\\\/24143238\\\/CL-V-RadioLitoral696.png\",\"contentUrl\":\"https:\\\/\\\/media.radiolitoral.com\\\/wp-content\\\/uploads\\\/2023\\\/02\\\/24143238\\\/CL-V-RadioLitoral696.png\",\"width\":696,\"height\":696,\"caption\":\"Radio Litoral\"},\"image\":{\"@id\":\"https:\\\/\\\/radiolitoral.com\\\/#\\\/schema\\\/logo\\\/image\\\/\"},\"sameAs\":[\"https:\\\/\\\/www.facebook.com\\\/Laradiolitoral\\\/\"]},{\"@type\":\"Person\",\"@id\":\"https:\\\/\\\/radiolitoral.com\\\/#\\\/schema\\\/person\\\/f2b2343c49b5d721857cc1002bfdb151\",\"name\":\"Redacci\u00f3n\",\"image\":{\"@type\":\"ImageObject\",\"inLanguage\":\"ca\",\"@id\":\"https:\\\/\\\/secure.gravatar.com\\\/avatar\\\/f771d896c203ad8b3382d7905cfcce5a5c9b008b84b3cd9114e9b9f4cb63f789?s=96&d=mm&r=g\",\"url\":\"https:\\\/\\\/secure.gravatar.com\\\/avatar\\\/f771d896c203ad8b3382d7905cfcce5a5c9b008b84b3cd9114e9b9f4cb63f789?s=96&d=mm&r=g\",\"contentUrl\":\"https:\\\/\\\/secure.gravatar.com\\\/avatar\\\/f771d896c203ad8b3382d7905cfcce5a5c9b008b84b3cd9114e9b9f4cb63f789?s=96&d=mm&r=g\",\"caption\":\"Redacci\u00f3n\"},\"url\":\"https:\\\/\\\/radiolitoral.com\\\/ca\\\/author\\\/miriam-pagan\\\/\"}]}<\/script>\n<!-- \/ Yoast SEO plugin. -->","yoast_head_json":{"title":"Carles Lliber\u00f3s: \u201c\u00c9s important que descansin per anar als ex\u00e0mens amb la concentraci\u00f3 al m\u00e0xim\u201d | R\u00e0dio Litoral","description":"El Centre d&#039;Excel\u00b7l\u00e8ncia de Benissa ser\u00e0 seu de les proves PAU del 3 al 5 de juny per a uns 250 estudiants de la Marina Alta","robots":{"index":"index","follow":"follow","max-snippet":"max-snippet:-1","max-image-preview":"max-image-preview:large","max-video-preview":"max-video-preview:-1"},"canonical":"https:\/\/radiolitoral.com\/ca\/2025\/05\/carles-liberos-es-important-que-descansin-per-anar-als-examens-amb-la-concentracio-al-maxim\/","og_locale":"ca_ES","og_type":"article","og_title":"Carles Lliber\u00f3s: \u201cEs importante que descansen para ir a los ex\u00e1menes con la concentraci\u00f3n a tope\u201d | R\u00e0dio Litoral","og_description":"El Centro de Excelencia de Benissa ser\u00e1 sede de las pruebas PAU del 3 al 5 de junio para unos 250 estudiantes de la Marina Alta","og_url":"https:\/\/radiolitoral.com\/ca\/2025\/05\/carles-liberos-es-important-que-descansin-per-anar-als-examens-amb-la-concentracio-al-maxim\/","og_site_name":"R\u00e0dio Litoral","article_publisher":"https:\/\/www.facebook.com\/Laradiolitoral\/","article_published_time":"2025-05-27T08:53:23+00:00","og_image":[{"width":1893,"height":1283,"url":"https:\/\/media.radiolitoral.com\/wp-content\/uploads\/2025\/05\/27104931\/Toni-Lorente-y-Carles-Lliberos-Primer-Cafe-e1748335948860.jpg","type":"image\/jpeg"}],"author":"Redacci\u00f3n","twitter_card":"summary_large_image","twitter_misc":{"Escrit per":"Redacci\u00f3n","Temps estimat de lectura":"3 minuts"},"schema":{"@context":"https:\/\/schema.org","@graph":[{"@type":"NewsArticle","@id":"https:\/\/radiolitoral.com\/2025\/05\/carles-lliberos-es-importante-que-descansen-para-ir-a-los-examenes-con-la-concentracion-a-tope\/#article","isPartOf":{"@id":"https:\/\/radiolitoral.com\/2025\/05\/carles-lliberos-es-importante-que-descansen-para-ir-a-los-examenes-con-la-concentracion-a-tope\/"},"author":{"name":"Redacci\u00f3n","@id":"https:\/\/radiolitoral.com\/#\/schema\/person\/f2b2343c49b5d721857cc1002bfdb151"},"headline":"Carles Lliber\u00f3s: \u201cEs importante que descansen para ir a los ex\u00e1menes con la concentraci\u00f3n a tope\u201d","datePublished":"2025-05-27T08:53:23+00:00","mainEntityOfPage":{"@id":"https:\/\/radiolitoral.com\/2025\/05\/carles-lliberos-es-importante-que-descansen-para-ir-a-los-examenes-con-la-concentracion-a-tope\/"},"wordCount":419,"commentCount":0,"publisher":{"@id":"https:\/\/radiolitoral.com\/#organization"},"image":{"@id":"https:\/\/radiolitoral.com\/2025\/05\/carles-lliberos-es-importante-que-descansen-para-ir-a-los-examenes-con-la-concentracion-a-tope\/#primaryimage"},"thumbnailUrl":"https:\/\/media.radiolitoral.com\/wp-content\/uploads\/2025\/05\/27104931\/Toni-Lorente-y-Carles-Lliberos-Primer-Cafe-e1748335948860.jpg","keywords":["Carles Lliber\u00f3s","Consejos","Estudiantes","Ex\u00e1menes acceso universidad","IES Josep Iborra","Primer Caf\u00e9","Pruebas PAU","Sede pruebas PAU","Selectividad","Toni Lorente"],"articleSection":["Educaci\u00f3n","Entrevistas"],"inLanguage":"ca","potentialAction":[{"@type":"CommentAction","name":"Comment","target":["https:\/\/radiolitoral.com\/2025\/05\/carles-lliberos-es-importante-que-descansen-para-ir-a-los-examenes-con-la-concentracion-a-tope\/#respond"]}]},{"@type":["WebPage","ItemPage"],"@id":"https:\/\/radiolitoral.com\/2025\/05\/carles-lliberos-es-importante-que-descansen-para-ir-a-los-examenes-con-la-concentracion-a-tope\/","url":"https:\/\/radiolitoral.com\/2025\/05\/carles-lliberos-es-importante-que-descansen-para-ir-a-los-examenes-con-la-concentracion-a-tope\/","name":"Carles Lliber\u00f3s: \u201c\u00c9s important que descansin per anar als ex\u00e0mens amb la concentraci\u00f3 al m\u00e0xim\u201d | R\u00e0dio Litoral","isPartOf":{"@id":"https:\/\/radiolitoral.com\/#website"},"primaryImageOfPage":{"@id":"https:\/\/radiolitoral.com\/2025\/05\/carles-lliberos-es-importante-que-descansen-para-ir-a-los-examenes-con-la-concentracion-a-tope\/#primaryimage"},"image":{"@id":"https:\/\/radiolitoral.com\/2025\/05\/carles-lliberos-es-importante-que-descansen-para-ir-a-los-examenes-con-la-concentracion-a-tope\/#primaryimage"},"thumbnailUrl":"https:\/\/media.radiolitoral.com\/wp-content\/uploads\/2025\/05\/27104931\/Toni-Lorente-y-Carles-Lliberos-Primer-Cafe-e1748335948860.jpg","datePublished":"2025-05-27T08:53:23+00:00","description":"El Centre d&#039;Excel\u00b7l\u00e8ncia de Benissa ser\u00e0 seu de les proves PAU del 3 al 5 de juny per a uns 250 estudiants de la Marina Alta","breadcrumb":{"@id":"https:\/\/radiolitoral.com\/2025\/05\/carles-lliberos-es-importante-que-descansen-para-ir-a-los-examenes-con-la-concentracion-a-tope\/#breadcrumb"},"inLanguage":"ca","potentialAction":[{"@type":"ReadAction","target":["https:\/\/radiolitoral.com\/2025\/05\/carles-lliberos-es-importante-que-descansen-para-ir-a-los-examenes-con-la-concentracion-a-tope\/"]}]},{"@type":"ImageObject","inLanguage":"ca","@id":"https:\/\/radiolitoral.com\/2025\/05\/carles-lliberos-es-importante-que-descansen-para-ir-a-los-examenes-con-la-concentracion-a-tope\/#primaryimage","url":"https:\/\/media.radiolitoral.com\/wp-content\/uploads\/2025\/05\/27104931\/Toni-Lorente-y-Carles-Lliberos-Primer-Cafe-e1748335948860.jpg","contentUrl":"https:\/\/media.radiolitoral.com\/wp-content\/uploads\/2025\/05\/27104931\/Toni-Lorente-y-Carles-Lliberos-Primer-Cafe-e1748335948860.jpg","width":1893,"height":1283},{"@type":"BreadcrumbList","@id":"https:\/\/radiolitoral.com\/2025\/05\/carles-lliberos-es-importante-que-descansen-para-ir-a-los-examenes-con-la-concentracion-a-tope\/#breadcrumb","itemListElement":[{"@type":"ListItem","position":1,"name":"Portada","item":"https:\/\/radiolitoral.com\/"},{"@type":"ListItem","position":2,"name":"Carles Lliber\u00f3s: \u201cEs importante que descansen para ir a los ex\u00e1menes con la concentraci\u00f3n a tope\u201d"}]},{"@type":"WebSite","@id":"https:\/\/radiolitoral.com\/#website","url":"https:\/\/radiolitoral.com\/","name":"R\u00e0dio Litoral","description":"La r\u00e0dio local de la Marina Alta","publisher":{"@id":"https:\/\/radiolitoral.com\/#organization"},"alternateName":"Litoral FM","potentialAction":[{"@type":"SearchAction","target":{"@type":"EntryPoint","urlTemplate":"https:\/\/radiolitoral.com\/?s={search_term_string}"},"query-input":{"@type":"PropertyValueSpecification","valueRequired":true,"valueName":"search_term_string"}}],"inLanguage":"ca"},{"@type":"Organization","@id":"https:\/\/radiolitoral.com\/#organization","name":"R\u00e0dio Litoral","url":"https:\/\/radiolitoral.com\/","logo":{"@type":"ImageObject","inLanguage":"ca","@id":"https:\/\/radiolitoral.com\/#\/schema\/logo\/image\/","url":"https:\/\/media.radiolitoral.com\/wp-content\/uploads\/2023\/02\/24143238\/CL-V-RadioLitoral696.png","contentUrl":"https:\/\/media.radiolitoral.com\/wp-content\/uploads\/2023\/02\/24143238\/CL-V-RadioLitoral696.png","width":696,"height":696,"caption":"Radio Litoral"},"image":{"@id":"https:\/\/radiolitoral.com\/#\/schema\/logo\/image\/"},"sameAs":["https:\/\/www.facebook.com\/Laradiolitoral\/"]},{"@type":"Person","@id":"https:\/\/radiolitoral.com\/#\/schema\/person\/f2b2343c49b5d721857cc1002bfdb151","name":"Redacci\u00f3","image":{"@type":"ImageObject","inLanguage":"ca","@id":"https:\/\/secure.gravatar.com\/avatar\/f771d896c203ad8b3382d7905cfcce5a5c9b008b84b3cd9114e9b9f4cb63f789?s=96&d=mm&r=g","url":"https:\/\/secure.gravatar.com\/avatar\/f771d896c203ad8b3382d7905cfcce5a5c9b008b84b3cd9114e9b9f4cb63f789?s=96&d=mm&r=g","contentUrl":"https:\/\/secure.gravatar.com\/avatar\/f771d896c203ad8b3382d7905cfcce5a5c9b008b84b3cd9114e9b9f4cb63f789?s=96&d=mm&r=g","caption":"Redacci\u00f3n"},"url":"https:\/\/radiolitoral.com\/ca\/author\/miriam-pagan\/"}]}},"_links":{"self":[{"href":"https:\/\/radiolitoral.com\/ca\/wp-json\/wp\/v2\/posts\/16935","targetHints":{"allow":["GET"]}}],"collection":[{"href":"https:\/\/radiolitoral.com\/ca\/wp-json\/wp\/v2\/posts"}],"about":[{"href":"https:\/\/radiolitoral.com\/ca\/wp-json\/wp\/v2\/types\/post"}],"author":[{"embeddable":true,"href":"https:\/\/radiolitoral.com\/ca\/wp-json\/wp\/v2\/users\/13"}],"replies":[{"embeddable":true,"href":"https:\/\/radiolitoral.com\/ca\/wp-json\/wp\/v2\/comments?post=16935"}],"version-history":[{"count":3,"href":"https:\/\/radiolitoral.com\/ca\/wp-json\/wp\/v2\/posts\/16935\/revisions"}],"predecessor-version":[{"id":16940,"href":"https:\/\/radiolitoral.com\/ca\/wp-json\/wp\/v2\/posts\/16935\/revisions\/16940"}],"wp:featuredmedia":[{"embeddable":true,"href":"https:\/\/radiolitoral.com\/ca\/wp-json\/wp\/v2\/media\/16937"}],"wp:attachment":[{"href":"https:\/\/radiolitoral.com\/ca\/wp-json\/wp\/v2\/media?parent=16935"}],"wp:term":[{"taxonomy":"category","embeddable":true,"href":"https:\/\/radiolitoral.com\/ca\/wp-json\/wp\/v2\/categories?post=16935"},{"taxonomy":"post_tag","embeddable":true,"href":"https:\/\/radiolitoral.com\/ca\/wp-json\/wp\/v2\/tags?post=16935"}],"curies":[{"name":"wp","href":"https:\/\/api.w.org\/{rel}","templated":true}]}}