{"id":16927,"date":"2025-05-27T09:46:04","date_gmt":"2025-05-27T07:46:04","guid":{"rendered":"https:\/\/radiolitoral.com\/?p=16927"},"modified":"2025-05-27T09:49:07","modified_gmt":"2025-05-27T07:49:07","slug":"massa-patiment-per-al-cb-ifach-calp","status":"publish","type":"post","link":"https:\/\/radiolitoral.com\/ca\/2025\/05\/demasiado-sufrimiento-para-el-cb-ifach-calpe\/","title":{"rendered":"Massa patiment per al CB Ifach Calpe"},"content":{"rendered":"<p data-start=\"142\" data-end=\"595\">El <strong>pavell\u00f3 Domingo Crespo<\/strong> va viure una jornada per al record, on el <strong>CB Ifach Calp<\/strong> va aconseguir tancar amb \u00e8xit l&#039;eliminat\u00f2ria davant d&#039;un combatiu <strong>Max Matal\u00e0s CB B\u00e9tera<\/strong> <strong>(98-93<\/strong>).Despr\u00e9s de la c\u00f2moda renda de 16 punts obtinguda en el partit d&#039;anada, els locals afrontaven el desafiament de mantenir el seu avantatge i segellar el passi a quarts de final.<\/p>\n<p data-start=\"597\" data-end=\"928\">El Max Colch\u00f3n CB B\u00e9tera va sorprendre amb una arrencada fulgurant, dominant el ritme del joc i aconseguint els 60 punts al descans. Amb un triple rere triple (9\/13 al primer temps), els visitants van aconseguir capgirar l&#039;eliminat\u00f2ria i col\u00b7locar-se amb un avantatge global de +15, posant en perill la classificaci\u00f3 calpina. Per\u00f2 el CB Ifach Calpe va mostrar car\u00e0cter i no es va deixar intimidar.<\/p>\n<h2 data-start=\"597\" data-end=\"928\">Gran remuntada<\/h2>\n<p data-start=\"597\" data-end=\"928\">Despr\u00e9s del descans, van reajustar la defensa, van controlar el rebot i van frenar l&#039;ofensiva rival, limitant B\u00e9tera a nom\u00e9s 33 punts a la segona meitat. Aquest ajustament defensiu va ser la clau per consolidar una remuntada \u00e8pica, sustentada en l&#039;esfor\u00e7 col\u00b7lectiu i la solidesa en els moments decisius.<\/p>\n<p data-start=\"1291\" data-end=\"1675\">En atac, <strong>Joaqu\u00edn \u201cXimo\u201d Crespo<\/strong> va ser el protagonista amb 20 punts, 5 rebots i 3 assist\u00e8ncies, sent l&#039;executor als instants calents. Amb ell, <strong>F\u00e8lix Climent<\/strong> va signar un partid\u00e0s amb 14 punts, 12 rebots i 3 assist\u00e8ncies, imposant-se a la pintura i aportant for\u00e7a f\u00edsica. <strong>Pol Granja<\/strong>, amb 15 punts, 7 rebots i un robatori, va destacar pel seu equilibri i pres\u00e8ncia en tots dos c\u00e8rcols.<\/p>\n<p data-start=\"1677\" data-end=\"1935\">L&#039;equip va dominar tamb\u00e9 al rebot (41 a 31) i va comptar amb una gran aportaci\u00f3 des de la banqueta, que va sumar 40 punts. L&#039;\u00faltim quart va ser una demostraci\u00f3 de poder local, amb un parcial de 27-15 que va segellar el triomf per 98-93 i va assegurar la classificaci\u00f3.<\/p>\n<h2 data-start=\"1677\" data-end=\"1935\">B\u00e0squet Club Pen\u00edscola a quarts<\/h2>\n<p data-start=\"1677\" data-end=\"1935\">Ara el CB Ifach Calpe espera a quarts l&#039;exigent <strong>B\u00e0squet Club Pen\u00edscola<\/strong>, un rival f\u00edsic i experimentat que promet una nova batalla. Per\u00f2 la confian\u00e7a \u00e9s alta i l&#039;afici\u00f3, que va tornar a ser decisiva amb el seu espectacular suport a les grades, ja somia amb la <strong>Final Four<\/strong>.<\/p>\n<p data-start=\"1677\" data-end=\"1935\">El partit d&#039;anada d&#039;aquesta eliminat\u00f2ria es jugar\u00e0 aquest dissabte al pavell\u00f3 municipal de Pen\u00edscola a les 18.30 hores, els calpins viatjaran amb la moral pels n\u00favols per\u00f2 conscients que no els espera un partit senzill.<\/p>\n<p data-start=\"1677\" data-end=\"1935\">Escolta l&#039;entrevista amb Kike Valle:<\/p>\n<audio class=\"wp-audio-shortcode\" id=\"audio-16927-1\" preload=\"none\" style=\"width: 100%;\" controls=\"controls\"><source type=\"audio\/mpeg\" src=\"https:\/\/media.radiolitoral.com\/wp-content\/uploads\/2025\/05\/27094337\/KIKE-VALLE.mp3?_=1\" \/><a href=\"https:\/\/media.radiolitoral.com\/wp-content\/uploads\/2025\/05\/27094337\/KIKE-VALLE.mp3\">https:\/\/media.radiolitoral.com\/wp-content\/uploads\/2025\/05\/27094337\/KIKE-VALLE.mp3<\/a><\/audio>\n<p><script src=\"chrome-extension:\/\/flbolonkboilcbnohjlchlfgdalomdpl\/iFrame.js\" type=\"text\/javascript\"><\/script><\/p>\n<p><script src=\"chrome-extension:\/\/flbolonkboilcbnohjlchlfgdalomdpl\/iFrame.js\" type=\"text\/javascript\"><\/script><\/p>","protected":false},"excerpt":{"rendered":"<p>El pabell\u00f3n Domingo Crespo vivi\u00f3 una jornada para el recuerdo, donde el CB Ifach Calpe logr\u00f3 cerrar con \u00e9xito la eliminatoria ante un combativo Max Colch\u00f3n CB B\u00e9tera (98-93). Tras la c\u00f3moda renta de 16 puntos obtenida en el partido de ida, los locales afrontaban el desaf\u00edo de mantener su ventaja y sellar el pase [&#8230;]<\/p>\n<p><a class=\"btn btn-secondary understrap-read-more-link\" href=\"https:\/\/radiolitoral.com\/ca\/2025\/05\/demasiado-sufrimiento-para-el-cb-ifach-calpe\/\">Continua llegint&#8230;<span class=\"screen-reader-text\"> from Demasiado sufrimiento para el CB Ifach Calpe<\/span><\/a><\/p>\n","protected":false},"author":12,"featured_media":16929,"comment_status":"open","ping_status":"closed","sticky":false,"template":"","format":"standard","meta":{"_acf_changed":false,"inline_featured_image":false,"footnotes":""},"categories":[5],"tags":[4393,952,6,2200,4392,4360,1328,4276],"class_list":["post-16927","post","type-post","status-publish","format-standard","has-post-thumbnail","hentry","category-deportes","tag-basquet-club-peniscola","tag-cb-ifach-calpe","tag-deportes","tag-e-","tag-joaquin-ximo-crespo","tag-max-colchon-cb-betera","tag-pabellon-domingo-crespo","tag-pol-granja","cobertura-calp"],"acf":[],"yoast_head":"<!-- This site is optimized with the Yoast SEO plugin v27.5 - https:\/\/yoast.com\/product\/yoast-seo-wordpress\/ -->\n<title>Demasiado sufrimiento para el CB Ifach Calpe | R\u00e0dio Litoral<\/title>\n<meta name=\"description\" content=\"Los calpinos vencieron por 98 a 93 aunque vieron peligrar en la primera mitad la ventaja que ten\u00edan de 16 puntos del partido de ida Los calpinos vencieron por 98 a 93 aunque vieron peligrar en la primera mitad la ventaja que ten\u00edan de 16 puntos del partido de ida\" \/>\n<meta name=\"robots\" content=\"index, follow, max-snippet:-1, max-image-preview:large, max-video-preview:-1\" \/>\n<link rel=\"canonical\" href=\"https:\/\/radiolitoral.com\/ca\/2025\/05\/massa-patiment-per-al-cb-ifach-calp\/\" \/>\n<meta property=\"og:locale\" content=\"ca_ES\" \/>\n<meta property=\"og:type\" content=\"article\" \/>\n<meta property=\"og:title\" content=\"Demasiado sufrimiento para el CB Ifach Calpe | R\u00e0dio Litoral\" \/>\n<meta property=\"og:description\" content=\"Los calpinos vencieron por 98 a 93 aunque vieron peligrar en la primera mitad la ventaja que ten\u00edan de 16 puntos del partido de ida Los calpinos vencieron por 98 a 93 aunque vieron peligrar en la primera mitad la ventaja que ten\u00edan de 16 puntos del partido de ida\" \/>\n<meta property=\"og:url\" content=\"https:\/\/radiolitoral.com\/ca\/2025\/05\/massa-patiment-per-al-cb-ifach-calp\/\" \/>\n<meta property=\"og:site_name\" content=\"R\u00e0dio Litoral\" \/>\n<meta property=\"article:publisher\" content=\"https:\/\/www.facebook.com\/Laradiolitoral\/\" \/>\n<meta property=\"article:published_time\" content=\"2025-05-27T07:46:04+00:00\" \/>\n<meta property=\"article:modified_time\" content=\"2025-05-27T07:49:07+00:00\" \/>\n<meta property=\"og:image\" content=\"https:\/\/media.radiolitoral.com\/wp-content\/uploads\/2025\/05\/27094522\/CB-Ifach-Calpe-ante-CB-Betera.jpg\" \/>\n\t<meta property=\"og:image:width\" content=\"1440\" \/>\n\t<meta property=\"og:image:height\" content=\"966\" \/>\n\t<meta property=\"og:image:type\" content=\"image\/jpeg\" \/>\n<meta name=\"author\" content=\"Javier Zamora\" \/>\n<meta name=\"twitter:card\" content=\"summary_large_image\" \/>\n<meta name=\"twitter:label1\" content=\"Escrit per\" \/>\n\t<meta name=\"twitter:data1\" content=\"Javier Zamora\" \/>\n\t<meta name=\"twitter:label2\" content=\"Temps estimat de lectura\" \/>\n\t<meta name=\"twitter:data2\" content=\"3 minuts\" \/>\n<script type=\"application\/ld+json\" class=\"yoast-schema-graph\">{\"@context\":\"https:\\\/\\\/schema.org\",\"@graph\":[{\"@type\":\"NewsArticle\",\"@id\":\"https:\\\/\\\/radiolitoral.com\\\/2025\\\/05\\\/demasiado-sufrimiento-para-el-cb-ifach-calpe\\\/#article\",\"isPartOf\":{\"@id\":\"https:\\\/\\\/radiolitoral.com\\\/2025\\\/05\\\/demasiado-sufrimiento-para-el-cb-ifach-calpe\\\/\"},\"author\":{\"name\":\"Javier Zamora\",\"@id\":\"https:\\\/\\\/radiolitoral.com\\\/#\\\/schema\\\/person\\\/7b1480b5caeb5acdd4ec6379caf62b22\"},\"headline\":\"Demasiado sufrimiento para el CB Ifach Calpe\",\"datePublished\":\"2025-05-27T07:46:04+00:00\",\"dateModified\":\"2025-05-27T07:49:07+00:00\",\"mainEntityOfPage\":{\"@id\":\"https:\\\/\\\/radiolitoral.com\\\/2025\\\/05\\\/demasiado-sufrimiento-para-el-cb-ifach-calpe\\\/\"},\"wordCount\":440,\"commentCount\":0,\"publisher\":{\"@id\":\"https:\\\/\\\/radiolitoral.com\\\/#organization\"},\"image\":{\"@id\":\"https:\\\/\\\/radiolitoral.com\\\/2025\\\/05\\\/demasiado-sufrimiento-para-el-cb-ifach-calpe\\\/#primaryimage\"},\"thumbnailUrl\":\"https:\\\/\\\/media.radiolitoral.com\\\/wp-content\\\/uploads\\\/2025\\\/05\\\/27094522\\\/CB-Ifach-Calpe-ante-CB-Betera.jpg\",\"keywords\":[\"B\u00e0squet Club Pe\u00f1\u00edscola\",\"CB Ifach Calpe\",\"deportes\",\"\ud835\uddd9\u00e9\ud835\uddf9\ud835\uddf6\ud835\ude05 \ud835\uddd6\ud835\uddf9\ud835\uddf6\ud835\uddfa\ud835\uddf2\ud835\uddfb\ud835\ude01\",\"Joaqu\u00edn \u201cXimo\u201d Crespo\",\"Max Colch\u00f3n CB B\u00e9tera\",\"Pabell\u00f3n Domingo Crespo\",\"Pol Granja\"],\"articleSection\":[\"Deportes\"],\"inLanguage\":\"ca\",\"potentialAction\":[{\"@type\":\"CommentAction\",\"name\":\"Comment\",\"target\":[\"https:\\\/\\\/radiolitoral.com\\\/2025\\\/05\\\/demasiado-sufrimiento-para-el-cb-ifach-calpe\\\/#respond\"]}]},{\"@type\":[\"WebPage\",\"ItemPage\"],\"@id\":\"https:\\\/\\\/radiolitoral.com\\\/2025\\\/05\\\/demasiado-sufrimiento-para-el-cb-ifach-calpe\\\/\",\"url\":\"https:\\\/\\\/radiolitoral.com\\\/2025\\\/05\\\/demasiado-sufrimiento-para-el-cb-ifach-calpe\\\/\",\"name\":\"Demasiado sufrimiento para el CB Ifach Calpe | R\u00e0dio Litoral\",\"isPartOf\":{\"@id\":\"https:\\\/\\\/radiolitoral.com\\\/#website\"},\"primaryImageOfPage\":{\"@id\":\"https:\\\/\\\/radiolitoral.com\\\/2025\\\/05\\\/demasiado-sufrimiento-para-el-cb-ifach-calpe\\\/#primaryimage\"},\"image\":{\"@id\":\"https:\\\/\\\/radiolitoral.com\\\/2025\\\/05\\\/demasiado-sufrimiento-para-el-cb-ifach-calpe\\\/#primaryimage\"},\"thumbnailUrl\":\"https:\\\/\\\/media.radiolitoral.com\\\/wp-content\\\/uploads\\\/2025\\\/05\\\/27094522\\\/CB-Ifach-Calpe-ante-CB-Betera.jpg\",\"datePublished\":\"2025-05-27T07:46:04+00:00\",\"dateModified\":\"2025-05-27T07:49:07+00:00\",\"description\":\"Los calpinos vencieron por 98 a 93 aunque vieron peligrar en la primera mitad la ventaja que ten\u00edan de 16 puntos del partido de ida Los calpinos vencieron por 98 a 93 aunque vieron peligrar en la primera mitad la ventaja que ten\u00edan de 16 puntos del partido de ida\",\"breadcrumb\":{\"@id\":\"https:\\\/\\\/radiolitoral.com\\\/2025\\\/05\\\/demasiado-sufrimiento-para-el-cb-ifach-calpe\\\/#breadcrumb\"},\"inLanguage\":\"ca\",\"potentialAction\":[{\"@type\":\"ReadAction\",\"target\":[\"https:\\\/\\\/radiolitoral.com\\\/2025\\\/05\\\/demasiado-sufrimiento-para-el-cb-ifach-calpe\\\/\"]}]},{\"@type\":\"ImageObject\",\"inLanguage\":\"ca\",\"@id\":\"https:\\\/\\\/radiolitoral.com\\\/2025\\\/05\\\/demasiado-sufrimiento-para-el-cb-ifach-calpe\\\/#primaryimage\",\"url\":\"https:\\\/\\\/media.radiolitoral.com\\\/wp-content\\\/uploads\\\/2025\\\/05\\\/27094522\\\/CB-Ifach-Calpe-ante-CB-Betera.jpg\",\"contentUrl\":\"https:\\\/\\\/media.radiolitoral.com\\\/wp-content\\\/uploads\\\/2025\\\/05\\\/27094522\\\/CB-Ifach-Calpe-ante-CB-Betera.jpg\",\"width\":1440,\"height\":966},{\"@type\":\"BreadcrumbList\",\"@id\":\"https:\\\/\\\/radiolitoral.com\\\/2025\\\/05\\\/demasiado-sufrimiento-para-el-cb-ifach-calpe\\\/#breadcrumb\",\"itemListElement\":[{\"@type\":\"ListItem\",\"position\":1,\"name\":\"Portada\",\"item\":\"https:\\\/\\\/radiolitoral.com\\\/\"},{\"@type\":\"ListItem\",\"position\":2,\"name\":\"Demasiado sufrimiento para el CB Ifach Calpe\"}]},{\"@type\":\"WebSite\",\"@id\":\"https:\\\/\\\/radiolitoral.com\\\/#website\",\"url\":\"https:\\\/\\\/radiolitoral.com\\\/\",\"name\":\"Radio Litoral\",\"description\":\"La radio local de la Marina Alta\",\"publisher\":{\"@id\":\"https:\\\/\\\/radiolitoral.com\\\/#organization\"},\"alternateName\":\"Litoral FM\",\"potentialAction\":[{\"@type\":\"SearchAction\",\"target\":{\"@type\":\"EntryPoint\",\"urlTemplate\":\"https:\\\/\\\/radiolitoral.com\\\/?s={search_term_string}\"},\"query-input\":{\"@type\":\"PropertyValueSpecification\",\"valueRequired\":true,\"valueName\":\"search_term_string\"}}],\"inLanguage\":\"ca\"},{\"@type\":\"Organization\",\"@id\":\"https:\\\/\\\/radiolitoral.com\\\/#organization\",\"name\":\"Radio Litoral\",\"url\":\"https:\\\/\\\/radiolitoral.com\\\/\",\"logo\":{\"@type\":\"ImageObject\",\"inLanguage\":\"ca\",\"@id\":\"https:\\\/\\\/radiolitoral.com\\\/#\\\/schema\\\/logo\\\/image\\\/\",\"url\":\"https:\\\/\\\/media.radiolitoral.com\\\/wp-content\\\/uploads\\\/2023\\\/02\\\/24143238\\\/CL-V-RadioLitoral696.png\",\"contentUrl\":\"https:\\\/\\\/media.radiolitoral.com\\\/wp-content\\\/uploads\\\/2023\\\/02\\\/24143238\\\/CL-V-RadioLitoral696.png\",\"width\":696,\"height\":696,\"caption\":\"Radio Litoral\"},\"image\":{\"@id\":\"https:\\\/\\\/radiolitoral.com\\\/#\\\/schema\\\/logo\\\/image\\\/\"},\"sameAs\":[\"https:\\\/\\\/www.facebook.com\\\/Laradiolitoral\\\/\"]},{\"@type\":\"Person\",\"@id\":\"https:\\\/\\\/radiolitoral.com\\\/#\\\/schema\\\/person\\\/7b1480b5caeb5acdd4ec6379caf62b22\",\"name\":\"Javier Zamora\",\"image\":{\"@type\":\"ImageObject\",\"inLanguage\":\"ca\",\"@id\":\"https:\\\/\\\/secure.gravatar.com\\\/avatar\\\/467a11f6918c7d619c4043fc6fa2d3853053107973f05b6e9c04ea6c4e3a7b3f?s=96&d=mm&r=g\",\"url\":\"https:\\\/\\\/secure.gravatar.com\\\/avatar\\\/467a11f6918c7d619c4043fc6fa2d3853053107973f05b6e9c04ea6c4e3a7b3f?s=96&d=mm&r=g\",\"contentUrl\":\"https:\\\/\\\/secure.gravatar.com\\\/avatar\\\/467a11f6918c7d619c4043fc6fa2d3853053107973f05b6e9c04ea6c4e3a7b3f?s=96&d=mm&r=g\",\"caption\":\"Javier Zamora\"},\"url\":\"https:\\\/\\\/radiolitoral.com\\\/ca\\\/author\\\/javier-zamora\\\/\"}]}<\/script>\n<!-- \/ Yoast SEO plugin. -->","yoast_head_json":{"title":"Massa patiment per al CB Ifach Calp | R\u00e0dio Litoral","description":"Els calpins van v\u00e8ncer per 98 a 93 encara que van veure perillar a la primera meitat l&#039;avantatge que tenien de 16 punts del partit d&#039;anada Els calpins van v\u00e8ncer per 98 a 93 encara que van veure perillar a la primera meitat l&#039;avantatge que tenien de 16 punts del partit d&#039;anada","robots":{"index":"index","follow":"follow","max-snippet":"max-snippet:-1","max-image-preview":"max-image-preview:large","max-video-preview":"max-video-preview:-1"},"canonical":"https:\/\/radiolitoral.com\/ca\/2025\/05\/massa-patiment-per-al-cb-ifach-calp\/","og_locale":"ca_ES","og_type":"article","og_title":"Demasiado sufrimiento para el CB Ifach Calpe | R\u00e0dio Litoral","og_description":"Los calpinos vencieron por 98 a 93 aunque vieron peligrar en la primera mitad la ventaja que ten\u00edan de 16 puntos del partido de ida Los calpinos vencieron por 98 a 93 aunque vieron peligrar en la primera mitad la ventaja que ten\u00edan de 16 puntos del partido de ida","og_url":"https:\/\/radiolitoral.com\/ca\/2025\/05\/massa-patiment-per-al-cb-ifach-calp\/","og_site_name":"R\u00e0dio Litoral","article_publisher":"https:\/\/www.facebook.com\/Laradiolitoral\/","article_published_time":"2025-05-27T07:46:04+00:00","article_modified_time":"2025-05-27T07:49:07+00:00","og_image":[{"width":1440,"height":966,"url":"https:\/\/media.radiolitoral.com\/wp-content\/uploads\/2025\/05\/27094522\/CB-Ifach-Calpe-ante-CB-Betera.jpg","type":"image\/jpeg"}],"author":"Javier Zamora","twitter_card":"summary_large_image","twitter_misc":{"Escrit per":"Javier Zamora","Temps estimat de lectura":"3 minuts"},"schema":{"@context":"https:\/\/schema.org","@graph":[{"@type":"NewsArticle","@id":"https:\/\/radiolitoral.com\/2025\/05\/demasiado-sufrimiento-para-el-cb-ifach-calpe\/#article","isPartOf":{"@id":"https:\/\/radiolitoral.com\/2025\/05\/demasiado-sufrimiento-para-el-cb-ifach-calpe\/"},"author":{"name":"Javier Zamora","@id":"https:\/\/radiolitoral.com\/#\/schema\/person\/7b1480b5caeb5acdd4ec6379caf62b22"},"headline":"Demasiado sufrimiento para el CB Ifach Calpe","datePublished":"2025-05-27T07:46:04+00:00","dateModified":"2025-05-27T07:49:07+00:00","mainEntityOfPage":{"@id":"https:\/\/radiolitoral.com\/2025\/05\/demasiado-sufrimiento-para-el-cb-ifach-calpe\/"},"wordCount":440,"commentCount":0,"publisher":{"@id":"https:\/\/radiolitoral.com\/#organization"},"image":{"@id":"https:\/\/radiolitoral.com\/2025\/05\/demasiado-sufrimiento-para-el-cb-ifach-calpe\/#primaryimage"},"thumbnailUrl":"https:\/\/media.radiolitoral.com\/wp-content\/uploads\/2025\/05\/27094522\/CB-Ifach-Calpe-ante-CB-Betera.jpg","keywords":["B\u00e0squet Club Pe\u00f1\u00edscola","CB Ifach Calpe","deportes","\ud835\uddd9\u00e9\ud835\uddf9\ud835\uddf6\ud835\ude05 \ud835\uddd6\ud835\uddf9\ud835\uddf6\ud835\uddfa\ud835\uddf2\ud835\uddfb\ud835\ude01","Joaqu\u00edn \u201cXimo\u201d Crespo","Max Colch\u00f3n CB B\u00e9tera","Pabell\u00f3n Domingo Crespo","Pol Granja"],"articleSection":["Deportes"],"inLanguage":"ca","potentialAction":[{"@type":"CommentAction","name":"Comment","target":["https:\/\/radiolitoral.com\/2025\/05\/demasiado-sufrimiento-para-el-cb-ifach-calpe\/#respond"]}]},{"@type":["WebPage","ItemPage"],"@id":"https:\/\/radiolitoral.com\/2025\/05\/demasiado-sufrimiento-para-el-cb-ifach-calpe\/","url":"https:\/\/radiolitoral.com\/2025\/05\/demasiado-sufrimiento-para-el-cb-ifach-calpe\/","name":"Massa patiment per al CB Ifach Calp | R\u00e0dio Litoral","isPartOf":{"@id":"https:\/\/radiolitoral.com\/#website"},"primaryImageOfPage":{"@id":"https:\/\/radiolitoral.com\/2025\/05\/demasiado-sufrimiento-para-el-cb-ifach-calpe\/#primaryimage"},"image":{"@id":"https:\/\/radiolitoral.com\/2025\/05\/demasiado-sufrimiento-para-el-cb-ifach-calpe\/#primaryimage"},"thumbnailUrl":"https:\/\/media.radiolitoral.com\/wp-content\/uploads\/2025\/05\/27094522\/CB-Ifach-Calpe-ante-CB-Betera.jpg","datePublished":"2025-05-27T07:46:04+00:00","dateModified":"2025-05-27T07:49:07+00:00","description":"Els calpins van v\u00e8ncer per 98 a 93 encara que van veure perillar a la primera meitat l&#039;avantatge que tenien de 16 punts del partit d&#039;anada Els calpins van v\u00e8ncer per 98 a 93 encara que van veure perillar a la primera meitat l&#039;avantatge que tenien de 16 punts del partit d&#039;anada","breadcrumb":{"@id":"https:\/\/radiolitoral.com\/2025\/05\/demasiado-sufrimiento-para-el-cb-ifach-calpe\/#breadcrumb"},"inLanguage":"ca","potentialAction":[{"@type":"ReadAction","target":["https:\/\/radiolitoral.com\/2025\/05\/demasiado-sufrimiento-para-el-cb-ifach-calpe\/"]}]},{"@type":"ImageObject","inLanguage":"ca","@id":"https:\/\/radiolitoral.com\/2025\/05\/demasiado-sufrimiento-para-el-cb-ifach-calpe\/#primaryimage","url":"https:\/\/media.radiolitoral.com\/wp-content\/uploads\/2025\/05\/27094522\/CB-Ifach-Calpe-ante-CB-Betera.jpg","contentUrl":"https:\/\/media.radiolitoral.com\/wp-content\/uploads\/2025\/05\/27094522\/CB-Ifach-Calpe-ante-CB-Betera.jpg","width":1440,"height":966},{"@type":"BreadcrumbList","@id":"https:\/\/radiolitoral.com\/2025\/05\/demasiado-sufrimiento-para-el-cb-ifach-calpe\/#breadcrumb","itemListElement":[{"@type":"ListItem","position":1,"name":"Portada","item":"https:\/\/radiolitoral.com\/"},{"@type":"ListItem","position":2,"name":"Demasiado sufrimiento para el CB Ifach Calpe"}]},{"@type":"WebSite","@id":"https:\/\/radiolitoral.com\/#website","url":"https:\/\/radiolitoral.com\/","name":"R\u00e0dio Litoral","description":"La r\u00e0dio local de la Marina Alta","publisher":{"@id":"https:\/\/radiolitoral.com\/#organization"},"alternateName":"Litoral FM","potentialAction":[{"@type":"SearchAction","target":{"@type":"EntryPoint","urlTemplate":"https:\/\/radiolitoral.com\/?s={search_term_string}"},"query-input":{"@type":"PropertyValueSpecification","valueRequired":true,"valueName":"search_term_string"}}],"inLanguage":"ca"},{"@type":"Organization","@id":"https:\/\/radiolitoral.com\/#organization","name":"R\u00e0dio Litoral","url":"https:\/\/radiolitoral.com\/","logo":{"@type":"ImageObject","inLanguage":"ca","@id":"https:\/\/radiolitoral.com\/#\/schema\/logo\/image\/","url":"https:\/\/media.radiolitoral.com\/wp-content\/uploads\/2023\/02\/24143238\/CL-V-RadioLitoral696.png","contentUrl":"https:\/\/media.radiolitoral.com\/wp-content\/uploads\/2023\/02\/24143238\/CL-V-RadioLitoral696.png","width":696,"height":696,"caption":"Radio Litoral"},"image":{"@id":"https:\/\/radiolitoral.com\/#\/schema\/logo\/image\/"},"sameAs":["https:\/\/www.facebook.com\/Laradiolitoral\/"]},{"@type":"Person","@id":"https:\/\/radiolitoral.com\/#\/schema\/person\/7b1480b5caeb5acdd4ec6379caf62b22","name":"Javier Zamora","image":{"@type":"ImageObject","inLanguage":"ca","@id":"https:\/\/secure.gravatar.com\/avatar\/467a11f6918c7d619c4043fc6fa2d3853053107973f05b6e9c04ea6c4e3a7b3f?s=96&d=mm&r=g","url":"https:\/\/secure.gravatar.com\/avatar\/467a11f6918c7d619c4043fc6fa2d3853053107973f05b6e9c04ea6c4e3a7b3f?s=96&d=mm&r=g","contentUrl":"https:\/\/secure.gravatar.com\/avatar\/467a11f6918c7d619c4043fc6fa2d3853053107973f05b6e9c04ea6c4e3a7b3f?s=96&d=mm&r=g","caption":"Javier Zamora"},"url":"https:\/\/radiolitoral.com\/ca\/author\/javier-zamora\/"}]}},"_links":{"self":[{"href":"https:\/\/radiolitoral.com\/ca\/wp-json\/wp\/v2\/posts\/16927","targetHints":{"allow":["GET"]}}],"collection":[{"href":"https:\/\/radiolitoral.com\/ca\/wp-json\/wp\/v2\/posts"}],"about":[{"href":"https:\/\/radiolitoral.com\/ca\/wp-json\/wp\/v2\/types\/post"}],"author":[{"embeddable":true,"href":"https:\/\/radiolitoral.com\/ca\/wp-json\/wp\/v2\/users\/12"}],"replies":[{"embeddable":true,"href":"https:\/\/radiolitoral.com\/ca\/wp-json\/wp\/v2\/comments?post=16927"}],"version-history":[{"count":4,"href":"https:\/\/radiolitoral.com\/ca\/wp-json\/wp\/v2\/posts\/16927\/revisions"}],"predecessor-version":[{"id":16934,"href":"https:\/\/radiolitoral.com\/ca\/wp-json\/wp\/v2\/posts\/16927\/revisions\/16934"}],"wp:featuredmedia":[{"embeddable":true,"href":"https:\/\/radiolitoral.com\/ca\/wp-json\/wp\/v2\/media\/16929"}],"wp:attachment":[{"href":"https:\/\/radiolitoral.com\/ca\/wp-json\/wp\/v2\/media?parent=16927"}],"wp:term":[{"taxonomy":"category","embeddable":true,"href":"https:\/\/radiolitoral.com\/ca\/wp-json\/wp\/v2\/categories?post=16927"},{"taxonomy":"post_tag","embeddable":true,"href":"https:\/\/radiolitoral.com\/ca\/wp-json\/wp\/v2\/tags?post=16927"}],"curies":[{"name":"wp","href":"https:\/\/api.w.org\/{rel}","templated":true}]}}