{"id":16896,"date":"2025-05-23T11:41:52","date_gmt":"2025-05-23T09:41:52","guid":{"rendered":"https:\/\/radiolitoral.com\/?p=16896"},"modified":"2025-05-23T11:41:52","modified_gmt":"2025-05-23T09:41:52","slug":"el-poble-nou-de-benitatxell-ret-homenatge-a-maria-beneyto-amb-una-vetllada-literaria","status":"publish","type":"post","link":"https:\/\/radiolitoral.com\/ca\/2025\/05\/el-poble-nou-de-benitatxell-rinde-homenaje-a-maria-beneyto-con-una-velada-literaria\/","title":{"rendered":"El Poble Nou de Benitatxell ret homenatge a Mar\u00eda Beneyto amb una vetllada liter\u00e0ria"},"content":{"rendered":"<p data-start=\"343\" data-end=\"895\">La figura de <strong data-start=\"356\" data-end=\"373\">Maria Beneyto<\/strong>, poeta i narradora valenciana, va ser l&#039;eix central d&#039;una jornada d&#039;homenatge celebrada aquest dijous a <strong data-start=\"476\" data-end=\"534\">la Biblioteca Municipal del Poble Nou de Benitatxell<\/strong>. L&#039;acte, titulat <em data-start=\"554\" data-end=\"582\">Coneixent Maria Beneyto<\/em>, va ser promogut per l&#039;associaci\u00f3 <strong data-start=\"616\" data-end=\"639\">Cl\u00e0ssiques i Modernes<\/strong> amb el respatller del <strong data-start=\"660\" data-end=\"691\">Ajuntament de Benitatxell<\/strong>.<\/p>\n<p data-start=\"343\" data-end=\"895\">A m\u00e9s, es va recon\u00e8ixer la seva rellev\u00e0ncia en el panorama literari i el seu comprom\u00eds amb la <strong data-start=\"775\" data-end=\"797\">igualtat de g\u00e8nere<\/strong>, en un context hist\u00f2ric en qu\u00e8 ser dona i escriptora implicava sortejar nombrosos obstacles.<\/p>\n<figure id=\"attachment_16897\" aria-describedby=\"caption-attachment-16897\" style=\"width: 2560px\" class=\"wp-caption aligncenter\"><a href=\"https:\/\/media.radiolitoral.com\/wp-content\/uploads\/2025\/05\/23114051\/clasicas-y-modernas-2-scaled.jpg\"><img loading=\"lazy\" decoding=\"async\" class=\"wp-image-16897 size-full\" src=\"https:\/\/media.radiolitoral.com\/wp-content\/uploads\/2025\/05\/23114051\/clasicas-y-modernas-2-scaled.jpg\" alt=\"\" width=\"2560\" height=\"1920\" srcset=\"https:\/\/media.radiolitoral.com\/wp-content\/uploads\/2025\/05\/23114051\/clasicas-y-modernas-2-scaled.jpg 2560w, https:\/\/media.radiolitoral.com\/wp-content\/uploads\/2025\/05\/23114051\/clasicas-y-modernas-2-300x225.jpg 300w, https:\/\/media.radiolitoral.com\/wp-content\/uploads\/2025\/05\/23114051\/clasicas-y-modernas-2-1024x768.jpg 1024w, https:\/\/media.radiolitoral.com\/wp-content\/uploads\/2025\/05\/23114051\/clasicas-y-modernas-2-768x576.jpg 768w, https:\/\/media.radiolitoral.com\/wp-content\/uploads\/2025\/05\/23114051\/clasicas-y-modernas-2-1536x1152.jpg 1536w, https:\/\/media.radiolitoral.com\/wp-content\/uploads\/2025\/05\/23114051\/clasicas-y-modernas-2-2048x1536.jpg 2048w, https:\/\/media.radiolitoral.com\/wp-content\/uploads\/2025\/05\/23114051\/clasicas-y-modernas-2-16x12.jpg 16w, https:\/\/media.radiolitoral.com\/wp-content\/uploads\/2025\/05\/23114051\/clasicas-y-modernas-2-1000x750.jpg 1000w, https:\/\/media.radiolitoral.com\/wp-content\/uploads\/2025\/05\/23114051\/clasicas-y-modernas-2-100x75.jpg 100w, https:\/\/media.radiolitoral.com\/wp-content\/uploads\/2025\/05\/23114051\/clasicas-y-modernas-2-200x150.jpg 200w\" sizes=\"auto, (max-width: 2560px) 100vw, 2560px\" \/><\/a><figcaption id=\"caption-attachment-16897\" class=\"wp-caption-text\">La figura de Maria Beneyto va ser l?eix central d?una jornada | Aj. Benitatxell<\/figcaption><\/figure>\n<h3 data-start=\"902\" data-end=\"943\"><strong data-start=\"902\" data-end=\"943\">Pres\u00e8ncia local i veus compromeses<\/strong><\/h3>\n<p data-start=\"945\" data-end=\"1452\">L\u00b4esdeveniment va ser guiat per les pobleres <strong data-start=\"983\" data-end=\"1002\">Marina Gilabert<\/strong> i <strong data-start=\"1005\" data-end=\"1022\">Pepita Garc\u00eda<\/strong>, integrants de Cl\u00e0ssiques i Modernes, els qui van repassar les fites m\u00e9s destacades de la carrera de Beneyto. La seva intervenci\u00f3 va subratllar la capacitat de l&#039;autora per donar forma a una veu po\u00e8tica i narrativa que desafiava els convencionalismes. L&#039;organitzaci\u00f3 va destacar que Beneyto \u00abtrenca els models conservadors assignats de manera tradicional a la identitat femenina i duplica de manera extraordin\u00e0ria la seva veu po\u00e8tica i narrativa\u00bb.<\/p>\n<p data-start=\"1454\" data-end=\"1918\">L&#039;acte tamb\u00e9 va comptar amb la participaci\u00f3 de representants del <strong data-start=\"1519\" data-end=\"1558\">teixit associatiu femen\u00ed comarcal<\/strong>, entre elles <strong data-start=\"1572\" data-end=\"1588\">Marion Oprel<\/strong>, <strong data-start=\"1590\" data-end=\"1605\">Kath Misson<\/strong> i <strong data-start=\"1608\" data-end=\"1626\">Margaret Hales<\/strong>, de l&#039;European Union of Women Marina Alta; <strong data-start=\"1671\" data-end=\"1690\">Elvira Mahiques<\/strong>, presidenta de l&#039;Associaci\u00f3 de Dons del Poble Nou de Benitatxell; <strong data-start=\"1759\" data-end=\"1775\">Maria Pastor<\/strong>, exempres\u00e0ria del municipi, i <strong data-start=\"1807\" data-end=\"1825\">Isabel Garrido<\/strong>, regidora d&#039;Igualtat. La seva pres\u00e8ncia va refor\u00e7ar la dimensi\u00f3 comunit\u00e0ria i plural de l&#039;homenatge.<\/p>\n<h4 data-start=\"1925\" data-end=\"1971\"><strong data-start=\"1925\" data-end=\"1971\">Lectura col\u00b7lectiva i tancament amb sabor dol\u00e7<\/strong><\/h4>\n<p data-start=\"1973\" data-end=\"2410\">Un dels moments m\u00e9s intensos es va viure amb la <strong data-start=\"2022\" data-end=\"2060\">lectura coral de poemes de Beneyto<\/strong>, protagonitzada per les pr\u00f2pies assistents. La selecci\u00f3 de textos va permetre visibilitzar l&#039;abast de la seva obra i compartir la mirada cr\u00edtica i sensible amb el p\u00fablic. La trobada va culminar amb una <strong data-start=\"2256\" data-end=\"2278\">berenar col\u00b7lectiu<\/strong>, que va servir com a espai de conviv\u00e8ncia intergeneracional i reflexi\u00f3 entorn del paper transformador de les dones en la cultura.<\/p>\n<p data-start=\"2469\" data-end=\"2793\" data-is-last-node=\"\" data-is-only-node=\"\">Aquest homenatge forma part de la programaci\u00f3 que Cl\u00e0ssiques i Modernes desenvolupa a Benitatxell amb l&#039;objectiu de <strong data-start=\"2583\" data-end=\"2617\">promoure la igualtat de g\u00e8nere<\/strong> a trav\u00e9s de la cultura. La jornada no nom\u00e9s va celebrar la traject\u00f2ria de Mar\u00eda Beneyto, sin\u00f3 que va reafirmar el paper de la literatura com a eina d?emancipaci\u00f3 i resist\u00e8ncia.<\/p>","protected":false},"excerpt":{"rendered":"<p>La figura de Mar\u00eda Beneyto, poeta y narradora valenciana, fue el eje central de una jornada de homenaje celebrada este jueves en la Biblioteca Municipal de El Poble Nou de Benitatxell. El acto, titulado Conociendo a Mar\u00eda Beneyto, fue promovido por la asociaci\u00f3n Cl\u00e1sicas y Modernas con el respaldo del Ayuntamiento de Benitatxell. Adem\u00e1s, se [&#8230;]<\/p>\n<p><a class=\"btn btn-secondary understrap-read-more-link\" href=\"https:\/\/radiolitoral.com\/ca\/2025\/05\/el-poble-nou-de-benitatxell-rinde-homenaje-a-maria-beneyto-con-una-velada-literaria\/\">Continua llegint&#8230;<span class=\"screen-reader-text\"> from El Poble Nou de Benitatxell rinde homenaje a Mar\u00eda Beneyto con una velada literaria<\/span><\/a><\/p>\n","protected":false},"author":14,"featured_media":16898,"comment_status":"open","ping_status":"closed","sticky":false,"template":"","format":"standard","meta":{"_acf_changed":false,"inline_featured_image":false,"footnotes":""},"categories":[55],"tags":[184,4380,112],"class_list":["post-16896","post","type-post","status-publish","format-standard","has-post-thumbnail","hentry","category-cultura","tag-benitatxell","tag-clasicas-y-modernas","tag-cultura","cobertura-poble-nou-de-benitatxell"],"acf":[],"yoast_head":"<!-- This site is optimized with the Yoast SEO plugin v27.5 - https:\/\/yoast.com\/product\/yoast-seo-wordpress\/ -->\n<title>El Poble Nou de Benitatxell rinde homenaje a Mar\u00eda Beneyto con una velada literaria | R\u00e0dio Litoral<\/title>\n<meta name=\"description\" content=\"La Biblioteca Municipal acogi\u00f3 un acto con voces locales y asociaciones comarcales\" \/>\n<meta name=\"robots\" content=\"index, follow, max-snippet:-1, max-image-preview:large, max-video-preview:-1\" \/>\n<link rel=\"canonical\" href=\"https:\/\/radiolitoral.com\/ca\/2025\/05\/el-poble-nou-de-benitatxell-ret-homenatge-a-maria-beneyto-amb-una-vetllada-literaria\/\" \/>\n<meta property=\"og:locale\" content=\"ca_ES\" \/>\n<meta property=\"og:type\" content=\"article\" \/>\n<meta property=\"og:title\" content=\"El Poble Nou de Benitatxell rinde homenaje a Mar\u00eda Beneyto con una velada literaria | R\u00e0dio Litoral\" \/>\n<meta property=\"og:description\" content=\"La Biblioteca Municipal acogi\u00f3 un acto con voces locales y asociaciones comarcales\" \/>\n<meta property=\"og:url\" content=\"https:\/\/radiolitoral.com\/ca\/2025\/05\/el-poble-nou-de-benitatxell-ret-homenatge-a-maria-beneyto-amb-una-vetllada-literaria\/\" \/>\n<meta property=\"og:site_name\" content=\"R\u00e0dio Litoral\" \/>\n<meta property=\"article:publisher\" content=\"https:\/\/www.facebook.com\/Laradiolitoral\/\" \/>\n<meta property=\"article:published_time\" content=\"2025-05-23T09:41:52+00:00\" \/>\n<meta property=\"og:image\" content=\"https:\/\/media.radiolitoral.com\/wp-content\/uploads\/2025\/05\/23114102\/clasicas-y-modernas-3-scaled.jpg\" \/>\n\t<meta property=\"og:image:width\" content=\"2560\" \/>\n\t<meta property=\"og:image:height\" content=\"1920\" \/>\n\t<meta property=\"og:image:type\" content=\"image\/jpeg\" \/>\n<meta name=\"author\" content=\"Redacci\u00f3n\" \/>\n<meta name=\"twitter:card\" content=\"summary_large_image\" \/>\n<meta name=\"twitter:label1\" content=\"Escrit per\" \/>\n\t<meta name=\"twitter:data1\" content=\"Redacci\u00f3n\" \/>\n\t<meta name=\"twitter:label2\" content=\"Temps estimat de lectura\" \/>\n\t<meta name=\"twitter:data2\" content=\"3 minuts\" \/>\n<script type=\"application\/ld+json\" class=\"yoast-schema-graph\">{\"@context\":\"https:\\\/\\\/schema.org\",\"@graph\":[{\"@type\":\"NewsArticle\",\"@id\":\"https:\\\/\\\/radiolitoral.com\\\/2025\\\/05\\\/el-poble-nou-de-benitatxell-rinde-homenaje-a-maria-beneyto-con-una-velada-literaria\\\/#article\",\"isPartOf\":{\"@id\":\"https:\\\/\\\/radiolitoral.com\\\/2025\\\/05\\\/el-poble-nou-de-benitatxell-rinde-homenaje-a-maria-beneyto-con-una-velada-literaria\\\/\"},\"author\":{\"name\":\"Redacci\u00f3n\",\"@id\":\"https:\\\/\\\/radiolitoral.com\\\/#\\\/schema\\\/person\\\/96b739642eb3bedb532aac3812d23307\"},\"headline\":\"El Poble Nou de Benitatxell rinde homenaje a Mar\u00eda Beneyto con una velada literaria\",\"datePublished\":\"2025-05-23T09:41:52+00:00\",\"mainEntityOfPage\":{\"@id\":\"https:\\\/\\\/radiolitoral.com\\\/2025\\\/05\\\/el-poble-nou-de-benitatxell-rinde-homenaje-a-maria-beneyto-con-una-velada-literaria\\\/\"},\"wordCount\":425,\"commentCount\":0,\"publisher\":{\"@id\":\"https:\\\/\\\/radiolitoral.com\\\/#organization\"},\"image\":{\"@id\":\"https:\\\/\\\/radiolitoral.com\\\/2025\\\/05\\\/el-poble-nou-de-benitatxell-rinde-homenaje-a-maria-beneyto-con-una-velada-literaria\\\/#primaryimage\"},\"thumbnailUrl\":\"https:\\\/\\\/media.radiolitoral.com\\\/wp-content\\\/uploads\\\/2025\\\/05\\\/23114102\\\/clasicas-y-modernas-3-scaled.jpg\",\"keywords\":[\"Benitatxell\",\"Cl\u00e1sicas y Modernas\",\"cultura\"],\"articleSection\":[\"Cultura\"],\"inLanguage\":\"ca\",\"potentialAction\":[{\"@type\":\"CommentAction\",\"name\":\"Comment\",\"target\":[\"https:\\\/\\\/radiolitoral.com\\\/2025\\\/05\\\/el-poble-nou-de-benitatxell-rinde-homenaje-a-maria-beneyto-con-una-velada-literaria\\\/#respond\"]}]},{\"@type\":[\"WebPage\",\"ItemPage\"],\"@id\":\"https:\\\/\\\/radiolitoral.com\\\/2025\\\/05\\\/el-poble-nou-de-benitatxell-rinde-homenaje-a-maria-beneyto-con-una-velada-literaria\\\/\",\"url\":\"https:\\\/\\\/radiolitoral.com\\\/2025\\\/05\\\/el-poble-nou-de-benitatxell-rinde-homenaje-a-maria-beneyto-con-una-velada-literaria\\\/\",\"name\":\"El Poble Nou de Benitatxell rinde homenaje a Mar\u00eda Beneyto con una velada literaria | R\u00e0dio Litoral\",\"isPartOf\":{\"@id\":\"https:\\\/\\\/radiolitoral.com\\\/#website\"},\"primaryImageOfPage\":{\"@id\":\"https:\\\/\\\/radiolitoral.com\\\/2025\\\/05\\\/el-poble-nou-de-benitatxell-rinde-homenaje-a-maria-beneyto-con-una-velada-literaria\\\/#primaryimage\"},\"image\":{\"@id\":\"https:\\\/\\\/radiolitoral.com\\\/2025\\\/05\\\/el-poble-nou-de-benitatxell-rinde-homenaje-a-maria-beneyto-con-una-velada-literaria\\\/#primaryimage\"},\"thumbnailUrl\":\"https:\\\/\\\/media.radiolitoral.com\\\/wp-content\\\/uploads\\\/2025\\\/05\\\/23114102\\\/clasicas-y-modernas-3-scaled.jpg\",\"datePublished\":\"2025-05-23T09:41:52+00:00\",\"description\":\"La Biblioteca Municipal acogi\u00f3 un acto con voces locales y asociaciones comarcales\",\"breadcrumb\":{\"@id\":\"https:\\\/\\\/radiolitoral.com\\\/2025\\\/05\\\/el-poble-nou-de-benitatxell-rinde-homenaje-a-maria-beneyto-con-una-velada-literaria\\\/#breadcrumb\"},\"inLanguage\":\"ca\",\"potentialAction\":[{\"@type\":\"ReadAction\",\"target\":[\"https:\\\/\\\/radiolitoral.com\\\/2025\\\/05\\\/el-poble-nou-de-benitatxell-rinde-homenaje-a-maria-beneyto-con-una-velada-literaria\\\/\"]}]},{\"@type\":\"ImageObject\",\"inLanguage\":\"ca\",\"@id\":\"https:\\\/\\\/radiolitoral.com\\\/2025\\\/05\\\/el-poble-nou-de-benitatxell-rinde-homenaje-a-maria-beneyto-con-una-velada-literaria\\\/#primaryimage\",\"url\":\"https:\\\/\\\/media.radiolitoral.com\\\/wp-content\\\/uploads\\\/2025\\\/05\\\/23114102\\\/clasicas-y-modernas-3-scaled.jpg\",\"contentUrl\":\"https:\\\/\\\/media.radiolitoral.com\\\/wp-content\\\/uploads\\\/2025\\\/05\\\/23114102\\\/clasicas-y-modernas-3-scaled.jpg\",\"width\":2560,\"height\":1920},{\"@type\":\"BreadcrumbList\",\"@id\":\"https:\\\/\\\/radiolitoral.com\\\/2025\\\/05\\\/el-poble-nou-de-benitatxell-rinde-homenaje-a-maria-beneyto-con-una-velada-literaria\\\/#breadcrumb\",\"itemListElement\":[{\"@type\":\"ListItem\",\"position\":1,\"name\":\"Portada\",\"item\":\"https:\\\/\\\/radiolitoral.com\\\/\"},{\"@type\":\"ListItem\",\"position\":2,\"name\":\"El Poble Nou de Benitatxell rinde homenaje a Mar\u00eda Beneyto con una velada literaria\"}]},{\"@type\":\"WebSite\",\"@id\":\"https:\\\/\\\/radiolitoral.com\\\/#website\",\"url\":\"https:\\\/\\\/radiolitoral.com\\\/\",\"name\":\"Radio Litoral\",\"description\":\"La radio local de la Marina Alta\",\"publisher\":{\"@id\":\"https:\\\/\\\/radiolitoral.com\\\/#organization\"},\"alternateName\":\"Litoral FM\",\"potentialAction\":[{\"@type\":\"SearchAction\",\"target\":{\"@type\":\"EntryPoint\",\"urlTemplate\":\"https:\\\/\\\/radiolitoral.com\\\/?s={search_term_string}\"},\"query-input\":{\"@type\":\"PropertyValueSpecification\",\"valueRequired\":true,\"valueName\":\"search_term_string\"}}],\"inLanguage\":\"ca\"},{\"@type\":\"Organization\",\"@id\":\"https:\\\/\\\/radiolitoral.com\\\/#organization\",\"name\":\"Radio Litoral\",\"url\":\"https:\\\/\\\/radiolitoral.com\\\/\",\"logo\":{\"@type\":\"ImageObject\",\"inLanguage\":\"ca\",\"@id\":\"https:\\\/\\\/radiolitoral.com\\\/#\\\/schema\\\/logo\\\/image\\\/\",\"url\":\"https:\\\/\\\/media.radiolitoral.com\\\/wp-content\\\/uploads\\\/2023\\\/02\\\/24143238\\\/CL-V-RadioLitoral696.png\",\"contentUrl\":\"https:\\\/\\\/media.radiolitoral.com\\\/wp-content\\\/uploads\\\/2023\\\/02\\\/24143238\\\/CL-V-RadioLitoral696.png\",\"width\":696,\"height\":696,\"caption\":\"Radio Litoral\"},\"image\":{\"@id\":\"https:\\\/\\\/radiolitoral.com\\\/#\\\/schema\\\/logo\\\/image\\\/\"},\"sameAs\":[\"https:\\\/\\\/www.facebook.com\\\/Laradiolitoral\\\/\"]},{\"@type\":\"Person\",\"@id\":\"https:\\\/\\\/radiolitoral.com\\\/#\\\/schema\\\/person\\\/96b739642eb3bedb532aac3812d23307\",\"name\":\"Redacci\u00f3n\",\"image\":{\"@type\":\"ImageObject\",\"inLanguage\":\"ca\",\"@id\":\"https:\\\/\\\/secure.gravatar.com\\\/avatar\\\/30cd06129ee90411dd9c7cbdcf17464181d1a3c7b072e92070ea75a25cf0097e?s=96&d=mm&r=g\",\"url\":\"https:\\\/\\\/secure.gravatar.com\\\/avatar\\\/30cd06129ee90411dd9c7cbdcf17464181d1a3c7b072e92070ea75a25cf0097e?s=96&d=mm&r=g\",\"contentUrl\":\"https:\\\/\\\/secure.gravatar.com\\\/avatar\\\/30cd06129ee90411dd9c7cbdcf17464181d1a3c7b072e92070ea75a25cf0097e?s=96&d=mm&r=g\",\"caption\":\"Redacci\u00f3n\"},\"url\":\"https:\\\/\\\/radiolitoral.com\\\/ca\\\/author\\\/kevin-carrio\\\/\"}]}<\/script>\n<!-- \/ Yoast SEO plugin. -->","yoast_head_json":{"title":"El Poble Nou de Benitatxell ret homenatge a Mar\u00eda Beneyto amb una vetllada liter\u00e0ria | R\u00e0dio Litoral","description":"La Biblioteca Municipal va acollir un acte amb veus locals i associacions comarcals","robots":{"index":"index","follow":"follow","max-snippet":"max-snippet:-1","max-image-preview":"max-image-preview:large","max-video-preview":"max-video-preview:-1"},"canonical":"https:\/\/radiolitoral.com\/ca\/2025\/05\/el-poble-nou-de-benitatxell-ret-homenatge-a-maria-beneyto-amb-una-vetllada-literaria\/","og_locale":"ca_ES","og_type":"article","og_title":"El Poble Nou de Benitatxell rinde homenaje a Mar\u00eda Beneyto con una velada literaria | R\u00e0dio Litoral","og_description":"La Biblioteca Municipal acogi\u00f3 un acto con voces locales y asociaciones comarcales","og_url":"https:\/\/radiolitoral.com\/ca\/2025\/05\/el-poble-nou-de-benitatxell-ret-homenatge-a-maria-beneyto-amb-una-vetllada-literaria\/","og_site_name":"R\u00e0dio Litoral","article_publisher":"https:\/\/www.facebook.com\/Laradiolitoral\/","article_published_time":"2025-05-23T09:41:52+00:00","og_image":[{"width":2560,"height":1920,"url":"https:\/\/media.radiolitoral.com\/wp-content\/uploads\/2025\/05\/23114102\/clasicas-y-modernas-3-scaled.jpg","type":"image\/jpeg"}],"author":"Redacci\u00f3n","twitter_card":"summary_large_image","twitter_misc":{"Escrit per":"Redacci\u00f3n","Temps estimat de lectura":"3 minuts"},"schema":{"@context":"https:\/\/schema.org","@graph":[{"@type":"NewsArticle","@id":"https:\/\/radiolitoral.com\/2025\/05\/el-poble-nou-de-benitatxell-rinde-homenaje-a-maria-beneyto-con-una-velada-literaria\/#article","isPartOf":{"@id":"https:\/\/radiolitoral.com\/2025\/05\/el-poble-nou-de-benitatxell-rinde-homenaje-a-maria-beneyto-con-una-velada-literaria\/"},"author":{"name":"Redacci\u00f3n","@id":"https:\/\/radiolitoral.com\/#\/schema\/person\/96b739642eb3bedb532aac3812d23307"},"headline":"El Poble Nou de Benitatxell rinde homenaje a Mar\u00eda Beneyto con una velada literaria","datePublished":"2025-05-23T09:41:52+00:00","mainEntityOfPage":{"@id":"https:\/\/radiolitoral.com\/2025\/05\/el-poble-nou-de-benitatxell-rinde-homenaje-a-maria-beneyto-con-una-velada-literaria\/"},"wordCount":425,"commentCount":0,"publisher":{"@id":"https:\/\/radiolitoral.com\/#organization"},"image":{"@id":"https:\/\/radiolitoral.com\/2025\/05\/el-poble-nou-de-benitatxell-rinde-homenaje-a-maria-beneyto-con-una-velada-literaria\/#primaryimage"},"thumbnailUrl":"https:\/\/media.radiolitoral.com\/wp-content\/uploads\/2025\/05\/23114102\/clasicas-y-modernas-3-scaled.jpg","keywords":["Benitatxell","Cl\u00e1sicas y Modernas","cultura"],"articleSection":["Cultura"],"inLanguage":"ca","potentialAction":[{"@type":"CommentAction","name":"Comment","target":["https:\/\/radiolitoral.com\/2025\/05\/el-poble-nou-de-benitatxell-rinde-homenaje-a-maria-beneyto-con-una-velada-literaria\/#respond"]}]},{"@type":["WebPage","ItemPage"],"@id":"https:\/\/radiolitoral.com\/2025\/05\/el-poble-nou-de-benitatxell-rinde-homenaje-a-maria-beneyto-con-una-velada-literaria\/","url":"https:\/\/radiolitoral.com\/2025\/05\/el-poble-nou-de-benitatxell-rinde-homenaje-a-maria-beneyto-con-una-velada-literaria\/","name":"El Poble Nou de Benitatxell ret homenatge a Mar\u00eda Beneyto amb una vetllada liter\u00e0ria | R\u00e0dio Litoral","isPartOf":{"@id":"https:\/\/radiolitoral.com\/#website"},"primaryImageOfPage":{"@id":"https:\/\/radiolitoral.com\/2025\/05\/el-poble-nou-de-benitatxell-rinde-homenaje-a-maria-beneyto-con-una-velada-literaria\/#primaryimage"},"image":{"@id":"https:\/\/radiolitoral.com\/2025\/05\/el-poble-nou-de-benitatxell-rinde-homenaje-a-maria-beneyto-con-una-velada-literaria\/#primaryimage"},"thumbnailUrl":"https:\/\/media.radiolitoral.com\/wp-content\/uploads\/2025\/05\/23114102\/clasicas-y-modernas-3-scaled.jpg","datePublished":"2025-05-23T09:41:52+00:00","description":"La Biblioteca Municipal va acollir un acte amb veus locals i associacions comarcals","breadcrumb":{"@id":"https:\/\/radiolitoral.com\/2025\/05\/el-poble-nou-de-benitatxell-rinde-homenaje-a-maria-beneyto-con-una-velada-literaria\/#breadcrumb"},"inLanguage":"ca","potentialAction":[{"@type":"ReadAction","target":["https:\/\/radiolitoral.com\/2025\/05\/el-poble-nou-de-benitatxell-rinde-homenaje-a-maria-beneyto-con-una-velada-literaria\/"]}]},{"@type":"ImageObject","inLanguage":"ca","@id":"https:\/\/radiolitoral.com\/2025\/05\/el-poble-nou-de-benitatxell-rinde-homenaje-a-maria-beneyto-con-una-velada-literaria\/#primaryimage","url":"https:\/\/media.radiolitoral.com\/wp-content\/uploads\/2025\/05\/23114102\/clasicas-y-modernas-3-scaled.jpg","contentUrl":"https:\/\/media.radiolitoral.com\/wp-content\/uploads\/2025\/05\/23114102\/clasicas-y-modernas-3-scaled.jpg","width":2560,"height":1920},{"@type":"BreadcrumbList","@id":"https:\/\/radiolitoral.com\/2025\/05\/el-poble-nou-de-benitatxell-rinde-homenaje-a-maria-beneyto-con-una-velada-literaria\/#breadcrumb","itemListElement":[{"@type":"ListItem","position":1,"name":"Portada","item":"https:\/\/radiolitoral.com\/"},{"@type":"ListItem","position":2,"name":"El Poble Nou de Benitatxell rinde homenaje a Mar\u00eda Beneyto con una velada literaria"}]},{"@type":"WebSite","@id":"https:\/\/radiolitoral.com\/#website","url":"https:\/\/radiolitoral.com\/","name":"R\u00e0dio Litoral","description":"La r\u00e0dio local de la Marina Alta","publisher":{"@id":"https:\/\/radiolitoral.com\/#organization"},"alternateName":"Litoral FM","potentialAction":[{"@type":"SearchAction","target":{"@type":"EntryPoint","urlTemplate":"https:\/\/radiolitoral.com\/?s={search_term_string}"},"query-input":{"@type":"PropertyValueSpecification","valueRequired":true,"valueName":"search_term_string"}}],"inLanguage":"ca"},{"@type":"Organization","@id":"https:\/\/radiolitoral.com\/#organization","name":"R\u00e0dio Litoral","url":"https:\/\/radiolitoral.com\/","logo":{"@type":"ImageObject","inLanguage":"ca","@id":"https:\/\/radiolitoral.com\/#\/schema\/logo\/image\/","url":"https:\/\/media.radiolitoral.com\/wp-content\/uploads\/2023\/02\/24143238\/CL-V-RadioLitoral696.png","contentUrl":"https:\/\/media.radiolitoral.com\/wp-content\/uploads\/2023\/02\/24143238\/CL-V-RadioLitoral696.png","width":696,"height":696,"caption":"Radio Litoral"},"image":{"@id":"https:\/\/radiolitoral.com\/#\/schema\/logo\/image\/"},"sameAs":["https:\/\/www.facebook.com\/Laradiolitoral\/"]},{"@type":"Person","@id":"https:\/\/radiolitoral.com\/#\/schema\/person\/96b739642eb3bedb532aac3812d23307","name":"Redacci\u00f3","image":{"@type":"ImageObject","inLanguage":"ca","@id":"https:\/\/secure.gravatar.com\/avatar\/30cd06129ee90411dd9c7cbdcf17464181d1a3c7b072e92070ea75a25cf0097e?s=96&d=mm&r=g","url":"https:\/\/secure.gravatar.com\/avatar\/30cd06129ee90411dd9c7cbdcf17464181d1a3c7b072e92070ea75a25cf0097e?s=96&d=mm&r=g","contentUrl":"https:\/\/secure.gravatar.com\/avatar\/30cd06129ee90411dd9c7cbdcf17464181d1a3c7b072e92070ea75a25cf0097e?s=96&d=mm&r=g","caption":"Redacci\u00f3n"},"url":"https:\/\/radiolitoral.com\/ca\/author\/kevin-carrio\/"}]}},"_links":{"self":[{"href":"https:\/\/radiolitoral.com\/ca\/wp-json\/wp\/v2\/posts\/16896","targetHints":{"allow":["GET"]}}],"collection":[{"href":"https:\/\/radiolitoral.com\/ca\/wp-json\/wp\/v2\/posts"}],"about":[{"href":"https:\/\/radiolitoral.com\/ca\/wp-json\/wp\/v2\/types\/post"}],"author":[{"embeddable":true,"href":"https:\/\/radiolitoral.com\/ca\/wp-json\/wp\/v2\/users\/14"}],"replies":[{"embeddable":true,"href":"https:\/\/radiolitoral.com\/ca\/wp-json\/wp\/v2\/comments?post=16896"}],"version-history":[{"count":1,"href":"https:\/\/radiolitoral.com\/ca\/wp-json\/wp\/v2\/posts\/16896\/revisions"}],"predecessor-version":[{"id":16900,"href":"https:\/\/radiolitoral.com\/ca\/wp-json\/wp\/v2\/posts\/16896\/revisions\/16900"}],"wp:featuredmedia":[{"embeddable":true,"href":"https:\/\/radiolitoral.com\/ca\/wp-json\/wp\/v2\/media\/16898"}],"wp:attachment":[{"href":"https:\/\/radiolitoral.com\/ca\/wp-json\/wp\/v2\/media?parent=16896"}],"wp:term":[{"taxonomy":"category","embeddable":true,"href":"https:\/\/radiolitoral.com\/ca\/wp-json\/wp\/v2\/categories?post=16896"},{"taxonomy":"post_tag","embeddable":true,"href":"https:\/\/radiolitoral.com\/ca\/wp-json\/wp\/v2\/tags?post=16896"}],"curies":[{"name":"wp","href":"https:\/\/api.w.org\/{rel}","templated":true}]}}